{"id":20117,"date":"2020-02-08T22:36:17","date_gmt":"2020-02-08T22:36:17","guid":{"rendered":"http:\/\/elcalaixetdelaiaia.es\/?p=20117"},"modified":"2022-12-11T16:34:13","modified_gmt":"2022-12-11T16:34:13","slug":"peras-a-la-mistela-con-chocolate-forradas-de-hojaldre-paso-a-paso","status":"publish","type":"post","link":"https:\/\/elcalaixetdelaiaia.es\/?p=20117","title":{"rendered":"Peras a la mistela, coraz\u00f3n de chocolate forradas de hojaldre paso a paso"},"content":{"rendered":"<p>\u00abRefrany; Caragols, peres i mel\u00f2, volen vi, ben fort\u00bb\u00a0\u00a0\u00a0\u00a0 Caracoles, peras y mel\u00f3n quieren vino bien fuerte.<\/p>\n<p>Eso dice el refr\u00e1n, pero hoy mis peritas, est\u00e1n hechas con Mistela de Tor\u00eds, que es un moscatel, hecha de un mosto de vino, suave y dulce, que muy fresquita, quita el hipo, pero cuidado, que suele tener 13\u00ba m\u00ednimo, pero como hoy, la vamos a hervir, evaporamos el alcohol y la pueden tomar hasta los ni\u00f1os.<\/p>\n<p><img decoding=\"async\" loading=\"lazy\" class=\"size-large wp-image-20485 aligncenter\" src=\"https:\/\/elcalaixetdelaiaia.es\/wp-content\/uploads\/2020\/02\/IMG_20191209_162655-768x1024.jpg\" alt=\"\" width=\"750\" height=\"1000\" srcset=\"https:\/\/elcalaixetdelaiaia.es\/wp-content\/uploads\/2020\/02\/IMG_20191209_162655-768x1024.jpg 768w, https:\/\/elcalaixetdelaiaia.es\/wp-content\/uploads\/2020\/02\/IMG_20191209_162655-225x300.jpg 225w, https:\/\/elcalaixetdelaiaia.es\/wp-content\/uploads\/2020\/02\/IMG_20191209_162655-1152x1536.jpg 1152w, https:\/\/elcalaixetdelaiaia.es\/wp-content\/uploads\/2020\/02\/IMG_20191209_162655-1536x2048.jpg 1536w, https:\/\/elcalaixetdelaiaia.es\/wp-content\/uploads\/2020\/02\/IMG_20191209_162655-scaled.jpg 1920w\" sizes=\"(max-width: 750px) 100vw, 750px\" \/><\/p>\n<p>Se trata de unas peras, cocidas en mistela, rellenas de chocolate y envueltas de hojaldre, que se hornean y \u00a1est\u00e1n de miedo! Os aconsejo que prepar\u00e9is este postre en cuanto os sea posible, porque os aseguro que es un se\u00f1or platazo, un colof\u00f3n perfecto para una cena o comida especial, que os encantar\u00e1.<\/p>\n<p>Para dos personas necesitaremos;<\/p>\n<p><img decoding=\"async\" loading=\"lazy\" class=\"size-large wp-image-20480 aligncenter\" src=\"https:\/\/elcalaixetdelaiaia.es\/wp-content\/uploads\/2020\/02\/IMG_20191209_161732-1024x768.jpg\" alt=\"\" width=\"750\" height=\"563\" srcset=\"https:\/\/elcalaixetdelaiaia.es\/wp-content\/uploads\/2020\/02\/IMG_20191209_161732-1024x768.jpg 1024w, https:\/\/elcalaixetdelaiaia.es\/wp-content\/uploads\/2020\/02\/IMG_20191209_161732-300x225.jpg 300w, https:\/\/elcalaixetdelaiaia.es\/wp-content\/uploads\/2020\/02\/IMG_20191209_161732-768x576.jpg 768w, https:\/\/elcalaixetdelaiaia.es\/wp-content\/uploads\/2020\/02\/IMG_20191209_161732-1536x1152.jpg 1536w, https:\/\/elcalaixetdelaiaia.es\/wp-content\/uploads\/2020\/02\/IMG_20191209_161732-2048x1536.jpg 2048w\" sizes=\"(max-width: 750px) 100vw, 750px\" \/><\/p>\n<ol>\n<li>Dos peras<\/li>\n<li>Una ramita de canela<\/li>\n<li>Dos cucharadas de miel<\/li>\n<li>La peladura de media naranja<\/li>\n<li>La peladura de medio lim\u00f3n<\/li>\n<li>400 ml de mistela<\/li>\n<li>Cuatro clavos de olor<\/li>\n<li>Chocolate puro<\/li>\n<li>Una l\u00e1mina de hojaldre<\/li>\n<li>Un huevo<\/li>\n<li>Unas ramitas de menta<\/li>\n<li>Dulce de leche<\/li>\n<\/ol>\n<p>En mi caso, son peras conferencia, de un tama\u00f1o similar.<\/p>\n<p><img decoding=\"async\" loading=\"lazy\" class=\"size-large wp-image-20481 aligncenter\" src=\"https:\/\/elcalaixetdelaiaia.es\/wp-content\/uploads\/2020\/02\/IMG_20191209_162323-1024x768.jpg\" alt=\"\" width=\"750\" height=\"563\" srcset=\"https:\/\/elcalaixetdelaiaia.es\/wp-content\/uploads\/2020\/02\/IMG_20191209_162323-1024x768.jpg 1024w, https:\/\/elcalaixetdelaiaia.es\/wp-content\/uploads\/2020\/02\/IMG_20191209_162323-300x225.jpg 300w, https:\/\/elcalaixetdelaiaia.es\/wp-content\/uploads\/2020\/02\/IMG_20191209_162323-768x576.jpg 768w, https:\/\/elcalaixetdelaiaia.es\/wp-content\/uploads\/2020\/02\/IMG_20191209_162323-1536x1152.jpg 1536w, https:\/\/elcalaixetdelaiaia.es\/wp-content\/uploads\/2020\/02\/IMG_20191209_162323-2048x1536.jpg 2048w\" sizes=\"(max-width: 750px) 100vw, 750px\" \/><\/p>\n<p>Escogeremos un cazo que no sea excesivamente grande, de hecho, con que nos quepan las dos peras y el suficiente l\u00edquido para cocerlas, es el tama\u00f1o perfecto.<\/p>\n<p><img decoding=\"async\" loading=\"lazy\" class=\"size-large wp-image-20484 aligncenter\" src=\"https:\/\/elcalaixetdelaiaia.es\/wp-content\/uploads\/2020\/02\/IMG_20191209_162619-2-768x1024.jpg\" alt=\"\" width=\"750\" height=\"1000\" srcset=\"https:\/\/elcalaixetdelaiaia.es\/wp-content\/uploads\/2020\/02\/IMG_20191209_162619-2-768x1024.jpg 768w, https:\/\/elcalaixetdelaiaia.es\/wp-content\/uploads\/2020\/02\/IMG_20191209_162619-2-225x300.jpg 225w, https:\/\/elcalaixetdelaiaia.es\/wp-content\/uploads\/2020\/02\/IMG_20191209_162619-2-1152x1536.jpg 1152w, https:\/\/elcalaixetdelaiaia.es\/wp-content\/uploads\/2020\/02\/IMG_20191209_162619-2-1536x2048.jpg 1536w, https:\/\/elcalaixetdelaiaia.es\/wp-content\/uploads\/2020\/02\/IMG_20191209_162619-2-scaled.jpg 1920w\" sizes=\"(max-width: 750px) 100vw, 750px\" \/><\/p>\n<p style=\"text-align: center;\">Pondremos en el cazo, la rama de canela, partida por la mitad, la mistela<\/p>\n<p><img decoding=\"async\" loading=\"lazy\" class=\"size-large wp-image-20482 aligncenter\" src=\"https:\/\/elcalaixetdelaiaia.es\/wp-content\/uploads\/2020\/02\/IMG_20191209_162403-1024x768.jpg\" alt=\"\" width=\"750\" height=\"563\" srcset=\"https:\/\/elcalaixetdelaiaia.es\/wp-content\/uploads\/2020\/02\/IMG_20191209_162403-1024x768.jpg 1024w, https:\/\/elcalaixetdelaiaia.es\/wp-content\/uploads\/2020\/02\/IMG_20191209_162403-300x225.jpg 300w, https:\/\/elcalaixetdelaiaia.es\/wp-content\/uploads\/2020\/02\/IMG_20191209_162403-768x576.jpg 768w, https:\/\/elcalaixetdelaiaia.es\/wp-content\/uploads\/2020\/02\/IMG_20191209_162403-1536x1152.jpg 1536w, https:\/\/elcalaixetdelaiaia.es\/wp-content\/uploads\/2020\/02\/IMG_20191209_162403-2048x1536.jpg 2048w\" sizes=\"(max-width: 750px) 100vw, 750px\" \/><\/p>\n<p style=\"text-align: center;\">dos cucharadas de miel<\/p>\n<p><img decoding=\"async\" loading=\"lazy\" class=\"size-large wp-image-20483 aligncenter\" src=\"https:\/\/elcalaixetdelaiaia.es\/wp-content\/uploads\/2020\/02\/IMG_20191209_162505-1024x768.jpg\" alt=\"\" width=\"750\" height=\"563\" srcset=\"https:\/\/elcalaixetdelaiaia.es\/wp-content\/uploads\/2020\/02\/IMG_20191209_162505-1024x768.jpg 1024w, https:\/\/elcalaixetdelaiaia.es\/wp-content\/uploads\/2020\/02\/IMG_20191209_162505-300x225.jpg 300w, https:\/\/elcalaixetdelaiaia.es\/wp-content\/uploads\/2020\/02\/IMG_20191209_162505-768x576.jpg 768w, https:\/\/elcalaixetdelaiaia.es\/wp-content\/uploads\/2020\/02\/IMG_20191209_162505-1536x1152.jpg 1536w, https:\/\/elcalaixetdelaiaia.es\/wp-content\/uploads\/2020\/02\/IMG_20191209_162505-2048x1536.jpg 2048w\" sizes=\"(max-width: 750px) 100vw, 750px\" \/><\/p>\n<p style=\"text-align: center;\">la peladura de media naranja bien lavada y la de medio lim\u00f3n y cuatro clavos de olor. Ponemos al fuego, hasta que comience a hervir<\/p>\n<p><img decoding=\"async\" loading=\"lazy\" class=\"size-large wp-image-20487 aligncenter\" src=\"https:\/\/elcalaixetdelaiaia.es\/wp-content\/uploads\/2020\/02\/IMG_20191209_174849-1024x768.jpg\" alt=\"\" width=\"750\" height=\"563\" srcset=\"https:\/\/elcalaixetdelaiaia.es\/wp-content\/uploads\/2020\/02\/IMG_20191209_174849-1024x768.jpg 1024w, https:\/\/elcalaixetdelaiaia.es\/wp-content\/uploads\/2020\/02\/IMG_20191209_174849-300x225.jpg 300w, https:\/\/elcalaixetdelaiaia.es\/wp-content\/uploads\/2020\/02\/IMG_20191209_174849-768x576.jpg 768w, https:\/\/elcalaixetdelaiaia.es\/wp-content\/uploads\/2020\/02\/IMG_20191209_174849-1536x1152.jpg 1536w, https:\/\/elcalaixetdelaiaia.es\/wp-content\/uploads\/2020\/02\/IMG_20191209_174849-2048x1536.jpg 2048w\" sizes=\"(max-width: 750px) 100vw, 750px\" \/><\/p>\n<p style=\"text-align: center;\">Mientras tanto, pelamos las peras, conservando los rabito, haremos un corte en la parte de abajo de las peras, para que se puedan mantener de pie cuando las coloquemos en el horno<\/p>\n<p style=\"text-align: center;\"><img decoding=\"async\" loading=\"lazy\" class=\"alignnone size-large wp-image-20486\" src=\"https:\/\/elcalaixetdelaiaia.es\/wp-content\/uploads\/2020\/02\/IMG_20191209_174844-1024x768.jpg\" alt=\"\" width=\"750\" height=\"563\" srcset=\"https:\/\/elcalaixetdelaiaia.es\/wp-content\/uploads\/2020\/02\/IMG_20191209_174844-1024x768.jpg 1024w, https:\/\/elcalaixetdelaiaia.es\/wp-content\/uploads\/2020\/02\/IMG_20191209_174844-300x225.jpg 300w, https:\/\/elcalaixetdelaiaia.es\/wp-content\/uploads\/2020\/02\/IMG_20191209_174844-768x576.jpg 768w, https:\/\/elcalaixetdelaiaia.es\/wp-content\/uploads\/2020\/02\/IMG_20191209_174844-1536x1152.jpg 1536w, https:\/\/elcalaixetdelaiaia.es\/wp-content\/uploads\/2020\/02\/IMG_20191209_174844-2048x1536.jpg 2048w\" sizes=\"(max-width: 750px) 100vw, 750px\" \/><\/p>\n<p style=\"text-align: center;\">Con un descorazonador o un cuchillo, sacaremos la parte interior de la pera, dejando un hueco<\/p>\n<p><img decoding=\"async\" loading=\"lazy\" class=\"size-large wp-image-20488 aligncenter\" src=\"https:\/\/elcalaixetdelaiaia.es\/wp-content\/uploads\/2020\/02\/IMG_20191209_175022-1024x768.jpg\" alt=\"\" width=\"750\" height=\"563\" srcset=\"https:\/\/elcalaixetdelaiaia.es\/wp-content\/uploads\/2020\/02\/IMG_20191209_175022-1024x768.jpg 1024w, https:\/\/elcalaixetdelaiaia.es\/wp-content\/uploads\/2020\/02\/IMG_20191209_175022-300x225.jpg 300w, https:\/\/elcalaixetdelaiaia.es\/wp-content\/uploads\/2020\/02\/IMG_20191209_175022-768x576.jpg 768w, https:\/\/elcalaixetdelaiaia.es\/wp-content\/uploads\/2020\/02\/IMG_20191209_175022-1536x1152.jpg 1536w, https:\/\/elcalaixetdelaiaia.es\/wp-content\/uploads\/2020\/02\/IMG_20191209_175022-2048x1536.jpg 2048w\" sizes=\"(max-width: 750px) 100vw, 750px\" \/><\/p>\n<p style=\"text-align: center;\">Cuando comience a hervir la mistela, a\u00f1adiremos las peras<\/p>\n<p><img decoding=\"async\" loading=\"lazy\" class=\"size-large wp-image-20489 aligncenter\" src=\"https:\/\/elcalaixetdelaiaia.es\/wp-content\/uploads\/2020\/02\/IMG_20191209_175403-1024x768.jpg\" alt=\"\" width=\"750\" height=\"563\" srcset=\"https:\/\/elcalaixetdelaiaia.es\/wp-content\/uploads\/2020\/02\/IMG_20191209_175403-1024x768.jpg 1024w, https:\/\/elcalaixetdelaiaia.es\/wp-content\/uploads\/2020\/02\/IMG_20191209_175403-300x225.jpg 300w, https:\/\/elcalaixetdelaiaia.es\/wp-content\/uploads\/2020\/02\/IMG_20191209_175403-768x576.jpg 768w, https:\/\/elcalaixetdelaiaia.es\/wp-content\/uploads\/2020\/02\/IMG_20191209_175403-1536x1152.jpg 1536w, https:\/\/elcalaixetdelaiaia.es\/wp-content\/uploads\/2020\/02\/IMG_20191209_175403-2048x1536.jpg 2048w\" sizes=\"(max-width: 750px) 100vw, 750px\" \/><\/p>\n<p style=\"text-align: center;\">y las dejaremos a fuego medio durante unos 18\/20 minutos. Una vez pasado este tiempo, retiramos del fuego y dejamos las peras enfriarse dentro del cazo, junto al l\u00edquido.<\/p>\n<p><img decoding=\"async\" loading=\"lazy\" class=\"size-large wp-image-20490 aligncenter\" src=\"https:\/\/elcalaixetdelaiaia.es\/wp-content\/uploads\/2020\/02\/IMG_20191209_194056-1024x768.jpg\" alt=\"\" width=\"750\" height=\"563\" srcset=\"https:\/\/elcalaixetdelaiaia.es\/wp-content\/uploads\/2020\/02\/IMG_20191209_194056-1024x768.jpg 1024w, https:\/\/elcalaixetdelaiaia.es\/wp-content\/uploads\/2020\/02\/IMG_20191209_194056-300x225.jpg 300w, https:\/\/elcalaixetdelaiaia.es\/wp-content\/uploads\/2020\/02\/IMG_20191209_194056-768x576.jpg 768w, https:\/\/elcalaixetdelaiaia.es\/wp-content\/uploads\/2020\/02\/IMG_20191209_194056-1536x1152.jpg 1536w, https:\/\/elcalaixetdelaiaia.es\/wp-content\/uploads\/2020\/02\/IMG_20191209_194056-2048x1536.jpg 2048w\" sizes=\"(max-width: 750px) 100vw, 750px\" \/><\/p>\n<p style=\"text-align: center;\">Un vez fr\u00edas, las escurrimos<\/p>\n<p><img decoding=\"async\" loading=\"lazy\" class=\"size-large wp-image-20493 aligncenter\" src=\"https:\/\/elcalaixetdelaiaia.es\/wp-content\/uploads\/2020\/02\/IMG_20191210_150028-1024x768.jpg\" alt=\"\" width=\"750\" height=\"563\" srcset=\"https:\/\/elcalaixetdelaiaia.es\/wp-content\/uploads\/2020\/02\/IMG_20191210_150028-1024x768.jpg 1024w, https:\/\/elcalaixetdelaiaia.es\/wp-content\/uploads\/2020\/02\/IMG_20191210_150028-300x225.jpg 300w, https:\/\/elcalaixetdelaiaia.es\/wp-content\/uploads\/2020\/02\/IMG_20191210_150028-768x576.jpg 768w, https:\/\/elcalaixetdelaiaia.es\/wp-content\/uploads\/2020\/02\/IMG_20191210_150028-1536x1152.jpg 1536w, https:\/\/elcalaixetdelaiaia.es\/wp-content\/uploads\/2020\/02\/IMG_20191210_150028-2048x1536.jpg 2048w\" sizes=\"(max-width: 750px) 100vw, 750px\" \/><\/p>\n<p style=\"text-align: center;\">con un cortapastas o un vaso, cortaremos dos c\u00edrculos de masa de hojaldre unos dos cm. m\u00e1s anchos que la base de la pera<\/p>\n<p><img decoding=\"async\" loading=\"lazy\" class=\" wp-image-20491 aligncenter\" src=\"https:\/\/elcalaixetdelaiaia.es\/wp-content\/uploads\/2020\/02\/IMG_20191210_144404.jpg\" alt=\"\" width=\"750\" height=\"562\" srcset=\"https:\/\/elcalaixetdelaiaia.es\/wp-content\/uploads\/2020\/02\/IMG_20191210_144404.jpg 960w, https:\/\/elcalaixetdelaiaia.es\/wp-content\/uploads\/2020\/02\/IMG_20191210_144404-300x225.jpg 300w, https:\/\/elcalaixetdelaiaia.es\/wp-content\/uploads\/2020\/02\/IMG_20191210_144404-768x576.jpg 768w\" sizes=\"(max-width: 750px) 100vw, 750px\" \/><\/p>\n<p style=\"text-align: center;\">Picamos unas onzas de chocolate puro<\/p>\n<p style=\"text-align: center;\"><img decoding=\"async\" loading=\"lazy\" class=\"alignnone size-large wp-image-20492\" src=\"https:\/\/elcalaixetdelaiaia.es\/wp-content\/uploads\/2020\/02\/IMG_20191210_145945-1024x768.jpg\" alt=\"\" width=\"750\" height=\"563\" srcset=\"https:\/\/elcalaixetdelaiaia.es\/wp-content\/uploads\/2020\/02\/IMG_20191210_145945-1024x768.jpg 1024w, https:\/\/elcalaixetdelaiaia.es\/wp-content\/uploads\/2020\/02\/IMG_20191210_145945-300x225.jpg 300w, https:\/\/elcalaixetdelaiaia.es\/wp-content\/uploads\/2020\/02\/IMG_20191210_145945-768x576.jpg 768w, https:\/\/elcalaixetdelaiaia.es\/wp-content\/uploads\/2020\/02\/IMG_20191210_145945-1536x1152.jpg 1536w, https:\/\/elcalaixetdelaiaia.es\/wp-content\/uploads\/2020\/02\/IMG_20191210_145945-2048x1536.jpg 2048w\" sizes=\"(max-width: 750px) 100vw, 750px\" \/><\/p>\n<p style=\"text-align: center;\">el suficiente para rellenar el interior de cada pera<\/p>\n<p><img decoding=\"async\" loading=\"lazy\" class=\"size-large wp-image-20494 aligncenter\" src=\"https:\/\/elcalaixetdelaiaia.es\/wp-content\/uploads\/2020\/02\/IMG_20191210_150059-1024x768.jpg\" alt=\"\" width=\"750\" height=\"563\" srcset=\"https:\/\/elcalaixetdelaiaia.es\/wp-content\/uploads\/2020\/02\/IMG_20191210_150059-1024x768.jpg 1024w, https:\/\/elcalaixetdelaiaia.es\/wp-content\/uploads\/2020\/02\/IMG_20191210_150059-300x225.jpg 300w, https:\/\/elcalaixetdelaiaia.es\/wp-content\/uploads\/2020\/02\/IMG_20191210_150059-768x576.jpg 768w, https:\/\/elcalaixetdelaiaia.es\/wp-content\/uploads\/2020\/02\/IMG_20191210_150059-1536x1152.jpg 1536w, https:\/\/elcalaixetdelaiaia.es\/wp-content\/uploads\/2020\/02\/IMG_20191210_150059-2048x1536.jpg 2048w\" sizes=\"(max-width: 750px) 100vw, 750px\" \/><\/p>\n<p style=\"text-align: center;\">que taparemos con el c\u00edrculo de hojaldre<\/p>\n<p><img decoding=\"async\" loading=\"lazy\" class=\"size-large wp-image-20495 aligncenter\" src=\"https:\/\/elcalaixetdelaiaia.es\/wp-content\/uploads\/2020\/02\/IMG_20191210_150413-1024x768.jpg\" alt=\"\" width=\"750\" height=\"563\" srcset=\"https:\/\/elcalaixetdelaiaia.es\/wp-content\/uploads\/2020\/02\/IMG_20191210_150413-1024x768.jpg 1024w, https:\/\/elcalaixetdelaiaia.es\/wp-content\/uploads\/2020\/02\/IMG_20191210_150413-300x225.jpg 300w, https:\/\/elcalaixetdelaiaia.es\/wp-content\/uploads\/2020\/02\/IMG_20191210_150413-768x576.jpg 768w, https:\/\/elcalaixetdelaiaia.es\/wp-content\/uploads\/2020\/02\/IMG_20191210_150413-1536x1152.jpg 1536w, https:\/\/elcalaixetdelaiaia.es\/wp-content\/uploads\/2020\/02\/IMG_20191210_150413-2048x1536.jpg 2048w\" sizes=\"(max-width: 750px) 100vw, 750px\" \/><\/p>\n<p style=\"text-align: center;\">que har\u00e1 de tapa, y ayudar\u00e1 a que el chocolate permanezca en el interior de la las peras<\/p>\n<p style=\"text-align: center;\"><img decoding=\"async\" loading=\"lazy\" class=\"alignnone size-large wp-image-20496\" src=\"https:\/\/elcalaixetdelaiaia.es\/wp-content\/uploads\/2020\/02\/IMG_20191210_150537-768x1024.jpg\" alt=\"\" width=\"750\" height=\"1000\" srcset=\"https:\/\/elcalaixetdelaiaia.es\/wp-content\/uploads\/2020\/02\/IMG_20191210_150537-768x1024.jpg 768w, https:\/\/elcalaixetdelaiaia.es\/wp-content\/uploads\/2020\/02\/IMG_20191210_150537-225x300.jpg 225w, https:\/\/elcalaixetdelaiaia.es\/wp-content\/uploads\/2020\/02\/IMG_20191210_150537-1152x1536.jpg 1152w, https:\/\/elcalaixetdelaiaia.es\/wp-content\/uploads\/2020\/02\/IMG_20191210_150537-1536x2048.jpg 1536w, https:\/\/elcalaixetdelaiaia.es\/wp-content\/uploads\/2020\/02\/IMG_20191210_150537-scaled.jpg 1920w\" sizes=\"(max-width: 750px) 100vw, 750px\" \/><\/p>\n<p style=\"text-align: center;\">cortaremos el resto de la masa de hojaldre en tiras de un par de cm.<\/p>\n<p><img decoding=\"async\" loading=\"lazy\" class=\"size-large wp-image-20497 aligncenter\" src=\"https:\/\/elcalaixetdelaiaia.es\/wp-content\/uploads\/2020\/02\/IMG_20191210_150658-1024x768.jpg\" alt=\"\" width=\"750\" height=\"563\" srcset=\"https:\/\/elcalaixetdelaiaia.es\/wp-content\/uploads\/2020\/02\/IMG_20191210_150658-1024x768.jpg 1024w, https:\/\/elcalaixetdelaiaia.es\/wp-content\/uploads\/2020\/02\/IMG_20191210_150658-300x225.jpg 300w, https:\/\/elcalaixetdelaiaia.es\/wp-content\/uploads\/2020\/02\/IMG_20191210_150658-768x576.jpg 768w, https:\/\/elcalaixetdelaiaia.es\/wp-content\/uploads\/2020\/02\/IMG_20191210_150658-1536x1152.jpg 1536w, https:\/\/elcalaixetdelaiaia.es\/wp-content\/uploads\/2020\/02\/IMG_20191210_150658-2048x1536.jpg 2048w\" sizes=\"(max-width: 750px) 100vw, 750px\" \/><\/p>\n<p style=\"text-align: center;\">con las que enrollaremos cada pera,<\/p>\n<p><img decoding=\"async\" loading=\"lazy\" class=\"size-large wp-image-20498 aligncenter\" src=\"https:\/\/elcalaixetdelaiaia.es\/wp-content\/uploads\/2020\/02\/IMG_20191210_151750-1024x768.jpg\" alt=\"\" width=\"750\" height=\"563\" srcset=\"https:\/\/elcalaixetdelaiaia.es\/wp-content\/uploads\/2020\/02\/IMG_20191210_151750-1024x768.jpg 1024w, https:\/\/elcalaixetdelaiaia.es\/wp-content\/uploads\/2020\/02\/IMG_20191210_151750-300x225.jpg 300w, https:\/\/elcalaixetdelaiaia.es\/wp-content\/uploads\/2020\/02\/IMG_20191210_151750-768x576.jpg 768w, https:\/\/elcalaixetdelaiaia.es\/wp-content\/uploads\/2020\/02\/IMG_20191210_151750-1536x1152.jpg 1536w, https:\/\/elcalaixetdelaiaia.es\/wp-content\/uploads\/2020\/02\/IMG_20191210_151750-2048x1536.jpg 2048w\" sizes=\"(max-width: 750px) 100vw, 750px\" \/><\/p>\n<p style=\"text-align: center;\">hasta llegar al tallo. Una vez tengamos las peras completamente forradas con el hojaldre, las dejaremos en el congelador durante 15 minutos<\/p>\n<p style=\"text-align: center;\"><img decoding=\"async\" loading=\"lazy\" class=\"alignnone size-large wp-image-20499\" src=\"https:\/\/elcalaixetdelaiaia.es\/wp-content\/uploads\/2020\/02\/IMG_20191210_182541-1024x768.jpg\" alt=\"\" width=\"750\" height=\"563\" srcset=\"https:\/\/elcalaixetdelaiaia.es\/wp-content\/uploads\/2020\/02\/IMG_20191210_182541-1024x768.jpg 1024w, https:\/\/elcalaixetdelaiaia.es\/wp-content\/uploads\/2020\/02\/IMG_20191210_182541-300x225.jpg 300w, https:\/\/elcalaixetdelaiaia.es\/wp-content\/uploads\/2020\/02\/IMG_20191210_182541-768x576.jpg 768w, https:\/\/elcalaixetdelaiaia.es\/wp-content\/uploads\/2020\/02\/IMG_20191210_182541-1536x1152.jpg 1536w, https:\/\/elcalaixetdelaiaia.es\/wp-content\/uploads\/2020\/02\/IMG_20191210_182541-2048x1536.jpg 2048w\" sizes=\"(max-width: 750px) 100vw, 750px\" \/><\/p>\n<p style=\"text-align: center;\">Precalentamos el horno a 200\u00ba calor arroba y abajo. Sacamos las peras del congelador y las pintaremos de huevo<\/p>\n<p style=\"text-align: center;\"><img decoding=\"async\" loading=\"lazy\" class=\"alignnone size-large wp-image-20500\" src=\"https:\/\/elcalaixetdelaiaia.es\/wp-content\/uploads\/2020\/02\/IMG_20191210_182643-1024x748.jpg\" alt=\"\" width=\"750\" height=\"548\" srcset=\"https:\/\/elcalaixetdelaiaia.es\/wp-content\/uploads\/2020\/02\/IMG_20191210_182643-1024x748.jpg 1024w, https:\/\/elcalaixetdelaiaia.es\/wp-content\/uploads\/2020\/02\/IMG_20191210_182643-300x219.jpg 300w, https:\/\/elcalaixetdelaiaia.es\/wp-content\/uploads\/2020\/02\/IMG_20191210_182643-768x561.jpg 768w, https:\/\/elcalaixetdelaiaia.es\/wp-content\/uploads\/2020\/02\/IMG_20191210_182643-1536x1122.jpg 1536w, https:\/\/elcalaixetdelaiaia.es\/wp-content\/uploads\/2020\/02\/IMG_20191210_182643-2048x1496.jpg 2048w\" sizes=\"(max-width: 750px) 100vw, 750px\" \/><\/p>\n<p style=\"text-align: center;\">las colocaremos en un recipiente apto para horno y las hornearemos. Como digo siempre, cada horno es un mundo y cada cual sabe como funciona el suyo, los tiempos que os doy son orientativos, en mi horno, me cuestan de hacer 20 minutos, estar\u00e1n listas en cuanto el hojaldre est\u00e9 dorado.<\/p>\n<p><img decoding=\"async\" loading=\"lazy\" class=\"size-large wp-image-20501 aligncenter\" src=\"https:\/\/elcalaixetdelaiaia.es\/wp-content\/uploads\/2020\/02\/IMG_20191210_192515-1024x768.jpg\" alt=\"\" width=\"750\" height=\"563\" srcset=\"https:\/\/elcalaixetdelaiaia.es\/wp-content\/uploads\/2020\/02\/IMG_20191210_192515-1024x768.jpg 1024w, https:\/\/elcalaixetdelaiaia.es\/wp-content\/uploads\/2020\/02\/IMG_20191210_192515-300x225.jpg 300w, https:\/\/elcalaixetdelaiaia.es\/wp-content\/uploads\/2020\/02\/IMG_20191210_192515-768x576.jpg 768w, https:\/\/elcalaixetdelaiaia.es\/wp-content\/uploads\/2020\/02\/IMG_20191210_192515-1536x1152.jpg 1536w, https:\/\/elcalaixetdelaiaia.es\/wp-content\/uploads\/2020\/02\/IMG_20191210_192515-2048x1536.jpg 2048w\" sizes=\"(max-width: 750px) 100vw, 750px\" \/><\/p>\n<p style=\"text-align: center;\">Para evitar que se quemen por la zona de arriba, a media cocci\u00f3n, suelo ponerles un \u00absombrerito\u00bb de papel aluminio, si es necesario.<\/p>\n<p style=\"text-align: center;\"><img decoding=\"async\" loading=\"lazy\" class=\"alignnone size-large wp-image-20502\" src=\"https:\/\/elcalaixetdelaiaia.es\/wp-content\/uploads\/2020\/02\/IMG_20191210_192950-1024x768.jpg\" alt=\"\" width=\"750\" height=\"563\" srcset=\"https:\/\/elcalaixetdelaiaia.es\/wp-content\/uploads\/2020\/02\/IMG_20191210_192950-1024x768.jpg 1024w, https:\/\/elcalaixetdelaiaia.es\/wp-content\/uploads\/2020\/02\/IMG_20191210_192950-300x225.jpg 300w, https:\/\/elcalaixetdelaiaia.es\/wp-content\/uploads\/2020\/02\/IMG_20191210_192950-768x576.jpg 768w, https:\/\/elcalaixetdelaiaia.es\/wp-content\/uploads\/2020\/02\/IMG_20191210_192950-1536x1152.jpg 1536w, https:\/\/elcalaixetdelaiaia.es\/wp-content\/uploads\/2020\/02\/IMG_20191210_192950-2048x1536.jpg 2048w\" sizes=\"(max-width: 750px) 100vw, 750px\" \/><\/p>\n<p style=\"text-align: center;\">calentaremos el dulce de leche, para que quede l\u00edquido, rociaremos con \u00e9l cada pera<\/p>\n<p><img decoding=\"async\" loading=\"lazy\" class=\"size-large wp-image-20503 aligncenter\" src=\"https:\/\/elcalaixetdelaiaia.es\/wp-content\/uploads\/2020\/02\/IMG_20191210_193505-2-1024x768.jpg\" alt=\"\" width=\"750\" height=\"563\" srcset=\"https:\/\/elcalaixetdelaiaia.es\/wp-content\/uploads\/2020\/02\/IMG_20191210_193505-2-1024x768.jpg 1024w, https:\/\/elcalaixetdelaiaia.es\/wp-content\/uploads\/2020\/02\/IMG_20191210_193505-2-300x225.jpg 300w, https:\/\/elcalaixetdelaiaia.es\/wp-content\/uploads\/2020\/02\/IMG_20191210_193505-2-768x576.jpg 768w, https:\/\/elcalaixetdelaiaia.es\/wp-content\/uploads\/2020\/02\/IMG_20191210_193505-2-1536x1152.jpg 1536w, https:\/\/elcalaixetdelaiaia.es\/wp-content\/uploads\/2020\/02\/IMG_20191210_193505-2-2048x1536.jpg 2048w\" sizes=\"(max-width: 750px) 100vw, 750px\" \/><\/p>\n<p style=\"text-align: center;\">colocaremos unas hojitas de menta o hierbabuena alrededor del rabito del tallo<\/p>\n<p><img decoding=\"async\" loading=\"lazy\" class=\"size-large wp-image-20504 aligncenter\" src=\"https:\/\/elcalaixetdelaiaia.es\/wp-content\/uploads\/2020\/02\/IMG_20191210_193512-2-1024x768.jpg\" alt=\"\" width=\"750\" height=\"563\" srcset=\"https:\/\/elcalaixetdelaiaia.es\/wp-content\/uploads\/2020\/02\/IMG_20191210_193512-2-1024x768.jpg 1024w, https:\/\/elcalaixetdelaiaia.es\/wp-content\/uploads\/2020\/02\/IMG_20191210_193512-2-300x225.jpg 300w, https:\/\/elcalaixetdelaiaia.es\/wp-content\/uploads\/2020\/02\/IMG_20191210_193512-2-768x576.jpg 768w, https:\/\/elcalaixetdelaiaia.es\/wp-content\/uploads\/2020\/02\/IMG_20191210_193512-2-1536x1152.jpg 1536w, https:\/\/elcalaixetdelaiaia.es\/wp-content\/uploads\/2020\/02\/IMG_20191210_193512-2-2048x1536.jpg 2048w\" sizes=\"(max-width: 750px) 100vw, 750px\" \/><\/p>\n<p style=\"text-align: center;\">y tendremos nuestro postre, listo para servir<\/p>\n<p style=\"text-align: center;\"><img decoding=\"async\" loading=\"lazy\" class=\"alignnone size-large wp-image-20506\" src=\"https:\/\/elcalaixetdelaiaia.es\/wp-content\/uploads\/2020\/02\/IMG_20191210_193544-2-1024x768.jpg\" alt=\"\" width=\"750\" height=\"563\" srcset=\"https:\/\/elcalaixetdelaiaia.es\/wp-content\/uploads\/2020\/02\/IMG_20191210_193544-2-1024x768.jpg 1024w, https:\/\/elcalaixetdelaiaia.es\/wp-content\/uploads\/2020\/02\/IMG_20191210_193544-2-300x225.jpg 300w, https:\/\/elcalaixetdelaiaia.es\/wp-content\/uploads\/2020\/02\/IMG_20191210_193544-2-768x576.jpg 768w, https:\/\/elcalaixetdelaiaia.es\/wp-content\/uploads\/2020\/02\/IMG_20191210_193544-2-1536x1152.jpg 1536w, https:\/\/elcalaixetdelaiaia.es\/wp-content\/uploads\/2020\/02\/IMG_20191210_193544-2-2048x1536.jpg 2048w\" sizes=\"(max-width: 750px) 100vw, 750px\" \/><\/p>\n<p style=\"text-align: center;\">Y a disfrutar de unas peras deliciosas<\/p>\n<p style=\"text-align: center;\"><img decoding=\"async\" loading=\"lazy\" class=\"alignnone size-large wp-image-20507\" src=\"https:\/\/elcalaixetdelaiaia.es\/wp-content\/uploads\/2020\/02\/IMG_20191210_193721-2-768x1024.jpg\" alt=\"\" width=\"750\" height=\"1000\" srcset=\"https:\/\/elcalaixetdelaiaia.es\/wp-content\/uploads\/2020\/02\/IMG_20191210_193721-2-768x1024.jpg 768w, https:\/\/elcalaixetdelaiaia.es\/wp-content\/uploads\/2020\/02\/IMG_20191210_193721-2-225x300.jpg 225w, https:\/\/elcalaixetdelaiaia.es\/wp-content\/uploads\/2020\/02\/IMG_20191210_193721-2-1152x1536.jpg 1152w, https:\/\/elcalaixetdelaiaia.es\/wp-content\/uploads\/2020\/02\/IMG_20191210_193721-2-1536x2048.jpg 1536w, https:\/\/elcalaixetdelaiaia.es\/wp-content\/uploads\/2020\/02\/IMG_20191210_193721-2-scaled.jpg 1920w\" sizes=\"(max-width: 750px) 100vw, 750px\" \/><\/p>\n<p style=\"text-align: center;\">que al partirlas por el centro<\/p>\n<p style=\"text-align: center;\"><img decoding=\"async\" loading=\"lazy\" class=\"size-large wp-image-20508 aligncenter\" src=\"https:\/\/elcalaixetdelaiaia.es\/wp-content\/uploads\/2020\/02\/IMG_20191210_193907-2-1024x768.jpg\" alt=\"\" width=\"750\" height=\"563\" srcset=\"https:\/\/elcalaixetdelaiaia.es\/wp-content\/uploads\/2020\/02\/IMG_20191210_193907-2-1024x768.jpg 1024w, https:\/\/elcalaixetdelaiaia.es\/wp-content\/uploads\/2020\/02\/IMG_20191210_193907-2-300x225.jpg 300w, https:\/\/elcalaixetdelaiaia.es\/wp-content\/uploads\/2020\/02\/IMG_20191210_193907-2-768x576.jpg 768w, https:\/\/elcalaixetdelaiaia.es\/wp-content\/uploads\/2020\/02\/IMG_20191210_193907-2-1536x1152.jpg 1536w, https:\/\/elcalaixetdelaiaia.es\/wp-content\/uploads\/2020\/02\/IMG_20191210_193907-2-2048x1536.jpg 2048w\" sizes=\"(max-width: 750px) 100vw, 750px\" \/><\/p>\n<p style=\"text-align: center;\">nos mostrar\u00e1n el coraz\u00f3n de chocolate derretido \u00abA la taula i&#8230;..BON PROFIT!!!\u00bb<\/p>\n<p style=\"text-align: center;\"><img decoding=\"async\" loading=\"lazy\" class=\"alignnone size-large wp-image-20509\" src=\"https:\/\/elcalaixetdelaiaia.es\/wp-content\/uploads\/2020\/02\/IMG_20191210_220753-2-1024x768.jpg\" alt=\"\" width=\"750\" height=\"563\" srcset=\"https:\/\/elcalaixetdelaiaia.es\/wp-content\/uploads\/2020\/02\/IMG_20191210_220753-2-1024x768.jpg 1024w, https:\/\/elcalaixetdelaiaia.es\/wp-content\/uploads\/2020\/02\/IMG_20191210_220753-2-300x225.jpg 300w, https:\/\/elcalaixetdelaiaia.es\/wp-content\/uploads\/2020\/02\/IMG_20191210_220753-2-768x576.jpg 768w, https:\/\/elcalaixetdelaiaia.es\/wp-content\/uploads\/2020\/02\/IMG_20191210_220753-2-1536x1152.jpg 1536w, https:\/\/elcalaixetdelaiaia.es\/wp-content\/uploads\/2020\/02\/IMG_20191210_220753-2-2048x1536.jpg 2048w\" sizes=\"(max-width: 750px) 100vw, 750px\" \/><\/p>\n<p style=\"text-align: center;\">vamos&#8230;&#8230;.para rechupar el platooooooo<\/p>\n<p>Si te gusta mi receta, puedes compartirla para que llegue a m\u00e1s gente.<br \/>\nEspero tus comentarios y recuerda que tambi\u00e9n estoy en Facebook <a href=\"https:\/\/www.facebook.com\/El-calaixet-de-la-iaia-533062140099386\/\">https:\/\/www.facebook.com\/El-calaixet-de-la-iaia-533062140099386\/<\/a><\/p>\n","protected":false},"excerpt":{"rendered":"<p>\u00abRefrany; Caragols, peres i mel\u00f2, volen vi, ben fort\u00bb\u00a0\u00a0\u00a0\u00a0 Caracoles, peras y mel\u00f3n quieren vino bien fuerte. Eso dice el refr\u00e1n, pero hoy mis peritas, est\u00e1n hechas con Mistela de Tor\u00eds, que es un moscatel, hecha de un mosto de vino, suave y dulce, que muy fresquita, quita el hipo, &hellip; <\/p>\n","protected":false},"author":2,"featured_media":20506,"comment_status":"closed","ping_status":"closed","sticky":false,"template":"","format":"standard","meta":[],"categories":[1],"tags":[],"_links":{"self":[{"href":"https:\/\/elcalaixetdelaiaia.es\/index.php?rest_route=\/wp\/v2\/posts\/20117"}],"collection":[{"href":"https:\/\/elcalaixetdelaiaia.es\/index.php?rest_route=\/wp\/v2\/posts"}],"about":[{"href":"https:\/\/elcalaixetdelaiaia.es\/index.php?rest_route=\/wp\/v2\/types\/post"}],"author":[{"embeddable":true,"href":"https:\/\/elcalaixetdelaiaia.es\/index.php?rest_route=\/wp\/v2\/users\/2"}],"replies":[{"embeddable":true,"href":"https:\/\/elcalaixetdelaiaia.es\/index.php?rest_route=%2Fwp%2Fv2%2Fcomments&post=20117"}],"version-history":[{"count":6,"href":"https:\/\/elcalaixetdelaiaia.es\/index.php?rest_route=\/wp\/v2\/posts\/20117\/revisions"}],"predecessor-version":[{"id":23586,"href":"https:\/\/elcalaixetdelaiaia.es\/index.php?rest_route=\/wp\/v2\/posts\/20117\/revisions\/23586"}],"wp:featuredmedia":[{"embeddable":true,"href":"https:\/\/elcalaixetdelaiaia.es\/index.php?rest_route=\/wp\/v2\/media\/20506"}],"wp:attachment":[{"href":"https:\/\/elcalaixetdelaiaia.es\/index.php?rest_route=%2Fwp%2Fv2%2Fmedia&parent=20117"}],"wp:term":[{"taxonomy":"category","embeddable":true,"href":"https:\/\/elcalaixetdelaiaia.es\/index.php?rest_route=%2Fwp%2Fv2%2Fcategories&post=20117"},{"taxonomy":"post_tag","embeddable":true,"href":"https:\/\/elcalaixetdelaiaia.es\/index.php?rest_route=%2Fwp%2Fv2%2Ftags&post=20117"}],"curies":[{"name":"wp","href":"https:\/\/api.w.org\/{rel}","templated":true}]}}