{"id":19982,"date":"2019-12-12T12:17:03","date_gmt":"2019-12-12T12:17:03","guid":{"rendered":"http:\/\/elcalaixetdelaiaia.es\/?p=19982"},"modified":"2023-04-20T16:14:31","modified_gmt":"2023-04-20T16:14:31","slug":"espaguetis-con-salsa-alfredo-y-jamon-serrano-paso-a-paso-foto-a-foto","status":"publish","type":"post","link":"https:\/\/elcalaixetdelaiaia.es\/?p=19982","title":{"rendered":"Espaguetis con salsa Alfredo y jam\u00f3n serrano paso a paso foto a foto"},"content":{"rendered":"<p>\u00abRefrany;<br \/>\n<span class=\"st\">Al mar\u00e7 vent, pluja a l&#8217;abril&#8230; i al rebost, tot l&#8217;any pernil\u00bb En Marzo viento, lluvia en abril y a la despensa, todo el a\u00f1o jam\u00f3n.<\/span><\/p>\n<p>Hoy una receta, a mi manera&#8230; casi que como todas vamos, porque me gusta personalizarlas al gusto de los m\u00edos, aunque suelo explicaros tambi\u00e9n, como se hace la original.<\/p>\n<p>La salsa Alfredo, cuya<span class=\"ILfuVd\" lang=\"es\"><span class=\"hgKElc\"> historia es curiosa. Muchos piensan que esta salsa es original de Estados Unidos, por la gran popularidad que tienen all\u00ed los fetuccini Alfredo o fetuccini all&#8217;Alfredo. Sin embargo, la realidad es m\u00e1s simple: se invent\u00f3, c\u00f3mo no, en Roma. La salsa Alfredo solo tiene dos ingredientes, \u00a1no confundir con otras!<\/span><\/span> es muy conocida y sencilla, muy sencilla, ya que se trata de una salsa que solo lleva\u00a0 mantequilla y queso parmesano, punto pelota&#8230; o como yo digo y \u00abau cacau\u00bb, es decir, ni mas, ni menos y con tan solo estos tres ingredientes es deliciosa, peroooo a mi me gusta mas a\u00f1adiendo cosas, y variar el tipo de pasta, unos nidos al huevo, espaguettis, macarrones, incluso lacitos y un ajito y nata fijo, y depende de d\u00edas, unas gambitas peladas, mollitas de pechuga de pollo, rodajas de longaniza fresca, beicon, mejillones al vapor, o como hoy, unas virutas de jam\u00f3n serrano,cebolla y nata.<\/p>\n<p>Vamos a ello y ver\u00e9is que f\u00e1cil y que rico.<\/p>\n<p>Para tres personas necesitaremos;<\/p>\n<p><img decoding=\"async\" loading=\"lazy\" class=\"size-medium wp-image-24143 aligncenter\" src=\"https:\/\/elcalaixetdelaiaia.es\/wp-content\/uploads\/2019\/12\/1firm-300x225.jpg\" alt=\"\" width=\"300\" height=\"225\" srcset=\"https:\/\/elcalaixetdelaiaia.es\/wp-content\/uploads\/2019\/12\/1firm-300x225.jpg 300w, https:\/\/elcalaixetdelaiaia.es\/wp-content\/uploads\/2019\/12\/1firm-1024x768.jpg 1024w, https:\/\/elcalaixetdelaiaia.es\/wp-content\/uploads\/2019\/12\/1firm-768x576.jpg 768w, https:\/\/elcalaixetdelaiaia.es\/wp-content\/uploads\/2019\/12\/1firm-1536x1152.jpg 1536w, https:\/\/elcalaixetdelaiaia.es\/wp-content\/uploads\/2019\/12\/1firm-2048x1536.jpg 2048w\" sizes=\"(max-width: 300px) 100vw, 300px\" \/><\/p>\n<ol>\n<li>300g de espaguetis<\/li>\n<li>Dos pastillas de Avecr\u00e9m o sal<\/li>\n<li>50g de mantequilla<\/li>\n<li>200g de nata de montar o crema de leche<\/li>\n<li>100g de queso parmesano rallado o laminado<\/li>\n<li>Una cucharada de aceite de oliva virgen<\/li>\n<li>Pimienta negra<\/li>\n<li>Nuez moscada<\/li>\n<li>Virutas de jam\u00f3n serrano<\/li>\n<\/ol>\n<p>Siempre que cuezo verduras o pasta, ya sab\u00e9is desde que tengo el blog, que os digo que pod\u00e9is elegir para el hervido echar sal, pero en mi casa de siempre, se han usado dos pastillas de Avecr\u00e9m de pollo, en lugar de sal, y sigo haci\u00e9ndolo, porque me encanta el sabor que deja tanto en las verduras para una ensaladilla, en el hervido y en toda clase de pasta.<\/p>\n<p style=\"text-align: center;\"><img decoding=\"async\" loading=\"lazy\" class=\"alignnone size-medium wp-image-24144\" src=\"https:\/\/elcalaixetdelaiaia.es\/wp-content\/uploads\/2019\/12\/2fi-300x225.jpg\" alt=\"\" width=\"300\" height=\"225\" srcset=\"https:\/\/elcalaixetdelaiaia.es\/wp-content\/uploads\/2019\/12\/2fi-300x225.jpg 300w, https:\/\/elcalaixetdelaiaia.es\/wp-content\/uploads\/2019\/12\/2fi-1024x768.jpg 1024w, https:\/\/elcalaixetdelaiaia.es\/wp-content\/uploads\/2019\/12\/2fi-768x576.jpg 768w, https:\/\/elcalaixetdelaiaia.es\/wp-content\/uploads\/2019\/12\/2fi-1536x1152.jpg 1536w, https:\/\/elcalaixetdelaiaia.es\/wp-content\/uploads\/2019\/12\/2fi-2048x1536.jpg 2048w\" sizes=\"(max-width: 300px) 100vw, 300px\" \/><\/p>\n<p style=\"text-align: center;\">Comenzaremos calentando una cucharada de aceite de oliva virgen y la mantequilla, para ir preparando la salsa<\/p>\n<p style=\"text-align: center;\"><img decoding=\"async\" loading=\"lazy\" class=\"alignnone size-medium wp-image-24145\" src=\"https:\/\/elcalaixetdelaiaia.es\/wp-content\/uploads\/2019\/12\/4f-300x225.jpg\" alt=\"\" width=\"300\" height=\"225\" srcset=\"https:\/\/elcalaixetdelaiaia.es\/wp-content\/uploads\/2019\/12\/4f-300x225.jpg 300w, https:\/\/elcalaixetdelaiaia.es\/wp-content\/uploads\/2019\/12\/4f-1024x768.jpg 1024w, https:\/\/elcalaixetdelaiaia.es\/wp-content\/uploads\/2019\/12\/4f-768x576.jpg 768w, https:\/\/elcalaixetdelaiaia.es\/wp-content\/uploads\/2019\/12\/4f-1536x1152.jpg 1536w, https:\/\/elcalaixetdelaiaia.es\/wp-content\/uploads\/2019\/12\/4f-2048x1536.jpg 2048w\" sizes=\"(max-width: 300px) 100vw, 300px\" \/><\/p>\n<p style=\"text-align: center;\">rallamos la cebolla y la pochamos en la mantequilla<\/p>\n<p style=\"text-align: center;\"><img decoding=\"async\" loading=\"lazy\" class=\"alignnone size-medium wp-image-24146\" src=\"https:\/\/elcalaixetdelaiaia.es\/wp-content\/uploads\/2019\/12\/5f-300x225.jpg\" alt=\"\" width=\"300\" height=\"225\" srcset=\"https:\/\/elcalaixetdelaiaia.es\/wp-content\/uploads\/2019\/12\/5f-300x225.jpg 300w, https:\/\/elcalaixetdelaiaia.es\/wp-content\/uploads\/2019\/12\/5f-1024x768.jpg 1024w, https:\/\/elcalaixetdelaiaia.es\/wp-content\/uploads\/2019\/12\/5f-768x576.jpg 768w, https:\/\/elcalaixetdelaiaia.es\/wp-content\/uploads\/2019\/12\/5f-1536x1152.jpg 1536w, https:\/\/elcalaixetdelaiaia.es\/wp-content\/uploads\/2019\/12\/5f-2048x1536.jpg 2048w\" sizes=\"(max-width: 300px) 100vw, 300px\" \/><\/p>\n<p style=\"text-align: center;\">mientras se hace la cebolla, medimos la pasta<\/p>\n<p><img decoding=\"async\" loading=\"lazy\" class=\"size-medium wp-image-24148 aligncenter\" src=\"https:\/\/elcalaixetdelaiaia.es\/wp-content\/uploads\/2019\/12\/7f-300x225.jpg\" alt=\"\" width=\"300\" height=\"225\" srcset=\"https:\/\/elcalaixetdelaiaia.es\/wp-content\/uploads\/2019\/12\/7f-300x225.jpg 300w, https:\/\/elcalaixetdelaiaia.es\/wp-content\/uploads\/2019\/12\/7f-1024x768.jpg 1024w, https:\/\/elcalaixetdelaiaia.es\/wp-content\/uploads\/2019\/12\/7f-768x576.jpg 768w, https:\/\/elcalaixetdelaiaia.es\/wp-content\/uploads\/2019\/12\/7f-1536x1152.jpg 1536w, https:\/\/elcalaixetdelaiaia.es\/wp-content\/uploads\/2019\/12\/7f-2048x1536.jpg 2048w\" sizes=\"(max-width: 300px) 100vw, 300px\" \/><\/p>\n<p style=\"text-align: center;\">y la cocemos siguiendo las instrucciones del fabricante<\/p>\n<p style=\"text-align: center;\"><img decoding=\"async\" loading=\"lazy\" class=\"size-medium wp-image-24147 aligncenter\" src=\"https:\/\/elcalaixetdelaiaia.es\/wp-content\/uploads\/2019\/12\/6f-300x225.jpg\" alt=\"\" width=\"300\" height=\"225\" srcset=\"https:\/\/elcalaixetdelaiaia.es\/wp-content\/uploads\/2019\/12\/6f-300x225.jpg 300w, https:\/\/elcalaixetdelaiaia.es\/wp-content\/uploads\/2019\/12\/6f-1024x768.jpg 1024w, https:\/\/elcalaixetdelaiaia.es\/wp-content\/uploads\/2019\/12\/6f-768x576.jpg 768w, https:\/\/elcalaixetdelaiaia.es\/wp-content\/uploads\/2019\/12\/6f-1536x1152.jpg 1536w, https:\/\/elcalaixetdelaiaia.es\/wp-content\/uploads\/2019\/12\/6f-2048x1536.jpg 2048w\" sizes=\"(max-width: 300px) 100vw, 300px\" \/><\/p>\n<p style=\"text-align: center;\">a la cebolla pochada, le a\u00f1adimos los taquitos o virutas de jam\u00f3n serrano, y removemos, dejamos a fuego bajo, hasta que se haga el jam\u00f3n<\/p>\n<p style=\"text-align: center;\"><img decoding=\"async\" loading=\"lazy\" class=\"alignnone size-medium wp-image-24149\" src=\"https:\/\/elcalaixetdelaiaia.es\/wp-content\/uploads\/2019\/12\/8f-300x225.jpg\" alt=\"\" width=\"300\" height=\"225\" srcset=\"https:\/\/elcalaixetdelaiaia.es\/wp-content\/uploads\/2019\/12\/8f-300x225.jpg 300w, https:\/\/elcalaixetdelaiaia.es\/wp-content\/uploads\/2019\/12\/8f-1024x768.jpg 1024w, https:\/\/elcalaixetdelaiaia.es\/wp-content\/uploads\/2019\/12\/8f-768x576.jpg 768w, https:\/\/elcalaixetdelaiaia.es\/wp-content\/uploads\/2019\/12\/8f-1536x1152.jpg 1536w, https:\/\/elcalaixetdelaiaia.es\/wp-content\/uploads\/2019\/12\/8f-2048x1536.jpg 2048w\" sizes=\"(max-width: 300px) 100vw, 300px\" \/><\/p>\n<p style=\"text-align: center;\">a\u00f1adimos el queso parmesano a nuestro gusto, removemos<\/p>\n<p><img decoding=\"async\" loading=\"lazy\" class=\"size-medium wp-image-24150 aligncenter\" src=\"https:\/\/elcalaixetdelaiaia.es\/wp-content\/uploads\/2019\/12\/9f-300x225.jpg\" alt=\"\" width=\"300\" height=\"225\" srcset=\"https:\/\/elcalaixetdelaiaia.es\/wp-content\/uploads\/2019\/12\/9f-300x225.jpg 300w, https:\/\/elcalaixetdelaiaia.es\/wp-content\/uploads\/2019\/12\/9f-1024x768.jpg 1024w, https:\/\/elcalaixetdelaiaia.es\/wp-content\/uploads\/2019\/12\/9f-768x576.jpg 768w, https:\/\/elcalaixetdelaiaia.es\/wp-content\/uploads\/2019\/12\/9f-1536x1152.jpg 1536w, https:\/\/elcalaixetdelaiaia.es\/wp-content\/uploads\/2019\/12\/9f-2048x1536.jpg 2048w\" sizes=\"(max-width: 300px) 100vw, 300px\" \/><\/p>\n<p style=\"text-align: center;\">e incorporamos la nata, o crema de leche<\/p>\n<p style=\"text-align: center;\"><img decoding=\"async\" loading=\"lazy\" class=\"alignnone size-medium wp-image-24151\" src=\"https:\/\/elcalaixetdelaiaia.es\/wp-content\/uploads\/2019\/12\/10-300x225.jpg\" alt=\"\" width=\"300\" height=\"225\" srcset=\"https:\/\/elcalaixetdelaiaia.es\/wp-content\/uploads\/2019\/12\/10-300x225.jpg 300w, https:\/\/elcalaixetdelaiaia.es\/wp-content\/uploads\/2019\/12\/10-1024x768.jpg 1024w, https:\/\/elcalaixetdelaiaia.es\/wp-content\/uploads\/2019\/12\/10-768x576.jpg 768w, https:\/\/elcalaixetdelaiaia.es\/wp-content\/uploads\/2019\/12\/10-1536x1152.jpg 1536w, https:\/\/elcalaixetdelaiaia.es\/wp-content\/uploads\/2019\/12\/10-2048x1536.jpg 2048w\" sizes=\"(max-width: 300px) 100vw, 300px\" \/><\/p>\n<p style=\"text-align: center;\">salpimentamos<\/p>\n<p style=\"text-align: center;\"><img decoding=\"async\" loading=\"lazy\" class=\"alignnone size-medium wp-image-24152\" src=\"https:\/\/elcalaixetdelaiaia.es\/wp-content\/uploads\/2019\/12\/11-300x225.jpg\" alt=\"\" width=\"300\" height=\"225\" srcset=\"https:\/\/elcalaixetdelaiaia.es\/wp-content\/uploads\/2019\/12\/11-300x225.jpg 300w, https:\/\/elcalaixetdelaiaia.es\/wp-content\/uploads\/2019\/12\/11-1024x768.jpg 1024w, https:\/\/elcalaixetdelaiaia.es\/wp-content\/uploads\/2019\/12\/11-768x576.jpg 768w, https:\/\/elcalaixetdelaiaia.es\/wp-content\/uploads\/2019\/12\/11-1536x1152.jpg 1536w, https:\/\/elcalaixetdelaiaia.es\/wp-content\/uploads\/2019\/12\/11-2048x1536.jpg 2048w\" sizes=\"(max-width: 300px) 100vw, 300px\" \/><\/p>\n<p style=\"text-align: center;\">y espolvoreamos de nuez moscada, al gusto<\/p>\n<p style=\"text-align: center;\"><img decoding=\"async\" loading=\"lazy\" class=\"alignnone size-medium wp-image-24153\" src=\"https:\/\/elcalaixetdelaiaia.es\/wp-content\/uploads\/2019\/12\/12-300x225.jpg\" alt=\"\" width=\"300\" height=\"225\" srcset=\"https:\/\/elcalaixetdelaiaia.es\/wp-content\/uploads\/2019\/12\/12-300x225.jpg 300w, https:\/\/elcalaixetdelaiaia.es\/wp-content\/uploads\/2019\/12\/12-1024x768.jpg 1024w, https:\/\/elcalaixetdelaiaia.es\/wp-content\/uploads\/2019\/12\/12-768x576.jpg 768w, https:\/\/elcalaixetdelaiaia.es\/wp-content\/uploads\/2019\/12\/12-1536x1152.jpg 1536w, https:\/\/elcalaixetdelaiaia.es\/wp-content\/uploads\/2019\/12\/12-2048x1536.jpg 2048w\" sizes=\"(max-width: 300px) 100vw, 300px\" \/><\/p>\n<p style=\"text-align: center;\">escurrimos los espaguetis<\/p>\n<p style=\"text-align: center;\"><img decoding=\"async\" loading=\"lazy\" class=\"alignnone size-medium wp-image-24154\" src=\"https:\/\/elcalaixetdelaiaia.es\/wp-content\/uploads\/2019\/12\/13-300x225.jpg\" alt=\"\" width=\"300\" height=\"225\" srcset=\"https:\/\/elcalaixetdelaiaia.es\/wp-content\/uploads\/2019\/12\/13-300x225.jpg 300w, https:\/\/elcalaixetdelaiaia.es\/wp-content\/uploads\/2019\/12\/13-1024x768.jpg 1024w, https:\/\/elcalaixetdelaiaia.es\/wp-content\/uploads\/2019\/12\/13-768x576.jpg 768w, https:\/\/elcalaixetdelaiaia.es\/wp-content\/uploads\/2019\/12\/13-1536x1152.jpg 1536w, https:\/\/elcalaixetdelaiaia.es\/wp-content\/uploads\/2019\/12\/13-2048x1536.jpg 2048w\" sizes=\"(max-width: 300px) 100vw, 300px\" \/><\/p>\n<p style=\"text-align: center;\">y los mezclamos con la salsa, removemos y retiramos del fuego<\/p>\n<p style=\"text-align: center;\"><img decoding=\"async\" loading=\"lazy\" class=\"alignnone size-medium wp-image-24155\" src=\"https:\/\/elcalaixetdelaiaia.es\/wp-content\/uploads\/2019\/12\/14-300x225.jpg\" alt=\"\" width=\"300\" height=\"225\" srcset=\"https:\/\/elcalaixetdelaiaia.es\/wp-content\/uploads\/2019\/12\/14-300x225.jpg 300w, https:\/\/elcalaixetdelaiaia.es\/wp-content\/uploads\/2019\/12\/14-1024x768.jpg 1024w, https:\/\/elcalaixetdelaiaia.es\/wp-content\/uploads\/2019\/12\/14-768x576.jpg 768w, https:\/\/elcalaixetdelaiaia.es\/wp-content\/uploads\/2019\/12\/14-1536x1152.jpg 1536w, https:\/\/elcalaixetdelaiaia.es\/wp-content\/uploads\/2019\/12\/14-2048x1536.jpg 2048w\" sizes=\"(max-width: 300px) 100vw, 300px\" \/><\/p>\n<p style=\"text-align: center;\">emplatamos y servimos al momento<\/p>\n<p style=\"text-align: center;\"><img decoding=\"async\" loading=\"lazy\" class=\"alignnone size-medium wp-image-24156\" src=\"https:\/\/elcalaixetdelaiaia.es\/wp-content\/uploads\/2019\/12\/15-300x225.jpg\" alt=\"\" width=\"300\" height=\"225\" srcset=\"https:\/\/elcalaixetdelaiaia.es\/wp-content\/uploads\/2019\/12\/15-300x225.jpg 300w, https:\/\/elcalaixetdelaiaia.es\/wp-content\/uploads\/2019\/12\/15-1024x768.jpg 1024w, https:\/\/elcalaixetdelaiaia.es\/wp-content\/uploads\/2019\/12\/15-768x576.jpg 768w, https:\/\/elcalaixetdelaiaia.es\/wp-content\/uploads\/2019\/12\/15-1536x1152.jpg 1536w, https:\/\/elcalaixetdelaiaia.es\/wp-content\/uploads\/2019\/12\/15-2048x1536.jpg 2048w\" sizes=\"(max-width: 300px) 100vw, 300px\" \/><\/p>\n<p style=\"text-align: center;\">A la taula i&#8230; BON PROFIT!<\/p>\n<p>Si \u00e9ste plato es de vuestro gusto y quer\u00e9is compartirlo ser\u00e1 estupendo y m\u00e1s gente podr\u00e1 ver la receta. Gracias por anticipado.<br \/>\nEspero vuestros comentarios que para mi son MUY importantes y recordad que tambi\u00e9n estoy en Facebook <a href=\"https:\/\/www.facebook.com\/El-calaixet-de-la-iaia-533062140099386\/\">https:\/\/www.facebook.com\/El-calaixet-de-la-iaia-533062140099386\/<\/a><\/p>\n","protected":false},"excerpt":{"rendered":"<p>\u00abRefrany; Al mar\u00e7 vent, pluja a l&#8217;abril&#8230; i al rebost, tot l&#8217;any pernil\u00bb En Marzo viento, lluvia en abril y a la despensa, todo el a\u00f1o jam\u00f3n. Hoy una receta, a mi manera&#8230; casi que como todas vamos, porque me gusta personalizarlas al gusto de los m\u00edos, aunque suelo explicaros &hellip; <\/p>\n","protected":false},"author":2,"featured_media":24156,"comment_status":"open","ping_status":"open","sticky":false,"template":"","format":"standard","meta":[],"categories":[67,14],"tags":[],"_links":{"self":[{"href":"https:\/\/elcalaixetdelaiaia.es\/index.php?rest_route=\/wp\/v2\/posts\/19982"}],"collection":[{"href":"https:\/\/elcalaixetdelaiaia.es\/index.php?rest_route=\/wp\/v2\/posts"}],"about":[{"href":"https:\/\/elcalaixetdelaiaia.es\/index.php?rest_route=\/wp\/v2\/types\/post"}],"author":[{"embeddable":true,"href":"https:\/\/elcalaixetdelaiaia.es\/index.php?rest_route=\/wp\/v2\/users\/2"}],"replies":[{"embeddable":true,"href":"https:\/\/elcalaixetdelaiaia.es\/index.php?rest_route=%2Fwp%2Fv2%2Fcomments&post=19982"}],"version-history":[{"count":7,"href":"https:\/\/elcalaixetdelaiaia.es\/index.php?rest_route=\/wp\/v2\/posts\/19982\/revisions"}],"predecessor-version":[{"id":24965,"href":"https:\/\/elcalaixetdelaiaia.es\/index.php?rest_route=\/wp\/v2\/posts\/19982\/revisions\/24965"}],"wp:featuredmedia":[{"embeddable":true,"href":"https:\/\/elcalaixetdelaiaia.es\/index.php?rest_route=\/wp\/v2\/media\/24156"}],"wp:attachment":[{"href":"https:\/\/elcalaixetdelaiaia.es\/index.php?rest_route=%2Fwp%2Fv2%2Fmedia&parent=19982"}],"wp:term":[{"taxonomy":"category","embeddable":true,"href":"https:\/\/elcalaixetdelaiaia.es\/index.php?rest_route=%2Fwp%2Fv2%2Fcategories&post=19982"},{"taxonomy":"post_tag","embeddable":true,"href":"https:\/\/elcalaixetdelaiaia.es\/index.php?rest_route=%2Fwp%2Fv2%2Ftags&post=19982"}],"curies":[{"name":"wp","href":"https:\/\/api.w.org\/{rel}","templated":true}]}}