{"id":19921,"date":"2019-11-24T19:06:23","date_gmt":"2019-11-24T19:06:23","guid":{"rendered":"http:\/\/elcalaixetdelaiaia.es\/?p=19921"},"modified":"2026-01-24T23:15:50","modified_gmt":"2026-01-24T23:15:50","slug":"arroz-en-paella-de-secreto-alcachofassetasgarrofon-y-ajos-tiernos-paso-a-paso","status":"publish","type":"post","link":"https:\/\/elcalaixetdelaiaia.es\/?p=19921","title":{"rendered":"Arroz en paella de secreto, alcachofas,setas,garrofon y ajos tiernos paso a paso"},"content":{"rendered":"<p>\u00abRefrany; <span class=\"st\">El dimoni promet guardar un secret, i de seguida el descobreix.\u00bb El demonio promete guardar un secreto, y de inmediato lo descubre..<br \/>\n<\/span><\/p>\n<p>El \u00absecreto\u00bb que voy a descubriros, es uno de los ingredientes principales para este delicioso arroz seco en paella.<\/p>\n<p>Limpiando a fondo la despensa, me he encontrado con un bote de cristal que conten\u00eda un pu\u00f1adito de setas de cardo deshidratadas y como son las \u00faltimas que me quedan ya aqu\u00ed (aunque en el pueblo, deben haber varios botes en la paidera&#8230; espero \ud83d\ude09 ) y me gusta much\u00edsimo usar y abusar de los productos de temporada, he ido a comprar un poco de garrof\u00f3n tierno, alcachofas, unos ajitos tiernos, y tomates todo de la huerta de Alboraia. Tengo en el congelador una bandejita de secreto y voy a hacer un arrocito seco en paella para tres, que a mi marido le encantaba y que he visto que no tengo publicada.<\/p>\n<p><img decoding=\"async\" loading=\"lazy\" class=\"size-large wp-image-19960 aligncenter\" src=\"https:\/\/elcalaixetdelaiaia.es\/wp-content\/uploads\/2019\/11\/IMG_20191117_154939-1024x768.jpg\" alt=\"\" width=\"750\" height=\"563\" srcset=\"https:\/\/elcalaixetdelaiaia.es\/wp-content\/uploads\/2019\/11\/IMG_20191117_154939-1024x768.jpg 1024w, https:\/\/elcalaixetdelaiaia.es\/wp-content\/uploads\/2019\/11\/IMG_20191117_154939-300x225.jpg 300w, https:\/\/elcalaixetdelaiaia.es\/wp-content\/uploads\/2019\/11\/IMG_20191117_154939-768x576.jpg 768w, https:\/\/elcalaixetdelaiaia.es\/wp-content\/uploads\/2019\/11\/IMG_20191117_154939-1536x1152.jpg 1536w, https:\/\/elcalaixetdelaiaia.es\/wp-content\/uploads\/2019\/11\/IMG_20191117_154939-2048x1536.jpg 2048w\" sizes=\"(max-width: 750px) 100vw, 750px\" \/><\/p>\n<p>Antes de continuar, que quede bien claro que esto en ning\u00fan caso es una paella valenciana, sino un arroz en paella, aunque tampoco es un \u00abarroz con cosas\u00bb.<\/p>\n<p>Os he explicado en otras ocasiones que he publicado recetas con secreto, como aqu\u00ed <a href=\"https:\/\/elcalaixetdelaiaia.es\/?p=1113\">https:\/\/elcalaixetdelaiaia.es\/?p=1113<\/a><a href=\"https:\/\/elcalaixetdelaiaia.es\/2013\/11\/milhojas-de-secreto-y-queso-con\/\">\u00a0\u00a0<\/a>que tipo de carne es.<\/p>\n<p><img decoding=\"async\" loading=\"lazy\" class=\"size-large wp-image-19924 aligncenter\" src=\"https:\/\/elcalaixetdelaiaia.es\/wp-content\/uploads\/2019\/11\/IMG_20191117_112947-1024x768.jpg\" alt=\"\" width=\"750\" height=\"563\" srcset=\"https:\/\/elcalaixetdelaiaia.es\/wp-content\/uploads\/2019\/11\/IMG_20191117_112947-1024x768.jpg 1024w, https:\/\/elcalaixetdelaiaia.es\/wp-content\/uploads\/2019\/11\/IMG_20191117_112947-300x225.jpg 300w, https:\/\/elcalaixetdelaiaia.es\/wp-content\/uploads\/2019\/11\/IMG_20191117_112947-768x576.jpg 768w, https:\/\/elcalaixetdelaiaia.es\/wp-content\/uploads\/2019\/11\/IMG_20191117_112947-1536x1152.jpg 1536w, https:\/\/elcalaixetdelaiaia.es\/wp-content\/uploads\/2019\/11\/IMG_20191117_112947-2048x1536.jpg 2048w\" sizes=\"(max-width: 750px) 100vw, 750px\" \/><\/p>\n<p>El secreto de cerdo, tambi\u00e9n se conoce como cruceta y es una parte del cerdo que est\u00e1 junto a la paletilla, en forma de abanico y queda como escondida. Es una carne econ\u00f3mica si us\u00e1is cerdo blanco, y un poco mas cara si compr\u00e1is cerdo ib\u00e9rico. Es una carne que, al tener bastante grasa veteada e infiltrada en la pieza, resulta muy sabrosa y jugosa, por lo que requiere pocos a\u00f1adidos.<\/p>\n<p>Siempre he o\u00eddo decir que\u00a0por ser piezas tan apetitosas los carniceros las guardaban para su consumo propio, hasta que les pillamos \u00abel secreto\u00bb.<\/p>\n<p>Me gusta mucho utilizar esta pieza para cocinar, sobre todo el arroz, as\u00ed que all\u00e1 vamos con \u00e9stre arrocito rico, rico.<\/p>\n<p>Para tres comensales necesitaremos;<\/p>\n<p><img decoding=\"async\" loading=\"lazy\" class=\"size-large wp-image-19923 aligncenter\" src=\"https:\/\/elcalaixetdelaiaia.es\/wp-content\/uploads\/2019\/11\/IMG_20191117_112932-1024x768.jpg\" alt=\"\" width=\"750\" height=\"563\" srcset=\"https:\/\/elcalaixetdelaiaia.es\/wp-content\/uploads\/2019\/11\/IMG_20191117_112932-1024x768.jpg 1024w, https:\/\/elcalaixetdelaiaia.es\/wp-content\/uploads\/2019\/11\/IMG_20191117_112932-300x225.jpg 300w, https:\/\/elcalaixetdelaiaia.es\/wp-content\/uploads\/2019\/11\/IMG_20191117_112932-768x576.jpg 768w, https:\/\/elcalaixetdelaiaia.es\/wp-content\/uploads\/2019\/11\/IMG_20191117_112932-1536x1152.jpg 1536w, https:\/\/elcalaixetdelaiaia.es\/wp-content\/uploads\/2019\/11\/IMG_20191117_112932-2048x1536.jpg 2048w\" sizes=\"(max-width: 750px) 100vw, 750px\" \/><\/p>\n<ol>\n<li>300g. de arroz redondo<\/li>\n<li>500g de secreto de cerdo<\/li>\n<li>Cuatro alcachofas frescas<\/li>\n<li>300g de garrof\u00f3n natural<\/li>\n<li>Un manojo de ajos tiernos<\/li>\n<li>Dos tomates de pera maduros<\/li>\n<li>700ml. caldo de carne o verduras<\/li>\n<li>Un diente de ajo<\/li>\n<li>Piment\u00f3n de la Vera<\/li>\n<li>Azafr\u00e1n tostado o condimento de paella con azafr\u00e1n<\/li>\n<li>Dos ramitas de romero<\/li>\n<li>Aceite de oliva<\/li>\n<li style=\"text-align: left;\">Sal<\/li>\n<\/ol>\n<p style=\"text-align: center;\"><img decoding=\"async\" loading=\"lazy\" class=\"size-large wp-image-19926 aligncenter\" src=\"https:\/\/elcalaixetdelaiaia.es\/wp-content\/uploads\/2019\/11\/IMG_20191117_113023-1024x768.jpg\" alt=\"\" width=\"750\" height=\"563\" srcset=\"https:\/\/elcalaixetdelaiaia.es\/wp-content\/uploads\/2019\/11\/IMG_20191117_113023-1024x768.jpg 1024w, https:\/\/elcalaixetdelaiaia.es\/wp-content\/uploads\/2019\/11\/IMG_20191117_113023-300x225.jpg 300w, https:\/\/elcalaixetdelaiaia.es\/wp-content\/uploads\/2019\/11\/IMG_20191117_113023-768x576.jpg 768w, https:\/\/elcalaixetdelaiaia.es\/wp-content\/uploads\/2019\/11\/IMG_20191117_113023-1536x1152.jpg 1536w, https:\/\/elcalaixetdelaiaia.es\/wp-content\/uploads\/2019\/11\/IMG_20191117_113023-2048x1536.jpg 2048w\" sizes=\"(max-width: 750px) 100vw, 750px\" \/><\/p>\n<p style=\"text-align: center;\">Los domingos en invierno y muchos s\u00e1bados, en el paseo mar\u00edtimo de La Patacona, ponen puestecitos ambulantes de panes ecol\u00f3gicos, zumos naturales, libros, artesan\u00eda en general y una parada de verduras y frutas frescas y productos de la huerta de Alboraya. Me encanta ir a comprar all\u00ed, porque son productos de primera, y de temporada y puedo hacer la compra semanal con mi LLuna, sin ponerme pegas. Ya os he contado que es absolutamente IMPOSIBLE dejarla sola, y tengo que ir a todos los sitios con ella&#8230; o no salir de casa \ud83d\ude41 por lo que normalmente hago la compra online, ya que no me queda otro remedio, por eso para mi, es una maravilla, poder comprar en este tipo de sitios. Ah, los ajitos son de X\u00e0tiva.<\/p>\n<p style=\"text-align: center;\"><img decoding=\"async\" loading=\"lazy\" class=\"size-large wp-image-19927 aligncenter\" src=\"https:\/\/elcalaixetdelaiaia.es\/wp-content\/uploads\/2019\/11\/IMG_20191117_113626-1024x768.jpg\" alt=\"\" width=\"750\" height=\"563\" srcset=\"https:\/\/elcalaixetdelaiaia.es\/wp-content\/uploads\/2019\/11\/IMG_20191117_113626-1024x768.jpg 1024w, https:\/\/elcalaixetdelaiaia.es\/wp-content\/uploads\/2019\/11\/IMG_20191117_113626-300x225.jpg 300w, https:\/\/elcalaixetdelaiaia.es\/wp-content\/uploads\/2019\/11\/IMG_20191117_113626-768x576.jpg 768w, https:\/\/elcalaixetdelaiaia.es\/wp-content\/uploads\/2019\/11\/IMG_20191117_113626-1536x1152.jpg 1536w, https:\/\/elcalaixetdelaiaia.es\/wp-content\/uploads\/2019\/11\/IMG_20191117_113626-2048x1536.jpg 2048w\" sizes=\"(max-width: 750px) 100vw, 750px\" \/><\/p>\n<p style=\"text-align: center;\">Durante casi todo el a\u00f1o, no me queda mas remedio que consumir el garrof\u00f3n congelado. o seco y cocido en casa por mi, por eso cuando tengo ocasi\u00f3n de comprarlo fresco, es una delicia porque el garrof\u00f3n me encantaaaaa, de hecho, cuando hago paella en familia y la comemos en la paella, todos, van echando garrof\u00f3n en mi parte por lo que me pongo morada jajaja.<\/p>\n<p style=\"text-align: center;\">Comenzaremos desgranando las vainas del garrof\u00f3n, que mirad que preciosidad&#8230;mmmm, os recomiendo que simpre que sea posible, consum\u00e1is productos de temporada y mejor a\u00fan, de km 0<\/p>\n<p style=\"text-align: center;\"><img decoding=\"async\" loading=\"lazy\" class=\"size-large wp-image-19928 aligncenter\" src=\"https:\/\/elcalaixetdelaiaia.es\/wp-content\/uploads\/2019\/11\/IMG_20191117_115910-1024x768.jpg\" alt=\"\" width=\"750\" height=\"563\" srcset=\"https:\/\/elcalaixetdelaiaia.es\/wp-content\/uploads\/2019\/11\/IMG_20191117_115910-1024x768.jpg 1024w, https:\/\/elcalaixetdelaiaia.es\/wp-content\/uploads\/2019\/11\/IMG_20191117_115910-300x225.jpg 300w, https:\/\/elcalaixetdelaiaia.es\/wp-content\/uploads\/2019\/11\/IMG_20191117_115910-768x576.jpg 768w, https:\/\/elcalaixetdelaiaia.es\/wp-content\/uploads\/2019\/11\/IMG_20191117_115910-1536x1152.jpg 1536w, https:\/\/elcalaixetdelaiaia.es\/wp-content\/uploads\/2019\/11\/IMG_20191117_115910-2048x1536.jpg 2048w\" sizes=\"(max-width: 750px) 100vw, 750px\" \/><\/p>\n<p style=\"text-align: center;\">Pelamos y troceamos los ajitos tiernos, rallamos los tomates con el ajo, y hacemos la carne a trocitos de bocado. Este es un arroz \u00abde senyoret\u00bb porque se come sin utilizar el cuchillo, mi mami, le dec\u00eda a este tipo de comida \u00abde mos red\u00f2\u00bb.<\/p>\n<p style=\"text-align: center;\">Las alcachofas de momento, las dejamos sin tocar<\/p>\n<p style=\"text-align: center;\"><img decoding=\"async\" loading=\"lazy\" class=\"size-large wp-image-19962 aligncenter\" src=\"https:\/\/elcalaixetdelaiaia.es\/wp-content\/uploads\/2019\/11\/IMG_20191117_120323-1024x768.jpg\" alt=\"\" width=\"750\" height=\"563\" srcset=\"https:\/\/elcalaixetdelaiaia.es\/wp-content\/uploads\/2019\/11\/IMG_20191117_120323-1024x768.jpg 1024w, https:\/\/elcalaixetdelaiaia.es\/wp-content\/uploads\/2019\/11\/IMG_20191117_120323-300x225.jpg 300w, https:\/\/elcalaixetdelaiaia.es\/wp-content\/uploads\/2019\/11\/IMG_20191117_120323-768x576.jpg 768w, https:\/\/elcalaixetdelaiaia.es\/wp-content\/uploads\/2019\/11\/IMG_20191117_120323-1536x1152.jpg 1536w, https:\/\/elcalaixetdelaiaia.es\/wp-content\/uploads\/2019\/11\/IMG_20191117_120323-2048x1536.jpg 2048w\" sizes=\"(max-width: 750px) 100vw, 750px\" \/><\/p>\n<p style=\"text-align: center;\">Lo perfecto ser\u00eda hacerlo al aire libre y a la le\u00f1a, como todos los arroces en paella y carnes y embutidos a la brasa, perooo cuando no se puede&#8230;no se puede, as\u00ed que con la vitro, ya que no hay mas remedio,aunque desde luego, no sabe para nada igual, nos tenemos que conformar.<\/p>\n<p style=\"text-align: center;\">Pondremos el aceite de oliva en la paella, recordando que la carne de secreto es grasienta, el aceite de oliva al calentarse, crece, y la carne nos soltar\u00e1 grasita. Podemos eliminarla previamente, pero quitar esta grasita, es como quitar la de las costillas, me resulta absurdo, pero eso, ya, a gusto de cada cual.<\/p>\n<p style=\"text-align: center;\">Pondremos sal en el aceite, para que salpique menos al freir los ingredientes.<\/p>\n<p style=\"text-align: center;\"><img decoding=\"async\" loading=\"lazy\" class=\"size-large wp-image-19929 aligncenter\" src=\"https:\/\/elcalaixetdelaiaia.es\/wp-content\/uploads\/2019\/11\/IMG_20191117_121058-1024x768.jpg\" alt=\"\" width=\"750\" height=\"563\" srcset=\"https:\/\/elcalaixetdelaiaia.es\/wp-content\/uploads\/2019\/11\/IMG_20191117_121058-1024x768.jpg 1024w, https:\/\/elcalaixetdelaiaia.es\/wp-content\/uploads\/2019\/11\/IMG_20191117_121058-300x225.jpg 300w, https:\/\/elcalaixetdelaiaia.es\/wp-content\/uploads\/2019\/11\/IMG_20191117_121058-768x576.jpg 768w, https:\/\/elcalaixetdelaiaia.es\/wp-content\/uploads\/2019\/11\/IMG_20191117_121058-1536x1152.jpg 1536w, https:\/\/elcalaixetdelaiaia.es\/wp-content\/uploads\/2019\/11\/IMG_20191117_121058-2048x1536.jpg 2048w\" sizes=\"(max-width: 750px) 100vw, 750px\" \/><\/p>\n<p style=\"text-align: center;\">Cuando el aceite est\u00e9 caliente, doramos lentamente la carne<\/p>\n<p style=\"text-align: center;\"><img decoding=\"async\" loading=\"lazy\" class=\"size-large wp-image-19930 aligncenter\" src=\"https:\/\/elcalaixetdelaiaia.es\/wp-content\/uploads\/2019\/11\/IMG_20191117_121746-1024x768.jpg\" alt=\"\" width=\"750\" height=\"563\" srcset=\"https:\/\/elcalaixetdelaiaia.es\/wp-content\/uploads\/2019\/11\/IMG_20191117_121746-1024x768.jpg 1024w, https:\/\/elcalaixetdelaiaia.es\/wp-content\/uploads\/2019\/11\/IMG_20191117_121746-300x225.jpg 300w, https:\/\/elcalaixetdelaiaia.es\/wp-content\/uploads\/2019\/11\/IMG_20191117_121746-768x576.jpg 768w, https:\/\/elcalaixetdelaiaia.es\/wp-content\/uploads\/2019\/11\/IMG_20191117_121746-1536x1152.jpg 1536w, https:\/\/elcalaixetdelaiaia.es\/wp-content\/uploads\/2019\/11\/IMG_20191117_121746-2048x1536.jpg 2048w\" sizes=\"(max-width: 750px) 100vw, 750px\" \/><\/p>\n<p style=\"text-align: center;\">Mientras, pelamos y cortamos por la mitad las alcachofas, si no os gusta que oscurezcan el arroz, las pod\u00e9is poner a remojo con agua en un bol, y el zumo de medio lim\u00f3n, aunque si las hac\u00e9is como os indico salen buen\u00edsimas y no hacen el arroz negruzco ni verdoso, en absoluto como podr\u00e9is comprobar.<\/p>\n<p style=\"text-align: center;\"><img decoding=\"async\" loading=\"lazy\" class=\"size-large wp-image-19931 aligncenter\" src=\"https:\/\/elcalaixetdelaiaia.es\/wp-content\/uploads\/2019\/11\/IMG_20191117_121916-1024x768.jpg\" alt=\"\" width=\"750\" height=\"563\" srcset=\"https:\/\/elcalaixetdelaiaia.es\/wp-content\/uploads\/2019\/11\/IMG_20191117_121916-1024x768.jpg 1024w, https:\/\/elcalaixetdelaiaia.es\/wp-content\/uploads\/2019\/11\/IMG_20191117_121916-300x225.jpg 300w, https:\/\/elcalaixetdelaiaia.es\/wp-content\/uploads\/2019\/11\/IMG_20191117_121916-768x576.jpg 768w, https:\/\/elcalaixetdelaiaia.es\/wp-content\/uploads\/2019\/11\/IMG_20191117_121916-1536x1152.jpg 1536w, https:\/\/elcalaixetdelaiaia.es\/wp-content\/uploads\/2019\/11\/IMG_20191117_121916-2048x1536.jpg 2048w\" sizes=\"(max-width: 750px) 100vw, 750px\" \/><\/p>\n<p style=\"text-align: center;\">Cuando la carne est\u00e9 dorada, apartamos a las orillas y ponemos a freir las alcachofas<\/p>\n<p style=\"text-align: center;\"><img decoding=\"async\" loading=\"lazy\" class=\"size-large wp-image-19932 aligncenter\" src=\"https:\/\/elcalaixetdelaiaia.es\/wp-content\/uploads\/2019\/11\/IMG_20191117_122627-1024x768.jpg\" alt=\"\" width=\"750\" height=\"563\" srcset=\"https:\/\/elcalaixetdelaiaia.es\/wp-content\/uploads\/2019\/11\/IMG_20191117_122627-1024x768.jpg 1024w, https:\/\/elcalaixetdelaiaia.es\/wp-content\/uploads\/2019\/11\/IMG_20191117_122627-300x225.jpg 300w, https:\/\/elcalaixetdelaiaia.es\/wp-content\/uploads\/2019\/11\/IMG_20191117_122627-768x576.jpg 768w, https:\/\/elcalaixetdelaiaia.es\/wp-content\/uploads\/2019\/11\/IMG_20191117_122627-1536x1152.jpg 1536w, https:\/\/elcalaixetdelaiaia.es\/wp-content\/uploads\/2019\/11\/IMG_20191117_122627-2048x1536.jpg 2048w\" sizes=\"(max-width: 750px) 100vw, 750px\" \/><\/p>\n<p style=\"text-align: center;\">controlando que no se hagan demasiado,<\/p>\n<p style=\"text-align: center;\"><img decoding=\"async\" loading=\"lazy\" class=\"size-large wp-image-19934 aligncenter\" src=\"https:\/\/elcalaixetdelaiaia.es\/wp-content\/uploads\/2019\/11\/IMG_20191117_123039-1024x768.jpg\" alt=\"\" width=\"750\" height=\"563\" srcset=\"https:\/\/elcalaixetdelaiaia.es\/wp-content\/uploads\/2019\/11\/IMG_20191117_123039-1024x768.jpg 1024w, https:\/\/elcalaixetdelaiaia.es\/wp-content\/uploads\/2019\/11\/IMG_20191117_123039-300x225.jpg 300w, https:\/\/elcalaixetdelaiaia.es\/wp-content\/uploads\/2019\/11\/IMG_20191117_123039-768x576.jpg 768w, https:\/\/elcalaixetdelaiaia.es\/wp-content\/uploads\/2019\/11\/IMG_20191117_123039-1536x1152.jpg 1536w, https:\/\/elcalaixetdelaiaia.es\/wp-content\/uploads\/2019\/11\/IMG_20191117_123039-2048x1536.jpg 2048w\" sizes=\"(max-width: 750px) 100vw, 750px\" \/><\/p>\n<p style=\"text-align: center;\">Cuando est\u00e9n tomando color, las apartamos de la paella porque como las alcachofas se hacen en un pispas, las a\u00f1adiremos despu\u00e9s<\/p>\n<p style=\"text-align: center;\"><img decoding=\"async\" loading=\"lazy\" class=\"size-large wp-image-19933 aligncenter\" src=\"https:\/\/elcalaixetdelaiaia.es\/wp-content\/uploads\/2019\/11\/IMG_20191117_122843-1024x768.jpg\" alt=\"\" width=\"750\" height=\"563\" srcset=\"https:\/\/elcalaixetdelaiaia.es\/wp-content\/uploads\/2019\/11\/IMG_20191117_122843-1024x768.jpg 1024w, https:\/\/elcalaixetdelaiaia.es\/wp-content\/uploads\/2019\/11\/IMG_20191117_122843-300x225.jpg 300w, https:\/\/elcalaixetdelaiaia.es\/wp-content\/uploads\/2019\/11\/IMG_20191117_122843-768x576.jpg 768w, https:\/\/elcalaixetdelaiaia.es\/wp-content\/uploads\/2019\/11\/IMG_20191117_122843-1536x1152.jpg 1536w, https:\/\/elcalaixetdelaiaia.es\/wp-content\/uploads\/2019\/11\/IMG_20191117_122843-2048x1536.jpg 2048w\" sizes=\"(max-width: 750px) 100vw, 750px\" \/><\/p>\n<p style=\"text-align: center;\">incorporamos los ajitos tiernos al sofrito, removemos y cuando est\u00e9n dorados<\/p>\n<p style=\"text-align: center;\"><img decoding=\"async\" loading=\"lazy\" class=\"size-large wp-image-19935 aligncenter\" src=\"https:\/\/elcalaixetdelaiaia.es\/wp-content\/uploads\/2019\/11\/IMG_20191117_123242-1024x768.jpg\" alt=\"\" width=\"750\" height=\"563\" srcset=\"https:\/\/elcalaixetdelaiaia.es\/wp-content\/uploads\/2019\/11\/IMG_20191117_123242-1024x768.jpg 1024w, https:\/\/elcalaixetdelaiaia.es\/wp-content\/uploads\/2019\/11\/IMG_20191117_123242-300x225.jpg 300w, https:\/\/elcalaixetdelaiaia.es\/wp-content\/uploads\/2019\/11\/IMG_20191117_123242-768x576.jpg 768w, https:\/\/elcalaixetdelaiaia.es\/wp-content\/uploads\/2019\/11\/IMG_20191117_123242-1536x1152.jpg 1536w, https:\/\/elcalaixetdelaiaia.es\/wp-content\/uploads\/2019\/11\/IMG_20191117_123242-2048x1536.jpg 2048w\" sizes=\"(max-width: 750px) 100vw, 750px\" \/><\/p>\n<p style=\"text-align: center;\">a\u00f1adimos el garrof\u00f3n, removemos<\/p>\n<p style=\"text-align: center;\"><img decoding=\"async\" loading=\"lazy\" class=\"size-large wp-image-19936 aligncenter\" src=\"https:\/\/elcalaixetdelaiaia.es\/wp-content\/uploads\/2019\/11\/IMG_20191117_123544-1024x768.jpg\" alt=\"\" width=\"750\" height=\"563\" srcset=\"https:\/\/elcalaixetdelaiaia.es\/wp-content\/uploads\/2019\/11\/IMG_20191117_123544-1024x768.jpg 1024w, https:\/\/elcalaixetdelaiaia.es\/wp-content\/uploads\/2019\/11\/IMG_20191117_123544-300x225.jpg 300w, https:\/\/elcalaixetdelaiaia.es\/wp-content\/uploads\/2019\/11\/IMG_20191117_123544-768x576.jpg 768w, https:\/\/elcalaixetdelaiaia.es\/wp-content\/uploads\/2019\/11\/IMG_20191117_123544-1536x1152.jpg 1536w, https:\/\/elcalaixetdelaiaia.es\/wp-content\/uploads\/2019\/11\/IMG_20191117_123544-2048x1536.jpg 2048w\" sizes=\"(max-width: 750px) 100vw, 750px\" \/><\/p>\n<p style=\"text-align: center;\">y ahora es el momento de a\u00f1adir los tomates rallados con el ajo<\/p>\n<p style=\"text-align: center;\"><img decoding=\"async\" loading=\"lazy\" class=\"size-large wp-image-19938 aligncenter\" src=\"https:\/\/elcalaixetdelaiaia.es\/wp-content\/uploads\/2019\/11\/IMG_20191117_123631-1024x768.jpg\" alt=\"\" width=\"750\" height=\"563\" srcset=\"https:\/\/elcalaixetdelaiaia.es\/wp-content\/uploads\/2019\/11\/IMG_20191117_123631-1024x768.jpg 1024w, https:\/\/elcalaixetdelaiaia.es\/wp-content\/uploads\/2019\/11\/IMG_20191117_123631-300x225.jpg 300w, https:\/\/elcalaixetdelaiaia.es\/wp-content\/uploads\/2019\/11\/IMG_20191117_123631-768x576.jpg 768w, https:\/\/elcalaixetdelaiaia.es\/wp-content\/uploads\/2019\/11\/IMG_20191117_123631-1536x1152.jpg 1536w, https:\/\/elcalaixetdelaiaia.es\/wp-content\/uploads\/2019\/11\/IMG_20191117_123631-2048x1536.jpg 2048w\" sizes=\"(max-width: 750px) 100vw, 750px\" \/><\/p>\n<p style=\"text-align: center;\">ponemos las setas de cardo, para que con el jugo del tomate, se vayan rehidratando y tomando el sabor del sofrito<\/p>\n<p style=\"text-align: center;\"><img decoding=\"async\" loading=\"lazy\" class=\"size-large wp-image-19939 aligncenter\" src=\"https:\/\/elcalaixetdelaiaia.es\/wp-content\/uploads\/2019\/11\/IMG_20191117_124220-1024x768.jpg\" alt=\"\" width=\"750\" height=\"563\" srcset=\"https:\/\/elcalaixetdelaiaia.es\/wp-content\/uploads\/2019\/11\/IMG_20191117_124220-1024x768.jpg 1024w, https:\/\/elcalaixetdelaiaia.es\/wp-content\/uploads\/2019\/11\/IMG_20191117_124220-300x225.jpg 300w, https:\/\/elcalaixetdelaiaia.es\/wp-content\/uploads\/2019\/11\/IMG_20191117_124220-768x576.jpg 768w, https:\/\/elcalaixetdelaiaia.es\/wp-content\/uploads\/2019\/11\/IMG_20191117_124220-1536x1152.jpg 1536w, https:\/\/elcalaixetdelaiaia.es\/wp-content\/uploads\/2019\/11\/IMG_20191117_124220-2048x1536.jpg 2048w\" sizes=\"(max-width: 750px) 100vw, 750px\" \/><\/p>\n<p style=\"text-align: center;\">Removemos y mantenemos en el fuego hasta que desaparezca la aguilla del tomate,<\/p>\n<p style=\"text-align: center;\"><img decoding=\"async\" loading=\"lazy\" class=\"size-large wp-image-19941 aligncenter\" src=\"https:\/\/elcalaixetdelaiaia.es\/wp-content\/uploads\/2019\/11\/IMG_20191117_124600-1024x768.jpg\" alt=\"\" width=\"750\" height=\"563\" srcset=\"https:\/\/elcalaixetdelaiaia.es\/wp-content\/uploads\/2019\/11\/IMG_20191117_124600-1024x768.jpg 1024w, https:\/\/elcalaixetdelaiaia.es\/wp-content\/uploads\/2019\/11\/IMG_20191117_124600-300x225.jpg 300w, https:\/\/elcalaixetdelaiaia.es\/wp-content\/uploads\/2019\/11\/IMG_20191117_124600-768x576.jpg 768w, https:\/\/elcalaixetdelaiaia.es\/wp-content\/uploads\/2019\/11\/IMG_20191117_124600-1536x1152.jpg 1536w, https:\/\/elcalaixetdelaiaia.es\/wp-content\/uploads\/2019\/11\/IMG_20191117_124600-2048x1536.jpg 2048w\" sizes=\"(max-width: 750px) 100vw, 750px\" \/><\/p>\n<p style=\"text-align: center;\">Ahora hay dos maneras de seguir, seg\u00fan os guste la carne mas o menos hecha. Si os gusta muy cocida, a\u00f1ad\u00eds el piment\u00f3n remov\u00e9is y acto seguido un litro de caldo de carne o verduras y dej\u00e1is hervir unos diez minutos. Pon\u00e9is el azafr\u00e1n tostado, rectific\u00e1is de sal, dos ramitas de romero y ech\u00e1is el arroz. Hoy no lo voy a hacer as\u00ed, por tanto sigo con las explicaciones<\/p>\n<p style=\"text-align: center;\"><img decoding=\"async\" loading=\"lazy\" class=\"size-large wp-image-19942 aligncenter\" src=\"https:\/\/elcalaixetdelaiaia.es\/wp-content\/uploads\/2019\/11\/IMG_20191117_124712-1024x768.jpg\" alt=\"\" width=\"750\" height=\"563\" srcset=\"https:\/\/elcalaixetdelaiaia.es\/wp-content\/uploads\/2019\/11\/IMG_20191117_124712-1024x768.jpg 1024w, https:\/\/elcalaixetdelaiaia.es\/wp-content\/uploads\/2019\/11\/IMG_20191117_124712-300x225.jpg 300w, https:\/\/elcalaixetdelaiaia.es\/wp-content\/uploads\/2019\/11\/IMG_20191117_124712-768x576.jpg 768w, https:\/\/elcalaixetdelaiaia.es\/wp-content\/uploads\/2019\/11\/IMG_20191117_124712-1536x1152.jpg 1536w, https:\/\/elcalaixetdelaiaia.es\/wp-content\/uploads\/2019\/11\/IMG_20191117_124712-2048x1536.jpg 2048w\" sizes=\"(max-width: 750px) 100vw, 750px\" \/><\/p>\n<p style=\"text-align: center;\">Hoy voy a a\u00f1adir en \u00e9ste punto el arroz para que se sofr\u00eda, removemos y un par de minutos al fuego<\/p>\n<p style=\"text-align: center;\"><img decoding=\"async\" loading=\"lazy\" class=\"size-large wp-image-19940 aligncenter\" src=\"https:\/\/elcalaixetdelaiaia.es\/wp-content\/uploads\/2019\/11\/IMG_20191117_124525-1024x768.jpg\" alt=\"\" width=\"750\" height=\"563\" srcset=\"https:\/\/elcalaixetdelaiaia.es\/wp-content\/uploads\/2019\/11\/IMG_20191117_124525-1024x768.jpg 1024w, https:\/\/elcalaixetdelaiaia.es\/wp-content\/uploads\/2019\/11\/IMG_20191117_124525-300x225.jpg 300w, https:\/\/elcalaixetdelaiaia.es\/wp-content\/uploads\/2019\/11\/IMG_20191117_124525-768x576.jpg 768w, https:\/\/elcalaixetdelaiaia.es\/wp-content\/uploads\/2019\/11\/IMG_20191117_124525-1536x1152.jpg 1536w, https:\/\/elcalaixetdelaiaia.es\/wp-content\/uploads\/2019\/11\/IMG_20191117_124525-2048x1536.jpg 2048w\" sizes=\"(max-width: 750px) 100vw, 750px\" \/><\/p>\n<p style=\"text-align: center;\">Incorporamos una cucharadita de piment\u00f3n de la Vera dulce<\/p>\n<p style=\"text-align: center;\"><img decoding=\"async\" loading=\"lazy\" class=\"size-large wp-image-19943 aligncenter\" src=\"https:\/\/elcalaixetdelaiaia.es\/wp-content\/uploads\/2019\/11\/IMG_20191117_140600-1024x768.jpg\" alt=\"\" width=\"750\" height=\"563\" srcset=\"https:\/\/elcalaixetdelaiaia.es\/wp-content\/uploads\/2019\/11\/IMG_20191117_140600-1024x768.jpg 1024w, https:\/\/elcalaixetdelaiaia.es\/wp-content\/uploads\/2019\/11\/IMG_20191117_140600-300x225.jpg 300w, https:\/\/elcalaixetdelaiaia.es\/wp-content\/uploads\/2019\/11\/IMG_20191117_140600-768x576.jpg 768w, https:\/\/elcalaixetdelaiaia.es\/wp-content\/uploads\/2019\/11\/IMG_20191117_140600-1536x1152.jpg 1536w, https:\/\/elcalaixetdelaiaia.es\/wp-content\/uploads\/2019\/11\/IMG_20191117_140600-2048x1536.jpg 2048w\" sizes=\"(max-width: 750px) 100vw, 750px\" \/><\/p>\n<p style=\"text-align: center;\">El azafr\u00e1n tostado, o preparado para paella con azafr\u00e1n<\/p>\n<p style=\"text-align: center;\"><img decoding=\"async\" loading=\"lazy\" class=\"size-large wp-image-19944 aligncenter\" src=\"https:\/\/elcalaixetdelaiaia.es\/wp-content\/uploads\/2019\/11\/IMG_20191117_140734-1024x768.jpg\" alt=\"\" width=\"750\" height=\"563\" srcset=\"https:\/\/elcalaixetdelaiaia.es\/wp-content\/uploads\/2019\/11\/IMG_20191117_140734-1024x768.jpg 1024w, https:\/\/elcalaixetdelaiaia.es\/wp-content\/uploads\/2019\/11\/IMG_20191117_140734-300x225.jpg 300w, https:\/\/elcalaixetdelaiaia.es\/wp-content\/uploads\/2019\/11\/IMG_20191117_140734-768x576.jpg 768w, https:\/\/elcalaixetdelaiaia.es\/wp-content\/uploads\/2019\/11\/IMG_20191117_140734-1536x1152.jpg 1536w, https:\/\/elcalaixetdelaiaia.es\/wp-content\/uploads\/2019\/11\/IMG_20191117_140734-2048x1536.jpg 2048w\" sizes=\"(max-width: 750px) 100vw, 750px\" \/><\/p>\n<p style=\"text-align: center;\">y acto seguido sin perder tiempo, para que no se queme el piment\u00f3n pues amargar\u00eda, cortamos las cocci\u00f3n con el caldo hirviendo, que puede ser de carne o de verduras<\/p>\n<p style=\"text-align: center;\"><img decoding=\"async\" loading=\"lazy\" class=\"size-large wp-image-19945 aligncenter\" src=\"https:\/\/elcalaixetdelaiaia.es\/wp-content\/uploads\/2019\/11\/IMG_20191117_140912-1024x768.jpg\" alt=\"\" width=\"750\" height=\"563\" srcset=\"https:\/\/elcalaixetdelaiaia.es\/wp-content\/uploads\/2019\/11\/IMG_20191117_140912-1024x768.jpg 1024w, https:\/\/elcalaixetdelaiaia.es\/wp-content\/uploads\/2019\/11\/IMG_20191117_140912-300x225.jpg 300w, https:\/\/elcalaixetdelaiaia.es\/wp-content\/uploads\/2019\/11\/IMG_20191117_140912-768x576.jpg 768w, https:\/\/elcalaixetdelaiaia.es\/wp-content\/uploads\/2019\/11\/IMG_20191117_140912-1536x1152.jpg 1536w, https:\/\/elcalaixetdelaiaia.es\/wp-content\/uploads\/2019\/11\/IMG_20191117_140912-2048x1536.jpg 2048w\" sizes=\"(max-width: 750px) 100vw, 750px\" \/><\/p>\n<p style=\"text-align: center;\">en cuanto comience a hervir probamos y rectificamos de sal, si es preciso<\/p>\n<p style=\"text-align: center;\"><img decoding=\"async\" loading=\"lazy\" class=\"size-large wp-image-19946 aligncenter\" src=\"https:\/\/elcalaixetdelaiaia.es\/wp-content\/uploads\/2019\/11\/IMG_20191117_141025-1024x768.jpg\" alt=\"\" width=\"750\" height=\"563\" srcset=\"https:\/\/elcalaixetdelaiaia.es\/wp-content\/uploads\/2019\/11\/IMG_20191117_141025-1024x768.jpg 1024w, https:\/\/elcalaixetdelaiaia.es\/wp-content\/uploads\/2019\/11\/IMG_20191117_141025-300x225.jpg 300w, https:\/\/elcalaixetdelaiaia.es\/wp-content\/uploads\/2019\/11\/IMG_20191117_141025-768x576.jpg 768w, https:\/\/elcalaixetdelaiaia.es\/wp-content\/uploads\/2019\/11\/IMG_20191117_141025-1536x1152.jpg 1536w, https:\/\/elcalaixetdelaiaia.es\/wp-content\/uploads\/2019\/11\/IMG_20191117_141025-2048x1536.jpg 2048w\" sizes=\"(max-width: 750px) 100vw, 750px\" \/><\/p>\n<p style=\"text-align: center;\">ponemos dos ramitas de romero bien enjuagadas, este reci\u00e9n cogido, de la planta del jard\u00edn \ud83d\ude09<\/p>\n<p style=\"text-align: center;\"><img decoding=\"async\" loading=\"lazy\" class=\"alignnone size-large wp-image-19947\" src=\"https:\/\/elcalaixetdelaiaia.es\/wp-content\/uploads\/2019\/11\/IMG_20191117_141758-1024x768.jpg\" alt=\"\" width=\"750\" height=\"563\" srcset=\"https:\/\/elcalaixetdelaiaia.es\/wp-content\/uploads\/2019\/11\/IMG_20191117_141758-1024x768.jpg 1024w, https:\/\/elcalaixetdelaiaia.es\/wp-content\/uploads\/2019\/11\/IMG_20191117_141758-300x225.jpg 300w, https:\/\/elcalaixetdelaiaia.es\/wp-content\/uploads\/2019\/11\/IMG_20191117_141758-768x576.jpg 768w, https:\/\/elcalaixetdelaiaia.es\/wp-content\/uploads\/2019\/11\/IMG_20191117_141758-1536x1152.jpg 1536w, https:\/\/elcalaixetdelaiaia.es\/wp-content\/uploads\/2019\/11\/IMG_20191117_141758-2048x1536.jpg 2048w\" sizes=\"(max-width: 750px) 100vw, 750px\" \/><\/p>\n<p style=\"text-align: center;\">Procuramos fuego fuerte durante cinco minutos,\u00a0 cinco minutos mas a fuego medio, quitamos las ramitas de romero y agregamos las alcachofas<\/p>\n<p style=\"text-align: center;\"><img decoding=\"async\" loading=\"lazy\" class=\"size-large wp-image-19948 aligncenter\" src=\"https:\/\/elcalaixetdelaiaia.es\/wp-content\/uploads\/2019\/11\/IMG_20191117_141941-1024x768.jpg\" alt=\"\" width=\"750\" height=\"563\" srcset=\"https:\/\/elcalaixetdelaiaia.es\/wp-content\/uploads\/2019\/11\/IMG_20191117_141941-1024x768.jpg 1024w, https:\/\/elcalaixetdelaiaia.es\/wp-content\/uploads\/2019\/11\/IMG_20191117_141941-300x225.jpg 300w, https:\/\/elcalaixetdelaiaia.es\/wp-content\/uploads\/2019\/11\/IMG_20191117_141941-768x576.jpg 768w, https:\/\/elcalaixetdelaiaia.es\/wp-content\/uploads\/2019\/11\/IMG_20191117_141941-1536x1152.jpg 1536w, https:\/\/elcalaixetdelaiaia.es\/wp-content\/uploads\/2019\/11\/IMG_20191117_141941-2048x1536.jpg 2048w\" sizes=\"(max-width: 750px) 100vw, 750px\" \/><\/p>\n<p style=\"text-align: center;\">y mantenemos otros diez minutos a fuego suave<\/p>\n<p style=\"text-align: center;\"><img decoding=\"async\" loading=\"lazy\" class=\"size-large wp-image-19949 aligncenter\" src=\"https:\/\/elcalaixetdelaiaia.es\/wp-content\/uploads\/2019\/11\/IMG_20191117_143902-1024x768.jpg\" alt=\"\" width=\"750\" height=\"563\" srcset=\"https:\/\/elcalaixetdelaiaia.es\/wp-content\/uploads\/2019\/11\/IMG_20191117_143902-1024x768.jpg 1024w, https:\/\/elcalaixetdelaiaia.es\/wp-content\/uploads\/2019\/11\/IMG_20191117_143902-300x225.jpg 300w, https:\/\/elcalaixetdelaiaia.es\/wp-content\/uploads\/2019\/11\/IMG_20191117_143902-768x576.jpg 768w, https:\/\/elcalaixetdelaiaia.es\/wp-content\/uploads\/2019\/11\/IMG_20191117_143902-1536x1152.jpg 1536w, https:\/\/elcalaixetdelaiaia.es\/wp-content\/uploads\/2019\/11\/IMG_20191117_143902-2048x1536.jpg 2048w\" sizes=\"(max-width: 750px) 100vw, 750px\" \/><\/p>\n<p style=\"text-align: center;\">pasados 20 minutos exactos desde que comenz\u00f3 a hervir el caldo, (si veis que os falta algo de caldo, tapad con papel de cocina, \u00f3 un trapo humedecido, para que se termine de hacer el arroz)<\/p>\n<p style=\"text-align: center;\"><img decoding=\"async\" loading=\"lazy\" class=\"size-large wp-image-19950 alignnone\" src=\"https:\/\/elcalaixetdelaiaia.es\/wp-content\/uploads\/2019\/11\/IMG_20191117_143912-1024x768.jpg\" alt=\"\" width=\"750\" height=\"563\" srcset=\"https:\/\/elcalaixetdelaiaia.es\/wp-content\/uploads\/2019\/11\/IMG_20191117_143912-1024x768.jpg 1024w, https:\/\/elcalaixetdelaiaia.es\/wp-content\/uploads\/2019\/11\/IMG_20191117_143912-300x225.jpg 300w, https:\/\/elcalaixetdelaiaia.es\/wp-content\/uploads\/2019\/11\/IMG_20191117_143912-768x576.jpg 768w, https:\/\/elcalaixetdelaiaia.es\/wp-content\/uploads\/2019\/11\/IMG_20191117_143912-1536x1152.jpg 1536w, https:\/\/elcalaixetdelaiaia.es\/wp-content\/uploads\/2019\/11\/IMG_20191117_143912-2048x1536.jpg 2048w\" sizes=\"(max-width: 750px) 100vw, 750px\" \/><\/p>\n<p style=\"text-align: center;\">apagamos el fuego y dejamos la paella sobre el mismo, para conseguir que con el calor residual, se nos haga el socarraet. Adornamos con una ramita de romero fresco<\/p>\n<p>&nbsp;<\/p>\n<p>&nbsp;<\/p>\n<p style=\"text-align: center;\">\n<p style=\"text-align: center;\"><img decoding=\"async\" loading=\"lazy\" class=\"size-large wp-image-19952 aligncenter\" src=\"https:\/\/elcalaixetdelaiaia.es\/wp-content\/uploads\/2019\/11\/IMG_20191117_144124-1024x768.jpg\" alt=\"\" width=\"750\" height=\"563\" srcset=\"https:\/\/elcalaixetdelaiaia.es\/wp-content\/uploads\/2019\/11\/IMG_20191117_144124-1024x768.jpg 1024w, https:\/\/elcalaixetdelaiaia.es\/wp-content\/uploads\/2019\/11\/IMG_20191117_144124-300x225.jpg 300w, https:\/\/elcalaixetdelaiaia.es\/wp-content\/uploads\/2019\/11\/IMG_20191117_144124-768x576.jpg 768w, https:\/\/elcalaixetdelaiaia.es\/wp-content\/uploads\/2019\/11\/IMG_20191117_144124-1536x1152.jpg 1536w, https:\/\/elcalaixetdelaiaia.es\/wp-content\/uploads\/2019\/11\/IMG_20191117_144124-2048x1536.jpg 2048w\" sizes=\"(max-width: 750px) 100vw, 750px\" \/><\/p>\n<p style=\"text-align: center;\">y tras unos minutos de reposo<\/p>\n<p style=\"text-align: center;\"><img decoding=\"async\" loading=\"lazy\" class=\"size-large wp-image-19953 aligncenter\" src=\"https:\/\/elcalaixetdelaiaia.es\/wp-content\/uploads\/2019\/11\/IMG_20191117_144130-1024x768.jpg\" alt=\"\" width=\"750\" height=\"563\" srcset=\"https:\/\/elcalaixetdelaiaia.es\/wp-content\/uploads\/2019\/11\/IMG_20191117_144130-1024x768.jpg 1024w, https:\/\/elcalaixetdelaiaia.es\/wp-content\/uploads\/2019\/11\/IMG_20191117_144130-300x225.jpg 300w, https:\/\/elcalaixetdelaiaia.es\/wp-content\/uploads\/2019\/11\/IMG_20191117_144130-768x576.jpg 768w, https:\/\/elcalaixetdelaiaia.es\/wp-content\/uploads\/2019\/11\/IMG_20191117_144130-1536x1152.jpg 1536w, https:\/\/elcalaixetdelaiaia.es\/wp-content\/uploads\/2019\/11\/IMG_20191117_144130-2048x1536.jpg 2048w\" sizes=\"(max-width: 750px) 100vw, 750px\" \/><\/p>\n<p style=\"text-align: center;\">tenemos un estupendo arroz seco<\/p>\n<p style=\"text-align: center;\"><img decoding=\"async\" loading=\"lazy\" class=\"size-large wp-image-19959 aligncenter\" src=\"https:\/\/elcalaixetdelaiaia.es\/wp-content\/uploads\/2019\/11\/IMG_20191117_154917-785x1024.jpg\" alt=\"\" width=\"750\" height=\"978\" srcset=\"https:\/\/elcalaixetdelaiaia.es\/wp-content\/uploads\/2019\/11\/IMG_20191117_154917-785x1024.jpg 785w, https:\/\/elcalaixetdelaiaia.es\/wp-content\/uploads\/2019\/11\/IMG_20191117_154917-230x300.jpg 230w, https:\/\/elcalaixetdelaiaia.es\/wp-content\/uploads\/2019\/11\/IMG_20191117_154917-768x1001.jpg 768w, https:\/\/elcalaixetdelaiaia.es\/wp-content\/uploads\/2019\/11\/IMG_20191117_154917-1178x1536.jpg 1178w, https:\/\/elcalaixetdelaiaia.es\/wp-content\/uploads\/2019\/11\/IMG_20191117_154917-1571x2048.jpg 1571w, https:\/\/elcalaixetdelaiaia.es\/wp-content\/uploads\/2019\/11\/IMG_20191117_154917-scaled.jpg 1963w\" sizes=\"(max-width: 750px) 100vw, 750px\" \/><\/p>\n<p style=\"text-align: center;\">que podemos acompa\u00f1ar de lim\u00f3n, pimiento en salmorra<\/p>\n<p style=\"text-align: center;\"><img decoding=\"async\" loading=\"lazy\" class=\"size-large wp-image-19955 aligncenter\" src=\"https:\/\/elcalaixetdelaiaia.es\/wp-content\/uploads\/2019\/11\/IMG_20191117_154523-1024x768.jpg\" alt=\"\" width=\"750\" height=\"563\" srcset=\"https:\/\/elcalaixetdelaiaia.es\/wp-content\/uploads\/2019\/11\/IMG_20191117_154523-1024x768.jpg 1024w, https:\/\/elcalaixetdelaiaia.es\/wp-content\/uploads\/2019\/11\/IMG_20191117_154523-300x225.jpg 300w, https:\/\/elcalaixetdelaiaia.es\/wp-content\/uploads\/2019\/11\/IMG_20191117_154523-768x576.jpg 768w, https:\/\/elcalaixetdelaiaia.es\/wp-content\/uploads\/2019\/11\/IMG_20191117_154523-1536x1152.jpg 1536w, https:\/\/elcalaixetdelaiaia.es\/wp-content\/uploads\/2019\/11\/IMG_20191117_154523-2048x1536.jpg 2048w\" sizes=\"(max-width: 750px) 100vw, 750px\" \/><\/p>\n<p style=\"text-align: center;\">y unas cebollitas en vinagre<\/p>\n<p style=\"text-align: center;\"><img decoding=\"async\" loading=\"lazy\" class=\"size-large wp-image-19956 aligncenter\" src=\"https:\/\/elcalaixetdelaiaia.es\/wp-content\/uploads\/2019\/11\/IMG_20191117_154641-1024x768.jpg\" alt=\"\" width=\"750\" height=\"563\" srcset=\"https:\/\/elcalaixetdelaiaia.es\/wp-content\/uploads\/2019\/11\/IMG_20191117_154641-1024x768.jpg 1024w, https:\/\/elcalaixetdelaiaia.es\/wp-content\/uploads\/2019\/11\/IMG_20191117_154641-300x225.jpg 300w, https:\/\/elcalaixetdelaiaia.es\/wp-content\/uploads\/2019\/11\/IMG_20191117_154641-768x576.jpg 768w, https:\/\/elcalaixetdelaiaia.es\/wp-content\/uploads\/2019\/11\/IMG_20191117_154641-1536x1152.jpg 1536w, https:\/\/elcalaixetdelaiaia.es\/wp-content\/uploads\/2019\/11\/IMG_20191117_154641-2048x1536.jpg 2048w\" sizes=\"(max-width: 750px) 100vw, 750px\" \/><\/p>\n<p style=\"text-align: center;\">Como veis el arroz queda suelto y en su punto y en absoluto verdoso, aunque en casa, no nos importa que quede de color verde, es mas, a mi marido le encantaba, cuanto mas verdoso, mejor,<\/p>\n<p style=\"text-align: center;\"><img decoding=\"async\" loading=\"lazy\" class=\"size-large wp-image-19957 aligncenter\" src=\"https:\/\/elcalaixetdelaiaia.es\/wp-content\/uploads\/2019\/11\/IMG_20191117_154708-1024x768.jpg\" alt=\"\" width=\"750\" height=\"563\" srcset=\"https:\/\/elcalaixetdelaiaia.es\/wp-content\/uploads\/2019\/11\/IMG_20191117_154708-1024x768.jpg 1024w, https:\/\/elcalaixetdelaiaia.es\/wp-content\/uploads\/2019\/11\/IMG_20191117_154708-300x225.jpg 300w, https:\/\/elcalaixetdelaiaia.es\/wp-content\/uploads\/2019\/11\/IMG_20191117_154708-768x576.jpg 768w, https:\/\/elcalaixetdelaiaia.es\/wp-content\/uploads\/2019\/11\/IMG_20191117_154708-1536x1152.jpg 1536w, https:\/\/elcalaixetdelaiaia.es\/wp-content\/uploads\/2019\/11\/IMG_20191117_154708-2048x1536.jpg 2048w\" sizes=\"(max-width: 750px) 100vw, 750px\" \/><\/p>\n<p style=\"text-align: center;\">Y est\u00e1 buen\u00edsimo incluso un par de d\u00edas despu\u00e9s<\/p>\n<p style=\"text-align: center;\"><img decoding=\"async\" loading=\"lazy\" class=\" wp-image-19958 aligncenter\" src=\"https:\/\/elcalaixetdelaiaia.es\/wp-content\/uploads\/2019\/11\/IMG_20191117_154738-1024x768.jpg\" alt=\"\" width=\"750\" height=\"563\" srcset=\"https:\/\/elcalaixetdelaiaia.es\/wp-content\/uploads\/2019\/11\/IMG_20191117_154738-1024x768.jpg 1024w, https:\/\/elcalaixetdelaiaia.es\/wp-content\/uploads\/2019\/11\/IMG_20191117_154738-300x225.jpg 300w, https:\/\/elcalaixetdelaiaia.es\/wp-content\/uploads\/2019\/11\/IMG_20191117_154738-768x576.jpg 768w, https:\/\/elcalaixetdelaiaia.es\/wp-content\/uploads\/2019\/11\/IMG_20191117_154738-1536x1152.jpg 1536w, https:\/\/elcalaixetdelaiaia.es\/wp-content\/uploads\/2019\/11\/IMG_20191117_154738-2048x1536.jpg 2048w\" sizes=\"(max-width: 750px) 100vw, 750px\" \/><\/p>\n<p style=\"text-align: center;\">Con un punto de \u00absocarraet\u00bb perfecto para los de mi casa<\/p>\n<p style=\"text-align: center;\"><img decoding=\"async\" loading=\"lazy\" class=\"size-large wp-image-19960 aligncenter\" src=\"https:\/\/elcalaixetdelaiaia.es\/wp-content\/uploads\/2019\/11\/IMG_20191117_154939-1024x768.jpg\" alt=\"\" width=\"750\" height=\"563\" srcset=\"https:\/\/elcalaixetdelaiaia.es\/wp-content\/uploads\/2019\/11\/IMG_20191117_154939-1024x768.jpg 1024w, https:\/\/elcalaixetdelaiaia.es\/wp-content\/uploads\/2019\/11\/IMG_20191117_154939-300x225.jpg 300w, https:\/\/elcalaixetdelaiaia.es\/wp-content\/uploads\/2019\/11\/IMG_20191117_154939-768x576.jpg 768w, https:\/\/elcalaixetdelaiaia.es\/wp-content\/uploads\/2019\/11\/IMG_20191117_154939-1536x1152.jpg 1536w, https:\/\/elcalaixetdelaiaia.es\/wp-content\/uploads\/2019\/11\/IMG_20191117_154939-2048x1536.jpg 2048w\" sizes=\"(max-width: 750px) 100vw, 750px\" \/><\/p>\n<p style=\"text-align: center;\">Un plato redondo y econ\u00f3mico<\/p>\n<p style=\"text-align: center;\"><img decoding=\"async\" loading=\"lazy\" class=\"size-large wp-image-19961 aligncenter\" src=\"https:\/\/elcalaixetdelaiaia.es\/wp-content\/uploads\/2019\/11\/IMG_20191117_155031-768x1024.jpg\" alt=\"\" width=\"750\" height=\"1000\" srcset=\"https:\/\/elcalaixetdelaiaia.es\/wp-content\/uploads\/2019\/11\/IMG_20191117_155031-768x1024.jpg 768w, https:\/\/elcalaixetdelaiaia.es\/wp-content\/uploads\/2019\/11\/IMG_20191117_155031-225x300.jpg 225w, https:\/\/elcalaixetdelaiaia.es\/wp-content\/uploads\/2019\/11\/IMG_20191117_155031-1152x1536.jpg 1152w, https:\/\/elcalaixetdelaiaia.es\/wp-content\/uploads\/2019\/11\/IMG_20191117_155031-1536x2048.jpg 1536w, https:\/\/elcalaixetdelaiaia.es\/wp-content\/uploads\/2019\/11\/IMG_20191117_155031-scaled.jpg 1920w\" sizes=\"(max-width: 750px) 100vw, 750px\" \/><\/p>\n<p style=\"text-align: center;\">\u00aba la taula y&#8230;BON PROFIT!!!\u00bb<\/p>\n<div>Si os gusta mi receta, pod\u00e9is compartirla, para que llegue a m\u00e1s gente.<\/div>\n<p>Espero vuestro comentarios que para mi son MUY importantes y recordad que tambi\u00e9n estoy en Facebook <a href=\"https:\/\/www.facebook.com\/El-calaixet-de-la-iaia-533062140099386\/\">https:\/\/www.facebook.com\/El-calaixet-de-la-iaia-533062140099386<\/a><\/p>\n<p>Edito esta entrada el 09\/12\/2019 para adjuntar la foto que me env\u00eda Teresa Nicol\u00e1s Domingo y me cuenta que la ha hecho a\u00a0 la le\u00f1a y que le ha salido riqu\u00edsimo.<\/p>\n<p>Mil gracias por confiar en mis recetas, y otras mil por cont\u00e1rmelo \ud83d\ude09<\/p>\n<p><img decoding=\"async\" loading=\"lazy\" class=\"size-full wp-image-20122 aligncenter\" src=\"https:\/\/elcalaixetdelaiaia.es\/wp-content\/uploads\/2019\/11\/paellade-Teresa-Nicolas-Domingo-firmada.jpg\" alt=\"\" width=\"280\" height=\"373\" srcset=\"https:\/\/elcalaixetdelaiaia.es\/wp-content\/uploads\/2019\/11\/paellade-Teresa-Nicolas-Domingo-firmada.jpg 280w, https:\/\/elcalaixetdelaiaia.es\/wp-content\/uploads\/2019\/11\/paellade-Teresa-Nicolas-Domingo-firmada-225x300.jpg 225w\" sizes=\"(max-width: 280px) 100vw, 280px\" \/><\/p>\n","protected":false},"excerpt":{"rendered":"<p>\u00abRefrany; El dimoni promet guardar un secret, i de seguida el descobreix.\u00bb El demonio promete guardar un secreto, y de inmediato lo descubre.. El \u00absecreto\u00bb que voy a descubriros, es uno de los ingredientes principales para este delicioso arroz seco en paella. Limpiando a fondo la despensa, me he encontrado &hellip; <\/p>\n","protected":false},"author":2,"featured_media":19957,"comment_status":"open","ping_status":"open","sticky":false,"template":"","format":"standard","meta":[],"categories":[36,1],"tags":[],"_links":{"self":[{"href":"https:\/\/elcalaixetdelaiaia.es\/index.php?rest_route=\/wp\/v2\/posts\/19921"}],"collection":[{"href":"https:\/\/elcalaixetdelaiaia.es\/index.php?rest_route=\/wp\/v2\/posts"}],"about":[{"href":"https:\/\/elcalaixetdelaiaia.es\/index.php?rest_route=\/wp\/v2\/types\/post"}],"author":[{"embeddable":true,"href":"https:\/\/elcalaixetdelaiaia.es\/index.php?rest_route=\/wp\/v2\/users\/2"}],"replies":[{"embeddable":true,"href":"https:\/\/elcalaixetdelaiaia.es\/index.php?rest_route=%2Fwp%2Fv2%2Fcomments&post=19921"}],"version-history":[{"count":24,"href":"https:\/\/elcalaixetdelaiaia.es\/index.php?rest_route=\/wp\/v2\/posts\/19921\/revisions"}],"predecessor-version":[{"id":28890,"href":"https:\/\/elcalaixetdelaiaia.es\/index.php?rest_route=\/wp\/v2\/posts\/19921\/revisions\/28890"}],"wp:featuredmedia":[{"embeddable":true,"href":"https:\/\/elcalaixetdelaiaia.es\/index.php?rest_route=\/wp\/v2\/media\/19957"}],"wp:attachment":[{"href":"https:\/\/elcalaixetdelaiaia.es\/index.php?rest_route=%2Fwp%2Fv2%2Fmedia&parent=19921"}],"wp:term":[{"taxonomy":"category","embeddable":true,"href":"https:\/\/elcalaixetdelaiaia.es\/index.php?rest_route=%2Fwp%2Fv2%2Fcategories&post=19921"},{"taxonomy":"post_tag","embeddable":true,"href":"https:\/\/elcalaixetdelaiaia.es\/index.php?rest_route=%2Fwp%2Fv2%2Ftags&post=19921"}],"curies":[{"name":"wp","href":"https:\/\/api.w.org\/{rel}","templated":true}]}}