{"id":19787,"date":"2019-11-13T19:11:29","date_gmt":"2019-11-13T19:11:29","guid":{"rendered":"http:\/\/elcalaixetdelaiaia.es\/?p=19787"},"modified":"2024-02-17T14:19:25","modified_gmt":"2024-02-17T14:19:25","slug":"tarta-rustica-de-manzana-a-la-naranja-paso-a-paso-foto-a-foto","status":"publish","type":"post","link":"https:\/\/elcalaixetdelaiaia.es\/?p=19787","title":{"rendered":"tarta r\u00fastica de manzana a la naranja paso a paso foto a foto"},"content":{"rendered":"<p>\u00abRefrany; .Primer que gana, taronja i poma\u00bb Primero que hambre, naranja y manzana.<\/p>\n<p>Esta receta me la di\u00f3 un compa\u00f1ero de trabajo que estaba en mi negociado, y que era asturiano, la receta era la que hab\u00eda hecho su madre toda la vida y la mujer, me pas\u00f3 las medidas en vasos, que era lo que se utilizaba mayormente, tazas, vasos o a ojo, como hac\u00eda mi iaia. As\u00ed que como en casi todas las recetas, al comenzar a escribirlas en el blog, tuve que comenzar a pesar y medir.<\/p>\n<p>Al ir al compartir la receta en el faceboock&#8230; no la he encontrado y es una de las primeras que publiqu\u00e9, pero por lo visto es otra de las muchas que se perdieron, cuando hicimos la migraci\u00f3n del blog, as\u00ed que como es una de las tartas de manzana favoritas de casa, me pongo manos a la obra y la hago de nuevo, tomando el foto a foto, y aprovecho unas manzanitas del pueblo, que me han tra\u00eddo mi nuera y mi hijo, que a mi marido le chiflaban por su toque \u00e1cido.<\/p>\n<p><img decoding=\"async\" loading=\"lazy\" class=\"size-large wp-image-19830 aligncenter\" src=\"https:\/\/elcalaixetdelaiaia.es\/wp-content\/uploads\/2019\/11\/IMG_20191113_124518-1024x768.jpg\" alt=\"\" width=\"750\" height=\"563\" srcset=\"https:\/\/elcalaixetdelaiaia.es\/wp-content\/uploads\/2019\/11\/IMG_20191113_124518-1024x768.jpg 1024w, https:\/\/elcalaixetdelaiaia.es\/wp-content\/uploads\/2019\/11\/IMG_20191113_124518-300x225.jpg 300w, https:\/\/elcalaixetdelaiaia.es\/wp-content\/uploads\/2019\/11\/IMG_20191113_124518-768x576.jpg 768w, https:\/\/elcalaixetdelaiaia.es\/wp-content\/uploads\/2019\/11\/IMG_20191113_124518-1536x1152.jpg 1536w, https:\/\/elcalaixetdelaiaia.es\/wp-content\/uploads\/2019\/11\/IMG_20191113_124518-2048x1536.jpg 2048w\" sizes=\"(max-width: 750px) 100vw, 750px\" \/><\/p>\n<p>Os recomiendo encarecidamente que la hag\u00e1is, porque la mezcla de sabores con un toque \u00e1cido y de texturas, hace que sea dif\u00edcil de explicar, por lo que no ten\u00e9is mas remedio que probar por vosotros mismos <span class=\"ILfuVd\" lang=\"es\"><span class=\"hgKElc\">\ud83d\ude09<\/span><\/span><\/p>\n<p>Hoy los duendecillos est\u00e1n haciendo de las suyas y justo cuando iba a publicar, con las fotos listas y toda la explicaci\u00f3n \u00a1plof! se me ha borradoooooo tooodoooo ainsssss que rabiaaaaaa \ud83d\ude41\u00a0\u00a0 todo el trabajo eliminado y me toca comenzar de nuevo, la tercera vez que escribo esta receta,menos mal que las fotos ya est\u00e1n firmadas&#8230; aunque para lo que sirve la firma&#8230; \ud83d\ude44<\/p>\n<p>Necesitaremos para un molde de 23cm;<\/p>\n<p style=\"text-align: center;\"><img decoding=\"async\" loading=\"lazy\" class=\"alignnone size-large wp-image-19805\" src=\"https:\/\/elcalaixetdelaiaia.es\/wp-content\/uploads\/2019\/11\/IMG_20191112_164720-1024x768.jpg\" alt=\"\" width=\"750\" height=\"563\" srcset=\"https:\/\/elcalaixetdelaiaia.es\/wp-content\/uploads\/2019\/11\/IMG_20191112_164720-1024x768.jpg 1024w, https:\/\/elcalaixetdelaiaia.es\/wp-content\/uploads\/2019\/11\/IMG_20191112_164720-300x225.jpg 300w, https:\/\/elcalaixetdelaiaia.es\/wp-content\/uploads\/2019\/11\/IMG_20191112_164720-768x576.jpg 768w, https:\/\/elcalaixetdelaiaia.es\/wp-content\/uploads\/2019\/11\/IMG_20191112_164720-1536x1152.jpg 1536w, https:\/\/elcalaixetdelaiaia.es\/wp-content\/uploads\/2019\/11\/IMG_20191112_164720-2048x1536.jpg 2048w\" sizes=\"(max-width: 750px) 100vw, 750px\" \/><\/p>\n<ol>\n<li>150g de harina<\/li>\n<li>150g de az\u00facar blanquilla<\/li>\n<li>250g de mantequilla<\/li>\n<li>Un rulo de galletas doradas<\/li>\n<li>Naranjas<\/li>\n<li>Manzanas<\/li>\n<\/ol>\n<p style=\"text-align: center;\">No os pongo cantidad de manzanas y naranjas porque esto es muy subjetivo ya que dependen del tama\u00f1o, pero orientativamente os dir\u00e9, que he usado 7 manzanas peque\u00f1as y 5 naranjas de zumo.<\/p>\n<p style=\"text-align: center;\">Dejar la mantequilla a temperatura ambiente, es MUY importante.<\/p>\n<p style=\"text-align: center;\"><img decoding=\"async\" loading=\"lazy\" class=\"alignnone size-large wp-image-19806\" src=\"https:\/\/elcalaixetdelaiaia.es\/wp-content\/uploads\/2019\/11\/IMG_20191112_171727-1024x768.jpg\" alt=\"\" width=\"750\" height=\"563\" srcset=\"https:\/\/elcalaixetdelaiaia.es\/wp-content\/uploads\/2019\/11\/IMG_20191112_171727-1024x768.jpg 1024w, https:\/\/elcalaixetdelaiaia.es\/wp-content\/uploads\/2019\/11\/IMG_20191112_171727-300x225.jpg 300w, https:\/\/elcalaixetdelaiaia.es\/wp-content\/uploads\/2019\/11\/IMG_20191112_171727-768x576.jpg 768w, https:\/\/elcalaixetdelaiaia.es\/wp-content\/uploads\/2019\/11\/IMG_20191112_171727-1536x1152.jpg 1536w, https:\/\/elcalaixetdelaiaia.es\/wp-content\/uploads\/2019\/11\/IMG_20191112_171727-2048x1536.jpg 2048w\" sizes=\"(max-width: 750px) 100vw, 750px\" \/><\/p>\n<p style=\"text-align: center;\">comenzaremos haciendo el zumo de las naranjas, para sacar el m\u00e1ximo jugo, hago mi truqui de pasarlas primero unos segundos por el microondas.\u00a0 Ponemos el zumo en un cazo<\/p>\n<p style=\"text-align: center;\"><img decoding=\"async\" loading=\"lazy\" class=\"size-large wp-image-19807 aligncenter\" src=\"https:\/\/elcalaixetdelaiaia.es\/wp-content\/uploads\/2019\/11\/IMG_20191112_171753-1024x768.jpg\" alt=\"\" width=\"750\" height=\"563\" srcset=\"https:\/\/elcalaixetdelaiaia.es\/wp-content\/uploads\/2019\/11\/IMG_20191112_171753-1024x768.jpg 1024w, https:\/\/elcalaixetdelaiaia.es\/wp-content\/uploads\/2019\/11\/IMG_20191112_171753-300x225.jpg 300w, https:\/\/elcalaixetdelaiaia.es\/wp-content\/uploads\/2019\/11\/IMG_20191112_171753-768x576.jpg 768w, https:\/\/elcalaixetdelaiaia.es\/wp-content\/uploads\/2019\/11\/IMG_20191112_171753-1536x1152.jpg 1536w, https:\/\/elcalaixetdelaiaia.es\/wp-content\/uploads\/2019\/11\/IMG_20191112_171753-2048x1536.jpg 2048w\" sizes=\"(max-width: 750px) 100vw, 750px\" \/><\/p>\n<p style=\"text-align: center;\">Pelamos las manzanas, descorazonamos y partimos en gajos que iremos poniendo en el cazo con el zumo<\/p>\n<p style=\"text-align: center;\"><img decoding=\"async\" loading=\"lazy\" class=\"alignnone size-large wp-image-19808\" src=\"https:\/\/elcalaixetdelaiaia.es\/wp-content\/uploads\/2019\/11\/IMG_20191112_173336-1024x768.jpg\" alt=\"\" width=\"750\" height=\"563\" srcset=\"https:\/\/elcalaixetdelaiaia.es\/wp-content\/uploads\/2019\/11\/IMG_20191112_173336-1024x768.jpg 1024w, https:\/\/elcalaixetdelaiaia.es\/wp-content\/uploads\/2019\/11\/IMG_20191112_173336-300x225.jpg 300w, https:\/\/elcalaixetdelaiaia.es\/wp-content\/uploads\/2019\/11\/IMG_20191112_173336-768x576.jpg 768w, https:\/\/elcalaixetdelaiaia.es\/wp-content\/uploads\/2019\/11\/IMG_20191112_173336-1536x1152.jpg 1536w, https:\/\/elcalaixetdelaiaia.es\/wp-content\/uploads\/2019\/11\/IMG_20191112_173336-2048x1536.jpg 2048w\" sizes=\"(max-width: 750px) 100vw, 750px\" \/><\/p>\n<p style=\"text-align: center;\">Lo mantendremos hirviendo a media potencia unos 20 minutos, hasta que comprobemos que la manzana est\u00e9 cocida pero entera \u00a1ojo! que no queremos hacer una compota.<\/p>\n<p style=\"text-align: center;\"><img decoding=\"async\" loading=\"lazy\" class=\"size-large wp-image-19810 aligncenter\" src=\"https:\/\/elcalaixetdelaiaia.es\/wp-content\/uploads\/2019\/11\/IMG_20191112_174214-1024x768.jpg\" alt=\"\" width=\"750\" height=\"563\" srcset=\"https:\/\/elcalaixetdelaiaia.es\/wp-content\/uploads\/2019\/11\/IMG_20191112_174214-1024x768.jpg 1024w, https:\/\/elcalaixetdelaiaia.es\/wp-content\/uploads\/2019\/11\/IMG_20191112_174214-300x225.jpg 300w, https:\/\/elcalaixetdelaiaia.es\/wp-content\/uploads\/2019\/11\/IMG_20191112_174214-768x576.jpg 768w, https:\/\/elcalaixetdelaiaia.es\/wp-content\/uploads\/2019\/11\/IMG_20191112_174214-1536x1152.jpg 1536w, https:\/\/elcalaixetdelaiaia.es\/wp-content\/uploads\/2019\/11\/IMG_20191112_174214-2048x1536.jpg 2048w\" sizes=\"(max-width: 750px) 100vw, 750px\" \/><\/p>\n<p style=\"text-align: center;\">Cuando tengamos la manzana en su punto, volcamos en un colador<\/p>\n<p style=\"text-align: center;\"><img decoding=\"async\" loading=\"lazy\" class=\"size-large wp-image-19813 aligncenter\" src=\"https:\/\/elcalaixetdelaiaia.es\/wp-content\/uploads\/2019\/11\/IMG_20191112_181428-1024x768.jpg\" alt=\"\" width=\"750\" height=\"563\" srcset=\"https:\/\/elcalaixetdelaiaia.es\/wp-content\/uploads\/2019\/11\/IMG_20191112_181428-1024x768.jpg 1024w, https:\/\/elcalaixetdelaiaia.es\/wp-content\/uploads\/2019\/11\/IMG_20191112_181428-300x225.jpg 300w, https:\/\/elcalaixetdelaiaia.es\/wp-content\/uploads\/2019\/11\/IMG_20191112_181428-768x576.jpg 768w, https:\/\/elcalaixetdelaiaia.es\/wp-content\/uploads\/2019\/11\/IMG_20191112_181428-1536x1152.jpg 1536w, https:\/\/elcalaixetdelaiaia.es\/wp-content\/uploads\/2019\/11\/IMG_20191112_181428-2048x1536.jpg 2048w\" sizes=\"(max-width: 750px) 100vw, 750px\" \/><\/p>\n<p style=\"text-align: center;\">para eliminar el zumo de la naranja que haya podido quedar<\/p>\n<p style=\"text-align: center;\"><img decoding=\"async\" loading=\"lazy\" class=\"size-large wp-image-19814 aligncenter\" src=\"https:\/\/elcalaixetdelaiaia.es\/wp-content\/uploads\/2019\/11\/IMG_20191112_181435-1024x768.jpg\" alt=\"\" width=\"750\" height=\"563\" srcset=\"https:\/\/elcalaixetdelaiaia.es\/wp-content\/uploads\/2019\/11\/IMG_20191112_181435-1024x768.jpg 1024w, https:\/\/elcalaixetdelaiaia.es\/wp-content\/uploads\/2019\/11\/IMG_20191112_181435-300x225.jpg 300w, https:\/\/elcalaixetdelaiaia.es\/wp-content\/uploads\/2019\/11\/IMG_20191112_181435-768x576.jpg 768w, https:\/\/elcalaixetdelaiaia.es\/wp-content\/uploads\/2019\/11\/IMG_20191112_181435-1536x1152.jpg 1536w, https:\/\/elcalaixetdelaiaia.es\/wp-content\/uploads\/2019\/11\/IMG_20191112_181435-2048x1536.jpg 2048w\" sizes=\"(max-width: 750px) 100vw, 750px\" \/><\/p>\n<p style=\"text-align: center;\">en casa, nos gusta mucho el toque de sabor \u00e1cido de estas manzanas y la naranja y el contraste con la galleta y el az\u00facar de la crujiente capa superior, pero si sois muy golosos, a\u00f1adir dos cucharadas de az\u00facar antes de ponerla a hervir<\/p>\n<p style=\"text-align: center;\"><img decoding=\"async\" loading=\"lazy\" class=\"size-large wp-image-19809 aligncenter\" src=\"https:\/\/elcalaixetdelaiaia.es\/wp-content\/uploads\/2019\/11\/IMG_20191112_173836-1024x768.jpg\" alt=\"\" width=\"750\" height=\"563\" srcset=\"https:\/\/elcalaixetdelaiaia.es\/wp-content\/uploads\/2019\/11\/IMG_20191112_173836-1024x768.jpg 1024w, https:\/\/elcalaixetdelaiaia.es\/wp-content\/uploads\/2019\/11\/IMG_20191112_173836-300x225.jpg 300w, https:\/\/elcalaixetdelaiaia.es\/wp-content\/uploads\/2019\/11\/IMG_20191112_173836-768x576.jpg 768w, https:\/\/elcalaixetdelaiaia.es\/wp-content\/uploads\/2019\/11\/IMG_20191112_173836-1536x1152.jpg 1536w, https:\/\/elcalaixetdelaiaia.es\/wp-content\/uploads\/2019\/11\/IMG_20191112_173836-2048x1536.jpg 2048w\" sizes=\"(max-width: 750px) 100vw, 750px\" \/><\/p>\n<p style=\"text-align: center;\">Picamos el rulo de galletas, si no ten\u00e9is picadora, pod\u00e9is hacerlo manualmente,<\/p>\n<div style=\"text-align: center;\">\n<p style=\"text-align: center;\"><a href=\"http:\/\/1.bp.blogspot.com\/-ufK0ddjLXMM\/UcLReagOgVI\/AAAAAAAAATY\/RtpcXPX02bE\/s1600\/IMG_9910.JPG\"><img decoding=\"async\" loading=\"lazy\" class=\"aligncenter\" src=\"https:\/\/elcalaixetdelaiaia.es\/wp-content\/uploads\/2013\/06\/IMG_9910.jpg\" width=\"748\" height=\"482\" border=\"0\" \/><\/a><\/p>\n<p style=\"text-align: center;\">\u00a0metiendo el paquete dentro de una bolsa de congelaci\u00f3n y pasando el rulo amasador hasta que queden muy picaditas.<\/p>\n<\/div>\n<p style=\"text-align: center;\"><img decoding=\"async\" loading=\"lazy\" class=\"size-large wp-image-19811 aligncenter\" src=\"https:\/\/elcalaixetdelaiaia.es\/wp-content\/uploads\/2019\/11\/IMG_20191112_174619-1024x768.jpg\" alt=\"\" width=\"750\" height=\"563\" srcset=\"https:\/\/elcalaixetdelaiaia.es\/wp-content\/uploads\/2019\/11\/IMG_20191112_174619-1024x768.jpg 1024w, https:\/\/elcalaixetdelaiaia.es\/wp-content\/uploads\/2019\/11\/IMG_20191112_174619-300x225.jpg 300w, https:\/\/elcalaixetdelaiaia.es\/wp-content\/uploads\/2019\/11\/IMG_20191112_174619-768x576.jpg 768w, https:\/\/elcalaixetdelaiaia.es\/wp-content\/uploads\/2019\/11\/IMG_20191112_174619-1536x1152.jpg 1536w, https:\/\/elcalaixetdelaiaia.es\/wp-content\/uploads\/2019\/11\/IMG_20191112_174619-2048x1536.jpg 2048w\" sizes=\"(max-width: 750px) 100vw, 750px\" \/><\/p>\n<p style=\"text-align: center;\">a\u00f1adimos 100g de mantequilla a temperatura ambiente, hasta conseguir un aspecto como de arena mojada<\/p>\n<p style=\"text-align: center;\"><a href=\"http:\/\/4.bp.blogspot.com\/-0mRlwcHnm8I\/VN4uPJqT47I\/AAAAAAAAUjs\/8bMtjJr51RE\/s1600\/molde.jpg\"><img decoding=\"async\" loading=\"lazy\" class=\"aligncenter\" src=\"https:\/\/elcalaixetdelaiaia.es\/wp-content\/uploads\/2016\/06\/molde.jpg\" width=\"740\" height=\"555\" border=\"0\" \/><\/a><\/p>\n<p style=\"text-align: center;\">Colocamos una hoja de papel sulfurizado o de horno en la base del molde y pinzamos el ruedo lateral sobre el mismo, de esta manera facilitamos el desmoldado de la tarta, este truqui es una pasada, acabo de darme cuenta de que en \u00e9sta receta ya os he puesto dos de mis truquitos, que espero os sean de ayuda.<\/p>\n<p style=\"text-align: center;\"><img decoding=\"async\" loading=\"lazy\" class=\"size-large wp-image-19812 aligncenter\" src=\"https:\/\/elcalaixetdelaiaia.es\/wp-content\/uploads\/2019\/11\/IMG_20191112_175721-1024x768.jpg\" alt=\"\" width=\"750\" height=\"563\" srcset=\"https:\/\/elcalaixetdelaiaia.es\/wp-content\/uploads\/2019\/11\/IMG_20191112_175721-1024x768.jpg 1024w, https:\/\/elcalaixetdelaiaia.es\/wp-content\/uploads\/2019\/11\/IMG_20191112_175721-300x225.jpg 300w, https:\/\/elcalaixetdelaiaia.es\/wp-content\/uploads\/2019\/11\/IMG_20191112_175721-768x576.jpg 768w, https:\/\/elcalaixetdelaiaia.es\/wp-content\/uploads\/2019\/11\/IMG_20191112_175721-1536x1152.jpg 1536w, https:\/\/elcalaixetdelaiaia.es\/wp-content\/uploads\/2019\/11\/IMG_20191112_175721-2048x1536.jpg 2048w\" sizes=\"(max-width: 750px) 100vw, 750px\" \/><\/p>\n<p style=\"text-align: center;\">Repartimos la masa de galleta y mantequilla por toda la base y la dejamos unos minutos en el congelador o la horneamos a 180\u00ba a media altura, calor arriba y abajo, durante unos 10\/15 minutos, pero no os despist\u00e9is que no tiene que qemarse y cada horno necesita unos tiempos<\/p>\n<p style=\"text-align: center;\"><img decoding=\"async\" loading=\"lazy\" class=\"alignnone size-large wp-image-19820\" src=\"https:\/\/elcalaixetdelaiaia.es\/wp-content\/uploads\/2019\/11\/IMG_20191112_183428-1024x768.jpg\" alt=\"\" width=\"750\" height=\"563\" srcset=\"https:\/\/elcalaixetdelaiaia.es\/wp-content\/uploads\/2019\/11\/IMG_20191112_183428-1024x768.jpg 1024w, https:\/\/elcalaixetdelaiaia.es\/wp-content\/uploads\/2019\/11\/IMG_20191112_183428-300x225.jpg 300w, https:\/\/elcalaixetdelaiaia.es\/wp-content\/uploads\/2019\/11\/IMG_20191112_183428-768x576.jpg 768w, https:\/\/elcalaixetdelaiaia.es\/wp-content\/uploads\/2019\/11\/IMG_20191112_183428-1536x1152.jpg 1536w, https:\/\/elcalaixetdelaiaia.es\/wp-content\/uploads\/2019\/11\/IMG_20191112_183428-2048x1536.jpg 2048w\" sizes=\"(max-width: 750px) 100vw, 750px\" \/><\/p>\n<p style=\"text-align: center;\">cuando la base est\u00e9 doradita la sacaremos del horno<\/p>\n<p style=\"text-align: center;\"><img decoding=\"async\" loading=\"lazy\" class=\"alignnone size-large wp-image-19821\" src=\"https:\/\/elcalaixetdelaiaia.es\/wp-content\/uploads\/2019\/11\/IMG_20191112_183547-1024x768.jpg\" alt=\"\" width=\"750\" height=\"563\" srcset=\"https:\/\/elcalaixetdelaiaia.es\/wp-content\/uploads\/2019\/11\/IMG_20191112_183547-1024x768.jpg 1024w, https:\/\/elcalaixetdelaiaia.es\/wp-content\/uploads\/2019\/11\/IMG_20191112_183547-300x225.jpg 300w, https:\/\/elcalaixetdelaiaia.es\/wp-content\/uploads\/2019\/11\/IMG_20191112_183547-768x576.jpg 768w, https:\/\/elcalaixetdelaiaia.es\/wp-content\/uploads\/2019\/11\/IMG_20191112_183547-1536x1152.jpg 1536w, https:\/\/elcalaixetdelaiaia.es\/wp-content\/uploads\/2019\/11\/IMG_20191112_183547-2048x1536.jpg 2048w\" sizes=\"(max-width: 750px) 100vw, 750px\" \/><\/p>\n<p style=\"text-align: center;\">iremos colocando sobre la base, los gajos de manzana<\/p>\n<p style=\"text-align: center;\"><img decoding=\"async\" loading=\"lazy\" class=\"alignnone size-large wp-image-19822\" src=\"https:\/\/elcalaixetdelaiaia.es\/wp-content\/uploads\/2019\/11\/IMG_20191112_183909-1024x768.jpg\" alt=\"\" width=\"750\" height=\"563\" srcset=\"https:\/\/elcalaixetdelaiaia.es\/wp-content\/uploads\/2019\/11\/IMG_20191112_183909-1024x768.jpg 1024w, https:\/\/elcalaixetdelaiaia.es\/wp-content\/uploads\/2019\/11\/IMG_20191112_183909-300x225.jpg 300w, https:\/\/elcalaixetdelaiaia.es\/wp-content\/uploads\/2019\/11\/IMG_20191112_183909-768x576.jpg 768w, https:\/\/elcalaixetdelaiaia.es\/wp-content\/uploads\/2019\/11\/IMG_20191112_183909-1536x1152.jpg 1536w, https:\/\/elcalaixetdelaiaia.es\/wp-content\/uploads\/2019\/11\/IMG_20191112_183909-2048x1536.jpg 2048w\" sizes=\"(max-width: 750px) 100vw, 750px\" \/><\/p>\n<p style=\"text-align: center;\">hasta que la cubra por completo<\/p>\n<p style=\"text-align: center;\"><img decoding=\"async\" loading=\"lazy\" class=\"alignnone size-large wp-image-19815\" src=\"https:\/\/elcalaixetdelaiaia.es\/wp-content\/uploads\/2019\/11\/IMG_20191112_182603-1024x768.jpg\" alt=\"\" width=\"750\" height=\"563\" srcset=\"https:\/\/elcalaixetdelaiaia.es\/wp-content\/uploads\/2019\/11\/IMG_20191112_182603-1024x768.jpg 1024w, https:\/\/elcalaixetdelaiaia.es\/wp-content\/uploads\/2019\/11\/IMG_20191112_182603-300x225.jpg 300w, https:\/\/elcalaixetdelaiaia.es\/wp-content\/uploads\/2019\/11\/IMG_20191112_182603-768x576.jpg 768w, https:\/\/elcalaixetdelaiaia.es\/wp-content\/uploads\/2019\/11\/IMG_20191112_182603-1536x1152.jpg 1536w, https:\/\/elcalaixetdelaiaia.es\/wp-content\/uploads\/2019\/11\/IMG_20191112_182603-2048x1536.jpg 2048w\" sizes=\"(max-width: 750px) 100vw, 750px\" \/><\/p>\n<p style=\"text-align: center;\">en un bol, pondremos los 150g de mantequilla restante que tendremos a temperatura ambiente, con el fin de que tenga la consistencia adecuada para poder trabajarla<\/p>\n<p style=\"text-align: center;\"><img decoding=\"async\" loading=\"lazy\" class=\"alignnone size-large wp-image-19816\" src=\"https:\/\/elcalaixetdelaiaia.es\/wp-content\/uploads\/2019\/11\/IMG_20191112_182707-1024x768.jpg\" alt=\"\" width=\"750\" height=\"563\" srcset=\"https:\/\/elcalaixetdelaiaia.es\/wp-content\/uploads\/2019\/11\/IMG_20191112_182707-1024x768.jpg 1024w, https:\/\/elcalaixetdelaiaia.es\/wp-content\/uploads\/2019\/11\/IMG_20191112_182707-300x225.jpg 300w, https:\/\/elcalaixetdelaiaia.es\/wp-content\/uploads\/2019\/11\/IMG_20191112_182707-768x576.jpg 768w, https:\/\/elcalaixetdelaiaia.es\/wp-content\/uploads\/2019\/11\/IMG_20191112_182707-1536x1152.jpg 1536w, https:\/\/elcalaixetdelaiaia.es\/wp-content\/uploads\/2019\/11\/IMG_20191112_182707-2048x1536.jpg 2048w\" sizes=\"(max-width: 750px) 100vw, 750px\" \/><\/p>\n<p style=\"text-align: center;\">a\u00f1adimos los 150g de harina<\/p>\n<p style=\"text-align: center;\"><img decoding=\"async\" loading=\"lazy\" class=\"alignnone size-large wp-image-19817 aligncenter\" src=\"https:\/\/elcalaixetdelaiaia.es\/wp-content\/uploads\/2019\/11\/IMG_20191112_182800-1024x768.jpg\" alt=\"\" width=\"750\" height=\"563\" srcset=\"https:\/\/elcalaixetdelaiaia.es\/wp-content\/uploads\/2019\/11\/IMG_20191112_182800-1024x768.jpg 1024w, https:\/\/elcalaixetdelaiaia.es\/wp-content\/uploads\/2019\/11\/IMG_20191112_182800-300x225.jpg 300w, https:\/\/elcalaixetdelaiaia.es\/wp-content\/uploads\/2019\/11\/IMG_20191112_182800-768x576.jpg 768w, https:\/\/elcalaixetdelaiaia.es\/wp-content\/uploads\/2019\/11\/IMG_20191112_182800-1536x1152.jpg 1536w, https:\/\/elcalaixetdelaiaia.es\/wp-content\/uploads\/2019\/11\/IMG_20191112_182800-2048x1536.jpg 2048w\" sizes=\"(max-width: 750px) 100vw, 750px\" \/><\/p>\n<p style=\"text-align: center;\">y los 150g de az\u00facar<\/p>\n<p style=\"text-align: center;\"><img decoding=\"async\" loading=\"lazy\" class=\"alignnone size-large wp-image-19818 aligncenter\" src=\"https:\/\/elcalaixetdelaiaia.es\/wp-content\/uploads\/2019\/11\/IMG_20191112_182816-1024x768.jpg\" alt=\"\" width=\"750\" height=\"563\" srcset=\"https:\/\/elcalaixetdelaiaia.es\/wp-content\/uploads\/2019\/11\/IMG_20191112_182816-1024x768.jpg 1024w, https:\/\/elcalaixetdelaiaia.es\/wp-content\/uploads\/2019\/11\/IMG_20191112_182816-300x225.jpg 300w, https:\/\/elcalaixetdelaiaia.es\/wp-content\/uploads\/2019\/11\/IMG_20191112_182816-768x576.jpg 768w, https:\/\/elcalaixetdelaiaia.es\/wp-content\/uploads\/2019\/11\/IMG_20191112_182816-1536x1152.jpg 1536w, https:\/\/elcalaixetdelaiaia.es\/wp-content\/uploads\/2019\/11\/IMG_20191112_182816-2048x1536.jpg 2048w\" sizes=\"(max-width: 750px) 100vw, 750px\" \/><\/p>\n<p style=\"text-align: center;\">y con las manos iremos mezclando a base de pellizcos, pero sin amasar<\/p>\n<p style=\"text-align: center;\"><img decoding=\"async\" loading=\"lazy\" class=\"size-large wp-image-19819 aligncenter\" src=\"https:\/\/elcalaixetdelaiaia.es\/wp-content\/uploads\/2019\/11\/IMG_20191112_183149-1024x768.jpg\" alt=\"\" width=\"750\" height=\"563\" srcset=\"https:\/\/elcalaixetdelaiaia.es\/wp-content\/uploads\/2019\/11\/IMG_20191112_183149-1024x768.jpg 1024w, https:\/\/elcalaixetdelaiaia.es\/wp-content\/uploads\/2019\/11\/IMG_20191112_183149-300x225.jpg 300w, https:\/\/elcalaixetdelaiaia.es\/wp-content\/uploads\/2019\/11\/IMG_20191112_183149-768x576.jpg 768w, https:\/\/elcalaixetdelaiaia.es\/wp-content\/uploads\/2019\/11\/IMG_20191112_183149-1536x1152.jpg 1536w, https:\/\/elcalaixetdelaiaia.es\/wp-content\/uploads\/2019\/11\/IMG_20191112_183149-2048x1536.jpg 2048w\" sizes=\"(max-width: 750px) 100vw, 750px\" \/><\/p>\n<p style=\"text-align: center;\">porque tenemos que conseguir una masa con aspecto de mollitas de pan mojado, esta es la magia de esta tarta<\/p>\n<p style=\"text-align: center;\"><img decoding=\"async\" loading=\"lazy\" class=\"size-large wp-image-19823 aligncenter\" src=\"https:\/\/elcalaixetdelaiaia.es\/wp-content\/uploads\/2019\/11\/IMG_20191112_185240-1024x768.jpg\" alt=\"\" width=\"750\" height=\"563\" srcset=\"https:\/\/elcalaixetdelaiaia.es\/wp-content\/uploads\/2019\/11\/IMG_20191112_185240-1024x768.jpg 1024w, https:\/\/elcalaixetdelaiaia.es\/wp-content\/uploads\/2019\/11\/IMG_20191112_185240-300x225.jpg 300w, https:\/\/elcalaixetdelaiaia.es\/wp-content\/uploads\/2019\/11\/IMG_20191112_185240-768x576.jpg 768w, https:\/\/elcalaixetdelaiaia.es\/wp-content\/uploads\/2019\/11\/IMG_20191112_185240-1536x1152.jpg 1536w, https:\/\/elcalaixetdelaiaia.es\/wp-content\/uploads\/2019\/11\/IMG_20191112_185240-2048x1536.jpg 2048w\" sizes=\"(max-width: 750px) 100vw, 750px\" \/><\/p>\n<p style=\"text-align: center;\">creo que esa ser\u00eda la definici\u00f3n del aspecto que ha de tener la masa de la esta tarta, que en realidad no es una masa, es algo distinto<\/p>\n<p style=\"text-align: center;\"><img decoding=\"async\" loading=\"lazy\" class=\"size-large wp-image-19825 aligncenter\" src=\"https:\/\/elcalaixetdelaiaia.es\/wp-content\/uploads\/2019\/11\/IMG_20191112_195213-1024x768.jpg\" alt=\"\" width=\"750\" height=\"563\" srcset=\"https:\/\/elcalaixetdelaiaia.es\/wp-content\/uploads\/2019\/11\/IMG_20191112_195213-1024x768.jpg 1024w, https:\/\/elcalaixetdelaiaia.es\/wp-content\/uploads\/2019\/11\/IMG_20191112_195213-300x225.jpg 300w, https:\/\/elcalaixetdelaiaia.es\/wp-content\/uploads\/2019\/11\/IMG_20191112_195213-768x576.jpg 768w, https:\/\/elcalaixetdelaiaia.es\/wp-content\/uploads\/2019\/11\/IMG_20191112_195213-1536x1152.jpg 1536w, https:\/\/elcalaixetdelaiaia.es\/wp-content\/uploads\/2019\/11\/IMG_20191112_195213-2048x1536.jpg 2048w\" sizes=\"(max-width: 750px) 100vw, 750px\" \/><\/p>\n<p style=\"text-align: center;\">algo as\u00ed como&#8230; grumoso&#8230; Lo ponemos en el horno a 180\u00ba en alto, con calor arriba, durante unos 20 minutos. Como cada horno es un mundo, os aconsejo que vay\u00e1is abriendo la puerta del horno para ir controlando, hasta que tenga un tono dorado,<\/p>\n<p style=\"text-align: center;\"><img decoding=\"async\" loading=\"lazy\" class=\"size-large wp-image-19834 aligncenter\" src=\"https:\/\/elcalaixetdelaiaia.es\/wp-content\/uploads\/2019\/11\/IMG_20191113_162714-1024x768.jpg\" alt=\"\" width=\"750\" height=\"563\" srcset=\"https:\/\/elcalaixetdelaiaia.es\/wp-content\/uploads\/2019\/11\/IMG_20191113_162714-1024x768.jpg 1024w, https:\/\/elcalaixetdelaiaia.es\/wp-content\/uploads\/2019\/11\/IMG_20191113_162714-300x225.jpg 300w, https:\/\/elcalaixetdelaiaia.es\/wp-content\/uploads\/2019\/11\/IMG_20191113_162714-768x576.jpg 768w, https:\/\/elcalaixetdelaiaia.es\/wp-content\/uploads\/2019\/11\/IMG_20191113_162714-1536x1152.jpg 1536w, https:\/\/elcalaixetdelaiaia.es\/wp-content\/uploads\/2019\/11\/IMG_20191113_162714-2048x1536.jpg 2048w\" sizes=\"(max-width: 750px) 100vw, 750px\" \/><\/p>\n<p style=\"text-align: center;\">como no estamos haciendo un bizcocho, no hay problema de que deje de subir y as\u00ed nos aseguramos de que no se nos queme<\/p>\n<p style=\"text-align: center;\"><img decoding=\"async\" loading=\"lazy\" class=\"size-large wp-image-19829 aligncenter\" src=\"https:\/\/elcalaixetdelaiaia.es\/wp-content\/uploads\/2019\/11\/IMG_20191113_124343-1024x768.jpg\" alt=\"\" width=\"750\" height=\"563\" srcset=\"https:\/\/elcalaixetdelaiaia.es\/wp-content\/uploads\/2019\/11\/IMG_20191113_124343-1024x768.jpg 1024w, https:\/\/elcalaixetdelaiaia.es\/wp-content\/uploads\/2019\/11\/IMG_20191113_124343-300x225.jpg 300w, https:\/\/elcalaixetdelaiaia.es\/wp-content\/uploads\/2019\/11\/IMG_20191113_124343-768x576.jpg 768w, https:\/\/elcalaixetdelaiaia.es\/wp-content\/uploads\/2019\/11\/IMG_20191113_124343-1536x1152.jpg 1536w, https:\/\/elcalaixetdelaiaia.es\/wp-content\/uploads\/2019\/11\/IMG_20191113_124343-2048x1536.jpg 2048w\" sizes=\"(max-width: 750px) 100vw, 750px\" \/><\/p>\n<p style=\"text-align: center;\">cuando pierda un poco de calor, desmoldamos y listo<\/p>\n<p style=\"text-align: center;\"><img decoding=\"async\" loading=\"lazy\" class=\"alignnone size-large wp-image-19832\" src=\"https:\/\/elcalaixetdelaiaia.es\/wp-content\/uploads\/2019\/11\/IMG_20191113_125349-1024x768.jpg\" alt=\"\" width=\"750\" height=\"563\" srcset=\"https:\/\/elcalaixetdelaiaia.es\/wp-content\/uploads\/2019\/11\/IMG_20191113_125349-1024x768.jpg 1024w, https:\/\/elcalaixetdelaiaia.es\/wp-content\/uploads\/2019\/11\/IMG_20191113_125349-300x225.jpg 300w, https:\/\/elcalaixetdelaiaia.es\/wp-content\/uploads\/2019\/11\/IMG_20191113_125349-768x576.jpg 768w, https:\/\/elcalaixetdelaiaia.es\/wp-content\/uploads\/2019\/11\/IMG_20191113_125349-1536x1152.jpg 1536w, https:\/\/elcalaixetdelaiaia.es\/wp-content\/uploads\/2019\/11\/IMG_20191113_125349-2048x1536.jpg 2048w\" sizes=\"(max-width: 750px) 100vw, 750px\" \/><\/p>\n<p style=\"text-align: center;\">esta tarta se puede comer tibia<\/p>\n<p style=\"text-align: center;\"><img decoding=\"async\" loading=\"lazy\" class=\"alignnone size-large wp-image-19833\" src=\"https:\/\/elcalaixetdelaiaia.es\/wp-content\/uploads\/2019\/11\/IMG_20191113_125508-1024x768.jpg\" alt=\"\" width=\"750\" height=\"563\" srcset=\"https:\/\/elcalaixetdelaiaia.es\/wp-content\/uploads\/2019\/11\/IMG_20191113_125508-1024x768.jpg 1024w, https:\/\/elcalaixetdelaiaia.es\/wp-content\/uploads\/2019\/11\/IMG_20191113_125508-300x225.jpg 300w, https:\/\/elcalaixetdelaiaia.es\/wp-content\/uploads\/2019\/11\/IMG_20191113_125508-768x576.jpg 768w, https:\/\/elcalaixetdelaiaia.es\/wp-content\/uploads\/2019\/11\/IMG_20191113_125508-1536x1152.jpg 1536w, https:\/\/elcalaixetdelaiaia.es\/wp-content\/uploads\/2019\/11\/IMG_20191113_125508-2048x1536.jpg 2048w\" sizes=\"(max-width: 750px) 100vw, 750px\" \/><\/p>\n<p style=\"text-align: center;\">o fr\u00eda<\/p>\n<p style=\"text-align: center;\"><img decoding=\"async\" loading=\"lazy\" class=\"alignnone size-large wp-image-19831\" src=\"https:\/\/elcalaixetdelaiaia.es\/wp-content\/uploads\/2019\/11\/IMG_20191113_125330-1024x768.jpg\" alt=\"\" width=\"750\" height=\"563\" srcset=\"https:\/\/elcalaixetdelaiaia.es\/wp-content\/uploads\/2019\/11\/IMG_20191113_125330-1024x768.jpg 1024w, https:\/\/elcalaixetdelaiaia.es\/wp-content\/uploads\/2019\/11\/IMG_20191113_125330-300x225.jpg 300w, https:\/\/elcalaixetdelaiaia.es\/wp-content\/uploads\/2019\/11\/IMG_20191113_125330-768x576.jpg 768w, https:\/\/elcalaixetdelaiaia.es\/wp-content\/uploads\/2019\/11\/IMG_20191113_125330-1536x1152.jpg 1536w, https:\/\/elcalaixetdelaiaia.es\/wp-content\/uploads\/2019\/11\/IMG_20191113_125330-2048x1536.jpg 2048w\" sizes=\"(max-width: 750px) 100vw, 750px\" \/><\/p>\n<p style=\"text-align: center;\">deliciosa de \u00e1mbas formas<\/p>\n<p style=\"text-align: center;\"><img decoding=\"async\" loading=\"lazy\" class=\"alignnone size-large wp-image-19827\" src=\"https:\/\/elcalaixetdelaiaia.es\/wp-content\/uploads\/2019\/11\/IMG_20191113_123954-1024x768.jpg\" alt=\"\" width=\"750\" height=\"563\" srcset=\"https:\/\/elcalaixetdelaiaia.es\/wp-content\/uploads\/2019\/11\/IMG_20191113_123954-1024x768.jpg 1024w, https:\/\/elcalaixetdelaiaia.es\/wp-content\/uploads\/2019\/11\/IMG_20191113_123954-300x225.jpg 300w, https:\/\/elcalaixetdelaiaia.es\/wp-content\/uploads\/2019\/11\/IMG_20191113_123954-768x576.jpg 768w, https:\/\/elcalaixetdelaiaia.es\/wp-content\/uploads\/2019\/11\/IMG_20191113_123954-1536x1152.jpg 1536w, https:\/\/elcalaixetdelaiaia.es\/wp-content\/uploads\/2019\/11\/IMG_20191113_123954-2048x1536.jpg 2048w\" sizes=\"(max-width: 750px) 100vw, 750px\" \/><\/p>\n<p style=\"text-align: center;\">supongo que aguantar\u00e1 muy bien el frigor\u00edfico<\/p>\n<p style=\"text-align: center;\"><img decoding=\"async\" loading=\"lazy\" class=\"alignnone size-large wp-image-19828\" src=\"https:\/\/elcalaixetdelaiaia.es\/wp-content\/uploads\/2019\/11\/IMG_20191113_124101-1024x768.jpg\" alt=\"\" width=\"750\" height=\"563\" srcset=\"https:\/\/elcalaixetdelaiaia.es\/wp-content\/uploads\/2019\/11\/IMG_20191113_124101-1024x768.jpg 1024w, https:\/\/elcalaixetdelaiaia.es\/wp-content\/uploads\/2019\/11\/IMG_20191113_124101-300x225.jpg 300w, https:\/\/elcalaixetdelaiaia.es\/wp-content\/uploads\/2019\/11\/IMG_20191113_124101-768x576.jpg 768w, https:\/\/elcalaixetdelaiaia.es\/wp-content\/uploads\/2019\/11\/IMG_20191113_124101-1536x1152.jpg 1536w, https:\/\/elcalaixetdelaiaia.es\/wp-content\/uploads\/2019\/11\/IMG_20191113_124101-2048x1536.jpg 2048w\" sizes=\"(max-width: 750px) 100vw, 750px\" \/><\/p>\n<p style=\"text-align: center;\">pero no os lo puedo asegurar<\/p>\n<p style=\"text-align: center;\"><img decoding=\"async\" loading=\"lazy\" class=\"alignnone size-large wp-image-19826\" src=\"https:\/\/elcalaixetdelaiaia.es\/wp-content\/uploads\/2019\/11\/IMG_20191113_123943-1024x768.jpg\" alt=\"\" width=\"750\" height=\"563\" srcset=\"https:\/\/elcalaixetdelaiaia.es\/wp-content\/uploads\/2019\/11\/IMG_20191113_123943-1024x768.jpg 1024w, https:\/\/elcalaixetdelaiaia.es\/wp-content\/uploads\/2019\/11\/IMG_20191113_123943-300x225.jpg 300w, https:\/\/elcalaixetdelaiaia.es\/wp-content\/uploads\/2019\/11\/IMG_20191113_123943-768x576.jpg 768w, https:\/\/elcalaixetdelaiaia.es\/wp-content\/uploads\/2019\/11\/IMG_20191113_123943-1536x1152.jpg 1536w, https:\/\/elcalaixetdelaiaia.es\/wp-content\/uploads\/2019\/11\/IMG_20191113_123943-2048x1536.jpg 2048w\" sizes=\"(max-width: 750px) 100vw, 750px\" \/><\/p>\n<p style=\"text-align: center;\">porque es el tipo de tarta, que en cuanto la presento, desaparece y no hay nada que llevar a la nevera <span class=\"ILfuVd\" lang=\"es\"><span class=\"hgKElc\">\ud83d\ude02 <\/span><\/span><\/p>\n<p style=\"text-align: center;\"><img decoding=\"async\" loading=\"lazy\" class=\"alignnone size-large wp-image-19841\" src=\"https:\/\/elcalaixetdelaiaia.es\/wp-content\/uploads\/2019\/11\/IMG_20191113_164644-1024x768.jpg\" alt=\"\" width=\"750\" height=\"563\" srcset=\"https:\/\/elcalaixetdelaiaia.es\/wp-content\/uploads\/2019\/11\/IMG_20191113_164644-1024x768.jpg 1024w, https:\/\/elcalaixetdelaiaia.es\/wp-content\/uploads\/2019\/11\/IMG_20191113_164644-300x225.jpg 300w, https:\/\/elcalaixetdelaiaia.es\/wp-content\/uploads\/2019\/11\/IMG_20191113_164644-768x576.jpg 768w, https:\/\/elcalaixetdelaiaia.es\/wp-content\/uploads\/2019\/11\/IMG_20191113_164644-1536x1152.jpg 1536w, https:\/\/elcalaixetdelaiaia.es\/wp-content\/uploads\/2019\/11\/IMG_20191113_164644-2048x1536.jpg 2048w\" sizes=\"(max-width: 750px) 100vw, 750px\" \/><\/p>\n<p style=\"text-align: center;\">Ahhhh la naranja que ha resultado de cocer la manzana, no la tir\u00e9is, (e esta casa, no se tira nada aprovechable) fresquita es un sorbito delicioso y potente\u00a0 mmmmm<\/p>\n<p style=\"text-align: center;\">\u00bb A la taula i&#8230; BON PROFIT!!!\u00bb<\/p>\n<p style=\"text-align: center;\">Si te gusta \u00e9sta entrada, y la compartes, llegar\u00e1 a mas gente, recuerda que tambi\u00e9n estoy en Facebook<a href=\"https:\/\/www.facebook.com\/El-calaixet-de-la-iaia-533062140099386\/\">https:\/\/www.facebook.com\/El-calaixet-de-la-iaia-533062140099386\/\u00a0\u00a0<\/a><\/p>\n<div style=\"text-align: center;\">Y si \u00a0quieres dejar un comentario&#8230; Gracias<\/div>\n","protected":false},"excerpt":{"rendered":"<p>\u00abRefrany; .Primer que gana, taronja i poma\u00bb Primero que hambre, naranja y manzana. Esta receta me la di\u00f3 un compa\u00f1ero de trabajo que estaba en mi negociado, y que era asturiano, la receta era la que hab\u00eda hecho su madre toda la vida y la mujer, me pas\u00f3 las medidas &hellip; <\/p>\n","protected":false},"author":2,"featured_media":19826,"comment_status":"open","ping_status":"open","sticky":false,"template":"","format":"standard","meta":[],"categories":[130,6,1],"tags":[],"_links":{"self":[{"href":"https:\/\/elcalaixetdelaiaia.es\/index.php?rest_route=\/wp\/v2\/posts\/19787"}],"collection":[{"href":"https:\/\/elcalaixetdelaiaia.es\/index.php?rest_route=\/wp\/v2\/posts"}],"about":[{"href":"https:\/\/elcalaixetdelaiaia.es\/index.php?rest_route=\/wp\/v2\/types\/post"}],"author":[{"embeddable":true,"href":"https:\/\/elcalaixetdelaiaia.es\/index.php?rest_route=\/wp\/v2\/users\/2"}],"replies":[{"embeddable":true,"href":"https:\/\/elcalaixetdelaiaia.es\/index.php?rest_route=%2Fwp%2Fv2%2Fcomments&post=19787"}],"version-history":[{"count":21,"href":"https:\/\/elcalaixetdelaiaia.es\/index.php?rest_route=\/wp\/v2\/posts\/19787\/revisions"}],"predecessor-version":[{"id":27018,"href":"https:\/\/elcalaixetdelaiaia.es\/index.php?rest_route=\/wp\/v2\/posts\/19787\/revisions\/27018"}],"wp:featuredmedia":[{"embeddable":true,"href":"https:\/\/elcalaixetdelaiaia.es\/index.php?rest_route=\/wp\/v2\/media\/19826"}],"wp:attachment":[{"href":"https:\/\/elcalaixetdelaiaia.es\/index.php?rest_route=%2Fwp%2Fv2%2Fmedia&parent=19787"}],"wp:term":[{"taxonomy":"category","embeddable":true,"href":"https:\/\/elcalaixetdelaiaia.es\/index.php?rest_route=%2Fwp%2Fv2%2Fcategories&post=19787"},{"taxonomy":"post_tag","embeddable":true,"href":"https:\/\/elcalaixetdelaiaia.es\/index.php?rest_route=%2Fwp%2Fv2%2Ftags&post=19787"}],"curies":[{"name":"wp","href":"https:\/\/api.w.org\/{rel}","templated":true}]}}