{"id":19631,"date":"2019-10-28T18:45:11","date_gmt":"2019-10-28T18:45:11","guid":{"rendered":"http:\/\/elcalaixetdelaiaia.es\/?p=19631"},"modified":"2025-11-05T18:00:24","modified_gmt":"2025-11-05T18:00:24","slug":"pastel-de-calabaza-manzana-y-glaseado-de-queso-paso-a-paso-foto-a-foto","status":"publish","type":"post","link":"https:\/\/elcalaixetdelaiaia.es\/?p=19631","title":{"rendered":"Pastel de calabaza, manzana y glaseado de queso paso a paso foto a foto"},"content":{"rendered":"<div>\u00abRefrany;<\/div>\n<div>Entre Tots Sants i la Nativitat, entra l&#8217;hivern de veritat\u00bb Entre Todos Santos y la Natividad, entra el invierno de verdad.<\/div>\n<div><\/div>\n<div style=\"text-align: center;\"><img decoding=\"async\" loading=\"lazy\" class=\"alignnone size-large wp-image-19632\" src=\"https:\/\/elcalaixetdelaiaia.es\/wp-content\/uploads\/2019\/10\/pastisdecarabassaipoma-1024x768.png\" alt=\"\" width=\"750\" height=\"563\" srcset=\"https:\/\/elcalaixetdelaiaia.es\/wp-content\/uploads\/2019\/10\/pastisdecarabassaipoma-1024x768.png 1024w, https:\/\/elcalaixetdelaiaia.es\/wp-content\/uploads\/2019\/10\/pastisdecarabassaipoma-300x225.png 300w, https:\/\/elcalaixetdelaiaia.es\/wp-content\/uploads\/2019\/10\/pastisdecarabassaipoma-768x576.png 768w, https:\/\/elcalaixetdelaiaia.es\/wp-content\/uploads\/2019\/10\/pastisdecarabassaipoma.png 1600w\" sizes=\"(max-width: 750px) 100vw, 750px\" \/><\/div>\n<div class=\"separator\"><\/div>\n<div>Para Todos Santos, en muy tradicional en mi tierra hacer bizcochos, dulces o pasteles con calabaza, este que os traigo lleva tambien manzana, y para recubrirlo, un glaseado de queso y unas figuritas tem\u00e1ticas, hechas con fondant.<\/div>\n<div>La receta, no es m\u00eda, sino mi reinterpretaci\u00f3n de la receta\u00a0 original de una compa\u00f1era de Cocineros del Mundo, Meritxell Tineo y que hice en su memoria.<\/div>\n<div>Pero como una imagen, vale mas que mil palabras&#8230;vamos con el paso a paso y foto a foto.<\/div>\n<p>Necesitaremos para un molde de 24cm;<\/p>\n<div class=\"separator\"><a href=\"https:\/\/3.bp.blogspot.com\/-8nW4BM1Njho\/WApVzx3WZjI\/AAAAAAAAm38\/-EKhWe1z5gcKyfZaz-C4Jn3DSnl6G1HkQCEw\/s1600\/IMG_5870.PNG\"><img decoding=\"async\" loading=\"lazy\" class=\"aligncenter\" src=\"https:\/\/elcalaixetdelaiaia.es\/wp-content\/uploads\/2016\/10\/IMG_5870.png\" width=\"640\" height=\"480\" border=\"0\" \/><\/a><\/div>\n<ol>\n<li>200g de az\u00facar moreno<\/li>\n<li>Cuatro huevos<\/li>\n<li>150ml de aceite de oliva suave<\/li>\n<li>200g de calabaza<\/li>\n<li>200g de manzanas<\/li>\n<li>300g de harina de trigo<\/li>\n<li>Dos sobres de gasificante blanco<\/li>\n<li>Dos sobres de gasificante morado<\/li>\n<li>Una pizquita de sal<\/li>\n<li>Una cucharadita de canela molida<\/li>\n<li>Una pizquita de clavo molido<\/li>\n<li>Media cucharadita de nuez moscada<\/li>\n<li>Media cucharadita de jengibre<\/li>\n<li>Un poquito de mantequilla y de harina para el molde<\/li>\n<\/ol>\n<p>Glaseado y decorado;\u00a0<a href=\"https:\/\/1.bp.blogspot.com\/-NGe9UyutTyA\/WApU_D7DRWI\/AAAAAAAAm34\/5h2_7rha3SM-tmMFFn-fj2Yo05XQKS-DQCLcB\/s1600\/IMG_5898.PNG\"><img decoding=\"async\" loading=\"lazy\" class=\"aligncenter\" src=\"https:\/\/elcalaixetdelaiaia.es\/wp-content\/uploads\/2016\/10\/IMG_5898.png\" width=\"640\" height=\"480\" border=\"0\" \/><\/a><\/p>\n<ol>\n<li>275g (una tarrina) de queso crema tipo Philadelphia<\/li>\n<li>80g de az\u00facar glas<\/li>\n<li>Un poco de az\u00facar glas para las manos<\/li>\n<li>Colorantes alimentarios<\/li>\n<li>\u00a0Fondant de diversos colores<\/li>\n<li>Fondant blanco para mezclar<\/li>\n<li>Pi\u00f1ones<\/li>\n<li>Clavos de olor<\/li>\n<\/ol>\n<div class=\"separator\" style=\"text-align: center;\"><a href=\"https:\/\/3.bp.blogspot.com\/-_h7zYANgZpI\/WAp4g2sY7cI\/AAAAAAAAm6s\/ieGkR1xinrUhf3StmuSCb2UijOEA0cIxQCLcB\/s1600\/IMG_5811.PNG\"><img decoding=\"async\" loading=\"lazy\" src=\"https:\/\/elcalaixetdelaiaia.es\/wp-content\/uploads\/2016\/10\/IMG_5811.png\" width=\"640\" height=\"480\" border=\"0\" \/><\/a><\/div>\n<div style=\"text-align: center;\"><\/div>\n<div style=\"text-align: center;\">\u00a0Si decides decorar con figuritas de fondant <a href=\"https:\/\/elcalaixetdelaiaia.es\/?p=218\">https:\/\/elcalaixetdelaiaia.es\/?p=218<\/a> tienes el paso a paso detallado de como hacerlas, te aconsejo que las prepares con antelaci\u00f3n, por ejemplo el d\u00eda antes. Si en lugar de fondant, prefieres hacerlas con mazap\u00e1n, aqu\u00ed tienes explicado el paso a paso, de como preparar el mazap\u00e1n muy econ\u00f3mico y rico, como se hac\u00eda antiguamente\u00a0<a href=\"https:\/\/elcalaixetdelaiaia.es\/?p=1082\">https:\/\/elcalaixetdelaiaia.es\/?p=1082<\/a><\/div>\n<div style=\"text-align: center;\"><\/div>\n<div class=\"separator\" style=\"text-align: center;\"><a href=\"https:\/\/3.bp.blogspot.com\/-Ns-kxtKhM6s\/WApdMoQ5ZSI\/AAAAAAAAm4Y\/mxo01tE-elIbn1uakEm8J3JFgebgkNX7gCLcB\/s1600\/IMG_5829.JPG\"><img decoding=\"async\" loading=\"lazy\" src=\"https:\/\/elcalaixetdelaiaia.es\/wp-content\/uploads\/2016\/10\/IMG_5829.jpg\" width=\"640\" height=\"480\" border=\"0\" \/><\/a><\/div>\n<div><\/div>\n<div style=\"text-align: center;\">Comenzaremos pelando, elimiando bien todas las pepitas y cortando la calabaza en minicuadraditos<\/div>\n<div style=\"text-align: center;\"><\/div>\n<div class=\"separator\" style=\"text-align: center;\"><a href=\"https:\/\/2.bp.blogspot.com\/-erGtw3jk-FM\/WApdrYvXRQI\/AAAAAAAAm4g\/iteNcUMKX203L1ZsbDFA9kn_8QbKOneRQCEw\/s1600\/IMG_5872.PNG\"><img decoding=\"async\" loading=\"lazy\" src=\"https:\/\/elcalaixetdelaiaia.es\/wp-content\/uploads\/2016\/10\/IMG_5872.png\" width=\"640\" height=\"480\" border=\"0\" \/><\/a><\/div>\n<div style=\"text-align: center;\"><\/div>\n<div style=\"text-align: center;\">haremos lo mismo con la manzana, (que en \u00e9ste caso son unas reinetas de Arag\u00f3n) ya que tanto la calabaza como la manzana no la vamos ni a pisar, ni a triturar, la dejaremos tal cual<\/div>\n<div style=\"text-align: center;\"><\/div>\n<div class=\"separator\" style=\"text-align: center;\"><a href=\"https:\/\/2.bp.blogspot.com\/-HclebLHDXgg\/WApdtnEKR3I\/AAAAAAAAm4k\/45FEgnb98IsmTaO9iws69z-wBOXlIFR6QCEw\/s1600\/IMG_5873.PNG\"><img decoding=\"async\" loading=\"lazy\" src=\"https:\/\/elcalaixetdelaiaia.es\/wp-content\/uploads\/2016\/10\/IMG_5873.png\" width=\"640\" height=\"480\" border=\"0\" \/><\/a><\/div>\n<div style=\"text-align: center;\"><\/div>\n<div style=\"text-align: center;\">lo trasladamos a un recipiente apto para microondas y lo cocinamos en el micro duante 8 minutos a 800w. A los cuatro minutos, sacamos el bol y removemos, volvemos a introducir cuatro minutos mas. Lo reservamos.<\/div>\n<div style=\"text-align: center;\"><\/div>\n<div class=\"separator\" style=\"text-align: center;\"><a href=\"https:\/\/2.bp.blogspot.com\/-zLVFp_BXe68\/WApdpavg__I\/AAAAAAAAm4c\/UgGcICwoc585AMg7WMttck7eko5sbSkgwCEw\/s1600\/IMG_5874.PNG\"><img decoding=\"async\" loading=\"lazy\" src=\"https:\/\/elcalaixetdelaiaia.es\/wp-content\/uploads\/2016\/10\/IMG_5874.png\" width=\"640\" height=\"480\" border=\"0\" \/><\/a><\/div>\n<div style=\"text-align: center;\"><\/div>\n<div style=\"text-align: center;\">Batimos los cuatro huevos. Como veis cada uno es de un tama\u00f1o y de un color mas oscuro, porque son huevos camperos, bueno, mas bien serranos. Pondremos a calentar el horno a 180\u00ba<\/div>\n<div style=\"text-align: center;\"><\/div>\n<div class=\"separator\" style=\"text-align: center;\"><a href=\"https:\/\/2.bp.blogspot.com\/-BYeN92Mfl_Y\/WApme_wS7-I\/AAAAAAAAm5U\/kWNkKSZTIFs6V693M4M_7K5N71_Tre1BQCLcB\/s1600\/IMG_5875.PNG\"><img decoding=\"async\" loading=\"lazy\" src=\"https:\/\/elcalaixetdelaiaia.es\/wp-content\/uploads\/2016\/10\/IMG_5875.png\" width=\"640\" height=\"480\" border=\"0\" \/><\/a><\/div>\n<div style=\"text-align: center;\"><\/div>\n<div style=\"text-align: center;\">una vez batidos los huevos, a\u00f1adiremos los 200g de az\u00facar moreno<\/div>\n<div style=\"text-align: center;\"><\/div>\n<div class=\"separator\" style=\"text-align: center;\"><a href=\"https:\/\/1.bp.blogspot.com\/-sc5k3MpmPn8\/WApmjEjYABI\/AAAAAAAAm5Y\/Fkh8Xg6ZDTkxkQd_ytxmmQ26x9ZpR9riACEw\/s1600\/IMG_5876.PNG\"><img decoding=\"async\" loading=\"lazy\" src=\"https:\/\/elcalaixetdelaiaia.es\/wp-content\/uploads\/2016\/10\/IMG_5876.png\" width=\"640\" height=\"480\" border=\"0\" \/><\/a><\/div>\n<div style=\"text-align: center;\"><\/div>\n<div style=\"text-align: center;\">\u00a0y seguiremos batiendo<\/div>\n<div style=\"text-align: center;\"><\/div>\n<div class=\"separator\" style=\"text-align: center;\"><a href=\"https:\/\/2.bp.blogspot.com\/-i0Z_1lqemMo\/WApmQZulVbI\/AAAAAAAAm5Q\/ro4fZOdO7akg9PJ00uIsUkBY0Et2eLTuQCEw\/s1600\/IMG_5877.PNG\"><img decoding=\"async\" loading=\"lazy\" src=\"https:\/\/elcalaixetdelaiaia.es\/wp-content\/uploads\/2016\/10\/IMG_5877.png\" width=\"640\" height=\"480\" border=\"0\" \/><\/a><\/div>\n<div style=\"text-align: center;\"><\/div>\n<div style=\"text-align: center;\">a\u00f1adiremos los 150ml de aceite de oliva suave, ech\u00e1ndolo al hilo<\/div>\n<div style=\"text-align: center;\"><\/div>\n<div class=\"separator\" style=\"text-align: center;\"><a href=\"https:\/\/3.bp.blogspot.com\/-5ef_OIA5gKU\/WApm21_60CI\/AAAAAAAAm5g\/ybbRkn9zpRQ4b-W3O0pD-9UmDc0UVpseACLcB\/s1600\/IMG_5879.PNG\"><img decoding=\"async\" loading=\"lazy\" src=\"https:\/\/elcalaixetdelaiaia.es\/wp-content\/uploads\/2016\/10\/IMG_5879.png\" width=\"640\" height=\"480\" border=\"0\" \/><\/a><\/div>\n<div style=\"text-align: center;\"><\/div>\n<div style=\"text-align: center;\">ahora llega el turno a los dos sobres de gasificante blancos<\/div>\n<div style=\"text-align: center;\"><\/div>\n<div class=\"separator\" style=\"text-align: center;\"><a href=\"https:\/\/2.bp.blogspot.com\/-zLVHKjz465c\/WApoBZWrg9I\/AAAAAAAAm5k\/k2AkgLfdv7g2s9tQX7fT2DB2h8WLzxPOwCLcB\/s1600\/IMG_5880.PNG\"><img decoding=\"async\" loading=\"lazy\" src=\"https:\/\/elcalaixetdelaiaia.es\/wp-content\/uploads\/2016\/10\/IMG_5880.png\" width=\"640\" height=\"480\" border=\"0\" \/><\/a><\/div>\n<div style=\"text-align: center;\"><\/div>\n<div style=\"text-align: center;\">y los dos sobres de gasificante morados, seguimos batiendo&#8230;.<\/div>\n<div style=\"text-align: center;\"><\/div>\n<div class=\"separator\" style=\"text-align: center;\"><a href=\"https:\/\/4.bp.blogspot.com\/-MVYeA0SOSxc\/WApk9p9rrtI\/AAAAAAAAm40\/zwD7KTx8qIANUz0aohOwQqqPsAuZkB2JQCEw\/s1600\/IMG_5885.PNG\"><img decoding=\"async\" loading=\"lazy\" src=\"https:\/\/elcalaixetdelaiaia.es\/wp-content\/uploads\/2016\/10\/IMG_5885.png\" width=\"640\" height=\"480\" border=\"0\" \/><\/a><\/div>\n<div style=\"text-align: center;\"><\/div>\n<div style=\"text-align: center;\">incorporamos media cucharadita de nuez moscada<\/div>\n<div style=\"text-align: center;\"><\/div>\n<div class=\"separator\" style=\"text-align: center;\"><a href=\"https:\/\/1.bp.blogspot.com\/-112mWWBbRIA\/WAplBqI0LkI\/AAAAAAAAm44\/9J8UlhO6BNgSpbg_iPYdy9t33agP2JyuQCEw\/s1600\/IMG_5886.PNG\"><img decoding=\"async\" loading=\"lazy\" src=\"https:\/\/elcalaixetdelaiaia.es\/wp-content\/uploads\/2016\/10\/IMG_5886.png\" width=\"640\" height=\"480\" border=\"0\" \/><\/a><\/div>\n<div style=\"text-align: center;\"><\/div>\n<div style=\"text-align: center;\">una cucharadita de canela molida<\/div>\n<div style=\"text-align: center;\"><\/div>\n<div class=\"separator\" style=\"text-align: center;\"><a href=\"https:\/\/3.bp.blogspot.com\/-dd8TaJKOitY\/WApk2o74FKI\/AAAAAAAAm4w\/3EMQbN_3pVEKNpkyVlzW3-6IxrZvwpXqQCEw\/s1600\/IMG_5887.PNG\"><img decoding=\"async\" loading=\"lazy\" src=\"https:\/\/elcalaixetdelaiaia.es\/wp-content\/uploads\/2016\/10\/IMG_5887.png\" width=\"640\" height=\"480\" border=\"0\" \/><\/a><\/div>\n<div style=\"text-align: center;\"><\/div>\n<div style=\"text-align: center;\">una pizquita de clavo molido<\/div>\n<div style=\"text-align: center;\"><\/div>\n<div class=\"separator\" style=\"text-align: center;\"><a href=\"https:\/\/1.bp.blogspot.com\/-Byhz1eXop1M\/WAplNAXy1oI\/AAAAAAAAm48\/bGD1tiJKBZQ2Mxs1vdkNY3STSUpEj9mpgCEw\/s1600\/IMG_5888.PNG\"><img decoding=\"async\" loading=\"lazy\" src=\"https:\/\/elcalaixetdelaiaia.es\/wp-content\/uploads\/2016\/10\/IMG_5888.png\" width=\"640\" height=\"480\" border=\"0\" \/><\/a><\/div>\n<div style=\"text-align: center;\"><\/div>\n<div style=\"text-align: center;\">Media cucharadita de jengibre molido<\/div>\n<div style=\"text-align: center;\"><\/div>\n<div class=\"separator\" style=\"text-align: center;\"><a href=\"https:\/\/4.bp.blogspot.com\/-zGUxecmwt74\/WAplP-A1YAI\/AAAAAAAAm5A\/yGF4fUWPMbYKS3CBvR7i7ozUI3ZbWpnaQCEw\/s1600\/IMG_5889.PNG\"><img decoding=\"async\" loading=\"lazy\" src=\"https:\/\/elcalaixetdelaiaia.es\/wp-content\/uploads\/2016\/10\/IMG_5889.png\" width=\"640\" height=\"480\" border=\"0\" \/><\/a><\/div>\n<div style=\"text-align: center;\"><\/div>\n<div style=\"text-align: center;\">y una pizquita de sal y seguiremos batiendo<\/div>\n<div style=\"text-align: center;\"><\/div>\n<div class=\"separator\" style=\"text-align: center;\"><a href=\"https:\/\/3.bp.blogspot.com\/-l47wXIoECkA\/WApmrJCiNxI\/AAAAAAAAm5c\/v3VlCSBmOaE7L3SeckGAQCu_OShektsGgCEw\/s1600\/IMG_5878.PNG\"><img decoding=\"async\" loading=\"lazy\" src=\"https:\/\/elcalaixetdelaiaia.es\/wp-content\/uploads\/2016\/10\/IMG_5878.png\" width=\"640\" height=\"480\" border=\"0\" \/><\/a><\/div>\n<ol style=\"text-align: center;\">\u00a0cerniremos los 300g de harina<\/ol>\n<div class=\"separator\" style=\"text-align: center;\"><img decoding=\"async\" loading=\"lazy\" src=\"https:\/\/elcalaixetdelaiaia.es\/wp-content\/uploads\/2016\/10\/IMG_5890.png\" width=\"640\" height=\"480\" border=\"0\" \/><\/div>\n<div><\/div>\n<div style=\"text-align: center;\">\u00a0\u00a0\u00a0\u00a0\u00a0 y seguiremos batiendo<\/div>\n<div style=\"text-align: center;\"><\/div>\n<div class=\"separator\" style=\"text-align: center;\"><a href=\"https:\/\/4.bp.blogspot.com\/-T3WNJXgJulg\/WAplecl02WI\/AAAAAAAAm5I\/zDlLNBwreC0JqfroFP5c9qCWNQiOZ1bsgCEw\/s1600\/IMG_5891.PNG\"><img decoding=\"async\" loading=\"lazy\" src=\"https:\/\/elcalaixetdelaiaia.es\/wp-content\/uploads\/2016\/10\/IMG_5891.png\" width=\"640\" height=\"480\" border=\"0\" \/><\/a><\/div>\n<div style=\"text-align: center;\"><\/div>\n<div style=\"text-align: center;\">mezclaremos ahora con la esp\u00e1tula la calabaza y la manzana, cocida al microondas<\/div>\n<div style=\"text-align: center;\"><\/div>\n<div class=\"separator\" style=\"text-align: center;\"><a href=\"https:\/\/3.bp.blogspot.com\/-IX0wjC0sAQU\/WApry52UuFI\/AAAAAAAAm54\/gPUzYDedpZ09EDVKegKl0rQ4PJItfth-gCLcB\/s1600\/IMG_5892.PNG\"><img decoding=\"async\" loading=\"lazy\" src=\"https:\/\/elcalaixetdelaiaia.es\/wp-content\/uploads\/2016\/10\/IMG_5892.png\" width=\"640\" height=\"480\" border=\"0\" \/><\/a><\/div>\n<div style=\"text-align: center;\"><\/div>\n<div style=\"text-align: center;\">colocamos una hoja de papel sulfurizada, vegetal o de cocina sobre la base del molde y pinzamos sobre el mismo, procediento al encamisado del molde<\/div>\n<div style=\"text-align: center;\"><\/div>\n<div class=\"separator\" style=\"text-align: center;\"><a href=\"https:\/\/3.bp.blogspot.com\/-AUTt_NdefQg\/WAprwhHaOOI\/AAAAAAAAm5w\/avw1nVVfYMsbginfgZFjs1dvdej1ULqmACLcB\/s1600\/IMG_5893.PNG\"><img decoding=\"async\" loading=\"lazy\" src=\"https:\/\/elcalaixetdelaiaia.es\/wp-content\/uploads\/2016\/10\/IMG_5893.png\" width=\"640\" height=\"480\" border=\"0\" \/><\/a><\/div>\n<div style=\"text-align: center;\"><\/div>\n<div style=\"text-align: center;\">engrasaremos las paredes internas del ruedo del molde con un poquito de mantequilla y enharinamos encima<\/div>\n<div style=\"text-align: center;\"><\/div>\n<div class=\"separator\" style=\"text-align: center;\"><a href=\"https:\/\/2.bp.blogspot.com\/-gsPO_yrhPUM\/WAprxIxA47I\/AAAAAAAAm50\/LwZaQ39gEkUiuRoJF_rbArvvVw9GQ5zpQCLcB\/s1600\/IMG_5894.PNG\"><img decoding=\"async\" loading=\"lazy\" src=\"https:\/\/elcalaixetdelaiaia.es\/wp-content\/uploads\/2016\/10\/IMG_5894.png\" width=\"640\" height=\"480\" border=\"0\" \/><\/a><\/div>\n<div style=\"text-align: center;\"><\/div>\n<div style=\"text-align: center;\">volcaremos la masa en el molde<\/div>\n<div style=\"text-align: center;\"><\/div>\n<div class=\"separator\" style=\"text-align: center;\"><a href=\"https:\/\/1.bp.blogspot.com\/-UZvqEUaoUjw\/WApsUKgJwcI\/AAAAAAAAm58\/2tLgxSghqkIw1byw2MLC3UOJPcsyPmvhQCLcB\/s1600\/IMG_5895.PNG\"><img decoding=\"async\" loading=\"lazy\" src=\"https:\/\/elcalaixetdelaiaia.es\/wp-content\/uploads\/2016\/10\/IMG_5895.png\" width=\"640\" height=\"480\" border=\"0\" \/><\/a><\/div>\n<div style=\"text-align: center;\"><\/div>\n<div style=\"text-align: center;\">\u00a0y daremos unos golpes sobre la superfice de trabajo<\/div>\n<div style=\"text-align: center;\"><\/div>\n<div class=\"separator\" style=\"text-align: center;\"><a href=\"https:\/\/1.bp.blogspot.com\/-ftpkPU0xohc\/WAp0cRZQFLI\/AAAAAAAAm6Q\/ooqC5QVC4WwATcUwWXldoU7qkTdB5nFPwCLcB\/s1600\/IMG_5896.PNG\"><img decoding=\"async\" loading=\"lazy\" src=\"https:\/\/elcalaixetdelaiaia.es\/wp-content\/uploads\/2016\/10\/IMG_5896.png\" width=\"640\" height=\"480\" border=\"0\" \/><\/a><\/div>\n<div style=\"text-align: center;\"><\/div>\n<div style=\"text-align: center;\">lo introduciremos en el horno precalentado ya a 180\u00ba, media altura<\/div>\n<div style=\"text-align: center;\"><\/div>\n<div class=\"separator\" style=\"text-align: center;\"><a href=\"https:\/\/2.bp.blogspot.com\/-WkXPi6UBkyc\/WAp0cKrJzvI\/AAAAAAAAm6M\/qEQR0i8KOHsAYzDLzr8zz0cMHXvYJ-xngCLcB\/s1600\/IMG_5897.PNG\"><img decoding=\"async\" loading=\"lazy\" src=\"https:\/\/elcalaixetdelaiaia.es\/wp-content\/uploads\/2016\/10\/IMG_5897.png\" width=\"640\" height=\"480\" border=\"0\" \/><\/a><\/div>\n<div style=\"text-align: center;\"><\/div>\n<div style=\"text-align: center;\">cuando hayan pasado unos 35 o 40 minutos, comprobaremos si est\u00e1 ya cocido, pinchando en el centro con un palo de brocheta, si \u00e9ste sale limpio es que ya est\u00e1 en su punto. En mi horno ha necesitado 45 minutos, pero cada horno es distinto y necesita unos tiempos, as\u00ed que los que os doy, son orientativos<\/div>\n<div style=\"text-align: center;\"><\/div>\n<div class=\"separator\" style=\"text-align: center;\"><a href=\"https:\/\/3.bp.blogspot.com\/-2xuhSzEjjxY\/WAp0W0wjR_I\/AAAAAAAAm6I\/GdXijpOBeBI_ZlqpGoqCucLWEx91_zVTACLcB\/s1600\/IMG_5899.PNG\"><img decoding=\"async\" loading=\"lazy\" src=\"https:\/\/elcalaixetdelaiaia.es\/wp-content\/uploads\/2016\/10\/IMG_5899.png\" width=\"640\" height=\"480\" border=\"0\" \/><\/a><\/div>\n<div style=\"text-align: center;\"><\/div>\n<div style=\"text-align: center;\">cuando est\u00e9 listo el bizcocho dejaremos unos cinco minutos dentro del horno, con la puerta entreabierta para evitar los cambios bruscos de temperatura<\/div>\n<div style=\"text-align: center;\"><\/div>\n<div class=\"separator\" style=\"text-align: center;\"><a href=\"https:\/\/3.bp.blogspot.com\/-ThiidkfT6e4\/WAp0ibN8oKI\/AAAAAAAAm6U\/lOWPp0QscgIX7dwlf4Ys_Ik9E8rABlPwgCLcB\/s1600\/IMG_5901.PNG\"><img decoding=\"async\" loading=\"lazy\" src=\"https:\/\/elcalaixetdelaiaia.es\/wp-content\/uploads\/2016\/10\/IMG_5901.png\" width=\"640\" height=\"480\" border=\"0\" \/><\/a><\/div>\n<div style=\"text-align: center;\"><\/div>\n<div style=\"text-align: center;\">luego desmoldaremos con cuidado y dejaremos enfriar completamente, sobre una rejilla<\/div>\n<div style=\"text-align: center;\"><\/div>\n<div class=\"separator\" style=\"text-align: center;\"><a href=\"https:\/\/1.bp.blogspot.com\/-oS3yqoI-VNY\/WAp2AGMTf0I\/AAAAAAAAm6c\/Syhd_1ELp0Y9WRWp7QzBVO1bjw9u-X25gCLcB\/s1600\/IMG_5900.PNG\"><img decoding=\"async\" loading=\"lazy\" src=\"https:\/\/elcalaixetdelaiaia.es\/wp-content\/uploads\/2016\/10\/IMG_5900.png\" width=\"640\" height=\"480\" border=\"0\" \/><\/a><\/div>\n<div style=\"text-align: center;\"><\/div>\n<div style=\"text-align: center;\">\u00a0volcamos en un bol los 80g az\u00facar glas y los 270g de queso<\/div>\n<div style=\"text-align: center;\"><\/div>\n<div class=\"separator\" style=\"text-align: center;\"><a href=\"https:\/\/2.bp.blogspot.com\/-Jh2Szge8WOc\/WAp2ItOlqRI\/AAAAAAAAm6g\/4PuanbP32uEQlrVE06z_VoDu1IBQk6C5ACLcB\/s1600\/IMG_5902.PNG\"><img decoding=\"async\" loading=\"lazy\" src=\"https:\/\/elcalaixetdelaiaia.es\/wp-content\/uploads\/2016\/10\/IMG_5902.png\" width=\"640\" height=\"480\" border=\"0\" \/><\/a><\/div>\n<div style=\"text-align: center;\"><\/div>\n<div style=\"text-align: center;\">\u00a0y batiremos hasta obtener una crema fina<\/div>\n<div style=\"text-align: center;\"><\/div>\n<div class=\"separator\" style=\"text-align: center;\"><a href=\"https:\/\/4.bp.blogspot.com\/-Dyv1NI8AXbs\/WAp2MVYs25I\/AAAAAAAAm6k\/-dnqZfwWaVAkj0rsEOzlrQYi_uR8Bw8SwCLcB\/s1600\/IMG_5903.PNG\"><img decoding=\"async\" loading=\"lazy\" src=\"https:\/\/elcalaixetdelaiaia.es\/wp-content\/uploads\/2016\/10\/IMG_5903.png\" width=\"640\" height=\"480\" border=\"0\" \/><\/a><\/div>\n<div style=\"text-align: center;\"><\/div>\n<div style=\"text-align: center;\">\u00a0untaremos el bizcocho con la crema en plan muy fino o m\u00e1s r\u00fastico, \u00e9so ya a vuestro gusto<\/div>\n<div style=\"text-align: center;\"><\/div>\n<div class=\"separator\" style=\"text-align: center;\"><a href=\"https:\/\/1.bp.blogspot.com\/-Kk0V9R2LT9M\/WAp2SCNR-mI\/AAAAAAAAm6o\/r71tcYqwFNY3ahDXgayJV_q6NrFEtJ2HACLcB\/s1600\/IMG_5904.PNG\"><img decoding=\"async\" loading=\"lazy\" src=\"https:\/\/elcalaixetdelaiaia.es\/wp-content\/uploads\/2016\/10\/IMG_5904.png\" width=\"640\" height=\"480\" border=\"0\" \/><\/a><\/div>\n<div style=\"text-align: center;\"><\/div>\n<div style=\"text-align: center;\">y mantendremos en frio hasta la hora de consumir.<\/div>\n<div style=\"text-align: center;\">Pod\u00e9is dejarlo tal cual, o si dispon\u00e9is de tiempo y ganas, decorarlo con hojitas, manzanitas y calabacitas, es el momento de hacerlo, las figuritas pod\u00e9is hacerlas tambi\u00e9n con mazap\u00e1n, como las frutitas de la \u00abmocador\u00e1\u00bb, que quedan deliciosassssss.<br \/>\nQuise hacer las fotos al aire libre y se li\u00f3 a llover intensamente, con lo cual tuve que hacerlas r\u00e1pido dispar\u00e9 unas cuantas veces y no me puede entretener en ir comprobando como sal\u00edan&#8230;<\/div>\n<div style=\"text-align: center;\">\u00a0<i> <\/i><\/div>\n<div class=\"separator\" style=\"text-align: center;\"><a href=\"https:\/\/1.bp.blogspot.com\/-hkLSq0rpTCU\/WAtIevrfQBI\/AAAAAAAAm9Y\/okHPRb7Adbsvh5OcEGiLTEtmV8YIAW3-wCLcB\/s1600\/IMG_5939%2B%25282%2529.PNG\"><img decoding=\"async\" loading=\"lazy\" src=\"https:\/\/elcalaixetdelaiaia.es\/wp-content\/uploads\/2016\/10\/IMG_593928229.png\" width=\"640\" height=\"472\" border=\"0\" \/><\/a><\/div>\n<div><\/div>\n<div style=\"text-align: center;\">no estoy muy contenta con el resultado de las fotos, porque al verlas me he dado cuenta de detalles que podr\u00eda haber rectificado\u00a0 del montaje<\/div>\n<div><\/div>\n<div class=\"separator\" style=\"text-align: center;\"><a href=\"https:\/\/1.bp.blogspot.com\/-SdksDR1LevY\/WAtIg39JBEI\/AAAAAAAAm9c\/Nlk6AxzqarMaaHBLffNxn8CusKx-HdC9gCLcB\/s1600\/IMG_5940%2B%25282%2529.PNG\"><img decoding=\"async\" loading=\"lazy\" src=\"https:\/\/elcalaixetdelaiaia.es\/wp-content\/uploads\/2016\/10\/IMG_594028229-2.png\" width=\"640\" height=\"466\" border=\"0\" \/><\/a><\/div>\n<div style=\"text-align: center;\"><\/div>\n<div style=\"text-align: center;\">y de la decoraci\u00f3n<\/div>\n<div><\/div>\n<div class=\"separator\" style=\"text-align: center;\"><a href=\"https:\/\/2.bp.blogspot.com\/-vF2_HrHmkTo\/WAtIZuJ1RNI\/AAAAAAAAm9U\/5XR-z5IWKQ8aEsNQXb4UMSve_JaMab4gQCLcB\/s1600\/IMG_5952.PNG\"><img decoding=\"async\" loading=\"lazy\" src=\"https:\/\/elcalaixetdelaiaia.es\/wp-content\/uploads\/2016\/10\/IMG_5952.png\" width=\"640\" height=\"480\" border=\"0\" \/><\/a><\/div>\n<div><\/div>\n<div style=\"text-align: center;\">pero os aseguro que el bizcocho o tarta es delicioso<\/div>\n<div style=\"text-align: center;\"><\/div>\n<div class=\"separator\" style=\"text-align: center;\"><a href=\"https:\/\/1.bp.blogspot.com\/-yPNwLR3hMcU\/WAtKrOLDL5I\/AAAAAAAAm94\/d3HnPpRHvQgMiPDkY__wyeWbRP5FHUdaACLcB\/s1600\/IMG_5963.PNG\"><img decoding=\"async\" loading=\"lazy\" src=\"https:\/\/elcalaixetdelaiaia.es\/wp-content\/uploads\/2016\/10\/IMG_5963.png\" width=\"640\" height=\"480\" border=\"0\" \/><\/a><\/div>\n<div><\/div>\n<div style=\"text-align: center;\">la manzana con la calabaza,<\/div>\n<div style=\"text-align: center;\"><\/div>\n<div class=\"separator\" style=\"text-align: center;\"><a href=\"https:\/\/4.bp.blogspot.com\/-HriXyAnNCj8\/WAtIrYL9-DI\/AAAAAAAAm9g\/SmSIEddwU58NWRArjk0_bfl6jK6PqaItgCLcB\/s1600\/IMG_5962%2B%25282%2529.PNG\"><img decoding=\"async\" loading=\"lazy\" src=\"https:\/\/elcalaixetdelaiaia.es\/wp-content\/uploads\/2016\/10\/IMG_596228229.png\" width=\"640\" height=\"480\" border=\"0\" \/><\/a><\/div>\n<div><\/div>\n<div style=\"text-align: center;\">mezclada con las especias, consigue un sabor exquisito, que hacen que \u00e9ste bizcocho que sea s\u00faper jugoso, h\u00famedo y delicado<\/div>\n<div><\/div>\n<div class=\"separator\" style=\"text-align: center;\"><a href=\"https:\/\/2.bp.blogspot.com\/-30iLMIHK7yU\/WAtKsaapIKI\/AAAAAAAAm98\/tp-I9P0X9b4qyHvA3MT78jCU2hFz8D10gCLcB\/s1600\/IMG_5960.PNG\"><img decoding=\"async\" loading=\"lazy\" src=\"https:\/\/elcalaixetdelaiaia.es\/wp-content\/uploads\/2016\/10\/IMG_5960.png\" width=\"640\" height=\"480\" border=\"0\" \/><\/a><\/div>\n<div style=\"text-align: center;\">una verdadera delicia, en especial con el toque final del glaseado de queso&#8230;mmmmm<\/div>\n<div><\/div>\n<div class=\"separator\" style=\"text-align: center;\"><a href=\"https:\/\/4.bp.blogspot.com\/-t82w4f3PXPM\/WBIo9rXhGII\/AAAAAAAAnBE\/suft_ZAPTGsbfsbCxxxmIcakCLlc_Vb9QCLcB\/s1600\/IMG_5968%2B%25282%2529.PNG\"><img decoding=\"async\" loading=\"lazy\" src=\"https:\/\/elcalaixetdelaiaia.es\/wp-content\/uploads\/2016\/10\/IMG_596828229.png\" width=\"640\" height=\"480\" border=\"0\" \/><\/a><\/div>\n<div>\n<p style=\"text-align: center;\">Si te gusta mi receta, puedes compartirla para que llegue a m\u00e1s gente.<br \/>\nEspero tus comentarios y recuerda que tambi\u00e9n estoy en Facebook\u00a0<a href=\"https:\/\/www.facebook.com\/El-calaixet-de-la-iaia-533062140099386\/\">https:\/\/www.facebook.com\/El-calaixet-de-la-iaia-533062140099386\/<\/a><\/p>\n<\/div>\n","protected":false},"excerpt":{"rendered":"<p>\u00abRefrany; Entre Tots Sants i la Nativitat, entra l&#8217;hivern de veritat\u00bb Entre Todos Santos y la Natividad, entra el invierno de verdad. Para Todos Santos, en muy tradicional en mi tierra hacer bizcochos, dulces o pasteles con calabaza, este que os traigo lleva tambien manzana, y para recubrirlo, un glaseado &hellip; <\/p>\n","protected":false},"author":2,"featured_media":19633,"comment_status":"open","ping_status":"open","sticky":false,"template":"","format":"standard","meta":[],"categories":[6],"tags":[],"_links":{"self":[{"href":"https:\/\/elcalaixetdelaiaia.es\/index.php?rest_route=\/wp\/v2\/posts\/19631"}],"collection":[{"href":"https:\/\/elcalaixetdelaiaia.es\/index.php?rest_route=\/wp\/v2\/posts"}],"about":[{"href":"https:\/\/elcalaixetdelaiaia.es\/index.php?rest_route=\/wp\/v2\/types\/post"}],"author":[{"embeddable":true,"href":"https:\/\/elcalaixetdelaiaia.es\/index.php?rest_route=\/wp\/v2\/users\/2"}],"replies":[{"embeddable":true,"href":"https:\/\/elcalaixetdelaiaia.es\/index.php?rest_route=%2Fwp%2Fv2%2Fcomments&post=19631"}],"version-history":[{"count":14,"href":"https:\/\/elcalaixetdelaiaia.es\/index.php?rest_route=\/wp\/v2\/posts\/19631\/revisions"}],"predecessor-version":[{"id":28592,"href":"https:\/\/elcalaixetdelaiaia.es\/index.php?rest_route=\/wp\/v2\/posts\/19631\/revisions\/28592"}],"wp:featuredmedia":[{"embeddable":true,"href":"https:\/\/elcalaixetdelaiaia.es\/index.php?rest_route=\/wp\/v2\/media\/19633"}],"wp:attachment":[{"href":"https:\/\/elcalaixetdelaiaia.es\/index.php?rest_route=%2Fwp%2Fv2%2Fmedia&parent=19631"}],"wp:term":[{"taxonomy":"category","embeddable":true,"href":"https:\/\/elcalaixetdelaiaia.es\/index.php?rest_route=%2Fwp%2Fv2%2Fcategories&post=19631"},{"taxonomy":"post_tag","embeddable":true,"href":"https:\/\/elcalaixetdelaiaia.es\/index.php?rest_route=%2Fwp%2Fv2%2Ftags&post=19631"}],"curies":[{"name":"wp","href":"https:\/\/api.w.org\/{rel}","templated":true}]}}