{"id":19553,"date":"2020-06-13T18:17:18","date_gmt":"2020-06-13T18:17:18","guid":{"rendered":"http:\/\/elcalaixetdelaiaia.es\/?p=19553"},"modified":"2022-12-14T20:41:18","modified_gmt":"2022-12-14T20:41:18","slug":"tarta-de-kitkat-y-cerditos-en-barro-de-chocolate-paso-a-paso","status":"publish","type":"post","link":"https:\/\/elcalaixetdelaiaia.es\/?p=19553","title":{"rendered":"Tarta de kitkat y cerditos en barro de chocolate paso a paso"},"content":{"rendered":"<p>Refrany; Mai hem vist porquets menjar confits\u00bb Nunca hemos visto cerditos comer golosinas.<\/p>\n<p>Para el cumple pasado de mi sobrina peque\u00f1a, el a\u00f1o pasado, le hice la tarta que ya hab\u00eda hecho para la mayor, (bueno la mayor no es, en realidad tengo tres preciosas sobrinas, y la mayor cumple en Febrero) y que fue un \u00e9xito, pero que no ten\u00eda publicada, as\u00ed que hice el paso a paso, pero hasta ahora no hab\u00eda tenido ocasi\u00f3n de editarla y prepararla para publicar, porque como me pasa infinidad de veces cuando no publico enseguida, he perdido fotos, pero aunque a falta de alguna, me animo a compartir con vosotros \u00e9sta tarta que gusta much\u00edsimo siempre que la hago y que es MUY f\u00e1cil de hacer incluso para quienes no hab\u00e9is trabajado nunca el fondant.<\/p>\n<p>Las tartas son distintas, una la hice de bizcocho de almendra y ganache de trufa y la otra la hice con base de galletas y tres chocolates, pero con el acabado igual, unos cerditos de fondant rosa (que no se porque en las fotos parecen fucsia fosforescente) reboz\u00e1ndose en un lodazal de chocolate, con una vallado de Kit-Kat<\/p>\n<p>Como el fondant se ha de secar como m\u00ednimo un d\u00eda, ser\u00e1 lo primero que haremos.<\/p>\n<div>Vamos a preparar los cerditos de fondant, para ello haremos unas bolas mas grandes para el cuerpo, y otras mas peque\u00f1as para las cabezas<\/div>\n<div style=\"text-align: center\">\n<p><img decoding=\"async\" loading=\"lazy\" src=\"https:\/\/elcalaixetdelaiaia.es\/wp-content\/uploads\/2020\/05\/IMG_20190513_091919-1024x768.jpg\" class=\"size-large wp-image-21794\" width=\"750\" height=\"563\" alt=\"\" srcset=\"https:\/\/elcalaixetdelaiaia.es\/wp-content\/uploads\/2020\/05\/IMG_20190513_091919-1024x768.jpg 1024w, https:\/\/elcalaixetdelaiaia.es\/wp-content\/uploads\/2020\/05\/IMG_20190513_091919-300x225.jpg 300w, https:\/\/elcalaixetdelaiaia.es\/wp-content\/uploads\/2020\/05\/IMG_20190513_091919-768x576.jpg 768w, https:\/\/elcalaixetdelaiaia.es\/wp-content\/uploads\/2020\/05\/IMG_20190513_091919-1536x1152.jpg 1536w, https:\/\/elcalaixetdelaiaia.es\/wp-content\/uploads\/2020\/05\/IMG_20190513_091919-2048x1536.jpg 2048w\" sizes=\"(max-width: 750px) 100vw, 750px\" \/><\/p>\n<p>Con un cuter que usaremos solo para alimentos, cortaremos justo por la mitad y pegaremos con agua, medio cuerpo, con media cabeza<\/p>\n<\/div>\n<p style=\"text-align: center\"><img decoding=\"async\" loading=\"lazy\" src=\"https:\/\/elcalaixetdelaiaia.es\/wp-content\/uploads\/2020\/05\/IMG_20190513_215755-768x1024.jpg\" class=\"aligncenter size-large wp-image-21797\" width=\"750\" height=\"1000\" alt=\"\" srcset=\"https:\/\/elcalaixetdelaiaia.es\/wp-content\/uploads\/2020\/05\/IMG_20190513_215755-768x1024.jpg 768w, https:\/\/elcalaixetdelaiaia.es\/wp-content\/uploads\/2020\/05\/IMG_20190513_215755-225x300.jpg 225w, https:\/\/elcalaixetdelaiaia.es\/wp-content\/uploads\/2020\/05\/IMG_20190513_215755-1152x1536.jpg 1152w, https:\/\/elcalaixetdelaiaia.es\/wp-content\/uploads\/2020\/05\/IMG_20190513_215755-1536x2048.jpg 1536w, https:\/\/elcalaixetdelaiaia.es\/wp-content\/uploads\/2020\/05\/IMG_20190513_215755-scaled.jpg 1920w\" sizes=\"(max-width: 750px) 100vw, 750px\" \/><\/p>\n<p style=\"text-align: center\">Haremos dos bolas completas para formar un cerdito de pie, y otra media bola para formar el culito de uno de los gorrinitos, con bolitas mas peque\u00f1as, practicaremos un corte y haremos las pezu\u00f1as,<\/p>\n<div style=\"text-align: center\"><img decoding=\"async\" loading=\"lazy\" src=\"https:\/\/elcalaixetdelaiaia.es\/wp-content\/uploads\/2020\/05\/IMG_20190513_215808-1024x768.jpg\" class=\"size-large wp-image-21798\" width=\"750\" height=\"563\" alt=\"\" srcset=\"https:\/\/elcalaixetdelaiaia.es\/wp-content\/uploads\/2020\/05\/IMG_20190513_215808-1024x768.jpg 1024w, https:\/\/elcalaixetdelaiaia.es\/wp-content\/uploads\/2020\/05\/IMG_20190513_215808-300x225.jpg 300w, https:\/\/elcalaixetdelaiaia.es\/wp-content\/uploads\/2020\/05\/IMG_20190513_215808-768x576.jpg 768w, https:\/\/elcalaixetdelaiaia.es\/wp-content\/uploads\/2020\/05\/IMG_20190513_215808-1536x1152.jpg 1536w, https:\/\/elcalaixetdelaiaia.es\/wp-content\/uploads\/2020\/05\/IMG_20190513_215808-2048x1536.jpg 2048w\" sizes=\"(max-width: 750px) 100vw, 750px\" \/><\/div>\n<div style=\"text-align: center\">\n<p>las orejitas y el morro, haremos y colocaremos los brazos, formaremos los ombligos y con un poquito de fondant negro haremos los ojos. Haremos los cerditos que necesitemos, en mi caso he hecho para dos tartas<\/p>\n<p><img decoding=\"async\" loading=\"lazy\" src=\"https:\/\/elcalaixetdelaiaia.es\/wp-content\/uploads\/2020\/05\/IMG_20190513_215724-1024x768.jpg\" class=\"size-large wp-image-21796\" width=\"750\" height=\"563\" alt=\"\" srcset=\"https:\/\/elcalaixetdelaiaia.es\/wp-content\/uploads\/2020\/05\/IMG_20190513_215724-1024x768.jpg 1024w, https:\/\/elcalaixetdelaiaia.es\/wp-content\/uploads\/2020\/05\/IMG_20190513_215724-300x225.jpg 300w, https:\/\/elcalaixetdelaiaia.es\/wp-content\/uploads\/2020\/05\/IMG_20190513_215724-768x576.jpg 768w, https:\/\/elcalaixetdelaiaia.es\/wp-content\/uploads\/2020\/05\/IMG_20190513_215724-1536x1152.jpg 1536w, https:\/\/elcalaixetdelaiaia.es\/wp-content\/uploads\/2020\/05\/IMG_20190513_215724-2048x1536.jpg 2048w\" sizes=\"(max-width: 750px) 100vw, 750px\" \/><\/p>\n<p>los iremos colocando sobre papel de cocina y dejaremos un d\u00eda secar??<\/p>\n<\/div>\n<p style=\"text-align: center\">Para la tarta de bizcocho de almendra aqu\u00ed teneis los ingredientes y el paso a paso detallado <a href=\"https:\/\/elcalaixetdelaiaia.es\/2019\/01\/bizcocho-genoves-de-almendra-para-tartas-foto-a-foto\/\">https:\/\/elcalaixetdelaiaia.es\/2019\/01\/bizcocho-genoves-de-almendra-para-tartas-foto-a-foto\/<\/a><\/p>\n<p>Para el ganache necesitaremos;<\/p>\n<ol>\n<li>250g de nata o crema de montar m\u00ednimo 35% materia grasa<\/li>\n<li>250g de chocolate puro fondant<\/li>\n<li>30g de mantequilla<\/li>\n<\/ol>\n<div class=\"separator\" style=\"text-align: center\"><a href=\"https:\/\/i1.wp.com\/1.bp.blogspot.com\/-E9vFW3hk2aU\/Vx6TFs46OwI\/AAAAAAAAjqQ\/YP3P2z1katgADXi3noZ3tTB9tAv6buD7gCLcB\/s1600\/IMG_4432.JPG?ssl=1\"><img decoding=\"async\" loading=\"lazy\" src=\"https:\/\/i1.wp.com\/elcalaixetdelaiaia.es\/wp-content\/uploads\/2016\/04\/IMG_4432.jpg?resize=640%2C480\" class=\"aligncenter\" width=\"707\" height=\"530\" border=\"0\"><\/a><\/div>\n<div style=\"text-align: center\">En un cuenco, trocearemos la tableta de chocolate fondant de Nestl\u00e9 postres o fondant<\/div>\n<div class=\"separator\" style=\"text-align: center\"><a href=\"https:\/\/i0.wp.com\/3.bp.blogspot.com\/-vQbIj7lW2Ws\/Vx6T8W04SNI\/AAAAAAAAjqg\/vD3Lgk51c905nIWdN4DXWHGngSenfl1_ACLcB\/s1600\/IMG_4434%2B%25282%2529.JPG?ssl=1\"><img decoding=\"async\" loading=\"lazy\" src=\"https:\/\/i0.wp.com\/elcalaixetdelaiaia.es\/wp-content\/uploads\/2016\/04\/IMG_443428229.jpg?resize=640%2C451\" class=\"aligncenter\" width=\"705\" height=\"497\" border=\"0\"><\/a><\/div>\n<div style=\"text-align: center\">A\u00f1adiremos la misma cantidad de nata para montar que de chocolate, y calentaremos al microondas s\u00f3lo lo suficiente para derretir el chocolate, removiendo la nata tibia<\/div>\n<div class=\"separator\" style=\"text-align: center\"><a href=\"https:\/\/i2.wp.com\/4.bp.blogspot.com\/-oAyi92tzopQ\/Vx6U36xePtI\/AAAAAAAAjq0\/32XCGoxGfYs6USOjk0uLKX3WR50ibp1KgCLcB\/s1600\/IMG_4436.JPG?ssl=1\"><img decoding=\"async\" loading=\"lazy\" src=\"https:\/\/i2.wp.com\/elcalaixetdelaiaia.es\/wp-content\/uploads\/2016\/04\/IMG_4436.jpg?resize=640%2C480\" class=\"aligncenter\" width=\"707\" height=\"530\" border=\"0\"><\/a><\/div>\n<div style=\"text-align: center\">hasta que est\u00e9 completamente disuelto,<\/div>\n<div style=\"text-align: center\">\n<p><img decoding=\"async\" loading=\"lazy\" src=\"https:\/\/elcalaixetdelaiaia.es\/wp-content\/uploads\/2020\/05\/IMG_20190512_202905-1-1024x768.jpg\" class=\"wp-image-21769\" alt=\"\" width=\"707\" height=\"531\" srcset=\"https:\/\/elcalaixetdelaiaia.es\/wp-content\/uploads\/2020\/05\/IMG_20190512_202905-1-1024x768.jpg 1024w, https:\/\/elcalaixetdelaiaia.es\/wp-content\/uploads\/2020\/05\/IMG_20190512_202905-1-300x225.jpg 300w, https:\/\/elcalaixetdelaiaia.es\/wp-content\/uploads\/2020\/05\/IMG_20190512_202905-1-768x576.jpg 768w, https:\/\/elcalaixetdelaiaia.es\/wp-content\/uploads\/2020\/05\/IMG_20190512_202905-1-1536x1152.jpg 1536w, https:\/\/elcalaixetdelaiaia.es\/wp-content\/uploads\/2020\/05\/IMG_20190512_202905-1-2048x1536.jpg 2048w\" sizes=\"(max-width: 707px) 100vw, 707px\" \/><\/p>\n<p style=\"text-align: center\">Para darle mas brillo al chocolate, a\u00f1adiremos 35g de mantequilla a temperatura ambiente, que al estar el chocolate y la nata caliente, se derretir\u00e1 al mezclarlos.<\/p>\n<p><img decoding=\"async\" loading=\"lazy\" src=\"https:\/\/elcalaixetdelaiaia.es\/wp-content\/uploads\/2020\/05\/IMG_20190512_203453-1-1024x768.jpg\" class=\"size-large wp-image-21770\" width=\"750\" height=\"563\" alt=\"\" srcset=\"https:\/\/elcalaixetdelaiaia.es\/wp-content\/uploads\/2020\/05\/IMG_20190512_203453-1-1024x768.jpg 1024w, https:\/\/elcalaixetdelaiaia.es\/wp-content\/uploads\/2020\/05\/IMG_20190512_203453-1-300x225.jpg 300w, https:\/\/elcalaixetdelaiaia.es\/wp-content\/uploads\/2020\/05\/IMG_20190512_203453-1-768x576.jpg 768w, https:\/\/elcalaixetdelaiaia.es\/wp-content\/uploads\/2020\/05\/IMG_20190512_203453-1-1536x1152.jpg 1536w, https:\/\/elcalaixetdelaiaia.es\/wp-content\/uploads\/2020\/05\/IMG_20190512_203453-1-2048x1536.jpg 2048w\" sizes=\"(max-width: 750px) 100vw, 750px\" \/><\/p>\n<p style=\"text-align: center\">Tapamos la fiambrera y la dejaremos en el frigo, unas tres horas aproximadamente, hasta que adquiera una consistencia cremosa.<\/p>\n<p>Ahora, con el bizcocho que tenemos partido en tres discos, rellenaremoscon la ganache, si quer\u00e9is hacer el bizcocho mas jugoso, pod\u00e9is emborracharlo o s\u00f3lo pincelarlo, con un jarabe o alm\u00edbar de ron cuyos ingredientes y paso a paso, pod\u00e9is ver pinchando aqu\u00ed <a href=\"https:\/\/elcalaixetdelaiaia.es\/2019\/02\/como-hacer-almibar-para-tartas-foto-a-foto\/\">https:\/\/elcalaixetdelaiaia.es\/2019\/02\/como-hacer-almibar-para-tartas-foto-a-foto\/<\/a><\/p>\n<p><img decoding=\"async\" loading=\"lazy\" src=\"https:\/\/elcalaixetdelaiaia.es\/wp-content\/uploads\/2020\/05\/IMG_20190512_233321-1024x768.jpg\" class=\"size-large wp-image-21771\" width=\"750\" height=\"563\" alt=\"\" srcset=\"https:\/\/elcalaixetdelaiaia.es\/wp-content\/uploads\/2020\/05\/IMG_20190512_233321-1024x768.jpg 1024w, https:\/\/elcalaixetdelaiaia.es\/wp-content\/uploads\/2020\/05\/IMG_20190512_233321-300x225.jpg 300w, https:\/\/elcalaixetdelaiaia.es\/wp-content\/uploads\/2020\/05\/IMG_20190512_233321-768x576.jpg 768w, https:\/\/elcalaixetdelaiaia.es\/wp-content\/uploads\/2020\/05\/IMG_20190512_233321-1536x1152.jpg 1536w, https:\/\/elcalaixetdelaiaia.es\/wp-content\/uploads\/2020\/05\/IMG_20190512_233321-2048x1536.jpg 2048w\" sizes=\"(max-width: 750px) 100vw, 750px\" \/><\/p>\n<p>Iremos formando pisos de bizcocho y relleno de ganache<\/p>\n<p><img decoding=\"async\" loading=\"lazy\" src=\"https:\/\/elcalaixetdelaiaia.es\/wp-content\/uploads\/2020\/05\/IMG_20190512_234428-1024x768.jpg\" class=\"size-large wp-image-21772\" width=\"750\" height=\"563\" alt=\"\" srcset=\"https:\/\/elcalaixetdelaiaia.es\/wp-content\/uploads\/2020\/05\/IMG_20190512_234428-1024x768.jpg 1024w, https:\/\/elcalaixetdelaiaia.es\/wp-content\/uploads\/2020\/05\/IMG_20190512_234428-300x225.jpg 300w, https:\/\/elcalaixetdelaiaia.es\/wp-content\/uploads\/2020\/05\/IMG_20190512_234428-768x576.jpg 768w, https:\/\/elcalaixetdelaiaia.es\/wp-content\/uploads\/2020\/05\/IMG_20190512_234428-1536x1152.jpg 1536w, https:\/\/elcalaixetdelaiaia.es\/wp-content\/uploads\/2020\/05\/IMG_20190512_234428-2048x1536.jpg 2048w\" sizes=\"(max-width: 750px) 100vw, 750px\" \/><\/p>\n<p>hasta cubrir la capa final y dejaremos reposar un rato en el frigo<\/p>\n<\/div>\n<div style=\"text-align: center\">Para hacer la tarta con base de galletas y tres chocolates, ten\u00e9is los ingredientes y el paso a paso detallado pinchando aqu\u00ed <a href=\"https:\/\/elcalaixetdelaiaia.es\/2017\/12\/tarta-de-tres-chocolates-de-navidad-sin\/\">https:\/\/elcalaixetdelaiaia.es\/2017\/12\/tarta-de-tres-chocolates-de-navidad-sin\/<\/a><\/div>\n<div style=\"text-align: center\">Y para la decoraci\u00f3n necesitaremos, kit-kats y fondant color de rosa. si es peque\u00f1a de altura y di\u00e1metro, ponerlos enteros. Una vez las tartas hechas, desmoldaremos y procederemos a decorar.<\/div>\n<div><img decoding=\"async\" loading=\"lazy\" src=\"https:\/\/elcalaixetdelaiaia.es\/wp-content\/uploads\/2020\/05\/IMG_20190513_140027-1024x768.jpg\" class=\"wp-image-21773\" alt=\"\" width=\"747\" height=\"560\" srcset=\"https:\/\/elcalaixetdelaiaia.es\/wp-content\/uploads\/2020\/05\/IMG_20190513_140027-1024x768.jpg 1024w, https:\/\/elcalaixetdelaiaia.es\/wp-content\/uploads\/2020\/05\/IMG_20190513_140027-300x225.jpg 300w, https:\/\/elcalaixetdelaiaia.es\/wp-content\/uploads\/2020\/05\/IMG_20190513_140027-768x576.jpg 768w, https:\/\/elcalaixetdelaiaia.es\/wp-content\/uploads\/2020\/05\/IMG_20190513_140027-1536x1152.jpg 1536w, https:\/\/elcalaixetdelaiaia.es\/wp-content\/uploads\/2020\/05\/IMG_20190513_140027-2048x1536.jpg 2048w\" sizes=\"(max-width: 747px) 100vw, 747px\" \/><\/div>\n<p style=\"text-align: center\">No os pongo cantidades de kit kats, porque depende por completo del di\u00e1metro y altura de la tarta,<\/p>\n<div>\n<p><img decoding=\"async\" loading=\"lazy\" src=\"https:\/\/elcalaixetdelaiaia.es\/wp-content\/uploads\/2020\/05\/IMG_20190513_140619-1-1024x768.jpg\" class=\"wp-image-21774\" alt=\"\" width=\"747\" height=\"561\" srcset=\"https:\/\/elcalaixetdelaiaia.es\/wp-content\/uploads\/2020\/05\/IMG_20190513_140619-1-1024x768.jpg 1024w, https:\/\/elcalaixetdelaiaia.es\/wp-content\/uploads\/2020\/05\/IMG_20190513_140619-1-300x225.jpg 300w, https:\/\/elcalaixetdelaiaia.es\/wp-content\/uploads\/2020\/05\/IMG_20190513_140619-1-768x576.jpg 768w, https:\/\/elcalaixetdelaiaia.es\/wp-content\/uploads\/2020\/05\/IMG_20190513_140619-1-1536x1152.jpg 1536w, https:\/\/elcalaixetdelaiaia.es\/wp-content\/uploads\/2020\/05\/IMG_20190513_140619-1-2048x1536.jpg 2048w\" sizes=\"(max-width: 747px) 100vw, 747px\" \/><\/p>\n<p style=\"text-align: center\">podeis partirlos por la mitad o dejarlos enteros seg\u00fan los pisos que hay\u00e1is hecho, en mi caso, son cuatro pisos y he patidos las galletas de kit kat, por la mitad en \u00e9sta tarta.<\/p>\n<p><img decoding=\"async\" loading=\"lazy\" src=\"https:\/\/elcalaixetdelaiaia.es\/wp-content\/uploads\/2020\/05\/IMG_20190513_140901-1024x768.jpg\" class=\"size-large wp-image-21775\" width=\"750\" height=\"563\" alt=\"\" srcset=\"https:\/\/elcalaixetdelaiaia.es\/wp-content\/uploads\/2020\/05\/IMG_20190513_140901-1024x768.jpg 1024w, https:\/\/elcalaixetdelaiaia.es\/wp-content\/uploads\/2020\/05\/IMG_20190513_140901-300x225.jpg 300w, https:\/\/elcalaixetdelaiaia.es\/wp-content\/uploads\/2020\/05\/IMG_20190513_140901-768x576.jpg 768w, https:\/\/elcalaixetdelaiaia.es\/wp-content\/uploads\/2020\/05\/IMG_20190513_140901-1536x1152.jpg 1536w, https:\/\/elcalaixetdelaiaia.es\/wp-content\/uploads\/2020\/05\/IMG_20190513_140901-2048x1536.jpg 2048w\" sizes=\"(max-width: 750px) 100vw, 750px\" \/><\/p>\n<p style=\"text-align: center\">Untaremos por la parte interna de las galletas con chocolate derretido,que nos servir\u00e1 de pegamento, e iremos recubriendo los laterales de la tarta<\/p>\n<p><img decoding=\"async\" loading=\"lazy\" src=\"https:\/\/elcalaixetdelaiaia.es\/wp-content\/uploads\/2020\/05\/IMG_20190513_141848-1024x768.jpg\" class=\"size-large wp-image-21776\" width=\"750\" height=\"563\" alt=\"\" srcset=\"https:\/\/elcalaixetdelaiaia.es\/wp-content\/uploads\/2020\/05\/IMG_20190513_141848-1024x768.jpg 1024w, https:\/\/elcalaixetdelaiaia.es\/wp-content\/uploads\/2020\/05\/IMG_20190513_141848-300x225.jpg 300w, https:\/\/elcalaixetdelaiaia.es\/wp-content\/uploads\/2020\/05\/IMG_20190513_141848-768x576.jpg 768w, https:\/\/elcalaixetdelaiaia.es\/wp-content\/uploads\/2020\/05\/IMG_20190513_141848-1536x1152.jpg 1536w, https:\/\/elcalaixetdelaiaia.es\/wp-content\/uploads\/2020\/05\/IMG_20190513_141848-2048x1536.jpg 2048w\" sizes=\"(max-width: 750px) 100vw, 750px\" \/><\/p>\n<p style=\"text-align: center\">colocaremos los gorrinitos<\/p>\n<p><img decoding=\"async\" loading=\"lazy\" src=\"https:\/\/elcalaixetdelaiaia.es\/wp-content\/uploads\/2020\/05\/IMG_20190513_142144-1024x768.jpg\" class=\"size-large wp-image-21777\" width=\"750\" height=\"563\" alt=\"\" srcset=\"https:\/\/elcalaixetdelaiaia.es\/wp-content\/uploads\/2020\/05\/IMG_20190513_142144-1024x768.jpg 1024w, https:\/\/elcalaixetdelaiaia.es\/wp-content\/uploads\/2020\/05\/IMG_20190513_142144-300x225.jpg 300w, https:\/\/elcalaixetdelaiaia.es\/wp-content\/uploads\/2020\/05\/IMG_20190513_142144-768x576.jpg 768w, https:\/\/elcalaixetdelaiaia.es\/wp-content\/uploads\/2020\/05\/IMG_20190513_142144-1536x1152.jpg 1536w, https:\/\/elcalaixetdelaiaia.es\/wp-content\/uploads\/2020\/05\/IMG_20190513_142144-2048x1536.jpg 2048w\" sizes=\"(max-width: 750px) 100vw, 750px\" \/><\/p>\n<p style=\"text-align: center\">como si estuvieran zambuy\u00e9ndose y retozando en un lodazal<\/p>\n<p><img decoding=\"async\" loading=\"lazy\" src=\"https:\/\/elcalaixetdelaiaia.es\/wp-content\/uploads\/2020\/05\/IMG_20190513_142458-1024x768.jpg\" class=\"size-large wp-image-21778\" width=\"750\" height=\"563\" alt=\"\" srcset=\"https:\/\/elcalaixetdelaiaia.es\/wp-content\/uploads\/2020\/05\/IMG_20190513_142458-1024x768.jpg 1024w, https:\/\/elcalaixetdelaiaia.es\/wp-content\/uploads\/2020\/05\/IMG_20190513_142458-300x225.jpg 300w, https:\/\/elcalaixetdelaiaia.es\/wp-content\/uploads\/2020\/05\/IMG_20190513_142458-768x576.jpg 768w, https:\/\/elcalaixetdelaiaia.es\/wp-content\/uploads\/2020\/05\/IMG_20190513_142458-1536x1152.jpg 1536w, https:\/\/elcalaixetdelaiaia.es\/wp-content\/uploads\/2020\/05\/IMG_20190513_142458-2048x1536.jpg 2048w\" sizes=\"(max-width: 750px) 100vw, 750px\" \/><\/p>\n<p style=\"text-align: center\">y la dejaremos en el frigo, este tipo de tartas, me gusta dejarlas como m\u00ednimo, de un d\u00eda para otro<\/p>\n<p><img decoding=\"async\" loading=\"lazy\" src=\"https:\/\/elcalaixetdelaiaia.es\/wp-content\/uploads\/2020\/05\/IMG_20190513_150708-1024x768.jpg\" class=\"size-large wp-image-21779\" width=\"750\" height=\"563\" alt=\"\" srcset=\"https:\/\/elcalaixetdelaiaia.es\/wp-content\/uploads\/2020\/05\/IMG_20190513_150708-1024x768.jpg 1024w, https:\/\/elcalaixetdelaiaia.es\/wp-content\/uploads\/2020\/05\/IMG_20190513_150708-300x225.jpg 300w, https:\/\/elcalaixetdelaiaia.es\/wp-content\/uploads\/2020\/05\/IMG_20190513_150708-768x576.jpg 768w, https:\/\/elcalaixetdelaiaia.es\/wp-content\/uploads\/2020\/05\/IMG_20190513_150708-1536x1152.jpg 1536w, https:\/\/elcalaixetdelaiaia.es\/wp-content\/uploads\/2020\/05\/IMG_20190513_150708-2048x1536.jpg 2048w\" sizes=\"(max-width: 750px) 100vw, 750px\" \/><\/p>\n<p style=\"text-align: center\">Cuando vayamos a comerla, la sacamos del frigo y la terminamos de decorar<\/p>\n<p><img decoding=\"async\" loading=\"lazy\" src=\"https:\/\/elcalaixetdelaiaia.es\/wp-content\/uploads\/2020\/05\/IMG_20190513_150744-1024x768.jpg\" class=\"size-large wp-image-21780\" width=\"750\" height=\"563\" alt=\"\" srcset=\"https:\/\/elcalaixetdelaiaia.es\/wp-content\/uploads\/2020\/05\/IMG_20190513_150744-1024x768.jpg 1024w, https:\/\/elcalaixetdelaiaia.es\/wp-content\/uploads\/2020\/05\/IMG_20190513_150744-300x225.jpg 300w, https:\/\/elcalaixetdelaiaia.es\/wp-content\/uploads\/2020\/05\/IMG_20190513_150744-768x576.jpg 768w, https:\/\/elcalaixetdelaiaia.es\/wp-content\/uploads\/2020\/05\/IMG_20190513_150744-1536x1152.jpg 1536w, https:\/\/elcalaixetdelaiaia.es\/wp-content\/uploads\/2020\/05\/IMG_20190513_150744-2048x1536.jpg 2048w\" sizes=\"(max-width: 750px) 100vw, 750px\" \/><\/p>\n<p style=\"text-align: center\">en \u00e9ste caso con una lazada en rosa<\/p>\n<p><img decoding=\"async\" loading=\"lazy\" src=\"https:\/\/elcalaixetdelaiaia.es\/wp-content\/uploads\/2020\/05\/IMG_20190513_151133-1024x768.jpg\" class=\"size-large wp-image-21781\" width=\"750\" height=\"563\" alt=\"\" srcset=\"https:\/\/elcalaixetdelaiaia.es\/wp-content\/uploads\/2020\/05\/IMG_20190513_151133-1024x768.jpg 1024w, https:\/\/elcalaixetdelaiaia.es\/wp-content\/uploads\/2020\/05\/IMG_20190513_151133-300x225.jpg 300w, https:\/\/elcalaixetdelaiaia.es\/wp-content\/uploads\/2020\/05\/IMG_20190513_151133-768x576.jpg 768w, https:\/\/elcalaixetdelaiaia.es\/wp-content\/uploads\/2020\/05\/IMG_20190513_151133-1536x1152.jpg 1536w, https:\/\/elcalaixetdelaiaia.es\/wp-content\/uploads\/2020\/05\/IMG_20190513_151133-2048x1536.jpg 2048w\" sizes=\"(max-width: 750px) 100vw, 750px\" \/><\/p>\n<p style=\"text-align: center\">y la he colocado en una bandeja,<\/p>\n<p><img decoding=\"async\" loading=\"lazy\" src=\"https:\/\/elcalaixetdelaiaia.es\/wp-content\/uploads\/2020\/05\/IMG_20190513_151153-1024x768.jpg\" class=\"size-large wp-image-21783\" width=\"750\" height=\"563\" alt=\"\" srcset=\"https:\/\/elcalaixetdelaiaia.es\/wp-content\/uploads\/2020\/05\/IMG_20190513_151153-1024x768.jpg 1024w, https:\/\/elcalaixetdelaiaia.es\/wp-content\/uploads\/2020\/05\/IMG_20190513_151153-300x225.jpg 300w, https:\/\/elcalaixetdelaiaia.es\/wp-content\/uploads\/2020\/05\/IMG_20190513_151153-768x576.jpg 768w, https:\/\/elcalaixetdelaiaia.es\/wp-content\/uploads\/2020\/05\/IMG_20190513_151153-1536x1152.jpg 1536w, https:\/\/elcalaixetdelaiaia.es\/wp-content\/uploads\/2020\/05\/IMG_20190513_151153-2048x1536.jpg 2048w\" sizes=\"(max-width: 750px) 100vw, 750px\" \/><\/p>\n<p style=\"text-align: center\">para transportarla y para entregarla a mi cumplea\u00f1era mayor<\/p>\n<p><img decoding=\"async\" loading=\"lazy\" src=\"https:\/\/elcalaixetdelaiaia.es\/wp-content\/uploads\/2020\/05\/IMG_20190513_151211-1024x768.jpg\" class=\"size-large wp-image-21784\" width=\"750\" height=\"563\" alt=\"\" srcset=\"https:\/\/elcalaixetdelaiaia.es\/wp-content\/uploads\/2020\/05\/IMG_20190513_151211-1024x768.jpg 1024w, https:\/\/elcalaixetdelaiaia.es\/wp-content\/uploads\/2020\/05\/IMG_20190513_151211-300x225.jpg 300w, https:\/\/elcalaixetdelaiaia.es\/wp-content\/uploads\/2020\/05\/IMG_20190513_151211-768x576.jpg 768w, https:\/\/elcalaixetdelaiaia.es\/wp-content\/uploads\/2020\/05\/IMG_20190513_151211-1536x1152.jpg 1536w, https:\/\/elcalaixetdelaiaia.es\/wp-content\/uploads\/2020\/05\/IMG_20190513_151211-2048x1536.jpg 2048w\" sizes=\"(max-width: 750px) 100vw, 750px\" \/><\/p>\n<p style=\"text-align: center\">No pueden faltar la bengalas, que las pondremos en la tarta en el momento de sacarla.<\/p>\n<p style=\"text-align: center\">En esta ocasi\u00f3n, no tengo fotos del momento, porque no pude asistir a la cena, pero me contaron que fue muy divertido cuando mi chica vio los gorrinitos, y a todos les gust\u00f3 mucho la tarta<\/p>\n<p><img decoding=\"async\" loading=\"lazy\" src=\"https:\/\/elcalaixetdelaiaia.es\/wp-content\/uploads\/2020\/05\/IMG_20190518_135505-1024x768.jpg\" class=\"size-large wp-image-21786\" width=\"750\" height=\"563\" alt=\"\" srcset=\"https:\/\/elcalaixetdelaiaia.es\/wp-content\/uploads\/2020\/05\/IMG_20190518_135505-1024x768.jpg 1024w, https:\/\/elcalaixetdelaiaia.es\/wp-content\/uploads\/2020\/05\/IMG_20190518_135505-300x225.jpg 300w, https:\/\/elcalaixetdelaiaia.es\/wp-content\/uploads\/2020\/05\/IMG_20190518_135505-768x576.jpg 768w, https:\/\/elcalaixetdelaiaia.es\/wp-content\/uploads\/2020\/05\/IMG_20190518_135505-1536x1152.jpg 1536w, https:\/\/elcalaixetdelaiaia.es\/wp-content\/uploads\/2020\/05\/IMG_20190518_135505-2048x1536.jpg 2048w\" sizes=\"(max-width: 750px) 100vw, 750px\" \/><\/p>\n<p style=\"text-align: center\">Seguiremos los mismos pasos para la tarta de tres chocolates de la peque\u00f1a, poniendo las galletas, que en este caso no hubo que partir<\/p>\n<p><img decoding=\"async\" loading=\"lazy\" src=\"https:\/\/elcalaixetdelaiaia.es\/wp-content\/uploads\/2020\/05\/IMG_20190518_141049-1024x819.jpg\" class=\"size-large wp-image-21788\" width=\"750\" height=\"600\" alt=\"\" srcset=\"https:\/\/elcalaixetdelaiaia.es\/wp-content\/uploads\/2020\/05\/IMG_20190518_141049-1024x819.jpg 1024w, https:\/\/elcalaixetdelaiaia.es\/wp-content\/uploads\/2020\/05\/IMG_20190518_141049-300x240.jpg 300w, https:\/\/elcalaixetdelaiaia.es\/wp-content\/uploads\/2020\/05\/IMG_20190518_141049-768x614.jpg 768w, https:\/\/elcalaixetdelaiaia.es\/wp-content\/uploads\/2020\/05\/IMG_20190518_141049-1536x1228.jpg 1536w, https:\/\/elcalaixetdelaiaia.es\/wp-content\/uploads\/2020\/05\/IMG_20190518_141049-2048x1637.jpg 2048w\" sizes=\"(max-width: 750px) 100vw, 750px\" \/><\/p>\n<p style=\"text-align: center\">Aunque para esta tarta, hice unas letras de fondant<\/p>\n<p><img decoding=\"async\" loading=\"lazy\" src=\"https:\/\/elcalaixetdelaiaia.es\/wp-content\/uploads\/2020\/06\/IMG_20190518_143733-2-1024x768.jpg\" class=\"aligncenter size-large wp-image-22513\" width=\"750\" height=\"563\" alt=\"\" srcset=\"https:\/\/elcalaixetdelaiaia.es\/wp-content\/uploads\/2020\/06\/IMG_20190518_143733-2-1024x768.jpg 1024w, https:\/\/elcalaixetdelaiaia.es\/wp-content\/uploads\/2020\/06\/IMG_20190518_143733-2-300x225.jpg 300w, https:\/\/elcalaixetdelaiaia.es\/wp-content\/uploads\/2020\/06\/IMG_20190518_143733-2-768x576.jpg 768w, https:\/\/elcalaixetdelaiaia.es\/wp-content\/uploads\/2020\/06\/IMG_20190518_143733-2-1536x1152.jpg 1536w, https:\/\/elcalaixetdelaiaia.es\/wp-content\/uploads\/2020\/06\/IMG_20190518_143733-2-2048x1536.jpg 2048w\" sizes=\"(max-width: 750px) 100vw, 750px\" \/><\/p>\n<p style=\"text-align: center\">y los n\u00fameros<\/p>\n<\/div>\n<div>\n<p><img decoding=\"async\" loading=\"lazy\" src=\"https:\/\/elcalaixetdelaiaia.es\/wp-content\/uploads\/2020\/05\/IMG_20190519_004655-1024x691.jpg\" class=\"aligncenter size-large wp-image-21791\" width=\"750\" height=\"506\" alt=\"\" srcset=\"https:\/\/elcalaixetdelaiaia.es\/wp-content\/uploads\/2020\/05\/IMG_20190519_004655-1024x691.jpg 1024w, https:\/\/elcalaixetdelaiaia.es\/wp-content\/uploads\/2020\/05\/IMG_20190519_004655-300x202.jpg 300w, https:\/\/elcalaixetdelaiaia.es\/wp-content\/uploads\/2020\/05\/IMG_20190519_004655-768x518.jpg 768w, https:\/\/elcalaixetdelaiaia.es\/wp-content\/uploads\/2020\/05\/IMG_20190519_004655-1536x1036.jpg 1536w, https:\/\/elcalaixetdelaiaia.es\/wp-content\/uploads\/2020\/05\/IMG_20190519_004655-2048x1382.jpg 2048w\" sizes=\"(max-width: 750px) 100vw, 750px\" \/><\/p>\n<p style=\"text-align: center\">Tambi\u00e9n tuvo mucho \u00e9xito esta tarta<\/p>\n<p><img decoding=\"async\" loading=\"lazy\" src=\"https:\/\/elcalaixetdelaiaia.es\/wp-content\/uploads\/2020\/05\/IMG_20190519_004721-1024x666.jpg\" class=\"aligncenter size-large wp-image-21792\" width=\"750\" height=\"488\" alt=\"\" srcset=\"https:\/\/elcalaixetdelaiaia.es\/wp-content\/uploads\/2020\/05\/IMG_20190519_004721-1024x666.jpg 1024w, https:\/\/elcalaixetdelaiaia.es\/wp-content\/uploads\/2020\/05\/IMG_20190519_004721-300x195.jpg 300w, https:\/\/elcalaixetdelaiaia.es\/wp-content\/uploads\/2020\/05\/IMG_20190519_004721-768x499.jpg 768w, https:\/\/elcalaixetdelaiaia.es\/wp-content\/uploads\/2020\/05\/IMG_20190519_004721-1536x999.jpg 1536w, https:\/\/elcalaixetdelaiaia.es\/wp-content\/uploads\/2020\/05\/IMG_20190519_004721-2048x1331.jpg 2048w\" sizes=\"(max-width: 750px) 100vw, 750px\" \/><\/p>\n<p style=\"text-align: center\">a todos les hizo gracia ver a los cerditos,?? ba\u00f1\u00e1ndose en el chocolate<\/p>\n<p><img decoding=\"async\" loading=\"lazy\" src=\"https:\/\/elcalaixetdelaiaia.es\/wp-content\/uploads\/2020\/05\/IMG-20190519-WA0001-1024x785.jpg\" class=\"aligncenter size-large wp-image-21793\" width=\"750\" height=\"575\" alt=\"\" srcset=\"https:\/\/elcalaixetdelaiaia.es\/wp-content\/uploads\/2020\/05\/IMG-20190519-WA0001-1024x785.jpg 1024w, https:\/\/elcalaixetdelaiaia.es\/wp-content\/uploads\/2020\/05\/IMG-20190519-WA0001-300x230.jpg 300w, https:\/\/elcalaixetdelaiaia.es\/wp-content\/uploads\/2020\/05\/IMG-20190519-WA0001-768x589.jpg 768w, https:\/\/elcalaixetdelaiaia.es\/wp-content\/uploads\/2020\/05\/IMG-20190519-WA0001-1536x1177.jpg 1536w, https:\/\/elcalaixetdelaiaia.es\/wp-content\/uploads\/2020\/05\/IMG-20190519-WA0001.jpg 1576w\" sizes=\"(max-width: 750px) 100vw, 750px\" \/><\/p>\n<\/div>\n<div>\n<p style=\"text-align: center\">y es que en esta familia somo MUYYY chocolateros, casi todos ?<\/p>\n<\/div>\n<div>\n<div>\n<p><img decoding=\"async\" loading=\"lazy\" src=\"https:\/\/elcalaixetdelaiaia.es\/wp-content\/uploads\/2020\/05\/IMG_20190518_231722-1024x768.jpg\" class=\"size-large wp-image-21789\" width=\"750\" height=\"563\" alt=\"\" srcset=\"https:\/\/elcalaixetdelaiaia.es\/wp-content\/uploads\/2020\/05\/IMG_20190518_231722-1024x768.jpg 1024w, https:\/\/elcalaixetdelaiaia.es\/wp-content\/uploads\/2020\/05\/IMG_20190518_231722-300x225.jpg 300w, https:\/\/elcalaixetdelaiaia.es\/wp-content\/uploads\/2020\/05\/IMG_20190518_231722-768x576.jpg 768w, https:\/\/elcalaixetdelaiaia.es\/wp-content\/uploads\/2020\/05\/IMG_20190518_231722-1536x1152.jpg 1536w, https:\/\/elcalaixetdelaiaia.es\/wp-content\/uploads\/2020\/05\/IMG_20190518_231722-2048x1536.jpg 2048w\" sizes=\"(max-width: 750px) 100vw, 750px\" \/><\/p>\n<p style=\"text-align: center\">aqu\u00ed podemos ver el corte de la tarta<\/p>\n<p><img decoding=\"async\" loading=\"lazy\" src=\"https:\/\/elcalaixetdelaiaia.es\/wp-content\/uploads\/2020\/05\/IMG_20190518_231726-1024x768.jpg\" class=\"aligncenter size-large wp-image-21790\" width=\"750\" height=\"563\" alt=\"\" srcset=\"https:\/\/elcalaixetdelaiaia.es\/wp-content\/uploads\/2020\/05\/IMG_20190518_231726-1024x768.jpg 1024w, https:\/\/elcalaixetdelaiaia.es\/wp-content\/uploads\/2020\/05\/IMG_20190518_231726-300x225.jpg 300w, https:\/\/elcalaixetdelaiaia.es\/wp-content\/uploads\/2020\/05\/IMG_20190518_231726-768x576.jpg 768w, https:\/\/elcalaixetdelaiaia.es\/wp-content\/uploads\/2020\/05\/IMG_20190518_231726-1536x1152.jpg 1536w, https:\/\/elcalaixetdelaiaia.es\/wp-content\/uploads\/2020\/05\/IMG_20190518_231726-2048x1536.jpg 2048w\" sizes=\"(max-width: 750px) 100vw, 750px\" \/><\/p>\n<\/div>\n<\/div>\n<p style=\"text-align: center\">Una misma decoraci\u00f3n final, pero con dos tartas distintas, curiosamente es el mismo fondant, y en cada foto, aparece un color distinto<\/p>\n<p>&#8230;.\u00bbA la taula i&#8230;.BON PROFIT!!!!\u00bb<\/p>\n<div>Si te gusta mi receta, puedes compartirla para que llegue a m\u00e1s gente.<\/div>\n<p>Espero tus comentarios y recuerda que tambi\u00e9n estoy en Facebook <a href=\"https:\/\/www.facebook.com\/El-calaixet-de-la-iaia-533062140099386\/\">https:\/\/www.facebook.com\/El-calaixet-de-la-iaia-533062140099386\/<\/a><\/p>\n","protected":false},"excerpt":{"rendered":"<p>Refrany; Mai hem vist porquets menjar confits\u00bb Nunca hemos visto cerditos comer golosinas. Para el cumple pasado de mi sobrina peque\u00f1a, el a\u00f1o pasado, le hice la tarta que ya hab\u00eda hecho para la mayor, (bueno la mayor no es, en realidad tengo tres preciosas sobrinas, y la mayor cumple &hellip; <\/p>\n","protected":false},"author":2,"featured_media":21784,"comment_status":"open","ping_status":"open","sticky":false,"template":"","format":"standard","meta":[],"categories":[6,1],"tags":[],"_links":{"self":[{"href":"https:\/\/elcalaixetdelaiaia.es\/index.php?rest_route=\/wp\/v2\/posts\/19553"}],"collection":[{"href":"https:\/\/elcalaixetdelaiaia.es\/index.php?rest_route=\/wp\/v2\/posts"}],"about":[{"href":"https:\/\/elcalaixetdelaiaia.es\/index.php?rest_route=\/wp\/v2\/types\/post"}],"author":[{"embeddable":true,"href":"https:\/\/elcalaixetdelaiaia.es\/index.php?rest_route=\/wp\/v2\/users\/2"}],"replies":[{"embeddable":true,"href":"https:\/\/elcalaixetdelaiaia.es\/index.php?rest_route=%2Fwp%2Fv2%2Fcomments&post=19553"}],"version-history":[{"count":8,"href":"https:\/\/elcalaixetdelaiaia.es\/index.php?rest_route=\/wp\/v2\/posts\/19553\/revisions"}],"predecessor-version":[{"id":27638,"href":"https:\/\/elcalaixetdelaiaia.es\/index.php?rest_route=\/wp\/v2\/posts\/19553\/revisions\/27638"}],"wp:featuredmedia":[{"embeddable":true,"href":"https:\/\/elcalaixetdelaiaia.es\/index.php?rest_route=\/wp\/v2\/media\/21784"}],"wp:attachment":[{"href":"https:\/\/elcalaixetdelaiaia.es\/index.php?rest_route=%2Fwp%2Fv2%2Fmedia&parent=19553"}],"wp:term":[{"taxonomy":"category","embeddable":true,"href":"https:\/\/elcalaixetdelaiaia.es\/index.php?rest_route=%2Fwp%2Fv2%2Fcategories&post=19553"},{"taxonomy":"post_tag","embeddable":true,"href":"https:\/\/elcalaixetdelaiaia.es\/index.php?rest_route=%2Fwp%2Fv2%2Ftags&post=19553"}],"curies":[{"name":"wp","href":"https:\/\/api.w.org\/{rel}","templated":true}]}}