{"id":19499,"date":"2019-10-01T16:03:23","date_gmt":"2019-10-01T16:03:23","guid":{"rendered":"http:\/\/elcalaixetdelaiaia.es\/?p=19499"},"modified":"2025-08-18T17:33:48","modified_gmt":"2025-08-18T17:33:48","slug":"bizcocho-expres-de-cafe-y-nueces-al-microondas-paso-a-paso","status":"publish","type":"post","link":"https:\/\/elcalaixetdelaiaia.es\/?p=19499","title":{"rendered":"Bizcocho expr\u00e9s de caf\u00e9 y nueces al microondas paso a paso"},"content":{"rendered":"<p>\u00abRefrany;El caldo tebi, i el caf\u00e9 calent\u00bb El caldo tibio y el caf\u00e9 caliente.<\/p>\n<p>Siiii, soy cafeadicta jijiji y tambien chocoladicta&#8230; lo reconozco \u00bfque le vamos a hacer?<\/p>\n<p>Mi pasi\u00f3n por el caf\u00e9 debe ser heredada, mi iaia Isabel (Sabeleta de Canet), tambi\u00e9n lo era y le llamaba \u00abla vitamina\u00bb, como tambi\u00e9n lo hago yo, no puedo pasar sin la \u00abvitamina\u00bb, igual que le ocurr\u00eda a mi padre, que tambi\u00e9n lo hered\u00f3 de su madre.<\/p>\n<p>Lo mismo ocurr\u00eda con mi otra iaia, la iaia Conxeta era una apasionada del caf\u00e9, pero la pobrecita no lo pod\u00eda tomar porque sufr\u00eda del h\u00edgado y tomaba malta, pero cuando hac\u00eda el caf\u00e9 para los dem\u00e1s, cada d\u00eda, lo ol\u00eda intensamente y cerrando los ojos dec\u00eda \u00bb ja m&#8217;ha pres una taseta\u00bb. Me gusta como a ellos, incluso en el desayuno, solo, corto, cremoso, MUY caliente y con una puntita cuanto apenas de az\u00facar&#8230; (mi peque\u00f1o lo toma sin nada de az\u00facar y mi mayor, con panela) mmmmm que rica \u00abvitamina\u00bb. Peeeero hay una marca de caf\u00e9 que es mi s\u00faperfavorita y que no encuentro fuera de la terreta, y es el caf\u00e9 Valiente, el Colombia de Valiente me tiene enganchada de siempre, los Reyes me trajeron un molinillo y mis desayunos con mi caf\u00e9 de m\u00e1quina de brazo, con el grano reci\u00e9n molido, son mi mejor momento del d\u00eda&#8230; y no veas como queda de ambientada la casa con el delicioso olor del caf\u00e9. Los italianos,mi segunda opci\u00f3n.<\/p>\n<p>Hoy es el d\u00eda internacional del caf\u00e9, y de las personas mayores, he pensado compartir con todos vosotros una receta expr\u00e9s de un bizcocho de caf\u00e9 con nueces que podemos hacer en 15 minutos, (entre preparaci\u00f3n cocci\u00f3n y reposo) d\u00e1ndole al microondas mas usos que el de solo calentar.<\/p>\n<p>Manos a la obra y ver\u00e9is que f\u00e1cil, r\u00e1pido, sencillo y rico. Va por ellas, por mis iaias cafeteras, y mi papi\u00a0 \ud83d\ude09<\/p>\n<p>Necesitaremos;<\/p>\n<p><img decoding=\"async\" loading=\"lazy\" class=\"size-large wp-image-19500 aligncenter\" src=\"https:\/\/elcalaixetdelaiaia.es\/wp-content\/uploads\/2019\/10\/IMG_20191001_1425291-1024x768.jpg\" alt=\"\" width=\"750\" height=\"563\" srcset=\"https:\/\/elcalaixetdelaiaia.es\/wp-content\/uploads\/2019\/10\/IMG_20191001_1425291-1024x768.jpg 1024w, https:\/\/elcalaixetdelaiaia.es\/wp-content\/uploads\/2019\/10\/IMG_20191001_1425291-300x225.jpg 300w, https:\/\/elcalaixetdelaiaia.es\/wp-content\/uploads\/2019\/10\/IMG_20191001_1425291-768x576.jpg 768w\" sizes=\"(max-width: 750px) 100vw, 750px\" \/><\/p>\n<ol>\n<li>Medio sobre de levadura tipo Royal (8g)<\/li>\n<li>125g de az\u00facar blanquilla<\/li>\n<li>115g de harina<\/li>\n<li>100g de mantequilla o aceite de oliva suave<\/li>\n<li>75g de nueces picadas<\/li>\n<li>Dos huevos camperos (los mios, de gallinas criadas al aire libre de la sierra)<\/li>\n<li>Un chupito de brandy, co\u00f1ac, o bebida espirituosa<\/li>\n<li>15g de caf\u00e9 instant\u00e1neo<\/li>\n<li>Az\u00facar glass para espolvorear<\/li>\n<li>Mantequilla y harina para encamisar el molde<\/li>\n<\/ol>\n<p>Antes de continuar, debo advertiros de que el resultado de hacerlo tipo expr\u00e9s y en el micro, es un bizcocho un tanto seco, perfecto para mojar en un caf\u00e9 con leche&#8230;un chocolate caliente, horchata etc.<\/p>\n<p style=\"text-align: center;\">Si quer\u00e9is pod\u00e9is emborracharlo con un alm\u00edbar, aunque debo confesar que a mi me gusta tal cual, sin m\u00e1s ni menos, un tanto arenoso y con el toque de las nueces, que pod\u00e9is enriquecer con unas pasas sultanas, remojadas toda la noche en el brandy&#8230; mmmmm \u00a1genial! para ser un bizcocho expr\u00e9s, hecho en microondas \ud83d\ude09<\/p>\n<p style=\"text-align: center;\"><img decoding=\"async\" loading=\"lazy\" class=\"size-large wp-image-19501 aligncenter\" src=\"https:\/\/elcalaixetdelaiaia.es\/wp-content\/uploads\/2019\/10\/IMG_20191001_1429391-1024x768.jpg\" alt=\"\" width=\"750\" height=\"563\" srcset=\"https:\/\/elcalaixetdelaiaia.es\/wp-content\/uploads\/2019\/10\/IMG_20191001_1429391-1024x768.jpg 1024w, https:\/\/elcalaixetdelaiaia.es\/wp-content\/uploads\/2019\/10\/IMG_20191001_1429391-300x225.jpg 300w, https:\/\/elcalaixetdelaiaia.es\/wp-content\/uploads\/2019\/10\/IMG_20191001_1429391-768x576.jpg 768w\" sizes=\"(max-width: 750px) 100vw, 750px\" \/><\/p>\n<p style=\"text-align: center;\">Comenzaremos teniendo los ingredientes a temperatura ambiente y blanqueando los huevos con los 125g de az\u00facar blanquilla<\/p>\n<p style=\"text-align: center;\"><img decoding=\"async\" loading=\"lazy\" class=\"size-large wp-image-19502 aligncenter\" src=\"https:\/\/elcalaixetdelaiaia.es\/wp-content\/uploads\/2019\/10\/IMG_20191001_1434451-1024x768.jpg\" alt=\"\" width=\"750\" height=\"563\" srcset=\"https:\/\/elcalaixetdelaiaia.es\/wp-content\/uploads\/2019\/10\/IMG_20191001_1434451-1024x768.jpg 1024w, https:\/\/elcalaixetdelaiaia.es\/wp-content\/uploads\/2019\/10\/IMG_20191001_1434451-300x225.jpg 300w, https:\/\/elcalaixetdelaiaia.es\/wp-content\/uploads\/2019\/10\/IMG_20191001_1434451-768x576.jpg 768w\" sizes=\"(max-width: 750px) 100vw, 750px\" \/><\/p>\n<p style=\"text-align: center;\">Una vez batido el az\u00facar con los huevos, a\u00f1adiremos el aceite de oliva, recordar que ha de ser suave<\/p>\n<p style=\"text-align: center;\"><img decoding=\"async\" loading=\"lazy\" class=\"size-large wp-image-19503 aligncenter\" src=\"https:\/\/elcalaixetdelaiaia.es\/wp-content\/uploads\/2019\/10\/IMG_20191001_1438141-1024x768.jpg\" alt=\"\" width=\"750\" height=\"563\" srcset=\"https:\/\/elcalaixetdelaiaia.es\/wp-content\/uploads\/2019\/10\/IMG_20191001_1438141-1024x768.jpg 1024w, https:\/\/elcalaixetdelaiaia.es\/wp-content\/uploads\/2019\/10\/IMG_20191001_1438141-300x225.jpg 300w, https:\/\/elcalaixetdelaiaia.es\/wp-content\/uploads\/2019\/10\/IMG_20191001_1438141-768x576.jpg 768w\" sizes=\"(max-width: 750px) 100vw, 750px\" \/><\/p>\n<p style=\"text-align: center;\">En un tamizador o colador, mezclamos la harina y el medio sobre de levadura, a\u00f1adimos al cuenco tamizando y mezclaremos<\/p>\n<p style=\"text-align: center;\"><img decoding=\"async\" loading=\"lazy\" class=\"size-large wp-image-19504 aligncenter\" src=\"https:\/\/elcalaixetdelaiaia.es\/wp-content\/uploads\/2019\/10\/IMG_20191001_1439221-1024x768.jpg\" alt=\"\" width=\"750\" height=\"563\" srcset=\"https:\/\/elcalaixetdelaiaia.es\/wp-content\/uploads\/2019\/10\/IMG_20191001_1439221-1024x768.jpg 1024w, https:\/\/elcalaixetdelaiaia.es\/wp-content\/uploads\/2019\/10\/IMG_20191001_1439221-300x225.jpg 300w, https:\/\/elcalaixetdelaiaia.es\/wp-content\/uploads\/2019\/10\/IMG_20191001_1439221-768x576.jpg 768w\" sizes=\"(max-width: 750px) 100vw, 750px\" \/><\/p>\n<p style=\"text-align: center;\">a\u00f1adiremos el caf\u00e9 soluble o expreso, como me gusta notar el sabor, yo he puesto 25g y batimos<\/p>\n<p style=\"text-align: center;\"><img decoding=\"async\" loading=\"lazy\" class=\"size-large wp-image-19505 aligncenter\" src=\"https:\/\/elcalaixetdelaiaia.es\/wp-content\/uploads\/2019\/10\/IMG_20191001_1440411-1024x768.jpg\" alt=\"\" width=\"750\" height=\"563\" srcset=\"https:\/\/elcalaixetdelaiaia.es\/wp-content\/uploads\/2019\/10\/IMG_20191001_1440411-1024x768.jpg 1024w, https:\/\/elcalaixetdelaiaia.es\/wp-content\/uploads\/2019\/10\/IMG_20191001_1440411-300x225.jpg 300w, https:\/\/elcalaixetdelaiaia.es\/wp-content\/uploads\/2019\/10\/IMG_20191001_1440411-768x576.jpg 768w\" sizes=\"(max-width: 750px) 100vw, 750px\" \/><\/p>\n<p style=\"text-align: center;\">a\u00f1adiremos un chupito de brandy y mezclamos<\/p>\n<p style=\"text-align: center;\"><img decoding=\"async\" loading=\"lazy\" class=\"size-large wp-image-19506 aligncenter\" src=\"https:\/\/elcalaixetdelaiaia.es\/wp-content\/uploads\/2019\/10\/IMG_20191001_1444441-1024x768.jpg\" alt=\"\" width=\"750\" height=\"563\" srcset=\"https:\/\/elcalaixetdelaiaia.es\/wp-content\/uploads\/2019\/10\/IMG_20191001_1444441-1024x768.jpg 1024w, https:\/\/elcalaixetdelaiaia.es\/wp-content\/uploads\/2019\/10\/IMG_20191001_1444441-300x225.jpg 300w, https:\/\/elcalaixetdelaiaia.es\/wp-content\/uploads\/2019\/10\/IMG_20191001_1444441-768x576.jpg 768w\" sizes=\"(max-width: 750px) 100vw, 750px\" \/><\/p>\n<p style=\"text-align: center;\">Si quer\u00e9is pod\u00e9is poner las nueces, peladas tal cual, si no, las picaremos un poco<\/p>\n<p style=\"text-align: center;\"><img decoding=\"async\" loading=\"lazy\" class=\"size-large wp-image-19507 aligncenter\" src=\"https:\/\/elcalaixetdelaiaia.es\/wp-content\/uploads\/2019\/10\/IMG_20191001_1445031-1024x768.jpg\" alt=\"\" width=\"750\" height=\"563\" srcset=\"https:\/\/elcalaixetdelaiaia.es\/wp-content\/uploads\/2019\/10\/IMG_20191001_1445031-1024x768.jpg 1024w, https:\/\/elcalaixetdelaiaia.es\/wp-content\/uploads\/2019\/10\/IMG_20191001_1445031-300x225.jpg 300w, https:\/\/elcalaixetdelaiaia.es\/wp-content\/uploads\/2019\/10\/IMG_20191001_1445031-768x576.jpg 768w\" sizes=\"(max-width: 750px) 100vw, 750px\" \/><\/p>\n<p style=\"text-align: center;\">y las a\u00f1adiremos a la mezcla<\/p>\n<p style=\"text-align: center;\"><img decoding=\"async\" loading=\"lazy\" class=\"size-large wp-image-19508 aligncenter\" src=\"https:\/\/elcalaixetdelaiaia.es\/wp-content\/uploads\/2019\/10\/IMG_20191001_1446401-1024x768.jpg\" alt=\"\" width=\"750\" height=\"563\" srcset=\"https:\/\/elcalaixetdelaiaia.es\/wp-content\/uploads\/2019\/10\/IMG_20191001_1446401-1024x768.jpg 1024w, https:\/\/elcalaixetdelaiaia.es\/wp-content\/uploads\/2019\/10\/IMG_20191001_1446401-300x225.jpg 300w, https:\/\/elcalaixetdelaiaia.es\/wp-content\/uploads\/2019\/10\/IMG_20191001_1446401-768x576.jpg 768w\" sizes=\"(max-width: 750px) 100vw, 750px\" \/><\/p>\n<p style=\"text-align: center;\">encamisaremos un molde pato de microondas, en \u00e9ste caso es de silicona y no es impresindible, pero me gusta hacerlo as\u00ed. Embadurnamos con margarina el interior<\/p>\n<p style=\"text-align: center;\"><img decoding=\"async\" loading=\"lazy\" class=\"size-large wp-image-19509 aligncenter\" src=\"https:\/\/elcalaixetdelaiaia.es\/wp-content\/uploads\/2019\/10\/IMG_20191001_1447341-1024x768.jpg\" alt=\"\" width=\"750\" height=\"563\" srcset=\"https:\/\/elcalaixetdelaiaia.es\/wp-content\/uploads\/2019\/10\/IMG_20191001_1447341-1024x768.jpg 1024w, https:\/\/elcalaixetdelaiaia.es\/wp-content\/uploads\/2019\/10\/IMG_20191001_1447341-300x225.jpg 300w, https:\/\/elcalaixetdelaiaia.es\/wp-content\/uploads\/2019\/10\/IMG_20191001_1447341-768x576.jpg 768w\" sizes=\"(max-width: 750px) 100vw, 750px\" \/><\/p>\n<p style=\"text-align: center;\">espolvoreamos con harina, y poniendo el molde boca abajo, golpeamos para eliminar el exceso de la misma<\/p>\n<p style=\"text-align: center;\"><img decoding=\"async\" loading=\"lazy\" class=\"size-large wp-image-19510 aligncenter\" src=\"https:\/\/elcalaixetdelaiaia.es\/wp-content\/uploads\/2019\/10\/IMG_20191001_1449361-1024x768.jpg\" alt=\"\" width=\"750\" height=\"563\" srcset=\"https:\/\/elcalaixetdelaiaia.es\/wp-content\/uploads\/2019\/10\/IMG_20191001_1449361-1024x768.jpg 1024w, https:\/\/elcalaixetdelaiaia.es\/wp-content\/uploads\/2019\/10\/IMG_20191001_1449361-300x225.jpg 300w, https:\/\/elcalaixetdelaiaia.es\/wp-content\/uploads\/2019\/10\/IMG_20191001_1449361-768x576.jpg 768w\" sizes=\"(max-width: 750px) 100vw, 750px\" \/><\/p>\n<p style=\"text-align: center;\">Volcamos la mezcla en el molde<\/p>\n<p style=\"text-align: center;\"><img decoding=\"async\" loading=\"lazy\" class=\"size-large wp-image-19511 aligncenter\" src=\"https:\/\/elcalaixetdelaiaia.es\/wp-content\/uploads\/2019\/10\/IMG_20191001_1454251-1024x768.jpg\" alt=\"\" width=\"750\" height=\"563\" srcset=\"https:\/\/elcalaixetdelaiaia.es\/wp-content\/uploads\/2019\/10\/IMG_20191001_1454251-1024x768.jpg 1024w, https:\/\/elcalaixetdelaiaia.es\/wp-content\/uploads\/2019\/10\/IMG_20191001_1454251-300x225.jpg 300w, https:\/\/elcalaixetdelaiaia.es\/wp-content\/uploads\/2019\/10\/IMG_20191001_1454251-768x576.jpg 768w\" sizes=\"(max-width: 750px) 100vw, 750px\" \/><\/p>\n<p style=\"text-align: center;\">y ponemos en el microondas a m\u00e1xima potencia, que en el m\u00edo de aqu\u00ed, son 800w<\/p>\n<p style=\"text-align: center;\"><img decoding=\"async\" loading=\"lazy\" class=\"size-large wp-image-19512 aligncenter\" src=\"https:\/\/elcalaixetdelaiaia.es\/wp-content\/uploads\/2019\/10\/IMG_20191001_145602-1024x744.jpg\" alt=\"\" width=\"750\" height=\"545\" srcset=\"https:\/\/elcalaixetdelaiaia.es\/wp-content\/uploads\/2019\/10\/IMG_20191001_145602-1024x744.jpg 1024w, https:\/\/elcalaixetdelaiaia.es\/wp-content\/uploads\/2019\/10\/IMG_20191001_145602-300x218.jpg 300w, https:\/\/elcalaixetdelaiaia.es\/wp-content\/uploads\/2019\/10\/IMG_20191001_145602-768x558.jpg 768w\" sizes=\"(max-width: 750px) 100vw, 750px\" \/><\/p>\n<p style=\"text-align: center;\">durante 4 minutos, pasados los cuales y sin abrir el microondas, dejaremos reposar dentro del mismo, durante 4 minutos mas\u00a0 <img decoding=\"async\" loading=\"lazy\" class=\"size-large wp-image-19513 aligncenter\" src=\"https:\/\/elcalaixetdelaiaia.es\/wp-content\/uploads\/2019\/10\/IMG_20191001_1521331-1024x768.jpg\" alt=\"\" width=\"750\" height=\"563\" srcset=\"https:\/\/elcalaixetdelaiaia.es\/wp-content\/uploads\/2019\/10\/IMG_20191001_1521331-1024x768.jpg 1024w, https:\/\/elcalaixetdelaiaia.es\/wp-content\/uploads\/2019\/10\/IMG_20191001_1521331-300x225.jpg 300w, https:\/\/elcalaixetdelaiaia.es\/wp-content\/uploads\/2019\/10\/IMG_20191001_1521331-768x576.jpg 768w\" sizes=\"(max-width: 750px) 100vw, 750px\" \/><\/p>\n<p style=\"text-align: center;\">sacaremos el bizcocho y dejaremos enfriar sobre la rejilla<\/p>\n<p style=\"text-align: center;\"><img decoding=\"async\" loading=\"lazy\" class=\"size-large wp-image-19514 aligncenter\" src=\"https:\/\/elcalaixetdelaiaia.es\/wp-content\/uploads\/2019\/10\/IMG_20191001_1522321-2-1024x768.jpg\" alt=\"\" width=\"750\" height=\"563\" srcset=\"https:\/\/elcalaixetdelaiaia.es\/wp-content\/uploads\/2019\/10\/IMG_20191001_1522321-2-1024x768.jpg 1024w, https:\/\/elcalaixetdelaiaia.es\/wp-content\/uploads\/2019\/10\/IMG_20191001_1522321-2-300x225.jpg 300w, https:\/\/elcalaixetdelaiaia.es\/wp-content\/uploads\/2019\/10\/IMG_20191001_1522321-2-768x576.jpg 768w\" sizes=\"(max-width: 750px) 100vw, 750px\" \/><\/p>\n<p style=\"text-align: center;\">cuando este totalmente fr\u00edo desmoldamos<\/p>\n<p><img decoding=\"async\" loading=\"lazy\" class=\"alignnone size-large wp-image-19524\" src=\"https:\/\/elcalaixetdelaiaia.es\/wp-content\/uploads\/2019\/10\/s-1024x733.jpg\" alt=\"\" width=\"750\" height=\"537\" srcset=\"https:\/\/elcalaixetdelaiaia.es\/wp-content\/uploads\/2019\/10\/s-1024x733.jpg 1024w, https:\/\/elcalaixetdelaiaia.es\/wp-content\/uploads\/2019\/10\/s-300x215.jpg 300w, https:\/\/elcalaixetdelaiaia.es\/wp-content\/uploads\/2019\/10\/s-768x550.jpg 768w\" sizes=\"(max-width: 750px) 100vw, 750px\" \/><\/p>\n<p style=\"text-align: center;\">colocamos sobre una bandeja o plato y espolvoreamos con az\u00facar glass<\/p>\n<p style=\"text-align: center;\"><img decoding=\"async\" loading=\"lazy\" class=\"size-large wp-image-19516 aligncenter\" src=\"https:\/\/elcalaixetdelaiaia.es\/wp-content\/uploads\/2019\/10\/IMG_20191001_1621211-1024x768.jpg\" alt=\"\" width=\"750\" height=\"563\" srcset=\"https:\/\/elcalaixetdelaiaia.es\/wp-content\/uploads\/2019\/10\/IMG_20191001_1621211-1024x768.jpg 1024w, https:\/\/elcalaixetdelaiaia.es\/wp-content\/uploads\/2019\/10\/IMG_20191001_1621211-300x225.jpg 300w, https:\/\/elcalaixetdelaiaia.es\/wp-content\/uploads\/2019\/10\/IMG_20191001_1621211-768x576.jpg 768w\" sizes=\"(max-width: 750px) 100vw, 750px\" \/><\/p>\n<p style=\"text-align: center;\">\u00a1Y listo!<\/p>\n<p style=\"text-align: center;\"><img decoding=\"async\" loading=\"lazy\" class=\"size-large wp-image-19517 aligncenter\" src=\"https:\/\/elcalaixetdelaiaia.es\/wp-content\/uploads\/2019\/10\/IMG_20191001_1623251-3-1024x768.jpg\" alt=\"\" width=\"750\" height=\"563\" srcset=\"https:\/\/elcalaixetdelaiaia.es\/wp-content\/uploads\/2019\/10\/IMG_20191001_1623251-3-1024x768.jpg 1024w, https:\/\/elcalaixetdelaiaia.es\/wp-content\/uploads\/2019\/10\/IMG_20191001_1623251-3-300x225.jpg 300w, https:\/\/elcalaixetdelaiaia.es\/wp-content\/uploads\/2019\/10\/IMG_20191001_1623251-3-768x576.jpg 768w\" sizes=\"(max-width: 750px) 100vw, 750px\" \/><\/p>\n<p style=\"text-align: center;\">Aqu\u00ed pod\u00e9is ver el corte<\/p>\n<p><img decoding=\"async\" loading=\"lazy\" class=\"alignnone size-large wp-image-19525\" src=\"https:\/\/elcalaixetdelaiaia.es\/wp-content\/uploads\/2019\/10\/a-1024x676.jpg\" alt=\"\" width=\"750\" height=\"495\" srcset=\"https:\/\/elcalaixetdelaiaia.es\/wp-content\/uploads\/2019\/10\/a-1024x676.jpg 1024w, https:\/\/elcalaixetdelaiaia.es\/wp-content\/uploads\/2019\/10\/a-300x198.jpg 300w, https:\/\/elcalaixetdelaiaia.es\/wp-content\/uploads\/2019\/10\/a-768x507.jpg 768w\" sizes=\"(max-width: 750px) 100vw, 750px\" \/><\/p>\n<p style=\"text-align: center;\">Y aqu\u00ed la porci\u00f3n\u00a0 \u00abA la taula i\u2026 BON PROFIT!!!\u00bb<\/p>\n<div data-google-query-id=\"CPfUt7X5qNwCFbIx0wodIqsD8w\">\n<div style=\"text-align: center;\">Si te gusta \u00e9sta entrada, puedes compartirla. Gracias por hacerlo. Espero tus comentarios, que para mi son MUY importantes y recuerda que tambi\u00e9n estoy en Facebook <a href=\"https:\/\/www.facebook.com\/El-calaixet-de-la-iaia-533062140099386\/\">https:\/\/www.facebook.com\/El-calaixet-de-la-iaia-533062140099386\/<\/a><\/div>\n<div>\n<div style=\"text-align: center;\">Si quieres recibir mis actualizaciones por mail, al final de \u00e9sta p\u00e1gina a la izquierda, tienes como hacer para introducir tu correo electr\u00f3nico y no perderte las actualizaciones de este, tu blog \u00a1Gracias!<\/div>\n<\/div>\n<\/div>\n","protected":false},"excerpt":{"rendered":"<p>\u00abRefrany;El caldo tebi, i el caf\u00e9 calent\u00bb El caldo tibio y el caf\u00e9 caliente. Siiii, soy cafeadicta jijiji y tambien chocoladicta&#8230; lo reconozco \u00bfque le vamos a hacer? Mi pasi\u00f3n por el caf\u00e9 debe ser heredada, mi iaia Isabel (Sabeleta de Canet), tambi\u00e9n lo era y le llamaba \u00abla vitamina\u00bb, &hellip; <\/p>\n","protected":false},"author":2,"featured_media":19517,"comment_status":"open","ping_status":"open","sticky":false,"template":"","format":"standard","meta":[],"categories":[6,1],"tags":[],"_links":{"self":[{"href":"https:\/\/elcalaixetdelaiaia.es\/index.php?rest_route=\/wp\/v2\/posts\/19499"}],"collection":[{"href":"https:\/\/elcalaixetdelaiaia.es\/index.php?rest_route=\/wp\/v2\/posts"}],"about":[{"href":"https:\/\/elcalaixetdelaiaia.es\/index.php?rest_route=\/wp\/v2\/types\/post"}],"author":[{"embeddable":true,"href":"https:\/\/elcalaixetdelaiaia.es\/index.php?rest_route=\/wp\/v2\/users\/2"}],"replies":[{"embeddable":true,"href":"https:\/\/elcalaixetdelaiaia.es\/index.php?rest_route=%2Fwp%2Fv2%2Fcomments&post=19499"}],"version-history":[{"count":12,"href":"https:\/\/elcalaixetdelaiaia.es\/index.php?rest_route=\/wp\/v2\/posts\/19499\/revisions"}],"predecessor-version":[{"id":28529,"href":"https:\/\/elcalaixetdelaiaia.es\/index.php?rest_route=\/wp\/v2\/posts\/19499\/revisions\/28529"}],"wp:featuredmedia":[{"embeddable":true,"href":"https:\/\/elcalaixetdelaiaia.es\/index.php?rest_route=\/wp\/v2\/media\/19517"}],"wp:attachment":[{"href":"https:\/\/elcalaixetdelaiaia.es\/index.php?rest_route=%2Fwp%2Fv2%2Fmedia&parent=19499"}],"wp:term":[{"taxonomy":"category","embeddable":true,"href":"https:\/\/elcalaixetdelaiaia.es\/index.php?rest_route=%2Fwp%2Fv2%2Fcategories&post=19499"},{"taxonomy":"post_tag","embeddable":true,"href":"https:\/\/elcalaixetdelaiaia.es\/index.php?rest_route=%2Fwp%2Fv2%2Ftags&post=19499"}],"curies":[{"name":"wp","href":"https:\/\/api.w.org\/{rel}","templated":true}]}}