{"id":19333,"date":"2019-08-25T18:49:05","date_gmt":"2019-08-25T18:49:05","guid":{"rendered":"http:\/\/elcalaixetdelaiaia.es\/?p=19333"},"modified":"2023-07-21T14:35:49","modified_gmt":"2023-07-21T14:35:49","slug":"como-hacer-mermelada-rapida-de-arandanos-paso-a-paso","status":"publish","type":"post","link":"https:\/\/elcalaixetdelaiaia.es\/?p=19333","title":{"rendered":"Como hacer mermelada r\u00e1pida de ar\u00e1ndanos paso a paso"},"content":{"rendered":"<p>\u00abRefrany;<\/p>\n<p>A tot el m\u00f3n li agrada una bona melmelada\u00bb A todo el mundo le agrada una buena mermelada.<\/p>\n<p>Hice una tarta de cumple el otro d\u00eda para mi nuera y me pas\u00e9 con los ar\u00e1ndanos&#8230; compr\u00e9 de m\u00e1s, y como aqu\u00ed no se tira nada y ya me hab\u00eda comido unos cuantos, (cada vez qye abro la nevera, me como un pu\u00f1adito&#8230;jejeje)\u00a0 pens\u00e9 hacer una mermelada r\u00e1pida con los que quedaban, antes de que se comenzaran a poner pochos o acabara zamp\u00e1ndomelos todooosss, ya que tengo en mente un pastel de lim\u00f3n y la voy a utilizar para la cobertura, pero s\u00e9 que tardar\u00e9 unos d\u00edas en prepararlo, as\u00ed que hago la mermelada y no se ponen malos, ni me los como yo sola \ud83d\ude09<\/p>\n<p><img decoding=\"async\" loading=\"lazy\" class=\"size-large wp-image-19325 aligncenter\" src=\"https:\/\/elcalaixetdelaiaia.es\/wp-content\/uploads\/2019\/08\/BIAS6156-1024x768.jpg\" alt=\"\" width=\"750\" height=\"563\" srcset=\"https:\/\/elcalaixetdelaiaia.es\/wp-content\/uploads\/2019\/08\/BIAS6156-1024x768.jpg 1024w, https:\/\/elcalaixetdelaiaia.es\/wp-content\/uploads\/2019\/08\/BIAS6156-300x225.jpg 300w, https:\/\/elcalaixetdelaiaia.es\/wp-content\/uploads\/2019\/08\/BIAS6156-768x576.jpg 768w\" sizes=\"(max-width: 750px) 100vw, 750px\" \/><\/p>\n<p>Como en \u00e9sta ocasi\u00f3n tengo poquitos las cantidades son peque\u00f1as, si pon\u00e9is en doble de ar\u00e1ndanos, doblar tambi\u00e9n el resto de ingredientes.<\/p>\n<p>Necesitaremos;<\/p>\n<p><img decoding=\"async\" loading=\"lazy\" class=\"size-large wp-image-19326 aligncenter\" src=\"https:\/\/elcalaixetdelaiaia.es\/wp-content\/uploads\/2019\/08\/IMG_3482-1024x768.jpg\" alt=\"\" width=\"750\" height=\"563\" srcset=\"https:\/\/elcalaixetdelaiaia.es\/wp-content\/uploads\/2019\/08\/IMG_3482-1024x768.jpg 1024w, https:\/\/elcalaixetdelaiaia.es\/wp-content\/uploads\/2019\/08\/IMG_3482-300x225.jpg 300w, https:\/\/elcalaixetdelaiaia.es\/wp-content\/uploads\/2019\/08\/IMG_3482-768x576.jpg 768w\" sizes=\"(max-width: 750px) 100vw, 750px\" \/><\/p>\n<ol>\n<li>125g de ar\u00e1ndanos frescos<\/li>\n<li>75g de az\u00facar blanquilla<\/li>\n<li>El jugo de medio lim\u00f3n peque\u00f1o<\/li>\n<\/ol>\n<p>Lavamos bien los ar\u00e1ndanos bajo del chorro del agua y restregando con suavidad con las manos. Escurrimos.<\/p>\n<p><img decoding=\"async\" loading=\"lazy\" class=\"size-large wp-image-19327 aligncenter\" src=\"https:\/\/elcalaixetdelaiaia.es\/wp-content\/uploads\/2019\/08\/IMG_3483-1024x768.jpg\" alt=\"\" width=\"750\" height=\"563\" srcset=\"https:\/\/elcalaixetdelaiaia.es\/wp-content\/uploads\/2019\/08\/IMG_3483-1024x768.jpg 1024w, https:\/\/elcalaixetdelaiaia.es\/wp-content\/uploads\/2019\/08\/IMG_3483-300x225.jpg 300w, https:\/\/elcalaixetdelaiaia.es\/wp-content\/uploads\/2019\/08\/IMG_3483-768x576.jpg 768w\" sizes=\"(max-width: 750px) 100vw, 750px\" \/><\/p>\n<p>En un recipiente de cristal o de pl\u00e1stico, pero apto para microondas, pondremos todos los ingredientes, removemos y dejamos macerar una media horita.<\/p>\n<p><img decoding=\"async\" loading=\"lazy\" class=\"size-large wp-image-19328 aligncenter\" src=\"https:\/\/elcalaixetdelaiaia.es\/wp-content\/uploads\/2019\/08\/IMG_3485-1024x768.jpg\" alt=\"\" width=\"750\" height=\"563\" srcset=\"https:\/\/elcalaixetdelaiaia.es\/wp-content\/uploads\/2019\/08\/IMG_3485-1024x768.jpg 1024w, https:\/\/elcalaixetdelaiaia.es\/wp-content\/uploads\/2019\/08\/IMG_3485-300x225.jpg 300w, https:\/\/elcalaixetdelaiaia.es\/wp-content\/uploads\/2019\/08\/IMG_3485-768x576.jpg 768w\" sizes=\"(max-width: 750px) 100vw, 750px\" \/><\/p>\n<p>Colocamos en el microondas a\u00a0 800w 3 minutos. Sacamos, removemos y otra vez al microondas 1 minuto. Sacamos removemos y por \u00faltimo, 1 minuto mas.<\/p>\n<p><img decoding=\"async\" loading=\"lazy\" class=\"alignnone size-large wp-image-19329\" src=\"https:\/\/elcalaixetdelaiaia.es\/wp-content\/uploads\/2019\/08\/IMG_3486-1024x768.jpg\" alt=\"\" width=\"750\" height=\"563\" srcset=\"https:\/\/elcalaixetdelaiaia.es\/wp-content\/uploads\/2019\/08\/IMG_3486-1024x768.jpg 1024w, https:\/\/elcalaixetdelaiaia.es\/wp-content\/uploads\/2019\/08\/IMG_3486-300x225.jpg 300w, https:\/\/elcalaixetdelaiaia.es\/wp-content\/uploads\/2019\/08\/IMG_3486-768x576.jpg 768w\" sizes=\"(max-width: 750px) 100vw, 750px\" \/><\/p>\n<p>Para saber si ya est\u00e1 la mermelada lista ponemos una cuharadita en un plato, marcamos con un tenedor y si la mermelada no se junta&#8230; ya podemos dejarla enfriar. Recordar que al enfriar espesa bastante.<\/p>\n<p><img decoding=\"async\" loading=\"lazy\" class=\"alignnone size-large wp-image-19331\" src=\"https:\/\/elcalaixetdelaiaia.es\/wp-content\/uploads\/2019\/08\/IMG_3487-1024x768.jpg\" alt=\"\" width=\"750\" height=\"563\" srcset=\"https:\/\/elcalaixetdelaiaia.es\/wp-content\/uploads\/2019\/08\/IMG_3487-1024x768.jpg 1024w, https:\/\/elcalaixetdelaiaia.es\/wp-content\/uploads\/2019\/08\/IMG_3487-300x225.jpg 300w, https:\/\/elcalaixetdelaiaia.es\/wp-content\/uploads\/2019\/08\/IMG_3487-768x576.jpg 768w\" sizes=\"(max-width: 750px) 100vw, 750px\" \/><\/p>\n<p>y hoy dos por uno, porque si hab\u00e9is usado un recipiente de pl\u00e1stico apto para microondas, y se os ha quedado manchado del color de los ar\u00e1ndanos, no os preocupeis, pon\u00e9is un chorrito de lej\u00eda, lo pas\u00e1is un minuto por el microondas, lo aclar\u00e1is a conciencia a blanco, como una paloma \ud83d\ude09<\/p>\n<p><img decoding=\"async\" loading=\"lazy\" class=\"alignnone size-large wp-image-19330\" src=\"https:\/\/elcalaixetdelaiaia.es\/wp-content\/uploads\/2019\/08\/PTDW3478-1024x768.jpg\" alt=\"\" width=\"750\" height=\"563\" srcset=\"https:\/\/elcalaixetdelaiaia.es\/wp-content\/uploads\/2019\/08\/PTDW3478-1024x768.jpg 1024w, https:\/\/elcalaixetdelaiaia.es\/wp-content\/uploads\/2019\/08\/PTDW3478-300x225.jpg 300w, https:\/\/elcalaixetdelaiaia.es\/wp-content\/uploads\/2019\/08\/PTDW3478-768x576.jpg 768w\" sizes=\"(max-width: 750px) 100vw, 750px\" \/><\/p>\n<p>Ponemos la mermelada en un recipiente esterilizado, tapamos el recipiente y \u00a1al frigo! \u00bfCuanto dura? pues como sab\u00e9is el az\u00facar es un conservante, pero como no lleva nada mas que la fruta y az\u00facar, y no est\u00e1 el frasco pasado por el ba\u00f1o Mar\u00eda para hacer el vac\u00edo&#8230; no la tengo mas de un par de semanas. Si quer\u00e9is conservarla por meses, tendr\u00e9is que hacerla \u00aben conserva\u00bb. La pr\u00f3xima mermelada, la hago as\u00ed y pongo el paso a paso, prometido \ud83d\ude09<\/p>\n<p>Y en breve, una receta rica, rica riiica, donde usar la mermelada, aunque esta buen\u00edsima sobre una tostada o como endulzante de un yogur o&#8230;<\/p>\n<div data-google-query-id=\"CPfUt7X5qNwCFbIx0wodIqsD8w\">\u00abA la taula i&#8230; BON PROFIT!!!\u00bb<\/div>\n<div data-google-query-id=\"CPfUt7X5qNwCFbIx0wodIqsD8w\">\n<div>Si te gusta \u00e9sta entrada, puedes compartirla. Gracias por hacerlo .Espero tus comentarios, que para mi son MUY importantes y recuerda que tambi\u00e9n estoy en Facebook <a href=\"https:\/\/www.facebook.com\/El-calaixet-de-la-iaia-533062140099386\/\">https:\/\/www.facebook.com\/El-calaixet-de-la-iaia-533062140099386\/<\/a><\/div>\n<div>\n<div>Si quieres recibir mis actualizaciones por mail, al final de \u00e9sta p\u00e1gina a la izquierda tienes como hacer para introducir tu correo electr\u00f3nico y no perderte las actualizaciones de este, tu blog \u00a1Gracias!<\/div>\n<\/div>\n<\/div>\n","protected":false},"excerpt":{"rendered":"<p>\u00abRefrany; A tot el m\u00f3n li agrada una bona melmelada\u00bb A todo el mundo le agrada una buena mermelada. Hice una tarta de cumple el otro d\u00eda para mi nuera y me pas\u00e9 con los ar\u00e1ndanos&#8230; compr\u00e9 de m\u00e1s, y como aqu\u00ed no se tira nada y ya me hab\u00eda &hellip; <\/p>\n","protected":false},"author":2,"featured_media":19330,"comment_status":"open","ping_status":"open","sticky":false,"template":"","format":"standard","meta":[],"categories":[130,6,1],"tags":[],"_links":{"self":[{"href":"https:\/\/elcalaixetdelaiaia.es\/index.php?rest_route=\/wp\/v2\/posts\/19333"}],"collection":[{"href":"https:\/\/elcalaixetdelaiaia.es\/index.php?rest_route=\/wp\/v2\/posts"}],"about":[{"href":"https:\/\/elcalaixetdelaiaia.es\/index.php?rest_route=\/wp\/v2\/types\/post"}],"author":[{"embeddable":true,"href":"https:\/\/elcalaixetdelaiaia.es\/index.php?rest_route=\/wp\/v2\/users\/2"}],"replies":[{"embeddable":true,"href":"https:\/\/elcalaixetdelaiaia.es\/index.php?rest_route=%2Fwp%2Fv2%2Fcomments&post=19333"}],"version-history":[{"count":3,"href":"https:\/\/elcalaixetdelaiaia.es\/index.php?rest_route=\/wp\/v2\/posts\/19333\/revisions"}],"predecessor-version":[{"id":25567,"href":"https:\/\/elcalaixetdelaiaia.es\/index.php?rest_route=\/wp\/v2\/posts\/19333\/revisions\/25567"}],"wp:featuredmedia":[{"embeddable":true,"href":"https:\/\/elcalaixetdelaiaia.es\/index.php?rest_route=\/wp\/v2\/media\/19330"}],"wp:attachment":[{"href":"https:\/\/elcalaixetdelaiaia.es\/index.php?rest_route=%2Fwp%2Fv2%2Fmedia&parent=19333"}],"wp:term":[{"taxonomy":"category","embeddable":true,"href":"https:\/\/elcalaixetdelaiaia.es\/index.php?rest_route=%2Fwp%2Fv2%2Fcategories&post=19333"},{"taxonomy":"post_tag","embeddable":true,"href":"https:\/\/elcalaixetdelaiaia.es\/index.php?rest_route=%2Fwp%2Fv2%2Ftags&post=19333"}],"curies":[{"name":"wp","href":"https:\/\/api.w.org\/{rel}","templated":true}]}}