{"id":19291,"date":"2019-08-19T15:46:39","date_gmt":"2019-08-19T15:46:39","guid":{"rendered":"http:\/\/elcalaixetdelaiaia.es\/?p=19291"},"modified":"2023-02-12T17:29:52","modified_gmt":"2023-02-12T17:29:52","slug":"tarta-san-marcos-o-massini-foto-a-foto-paso-a-paso-2","status":"publish","type":"post","link":"https:\/\/elcalaixetdelaiaia.es\/?p=19291","title":{"rendered":"Tarta San Marcos o Massini foto a foto paso a paso"},"content":{"rendered":"<p>\u00abRefrany; Ploreu, xiquets, que pardalets tindreu\u00bb Llorar, chiquitos, que pajaritos tendreis.<\/p>\n<p><img decoding=\"async\" loading=\"lazy\" class=\"alignnone size-large wp-image-19278\" src=\"https:\/\/elcalaixetdelaiaia.es\/wp-content\/uploads\/2019\/01\/VFJJ4554-1024x768.png\" alt=\"\" width=\"750\" height=\"563\" srcset=\"https:\/\/elcalaixetdelaiaia.es\/wp-content\/uploads\/2019\/01\/VFJJ4554-1024x768.png 1024w, https:\/\/elcalaixetdelaiaia.es\/wp-content\/uploads\/2019\/01\/VFJJ4554-300x225.png 300w, https:\/\/elcalaixetdelaiaia.es\/wp-content\/uploads\/2019\/01\/VFJJ4554-768x576.png 768w\" sizes=\"(max-width: 750px) 100vw, 750px\" \/><\/p>\n<p>Desde Enero, est\u00e1 en borrador \u00e9sta receta (aunque tengo en borradores recetas hace a\u00f1os \ud83d\ude41\u00a0 )&#8230; y antes de que acabe perdi\u00e9ndose como muchas, hoy, sin falta la publico para ir actualizando el blog que tengo olvidado desde hace muchos meses y con much\u00edsimas recetas pendientes de publicar, voy a intentar ponerme en marcha de nuevo por tercera vez, a ver si a la tercera, va la vencida.<\/p>\n<p>Tarta San Marcos, el mismo nombre del hotel, la plaza y muchos otros lugares de Le\u00f3n.<\/p>\n<p>Parece ser que se trata de un postre t\u00edpico Leon\u00e9s, seg\u00fan me cont\u00f3 mi marido que hizo la mili en el mismo Le\u00f3n, bueno, en el Campamento del Ferral del Bernesga exactamente, y fue all\u00ed donde la descubri\u00f3, cuando pasaba algunas tardes de domingo paseando por Le\u00f3n, y su econom\u00eda de soldado y estudiante le permit\u00eda entrar en algunas de las pasteler\u00edas y degustarla, (ya que all\u00ed la venden en porciones tama\u00f1o pastel individual), pasando a ser su tarta preferida.<\/p>\n<p>Su nombre hace honor al Convento de San Marcos cuyos or\u00edgenes se remontan al siglo XII cuando la reina do\u00f1a Sancha fund\u00f3 un templo y hospital para los peregrinos jacobeos.<\/p>\n<p>Cuando uno de mis hermanos me dijo que le apetec\u00eda probarla, enseguida pens\u00e9 en hacerla para la siguiente semana que era su cumplea\u00f1os, y as\u00ed hacer foto a foto y paso a paso y publicar la receta de esta tarta que taaaaanto le gustaba a mi marido y que a\u00fan no estaba en mi blog.<\/p>\n<p>Esta vez \u00edbamos a ser pocos (normalmente nuestros cumplea\u00f1os parecen bodas, nos encanta celebrarlos todooosss jijijiji) y us\u00e9 un molde desmoldable de 18cm. que nos puede dar para unas 12 raciones, seg\u00fan el corte de cada porci\u00f3n claro&#8230;<\/p>\n<p>Si escalonamos el trabajo, reparti\u00e9ndolo por d\u00edas, aunque vayamos mal de tiempo por el exceso de trabajo, la casa, los ni\u00f1os y las obligaciones, nos da tiempo de llegar a todo, as\u00ed que comenzaremos por el bizcocho, y lo congelaremos unos d\u00edas antes, as\u00ed lo hago yo y por tanto os voy a poner los ingredientes de cada paso seg\u00fan vayamos haciendo cosas.<\/p>\n<p>Para un molde de 18cm. necesitaremos, para el bizcocho;<\/p>\n<p><img decoding=\"async\" loading=\"lazy\" class=\"size-large wp-image-19228 aligncenter\" src=\"https:\/\/elcalaixetdelaiaia.es\/wp-content\/uploads\/2019\/01\/GKOA2109-1024x768.png\" alt=\"\" width=\"750\" height=\"563\" srcset=\"https:\/\/elcalaixetdelaiaia.es\/wp-content\/uploads\/2019\/01\/GKOA2109-1024x768.png 1024w, https:\/\/elcalaixetdelaiaia.es\/wp-content\/uploads\/2019\/01\/GKOA2109-300x225.png 300w, https:\/\/elcalaixetdelaiaia.es\/wp-content\/uploads\/2019\/01\/GKOA2109-768x576.png 768w\" sizes=\"(max-width: 750px) 100vw, 750px\" \/><\/p>\n<ol>\n<li>3huevos camperos<\/li>\n<li>160ml de leche entera<\/li>\n<li>180g de az\u00facar blanquilla<\/li>\n<li>250ml de harina<\/li>\n<li>160ml de aceite de oliva suave<\/li>\n<li>Una cucharada de esencia de vainilla<\/li>\n<li>8g (medio sobre) de levadura qu\u00edmica tipo Royal<\/li>\n<li>Una pizquita de sal<\/li>\n<\/ol>\n<p style=\"text-align: center;\">Todos los ingredientes para el bizcocho, SIEMPRE estar\u00e1n a temperatura ambiente<\/p>\n<p style=\"text-align: center;\"><img decoding=\"async\" loading=\"lazy\" class=\"alignnone size-large wp-image-19229 aligncenter\" src=\"https:\/\/elcalaixetdelaiaia.es\/wp-content\/uploads\/2019\/01\/1-1024x768.png\" alt=\"\" width=\"750\" height=\"563\" srcset=\"https:\/\/elcalaixetdelaiaia.es\/wp-content\/uploads\/2019\/01\/1-1024x768.png 1024w, https:\/\/elcalaixetdelaiaia.es\/wp-content\/uploads\/2019\/01\/1-300x225.png 300w, https:\/\/elcalaixetdelaiaia.es\/wp-content\/uploads\/2019\/01\/1-768x576.png 768w\" sizes=\"(max-width: 750px) 100vw, 750px\" \/><\/p>\n<p style=\"text-align: center;\">El primer paso ser\u00e1 batir muy bien los huevos, que por cierto si son tama\u00f1o mediano mejor poner 4, si son grandes con tres ser\u00e1 suficiente. Los pondremos en un cuenco, con una pizquita de sal y comenzamos a batir con la batidora el\u00e9ctrica durante unos dos\/tres minutos<\/p>\n<p style=\"text-align: center;\"><img decoding=\"async\" loading=\"lazy\" class=\"size-large wp-image-19230 aligncenter\" src=\"https:\/\/elcalaixetdelaiaia.es\/wp-content\/uploads\/2019\/01\/2-1-1024x768.png\" alt=\"\" width=\"750\" height=\"563\" srcset=\"https:\/\/elcalaixetdelaiaia.es\/wp-content\/uploads\/2019\/01\/2-1-1024x768.png 1024w, https:\/\/elcalaixetdelaiaia.es\/wp-content\/uploads\/2019\/01\/2-1-300x225.png 300w, https:\/\/elcalaixetdelaiaia.es\/wp-content\/uploads\/2019\/01\/2-1-768x576.png 768w\" sizes=\"(max-width: 750px) 100vw, 750px\" \/><\/p>\n<p style=\"text-align: center;\">A\u00f1adiremos el az\u00facar y seguiremos batiendo unos tres minutos m\u00e1s, hasta blanquear los huevos y doblar el tama\u00f1o, tambi\u00e9n veremos que adquieren un aspecto mas denso<\/p>\n<p style=\"text-align: center;\"><img decoding=\"async\" loading=\"lazy\" class=\"size-large wp-image-19232 aligncenter\" src=\"https:\/\/elcalaixetdelaiaia.es\/wp-content\/uploads\/2019\/01\/4-1-1024x768.png\" alt=\"\" width=\"750\" height=\"563\" srcset=\"https:\/\/elcalaixetdelaiaia.es\/wp-content\/uploads\/2019\/01\/4-1-1024x768.png 1024w, https:\/\/elcalaixetdelaiaia.es\/wp-content\/uploads\/2019\/01\/4-1-300x225.png 300w, https:\/\/elcalaixetdelaiaia.es\/wp-content\/uploads\/2019\/01\/4-1-768x576.png 768w\" sizes=\"(max-width: 750px) 100vw, 750px\" \/><\/p>\n<p style=\"text-align: center;\">Incorporamos ahora los 160ml de aceite de oliva suave, pod\u00e9is poner de sabor mas fuerte pero cambia al sabor del bizcocho y camufla mucho el de la vainilla, eso ya a vuestro gusto. Batimos.<\/p>\n<p style=\"text-align: center;\"><img decoding=\"async\" loading=\"lazy\" class=\"size-large wp-image-19231 aligncenter\" src=\"https:\/\/elcalaixetdelaiaia.es\/wp-content\/uploads\/2019\/01\/3-1-1024x768.png\" alt=\"\" width=\"750\" height=\"563\" srcset=\"https:\/\/elcalaixetdelaiaia.es\/wp-content\/uploads\/2019\/01\/3-1-1024x768.png 1024w, https:\/\/elcalaixetdelaiaia.es\/wp-content\/uploads\/2019\/01\/3-1-300x225.png 300w, https:\/\/elcalaixetdelaiaia.es\/wp-content\/uploads\/2019\/01\/3-1-768x576.png 768w\" sizes=\"(max-width: 750px) 100vw, 750px\" \/><\/p>\n<p style=\"text-align: center;\">Echamos poco a poco los 160 ml. de leche<\/p>\n<p style=\"text-align: center;\"><img decoding=\"async\" loading=\"lazy\" class=\"size-large wp-image-19266 aligncenter\" src=\"https:\/\/elcalaixetdelaiaia.es\/wp-content\/uploads\/2019\/01\/VCPD5242-1024x768.png\" alt=\"\" width=\"750\" height=\"563\" srcset=\"https:\/\/elcalaixetdelaiaia.es\/wp-content\/uploads\/2019\/01\/VCPD5242-1024x768.png 1024w, https:\/\/elcalaixetdelaiaia.es\/wp-content\/uploads\/2019\/01\/VCPD5242-300x225.png 300w, https:\/\/elcalaixetdelaiaia.es\/wp-content\/uploads\/2019\/01\/VCPD5242-768x576.png 768w\" sizes=\"(max-width: 750px) 100vw, 750px\" \/><\/p>\n<p style=\"text-align: center;\">y una cucharada de esencia de vainilla o la raspadura de una vaina. Batimos.<\/p>\n<p style=\"text-align: center;\"><img decoding=\"async\" loading=\"lazy\" class=\"size-large wp-image-19233 aligncenter\" src=\"https:\/\/elcalaixetdelaiaia.es\/wp-content\/uploads\/2019\/01\/5-1-1024x768.png\" alt=\"\" width=\"750\" height=\"563\" srcset=\"https:\/\/elcalaixetdelaiaia.es\/wp-content\/uploads\/2019\/01\/5-1-1024x768.png 1024w, https:\/\/elcalaixetdelaiaia.es\/wp-content\/uploads\/2019\/01\/5-1-300x225.png 300w, https:\/\/elcalaixetdelaiaia.es\/wp-content\/uploads\/2019\/01\/5-1-768x576.png 768w\" sizes=\"(max-width: 750px) 100vw, 750px\" \/><\/p>\n<p style=\"text-align: center;\">En un tamizador o un colador, ponemos los 250g de harina en la que hemos mezclado 8g. de levadura en polvo (medio sobre) y tamizamos sobre el cuenco<\/p>\n<p style=\"text-align: center;\"><img decoding=\"async\" loading=\"lazy\" class=\"size-large wp-image-19234 aligncenter\" src=\"https:\/\/elcalaixetdelaiaia.es\/wp-content\/uploads\/2019\/01\/6-1-1024x768.png\" alt=\"\" width=\"750\" height=\"563\" srcset=\"https:\/\/elcalaixetdelaiaia.es\/wp-content\/uploads\/2019\/01\/6-1-1024x768.png 1024w, https:\/\/elcalaixetdelaiaia.es\/wp-content\/uploads\/2019\/01\/6-1-300x225.png 300w, https:\/\/elcalaixetdelaiaia.es\/wp-content\/uploads\/2019\/01\/6-1-768x576.png 768w\" sizes=\"(max-width: 750px) 100vw, 750px\" \/><\/p>\n<p style=\"text-align: center;\">Removemos primero a mano, hasta que se humedezca la harina y batimos, mientras ponemos el horno a calentar a 170\u00ba calor arriba y abajo<\/p>\n<p style=\"text-align: center;\"><img decoding=\"async\" loading=\"lazy\" class=\"size-large wp-image-19236 aligncenter\" src=\"https:\/\/elcalaixetdelaiaia.es\/wp-content\/uploads\/2019\/01\/7-2-1024x768.png\" alt=\"\" width=\"750\" height=\"563\" srcset=\"https:\/\/elcalaixetdelaiaia.es\/wp-content\/uploads\/2019\/01\/7-2-1024x768.png 1024w, https:\/\/elcalaixetdelaiaia.es\/wp-content\/uploads\/2019\/01\/7-2-300x225.png 300w, https:\/\/elcalaixetdelaiaia.es\/wp-content\/uploads\/2019\/01\/7-2-768x576.png 768w\" sizes=\"(max-width: 750px) 100vw, 750px\" \/><\/p>\n<p style=\"text-align: center;\">Ponemos papel de cocina en el molde desmoldable o encamisamos con mantequilla y harina, volcamos la masa en el molde<\/p>\n<p style=\"text-align: center;\"><img decoding=\"async\" loading=\"lazy\" class=\"size-large wp-image-19235 aligncenter\" src=\"https:\/\/elcalaixetdelaiaia.es\/wp-content\/uploads\/2019\/01\/7-1-1024x768.png\" alt=\"\" width=\"750\" height=\"563\" srcset=\"https:\/\/elcalaixetdelaiaia.es\/wp-content\/uploads\/2019\/01\/7-1-1024x768.png 1024w, https:\/\/elcalaixetdelaiaia.es\/wp-content\/uploads\/2019\/01\/7-1-300x225.png 300w, https:\/\/elcalaixetdelaiaia.es\/wp-content\/uploads\/2019\/01\/7-1-768x576.png 768w\" sizes=\"(max-width: 750px) 100vw, 750px\" \/><\/p>\n<p style=\"text-align: center;\">Y damos unos golpes suaves sobre la bancada, para eliminar las posibles burbujas de aire,<\/p>\n<p style=\"text-align: center;\"><img decoding=\"async\" loading=\"lazy\" class=\"size-large wp-image-19241 aligncenter\" src=\"https:\/\/elcalaixetdelaiaia.es\/wp-content\/uploads\/2019\/01\/XNFG6310-1024x768.png\" alt=\"\" width=\"750\" height=\"563\" srcset=\"https:\/\/elcalaixetdelaiaia.es\/wp-content\/uploads\/2019\/01\/XNFG6310-1024x768.png 1024w, https:\/\/elcalaixetdelaiaia.es\/wp-content\/uploads\/2019\/01\/XNFG6310-300x225.png 300w, https:\/\/elcalaixetdelaiaia.es\/wp-content\/uploads\/2019\/01\/XNFG6310-768x576.png 768w\" sizes=\"(max-width: 750px) 100vw, 750px\" \/><\/p>\n<p style=\"text-align: center;\">Y al horno a media altura, que ya tenemos a 170\u00ba y seguiremos con el mismo calor.<\/p>\n<p style=\"text-align: center;\"><img decoding=\"async\" loading=\"lazy\" class=\"size-large wp-image-19239 aligncenter\" src=\"https:\/\/elcalaixetdelaiaia.es\/wp-content\/uploads\/2019\/01\/LZAY1906-1024x768.png\" alt=\"\" width=\"750\" height=\"563\" srcset=\"https:\/\/elcalaixetdelaiaia.es\/wp-content\/uploads\/2019\/01\/LZAY1906-1024x768.png 1024w, https:\/\/elcalaixetdelaiaia.es\/wp-content\/uploads\/2019\/01\/LZAY1906-300x225.png 300w, https:\/\/elcalaixetdelaiaia.es\/wp-content\/uploads\/2019\/01\/LZAY1906-768x576.png 768w\" sizes=\"(max-width: 750px) 100vw, 750px\" \/><\/p>\n<p style=\"text-align: center;\">Cada horno es un mundo y necesita unos tiempos distintos, tenerlo en cuenta por favor.<\/p>\n<p style=\"text-align: center;\"><img decoding=\"async\" loading=\"lazy\" class=\"size-large wp-image-19237 aligncenter\" src=\"https:\/\/elcalaixetdelaiaia.es\/wp-content\/uploads\/2019\/01\/GWJL4704-1024x768.png\" alt=\"\" width=\"750\" height=\"563\" srcset=\"https:\/\/elcalaixetdelaiaia.es\/wp-content\/uploads\/2019\/01\/GWJL4704-1024x768.png 1024w, https:\/\/elcalaixetdelaiaia.es\/wp-content\/uploads\/2019\/01\/GWJL4704-300x225.png 300w, https:\/\/elcalaixetdelaiaia.es\/wp-content\/uploads\/2019\/01\/GWJL4704-768x576.png 768w\" sizes=\"(max-width: 750px) 100vw, 750px\" \/><\/p>\n<p style=\"text-align: center;\">Este bizcocho en mi horno, ha tardado 60 minutos en estar listo.<\/p>\n<p style=\"text-align: center;\"><img decoding=\"async\" loading=\"lazy\" class=\"size-large wp-image-19238 aligncenter\" src=\"https:\/\/elcalaixetdelaiaia.es\/wp-content\/uploads\/2019\/01\/LNDF3203-1024x808.png\" alt=\"\" width=\"750\" height=\"592\" srcset=\"https:\/\/elcalaixetdelaiaia.es\/wp-content\/uploads\/2019\/01\/LNDF3203-1024x808.png 1024w, https:\/\/elcalaixetdelaiaia.es\/wp-content\/uploads\/2019\/01\/LNDF3203-300x237.png 300w, https:\/\/elcalaixetdelaiaia.es\/wp-content\/uploads\/2019\/01\/LNDF3203-768x606.png 768w\" sizes=\"(max-width: 750px) 100vw, 750px\" \/><\/p>\n<p style=\"text-align: center;\">Para saber como va el horneado, podemos abrir muy r\u00e1pidamente el horno, y pinchar en el centro del bizcocho con un palito de brocheta,y cerrar de inmediato para que no pierda calor, si sale limpio est\u00e1 listo, si sale con masa, hay que dejarlo unos minutos m\u00e1s, pero no podremos abrir el horno antes de que hayan pasado al menos\u00a0 2\/3 partes del tiempo de cocci\u00f3n, recomendado, por ejemplo en \u00e9ste bizcocho a los 37\/38 minutos. Yo lo he abierto a los 50 minutos de cocci\u00f3n y a\u00fan sal\u00eda el palo con restos de masa, lo he dejado 10 minutos m\u00e1s.<\/p>\n<p style=\"text-align: center;\"><img decoding=\"async\" loading=\"lazy\" class=\"size-large wp-image-19248 aligncenter\" src=\"https:\/\/elcalaixetdelaiaia.es\/wp-content\/uploads\/2019\/01\/TVWM6774-1024x768.png\" alt=\"\" width=\"750\" height=\"563\" srcset=\"https:\/\/elcalaixetdelaiaia.es\/wp-content\/uploads\/2019\/01\/TVWM6774-1024x768.png 1024w, https:\/\/elcalaixetdelaiaia.es\/wp-content\/uploads\/2019\/01\/TVWM6774-300x225.png 300w, https:\/\/elcalaixetdelaiaia.es\/wp-content\/uploads\/2019\/01\/TVWM6774-768x576.png 768w\" sizes=\"(max-width: 750px) 100vw, 750px\" \/><\/p>\n<p style=\"text-align: center;\">Cuando est\u00e9 horneado, sacamos y dejamos enfriar un poco sobre una rejilla<\/p>\n<p style=\"text-align: center;\"><img decoding=\"async\" loading=\"lazy\" class=\"size-large wp-image-19243 aligncenter\" src=\"https:\/\/elcalaixetdelaiaia.es\/wp-content\/uploads\/2019\/01\/DMWH1327-1024x768.png\" alt=\"\" width=\"750\" height=\"563\" srcset=\"https:\/\/elcalaixetdelaiaia.es\/wp-content\/uploads\/2019\/01\/DMWH1327-1024x768.png 1024w, https:\/\/elcalaixetdelaiaia.es\/wp-content\/uploads\/2019\/01\/DMWH1327-300x225.png 300w, https:\/\/elcalaixetdelaiaia.es\/wp-content\/uploads\/2019\/01\/DMWH1327-768x576.png 768w\" sizes=\"(max-width: 750px) 100vw, 750px\" \/><\/p>\n<p style=\"text-align: center;\">Cuando al tocar el molde no queme, podemos desmoldarlo y dejarlo sobre la rejilla boca abajo hasta que se enfr\u00ede por completo.<\/p>\n<p style=\"text-align: center;\"><img decoding=\"async\" loading=\"lazy\" class=\"size-large wp-image-19247 aligncenter\" src=\"https:\/\/elcalaixetdelaiaia.es\/wp-content\/uploads\/2019\/01\/PMDP8865-1024x768.png\" alt=\"\" width=\"750\" height=\"563\" srcset=\"https:\/\/elcalaixetdelaiaia.es\/wp-content\/uploads\/2019\/01\/PMDP8865-1024x768.png 1024w, https:\/\/elcalaixetdelaiaia.es\/wp-content\/uploads\/2019\/01\/PMDP8865-300x225.png 300w, https:\/\/elcalaixetdelaiaia.es\/wp-content\/uploads\/2019\/01\/PMDP8865-768x576.png 768w\" sizes=\"(max-width: 750px) 100vw, 750px\" \/><\/p>\n<p style=\"text-align: center;\">Cuando nos aseguremos que esta completamente fr\u00edo, eliminamos el papel de horno de los laterales y el del fondo.<\/p>\n<p style=\"text-align: center;\"><img decoding=\"async\" loading=\"lazy\" class=\"size-large wp-image-19242 aligncenter\" src=\"https:\/\/elcalaixetdelaiaia.es\/wp-content\/uploads\/2019\/01\/AUKBE8472-1024x768.jpg\" alt=\"\" width=\"750\" height=\"563\" srcset=\"https:\/\/elcalaixetdelaiaia.es\/wp-content\/uploads\/2019\/01\/AUKBE8472-1024x768.jpg 1024w, https:\/\/elcalaixetdelaiaia.es\/wp-content\/uploads\/2019\/01\/AUKBE8472-300x225.jpg 300w, https:\/\/elcalaixetdelaiaia.es\/wp-content\/uploads\/2019\/01\/AUKBE8472-768x576.jpg 768w\" sizes=\"(max-width: 750px) 100vw, 750px\" \/><\/p>\n<p style=\"text-align: center;\">Uno de mis truquis para que quede supeeerjugoso, es meterlo en una bolsa, cerrarla y dejarlo que se acabe de enfriar siempre sobre la rejilla pero dentro de la bolsa, as\u00ed conseguimos que se genere un ligero vapor que el bizcocho absorbe y el resultado es un bizcocho mas jugoso\u00a0 \ud83d\ude09<\/p>\n<p style=\"text-align: center;\"><img decoding=\"async\" loading=\"lazy\" class=\"size-large wp-image-19249 aligncenter\" src=\"https:\/\/elcalaixetdelaiaia.es\/wp-content\/uploads\/2019\/01\/UIVHE7271-1024x768.jpg\" alt=\"\" width=\"750\" height=\"563\" srcset=\"https:\/\/elcalaixetdelaiaia.es\/wp-content\/uploads\/2019\/01\/UIVHE7271-1024x768.jpg 1024w, https:\/\/elcalaixetdelaiaia.es\/wp-content\/uploads\/2019\/01\/UIVHE7271-300x225.jpg 300w, https:\/\/elcalaixetdelaiaia.es\/wp-content\/uploads\/2019\/01\/UIVHE7271-768x576.jpg 768w\" sizes=\"(max-width: 750px) 100vw, 750px\" \/><\/p>\n<p style=\"text-align: center;\">Como veis, nos ha quedado muy bien, pues la parte de la chepa o monta\u00f1ita, al darle la vuelta en tibio, queda hacia abajo y no se ve, porque se hunde hacia adentro, aunque si quer\u00e9is pod\u00e9is cortarlo en raso y eliminarla<\/p>\n<p style=\"text-align: center;\"><img decoding=\"async\" loading=\"lazy\" class=\"size-large wp-image-19246 aligncenter\" src=\"https:\/\/elcalaixetdelaiaia.es\/wp-content\/uploads\/2019\/01\/OCBK4294-1024x768.png\" alt=\"\" width=\"750\" height=\"563\" srcset=\"https:\/\/elcalaixetdelaiaia.es\/wp-content\/uploads\/2019\/01\/OCBK4294-1024x768.png 1024w, https:\/\/elcalaixetdelaiaia.es\/wp-content\/uploads\/2019\/01\/OCBK4294-300x225.png 300w, https:\/\/elcalaixetdelaiaia.es\/wp-content\/uploads\/2019\/01\/OCBK4294-768x576.png 768w\" sizes=\"(max-width: 750px) 100vw, 750px\" \/><\/p>\n<p style=\"text-align: center;\">procederemos a marcar los tres pisos, poniendo tres palillos que nos servir\u00e1n de referencia, a la hora de montar la tarta<\/p>\n<p style=\"text-align: center;\"><img decoding=\"async\" loading=\"lazy\" class=\"size-large wp-image-19245 aligncenter\" src=\"https:\/\/elcalaixetdelaiaia.es\/wp-content\/uploads\/2019\/01\/NBQEE3581-1024x734.jpg\" alt=\"\" width=\"750\" height=\"538\" srcset=\"https:\/\/elcalaixetdelaiaia.es\/wp-content\/uploads\/2019\/01\/NBQEE3581-1024x734.jpg 1024w, https:\/\/elcalaixetdelaiaia.es\/wp-content\/uploads\/2019\/01\/NBQEE3581-300x215.jpg 300w, https:\/\/elcalaixetdelaiaia.es\/wp-content\/uploads\/2019\/01\/NBQEE3581-768x551.jpg 768w\" sizes=\"(max-width: 750px) 100vw, 750px\" \/><\/p>\n<p style=\"text-align: center;\">y por las marcas de los palillos cortaremos en tres partes con un cuchillo largo, con seda dental o con una lira<\/p>\n<p style=\"text-align: center;\"><img decoding=\"async\" loading=\"lazy\" class=\"size-large wp-image-19244 aligncenter\" src=\"https:\/\/elcalaixetdelaiaia.es\/wp-content\/uploads\/2019\/01\/JTWX1589-1024x768.png\" alt=\"\" width=\"750\" height=\"563\" srcset=\"https:\/\/elcalaixetdelaiaia.es\/wp-content\/uploads\/2019\/01\/JTWX1589-1024x768.png 1024w, https:\/\/elcalaixetdelaiaia.es\/wp-content\/uploads\/2019\/01\/JTWX1589-300x225.png 300w, https:\/\/elcalaixetdelaiaia.es\/wp-content\/uploads\/2019\/01\/JTWX1589-768x576.png 768w\" sizes=\"(max-width: 750px) 100vw, 750px\" \/><\/p>\n<p style=\"text-align: center;\">dejando los palillos donde est\u00e1n, envolvemos individualmente en papel film para que no se peguen<\/p>\n<p style=\"text-align: center;\"><img decoding=\"async\" loading=\"lazy\" class=\"size-large wp-image-19250 aligncenter\" src=\"https:\/\/elcalaixetdelaiaia.es\/wp-content\/uploads\/2019\/01\/DVNI8945-1024x768.png\" alt=\"\" width=\"750\" height=\"563\" srcset=\"https:\/\/elcalaixetdelaiaia.es\/wp-content\/uploads\/2019\/01\/DVNI8945-1024x768.png 1024w, https:\/\/elcalaixetdelaiaia.es\/wp-content\/uploads\/2019\/01\/DVNI8945-300x225.png 300w, https:\/\/elcalaixetdelaiaia.es\/wp-content\/uploads\/2019\/01\/DVNI8945-768x576.png 768w\" sizes=\"(max-width: 750px) 100vw, 750px\" \/><\/p>\n<p style=\"text-align: center;\">y al congelador.<\/p>\n<p style=\"text-align: center;\">Ya tenemos el primer paso de esta s\u00faper tarta, mientras lo tenemos en el congelador, pueden ser varios d\u00edas, y as\u00ed otro d\u00eda, podemos hacer la cobertura de yema y continuar el proceso&#8230; como os digo, y no os voy a mentir nunca, es laborioso de hacer, pero no es dif\u00edcil si escalonamos, en serio.<\/p>\n<p>Para la cobertura de yema necesitaremos;<\/p>\n<ol>\n<li>Dos cucharaditas de harina refinada de maiz<\/li>\n<li>150g de az\u00facar<\/li>\n<li>Seis yemas<\/li>\n<li>100ml de agua<\/li>\n<\/ol>\n<div class=\"separator\" style=\"text-align: center;\"><a href=\"https:\/\/4.bp.blogspot.com\/-OeEKXBOriXE\/WWeROrHc4KI\/AAAAAAAApNs\/i6BYXRLGyUgoLD0F9TC1jlXoK6iN_t_iwCLcBGAs\/s1600\/IMG_1126.PNG\"><img decoding=\"async\" loading=\"lazy\" class=\"aligncenter\" src=\"https:\/\/elcalaixetdelaiaia.es\/wp-content\/uploads\/2017\/07\/IMG_1126.png\" width=\"739\" height=\"554\" border=\"0\" data-original-height=\"1200\" data-original-width=\"1600\" \/><\/a><\/div>\n<p style=\"text-align: center;\">Separamos 6 yemas de sus claras (guardar todas las claras en un bote de cristal cerrado y en el frigo, o al congelador, mas adelante os pondr\u00e9 una receta para aprovecharlas, que aqui no se desperdicia nada)<\/p>\n<div class=\"separator\" style=\"text-align: center;\"><a href=\"https:\/\/2.bp.blogspot.com\/-2PwagObXD14\/WWeRQRAFA6I\/AAAAAAAApNw\/IRYNc19wAFkWtSHGfwIfBdXfDx2pT6y9ACLcBGAs\/s1600\/IMG_1127.PNG\"><img decoding=\"async\" loading=\"lazy\" class=\"aligncenter\" src=\"https:\/\/elcalaixetdelaiaia.es\/wp-content\/uploads\/2017\/07\/IMG_1127.png\" width=\"741\" height=\"556\" border=\"0\" data-original-height=\"1200\" data-original-width=\"1600\" \/><\/a><\/div>\n<div><\/div>\n<div class=\"separator\" style=\"text-align: center;\">a\u00f1adimos dos cucharaditas de Maizena y removemos<\/div>\n<div><\/div>\n<div class=\"separator\" style=\"text-align: center;\"><a href=\"https:\/\/1.bp.blogspot.com\/-mzm4ktoOu00\/WWeRH2qD2EI\/AAAAAAAApNo\/28Yx62nN2cE2wWgUYuqnwj2XKjn40d9VgCLcBGAs\/s1600\/IMG_1128.PNG\"><img decoding=\"async\" loading=\"lazy\" class=\"aligncenter\" src=\"https:\/\/elcalaixetdelaiaia.es\/wp-content\/uploads\/2017\/07\/IMG_1128.png\" width=\"741\" height=\"556\" border=\"0\" data-original-height=\"1200\" data-original-width=\"1600\" \/><\/a><\/div>\n<p style=\"text-align: center;\">pesamos 150g de az\u00facar blanquilla<\/p>\n<div class=\"separator\" style=\"text-align: center;\"><a href=\"https:\/\/2.bp.blogspot.com\/-sRUkPd6mD-E\/WWeRV0xWzHI\/AAAAAAAApN0\/HH2lOLuKnO8vLY7mxksH2Rfe8c0tNgV-ACLcBGAs\/s1600\/IMG_1129.PNG\"><img decoding=\"async\" loading=\"lazy\" class=\"aligncenter\" src=\"https:\/\/elcalaixetdelaiaia.es\/wp-content\/uploads\/2017\/07\/IMG_1129.png\" width=\"740\" height=\"555\" border=\"0\" data-original-height=\"1200\" data-original-width=\"1600\" \/><\/a><\/div>\n<p style=\"text-align: center;\">y lo ponemos en un cazo al fuego bajo<\/p>\n<div class=\"separator\" style=\"text-align: center;\"><a href=\"https:\/\/4.bp.blogspot.com\/-XSHFkxeCfh4\/WWeRe1WYrlI\/AAAAAAAApN4\/bhbw6TNl1fQTI7dSOThzVaVwx6FDpH-PACLcBGAs\/s1600\/IMG_1130.PNG\"><img decoding=\"async\" loading=\"lazy\" class=\"aligncenter\" src=\"https:\/\/elcalaixetdelaiaia.es\/wp-content\/uploads\/2017\/07\/IMG_1130.png\" width=\"740\" height=\"555\" border=\"0\" data-original-height=\"1200\" data-original-width=\"1600\" \/><\/a><\/div>\n<p style=\"text-align: center;\">a\u00f1adiremos 100 ml de agua y haremos de nuevo el proceso de pintar las paredes con el pincel con agua para que no se pegue al cazo<\/p>\n<div class=\"separator\" style=\"text-align: center;\"><\/div>\n<div class=\"separator\" style=\"text-align: center;\"><a href=\"https:\/\/3.bp.blogspot.com\/-4AYTI6xXBQo\/WWeRmdv2c0I\/AAAAAAAApOA\/b7SjYPB_GnI1gfzKE9F8SR1Z-9S-OIfIgCLcBGAs\/s1600\/IMG_1132.PNG\"><img decoding=\"async\" loading=\"lazy\" class=\"\" src=\"https:\/\/elcalaixetdelaiaia.es\/wp-content\/uploads\/2017\/07\/IMG_1132.png\" width=\"743\" height=\"557\" border=\"0\" data-original-height=\"1200\" data-original-width=\"1600\" \/><\/a><\/div>\n<p style=\"text-align: center;\">dejaremos hervir hasta que alcance los 118\u00ba cent\u00edgrados<\/p>\n<div class=\"separator\" style=\"text-align: center;\"><a href=\"https:\/\/4.bp.blogspot.com\/-crAhDYg3uB0\/WWeRt2tgEyI\/AAAAAAAApOE\/jDF-HuYhCRUvCrYIrYOfEHbGtYhJCT6jACLcBGAs\/s1600\/IMG_1133.PNG\"><img decoding=\"async\" loading=\"lazy\" class=\"\" src=\"https:\/\/elcalaixetdelaiaia.es\/wp-content\/uploads\/2017\/07\/IMG_1133.png\" width=\"744\" height=\"558\" border=\"0\" data-original-height=\"1200\" data-original-width=\"1600\" \/><\/a><\/div>\n<p style=\"text-align: center;\">volcaremos inmediatamente el alm\u00edbar sobre las yemas con la Maizena y batiremos r\u00e1pida e incesantemente.Pasaremos de nuevo todo al cazo y pondremos a fuego bajo removiendo sin cesar, hasta que veamos que se convierte casi en un flan<\/p>\n<div class=\"separator\" style=\"text-align: center;\"><a href=\"https:\/\/1.bp.blogspot.com\/-ayIc5dXMmtY\/WWeRy7qGWvI\/AAAAAAAApOI\/28mOu7OmysUhkwTlNnoWaJo6IDcM8eVywCLcBGAs\/s1600\/IMG_1134.PNG\"><img decoding=\"async\" loading=\"lazy\" class=\"\" src=\"https:\/\/elcalaixetdelaiaia.es\/wp-content\/uploads\/2017\/07\/IMG_1134.png\" width=\"747\" height=\"560\" border=\"0\" data-original-height=\"1200\" data-original-width=\"1600\" \/><\/a><\/div>\n<p style=\"text-align: center;\">pasaremos a un recipiente de cristal<\/p>\n<div class=\"separator\" style=\"text-align: center;\"><a href=\"https:\/\/2.bp.blogspot.com\/--2FTiLXwIi8\/WWeR9bKn4HI\/AAAAAAAApOM\/Csz0ZkIzdUcNWtO0kt3fDcOI59eLNnpBwCLcBGAs\/s1600\/IMG_1135.PNG\"><img decoding=\"async\" loading=\"lazy\" class=\"\" src=\"https:\/\/elcalaixetdelaiaia.es\/wp-content\/uploads\/2017\/07\/IMG_1135.png\" width=\"747\" height=\"560\" border=\"0\" data-original-height=\"1200\" data-original-width=\"1600\" \/><\/a><\/div>\n<p style=\"text-align: center;\">lo cubriremos con papel film que toque la crema y dejaremos enfriar en el frigo.<\/p>\n<p style=\"text-align: center;\">Ya tenemos el segundo paso, que podemos tener listo con antelaci\u00f3n y que aguanta un par de d\u00edas sin problemas en el frigo, por tanto, otro d\u00eda podemos seguir ya con la tarta haciendo el alm\u00edbar.<\/p>\n<p>Para el alm\u00edbar necesitaremos;<\/p>\n<ol>\n<li>150ml de agua<\/li>\n<li>150g de az\u00facar<\/li>\n<li>50ml de ron<\/li>\n<\/ol>\n<p style=\"text-align: center;\"><img decoding=\"async\" loading=\"lazy\" class=\"size-large wp-image-15739 alignnone aligncenter\" src=\"https:\/\/elcalaixetdelaiaia.es\/wp-content\/uploads\/2018\/02\/PRSQ9028-1024x768.png\" alt=\"\" width=\"750\" height=\"563\" srcset=\"https:\/\/elcalaixetdelaiaia.es\/wp-content\/uploads\/2018\/02\/PRSQ9028-1024x768.png 1024w, https:\/\/elcalaixetdelaiaia.es\/wp-content\/uploads\/2018\/02\/PRSQ9028-300x225.png 300w, https:\/\/elcalaixetdelaiaia.es\/wp-content\/uploads\/2018\/02\/PRSQ9028-768x576.png 768w\" sizes=\"(max-width: 750px) 100vw, 750px\" \/><\/p>\n<p style=\"text-align: center;\">Para hacer el alm\u00edbar de Ron, podemos usar ron blanco o de ca\u00f1a. Pondremos a hervir en un cazo, 150ml. de agua sin sabor a cloro<\/p>\n<p style=\"text-align: center;\"><img decoding=\"async\" loading=\"lazy\" class=\"alignnone size-large wp-image-15747\" src=\"https:\/\/elcalaixetdelaiaia.es\/wp-content\/uploads\/2018\/02\/THHU6373-1024x768.png\" alt=\"\" width=\"750\" height=\"563\" srcset=\"https:\/\/elcalaixetdelaiaia.es\/wp-content\/uploads\/2018\/02\/THHU6373-1024x768.png 1024w, https:\/\/elcalaixetdelaiaia.es\/wp-content\/uploads\/2018\/02\/THHU6373-300x225.png 300w, https:\/\/elcalaixetdelaiaia.es\/wp-content\/uploads\/2018\/02\/THHU6373-768x576.png 768w\" sizes=\"(max-width: 750px) 100vw, 750px\" \/><\/p>\n<p style=\"text-align: center;\">y 150g de az\u00facar blanquilla, removeremos. Dejaremos que hierva unos diez minutos, retiramos del fuego<\/p>\n<p style=\"text-align: center;\"><img decoding=\"async\" loading=\"lazy\" class=\"alignnone size-large wp-image-15750\" src=\"https:\/\/elcalaixetdelaiaia.es\/wp-content\/uploads\/2018\/02\/VSHG3893-1024x768.png\" alt=\"\" width=\"750\" height=\"563\" srcset=\"https:\/\/elcalaixetdelaiaia.es\/wp-content\/uploads\/2018\/02\/VSHG3893-1024x768.png 1024w, https:\/\/elcalaixetdelaiaia.es\/wp-content\/uploads\/2018\/02\/VSHG3893-300x225.png 300w, https:\/\/elcalaixetdelaiaia.es\/wp-content\/uploads\/2018\/02\/VSHG3893-768x576.png 768w\" sizes=\"(max-width: 750px) 100vw, 750px\" \/><\/p>\n<p style=\"text-align: center;\">y a\u00f1adimos 50ml de Ron. Si la tarta la van a comer ni\u00f1os, hemos de evaporar el alcohol, en \u00e9ste caso pondremos el Ron junto el agua y el az\u00facar y dejaremos hervir todo junto. Cuando espese un poco, apartamos del fuego y dejaremos enfriar.<\/p>\n<p style=\"text-align: center;\">Ponemos en el congelador, las varillas de la batidora y el recipiente de montar.<\/p>\n<p style=\"text-align: center;\">Para la nata y la trufa necesitaremos;<\/p>\n<p><img decoding=\"async\" loading=\"lazy\" class=\"alignnone size-large wp-image-19252 aligncenter\" src=\"https:\/\/elcalaixetdelaiaia.es\/wp-content\/uploads\/2019\/01\/IKEM3676-1024x788.png\" alt=\"\" width=\"750\" height=\"577\" srcset=\"https:\/\/elcalaixetdelaiaia.es\/wp-content\/uploads\/2019\/01\/IKEM3676-1024x788.png 1024w, https:\/\/elcalaixetdelaiaia.es\/wp-content\/uploads\/2019\/01\/IKEM3676-300x231.png 300w, https:\/\/elcalaixetdelaiaia.es\/wp-content\/uploads\/2019\/01\/IKEM3676-768x591.png 768w\" sizes=\"(max-width: 750px) 100vw, 750px\" \/><\/p>\n<ol>\n<li>500g de nata para montar<\/li>\n<li>dos cucharadas de az\u00facar glas<\/li>\n<li>Dos cucharadas de cacao en polvo sin az\u00facar<\/li>\n<li>Una cucharada de queso untar tipo Philadelphia<\/li>\n<\/ol>\n<p><img decoding=\"async\" loading=\"lazy\" class=\"alignnone size-large wp-image-19256 aligncenter\" src=\"https:\/\/elcalaixetdelaiaia.es\/wp-content\/uploads\/2019\/01\/XQUN6433-1024x768.png\" alt=\"\" width=\"750\" height=\"563\" srcset=\"https:\/\/elcalaixetdelaiaia.es\/wp-content\/uploads\/2019\/01\/XQUN6433-1024x768.png 1024w, https:\/\/elcalaixetdelaiaia.es\/wp-content\/uploads\/2019\/01\/XQUN6433-300x225.png 300w, https:\/\/elcalaixetdelaiaia.es\/wp-content\/uploads\/2019\/01\/XQUN6433-768x576.png 768w\" sizes=\"(max-width: 750px) 100vw, 750px\" \/><\/p>\n<p style=\"text-align: center;\">Montamos la nata con el az\u00facar, a\u00f1adiendo la cucharada de queso y la dividimos en dos recipientes. El truco de queso, nos ya a\u00a0 ayudar a tener una nata y una trufa dura y consistente que no se bajar\u00e1,<\/p>\n<p style=\"text-align: center;\"><img decoding=\"async\" loading=\"lazy\" class=\"size-large wp-image-19253 aligncenter\" src=\"https:\/\/elcalaixetdelaiaia.es\/wp-content\/uploads\/2019\/01\/YEXU3054-1024x768.png\" alt=\"\" width=\"750\" height=\"563\" srcset=\"https:\/\/elcalaixetdelaiaia.es\/wp-content\/uploads\/2019\/01\/YEXU3054-1024x768.png 1024w, https:\/\/elcalaixetdelaiaia.es\/wp-content\/uploads\/2019\/01\/YEXU3054-300x225.png 300w, https:\/\/elcalaixetdelaiaia.es\/wp-content\/uploads\/2019\/01\/YEXU3054-768x576.png 768w\" sizes=\"(max-width: 750px) 100vw, 750px\" \/><\/p>\n<p style=\"text-align: center;\">dando un aspecto mas profesional a la tarta y no cambiando su sabor para nada.<\/p>\n<p style=\"text-align: center;\"><img decoding=\"async\" loading=\"lazy\" class=\"size-large wp-image-19254 aligncenter\" src=\"https:\/\/elcalaixetdelaiaia.es\/wp-content\/uploads\/2019\/01\/SHMP9028-1024x768.png\" alt=\"\" width=\"750\" height=\"563\" srcset=\"https:\/\/elcalaixetdelaiaia.es\/wp-content\/uploads\/2019\/01\/SHMP9028-1024x768.png 1024w, https:\/\/elcalaixetdelaiaia.es\/wp-content\/uploads\/2019\/01\/SHMP9028-300x225.png 300w, https:\/\/elcalaixetdelaiaia.es\/wp-content\/uploads\/2019\/01\/SHMP9028-768x576.png 768w\" sizes=\"(max-width: 750px) 100vw, 750px\" \/><\/p>\n<p style=\"text-align: center;\">A la nata de uno de los cuencos le mezclamos el cacao, para hacer la trufa<\/p>\n<p style=\"text-align: center;\"><img decoding=\"async\" loading=\"lazy\" class=\"alignnone size-large wp-image-19267\" src=\"https:\/\/elcalaixetdelaiaia.es\/wp-content\/uploads\/2019\/01\/AGDF4943-1024x768.png\" alt=\"\" width=\"750\" height=\"563\" srcset=\"https:\/\/elcalaixetdelaiaia.es\/wp-content\/uploads\/2019\/01\/AGDF4943-1024x768.png 1024w, https:\/\/elcalaixetdelaiaia.es\/wp-content\/uploads\/2019\/01\/AGDF4943-300x225.png 300w, https:\/\/elcalaixetdelaiaia.es\/wp-content\/uploads\/2019\/01\/AGDF4943-768x576.png 768w\" sizes=\"(max-width: 750px) 100vw, 750px\" \/><\/p>\n<p style=\"text-align: center;\">tapamos los recipientes y guardamos en el frigo.<\/p>\n<p style=\"text-align: center;\">Podemos haber hecho cada d\u00eda uno de los pasos y no nos costar\u00e1 esfuerzo, en serio. Y la satisfacci\u00f3n de obsequiar a alguien querido con una tarta natural, sin aditivos y hecha con todo nuestro cari\u00f1o, con nuestras propias manos&#8230; no tiene precio&#8230;<\/p>\n<p style=\"text-align: center;\"><img decoding=\"async\" loading=\"lazy\" class=\"alignnone size-large wp-image-19251\" src=\"https:\/\/elcalaixetdelaiaia.es\/wp-content\/uploads\/2019\/01\/WVAY7718-1024x768.png\" alt=\"\" width=\"750\" height=\"563\" srcset=\"https:\/\/elcalaixetdelaiaia.es\/wp-content\/uploads\/2019\/01\/WVAY7718-1024x768.png 1024w, https:\/\/elcalaixetdelaiaia.es\/wp-content\/uploads\/2019\/01\/WVAY7718-300x225.png 300w, https:\/\/elcalaixetdelaiaia.es\/wp-content\/uploads\/2019\/01\/WVAY7718-768x576.png 768w\" sizes=\"(max-width: 750px) 100vw, 750px\" \/><\/p>\n<p style=\"text-align: center;\">Llegado el d\u00eda del montaje de la tarta, sacaremos los bizcochos del congelador y sin sacarlos de la bolsa los dejaremos descongelar a temperatura ambiente.<\/p>\n<p style=\"text-align: center;\"><img decoding=\"async\" loading=\"lazy\" class=\"alignnone size-large wp-image-19259\" src=\"https:\/\/elcalaixetdelaiaia.es\/wp-content\/uploads\/2019\/01\/DMDR5903-1024x768.png\" alt=\"\" width=\"750\" height=\"563\" srcset=\"https:\/\/elcalaixetdelaiaia.es\/wp-content\/uploads\/2019\/01\/DMDR5903-1024x768.png 1024w, https:\/\/elcalaixetdelaiaia.es\/wp-content\/uploads\/2019\/01\/DMDR5903-300x225.png 300w, https:\/\/elcalaixetdelaiaia.es\/wp-content\/uploads\/2019\/01\/DMDR5903-768x576.png 768w\" sizes=\"(max-width: 750px) 100vw, 750px\" \/><\/p>\n<p style=\"text-align: center;\">Una vez descongelados, untaremos con un trocito de mantequilla la bandeja donde presentaremos la tarta y colocaremos encima la primera capa de bizcocho (de \u00e9sta manera no resbalar\u00e1) y lo calaremos con el alm\u00edbar.<\/p>\n<p style=\"text-align: center;\"><img decoding=\"async\" loading=\"lazy\" class=\"alignnone size-large wp-image-19260\" src=\"https:\/\/elcalaixetdelaiaia.es\/wp-content\/uploads\/2019\/01\/XWMK4187-1024x768.png\" alt=\"\" width=\"750\" height=\"563\" srcset=\"https:\/\/elcalaixetdelaiaia.es\/wp-content\/uploads\/2019\/01\/XWMK4187-1024x768.png 1024w, https:\/\/elcalaixetdelaiaia.es\/wp-content\/uploads\/2019\/01\/XWMK4187-300x225.png 300w, https:\/\/elcalaixetdelaiaia.es\/wp-content\/uploads\/2019\/01\/XWMK4187-768x576.png 768w\" sizes=\"(max-width: 750px) 100vw, 750px\" \/><\/p>\n<p style=\"text-align: center;\">pondremos sobre el bizcocho calado, la capa de trufa<\/p>\n<p style=\"text-align: center;\"><img decoding=\"async\" loading=\"lazy\" class=\"alignnone size-large wp-image-19262\" src=\"https:\/\/elcalaixetdelaiaia.es\/wp-content\/uploads\/2019\/01\/BRGD4743-1024x991.png\" alt=\"\" width=\"750\" height=\"726\" srcset=\"https:\/\/elcalaixetdelaiaia.es\/wp-content\/uploads\/2019\/01\/BRGD4743-1024x991.png 1024w, https:\/\/elcalaixetdelaiaia.es\/wp-content\/uploads\/2019\/01\/BRGD4743-300x290.png 300w, https:\/\/elcalaixetdelaiaia.es\/wp-content\/uploads\/2019\/01\/BRGD4743-768x743.png 768w\" sizes=\"(max-width: 750px) 100vw, 750px\" \/><\/p>\n<p style=\"text-align: center;\">Haciendo coincidir los palillos, (este truco de los palillos, hacerlo, porque es genial y nos ayuda a que todo quede mas profesional \ud83d\ude09 ) pondremos la segunda capa de bizcocho y calaremos con el alm\u00edbar de ron<\/p>\n<p style=\"text-align: center;\"><img decoding=\"async\" loading=\"lazy\" class=\"alignnone size-large wp-image-19263\" src=\"https:\/\/elcalaixetdelaiaia.es\/wp-content\/uploads\/2019\/01\/MEYB6650-1024x768.png\" alt=\"\" width=\"750\" height=\"563\" srcset=\"https:\/\/elcalaixetdelaiaia.es\/wp-content\/uploads\/2019\/01\/MEYB6650-1024x768.png 1024w, https:\/\/elcalaixetdelaiaia.es\/wp-content\/uploads\/2019\/01\/MEYB6650-300x225.png 300w, https:\/\/elcalaixetdelaiaia.es\/wp-content\/uploads\/2019\/01\/MEYB6650-768x576.png 768w\" sizes=\"(max-width: 750px) 100vw, 750px\" \/><\/p>\n<p style=\"text-align: center;\">pondremos la capa de nata montada, esparciremos<\/p>\n<p style=\"text-align: center;\"><img decoding=\"async\" loading=\"lazy\" class=\"alignnone size-large wp-image-19261\" src=\"https:\/\/elcalaixetdelaiaia.es\/wp-content\/uploads\/2019\/01\/BMGR3845-1024x768.png\" alt=\"\" width=\"750\" height=\"563\" srcset=\"https:\/\/elcalaixetdelaiaia.es\/wp-content\/uploads\/2019\/01\/BMGR3845-1024x768.png 1024w, https:\/\/elcalaixetdelaiaia.es\/wp-content\/uploads\/2019\/01\/BMGR3845-300x225.png 300w, https:\/\/elcalaixetdelaiaia.es\/wp-content\/uploads\/2019\/01\/BMGR3845-768x576.png 768w\" sizes=\"(max-width: 750px) 100vw, 750px\" \/><\/p>\n<p style=\"text-align: center;\">y pondremos la \u00faltima capa de bizcocho siguiendo la marca de los palillos, de esta forma nos quedar\u00e1 la tarta equilibrada. Calaremos con el alm\u00edbar<\/p>\n<p style=\"text-align: center;\"><img decoding=\"async\" loading=\"lazy\" class=\"alignnone size-large wp-image-19264\" src=\"https:\/\/elcalaixetdelaiaia.es\/wp-content\/uploads\/2019\/01\/FLHK0034-1024x768.png\" alt=\"\" width=\"750\" height=\"563\" srcset=\"https:\/\/elcalaixetdelaiaia.es\/wp-content\/uploads\/2019\/01\/FLHK0034-1024x768.png 1024w, https:\/\/elcalaixetdelaiaia.es\/wp-content\/uploads\/2019\/01\/FLHK0034-300x225.png 300w, https:\/\/elcalaixetdelaiaia.es\/wp-content\/uploads\/2019\/01\/FLHK0034-768x576.png 768w\" sizes=\"(max-width: 750px) 100vw, 750px\" \/><\/p>\n<p style=\"text-align: center;\">Y pondremos la \u00faltima capa de nuestra tarta<\/p>\n<p style=\"text-align: center;\"><img decoding=\"async\" loading=\"lazy\" class=\"alignnone size-large wp-image-19265\" src=\"https:\/\/elcalaixetdelaiaia.es\/wp-content\/uploads\/2019\/01\/WSKM2772-1024x768.png\" alt=\"\" width=\"750\" height=\"563\" srcset=\"https:\/\/elcalaixetdelaiaia.es\/wp-content\/uploads\/2019\/01\/WSKM2772-1024x768.png 1024w, https:\/\/elcalaixetdelaiaia.es\/wp-content\/uploads\/2019\/01\/WSKM2772-300x225.png 300w, https:\/\/elcalaixetdelaiaia.es\/wp-content\/uploads\/2019\/01\/WSKM2772-768x576.png 768w\" sizes=\"(max-width: 750px) 100vw, 750px\" \/><\/p>\n<p style=\"text-align: center;\">que ser\u00e1 con la crema de yema que ten\u00edamos esperando en el frigo.<\/p>\n<p style=\"text-align: center;\"><img decoding=\"async\" loading=\"lazy\" class=\"alignnone size-large wp-image-19268\" src=\"https:\/\/elcalaixetdelaiaia.es\/wp-content\/uploads\/2019\/01\/NRWZ4361-1024x768.png\" alt=\"\" width=\"750\" height=\"563\" srcset=\"https:\/\/elcalaixetdelaiaia.es\/wp-content\/uploads\/2019\/01\/NRWZ4361-1024x768.png 1024w, https:\/\/elcalaixetdelaiaia.es\/wp-content\/uploads\/2019\/01\/NRWZ4361-300x225.png 300w, https:\/\/elcalaixetdelaiaia.es\/wp-content\/uploads\/2019\/01\/NRWZ4361-768x576.png 768w\" sizes=\"(max-width: 750px) 100vw, 750px\" \/><\/p>\n<p style=\"text-align: center;\">Cubriremos con az\u00facar moreno<\/p>\n<p style=\"text-align: center;\"><img decoding=\"async\" loading=\"lazy\" class=\"alignnone size-large wp-image-19269\" src=\"https:\/\/elcalaixetdelaiaia.es\/wp-content\/uploads\/2019\/01\/ECGP9621-1024x768.png\" alt=\"\" width=\"750\" height=\"563\" srcset=\"https:\/\/elcalaixetdelaiaia.es\/wp-content\/uploads\/2019\/01\/ECGP9621-1024x768.png 1024w, https:\/\/elcalaixetdelaiaia.es\/wp-content\/uploads\/2019\/01\/ECGP9621-300x225.png 300w, https:\/\/elcalaixetdelaiaia.es\/wp-content\/uploads\/2019\/01\/ECGP9621-768x576.png 768w\" sizes=\"(max-width: 750px) 100vw, 750px\" \/><\/p>\n<p style=\"text-align: center;\">y quemaremos con el soplete. La dejaremos en el frigo, mientas preparamos el final de la decoraci\u00f3n y para \u00e9sto necesitaremos;<\/p>\n<ol style=\"text-align: center;\">\n<li style=\"text-align: left;\">Papel de horno.<\/li>\n<li style=\"text-align: left;\">Una tableta de Nestl\u00e9 fondant postres para la rejilla de decoraci\u00f3n y letras.<\/li>\n<\/ol>\n<p style=\"text-align: center;\"><img decoding=\"async\" loading=\"lazy\" class=\"alignnone size-large wp-image-19255\" src=\"https:\/\/elcalaixetdelaiaia.es\/wp-content\/uploads\/2019\/01\/GOLH8114-1024x749.png\" alt=\"\" width=\"750\" height=\"549\" srcset=\"https:\/\/elcalaixetdelaiaia.es\/wp-content\/uploads\/2019\/01\/GOLH8114-1024x749.png 1024w, https:\/\/elcalaixetdelaiaia.es\/wp-content\/uploads\/2019\/01\/GOLH8114-300x219.png 300w, https:\/\/elcalaixetdelaiaia.es\/wp-content\/uploads\/2019\/01\/GOLH8114-768x562.png 768w\" sizes=\"(max-width: 750px) 100vw, 750px\" \/><\/p>\n<p style=\"text-align: center;\">Preparamos una tira de papel de horno que tenga el ancho de la tarta y el alto mas un cm. y con otro trozo de papel de horno, confeccionaremos un cucurucho.<\/p>\n<p style=\"text-align: center;\"><img decoding=\"async\" loading=\"lazy\" class=\"alignnone size-large wp-image-19257\" src=\"https:\/\/elcalaixetdelaiaia.es\/wp-content\/uploads\/2019\/01\/LGBL0633-1024x768.png\" alt=\"\" width=\"750\" height=\"563\" srcset=\"https:\/\/elcalaixetdelaiaia.es\/wp-content\/uploads\/2019\/01\/LGBL0633-1024x768.png 1024w, https:\/\/elcalaixetdelaiaia.es\/wp-content\/uploads\/2019\/01\/LGBL0633-300x225.png 300w, https:\/\/elcalaixetdelaiaia.es\/wp-content\/uploads\/2019\/01\/LGBL0633-768x576.png 768w\" sizes=\"(max-width: 750px) 100vw, 750px\" \/><\/p>\n<p style=\"text-align: center;\">Trocreamos una tableta de chocolate fondant y la derretimos con golpes de microondas de 15 segundos y removiendo hasta que est\u00e9 hecho una crema y lo introducimos en el cucurucho que hemos hecho con papel sulfurizado o de horno.<\/p>\n<p style=\"text-align: center;\"><img decoding=\"async\" loading=\"lazy\" class=\"alignnone size-large wp-image-19274\" src=\"https:\/\/elcalaixetdelaiaia.es\/wp-content\/uploads\/2019\/01\/LRLD1039-1-768x1024.png\" alt=\"\" width=\"750\" height=\"1000\" srcset=\"https:\/\/elcalaixetdelaiaia.es\/wp-content\/uploads\/2019\/01\/LRLD1039-1-768x1024.png 768w, https:\/\/elcalaixetdelaiaia.es\/wp-content\/uploads\/2019\/01\/LRLD1039-1-225x300.png 225w\" sizes=\"(max-width: 750px) 100vw, 750px\" \/><\/p>\n<p style=\"text-align: center;\">y a base de distintas pasadas sobre el papel del horno, dejando un agujerito muy peque\u00f1o en el cucurucho de papel, haremos un enrejado. Cuando toquemos el chocolate y no nos lo llevemos detr\u00e1s, sacaremos la tarta del frigo y colocaremos el papel, abrazando la tarta por la parte del chocolate dentro, presionaremos para que haga contacto el chocolate con las paredes de la tarta y con mucho cuidado, despegaremos suavemente el papel del chocolate.<\/p>\n<p style=\"text-align: center;\"><img decoding=\"async\" loading=\"lazy\" class=\"alignnone size-large wp-image-19277\" src=\"https:\/\/elcalaixetdelaiaia.es\/wp-content\/uploads\/2019\/01\/RIWT2337-1024x768.png\" alt=\"\" width=\"750\" height=\"563\" srcset=\"https:\/\/elcalaixetdelaiaia.es\/wp-content\/uploads\/2019\/01\/RIWT2337-1024x768.png 1024w, https:\/\/elcalaixetdelaiaia.es\/wp-content\/uploads\/2019\/01\/RIWT2337-300x225.png 300w, https:\/\/elcalaixetdelaiaia.es\/wp-content\/uploads\/2019\/01\/RIWT2337-768x576.png 768w\" sizes=\"(max-width: 750px) 100vw, 750px\" \/><\/p>\n<p style=\"text-align: center;\">Yo he formado unas letras, con el chocolate que quedada en el cucurucho,<\/p>\n<p style=\"text-align: center;\"><img decoding=\"async\" loading=\"lazy\" class=\"alignnone size-large wp-image-19278\" src=\"https:\/\/elcalaixetdelaiaia.es\/wp-content\/uploads\/2019\/01\/VFJJ4554-1024x768.png\" alt=\"\" width=\"750\" height=\"563\" srcset=\"https:\/\/elcalaixetdelaiaia.es\/wp-content\/uploads\/2019\/01\/VFJJ4554-1024x768.png 1024w, https:\/\/elcalaixetdelaiaia.es\/wp-content\/uploads\/2019\/01\/VFJJ4554-300x225.png 300w, https:\/\/elcalaixetdelaiaia.es\/wp-content\/uploads\/2019\/01\/VFJJ4554-768x576.png 768w\" sizes=\"(max-width: 750px) 100vw, 750px\" \/><\/p>\n<p style=\"text-align: center;\">la decoraci\u00f3n ya depende de la ocasi\u00f3n y de vuestros gustos<\/p>\n<p style=\"text-align: center;\"><img decoding=\"async\" loading=\"lazy\" class=\"alignnone size-large wp-image-19275\" src=\"https:\/\/elcalaixetdelaiaia.es\/wp-content\/uploads\/2019\/01\/OQVL2514-1024x768.png\" alt=\"\" width=\"750\" height=\"563\" srcset=\"https:\/\/elcalaixetdelaiaia.es\/wp-content\/uploads\/2019\/01\/OQVL2514-1024x768.png 1024w, https:\/\/elcalaixetdelaiaia.es\/wp-content\/uploads\/2019\/01\/OQVL2514-300x225.png 300w, https:\/\/elcalaixetdelaiaia.es\/wp-content\/uploads\/2019\/01\/OQVL2514-768x576.png 768w\" sizes=\"(max-width: 750px) 100vw, 750px\" \/><\/p>\n<p style=\"text-align: center;\">La introducimos en el portatartas y la conservaremos en el frigo.<\/p>\n<p style=\"text-align: center;\"><img decoding=\"async\" loading=\"lazy\" class=\"alignnone size-large wp-image-19279 aligncenter\" src=\"https:\/\/elcalaixetdelaiaia.es\/wp-content\/uploads\/2019\/01\/JRVG3768-1024x768.png\" alt=\"\" width=\"750\" height=\"563\" srcset=\"https:\/\/elcalaixetdelaiaia.es\/wp-content\/uploads\/2019\/01\/JRVG3768-1024x768.png 1024w, https:\/\/elcalaixetdelaiaia.es\/wp-content\/uploads\/2019\/01\/JRVG3768-300x225.png 300w, https:\/\/elcalaixetdelaiaia.es\/wp-content\/uploads\/2019\/01\/JRVG3768-768x576.png 768w\" sizes=\"(max-width: 750px) 100vw, 750px\" \/><\/p>\n<p style=\"text-align: center;\">y lista para ir a la celebraci\u00f3n, cuyas fotos van al final del todo.<\/p>\n<p style=\"text-align: center;\">Os pongo un listado con el total de ingredientes;<\/p>\n<ol style=\"text-align: center;\">\n<li style=\"text-align: left;\">3huevos camperos enteros + 6 yemas<\/li>\n<li style=\"text-align: left;\">160ml de leche entera<\/li>\n<li style=\"text-align: left;\">180g de az\u00facar blanquilla + 150g + 150g<\/li>\n<li style=\"text-align: left;\">250ml de harina de trigo<\/li>\n<li style=\"text-align: left;\">Dos cucharaditas de maiz o Maizena<\/li>\n<li style=\"text-align: left;\">160ml de aceite de oliva suave<\/li>\n<li style=\"text-align: left;\">Una cucharada de esencia de vainilla<\/li>\n<li style=\"text-align: left;\">8g (medio sobre) de levadura qu\u00edmica tipo Royal<\/li>\n<li style=\"text-align: left;\">Una pizquita de sal<\/li>\n<li style=\"text-align: left;\">100ml de agua+ 150ml<\/li>\n<li style=\"text-align: left;\">50ml de ron<\/li>\n<li style=\"text-align: left;\">500g de nata para montar<\/li>\n<li style=\"text-align: left;\">Dos cucharadas de az\u00facar glas<\/li>\n<li style=\"text-align: left;\">Dos cucharadas de cacao en polvo sin az\u00facar<\/li>\n<li style=\"text-align: left;\">Una cucharada de queso untar tipo Philadelphia<\/li>\n<li style=\"text-align: left;\">Dos cucharadas de az\u00facar moreno<\/li>\n<li style=\"text-align: left;\">Una tableta grande de chocolate puro fondant<\/li>\n<\/ol>\n<p style=\"text-align: center;\">Se me olvidaba decirnos que realmente esta tarta es la Massini, porque la tarta San Marcos original no lleva trufa, si no una capa de nata y otra de crema de almendras. Tambi\u00e9n pod\u00e9is\u00a0 terminar los laterales exteriores con almendra laminada, pero a mi marido le gustaba con yema, al igual que a mi tete, as\u00ed que&#8230;\u00a1yema!<\/p>\n<p style=\"text-align: center;\"><img decoding=\"async\" loading=\"lazy\" class=\"alignnone size-large wp-image-19281\" src=\"https:\/\/elcalaixetdelaiaia.es\/wp-content\/uploads\/2019\/01\/IMG_9662-3-661x1024.jpg\" alt=\"\" width=\"661\" height=\"1024\" srcset=\"https:\/\/elcalaixetdelaiaia.es\/wp-content\/uploads\/2019\/01\/IMG_9662-3-661x1024.jpg 661w, https:\/\/elcalaixetdelaiaia.es\/wp-content\/uploads\/2019\/01\/IMG_9662-3-194x300.jpg 194w, https:\/\/elcalaixetdelaiaia.es\/wp-content\/uploads\/2019\/01\/IMG_9662-3-768x1189.jpg 768w, https:\/\/elcalaixetdelaiaia.es\/wp-content\/uploads\/2019\/01\/IMG_9662-3.jpg 1328w\" sizes=\"(max-width: 661px) 100vw, 661px\" \/><\/p>\n<p style=\"text-align: center;\">La tarta fue un \u00e9xito<\/p>\n<p style=\"text-align: center;\"><img decoding=\"async\" loading=\"lazy\" class=\"alignnone size-large wp-image-19282\" src=\"https:\/\/elcalaixetdelaiaia.es\/wp-content\/uploads\/2019\/01\/IMG_9674-3-815x1024.jpg\" alt=\"\" width=\"750\" height=\"942\" srcset=\"https:\/\/elcalaixetdelaiaia.es\/wp-content\/uploads\/2019\/01\/IMG_9674-3-815x1024.jpg 815w, https:\/\/elcalaixetdelaiaia.es\/wp-content\/uploads\/2019\/01\/IMG_9674-3-239x300.jpg 239w, https:\/\/elcalaixetdelaiaia.es\/wp-content\/uploads\/2019\/01\/IMG_9674-3-768x965.jpg 768w, https:\/\/elcalaixetdelaiaia.es\/wp-content\/uploads\/2019\/01\/IMG_9674-3.jpg 1259w\" sizes=\"(max-width: 750px) 100vw, 750px\" \/><\/p>\n<p style=\"text-align: center;\">y solo la cara de felicidadad&#8230; ya merece la pena todo el trabajo<\/p>\n<p style=\"text-align: center;\"><img decoding=\"async\" loading=\"lazy\" class=\"alignnone size-large wp-image-19283\" src=\"https:\/\/elcalaixetdelaiaia.es\/wp-content\/uploads\/2019\/01\/IMG_9681-768x1024.jpg\" alt=\"\" width=\"750\" height=\"1000\" srcset=\"https:\/\/elcalaixetdelaiaia.es\/wp-content\/uploads\/2019\/01\/IMG_9681-768x1024.jpg 768w, https:\/\/elcalaixetdelaiaia.es\/wp-content\/uploads\/2019\/01\/IMG_9681-225x300.jpg 225w\" sizes=\"(max-width: 750px) 100vw, 750px\" \/><\/p>\n<p style=\"text-align: center;\">aqu\u00ed pod\u00e9is ver el corte<\/p>\n<p style=\"text-align: center;\"><img decoding=\"async\" loading=\"lazy\" class=\"alignnone size-large wp-image-19284\" src=\"https:\/\/elcalaixetdelaiaia.es\/wp-content\/uploads\/2019\/01\/IMG_9682-2-1024x768.jpg\" alt=\"\" width=\"750\" height=\"563\" srcset=\"https:\/\/elcalaixetdelaiaia.es\/wp-content\/uploads\/2019\/01\/IMG_9682-2-1024x768.jpg 1024w, https:\/\/elcalaixetdelaiaia.es\/wp-content\/uploads\/2019\/01\/IMG_9682-2-300x225.jpg 300w, https:\/\/elcalaixetdelaiaia.es\/wp-content\/uploads\/2019\/01\/IMG_9682-2-768x576.jpg 768w\" sizes=\"(max-width: 750px) 100vw, 750px\" \/><\/p>\n<p style=\"text-align: center;\">y aqu\u00ed la porci\u00f3n<\/p>\n<p><img decoding=\"async\" loading=\"lazy\" class=\"alignnone size-large wp-image-19285 aligncenter\" src=\"https:\/\/elcalaixetdelaiaia.es\/wp-content\/uploads\/2019\/01\/IMG_9687-2-1024x606.jpg\" alt=\"\" width=\"750\" height=\"444\" srcset=\"https:\/\/elcalaixetdelaiaia.es\/wp-content\/uploads\/2019\/01\/IMG_9687-2-1024x606.jpg 1024w, https:\/\/elcalaixetdelaiaia.es\/wp-content\/uploads\/2019\/01\/IMG_9687-2-300x177.jpg 300w, https:\/\/elcalaixetdelaiaia.es\/wp-content\/uploads\/2019\/01\/IMG_9687-2-768x454.jpg 768w\" sizes=\"(max-width: 750px) 100vw, 750px\" \/><\/p>\n<p>Per mooolts anys i moool bons, sempre junts, sempre units germanets, en lo bo i en lo ro\u00edn&#8230;SEMPRE!!!!!!<\/p>\n<div data-google-query-id=\"CPfUt7X5qNwCFbIx0wodIqsD8w\">\u00abA la taula i&#8230;&#8230;&#8230;.BON PROFIT!!!\u00bb<\/div>\n<div data-google-query-id=\"CPfUt7X5qNwCFbIx0wodIqsD8w\">\n<div>Si te gusta \u00e9sta entrada, puedes compartirla. Gracias por hacerlo .Espero tus comentarios, que para mi son MUY importantes y recuerda que tambi\u00e9n estoy en Facebook <a href=\"https:\/\/www.facebook.com\/El-calaixet-de-la-iaia-533062140099386\/\">https:\/\/www.facebook.com\/El-calaixet-de-la-iaia-533062140099386\/<\/a><\/div>\n<div>\n<div>Si quieres recibir mis actualizaciones por mail, al final de \u00e9sta p\u00e1gina a la izquierda tienes como hacer para introducir tu correo electr\u00f3nico y no perderte las actualizaciones de este, tu blog \u00a1Gracias!<\/div>\n<\/div>\n<\/div>\n","protected":false},"excerpt":{"rendered":"<p>\u00abRefrany; Ploreu, xiquets, que pardalets tindreu\u00bb Llorar, chiquitos, que pajaritos tendreis. Desde Enero, est\u00e1 en borrador \u00e9sta receta (aunque tengo en borradores recetas hace a\u00f1os \ud83d\ude41\u00a0 )&#8230; y antes de que acabe perdi\u00e9ndose como muchas, hoy, sin falta la publico para ir actualizando el blog que tengo olvidado desde hace &hellip; <\/p>\n","protected":false},"author":2,"featured_media":19287,"comment_status":"open","ping_status":"open","sticky":false,"template":"","format":"standard","meta":[],"categories":[6,1],"tags":[],"_links":{"self":[{"href":"https:\/\/elcalaixetdelaiaia.es\/index.php?rest_route=\/wp\/v2\/posts\/19291"}],"collection":[{"href":"https:\/\/elcalaixetdelaiaia.es\/index.php?rest_route=\/wp\/v2\/posts"}],"about":[{"href":"https:\/\/elcalaixetdelaiaia.es\/index.php?rest_route=\/wp\/v2\/types\/post"}],"author":[{"embeddable":true,"href":"https:\/\/elcalaixetdelaiaia.es\/index.php?rest_route=\/wp\/v2\/users\/2"}],"replies":[{"embeddable":true,"href":"https:\/\/elcalaixetdelaiaia.es\/index.php?rest_route=%2Fwp%2Fv2%2Fcomments&post=19291"}],"version-history":[{"count":18,"href":"https:\/\/elcalaixetdelaiaia.es\/index.php?rest_route=\/wp\/v2\/posts\/19291\/revisions"}],"predecessor-version":[{"id":24412,"href":"https:\/\/elcalaixetdelaiaia.es\/index.php?rest_route=\/wp\/v2\/posts\/19291\/revisions\/24412"}],"wp:featuredmedia":[{"embeddable":true,"href":"https:\/\/elcalaixetdelaiaia.es\/index.php?rest_route=\/wp\/v2\/media\/19287"}],"wp:attachment":[{"href":"https:\/\/elcalaixetdelaiaia.es\/index.php?rest_route=%2Fwp%2Fv2%2Fmedia&parent=19291"}],"wp:term":[{"taxonomy":"category","embeddable":true,"href":"https:\/\/elcalaixetdelaiaia.es\/index.php?rest_route=%2Fwp%2Fv2%2Fcategories&post=19291"},{"taxonomy":"post_tag","embeddable":true,"href":"https:\/\/elcalaixetdelaiaia.es\/index.php?rest_route=%2Fwp%2Fv2%2Ftags&post=19291"}],"curies":[{"name":"wp","href":"https:\/\/api.w.org\/{rel}","templated":true}]}}