{"id":19222,"date":"2019-09-23T18:36:31","date_gmt":"2019-09-23T18:36:31","guid":{"rendered":"http:\/\/elcalaixetdelaiaia.es\/?p=19222"},"modified":"2023-07-21T14:37:23","modified_gmt":"2023-07-21T14:37:23","slug":"tarta-facil-queso-nata-y-arandanos-sin-horno-paso-a-paso","status":"publish","type":"post","link":"https:\/\/elcalaixetdelaiaia.es\/?p=19222","title":{"rendered":"Tarta f\u00e1cil queso nata y ar\u00e1ndanos sin horno paso a paso"},"content":{"rendered":"<p>\u00abRefrany;\u00a0 La tardor \u00e9s la primavera de l&#8217;hivern\u00bb\u00a0\u00a0 El oto\u00f1o, es la primavera del invierno.<\/p>\n<p>Os traigo unta tarta f\u00e1cil, f\u00e1cil, sin horno y muy fresquita.<\/p>\n<p>Para esta tarta uso un molde de plumcake de silicona, de 7de alto x12 de ancho x 30 de largo,o uno redondo indistintamente, de hecho, pongo foto de \u00e1mbos, para que ve\u00e1is los resultados y pod\u00e1is elegir la forma final que mas os guste.<\/p>\n<p>Se trata de un postre facil\u00edsimo de preparar, como podr\u00e9is comprobar en el paso a paso, y que gusta much\u00edsimo.<\/p>\n<p>Los ingredientes que necesitaremos son;<\/p>\n<p><img decoding=\"async\" loading=\"lazy\" class=\"size-large wp-image-19374 aligncenter\" src=\"https:\/\/elcalaixetdelaiaia.es\/wp-content\/uploads\/2019\/09\/IMG_3659-1024x768.jpg\" alt=\"\" width=\"750\" height=\"563\" srcset=\"https:\/\/elcalaixetdelaiaia.es\/wp-content\/uploads\/2019\/09\/IMG_3659-1024x768.jpg 1024w, https:\/\/elcalaixetdelaiaia.es\/wp-content\/uploads\/2019\/09\/IMG_3659-300x225.jpg 300w, https:\/\/elcalaixetdelaiaia.es\/wp-content\/uploads\/2019\/09\/IMG_3659-768x576.jpg 768w\" sizes=\"(max-width: 750px) 100vw, 750px\" \/><\/p>\n<ol>\n<li>300g de nata de montar o crema de leche<\/li>\n<li>75g de az\u00facar blanquilla<\/li>\n<li>250g de agua sin sabor a cloro<\/li>\n<li>200g de mascarpone<\/li>\n<li>Un sobre de gelatina sabor a lim\u00f3n<\/li>\n<li>Mermelada casera de ar\u00e1ndanos<\/li>\n<li>Sobaos<\/li>\n<\/ol>\n<p>Mermelada de ar\u00e1ndanos, venden hecha, pero con lo f\u00e1cil que es prepararla, no cuesta nada y la diferencia es enooorme, vamos, sin comparaci\u00f3n alguna.<\/p>\n<p style=\"text-align: center;\">Para hacer la mermelada casera de ar\u00e1ndanos podr\u00e9is ver el paso a paso pinchando en \u00e9ste enlace<a href=\"https:\/\/elcalaixetdelaiaia.es\/?p=19333\">https:\/\/elcalaixetdelaiaia.es\/?p=19333<\/a><\/p>\n<p><img decoding=\"async\" loading=\"lazy\" class=\"alignnone size-large wp-image-19376 aligncenter\" src=\"https:\/\/elcalaixetdelaiaia.es\/wp-content\/uploads\/2019\/09\/IMG_E3661-1024x768.jpg\" alt=\"\" width=\"750\" height=\"563\" srcset=\"https:\/\/elcalaixetdelaiaia.es\/wp-content\/uploads\/2019\/09\/IMG_E3661-1024x768.jpg 1024w, https:\/\/elcalaixetdelaiaia.es\/wp-content\/uploads\/2019\/09\/IMG_E3661-300x225.jpg 300w, https:\/\/elcalaixetdelaiaia.es\/wp-content\/uploads\/2019\/09\/IMG_E3661-768x576.jpg 768w\" sizes=\"(max-width: 750px) 100vw, 750px\" \/><\/p>\n<p style=\"text-align: center;\">Comenzaremos poniendo agua a hervir y en la misma, disolveremos la gelatina, removiendo y procurando que nos quede bien disuelta. Dejamos enfriar<\/p>\n<p style=\"text-align: center;\"><img decoding=\"async\" loading=\"lazy\" class=\"alignnone size-large wp-image-19377\" src=\"https:\/\/elcalaixetdelaiaia.es\/wp-content\/uploads\/2019\/09\/GJEH8711-1024x768.jpg\" alt=\"\" width=\"750\" height=\"563\" srcset=\"https:\/\/elcalaixetdelaiaia.es\/wp-content\/uploads\/2019\/09\/GJEH8711-1024x768.jpg 1024w, https:\/\/elcalaixetdelaiaia.es\/wp-content\/uploads\/2019\/09\/GJEH8711-300x225.jpg 300w, https:\/\/elcalaixetdelaiaia.es\/wp-content\/uploads\/2019\/09\/GJEH8711-768x576.jpg 768w\" sizes=\"(max-width: 750px) 100vw, 750px\" \/><\/p>\n<p style=\"text-align: center;\">Mientras se enfr\u00eda, mezclaremos el queso mascarpone,<\/p>\n<p style=\"text-align: center;\"><img decoding=\"async\" loading=\"lazy\" class=\"alignnone size-large wp-image-19379\" src=\"https:\/\/elcalaixetdelaiaia.es\/wp-content\/uploads\/2019\/09\/IMG_E3664-1024x768.jpg\" alt=\"\" width=\"750\" height=\"563\" srcset=\"https:\/\/elcalaixetdelaiaia.es\/wp-content\/uploads\/2019\/09\/IMG_E3664-1024x768.jpg 1024w, https:\/\/elcalaixetdelaiaia.es\/wp-content\/uploads\/2019\/09\/IMG_E3664-300x225.jpg 300w, https:\/\/elcalaixetdelaiaia.es\/wp-content\/uploads\/2019\/09\/IMG_E3664-768x576.jpg 768w\" sizes=\"(max-width: 750px) 100vw, 750px\" \/><\/p>\n<p style=\"text-align: center;\">el az\u00facar<\/p>\n<p style=\"text-align: center;\"><img decoding=\"async\" loading=\"lazy\" class=\"alignnone size-large wp-image-19378\" src=\"https:\/\/elcalaixetdelaiaia.es\/wp-content\/uploads\/2019\/09\/IMG_3666-1024x768.jpg\" alt=\"\" width=\"750\" height=\"563\" srcset=\"https:\/\/elcalaixetdelaiaia.es\/wp-content\/uploads\/2019\/09\/IMG_3666-1024x768.jpg 1024w, https:\/\/elcalaixetdelaiaia.es\/wp-content\/uploads\/2019\/09\/IMG_3666-300x225.jpg 300w, https:\/\/elcalaixetdelaiaia.es\/wp-content\/uploads\/2019\/09\/IMG_3666-768x576.jpg 768w\" sizes=\"(max-width: 750px) 100vw, 750px\" \/><\/p>\n<p style=\"text-align: center;\">\u00a0 y la nata o crema de leche.<\/p>\n<p style=\"text-align: center;\"><img decoding=\"async\" loading=\"lazy\" class=\"alignnone size-large wp-image-19381\" src=\"https:\/\/elcalaixetdelaiaia.es\/wp-content\/uploads\/2019\/09\/IMG_3667-1024x768.jpg\" alt=\"\" width=\"750\" height=\"563\" srcset=\"https:\/\/elcalaixetdelaiaia.es\/wp-content\/uploads\/2019\/09\/IMG_3667-1024x768.jpg 1024w, https:\/\/elcalaixetdelaiaia.es\/wp-content\/uploads\/2019\/09\/IMG_3667-300x225.jpg 300w, https:\/\/elcalaixetdelaiaia.es\/wp-content\/uploads\/2019\/09\/IMG_3667-768x576.jpg 768w\" sizes=\"(max-width: 750px) 100vw, 750px\" \/><\/p>\n<p style=\"text-align: center;\">Lo mezclaremos manualmente o con batidora, a velocidad muy baja y con varillas, con cuidado, hasta que quede una crema uniforme.<\/p>\n<p style=\"text-align: center;\"><img decoding=\"async\" loading=\"lazy\" class=\"alignnone size-large wp-image-19380\" src=\"https:\/\/elcalaixetdelaiaia.es\/wp-content\/uploads\/2019\/09\/QKXO6657-1024x768.jpg\" alt=\"\" width=\"750\" height=\"563\" srcset=\"https:\/\/elcalaixetdelaiaia.es\/wp-content\/uploads\/2019\/09\/QKXO6657-1024x768.jpg 1024w, https:\/\/elcalaixetdelaiaia.es\/wp-content\/uploads\/2019\/09\/QKXO6657-300x225.jpg 300w, https:\/\/elcalaixetdelaiaia.es\/wp-content\/uploads\/2019\/09\/QKXO6657-768x576.jpg 768w\" sizes=\"(max-width: 750px) 100vw, 750px\" \/><\/p>\n<p style=\"text-align: center;\">A\u00f1adiremos la gelatina que ya estar\u00e1 s\u00f3lo tibia y mezclaremos<\/p>\n<p style=\"text-align: center;\"><img decoding=\"async\" loading=\"lazy\" class=\"alignnone size-large wp-image-19382\" src=\"https:\/\/elcalaixetdelaiaia.es\/wp-content\/uploads\/2019\/09\/CBBL8403-1024x768.jpg\" alt=\"\" width=\"750\" height=\"563\" srcset=\"https:\/\/elcalaixetdelaiaia.es\/wp-content\/uploads\/2019\/09\/CBBL8403-1024x768.jpg 1024w, https:\/\/elcalaixetdelaiaia.es\/wp-content\/uploads\/2019\/09\/CBBL8403-300x225.jpg 300w, https:\/\/elcalaixetdelaiaia.es\/wp-content\/uploads\/2019\/09\/CBBL8403-768x576.jpg 768w\" sizes=\"(max-width: 750px) 100vw, 750px\" \/> <img decoding=\"async\" loading=\"lazy\" class=\"alignnone size-large wp-image-19383\" src=\"https:\/\/elcalaixetdelaiaia.es\/wp-content\/uploads\/2019\/09\/IGCC3032-1024x768.jpg\" alt=\"\" width=\"750\" height=\"563\" srcset=\"https:\/\/elcalaixetdelaiaia.es\/wp-content\/uploads\/2019\/09\/IGCC3032-1024x768.jpg 1024w, https:\/\/elcalaixetdelaiaia.es\/wp-content\/uploads\/2019\/09\/IGCC3032-300x225.jpg 300w, https:\/\/elcalaixetdelaiaia.es\/wp-content\/uploads\/2019\/09\/IGCC3032-768x576.jpg 768w\" sizes=\"(max-width: 750px) 100vw, 750px\" \/><\/p>\n<p style=\"text-align: center;\">Si no utiliz\u00e1is un molde de silicona, recordad untar el interior con spray desmoldante. Volcaremos la crema en el molde,<\/p>\n<p style=\"text-align: center;\"><img decoding=\"async\" loading=\"lazy\" class=\"alignnone size-large wp-image-19384\" src=\"https:\/\/elcalaixetdelaiaia.es\/wp-content\/uploads\/2019\/09\/IMG_E3671-1024x768.jpg\" alt=\"\" width=\"750\" height=\"563\" srcset=\"https:\/\/elcalaixetdelaiaia.es\/wp-content\/uploads\/2019\/09\/IMG_E3671-1024x768.jpg 1024w, https:\/\/elcalaixetdelaiaia.es\/wp-content\/uploads\/2019\/09\/IMG_E3671-300x225.jpg 300w, https:\/\/elcalaixetdelaiaia.es\/wp-content\/uploads\/2019\/09\/IMG_E3671-768x576.jpg 768w\" sizes=\"(max-width: 750px) 100vw, 750px\" \/> <img decoding=\"async\" loading=\"lazy\" class=\"alignnone size-large wp-image-19385\" src=\"https:\/\/elcalaixetdelaiaia.es\/wp-content\/uploads\/2019\/09\/KHUQ4199-1024x768.jpg\" alt=\"\" width=\"750\" height=\"563\" srcset=\"https:\/\/elcalaixetdelaiaia.es\/wp-content\/uploads\/2019\/09\/KHUQ4199-1024x768.jpg 1024w, https:\/\/elcalaixetdelaiaia.es\/wp-content\/uploads\/2019\/09\/KHUQ4199-300x225.jpg 300w, https:\/\/elcalaixetdelaiaia.es\/wp-content\/uploads\/2019\/09\/KHUQ4199-768x576.jpg 768w\" sizes=\"(max-width: 750px) 100vw, 750px\" \/><\/p>\n<p style=\"text-align: center;\">y pondremos una capa de sobaos o de bizcochos de soletilla,<\/p>\n<p style=\"text-align: center;\"><img decoding=\"async\" loading=\"lazy\" class=\"alignnone size-large wp-image-19386\" src=\"https:\/\/elcalaixetdelaiaia.es\/wp-content\/uploads\/2019\/09\/EPQG4139-1024x768.jpg\" alt=\"\" width=\"750\" height=\"563\" srcset=\"https:\/\/elcalaixetdelaiaia.es\/wp-content\/uploads\/2019\/09\/EPQG4139-1024x768.jpg 1024w, https:\/\/elcalaixetdelaiaia.es\/wp-content\/uploads\/2019\/09\/EPQG4139-300x225.jpg 300w, https:\/\/elcalaixetdelaiaia.es\/wp-content\/uploads\/2019\/09\/EPQG4139-768x576.jpg 768w\" sizes=\"(max-width: 750px) 100vw, 750px\" \/><\/p>\n<p style=\"text-align: center;\">de forma que al desmoldar, ser\u00e1 la base de la tarta,<\/p>\n<p style=\"text-align: center;\"><img decoding=\"async\" loading=\"lazy\" class=\"alignnone size-large wp-image-19387\" src=\"https:\/\/elcalaixetdelaiaia.es\/wp-content\/uploads\/2019\/09\/IMG_3673-1024x768.jpg\" alt=\"\" width=\"750\" height=\"563\" srcset=\"https:\/\/elcalaixetdelaiaia.es\/wp-content\/uploads\/2019\/09\/IMG_3673-1024x768.jpg 1024w, https:\/\/elcalaixetdelaiaia.es\/wp-content\/uploads\/2019\/09\/IMG_3673-300x225.jpg 300w, https:\/\/elcalaixetdelaiaia.es\/wp-content\/uploads\/2019\/09\/IMG_3673-768x576.jpg 768w\" sizes=\"(max-width: 750px) 100vw, 750px\" \/><\/p>\n<p style=\"text-align: center;\">cubriremos con papel film y dejaremos en el frigo un m\u00ednimo de cuatro horas, aunque yo prefiero dejarlo hasta el d\u00eda siguiente, creo que de un d\u00eda para otro est\u00e1 mucho m\u00e1s rico.<\/p>\n<p style=\"text-align: center;\"><img decoding=\"async\" loading=\"lazy\" class=\"alignnone size-large wp-image-19388\" src=\"https:\/\/elcalaixetdelaiaia.es\/wp-content\/uploads\/2019\/09\/EACC2441-1024x768.jpg\" alt=\"\" width=\"750\" height=\"563\" srcset=\"https:\/\/elcalaixetdelaiaia.es\/wp-content\/uploads\/2019\/09\/EACC2441-1024x768.jpg 1024w, https:\/\/elcalaixetdelaiaia.es\/wp-content\/uploads\/2019\/09\/EACC2441-300x225.jpg 300w, https:\/\/elcalaixetdelaiaia.es\/wp-content\/uploads\/2019\/09\/EACC2441-768x576.jpg 768w\" sizes=\"(max-width: 750px) 100vw, 750px\" \/> <img decoding=\"async\" loading=\"lazy\" class=\"alignnone size-large wp-image-19389\" src=\"https:\/\/elcalaixetdelaiaia.es\/wp-content\/uploads\/2019\/09\/IMG_3822-1024x768.jpg\" alt=\"\" width=\"750\" height=\"563\" srcset=\"https:\/\/elcalaixetdelaiaia.es\/wp-content\/uploads\/2019\/09\/IMG_3822-1024x768.jpg 1024w, https:\/\/elcalaixetdelaiaia.es\/wp-content\/uploads\/2019\/09\/IMG_3822-300x225.jpg 300w, https:\/\/elcalaixetdelaiaia.es\/wp-content\/uploads\/2019\/09\/IMG_3822-768x576.jpg 768w\" sizes=\"(max-width: 750px) 100vw, 750px\" \/><\/p>\n<p style=\"text-align: center;\">cuando vayamos a servir, volcamos sobre una bandeja.<\/p>\n<p style=\"text-align: center;\"><img decoding=\"async\" loading=\"lazy\" class=\"alignnone size-large wp-image-19390\" src=\"https:\/\/elcalaixetdelaiaia.es\/wp-content\/uploads\/2019\/09\/IMG_E3727-1024x768.jpg\" alt=\"\" width=\"750\" height=\"563\" srcset=\"https:\/\/elcalaixetdelaiaia.es\/wp-content\/uploads\/2019\/09\/IMG_E3727-1024x768.jpg 1024w, https:\/\/elcalaixetdelaiaia.es\/wp-content\/uploads\/2019\/09\/IMG_E3727-300x225.jpg 300w, https:\/\/elcalaixetdelaiaia.es\/wp-content\/uploads\/2019\/09\/IMG_E3727-768x576.jpg 768w\" sizes=\"(max-width: 750px) 100vw, 750px\" \/><\/p>\n<p style=\"text-align: center;\">calentamos un poco en el microondas la mermelada, y cubrimos la tarta con la misma.<\/p>\n<p style=\"text-align: center;\"><img decoding=\"async\" loading=\"lazy\" class=\"alignnone size-large wp-image-19396\" src=\"https:\/\/elcalaixetdelaiaia.es\/wp-content\/uploads\/2019\/09\/TGQU9600-1024x769.jpg\" alt=\"\" width=\"750\" height=\"563\" srcset=\"https:\/\/elcalaixetdelaiaia.es\/wp-content\/uploads\/2019\/09\/TGQU9600-1024x769.jpg 1024w, https:\/\/elcalaixetdelaiaia.es\/wp-content\/uploads\/2019\/09\/TGQU9600-300x225.jpg 300w, https:\/\/elcalaixetdelaiaia.es\/wp-content\/uploads\/2019\/09\/TGQU9600-768x576.jpg 768w\" sizes=\"(max-width: 750px) 100vw, 750px\" \/><\/p>\n<p style=\"text-align: center;\">La servimos muy fresquita<\/p>\n<p style=\"text-align: center;\"><img decoding=\"async\" loading=\"lazy\" class=\"alignnone size-large wp-image-19391\" src=\"https:\/\/elcalaixetdelaiaia.es\/wp-content\/uploads\/2019\/09\/AOVVE0453-1024x768.jpg\" alt=\"\" width=\"750\" height=\"563\" srcset=\"https:\/\/elcalaixetdelaiaia.es\/wp-content\/uploads\/2019\/09\/AOVVE0453-1024x768.jpg 1024w, https:\/\/elcalaixetdelaiaia.es\/wp-content\/uploads\/2019\/09\/AOVVE0453-300x225.jpg 300w, https:\/\/elcalaixetdelaiaia.es\/wp-content\/uploads\/2019\/09\/AOVVE0453-768x576.jpg 768w\" sizes=\"(max-width: 750px) 100vw, 750px\" \/><\/p>\n<p style=\"text-align: center;\">En la redonda, he a\u00f1adido una hojitas de menta fresca, que le da un sabor delicioso<\/p>\n<p style=\"text-align: center;\"><img decoding=\"async\" loading=\"lazy\" class=\"alignnone size-large wp-image-19392\" src=\"https:\/\/elcalaixetdelaiaia.es\/wp-content\/uploads\/2019\/09\/BBBM0343-1024x755.jpg\" alt=\"\" width=\"750\" height=\"553\" srcset=\"https:\/\/elcalaixetdelaiaia.es\/wp-content\/uploads\/2019\/09\/BBBM0343-1024x755.jpg 1024w, https:\/\/elcalaixetdelaiaia.es\/wp-content\/uploads\/2019\/09\/BBBM0343-300x221.jpg 300w, https:\/\/elcalaixetdelaiaia.es\/wp-content\/uploads\/2019\/09\/BBBM0343-768x566.jpg 768w\" sizes=\"(max-width: 750px) 100vw, 750px\" \/><\/p>\n<p style=\"text-align: center;\">aqu\u00ed tene\u00eds una porci\u00f3n de la redonda<\/p>\n<p style=\"text-align: center;\"><img decoding=\"async\" loading=\"lazy\" class=\"alignnone size-large wp-image-19393\" src=\"https:\/\/elcalaixetdelaiaia.es\/wp-content\/uploads\/2019\/09\/IMG_E3752-1024x768.jpg\" alt=\"\" width=\"750\" height=\"563\" srcset=\"https:\/\/elcalaixetdelaiaia.es\/wp-content\/uploads\/2019\/09\/IMG_E3752-1024x768.jpg 1024w, https:\/\/elcalaixetdelaiaia.es\/wp-content\/uploads\/2019\/09\/IMG_E3752-300x225.jpg 300w, https:\/\/elcalaixetdelaiaia.es\/wp-content\/uploads\/2019\/09\/IMG_E3752-768x576.jpg 768w\" sizes=\"(max-width: 750px) 100vw, 750px\" \/><\/p>\n<p style=\"text-align: center;\">y aqu\u00ed e la rectangular<\/p>\n<p style=\"text-align: center;\"><img decoding=\"async\" loading=\"lazy\" class=\"alignnone size-large wp-image-19394\" src=\"https:\/\/elcalaixetdelaiaia.es\/wp-content\/uploads\/2019\/09\/LTVF5109-1024x768.jpg\" alt=\"\" width=\"750\" height=\"563\" srcset=\"https:\/\/elcalaixetdelaiaia.es\/wp-content\/uploads\/2019\/09\/LTVF5109-1024x768.jpg 1024w, https:\/\/elcalaixetdelaiaia.es\/wp-content\/uploads\/2019\/09\/LTVF5109-300x225.jpg 300w, https:\/\/elcalaixetdelaiaia.es\/wp-content\/uploads\/2019\/09\/LTVF5109-768x576.jpg 768w\" sizes=\"(max-width: 750px) 100vw, 750px\" \/><\/p>\n<p style=\"text-align: center;\">pero las cantidades que os he puesto son para preparar una sola tarta \u00bfeh?<\/p>\n<p style=\"text-align: center;\"><img decoding=\"async\" loading=\"lazy\" class=\"size-large wp-image-19395 aligncenter\" src=\"https:\/\/elcalaixetdelaiaia.es\/wp-content\/uploads\/2019\/09\/PQPQ8921-1024x760.jpg\" alt=\"\" width=\"750\" height=\"557\" srcset=\"https:\/\/elcalaixetdelaiaia.es\/wp-content\/uploads\/2019\/09\/PQPQ8921-1024x760.jpg 1024w, https:\/\/elcalaixetdelaiaia.es\/wp-content\/uploads\/2019\/09\/PQPQ8921-300x223.jpg 300w, https:\/\/elcalaixetdelaiaia.es\/wp-content\/uploads\/2019\/09\/PQPQ8921-768x570.jpg 768w\" sizes=\"(max-width: 750px) 100vw, 750px\" \/><\/p>\n<div style=\"text-align: center;\" data-google-query-id=\"CPfUt7X5qNwCFbIx0wodIqsD8w\">\u00abA la taula i\u2026 BON PROFIT!!!\u00bb<\/div>\n<div data-google-query-id=\"CPfUt7X5qNwCFbIx0wodIqsD8w\">\n<div style=\"text-align: center;\">Si te gusta \u00e9sta entrada, puedes compartirla. Gracias por hacerlo. Espero tus comentarios, que para mi son MUY importantes y recuerda que tambi\u00e9n estoy en Facebook <a href=\"https:\/\/www.facebook.com\/El-calaixet-de-la-iaia-533062140099386\/\">https:\/\/www.facebook.com\/El-calaixet-de-la-iaia-533062140099386\/<\/a><\/div>\n<div>\n<div style=\"text-align: center;\">Si quieres recibir mis actualizaciones por mail, al final de \u00e9sta p\u00e1gina a la izquierda, tienes como hacer para introducir tu correo electr\u00f3nico y no perderte las actualizaciones de este, tu blog \u00a1Gracias!<\/div>\n<\/div>\n<\/div>\n","protected":false},"excerpt":{"rendered":"<p>\u00abRefrany;\u00a0 La tardor \u00e9s la primavera de l&#8217;hivern\u00bb\u00a0\u00a0 El oto\u00f1o, es la primavera del invierno. Os traigo unta tarta f\u00e1cil, f\u00e1cil, sin horno y muy fresquita. Para esta tarta uso un molde de plumcake de silicona, de 7de alto x12 de ancho x 30 de largo,o uno redondo indistintamente, de &hellip; <\/p>\n","protected":false},"author":2,"featured_media":19375,"comment_status":"open","ping_status":"open","sticky":false,"template":"","format":"standard","meta":[],"categories":[6,1],"tags":[],"_links":{"self":[{"href":"https:\/\/elcalaixetdelaiaia.es\/index.php?rest_route=\/wp\/v2\/posts\/19222"}],"collection":[{"href":"https:\/\/elcalaixetdelaiaia.es\/index.php?rest_route=\/wp\/v2\/posts"}],"about":[{"href":"https:\/\/elcalaixetdelaiaia.es\/index.php?rest_route=\/wp\/v2\/types\/post"}],"author":[{"embeddable":true,"href":"https:\/\/elcalaixetdelaiaia.es\/index.php?rest_route=\/wp\/v2\/users\/2"}],"replies":[{"embeddable":true,"href":"https:\/\/elcalaixetdelaiaia.es\/index.php?rest_route=%2Fwp%2Fv2%2Fcomments&post=19222"}],"version-history":[{"count":7,"href":"https:\/\/elcalaixetdelaiaia.es\/index.php?rest_route=\/wp\/v2\/posts\/19222\/revisions"}],"predecessor-version":[{"id":25568,"href":"https:\/\/elcalaixetdelaiaia.es\/index.php?rest_route=\/wp\/v2\/posts\/19222\/revisions\/25568"}],"wp:featuredmedia":[{"embeddable":true,"href":"https:\/\/elcalaixetdelaiaia.es\/index.php?rest_route=\/wp\/v2\/media\/19375"}],"wp:attachment":[{"href":"https:\/\/elcalaixetdelaiaia.es\/index.php?rest_route=%2Fwp%2Fv2%2Fmedia&parent=19222"}],"wp:term":[{"taxonomy":"category","embeddable":true,"href":"https:\/\/elcalaixetdelaiaia.es\/index.php?rest_route=%2Fwp%2Fv2%2Fcategories&post=19222"},{"taxonomy":"post_tag","embeddable":true,"href":"https:\/\/elcalaixetdelaiaia.es\/index.php?rest_route=%2Fwp%2Fv2%2Ftags&post=19222"}],"curies":[{"name":"wp","href":"https:\/\/api.w.org\/{rel}","templated":true}]}}