{"id":19212,"date":"2019-08-28T18:13:01","date_gmt":"2019-08-28T18:13:01","guid":{"rendered":"http:\/\/elcalaixetdelaiaia.es\/?p=19212"},"modified":"2019-08-28T18:13:01","modified_gmt":"2019-08-28T18:13:01","slug":"alitas-de-pollo-marinadas-a-la-cerveza-en-el-horno-paso-a-paso","status":"publish","type":"post","link":"https:\/\/elcalaixetdelaiaia.es\/?p=19212","title":{"rendered":"Alitas de pollo marinadas a la cerveza en el horno paso a paso"},"content":{"rendered":"<p>\u00abRefrany;\u00a0\u00a0\u00a0 A bona gana, \u00e9s in\u00fatil la salsa\u00bb A buen hambre, es in\u00fatil la salsa.<\/p>\n<p>Recetas de alitas de pollo hay infinidad, pero hoy os traigo una muy f\u00e1cil de hacer y que como no lleva salsa, evitamos tener que mojar pan,\u00a0 y adem\u00e1s si en lugar de las patatas, pon\u00e9is como guarnici\u00f3n unas verduras asadas o una ensalada, quedar\u00e1 un plato much\u00edsimo m\u00e1s ligero.<\/p>\n<p>Normalmente, como compro los pollos enteros, separo las alitas y las voy metiendo en una bolsa herm\u00e9tica en el congelador, hasta tener unas cuantas, pero hoy me apetec\u00edan y he comprado una bandejita.<\/p>\n<p>Necesitaremos;<\/p>\n<p><img decoding=\"async\" loading=\"lazy\" class=\"size-large wp-image-19342 aligncenter\" src=\"https:\/\/elcalaixetdelaiaia.es\/wp-content\/uploads\/2019\/08\/IMG_3382-1024x768.jpg\" alt=\"\" width=\"750\" height=\"563\" srcset=\"https:\/\/elcalaixetdelaiaia.es\/wp-content\/uploads\/2019\/08\/IMG_3382-1024x768.jpg 1024w, https:\/\/elcalaixetdelaiaia.es\/wp-content\/uploads\/2019\/08\/IMG_3382-300x225.jpg 300w, https:\/\/elcalaixetdelaiaia.es\/wp-content\/uploads\/2019\/08\/IMG_3382-768x576.jpg 768w\" sizes=\"(max-width: 750px) 100vw, 750px\" \/><\/p>\n<ol>\n<li>Altas de pollo sin las puntas<\/li>\n<li>Dos vasos de cerveza<\/li>\n<li>Tres dientes de ajo<\/li>\n<li>Una pizca de or\u00e9gano<\/li>\n<li>Una pizca de piment\u00f3 de la Vera<\/li>\n<li>Aceite de oliva<\/li>\n<li>Sal<\/li>\n<li>Pimienta<\/li>\n<li>Patatas<\/li>\n<\/ol>\n<p style=\"text-align: center;\"><img decoding=\"async\" loading=\"lazy\" class=\"size-large wp-image-19343 aligncenter\" src=\"https:\/\/elcalaixetdelaiaia.es\/wp-content\/uploads\/2019\/08\/IMG_3384-1024x768.jpg\" alt=\"\" width=\"750\" height=\"563\" srcset=\"https:\/\/elcalaixetdelaiaia.es\/wp-content\/uploads\/2019\/08\/IMG_3384-1024x768.jpg 1024w, https:\/\/elcalaixetdelaiaia.es\/wp-content\/uploads\/2019\/08\/IMG_3384-300x225.jpg 300w, https:\/\/elcalaixetdelaiaia.es\/wp-content\/uploads\/2019\/08\/IMG_3384-768x576.jpg 768w\" sizes=\"(max-width: 750px) 100vw, 750px\" \/><\/p>\n<p style=\"text-align: center;\">Lo primero de todo eliminar las plumitas que puedan tener (siempre hay alguna)<\/p>\n<p><img decoding=\"async\" loading=\"lazy\" class=\"size-large wp-image-19344 aligncenter\" src=\"https:\/\/elcalaixetdelaiaia.es\/wp-content\/uploads\/2019\/08\/IMG_3386-1024x768.jpg\" alt=\"\" width=\"750\" height=\"563\" srcset=\"https:\/\/elcalaixetdelaiaia.es\/wp-content\/uploads\/2019\/08\/IMG_3386-1024x768.jpg 1024w, https:\/\/elcalaixetdelaiaia.es\/wp-content\/uploads\/2019\/08\/IMG_3386-300x225.jpg 300w, https:\/\/elcalaixetdelaiaia.es\/wp-content\/uploads\/2019\/08\/IMG_3386-768x576.jpg 768w\" sizes=\"(max-width: 750px) 100vw, 750px\" \/><\/p>\n<p style=\"text-align: center;\">\u00a0Estas alitas est\u00e1n mucho mas ricas si las marinamos previamente, para ello, preparamos un macerado, ponemos en un bol, taper, o fiambrera, las alitas limpias y secadas con papel de cocina y salpimentadas y a\u00f1adimos los dientes de ajo pelados y picados, or\u00e9gano, y una cucharadita de piment\u00f3n de la Vera dulce.<\/p>\n<p><img decoding=\"async\" loading=\"lazy\" class=\"size-large wp-image-19348 aligncenter\" src=\"https:\/\/elcalaixetdelaiaia.es\/wp-content\/uploads\/2019\/08\/IMG_3387-1024x768.jpg\" alt=\"\" width=\"750\" height=\"563\" srcset=\"https:\/\/elcalaixetdelaiaia.es\/wp-content\/uploads\/2019\/08\/IMG_3387-1024x768.jpg 1024w, https:\/\/elcalaixetdelaiaia.es\/wp-content\/uploads\/2019\/08\/IMG_3387-300x225.jpg 300w, https:\/\/elcalaixetdelaiaia.es\/wp-content\/uploads\/2019\/08\/IMG_3387-768x576.jpg 768w\" sizes=\"(max-width: 750px) 100vw, 750px\" \/><\/p>\n<p style=\"text-align: center;\">Agregamos un vaso de cerveza y removemos<\/p>\n<p><img decoding=\"async\" loading=\"lazy\" class=\"size-large wp-image-19349 aligncenter\" src=\"https:\/\/elcalaixetdelaiaia.es\/wp-content\/uploads\/2019\/08\/IMG_3388-1024x768.jpg\" alt=\"\" width=\"750\" height=\"563\" srcset=\"https:\/\/elcalaixetdelaiaia.es\/wp-content\/uploads\/2019\/08\/IMG_3388-1024x768.jpg 1024w, https:\/\/elcalaixetdelaiaia.es\/wp-content\/uploads\/2019\/08\/IMG_3388-300x225.jpg 300w, https:\/\/elcalaixetdelaiaia.es\/wp-content\/uploads\/2019\/08\/IMG_3388-768x576.jpg 768w\" sizes=\"(max-width: 750px) 100vw, 750px\" \/><\/p>\n<p style=\"text-align: center;\">tapamos el recipiente y dejaremos marinar con \u00e9ste adobo, en el frigo un par de horas<\/p>\n<p><img decoding=\"async\" loading=\"lazy\" class=\"size-large wp-image-19350 aligncenter\" src=\"https:\/\/elcalaixetdelaiaia.es\/wp-content\/uploads\/2019\/08\/IMG_3400-1024x768.jpg\" alt=\"\" width=\"750\" height=\"563\" srcset=\"https:\/\/elcalaixetdelaiaia.es\/wp-content\/uploads\/2019\/08\/IMG_3400-1024x768.jpg 1024w, https:\/\/elcalaixetdelaiaia.es\/wp-content\/uploads\/2019\/08\/IMG_3400-300x225.jpg 300w, https:\/\/elcalaixetdelaiaia.es\/wp-content\/uploads\/2019\/08\/IMG_3400-768x576.jpg 768w\" sizes=\"(max-width: 750px) 100vw, 750px\" \/><\/p>\n<p style=\"text-align: center;\">pasado \u00e9ste tiempo, precalentamos el horno a 180\u00ba con calor arriba y abajo y en una bandeja o recipiente apto para el horno, que tenga anchura para las patatas que pondremos luego, colocaremos las alitas, a\u00f1adiremos la mitad del marinado y las dejaremos a media altura durante 15 minutos. Mientras, pelaremos y cortaremos en rodajas finas, un par de patatas.<\/p>\n<p><img decoding=\"async\" loading=\"lazy\" class=\"alignnone size-large wp-image-19351\" src=\"https:\/\/elcalaixetdelaiaia.es\/wp-content\/uploads\/2019\/08\/IMG_3401-1024x768.jpg\" alt=\"\" width=\"750\" height=\"563\" srcset=\"https:\/\/elcalaixetdelaiaia.es\/wp-content\/uploads\/2019\/08\/IMG_3401-1024x768.jpg 1024w, https:\/\/elcalaixetdelaiaia.es\/wp-content\/uploads\/2019\/08\/IMG_3401-300x225.jpg 300w, https:\/\/elcalaixetdelaiaia.es\/wp-content\/uploads\/2019\/08\/IMG_3401-768x576.jpg 768w\" sizes=\"(max-width: 750px) 100vw, 750px\" \/><\/p>\n<p style=\"text-align: center;\">A los 15min. de horneado tendr\u00e1n m\u00e1s o menos \u00e9ste aspecto. Como las alitas tienen grasa y las estamos cocinando en el horno, con poco aceite quedan mas sanas.<\/p>\n<p style=\"text-align: center;\"><img decoding=\"async\" loading=\"lazy\" class=\"size-large wp-image-19352 aligncenter\" src=\"https:\/\/elcalaixetdelaiaia.es\/wp-content\/uploads\/2019\/08\/IMG_3402-1024x768.jpg\" alt=\"\" width=\"750\" height=\"563\" srcset=\"https:\/\/elcalaixetdelaiaia.es\/wp-content\/uploads\/2019\/08\/IMG_3402-1024x768.jpg 1024w, https:\/\/elcalaixetdelaiaia.es\/wp-content\/uploads\/2019\/08\/IMG_3402-300x225.jpg 300w, https:\/\/elcalaixetdelaiaia.es\/wp-content\/uploads\/2019\/08\/IMG_3402-768x576.jpg 768w\" sizes=\"(max-width: 750px) 100vw, 750px\" \/><\/p>\n<p style=\"text-align: center;\">salpimentamos las patatas en rodajas y las a\u00f1adimos juntpo el resto del marinado y 15 minutos mas de horno.<\/p>\n<p><img decoding=\"async\" loading=\"lazy\" class=\"size-large wp-image-19353 aligncenter\" src=\"https:\/\/elcalaixetdelaiaia.es\/wp-content\/uploads\/2019\/08\/IMG_3403-1024x768.jpg\" alt=\"\" width=\"750\" height=\"563\" srcset=\"https:\/\/elcalaixetdelaiaia.es\/wp-content\/uploads\/2019\/08\/IMG_3403-1024x768.jpg 1024w, https:\/\/elcalaixetdelaiaia.es\/wp-content\/uploads\/2019\/08\/IMG_3403-300x225.jpg 300w, https:\/\/elcalaixetdelaiaia.es\/wp-content\/uploads\/2019\/08\/IMG_3403-768x576.jpg 768w\" sizes=\"(max-width: 750px) 100vw, 750px\" \/><\/p>\n<p style=\"text-align: center;\">As\u00ed quedan las alitas con \u00e9stos ingredientes<\/p>\n<p><img decoding=\"async\" loading=\"lazy\" class=\"size-large wp-image-19354 aligncenter\" src=\"https:\/\/elcalaixetdelaiaia.es\/wp-content\/uploads\/2019\/08\/IMG_3405-2-1024x768.jpg\" alt=\"\" width=\"750\" height=\"563\" srcset=\"https:\/\/elcalaixetdelaiaia.es\/wp-content\/uploads\/2019\/08\/IMG_3405-2-1024x768.jpg 1024w, https:\/\/elcalaixetdelaiaia.es\/wp-content\/uploads\/2019\/08\/IMG_3405-2-300x225.jpg 300w, https:\/\/elcalaixetdelaiaia.es\/wp-content\/uploads\/2019\/08\/IMG_3405-2-768x576.jpg 768w\" sizes=\"(max-width: 750px) 100vw, 750px\" \/><\/p>\n<p>pero si sois de quienes no pueden evitar mojar pan y os pirr\u00e1is por la salsita, s\u00f3lo habr\u00e9is de duplicar la cantidad de cerveza, para poder \u00absucar\u00bb o mojar pan \ud83d\ude09<\/p>\n<p><img decoding=\"async\" loading=\"lazy\" class=\"size-large wp-image-19355 aligncenter\" src=\"https:\/\/elcalaixetdelaiaia.es\/wp-content\/uploads\/2019\/08\/IMG_3406-1024x768.jpg\" alt=\"\" width=\"750\" height=\"563\" srcset=\"https:\/\/elcalaixetdelaiaia.es\/wp-content\/uploads\/2019\/08\/IMG_3406-1024x768.jpg 1024w, https:\/\/elcalaixetdelaiaia.es\/wp-content\/uploads\/2019\/08\/IMG_3406-300x225.jpg 300w, https:\/\/elcalaixetdelaiaia.es\/wp-content\/uploads\/2019\/08\/IMG_3406-768x576.jpg 768w\" sizes=\"(max-width: 750px) 100vw, 750px\" \/><\/p>\n<p style=\"text-align: center;\">Vosotros elej\u00eds c\u00f3mo hacerlas<\/p>\n<p><img decoding=\"async\" loading=\"lazy\" class=\"size-large wp-image-19356 aligncenter\" src=\"https:\/\/elcalaixetdelaiaia.es\/wp-content\/uploads\/2019\/08\/IMG_3407-1024x768.jpg\" alt=\"\" width=\"750\" height=\"563\" srcset=\"https:\/\/elcalaixetdelaiaia.es\/wp-content\/uploads\/2019\/08\/IMG_3407-1024x768.jpg 1024w, https:\/\/elcalaixetdelaiaia.es\/wp-content\/uploads\/2019\/08\/IMG_3407-300x225.jpg 300w, https:\/\/elcalaixetdelaiaia.es\/wp-content\/uploads\/2019\/08\/IMG_3407-768x576.jpg 768w\" sizes=\"(max-width: 750px) 100vw, 750px\" \/><\/p>\n<div data-google-query-id=\"CPfUt7X5qNwCFbIx0wodIqsD8w\">\u00abA la taula i\u2026\u2026\u2026.BON PROFIT!!!\u00bb<\/div>\n<div data-google-query-id=\"CPfUt7X5qNwCFbIx0wodIqsD8w\">\n<div>Si te gusta \u00e9sta entrada, puedes compartirla. Gracias por hacerlo .Espero tus comentarios, que para mi son MUY importantes y recuerda que tambi\u00e9n estoy en Facebook <a href=\"https:\/\/www.facebook.com\/El-calaixet-de-la-iaia-533062140099386\/\">https:\/\/www.facebook.com\/El-calaixet-de-la-iaia-533062140099386\/<\/a><\/div>\n<div>\n<div>Si quieres recibir mis actualizaciones por mail, al final de \u00e9sta p\u00e1gina a la izquierda tienes como hacer para introducir tu correo electr\u00f3nico y no perderte las actualizaciones de este, tu blog \u00a1Gracias!<\/div>\n<\/div>\n<\/div>\n","protected":false},"excerpt":{"rendered":"<p>\u00abRefrany;\u00a0\u00a0\u00a0 A bona gana, \u00e9s in\u00fatil la salsa\u00bb A buen hambre, es in\u00fatil la salsa. Recetas de alitas de pollo hay infinidad, pero hoy os traigo una muy f\u00e1cil de hacer y que como no lleva salsa, evitamos tener que mojar pan,\u00a0 y adem\u00e1s si en lugar de las patatas, &hellip; <\/p>\n","protected":false},"author":2,"featured_media":19356,"comment_status":"open","ping_status":"open","sticky":false,"template":"","format":"standard","meta":[],"categories":[12,1],"tags":[],"_links":{"self":[{"href":"https:\/\/elcalaixetdelaiaia.es\/index.php?rest_route=\/wp\/v2\/posts\/19212"}],"collection":[{"href":"https:\/\/elcalaixetdelaiaia.es\/index.php?rest_route=\/wp\/v2\/posts"}],"about":[{"href":"https:\/\/elcalaixetdelaiaia.es\/index.php?rest_route=\/wp\/v2\/types\/post"}],"author":[{"embeddable":true,"href":"https:\/\/elcalaixetdelaiaia.es\/index.php?rest_route=\/wp\/v2\/users\/2"}],"replies":[{"embeddable":true,"href":"https:\/\/elcalaixetdelaiaia.es\/index.php?rest_route=%2Fwp%2Fv2%2Fcomments&post=19212"}],"version-history":[{"count":1,"href":"https:\/\/elcalaixetdelaiaia.es\/index.php?rest_route=\/wp\/v2\/posts\/19212\/revisions"}],"predecessor-version":[{"id":19357,"href":"https:\/\/elcalaixetdelaiaia.es\/index.php?rest_route=\/wp\/v2\/posts\/19212\/revisions\/19357"}],"wp:featuredmedia":[{"embeddable":true,"href":"https:\/\/elcalaixetdelaiaia.es\/index.php?rest_route=\/wp\/v2\/media\/19356"}],"wp:attachment":[{"href":"https:\/\/elcalaixetdelaiaia.es\/index.php?rest_route=%2Fwp%2Fv2%2Fmedia&parent=19212"}],"wp:term":[{"taxonomy":"category","embeddable":true,"href":"https:\/\/elcalaixetdelaiaia.es\/index.php?rest_route=%2Fwp%2Fv2%2Fcategories&post=19212"},{"taxonomy":"post_tag","embeddable":true,"href":"https:\/\/elcalaixetdelaiaia.es\/index.php?rest_route=%2Fwp%2Fv2%2Ftags&post=19212"}],"curies":[{"name":"wp","href":"https:\/\/api.w.org\/{rel}","templated":true}]}}