{"id":19133,"date":"2019-02-01T14:54:25","date_gmt":"2019-02-01T14:54:25","guid":{"rendered":"http:\/\/elcalaixetdelaiaia.es\/?p=19133"},"modified":"2024-02-04T11:20:57","modified_gmt":"2024-02-04T11:20:57","slug":"como-hacer-almibar-para-tartas-foto-a-foto","status":"publish","type":"post","link":"https:\/\/elcalaixetdelaiaia.es\/?p=19133","title":{"rendered":"Como hacer alm\u00edbar para tartas paso a paso foto a foto"},"content":{"rendered":"<p>\u00abRefrany; Tot sucre \u00e9s bo, per a fer l&#8217;arrop\u00bb Todo az\u00facar es bueno, para hacer el alm\u00edbar.<\/p>\n<p><img decoding=\"async\" loading=\"lazy\" class=\"alignnone size-large wp-image-19135\" src=\"https:\/\/elcalaixetdelaiaia.es\/wp-content\/uploads\/2019\/02\/SRDZ7813-1024x718.png\" alt=\"\" width=\"750\" height=\"526\" srcset=\"https:\/\/elcalaixetdelaiaia.es\/wp-content\/uploads\/2019\/02\/SRDZ7813-1024x718.png 1024w, https:\/\/elcalaixetdelaiaia.es\/wp-content\/uploads\/2019\/02\/SRDZ7813-300x210.png 300w, https:\/\/elcalaixetdelaiaia.es\/wp-content\/uploads\/2019\/02\/SRDZ7813-768x538.png 768w\" sizes=\"(max-width: 750px) 100vw, 750px\" \/><\/p>\n<p>Os pongo el paso a paso para hacer facilmente un alm\u00edbar con el que calar nuestros bizcochos para tartas, con el fin de que resulten mas jugosos.<\/p>\n<p>Hoy lo he preparado con Ron , pero pode\u00eds poner el licor que os apetezca, eso si, si lo van a comer ni\u00f1os, hay que avaporar el alcohol.<\/p>\n<p><a href=\"https:\/\/2.bp.blogspot.com\/-5HqAMTtrbjY\/WKXHeJ69zOI\/AAAAAAAAo9Q\/ZD5xSGKtQFEH4wJUBb3vOqAVLXgaaSvJACLcB\/s1600\/IMG_0329.PNG\"><img decoding=\"async\" loading=\"lazy\" src=\"https:\/\/elcalaixetdelaiaia.es\/wp-content\/uploads\/2017\/07\/IMG_0329.png\" width=\"640\" height=\"480\" border=\"0\" \/><\/a><\/p>\n<p>Pod\u00e9is darle un gusto c\u00edtrico, a\u00f1adiendo la piel (flavedo) bien lavada, procurando que no lleve nada de blanco (o albedo) de mandarina, naranja, lima o lim\u00f3n.<\/p>\n<p>Todo depende de vuestro gustos, podr\u00e9is tambi\u00e9n a\u00f1adir un palito de canela o una vaina de vainilla, caf\u00e9 instant\u00e1neo e incluso unas cucharadas de cacao en polvo.<\/p>\n<p>El de hoy va con ron, pero pod\u00e9is suprimirlo o cambiarlo por el licor que m\u00e1s os guste. Tengo publicado licor de lim\u00f3n y otro\u00a0 de mandarina casero, que est\u00e1 para chuparse los dedos.<\/p>\n<p>Para una tarta de tres pisos necesitaremos;<\/p>\n<ol>\n<li>150ml de agua<\/li>\n<li>150g de az\u00facar<\/li>\n<li>La peladura de un c\u00edtrico<\/li>\n<li>50ml de ron<\/li>\n<\/ol>\n<p><img decoding=\"async\" loading=\"lazy\" class=\"alignnone size-large wp-image-15739 aligncenter\" src=\"https:\/\/elcalaixetdelaiaia.es\/wp-content\/uploads\/2018\/02\/PRSQ9028-1024x768.png\" alt=\"\" width=\"750\" height=\"563\" srcset=\"https:\/\/elcalaixetdelaiaia.es\/wp-content\/uploads\/2018\/02\/PRSQ9028-1024x768.png 1024w, https:\/\/elcalaixetdelaiaia.es\/wp-content\/uploads\/2018\/02\/PRSQ9028-300x225.png 300w, https:\/\/elcalaixetdelaiaia.es\/wp-content\/uploads\/2018\/02\/PRSQ9028-768x576.png 768w\" sizes=\"(max-width: 750px) 100vw, 750px\" \/><\/p>\n<p>Para hacer el alm\u00edbar de Ron, podemos usar ron blanco o de ca\u00f1a. Pondremos a hervir en un cazo, 150ml. de agua sin sabor a cloro<\/p>\n<p><img decoding=\"async\" loading=\"lazy\" class=\"alignnone size-large wp-image-15747\" src=\"https:\/\/elcalaixetdelaiaia.es\/wp-content\/uploads\/2018\/02\/THHU6373-1024x768.png\" alt=\"\" width=\"750\" height=\"563\" srcset=\"https:\/\/elcalaixetdelaiaia.es\/wp-content\/uploads\/2018\/02\/THHU6373-1024x768.png 1024w, https:\/\/elcalaixetdelaiaia.es\/wp-content\/uploads\/2018\/02\/THHU6373-300x225.png 300w, https:\/\/elcalaixetdelaiaia.es\/wp-content\/uploads\/2018\/02\/THHU6373-768x576.png 768w\" sizes=\"(max-width: 750px) 100vw, 750px\" \/><\/p>\n<p>y 150g de az\u00facar blanquilla, removeremos. Dejaremos que hierva unos diez minutos, retiramos del fuego<\/p>\n<p><img decoding=\"async\" loading=\"lazy\" class=\"alignnone size-large wp-image-15750\" src=\"https:\/\/elcalaixetdelaiaia.es\/wp-content\/uploads\/2018\/02\/VSHG3893-1024x768.png\" alt=\"\" width=\"750\" height=\"563\" srcset=\"https:\/\/elcalaixetdelaiaia.es\/wp-content\/uploads\/2018\/02\/VSHG3893-1024x768.png 1024w, https:\/\/elcalaixetdelaiaia.es\/wp-content\/uploads\/2018\/02\/VSHG3893-300x225.png 300w, https:\/\/elcalaixetdelaiaia.es\/wp-content\/uploads\/2018\/02\/VSHG3893-768x576.png 768w\" sizes=\"(max-width: 750px) 100vw, 750px\" \/><\/p>\n<p>y a\u00f1adimos 50ml de Ron. Si la tarta la van a comer ni\u00f1os, hemos de evaporar el alcohol, en \u00e9ste caso pondremos el Ron junto el agua y el az\u00facar y dejaremos hervir todo junto. Cuando espese un poco, apartamos del fuego y dejaremos enfriar. Recordar que al enfriarse espesar\u00e1 m\u00e1s.<\/p>\n<p><img decoding=\"async\" loading=\"lazy\" class=\"alignnone size-large wp-image-15737\" src=\"https:\/\/elcalaixetdelaiaia.es\/wp-content\/uploads\/2018\/02\/PEIZ2765-1024x768.png\" alt=\"\" width=\"750\" height=\"563\" srcset=\"https:\/\/elcalaixetdelaiaia.es\/wp-content\/uploads\/2018\/02\/PEIZ2765-1024x768.png 1024w, https:\/\/elcalaixetdelaiaia.es\/wp-content\/uploads\/2018\/02\/PEIZ2765-300x225.png 300w, https:\/\/elcalaixetdelaiaia.es\/wp-content\/uploads\/2018\/02\/PEIZ2765-768x576.png 768w\" sizes=\"(max-width: 750px) 100vw, 750px\" \/><\/p>\n<p>Para aplicarla, podemos hacerlo mediante un pincel de silicona, o poniendo el alm\u00edbar en un biberon y calar el bizcocho.<\/p>\n<p><img decoding=\"async\" loading=\"lazy\" class=\"alignnone size-large wp-image-19076\" src=\"https:\/\/elcalaixetdelaiaia.es\/wp-content\/uploads\/2019\/01\/21-1-1024x768.png\" alt=\"\" width=\"750\" height=\"563\" srcset=\"https:\/\/elcalaixetdelaiaia.es\/wp-content\/uploads\/2019\/01\/21-1-1024x768.png 1024w, https:\/\/elcalaixetdelaiaia.es\/wp-content\/uploads\/2019\/01\/21-1-300x225.png 300w, https:\/\/elcalaixetdelaiaia.es\/wp-content\/uploads\/2019\/01\/21-1-768x576.png 768w\" sizes=\"(max-width: 750px) 100vw, 750px\" \/><\/p>\n<p>De todas maneras os quedar\u00e1 bien seguro, y podr\u00e9is disfrutar de una deliciosa tarta casera con un bizcocho de vainilla, de chocolate o de vuestro sabor elegido, jugos\u00edsimo.<\/p>\n<p>Si os sobra, se mantiene muy bien en el frigo, porque recordar que el az\u00facar es una conservante estupendo.<\/p>\n<div>Si te gusta \u00e9sta entrada, puedes compartirla. Gracias por hacerlo.Espero tus comentarios que para mi son MUY importantes y recuerda que tambi\u00e9n estoy en Facebook <a href=\"https:\/\/www.facebook.com\/El-calaixet-de-la-iaia-533062140099386\/\">https:\/\/www.facebook.com\/El-calaixet-de-la-iaia-533062140099386\/<\/a><\/div>\n<div>\n<div>Si quieres recibir mis actualizaciones por mail, al final de \u00e9sta p\u00e1gina a la izquierda tienes como hacer para introducir tu correo electr\u00f3nico y no perderte las actualizaciones de mis recetas \u00a1Gracias!<\/div>\n<\/div>\n","protected":false},"excerpt":{"rendered":"<p>\u00abRefrany; Tot sucre \u00e9s bo, per a fer l&#8217;arrop\u00bb Todo az\u00facar es bueno, para hacer el alm\u00edbar. Os pongo el paso a paso para hacer facilmente un alm\u00edbar con el que calar nuestros bizcochos para tartas, con el fin de que resulten mas jugosos. Hoy lo he preparado con Ron &hellip; <\/p>\n","protected":false},"author":2,"featured_media":19134,"comment_status":"open","ping_status":"open","sticky":false,"template":"","format":"standard","meta":[],"categories":[6,1,54],"tags":[],"_links":{"self":[{"href":"https:\/\/elcalaixetdelaiaia.es\/index.php?rest_route=\/wp\/v2\/posts\/19133"}],"collection":[{"href":"https:\/\/elcalaixetdelaiaia.es\/index.php?rest_route=\/wp\/v2\/posts"}],"about":[{"href":"https:\/\/elcalaixetdelaiaia.es\/index.php?rest_route=\/wp\/v2\/types\/post"}],"author":[{"embeddable":true,"href":"https:\/\/elcalaixetdelaiaia.es\/index.php?rest_route=\/wp\/v2\/users\/2"}],"replies":[{"embeddable":true,"href":"https:\/\/elcalaixetdelaiaia.es\/index.php?rest_route=%2Fwp%2Fv2%2Fcomments&post=19133"}],"version-history":[{"count":9,"href":"https:\/\/elcalaixetdelaiaia.es\/index.php?rest_route=\/wp\/v2\/posts\/19133\/revisions"}],"predecessor-version":[{"id":26858,"href":"https:\/\/elcalaixetdelaiaia.es\/index.php?rest_route=\/wp\/v2\/posts\/19133\/revisions\/26858"}],"wp:featuredmedia":[{"embeddable":true,"href":"https:\/\/elcalaixetdelaiaia.es\/index.php?rest_route=\/wp\/v2\/media\/19134"}],"wp:attachment":[{"href":"https:\/\/elcalaixetdelaiaia.es\/index.php?rest_route=%2Fwp%2Fv2%2Fmedia&parent=19133"}],"wp:term":[{"taxonomy":"category","embeddable":true,"href":"https:\/\/elcalaixetdelaiaia.es\/index.php?rest_route=%2Fwp%2Fv2%2Fcategories&post=19133"},{"taxonomy":"post_tag","embeddable":true,"href":"https:\/\/elcalaixetdelaiaia.es\/index.php?rest_route=%2Fwp%2Fv2%2Ftags&post=19133"}],"curies":[{"name":"wp","href":"https:\/\/api.w.org\/{rel}","templated":true}]}}