{"id":190,"date":"2016-11-12T18:27:00","date_gmt":"2016-11-12T18:27:00","guid":{"rendered":"http:\/\/elcalaixetdelaiaia.es\/ventresca-de-bonito-al-horno-paso-paso"},"modified":"2024-01-01T12:05:28","modified_gmt":"2024-01-01T12:05:28","slug":"ventresca-de-bonito-al-horno-paso-paso","status":"publish","type":"post","link":"https:\/\/elcalaixetdelaiaia.es\/?p=190","title":{"rendered":"Ventresca de bonito al horno paso a paso foto a foto"},"content":{"rendered":"<p>\u00abRefrany; Qui menja peix, salut t\u00e9.\u00bb Quien come pescado, salud tiene.<\/p>\n<p>Hoy ventresca de bonito. He le\u00eddo que la ventresca es una de las partes de mayor calidad del pescado, porque<br \/>\nes la pieza del pescado que se extiende desde la sotabarba hasta su vientre.<br \/>\nSe trata del corte estrella del pescado.\u00a0 Es muy apreciada por su intenso sabor, que adem\u00e1s nos ofrece una f\u00e1cil digesti\u00f3n y contiene \u00e1cidos grasos omega 3 que disminuyen los niveles de colesterol y de triglic\u00e9ridos sangu\u00edneos y diluyen la sangre. Unas propiedades que lo hacen muy recomendable para la reducci\u00f3n del riesgo de enfermedades cardiovasculares.<\/p>\n<p>El bonito o at\u00fan, tambi\u00e9n aporta vitaminas a nuestro organismo. La A, que fortalece nuestro sistema inmunol\u00f3gico, la D, que previene la osteoporosis, y la B3, que nos ayuda a mantener la piel sana.<\/p>\n<div style=\"text-align: center;\"><a style=\"margin-left: 1em; margin-right: 1em;\" href=\"https:\/\/2.bp.blogspot.com\/-E5PWjNtuAH0\/WCWjxlfg_tI\/AAAAAAAAnas\/HJGO6DWNKdILNa_FJATMGITV-c_Ex51GgCLcB\/s1600\/IMG_6397.PNG\"><img decoding=\"async\" loading=\"lazy\" src=\"https:\/\/elcalaixetdelaiaia.es\/wp-content\/uploads\/2016\/11\/IMG_6397.png\" width=\"640\" height=\"480\" border=\"0\" \/><\/a><\/div>\n<p>Nornalmente la suelo cocinar a la plancha, pero \u00e9sta vez tengo la vitro estropeada y la he preparado al horno. Ha quedado deliciosa.<\/p>\n<p>Necesitaremos;<\/p>\n<div class=\"separator\" style=\"clear: both; text-align: center;\"><a style=\"margin-left: 1em; margin-right: 1em;\" href=\"https:\/\/4.bp.blogspot.com\/-dUnF8UtSlKI\/WCWKf7IHyVI\/AAAAAAAAnZ8\/erYUBo6z6II61KZbC60bHA8g1BIDFfUSACLcB\/s1600\/IMG_6387.PNG\"><img decoding=\"async\" loading=\"lazy\" src=\"https:\/\/elcalaixetdelaiaia.es\/wp-content\/uploads\/2016\/11\/IMG_6387.png\" width=\"480\" height=\"640\" border=\"0\" \/><\/a><\/div>\n<ol>\n<li>Ventresca de bonito o at\u00fan<\/li>\n<li>Aceite de oliva<\/li>\n<li>Dos dientes de ajo<\/li>\n<li>Sal mald\u00f3n<\/li>\n<li>Eneldo triturado<\/li>\n<\/ol>\n<p>Para la guarnici\u00f3n;<\/p>\n<ol>\n<li>Una ramita de perejil<\/li>\n<li>Una patata al vapor<\/li>\n<li>Medio tomate<\/li>\n<\/ol>\n<div class=\"separator\" style=\"clear: both; text-align: center;\"><a style=\"margin-left: 1em; margin-right: 1em;\" href=\"https:\/\/2.bp.blogspot.com\/-VzdSlgXgbMo\/WCWKWS7vfNI\/AAAAAAAAnZ0\/Lsn2QlvZTv8MmTcGe9ALvcJ_LpE2i_3OACLcB\/s1600\/IMG_6388.PNG\"><img decoding=\"async\" loading=\"lazy\" src=\"https:\/\/elcalaixetdelaiaia.es\/wp-content\/uploads\/2016\/11\/IMG_6388.png\" width=\"640\" height=\"480\" border=\"0\" \/><\/a><\/div>\n<div style=\"text-align: center;\"><\/div>\n<div style=\"text-align: center;\">Antes de seguir con la receta me gustar\u00eda haceros una recomendaci\u00f3n, si sois de Valencia o alrededores os recomiendo encarecidamente una parada de pescado del mercado de Ruzafa, son los palcos 36\/42, Elena y Pepe os atender\u00e1n con total profesionalidad y simpat\u00eda, aparte de que sus productos son de lo m\u00e1s frescos y de grand\u00edsima calidad.<\/div>\n<div style=\"text-align: center;\"><\/div>\n<div class=\"separator\" style=\"clear: both; text-align: center;\"><a style=\"margin-left: 1em; margin-right: 1em;\" href=\"https:\/\/2.bp.blogspot.com\/-xEAtUq-tsVU\/WCWKewGf3bI\/AAAAAAAAnZ4\/XqXQyNX1eQI5SfLWNT7L09sSZuX9kFDmQCLcB\/s1600\/IMG_6389.PNG\"><img decoding=\"async\" loading=\"lazy\" src=\"https:\/\/elcalaixetdelaiaia.es\/wp-content\/uploads\/2016\/11\/IMG_6389.png\" width=\"640\" height=\"480\" border=\"0\" \/><\/a><\/div>\n<div style=\"text-align: center;\"><\/div>\n<div class=\"separator\" style=\"clear: both; text-align: center;\">Una hora antes de cocinar el at\u00fan, lo pondremos a macerar con los dientes de ajos laminados, el eneldo, aceite de oliva y un poco de sal mald\u00f3n. Lo tapamos con papel film, y lo conservamos en el frigo.<a style=\"margin-left: 1em; margin-right: 1em;\" href=\"https:\/\/4.bp.blogspot.com\/-26zr-8XBqHQ\/WCWKlVrkGzI\/AAAAAAAAnaA\/Ahfphr38OAgAZIueujTn7tDCW4r8rHhmACLcB\/s1600\/IMG_6390.PNG\"><img decoding=\"async\" loading=\"lazy\" src=\"https:\/\/elcalaixetdelaiaia.es\/wp-content\/uploads\/2016\/11\/IMG_6390.png\" width=\"640\" height=\"480\" border=\"0\" \/><\/a><\/div>\n<div style=\"text-align: center;\"><\/div>\n<div style=\"text-align: center;\">\u00a0 A la media hora le daremos la vuelta. Y transcurrida media hora m\u00e1s, lo introduciremos en el horno a media altura, precalentado a 180\u00ba y con grill durante 10 minutos. Ya sab\u00e9is que cada horno funciona de una manera y necesita unos tiempos, los que os doy son orientativos.<\/div>\n<div style=\"text-align: center;\"><\/div>\n<div class=\"separator\" style=\"clear: both; text-align: center;\"><a style=\"margin-left: 1em; margin-right: 1em;\" href=\"https:\/\/2.bp.blogspot.com\/-DyLnVQUTeXc\/WCWKvvXQ9_I\/AAAAAAAAnaE\/Q_ti7PqbbUwAVgTsV9CMXxdsf6Ia3d-gQCLcB\/s1600\/IMG_6392.PNG\"><img decoding=\"async\" loading=\"lazy\" src=\"https:\/\/elcalaixetdelaiaia.es\/wp-content\/uploads\/2016\/11\/IMG_6392.png\" width=\"640\" height=\"480\" border=\"0\" \/><\/a><\/div>\n<div style=\"text-align: center;\"><\/div>\n<div style=\"text-align: center;\">Estar\u00e1 listo cuando la piel y la grasa tome un color dorado, pero es<br \/>\nimportante que no lo hag\u00e1is demasido para disfrutar de toda su<br \/>\njugosidad.<\/div>\n<div style=\"text-align: center;\"><\/div>\n<div class=\"separator\" style=\"clear: both; text-align: center;\"><a style=\"margin-left: 1em; margin-right: 1em;\" href=\"https:\/\/4.bp.blogspot.com\/-RBNdPOfdveo\/WCWKw7u-x_I\/AAAAAAAAnaI\/OCaQQv--49QR5Br2T_UYlXB-LdTGvseKACLcB\/s1600\/IMG_6393.PNG\"><img decoding=\"async\" loading=\"lazy\" src=\"https:\/\/elcalaixetdelaiaia.es\/wp-content\/uploads\/2016\/11\/IMG_6393.png\" width=\"640\" height=\"480\" border=\"0\" \/><\/a><\/div>\n<div style=\"text-align: center;\"><\/div>\n<div style=\"text-align: center;\">como v\u00e9is la grasita est\u00e1 tostada pero el at\u00fan no<\/div>\n<div style=\"text-align: center;\"><\/div>\n<div class=\"separator\" style=\"clear: both; text-align: center;\"><a style=\"margin-left: 1em; margin-right: 1em;\" href=\"https:\/\/3.bp.blogspot.com\/-Q4xuxTGQtPM\/WCWd1hVMcyI\/AAAAAAAAnaY\/BAuuTLJAxA88EYoSjFQ-OiB3uD_PTNyfQCLcB\/s1600\/IMG_6395.PNG\"><img decoding=\"async\" loading=\"lazy\" src=\"https:\/\/elcalaixetdelaiaia.es\/wp-content\/uploads\/2016\/11\/IMG_6395.png\" width=\"640\" height=\"480\" border=\"0\" \/><\/a><\/div>\n<div style=\"text-align: center;\"><\/div>\n<div style=\"text-align: center;\">\u00a0C\u00f3mo guarnici\u00f3n le he puesto unas rodajas de patata al vapor y de tomate valenciano natural, aderezado con sal y aceite de oliva virgen<\/div>\n<div style=\"text-align: center;\"><\/div>\n<div class=\"separator\" style=\"clear: both; text-align: center;\"><a style=\"margin-left: 1em; margin-right: 1em;\" href=\"https:\/\/1.bp.blogspot.com\/-86Q7Y4f4hA8\/WCWd7TefXFI\/AAAAAAAAnac\/-fCLyjEL4mcGCgQsIFuP2u4fGSYJ8imjgCLcB\/s1600\/IMG_6396.PNG\"><img decoding=\"async\" loading=\"lazy\" src=\"https:\/\/elcalaixetdelaiaia.es\/wp-content\/uploads\/2016\/11\/IMG_6396.png\" width=\"640\" height=\"480\" border=\"0\" \/><\/a><\/div>\n<div style=\"text-align: center;\"><\/div>\n<div style=\"text-align: center;\">\u00a0Lo pod\u00e9is acompa\u00f1ar de ensalada o de unas patatas panadera<\/div>\n<div style=\"text-align: center;\">\u00a0<a style=\"margin-left: 1em; margin-right: 1em;\" href=\"https:\/\/1.bp.blogspot.com\/-1jpsGXzaUdA\/WCWuf7q_VVI\/AAAAAAAAna4\/Nz1SBx8OETUlphhqgxXaeQ1BYarCbI56ACLcB\/s1600\/IMG_6398.PNG\"><img decoding=\"async\" loading=\"lazy\" src=\"https:\/\/elcalaixetdelaiaia.es\/wp-content\/uploads\/2016\/11\/IMG_6398.png\" width=\"640\" height=\"480\" border=\"0\" \/><\/a><\/div>\n<div style=\"text-align: center;\"><\/div>\n<div style=\"text-align: center;\">Aqu\u00ed pod\u00e9is ver que jugoso ha quedado<\/div>\n<div style=\"text-align: center;\">\u00a0<a style=\"margin-left: 1em; margin-right: 1em;\" href=\"https:\/\/1.bp.blogspot.com\/-M2ly4Y2HsHw\/WCWjdr5avdI\/AAAAAAAAnao\/dS7znjNr_honhbt98DKE-CbfAtmW3WRZACLcB\/s1600\/IMG_6394.PNG\"><img decoding=\"async\" loading=\"lazy\" src=\"https:\/\/elcalaixetdelaiaia.es\/wp-content\/uploads\/2016\/11\/IMG_6394.png\" width=\"640\" height=\"480\" border=\"0\" \/><\/a><\/div>\n<div style=\"text-align: center;\">\u00abA la taula i&#8230;BON PROFIT!!!\u00bb<\/div>\n<div style=\"text-align: center;\">Si te gusta mi receta, puedes compartirla para que llegue a m\u00e1s gente.<\/div>\n<div style=\"text-align: center;\">Espero tus comentarios y recuerda que tambi\u00e9n estoy en Facebook\u00a0<a href=\"https:\/\/www.facebook.com\/El-calaixet-de-la-iaia-533062140099386\/\">https:\/\/www.facebook.com\/El-calaixet-de-la-iaia-533062140099386\/<\/a><\/div>\n","protected":false},"excerpt":{"rendered":"<p>\u00abRefrany; Qui menja peix, salut t\u00e9.\u00bb Quien come pescado, salud tiene. Hoy ventresca de bonito. He le\u00eddo que la ventresca es una de las partes de mayor calidad del pescado, porque es la pieza del pescado que se extiende desde la sotabarba hasta su vientre. Se trata del corte estrella &hellip; <\/p>\n","protected":false},"author":2,"featured_media":3246,"comment_status":"open","ping_status":"open","sticky":false,"template":"","format":"standard","meta":[],"categories":[37,1],"tags":[],"_links":{"self":[{"href":"https:\/\/elcalaixetdelaiaia.es\/index.php?rest_route=\/wp\/v2\/posts\/190"}],"collection":[{"href":"https:\/\/elcalaixetdelaiaia.es\/index.php?rest_route=\/wp\/v2\/posts"}],"about":[{"href":"https:\/\/elcalaixetdelaiaia.es\/index.php?rest_route=\/wp\/v2\/types\/post"}],"author":[{"embeddable":true,"href":"https:\/\/elcalaixetdelaiaia.es\/index.php?rest_route=\/wp\/v2\/users\/2"}],"replies":[{"embeddable":true,"href":"https:\/\/elcalaixetdelaiaia.es\/index.php?rest_route=%2Fwp%2Fv2%2Fcomments&post=190"}],"version-history":[{"count":3,"href":"https:\/\/elcalaixetdelaiaia.es\/index.php?rest_route=\/wp\/v2\/posts\/190\/revisions"}],"predecessor-version":[{"id":26531,"href":"https:\/\/elcalaixetdelaiaia.es\/index.php?rest_route=\/wp\/v2\/posts\/190\/revisions\/26531"}],"wp:featuredmedia":[{"embeddable":true,"href":"https:\/\/elcalaixetdelaiaia.es\/index.php?rest_route=\/wp\/v2\/media\/3246"}],"wp:attachment":[{"href":"https:\/\/elcalaixetdelaiaia.es\/index.php?rest_route=%2Fwp%2Fv2%2Fmedia&parent=190"}],"wp:term":[{"taxonomy":"category","embeddable":true,"href":"https:\/\/elcalaixetdelaiaia.es\/index.php?rest_route=%2Fwp%2Fv2%2Fcategories&post=190"},{"taxonomy":"post_tag","embeddable":true,"href":"https:\/\/elcalaixetdelaiaia.es\/index.php?rest_route=%2Fwp%2Fv2%2Ftags&post=190"}],"curies":[{"name":"wp","href":"https:\/\/api.w.org\/{rel}","templated":true}]}}