{"id":18999,"date":"2019-09-26T17:01:24","date_gmt":"2019-09-26T17:01:24","guid":{"rendered":"http:\/\/elcalaixetdelaiaia.es\/?p=18999"},"modified":"2019-09-26T17:17:24","modified_gmt":"2019-09-26T17:17:24","slug":"tarta-unicornio-de-galletas-fondant-y-tres-chocolates-foto-a-foto","status":"publish","type":"post","link":"https:\/\/elcalaixetdelaiaia.es\/?p=18999","title":{"rendered":"Tarta unicornio de galletas fondant y tres chocolates foto a foto"},"content":{"rendered":"<p>\u00abRefrany; <span class=\"st\"><em>Amor<\/em> amb <em>amor<\/em> es paga<\/span>\u00bb Amor, con amor se paga.<\/p>\n<p>Tardo tanto en publicar las tartas que casi se me van al siguiente cumple.<\/p>\n<p>Para el cumple de mi princesita peque\u00f1a le hice el a\u00f1o pasado una tarta sorpresa, normalmente, me piden tem\u00e1tica, pero esta vez les dije que iba de sorpresa de verdad y vaya sorpresa, a mi chiquitina \u00a1\u00a1\u00a1le encant\u00f3ooooooo!!!<\/p>\n<p>El interior de la tarta en casa&#8230;.ha de ser casi siempre el mismo, ya que a ninguno de mis hijos les gustan las tartas de bizcocho, por tanto, para complacer a todos, a veces, que no siempre, las hago de galletas como en \u00e9sta ocasi\u00f3n.<\/p>\n<p>No me gusta publicar las recetas con tant\u00edsimo tiempo de retraso (esta casi un a\u00f1o, pero a veces son muchos mas), porque pierdo fotos, listas de ingredientes, apuntes de ejecuci\u00f3n, cualquier detalle se me pasa y no es justo no para mi, ni para vosotros, pero mi cabeza no est\u00e1 muy sentada y paso largu\u00edsimas temporadas sin entrar en las redes sociales y sin ganas de nada, esto es as\u00ed, tengo que reconocerlo&#8230;. pero ya me he puesto en marcha y voy a ello \ud83d\ude09<\/p>\n<p>Necesitaremos;<\/p>\n<p><a href=\"https:\/\/1.bp.blogspot.com\/-blnoeqtmhS8\/WBoNwnaxfhI\/AAAAAAAAnFc\/3CvYlYUkQEwId52dQn0n5nT4DSw1Zj8eQCEw\/s1600\/IMG_6125.PNG\"><img decoding=\"async\" loading=\"lazy\" class=\"aligncenter\" src=\"https:\/\/elcalaixetdelaiaia.es\/wp-content\/uploads\/2016\/11\/IMG_6125-1.png\" width=\"640\" height=\"480\" border=\"0\" \/><\/a><\/p>\n<ol>\n<li>600ml nata de montar o crema de leche, m\u00ednimo 35% de grasa<\/li>\n<li>200g de chocolate puro fondant<\/li>\n<li>200g de chocolate con leche fondant<\/li>\n<li>200g de chocolate blanco<\/li>\n<li>600g de galletas rectangulares tostadas<\/li>\n<li>Una chupito de whisky (si no la van a comer ni\u00f1os)<\/li>\n<li>Un vaso de leche<\/li>\n<li>Una cucharada de az\u00facar blanquilla<\/li>\n<li>Caf\u00e9 expreso instant\u00e1neo<\/li>\n<\/ol>\n<p>Para la decoraci\u00f3n;<\/p>\n<ol>\n<li>Fondant de colores<\/li>\n<li>Fondant blanco<\/li>\n<li>Colorantes alimentarios<\/li>\n<li>Pintura dorada alimentaria<\/li>\n<li>Az\u00facar glas<\/li>\n<li>Perlas de caramelo<\/li>\n<li>Chucher\u00edas variadas<\/li>\n<li>Merenguitos<\/li>\n<\/ol>\n<p style=\"text-align: center;\">Como siempre os digo, este tipo de tartas son laboriosas de hacer, pero nada dif\u00edciles ni complicadas, todo es cuesti\u00f3n de repartir los trabajos por etapas y d\u00edas. Comenzaremos dos o tres d\u00edas antes, preparando los adornos de fondant para que sequen lo suficiente, as\u00ed pues&#8230;..<\/p>\n<p style=\"text-align: center;\"><img decoding=\"async\" loading=\"lazy\" class=\"size-large wp-image-19420 aligncenter\" src=\"https:\/\/elcalaixetdelaiaia.es\/wp-content\/uploads\/2019\/09\/IMG_7205-1024x768.jpg\" alt=\"\" width=\"750\" height=\"563\" srcset=\"https:\/\/elcalaixetdelaiaia.es\/wp-content\/uploads\/2019\/09\/IMG_7205-1024x768.jpg 1024w, https:\/\/elcalaixetdelaiaia.es\/wp-content\/uploads\/2019\/09\/IMG_7205-300x225.jpg 300w, https:\/\/elcalaixetdelaiaia.es\/wp-content\/uploads\/2019\/09\/IMG_7205-768x576.jpg 768w\" sizes=\"(max-width: 750px) 100vw, 750px\" \/><\/p>\n<p style=\"text-align: center;\">con la ayuda de moldes, o simplemente con nuestras manos, iremos haciendo florecitas de distintos colores, seg\u00fan nuestra inspiraci\u00f3n o siguiendo el plan que hayamos trazado (si es que hemos trazado alg\u00fan plan jeje)<\/p>\n<p style=\"text-align: center;\">Prepararemos un caf\u00e9 descafeinado con az\u00facar y a\u00f1adimos un vaso de leche fr\u00eda, mezclamos bien y ponemos en un bol. Si vais a preparar la tarta solo para adultos, dando una terminaci\u00f3n diferente, podemos a\u00f1adir un poquito de brandy o whisky o tambien podemos hacerlo incluso si la comen ni\u00f1os, siempre que evaporemos el alcohol, poniendo el caf\u00e9 con el licor a hervir, hasta que evapore.<\/p>\n<p style=\"text-align: center;\"><img decoding=\"async\" loading=\"lazy\" class=\"size-large wp-image-17635 alignnone\" src=\"https:\/\/elcalaixetdelaiaia.es\/wp-content\/uploads\/2018\/07\/IMG_0516-1024x768.png\" alt=\"\" width=\"750\" height=\"563\" srcset=\"https:\/\/elcalaixetdelaiaia.es\/wp-content\/uploads\/2018\/07\/IMG_0516-1024x768.png 1024w, https:\/\/elcalaixetdelaiaia.es\/wp-content\/uploads\/2018\/07\/IMG_0516-300x225.png 300w, https:\/\/elcalaixetdelaiaia.es\/wp-content\/uploads\/2018\/07\/IMG_0516-768x576.png 768w\" sizes=\"(max-width: 750px) 100vw, 750px\" \/><\/p>\n<p style=\"text-align: center;\">cubriremos un molde desmoldable de 24cmcon papel sulfurizado o de horno<\/p>\n<p style=\"text-align: center;\"><img decoding=\"async\" loading=\"lazy\" class=\"alignnone size-large wp-image-19408\" src=\"https:\/\/elcalaixetdelaiaia.es\/wp-content\/uploads\/2019\/09\/EEIK6164-1024x768.png\" alt=\"\" width=\"750\" height=\"563\" srcset=\"https:\/\/elcalaixetdelaiaia.es\/wp-content\/uploads\/2019\/09\/EEIK6164-1024x768.png 1024w, https:\/\/elcalaixetdelaiaia.es\/wp-content\/uploads\/2019\/09\/EEIK6164-300x225.png 300w, https:\/\/elcalaixetdelaiaia.es\/wp-content\/uploads\/2019\/09\/EEIK6164-768x576.png 768w\" sizes=\"(max-width: 750px) 100vw, 750px\" \/><\/p>\n<p style=\"text-align: center;\">e iremos mojando las galletas en el caf\u00e9 con leche, s\u00f3lo mojar y sacar porque no queremos que nos queden blandas y con ellas iremos forrando el fondo y el lateral del molde<\/p>\n<p style=\"text-align: center;\"><img decoding=\"async\" loading=\"lazy\" class=\"alignnone size-large wp-image-19409\" src=\"https:\/\/elcalaixetdelaiaia.es\/wp-content\/uploads\/2019\/09\/IMG_7283-1024x768.jpg\" alt=\"\" width=\"750\" height=\"563\" srcset=\"https:\/\/elcalaixetdelaiaia.es\/wp-content\/uploads\/2019\/09\/IMG_7283-1024x768.jpg 1024w, https:\/\/elcalaixetdelaiaia.es\/wp-content\/uploads\/2019\/09\/IMG_7283-300x225.jpg 300w, https:\/\/elcalaixetdelaiaia.es\/wp-content\/uploads\/2019\/09\/IMG_7283-768x576.jpg 768w\" sizes=\"(max-width: 750px) 100vw, 750px\" \/><\/p>\n<p style=\"text-align: center;\">prepararamos la crema de chocolate blanco, poniendo en un bol 200ml de nata de montar o crema de leche, junto con 200g de chocolate blanco troceado,ambos a temperatura ambiente, y fundimos en el microondas dando golpes de 50 segundos a 800w, damos un primer golpe, sacamos y removemos, damos otro golpe y removemos, en mi caso con dos golpes tuve bastante, pero si no es as\u00ed daremos otro mas, o los necesarios para obtener una crema que dejaremos enfriar un poco, hasta que podamos untar las galletas, que iremos colocando en posicion vertical, una capa sobre otra. hasta que tengamos una pared de unas 6 galletas<\/p>\n<p style=\"text-align: center;\"><img decoding=\"async\" loading=\"lazy\" class=\"alignnone size-large wp-image-19410\" src=\"https:\/\/elcalaixetdelaiaia.es\/wp-content\/uploads\/2019\/09\/IMG_7286-1024x768.jpg\" alt=\"\" width=\"750\" height=\"563\" srcset=\"https:\/\/elcalaixetdelaiaia.es\/wp-content\/uploads\/2019\/09\/IMG_7286-1024x768.jpg 1024w, https:\/\/elcalaixetdelaiaia.es\/wp-content\/uploads\/2019\/09\/IMG_7286-300x225.jpg 300w, https:\/\/elcalaixetdelaiaia.es\/wp-content\/uploads\/2019\/09\/IMG_7286-768x576.jpg 768w\" sizes=\"(max-width: 750px) 100vw, 750px\" \/><\/p>\n<p style=\"text-align: center;\">de la misma manera que la crema de chocolate blanco, preparamos la crema de chocolate con leche<\/p>\n<p style=\"text-align: center;\"><img decoding=\"async\" loading=\"lazy\" class=\"alignnone wp-image-19413 aligncenter\" src=\"https:\/\/elcalaixetdelaiaia.es\/wp-content\/uploads\/2019\/09\/tortdagaletes.png\" alt=\"\" width=\"749\" height=\"537\" srcset=\"https:\/\/elcalaixetdelaiaia.es\/wp-content\/uploads\/2019\/09\/tortdagaletes.png 385w, https:\/\/elcalaixetdelaiaia.es\/wp-content\/uploads\/2019\/09\/tortdagaletes-300x215.png 300w\" sizes=\"(max-width: 749px) 100vw, 749px\" \/><\/p>\n<p style=\"text-align: center;\">y seguiremos untando galletas pasadas ligeramente por el cafe con leche y poniendo capas, hasta que falte una tercera parte, entonces preparamos una crema de chocolate puro, siguiendo los pasos de las anteriores cremas, hasta completar el molde con galletas, cubriremos con papel sulfurizado<\/p>\n<p style=\"text-align: center;\"><img decoding=\"async\" loading=\"lazy\" class=\"size-large wp-image-19414 aligncenter\" src=\"https:\/\/elcalaixetdelaiaia.es\/wp-content\/uploads\/2019\/09\/IMG_7289-1024x768.jpg\" alt=\"\" width=\"750\" height=\"563\" srcset=\"https:\/\/elcalaixetdelaiaia.es\/wp-content\/uploads\/2019\/09\/IMG_7289-1024x768.jpg 1024w, https:\/\/elcalaixetdelaiaia.es\/wp-content\/uploads\/2019\/09\/IMG_7289-300x225.jpg 300w, https:\/\/elcalaixetdelaiaia.es\/wp-content\/uploads\/2019\/09\/IMG_7289-768x576.jpg 768w\" sizes=\"(max-width: 750px) 100vw, 750px\" \/><\/p>\n<p style=\"text-align: center;\">colocaremos peso sobre el mismo (en mi caso, he utilizado unos briks de leche) y dejaremos en el frigo toda la noche o un minimo de 6 horas. Como nos habr\u00e1 sobrado bastante crema de chocolate puro, la pondremos en un recipiente con tapa, en el frigo, junto a las barillas de montar hasta el d\u00eda siguiente.<\/p>\n<p style=\"text-align: center;\"><img decoding=\"async\" loading=\"lazy\" class=\"size-large wp-image-19411 aligncenter\" src=\"https:\/\/elcalaixetdelaiaia.es\/wp-content\/uploads\/2019\/09\/IMG_7362-1024x768.jpg\" alt=\"\" width=\"750\" height=\"563\" srcset=\"https:\/\/elcalaixetdelaiaia.es\/wp-content\/uploads\/2019\/09\/IMG_7362-1024x768.jpg 1024w, https:\/\/elcalaixetdelaiaia.es\/wp-content\/uploads\/2019\/09\/IMG_7362-300x225.jpg 300w, https:\/\/elcalaixetdelaiaia.es\/wp-content\/uploads\/2019\/09\/IMG_7362-768x576.jpg 768w\" sizes=\"(max-width: 750px) 100vw, 750px\" \/><\/p>\n<p style=\"text-align: center;\">sacaremos la crema de chocolate del frigo, y la montaremos hasta conseguir una riqu\u00edsima trufa<\/p>\n<p style=\"text-align: center;\"><img decoding=\"async\" loading=\"lazy\" class=\"size-large wp-image-19415 aligncenter\" src=\"https:\/\/elcalaixetdelaiaia.es\/wp-content\/uploads\/2019\/09\/IMG_7360-1024x768.jpg\" alt=\"\" width=\"750\" height=\"563\" srcset=\"https:\/\/elcalaixetdelaiaia.es\/wp-content\/uploads\/2019\/09\/IMG_7360-1024x768.jpg 1024w, https:\/\/elcalaixetdelaiaia.es\/wp-content\/uploads\/2019\/09\/IMG_7360-300x225.jpg 300w, https:\/\/elcalaixetdelaiaia.es\/wp-content\/uploads\/2019\/09\/IMG_7360-768x576.jpg 768w\" sizes=\"(max-width: 750px) 100vw, 750px\" \/><\/p>\n<p style=\"text-align: center;\">sacaremos la tarta del frigo, retiramos el papel y desmoldamos invirtiendo, sobre una bandeja o plato en el que habremos puesto dos mitades de papel sulfurizado, ligeramente supuerpuesto, que, como os aconsejo en las recetas de mis tartas, ayuda mucho a conservar limpia la bandeja de servir, hasta el momento de presentarla<\/p>\n<p style=\"text-align: center;\"><img decoding=\"async\" loading=\"lazy\" class=\"alignnone size-large wp-image-19416\" src=\"https:\/\/elcalaixetdelaiaia.es\/wp-content\/uploads\/2019\/09\/IMG_7361-1024x768.jpg\" alt=\"\" width=\"750\" height=\"563\" srcset=\"https:\/\/elcalaixetdelaiaia.es\/wp-content\/uploads\/2019\/09\/IMG_7361-1024x768.jpg 1024w, https:\/\/elcalaixetdelaiaia.es\/wp-content\/uploads\/2019\/09\/IMG_7361-300x225.jpg 300w, https:\/\/elcalaixetdelaiaia.es\/wp-content\/uploads\/2019\/09\/IMG_7361-768x576.jpg 768w\" sizes=\"(max-width: 750px) 100vw, 750px\" \/><\/p>\n<p style=\"text-align: center;\">Retiramos con cuidado el papel con el que hab\u00edamos forrado el molde<\/p>\n<p style=\"text-align: center;\"><img decoding=\"async\" loading=\"lazy\" class=\"alignnone size-large wp-image-19417\" src=\"https:\/\/elcalaixetdelaiaia.es\/wp-content\/uploads\/2019\/09\/IMG_7363-1-1024x768.jpg\" alt=\"\" width=\"750\" height=\"563\" srcset=\"https:\/\/elcalaixetdelaiaia.es\/wp-content\/uploads\/2019\/09\/IMG_7363-1-1024x768.jpg 1024w, https:\/\/elcalaixetdelaiaia.es\/wp-content\/uploads\/2019\/09\/IMG_7363-1-300x225.jpg 300w, https:\/\/elcalaixetdelaiaia.es\/wp-content\/uploads\/2019\/09\/IMG_7363-1-768x576.jpg 768w\" sizes=\"(max-width: 750px) 100vw, 750px\" \/><\/p>\n<p style=\"text-align: center;\">y cubrimos toda la tarta, con la trufa que ten\u00edamos en el frigo<\/p>\n<p style=\"text-align: center;\"><img decoding=\"async\" loading=\"lazy\" class=\"alignnone size-large wp-image-19419\" src=\"https:\/\/elcalaixetdelaiaia.es\/wp-content\/uploads\/2019\/09\/IMG_7366-1024x768.jpg\" alt=\"\" width=\"750\" height=\"563\" srcset=\"https:\/\/elcalaixetdelaiaia.es\/wp-content\/uploads\/2019\/09\/IMG_7366-1024x768.jpg 1024w, https:\/\/elcalaixetdelaiaia.es\/wp-content\/uploads\/2019\/09\/IMG_7366-300x225.jpg 300w, https:\/\/elcalaixetdelaiaia.es\/wp-content\/uploads\/2019\/09\/IMG_7366-768x576.jpg 768w\" sizes=\"(max-width: 750px) 100vw, 750px\" \/><\/p>\n<p style=\"text-align: center;\">Medimos el diam\u00e9tro de la tarta, a\u00f1adiendo los laterales. Espolvoreamos la superficie de trabajo y el rodillo de amasar con az\u00facar glas o Maizena y estiramos el fondant hasta conseguir una capa de fondant que mida lo suficiente para cubrir la tarta y nos sobre lo suficiente, para poder estirarla convenientemente, y la colocamos sobre la tarta,<\/p>\n<p style=\"text-align: center;\"><img decoding=\"async\" loading=\"lazy\" class=\"alignnone size-large wp-image-19421\" src=\"https:\/\/elcalaixetdelaiaia.es\/wp-content\/uploads\/2019\/09\/IMG_7367-1024x768.jpg\" alt=\"\" width=\"750\" height=\"563\" srcset=\"https:\/\/elcalaixetdelaiaia.es\/wp-content\/uploads\/2019\/09\/IMG_7367-1024x768.jpg 1024w, https:\/\/elcalaixetdelaiaia.es\/wp-content\/uploads\/2019\/09\/IMG_7367-300x225.jpg 300w, https:\/\/elcalaixetdelaiaia.es\/wp-content\/uploads\/2019\/09\/IMG_7367-768x576.jpg 768w\" sizes=\"(max-width: 750px) 100vw, 750px\" \/><\/p>\n<p style=\"text-align: center;\">recortamos el fondant sobrante<\/p>\n<p style=\"text-align: center;\"><img decoding=\"async\" loading=\"lazy\" class=\"size-large wp-image-19422 aligncenter\" src=\"https:\/\/elcalaixetdelaiaia.es\/wp-content\/uploads\/2019\/09\/IMG_7375-2-1024x743.jpg\" alt=\"\" width=\"750\" height=\"544\" srcset=\"https:\/\/elcalaixetdelaiaia.es\/wp-content\/uploads\/2019\/09\/IMG_7375-2-1024x743.jpg 1024w, https:\/\/elcalaixetdelaiaia.es\/wp-content\/uploads\/2019\/09\/IMG_7375-2-300x218.jpg 300w, https:\/\/elcalaixetdelaiaia.es\/wp-content\/uploads\/2019\/09\/IMG_7375-2-768x557.jpg 768w\" sizes=\"(max-width: 750px) 100vw, 750px\" \/><\/p>\n<p style=\"text-align: center;\">Y cubri\u00e9ndola herm\u00e9ticamente, bien cerradita (a veces incluso recubro la fiambrera con papel film, para que no entre nada de aire) la podremos mantener en el frigo mientras preparamos el resto de adornos, siempre y cuando nuestro frigo sea NON FROST, en caso contrario, os aconsejo que NO la pong\u00e1is en la nevera porque el fondant y la humedad, no se llevan bien y podr\u00edamos estropear la tarta<\/p>\n<p style=\"text-align: center;\"><img decoding=\"async\" loading=\"lazy\" class=\"size-large wp-image-19424 aligncenter\" src=\"https:\/\/elcalaixetdelaiaia.es\/wp-content\/uploads\/2019\/09\/IMG_7369-1024x768.jpg\" alt=\"\" width=\"750\" height=\"563\" srcset=\"https:\/\/elcalaixetdelaiaia.es\/wp-content\/uploads\/2019\/09\/IMG_7369-1024x768.jpg 1024w, https:\/\/elcalaixetdelaiaia.es\/wp-content\/uploads\/2019\/09\/IMG_7369-300x225.jpg 300w, https:\/\/elcalaixetdelaiaia.es\/wp-content\/uploads\/2019\/09\/IMG_7369-768x576.jpg 768w\" sizes=\"(max-width: 750px) 100vw, 750px\" \/><\/p>\n<p style=\"text-align: center;\">Amasamos el fondant que hemos recortado, y lo alisamos, formando una capa, concortapastas de coraz\u00f3n en dos tam\u00f1aos, o preparado unos patrones de papel a mano alzada cortaremos dos corazones grandes y otros mas peque\u00f1os<\/p>\n<p style=\"text-align: center;\"><img decoding=\"async\" loading=\"lazy\" class=\"size-large wp-image-19425 aligncenter\" src=\"https:\/\/elcalaixetdelaiaia.es\/wp-content\/uploads\/2019\/09\/IMG_7370-1024x768.jpg\" alt=\"\" width=\"750\" height=\"563\" srcset=\"https:\/\/elcalaixetdelaiaia.es\/wp-content\/uploads\/2019\/09\/IMG_7370-1024x768.jpg 1024w, https:\/\/elcalaixetdelaiaia.es\/wp-content\/uploads\/2019\/09\/IMG_7370-300x225.jpg 300w, https:\/\/elcalaixetdelaiaia.es\/wp-content\/uploads\/2019\/09\/IMG_7370-768x576.jpg 768w\" sizes=\"(max-width: 750px) 100vw, 750px\" \/><\/p>\n<p style=\"text-align: center;\">Los dos corazones peque\u00f1os, los pintaremos con pintura comestible dorada y dejaremos secar, con los corazones formaremos las orejitas de nuestro unicornio \ud83d\ude09\u00a0 &lt;3<\/p>\n<p style=\"text-align: center;\"><img decoding=\"async\" loading=\"lazy\" class=\"size-large wp-image-19426 aligncenter\" src=\"https:\/\/elcalaixetdelaiaia.es\/wp-content\/uploads\/2019\/09\/IMG_7371-1024x768.jpg\" alt=\"\" width=\"750\" height=\"563\" srcset=\"https:\/\/elcalaixetdelaiaia.es\/wp-content\/uploads\/2019\/09\/IMG_7371-1024x768.jpg 1024w, https:\/\/elcalaixetdelaiaia.es\/wp-content\/uploads\/2019\/09\/IMG_7371-300x225.jpg 300w, https:\/\/elcalaixetdelaiaia.es\/wp-content\/uploads\/2019\/09\/IMG_7371-768x576.jpg 768w\" sizes=\"(max-width: 750px) 100vw, 750px\" \/><\/p>\n<p style=\"text-align: center;\">Formaremos un rulo mas ancho de un extremo que de otro, con otro trozo de fondant<\/p>\n<p style=\"text-align: center;\"><img decoding=\"async\" loading=\"lazy\" class=\"size-large wp-image-19427 aligncenter\" src=\"https:\/\/elcalaixetdelaiaia.es\/wp-content\/uploads\/2019\/09\/IMG_7372-1024x768.jpg\" alt=\"\" width=\"750\" height=\"563\" srcset=\"https:\/\/elcalaixetdelaiaia.es\/wp-content\/uploads\/2019\/09\/IMG_7372-1024x768.jpg 1024w, https:\/\/elcalaixetdelaiaia.es\/wp-content\/uploads\/2019\/09\/IMG_7372-300x225.jpg 300w, https:\/\/elcalaixetdelaiaia.es\/wp-content\/uploads\/2019\/09\/IMG_7372-768x576.jpg 768w\" sizes=\"(max-width: 750px) 100vw, 750px\" \/><\/p>\n<p style=\"text-align: center;\">que iremos enrollando alrededor de un palito de madera de brocheta para ir formando el cuerno del unicornio<\/p>\n<p style=\"text-align: center;\"><img decoding=\"async\" loading=\"lazy\" class=\"size-large wp-image-19428 aligncenter\" src=\"https:\/\/elcalaixetdelaiaia.es\/wp-content\/uploads\/2019\/09\/IMG_7373-1024x768.jpg\" alt=\"\" width=\"750\" height=\"563\" srcset=\"https:\/\/elcalaixetdelaiaia.es\/wp-content\/uploads\/2019\/09\/IMG_7373-1024x768.jpg 1024w, https:\/\/elcalaixetdelaiaia.es\/wp-content\/uploads\/2019\/09\/IMG_7373-300x225.jpg 300w, https:\/\/elcalaixetdelaiaia.es\/wp-content\/uploads\/2019\/09\/IMG_7373-768x576.jpg 768w\" sizes=\"(max-width: 750px) 100vw, 750px\" \/><\/p>\n<p style=\"text-align: center;\">Pincharemos sobre un trozo de corcho o poliespan, para dejar secar un poco<\/p>\n<p style=\"text-align: center;\"><img decoding=\"async\" loading=\"lazy\" class=\"size-large wp-image-19429 aligncenter\" src=\"https:\/\/elcalaixetdelaiaia.es\/wp-content\/uploads\/2019\/09\/IMG_7374-1024x768.jpg\" alt=\"\" width=\"750\" height=\"563\" srcset=\"https:\/\/elcalaixetdelaiaia.es\/wp-content\/uploads\/2019\/09\/IMG_7374-1024x768.jpg 1024w, https:\/\/elcalaixetdelaiaia.es\/wp-content\/uploads\/2019\/09\/IMG_7374-300x225.jpg 300w, https:\/\/elcalaixetdelaiaia.es\/wp-content\/uploads\/2019\/09\/IMG_7374-768x576.jpg 768w\" sizes=\"(max-width: 750px) 100vw, 750px\" \/><\/p>\n<p style=\"text-align: center;\">y pintaremos con la pintura comestible dorada<\/p>\n<p style=\"text-align: center;\">\u00a0 <img decoding=\"async\" loading=\"lazy\" class=\"alignnone size-large wp-image-19431\" src=\"https:\/\/elcalaixetdelaiaia.es\/wp-content\/uploads\/2019\/09\/IMG_7379-1024x768.jpg\" alt=\"\" width=\"750\" height=\"563\" srcset=\"https:\/\/elcalaixetdelaiaia.es\/wp-content\/uploads\/2019\/09\/IMG_7379-1024x768.jpg 1024w, https:\/\/elcalaixetdelaiaia.es\/wp-content\/uploads\/2019\/09\/IMG_7379-300x225.jpg 300w, https:\/\/elcalaixetdelaiaia.es\/wp-content\/uploads\/2019\/09\/IMG_7379-768x576.jpg 768w\" sizes=\"(max-width: 750px) 100vw, 750px\" \/><\/p>\n<p style=\"text-align: center;\">y dejaremos secar<\/p>\n<p style=\"text-align: center;\"><img decoding=\"async\" loading=\"lazy\" class=\"size-large wp-image-19456 aligncenter\" src=\"https:\/\/elcalaixetdelaiaia.es\/wp-content\/uploads\/2019\/09\/IMG_E7377-1024x768.jpg\" alt=\"\" width=\"750\" height=\"563\" srcset=\"https:\/\/elcalaixetdelaiaia.es\/wp-content\/uploads\/2019\/09\/IMG_E7377-1024x768.jpg 1024w, https:\/\/elcalaixetdelaiaia.es\/wp-content\/uploads\/2019\/09\/IMG_E7377-300x225.jpg 300w, https:\/\/elcalaixetdelaiaia.es\/wp-content\/uploads\/2019\/09\/IMG_E7377-768x576.jpg 768w\" sizes=\"(max-width: 750px) 100vw, 750px\" \/><\/p>\n<p style=\"text-align: center;\">colocaremos dos palitos finos de brocheta sobre cada uno de los corazones blancos, pegamos sobre ellos los corazones peque\u00f1os y pintaremos de oro, estos \u00faltimos.<\/p>\n<p style=\"text-align: center;\"><img decoding=\"async\" loading=\"lazy\" class=\"size-large wp-image-19430 aligncenter\" src=\"https:\/\/elcalaixetdelaiaia.es\/wp-content\/uploads\/2019\/09\/IMG_7378-1024x768.jpg\" alt=\"\" width=\"750\" height=\"563\" srcset=\"https:\/\/elcalaixetdelaiaia.es\/wp-content\/uploads\/2019\/09\/IMG_7378-1024x768.jpg 1024w, https:\/\/elcalaixetdelaiaia.es\/wp-content\/uploads\/2019\/09\/IMG_7378-300x225.jpg 300w, https:\/\/elcalaixetdelaiaia.es\/wp-content\/uploads\/2019\/09\/IMG_7378-768x576.jpg 768w\" sizes=\"(max-width: 750px) 100vw, 750px\" \/><\/p>\n<p style=\"text-align: center;\">\u00a0Realizaremos un pellizco, para hacer una doblez\u00a0 que de forma de orejita<\/p>\n<p style=\"text-align: center;\"><img decoding=\"async\" loading=\"lazy\" class=\"size-large wp-image-19432 aligncenter\" src=\"https:\/\/elcalaixetdelaiaia.es\/wp-content\/uploads\/2019\/09\/IMG_7385-1024x768.jpg\" alt=\"\" width=\"750\" height=\"563\" srcset=\"https:\/\/elcalaixetdelaiaia.es\/wp-content\/uploads\/2019\/09\/IMG_7385-1024x768.jpg 1024w, https:\/\/elcalaixetdelaiaia.es\/wp-content\/uploads\/2019\/09\/IMG_7385-300x225.jpg 300w, https:\/\/elcalaixetdelaiaia.es\/wp-content\/uploads\/2019\/09\/IMG_7385-768x576.jpg 768w\" sizes=\"(max-width: 750px) 100vw, 750px\" \/><\/p>\n<p style=\"text-align: center;\">Mientras se secan los corazones, con fondant negro, formaremos las l\u00edneas de las pesta\u00f1as<\/p>\n<p style=\"text-align: center;\"><img decoding=\"async\" loading=\"lazy\" class=\"size-large wp-image-19423 aligncenter\" src=\"https:\/\/elcalaixetdelaiaia.es\/wp-content\/uploads\/2019\/09\/IMG_7368-1024x768.jpg\" alt=\"\" width=\"750\" height=\"563\" srcset=\"https:\/\/elcalaixetdelaiaia.es\/wp-content\/uploads\/2019\/09\/IMG_7368-1024x768.jpg 1024w, https:\/\/elcalaixetdelaiaia.es\/wp-content\/uploads\/2019\/09\/IMG_7368-300x225.jpg 300w, https:\/\/elcalaixetdelaiaia.es\/wp-content\/uploads\/2019\/09\/IMG_7368-768x576.jpg 768w\" sizes=\"(max-width: 750px) 100vw, 750px\" \/><\/p>\n<p style=\"text-align: center;\">y retirando el papel que cubre la bandeja, nos dispondremos a ir colocando las flores formando una colorida crin, poniendo las pesta\u00f1itas, las orejas, el cuerno&#8230;&#8230;&#8230;a nuestro gusto<\/p>\n<p style=\"text-align: center;\"><img decoding=\"async\" loading=\"lazy\" class=\"size-large wp-image-19433 aligncenter\" src=\"https:\/\/elcalaixetdelaiaia.es\/wp-content\/uploads\/2019\/09\/IMG_7386-1024x768.jpg\" alt=\"\" width=\"750\" height=\"563\" srcset=\"https:\/\/elcalaixetdelaiaia.es\/wp-content\/uploads\/2019\/09\/IMG_7386-1024x768.jpg 1024w, https:\/\/elcalaixetdelaiaia.es\/wp-content\/uploads\/2019\/09\/IMG_7386-300x225.jpg 300w, https:\/\/elcalaixetdelaiaia.es\/wp-content\/uploads\/2019\/09\/IMG_7386-768x576.jpg 768w\" sizes=\"(max-width: 750px) 100vw, 750px\" \/><\/p>\n<p style=\"text-align: center;\">esto ya depende de como os apetezca hacerlo<\/p>\n<p style=\"text-align: center;\"><img decoding=\"async\" loading=\"lazy\" class=\"size-large wp-image-19434 aligncenter\" src=\"https:\/\/elcalaixetdelaiaia.es\/wp-content\/uploads\/2019\/09\/IMG_7387-1024x768.jpg\" alt=\"\" width=\"750\" height=\"563\" srcset=\"https:\/\/elcalaixetdelaiaia.es\/wp-content\/uploads\/2019\/09\/IMG_7387-1024x768.jpg 1024w, https:\/\/elcalaixetdelaiaia.es\/wp-content\/uploads\/2019\/09\/IMG_7387-300x225.jpg 300w, https:\/\/elcalaixetdelaiaia.es\/wp-content\/uploads\/2019\/09\/IMG_7387-768x576.jpg 768w\" sizes=\"(max-width: 750px) 100vw, 750px\" \/><\/p>\n<p style=\"text-align: center;\">&#8230;y a continuaci\u00f3n os pongo tropecientas mil fotos de todos los lados de la tarta, para que la pod\u00e1is ver mas que bien y sinceramente, porque no se cual descartar jijiji<\/p>\n<p style=\"text-align: center;\"><img decoding=\"async\" loading=\"lazy\" class=\"alignnone size-large wp-image-19436\" src=\"https:\/\/elcalaixetdelaiaia.es\/wp-content\/uploads\/2019\/09\/IMG_7389-1024x757.jpg\" alt=\"\" width=\"750\" height=\"554\" srcset=\"https:\/\/elcalaixetdelaiaia.es\/wp-content\/uploads\/2019\/09\/IMG_7389-1024x757.jpg 1024w, https:\/\/elcalaixetdelaiaia.es\/wp-content\/uploads\/2019\/09\/IMG_7389-300x222.jpg 300w, https:\/\/elcalaixetdelaiaia.es\/wp-content\/uploads\/2019\/09\/IMG_7389-768x568.jpg 768w\" sizes=\"(max-width: 750px) 100vw, 750px\" \/> <img decoding=\"async\" loading=\"lazy\" class=\"alignnone size-large wp-image-19437\" src=\"https:\/\/elcalaixetdelaiaia.es\/wp-content\/uploads\/2019\/09\/IMG_7390-e1569512035264-768x1024.jpg\" alt=\"\" width=\"750\" height=\"1000\" srcset=\"https:\/\/elcalaixetdelaiaia.es\/wp-content\/uploads\/2019\/09\/IMG_7390-e1569512035264-768x1024.jpg 768w, https:\/\/elcalaixetdelaiaia.es\/wp-content\/uploads\/2019\/09\/IMG_7390-e1569512035264-225x300.jpg 225w\" sizes=\"(max-width: 750px) 100vw, 750px\" \/> <img decoding=\"async\" loading=\"lazy\" class=\"alignnone size-large wp-image-19438\" src=\"https:\/\/elcalaixetdelaiaia.es\/wp-content\/uploads\/2019\/09\/IMG_7392-1024x768.jpg\" alt=\"\" width=\"750\" height=\"563\" srcset=\"https:\/\/elcalaixetdelaiaia.es\/wp-content\/uploads\/2019\/09\/IMG_7392-1024x768.jpg 1024w, https:\/\/elcalaixetdelaiaia.es\/wp-content\/uploads\/2019\/09\/IMG_7392-300x225.jpg 300w, https:\/\/elcalaixetdelaiaia.es\/wp-content\/uploads\/2019\/09\/IMG_7392-768x576.jpg 768w\" sizes=\"(max-width: 750px) 100vw, 750px\" \/> <img decoding=\"async\" loading=\"lazy\" class=\"alignnone size-large wp-image-19439\" src=\"https:\/\/elcalaixetdelaiaia.es\/wp-content\/uploads\/2019\/09\/IMG_7393-1024x768.jpg\" alt=\"\" width=\"750\" height=\"563\" srcset=\"https:\/\/elcalaixetdelaiaia.es\/wp-content\/uploads\/2019\/09\/IMG_7393-1024x768.jpg 1024w, https:\/\/elcalaixetdelaiaia.es\/wp-content\/uploads\/2019\/09\/IMG_7393-300x225.jpg 300w, https:\/\/elcalaixetdelaiaia.es\/wp-content\/uploads\/2019\/09\/IMG_7393-768x576.jpg 768w\" sizes=\"(max-width: 750px) 100vw, 750px\" \/> <img decoding=\"async\" loading=\"lazy\" class=\"alignnone size-large wp-image-19440\" src=\"https:\/\/elcalaixetdelaiaia.es\/wp-content\/uploads\/2019\/09\/IMG_7394-1024x768.jpg\" alt=\"\" width=\"750\" height=\"563\" srcset=\"https:\/\/elcalaixetdelaiaia.es\/wp-content\/uploads\/2019\/09\/IMG_7394-1024x768.jpg 1024w, https:\/\/elcalaixetdelaiaia.es\/wp-content\/uploads\/2019\/09\/IMG_7394-300x225.jpg 300w, https:\/\/elcalaixetdelaiaia.es\/wp-content\/uploads\/2019\/09\/IMG_7394-768x576.jpg 768w\" sizes=\"(max-width: 750px) 100vw, 750px\" \/><\/p>\n<p style=\"text-align: center;\"><img decoding=\"async\" loading=\"lazy\" class=\"alignnone size-large wp-image-19441\" src=\"https:\/\/elcalaixetdelaiaia.es\/wp-content\/uploads\/2019\/09\/IMG_7397-1024x768.jpg\" alt=\"\" width=\"750\" height=\"563\" srcset=\"https:\/\/elcalaixetdelaiaia.es\/wp-content\/uploads\/2019\/09\/IMG_7397-1024x768.jpg 1024w, https:\/\/elcalaixetdelaiaia.es\/wp-content\/uploads\/2019\/09\/IMG_7397-300x225.jpg 300w, https:\/\/elcalaixetdelaiaia.es\/wp-content\/uploads\/2019\/09\/IMG_7397-768x576.jpg 768w\" sizes=\"(max-width: 750px) 100vw, 750px\" \/> <img decoding=\"async\" loading=\"lazy\" class=\"alignnone size-large wp-image-19442\" src=\"https:\/\/elcalaixetdelaiaia.es\/wp-content\/uploads\/2019\/09\/IMG_7398-758x1024.jpg\" alt=\"\" width=\"750\" height=\"1013\" srcset=\"https:\/\/elcalaixetdelaiaia.es\/wp-content\/uploads\/2019\/09\/IMG_7398-758x1024.jpg 758w, https:\/\/elcalaixetdelaiaia.es\/wp-content\/uploads\/2019\/09\/IMG_7398-222x300.jpg 222w, https:\/\/elcalaixetdelaiaia.es\/wp-content\/uploads\/2019\/09\/IMG_7398-768x1038.jpg 768w\" sizes=\"(max-width: 750px) 100vw, 750px\" \/> <img decoding=\"async\" loading=\"lazy\" class=\"alignnone size-large wp-image-19443\" src=\"https:\/\/elcalaixetdelaiaia.es\/wp-content\/uploads\/2019\/09\/IMG_7399-1024x768.jpg\" alt=\"\" width=\"750\" height=\"563\" srcset=\"https:\/\/elcalaixetdelaiaia.es\/wp-content\/uploads\/2019\/09\/IMG_7399-1024x768.jpg 1024w, https:\/\/elcalaixetdelaiaia.es\/wp-content\/uploads\/2019\/09\/IMG_7399-300x225.jpg 300w, https:\/\/elcalaixetdelaiaia.es\/wp-content\/uploads\/2019\/09\/IMG_7399-768x576.jpg 768w\" sizes=\"(max-width: 750px) 100vw, 750px\" \/> <img decoding=\"async\" loading=\"lazy\" class=\"alignnone size-large wp-image-19444\" src=\"https:\/\/elcalaixetdelaiaia.es\/wp-content\/uploads\/2019\/09\/IMG_7400-1024x768.jpg\" alt=\"\" width=\"750\" height=\"563\" srcset=\"https:\/\/elcalaixetdelaiaia.es\/wp-content\/uploads\/2019\/09\/IMG_7400-1024x768.jpg 1024w, https:\/\/elcalaixetdelaiaia.es\/wp-content\/uploads\/2019\/09\/IMG_7400-300x225.jpg 300w, https:\/\/elcalaixetdelaiaia.es\/wp-content\/uploads\/2019\/09\/IMG_7400-768x576.jpg 768w\" sizes=\"(max-width: 750px) 100vw, 750px\" \/> <img decoding=\"async\" loading=\"lazy\" class=\"alignnone size-large wp-image-19445\" src=\"https:\/\/elcalaixetdelaiaia.es\/wp-content\/uploads\/2019\/09\/IMG_7401-1024x768.jpg\" alt=\"\" width=\"750\" height=\"563\" srcset=\"https:\/\/elcalaixetdelaiaia.es\/wp-content\/uploads\/2019\/09\/IMG_7401-1024x768.jpg 1024w, https:\/\/elcalaixetdelaiaia.es\/wp-content\/uploads\/2019\/09\/IMG_7401-300x225.jpg 300w, https:\/\/elcalaixetdelaiaia.es\/wp-content\/uploads\/2019\/09\/IMG_7401-768x576.jpg 768w\" sizes=\"(max-width: 750px) 100vw, 750px\" \/> <img decoding=\"async\" loading=\"lazy\" class=\"alignnone size-large wp-image-19446\" src=\"https:\/\/elcalaixetdelaiaia.es\/wp-content\/uploads\/2019\/09\/IMG_7402-1024x768.jpg\" alt=\"\" width=\"750\" height=\"563\" srcset=\"https:\/\/elcalaixetdelaiaia.es\/wp-content\/uploads\/2019\/09\/IMG_7402-1024x768.jpg 1024w, https:\/\/elcalaixetdelaiaia.es\/wp-content\/uploads\/2019\/09\/IMG_7402-300x225.jpg 300w, https:\/\/elcalaixetdelaiaia.es\/wp-content\/uploads\/2019\/09\/IMG_7402-768x576.jpg 768w\" sizes=\"(max-width: 750px) 100vw, 750px\" \/> <img decoding=\"async\" loading=\"lazy\" class=\"alignnone size-large wp-image-19447\" src=\"https:\/\/elcalaixetdelaiaia.es\/wp-content\/uploads\/2019\/09\/IMG_7403-1024x768.jpg\" alt=\"\" width=\"750\" height=\"563\" srcset=\"https:\/\/elcalaixetdelaiaia.es\/wp-content\/uploads\/2019\/09\/IMG_7403-1024x768.jpg 1024w, https:\/\/elcalaixetdelaiaia.es\/wp-content\/uploads\/2019\/09\/IMG_7403-300x225.jpg 300w, https:\/\/elcalaixetdelaiaia.es\/wp-content\/uploads\/2019\/09\/IMG_7403-768x576.jpg 768w\" sizes=\"(max-width: 750px) 100vw, 750px\" \/> <img decoding=\"async\" loading=\"lazy\" class=\"alignnone size-large wp-image-19448\" src=\"https:\/\/elcalaixetdelaiaia.es\/wp-content\/uploads\/2019\/09\/IMG_7404-1024x768.jpg\" alt=\"\" width=\"750\" height=\"563\" srcset=\"https:\/\/elcalaixetdelaiaia.es\/wp-content\/uploads\/2019\/09\/IMG_7404-1024x768.jpg 1024w, https:\/\/elcalaixetdelaiaia.es\/wp-content\/uploads\/2019\/09\/IMG_7404-300x225.jpg 300w, https:\/\/elcalaixetdelaiaia.es\/wp-content\/uploads\/2019\/09\/IMG_7404-768x576.jpg 768w\" sizes=\"(max-width: 750px) 100vw, 750px\" \/> <img decoding=\"async\" loading=\"lazy\" class=\"alignnone size-large wp-image-19449\" src=\"https:\/\/elcalaixetdelaiaia.es\/wp-content\/uploads\/2019\/09\/IMG_7405-1024x768.jpg\" alt=\"\" width=\"750\" height=\"563\" srcset=\"https:\/\/elcalaixetdelaiaia.es\/wp-content\/uploads\/2019\/09\/IMG_7405-1024x768.jpg 1024w, https:\/\/elcalaixetdelaiaia.es\/wp-content\/uploads\/2019\/09\/IMG_7405-300x225.jpg 300w, https:\/\/elcalaixetdelaiaia.es\/wp-content\/uploads\/2019\/09\/IMG_7405-768x576.jpg 768w\" sizes=\"(max-width: 750px) 100vw, 750px\" \/> <img decoding=\"async\" loading=\"lazy\" class=\"alignnone size-large wp-image-19450\" src=\"https:\/\/elcalaixetdelaiaia.es\/wp-content\/uploads\/2019\/09\/IMG_7406-1024x768.jpg\" alt=\"\" width=\"750\" height=\"563\" srcset=\"https:\/\/elcalaixetdelaiaia.es\/wp-content\/uploads\/2019\/09\/IMG_7406-1024x768.jpg 1024w, https:\/\/elcalaixetdelaiaia.es\/wp-content\/uploads\/2019\/09\/IMG_7406-300x225.jpg 300w, https:\/\/elcalaixetdelaiaia.es\/wp-content\/uploads\/2019\/09\/IMG_7406-768x576.jpg 768w\" sizes=\"(max-width: 750px) 100vw, 750px\" \/><\/p>\n<p style=\"text-align: center;\">que carita puso mi peque, cuando vi\u00f3 su tarta \ud83d\ude42 con lo que le gustan los unicornios \ud83d\ude09<\/p>\n<p style=\"text-align: center;\"><img decoding=\"async\" loading=\"lazy\" class=\"size-large wp-image-19451 aligncenter\" src=\"https:\/\/elcalaixetdelaiaia.es\/wp-content\/uploads\/2019\/09\/IMG_7434-2-1024x728.jpg\" alt=\"\" width=\"750\" height=\"533\" srcset=\"https:\/\/elcalaixetdelaiaia.es\/wp-content\/uploads\/2019\/09\/IMG_7434-2-1024x728.jpg 1024w, https:\/\/elcalaixetdelaiaia.es\/wp-content\/uploads\/2019\/09\/IMG_7434-2-300x213.jpg 300w, https:\/\/elcalaixetdelaiaia.es\/wp-content\/uploads\/2019\/09\/IMG_7434-2-768x546.jpg 768w\" sizes=\"(max-width: 750px) 100vw, 750px\" \/><\/p>\n<p style=\"text-align: center;\"><img decoding=\"async\" loading=\"lazy\" class=\"size-full wp-image-19458 alignnone\" src=\"https:\/\/elcalaixetdelaiaia.es\/wp-content\/uploads\/2019\/09\/ok-2.jpg\" alt=\"\" width=\"936\" height=\"916\" srcset=\"https:\/\/elcalaixetdelaiaia.es\/wp-content\/uploads\/2019\/09\/ok-2.jpg 936w, https:\/\/elcalaixetdelaiaia.es\/wp-content\/uploads\/2019\/09\/ok-2-300x294.jpg 300w, https:\/\/elcalaixetdelaiaia.es\/wp-content\/uploads\/2019\/09\/ok-2-768x752.jpg 768w, https:\/\/elcalaixetdelaiaia.es\/wp-content\/uploads\/2019\/09\/ok-2-60x60.jpg 60w\" sizes=\"(max-width: 936px) 100vw, 936px\" \/> <img decoding=\"async\" loading=\"lazy\" class=\"size-large wp-image-19459 aligncenter\" src=\"https:\/\/elcalaixetdelaiaia.es\/wp-content\/uploads\/2019\/09\/ok-3-865x1024.jpg\" alt=\"\" width=\"750\" height=\"888\" srcset=\"https:\/\/elcalaixetdelaiaia.es\/wp-content\/uploads\/2019\/09\/ok-3-865x1024.jpg 865w, https:\/\/elcalaixetdelaiaia.es\/wp-content\/uploads\/2019\/09\/ok-3-253x300.jpg 253w, https:\/\/elcalaixetdelaiaia.es\/wp-content\/uploads\/2019\/09\/ok-3-768x909.jpg 768w, https:\/\/elcalaixetdelaiaia.es\/wp-content\/uploads\/2019\/09\/ok-3.jpg 1136w\" sizes=\"(max-width: 750px) 100vw, 750px\" \/><\/p>\n<p style=\"text-align: center;\"><img decoding=\"async\" loading=\"lazy\" class=\"size-large wp-image-19461 aligncenter\" src=\"https:\/\/elcalaixetdelaiaia.es\/wp-content\/uploads\/2019\/09\/ok-831x1024.jpg\" alt=\"\" width=\"750\" height=\"924\" srcset=\"https:\/\/elcalaixetdelaiaia.es\/wp-content\/uploads\/2019\/09\/ok-831x1024.jpg 831w, https:\/\/elcalaixetdelaiaia.es\/wp-content\/uploads\/2019\/09\/ok-243x300.jpg 243w, https:\/\/elcalaixetdelaiaia.es\/wp-content\/uploads\/2019\/09\/ok-768x947.jpg 768w, https:\/\/elcalaixetdelaiaia.es\/wp-content\/uploads\/2019\/09\/ok.jpg 1277w\" sizes=\"(max-width: 750px) 100vw, 750px\" \/><\/p>\n<p><img decoding=\"async\" loading=\"lazy\" class=\"size-large wp-image-19460 aligncenter\" src=\"https:\/\/elcalaixetdelaiaia.es\/wp-content\/uploads\/2019\/09\/ok-4-1024x768.jpg\" alt=\"\" width=\"750\" height=\"563\" srcset=\"https:\/\/elcalaixetdelaiaia.es\/wp-content\/uploads\/2019\/09\/ok-4-1024x768.jpg 1024w, https:\/\/elcalaixetdelaiaia.es\/wp-content\/uploads\/2019\/09\/ok-4-300x225.jpg 300w, https:\/\/elcalaixetdelaiaia.es\/wp-content\/uploads\/2019\/09\/ok-4-768x576.jpg 768w\" sizes=\"(max-width: 750px) 100vw, 750px\" \/><\/p>\n<div data-google-query-id=\"CPfUt7X5qNwCFbIx0wodIqsD8w\">\u00abA la taula i\u2026\u2026\u2026.BON PROFIT!!!\u00bb<\/div>\n<div data-google-query-id=\"CPfUt7X5qNwCFbIx0wodIqsD8w\">\n<div>Si te gusta \u00e9sta entrada, puedes compartirla. Gracias por hacerlo. Espero tus comentarios, que para mi son MUY importantes y recuerda que tambi\u00e9n estoy en Facebook <a href=\"https:\/\/www.facebook.com\/El-calaixet-de-la-iaia-533062140099386\/\">https:\/\/www.facebook.com\/El-calaixet-de-la-iaia-533062140099386\/<\/a><\/div>\n<div>\n<div>Si quieres recibir mis actualizaciones por mail, al final de \u00e9sta p\u00e1gina a la izquierda, tienes como hacer para introducir tu correo electr\u00f3nico y no perderte las actualizaciones de este, tu blog \u00a1Gracias!<\/div>\n<\/div>\n<\/div>\n","protected":false},"excerpt":{"rendered":"<p>\u00abRefrany; Amor amb amor es paga\u00bb Amor, con amor se paga. Tardo tanto en publicar las tartas que casi se me van al siguiente cumple. Para el cumple de mi princesita peque\u00f1a le hice el a\u00f1o pasado una tarta sorpresa, normalmente, me piden tem\u00e1tica, pero esta vez les dije que &hellip; <\/p>\n","protected":false},"author":2,"featured_media":19435,"comment_status":"open","ping_status":"open","sticky":false,"template":"","format":"standard","meta":[],"categories":[6,1],"tags":[],"_links":{"self":[{"href":"https:\/\/elcalaixetdelaiaia.es\/index.php?rest_route=\/wp\/v2\/posts\/18999"}],"collection":[{"href":"https:\/\/elcalaixetdelaiaia.es\/index.php?rest_route=\/wp\/v2\/posts"}],"about":[{"href":"https:\/\/elcalaixetdelaiaia.es\/index.php?rest_route=\/wp\/v2\/types\/post"}],"author":[{"embeddable":true,"href":"https:\/\/elcalaixetdelaiaia.es\/index.php?rest_route=\/wp\/v2\/users\/2"}],"replies":[{"embeddable":true,"href":"https:\/\/elcalaixetdelaiaia.es\/index.php?rest_route=%2Fwp%2Fv2%2Fcomments&post=18999"}],"version-history":[{"count":12,"href":"https:\/\/elcalaixetdelaiaia.es\/index.php?rest_route=\/wp\/v2\/posts\/18999\/revisions"}],"predecessor-version":[{"id":19472,"href":"https:\/\/elcalaixetdelaiaia.es\/index.php?rest_route=\/wp\/v2\/posts\/18999\/revisions\/19472"}],"wp:featuredmedia":[{"embeddable":true,"href":"https:\/\/elcalaixetdelaiaia.es\/index.php?rest_route=\/wp\/v2\/media\/19435"}],"wp:attachment":[{"href":"https:\/\/elcalaixetdelaiaia.es\/index.php?rest_route=%2Fwp%2Fv2%2Fmedia&parent=18999"}],"wp:term":[{"taxonomy":"category","embeddable":true,"href":"https:\/\/elcalaixetdelaiaia.es\/index.php?rest_route=%2Fwp%2Fv2%2Fcategories&post=18999"},{"taxonomy":"post_tag","embeddable":true,"href":"https:\/\/elcalaixetdelaiaia.es\/index.php?rest_route=%2Fwp%2Fv2%2Ftags&post=18999"}],"curies":[{"name":"wp","href":"https:\/\/api.w.org\/{rel}","templated":true}]}}