{"id":18850,"date":"2019-01-20T18:12:15","date_gmt":"2019-01-20T18:12:15","guid":{"rendered":"http:\/\/elcalaixetdelaiaia.es\/?p=18850"},"modified":"2019-01-26T20:53:55","modified_gmt":"2019-01-26T20:53:55","slug":"estofado-de-alubias-y-lomo-de-cerdo-foto-a-foto","status":"publish","type":"post","link":"https:\/\/elcalaixetdelaiaia.es\/?p=18850","title":{"rendered":"Estofado de alubias y lomo de cerdo foto a foto"},"content":{"rendered":"<p>\u00abRefrany;<\/p>\n<p>Amb els fesol, porc, i amb el porc, vi fort\u00bb Con las alubias, cerdo, y con el cerdo vino fuerte.<\/p>\n<p>Echando mano del congelador, he visto unas cortadas de lomo de cerdo, hace fr\u00edo y apetecen comidas contundentes de cuchara, as\u00ed que pongo a remojar unas alubias y saco el lomo para que se descongele en el frigo para ma\u00f1ana, miro que verdura tengo&#8230;.as\u00ed que ma\u00f1ana har\u00e9 un estofado sencillo f\u00e1cil y s\u00faper riqu\u00edsimo con lo que hay en casa.<\/p>\n<p>Para 3 comensales necesitaremos;<\/p>\n<p><img decoding=\"async\" loading=\"lazy\" class=\"alignnone size-large wp-image-18935\" src=\"https:\/\/elcalaixetdelaiaia.es\/wp-content\/uploads\/2019\/01\/1-1024x768.jpg\" alt=\"\" width=\"750\" height=\"563\" srcset=\"https:\/\/elcalaixetdelaiaia.es\/wp-content\/uploads\/2019\/01\/1-1024x768.jpg 1024w, https:\/\/elcalaixetdelaiaia.es\/wp-content\/uploads\/2019\/01\/1-300x225.jpg 300w, https:\/\/elcalaixetdelaiaia.es\/wp-content\/uploads\/2019\/01\/1-768x576.jpg 768w\" sizes=\"(max-width: 750px) 100vw, 750px\" \/><\/p>\n<ol>\n<li>6 cortadas gruesas de lomo de ca\u00f1a<\/li>\n<li>450g de alubias, jud\u00edas o<\/li>\n<li>Una zanahoria<\/li>\n<li>Una cebolleta<\/li>\n<li>Medio pimiento rojo<\/li>\n<li>Medio pimiento verde<\/li>\n<li>Un tomate maduro<\/li>\n<li>Dos hojas de laurel<\/li>\n<li>Dos dientes de ajo<\/li>\n<li>Piment\u00f3n de la Vera<\/li>\n<li>Aceite de oliva<\/li>\n<li>Agua<\/li>\n<li>Sal<\/li>\n<\/ol>\n<p>En caso de que quer\u00e1is aligerar el plato, pod\u00e9is no poner nada de carne \ud83d\ude09<\/p>\n<p>En \u00e9sta ocasi\u00f3n he utilizado el lomo en rodajas, porque es lo que ten\u00eda en el congelador, pero otras veces, cuando plaeno hacer \u00e9sta comida, he comprado cabeza de lomo en tacos, para tres, unos 400g. Una porci\u00f3n por comensal de alubias adecuada, creo que estar\u00eda entre 150\/160g. Si los vuestros son menos comedores&#8230;..en un taper y al congelador y si lo son m\u00e1s, tendr\u00e9is que tenerlo en cuenta para la pr\u00f3xima.<\/p>\n<p>Opino que \u00e9sto de la raciones y las cantidades, depende de much\u00edsimos factores, as\u00ed que los que os doy son solo orientativos, ya que no soy dietista, ni cocinera, ni profesional de la cocina, (mi profesi\u00f3n es otra bien distinta), solo una ama de casa a la que le gusta cocinar y comparte altruistamente lo poco que sabe con todos vosotros, por si puede ser de ayuda para alguien.<\/p>\n<p><img decoding=\"async\" loading=\"lazy\" class=\"alignnone size-large wp-image-18936\" src=\"https:\/\/elcalaixetdelaiaia.es\/wp-content\/uploads\/2019\/01\/1a-1024x768.png\" alt=\"\" width=\"750\" height=\"563\" srcset=\"https:\/\/elcalaixetdelaiaia.es\/wp-content\/uploads\/2019\/01\/1a-1024x768.png 1024w, https:\/\/elcalaixetdelaiaia.es\/wp-content\/uploads\/2019\/01\/1a-300x225.png 300w, https:\/\/elcalaixetdelaiaia.es\/wp-content\/uploads\/2019\/01\/1a-768x576.png 768w\" sizes=\"(max-width: 750px) 100vw, 750px\" \/><\/p>\n<p style=\"text-align: center;\">La v\u00edspera, pondremos a remojar las alubias, habichuelas o jud\u00edas, en agua a temperatura ambiente, la suficiente para que no se sequen durante las 12h de remojo, pero que no sobre demasiada.<\/p>\n<p><img decoding=\"async\" loading=\"lazy\" class=\"alignnone size-large wp-image-18937\" src=\"https:\/\/elcalaixetdelaiaia.es\/wp-content\/uploads\/2019\/01\/2-1024x768.png\" alt=\"\" width=\"750\" height=\"563\" srcset=\"https:\/\/elcalaixetdelaiaia.es\/wp-content\/uploads\/2019\/01\/2-1024x768.png 1024w, https:\/\/elcalaixetdelaiaia.es\/wp-content\/uploads\/2019\/01\/2-300x225.png 300w, https:\/\/elcalaixetdelaiaia.es\/wp-content\/uploads\/2019\/01\/2-768x576.png 768w\" sizes=\"(max-width: 750px) 100vw, 750px\" \/><\/p>\n<p>Ponemos en una cazuela, el aceite a calentar, echamos sal, y freimos en ella la carne con el laurel. Una vez dorado, reservamos.<\/p>\n<p><img decoding=\"async\" loading=\"lazy\" class=\"alignnone size-large wp-image-18938\" src=\"https:\/\/elcalaixetdelaiaia.es\/wp-content\/uploads\/2019\/01\/3-1024x768.png\" alt=\"\" width=\"750\" height=\"563\" srcset=\"https:\/\/elcalaixetdelaiaia.es\/wp-content\/uploads\/2019\/01\/3-1024x768.png 1024w, https:\/\/elcalaixetdelaiaia.es\/wp-content\/uploads\/2019\/01\/3-300x225.png 300w, https:\/\/elcalaixetdelaiaia.es\/wp-content\/uploads\/2019\/01\/3-768x576.png 768w\" sizes=\"(max-width: 750px) 100vw, 750px\" \/><\/p>\n<p>Pelamos y troceamos las verduras, dejando algunos trozos mas grandes y las sofreimos en el aceite donde hemos hecho la carne<\/p>\n<p><img decoding=\"async\" loading=\"lazy\" class=\"alignnone size-large wp-image-18939\" src=\"https:\/\/elcalaixetdelaiaia.es\/wp-content\/uploads\/2019\/01\/4-1024x768.png\" alt=\"\" width=\"750\" height=\"563\" srcset=\"https:\/\/elcalaixetdelaiaia.es\/wp-content\/uploads\/2019\/01\/4-1024x768.png 1024w, https:\/\/elcalaixetdelaiaia.es\/wp-content\/uploads\/2019\/01\/4-300x225.png 300w, https:\/\/elcalaixetdelaiaia.es\/wp-content\/uploads\/2019\/01\/4-768x576.png 768w\" sizes=\"(max-width: 750px) 100vw, 750px\" \/><\/p>\n<p>cuando la verdura est\u00e9 sofrita, apartaremos los trozos mas grandes y los pondremos en el vaso de batir<\/p>\n<p><img decoding=\"async\" loading=\"lazy\" class=\"alignnone size-large wp-image-18940\" src=\"https:\/\/elcalaixetdelaiaia.es\/wp-content\/uploads\/2019\/01\/5-1024x768.png\" alt=\"\" width=\"750\" height=\"563\" srcset=\"https:\/\/elcalaixetdelaiaia.es\/wp-content\/uploads\/2019\/01\/5-1024x768.png 1024w, https:\/\/elcalaixetdelaiaia.es\/wp-content\/uploads\/2019\/01\/5-300x225.png 300w, https:\/\/elcalaixetdelaiaia.es\/wp-content\/uploads\/2019\/01\/5-768x576.png 768w\" sizes=\"(max-width: 750px) 100vw, 750px\" \/><\/p>\n<p style=\"text-align: center;\">dejando los mas peque\u00f1os en la cazuela<\/p>\n<p><img decoding=\"async\" loading=\"lazy\" class=\"alignnone size-large wp-image-18941 aligncenter\" src=\"https:\/\/elcalaixetdelaiaia.es\/wp-content\/uploads\/2019\/01\/6-1024x768.png\" alt=\"\" width=\"750\" height=\"563\" srcset=\"https:\/\/elcalaixetdelaiaia.es\/wp-content\/uploads\/2019\/01\/6-1024x768.png 1024w, https:\/\/elcalaixetdelaiaia.es\/wp-content\/uploads\/2019\/01\/6-300x225.png 300w, https:\/\/elcalaixetdelaiaia.es\/wp-content\/uploads\/2019\/01\/6-768x576.png 768w\" sizes=\"(max-width: 750px) 100vw, 750px\" \/><\/p>\n<p style=\"text-align: center;\">trituramos la verdura<\/p>\n<p style=\"text-align: center;\"><img decoding=\"async\" loading=\"lazy\" class=\"alignnone size-large wp-image-18942\" src=\"https:\/\/elcalaixetdelaiaia.es\/wp-content\/uploads\/2019\/01\/7-1024x768.png\" alt=\"\" width=\"750\" height=\"563\" srcset=\"https:\/\/elcalaixetdelaiaia.es\/wp-content\/uploads\/2019\/01\/7-1024x768.png 1024w, https:\/\/elcalaixetdelaiaia.es\/wp-content\/uploads\/2019\/01\/7-300x225.png 300w, https:\/\/elcalaixetdelaiaia.es\/wp-content\/uploads\/2019\/01\/7-768x576.png 768w\" sizes=\"(max-width: 750px) 100vw, 750px\" \/><\/p>\n<p style=\"text-align: center;\">a\u00f1adimos a la cazuela la carne que ten\u00edamos reservada y echamos sobre ella las verduras trituradas<\/p>\n<p style=\"text-align: center;\"><img decoding=\"async\" loading=\"lazy\" class=\"alignnone size-large wp-image-18943\" src=\"https:\/\/elcalaixetdelaiaia.es\/wp-content\/uploads\/2019\/01\/8-1024x768.png\" alt=\"\" width=\"750\" height=\"563\" srcset=\"https:\/\/elcalaixetdelaiaia.es\/wp-content\/uploads\/2019\/01\/8-1024x768.png 1024w, https:\/\/elcalaixetdelaiaia.es\/wp-content\/uploads\/2019\/01\/8-300x225.png 300w, https:\/\/elcalaixetdelaiaia.es\/wp-content\/uploads\/2019\/01\/8-768x576.png 768w\" sizes=\"(max-width: 750px) 100vw, 750px\" \/><\/p>\n<p style=\"text-align: center;\">pondremos una cucharadita de piment\u00f3n de la vera<\/p>\n<p style=\"text-align: center;\"><img decoding=\"async\" loading=\"lazy\" class=\"alignnone size-large wp-image-18944\" src=\"https:\/\/elcalaixetdelaiaia.es\/wp-content\/uploads\/2019\/01\/9-1024x768.png\" alt=\"\" width=\"750\" height=\"563\" srcset=\"https:\/\/elcalaixetdelaiaia.es\/wp-content\/uploads\/2019\/01\/9-1024x768.png 1024w, https:\/\/elcalaixetdelaiaia.es\/wp-content\/uploads\/2019\/01\/9-300x225.png 300w, https:\/\/elcalaixetdelaiaia.es\/wp-content\/uploads\/2019\/01\/9-768x576.png 768w\" sizes=\"(max-width: 750px) 100vw, 750px\" \/><\/p>\n<p style=\"text-align: center;\">removeremos<\/p>\n<p style=\"text-align: center;\"><img decoding=\"async\" loading=\"lazy\" class=\"alignnone size-large wp-image-18945\" src=\"https:\/\/elcalaixetdelaiaia.es\/wp-content\/uploads\/2019\/01\/10-1024x768.png\" alt=\"\" width=\"750\" height=\"563\" srcset=\"https:\/\/elcalaixetdelaiaia.es\/wp-content\/uploads\/2019\/01\/10-1024x768.png 1024w, https:\/\/elcalaixetdelaiaia.es\/wp-content\/uploads\/2019\/01\/10-300x225.png 300w, https:\/\/elcalaixetdelaiaia.es\/wp-content\/uploads\/2019\/01\/10-768x576.png 768w\" sizes=\"(max-width: 750px) 100vw, 750px\" \/><\/p>\n<p style=\"text-align: center;\">y cortaremos la cocci\u00f3n enseguida, para que no se queme el piment\u00f3n porque de lo contrario, amarga<\/p>\n<p style=\"text-align: center;\"><img decoding=\"async\" loading=\"lazy\" class=\"alignnone size-large wp-image-18946\" src=\"https:\/\/elcalaixetdelaiaia.es\/wp-content\/uploads\/2019\/01\/11-1024x768.png\" alt=\"\" width=\"750\" height=\"563\" srcset=\"https:\/\/elcalaixetdelaiaia.es\/wp-content\/uploads\/2019\/01\/11-1024x768.png 1024w, https:\/\/elcalaixetdelaiaia.es\/wp-content\/uploads\/2019\/01\/11-300x225.png 300w, https:\/\/elcalaixetdelaiaia.es\/wp-content\/uploads\/2019\/01\/11-768x576.png 768w\" sizes=\"(max-width: 750px) 100vw, 750px\" \/><\/p>\n<p style=\"text-align: center;\">a\u00f1adimos las jud\u00edas que ten\u00edamos remojadas y si es posible, aprovecharemos el agua del remojo<\/p>\n<p style=\"text-align: center;\"><img decoding=\"async\" loading=\"lazy\" class=\"alignnone size-large wp-image-18947\" src=\"https:\/\/elcalaixetdelaiaia.es\/wp-content\/uploads\/2019\/01\/12-1024x768.jpg\" alt=\"\" width=\"750\" height=\"563\" srcset=\"https:\/\/elcalaixetdelaiaia.es\/wp-content\/uploads\/2019\/01\/12-1024x768.jpg 1024w, https:\/\/elcalaixetdelaiaia.es\/wp-content\/uploads\/2019\/01\/12-300x225.jpg 300w, https:\/\/elcalaixetdelaiaia.es\/wp-content\/uploads\/2019\/01\/12-768x576.jpg 768w\" sizes=\"(max-width: 750px) 100vw, 750px\" \/><\/p>\n<p style=\"text-align: center;\">y a\u00f1adiremos la necesaria para cubrir<\/p>\n<p style=\"text-align: center;\"><img decoding=\"async\" loading=\"lazy\" class=\"alignnone size-large wp-image-18948\" src=\"https:\/\/elcalaixetdelaiaia.es\/wp-content\/uploads\/2019\/01\/13-1024x768.jpg\" alt=\"\" width=\"750\" height=\"563\" srcset=\"https:\/\/elcalaixetdelaiaia.es\/wp-content\/uploads\/2019\/01\/13-1024x768.jpg 1024w, https:\/\/elcalaixetdelaiaia.es\/wp-content\/uploads\/2019\/01\/13-300x225.jpg 300w, https:\/\/elcalaixetdelaiaia.es\/wp-content\/uploads\/2019\/01\/13-768x576.jpg 768w\" sizes=\"(max-width: 750px) 100vw, 750px\" \/><\/p>\n<p style=\"text-align: center;\">taparemos la olla y dejaremos a fuego medio unos 50 minutos<\/p>\n<p style=\"text-align: center;\"><img decoding=\"async\" loading=\"lazy\" class=\"alignnone size-large wp-image-18949\" src=\"https:\/\/elcalaixetdelaiaia.es\/wp-content\/uploads\/2019\/01\/14-1024x768.png\" alt=\"\" width=\"750\" height=\"563\" srcset=\"https:\/\/elcalaixetdelaiaia.es\/wp-content\/uploads\/2019\/01\/14-1024x768.png 1024w, https:\/\/elcalaixetdelaiaia.es\/wp-content\/uploads\/2019\/01\/14-300x225.png 300w, https:\/\/elcalaixetdelaiaia.es\/wp-content\/uploads\/2019\/01\/14-768x576.png 768w\" sizes=\"(max-width: 750px) 100vw, 750px\" \/><\/p>\n<p style=\"text-align: center;\">de vez en cuando miraremos como va el guiso y si es necesario, \u00abasustaremos\u00bb con un poquito de agua fr\u00eda<\/p>\n<p style=\"text-align: center;\"><img decoding=\"async\" loading=\"lazy\" class=\"alignnone size-large wp-image-18950\" src=\"https:\/\/elcalaixetdelaiaia.es\/wp-content\/uploads\/2019\/01\/15-1024x768.png\" alt=\"\" width=\"750\" height=\"563\" srcset=\"https:\/\/elcalaixetdelaiaia.es\/wp-content\/uploads\/2019\/01\/15-1024x768.png 1024w, https:\/\/elcalaixetdelaiaia.es\/wp-content\/uploads\/2019\/01\/15-300x225.png 300w, https:\/\/elcalaixetdelaiaia.es\/wp-content\/uploads\/2019\/01\/15-768x576.png 768w\" sizes=\"(max-width: 750px) 100vw, 750px\" \/><\/p>\n<p style=\"text-align: center;\">Las legumbres no deben removerse, en caso de que sea necesario hacerlo, no meteremos, la cuchara, ni la pala<\/p>\n<p style=\"text-align: center;\"><img decoding=\"async\" loading=\"lazy\" class=\"alignnone size-large wp-image-18951\" src=\"https:\/\/elcalaixetdelaiaia.es\/wp-content\/uploads\/2019\/01\/16-1024x768.png\" alt=\"\" width=\"750\" height=\"563\" srcset=\"https:\/\/elcalaixetdelaiaia.es\/wp-content\/uploads\/2019\/01\/16-1024x768.png 1024w, https:\/\/elcalaixetdelaiaia.es\/wp-content\/uploads\/2019\/01\/16-300x225.png 300w, https:\/\/elcalaixetdelaiaia.es\/wp-content\/uploads\/2019\/01\/16-768x576.png 768w, https:\/\/elcalaixetdelaiaia.es\/wp-content\/uploads\/2019\/01\/16.png 2048w\" sizes=\"(max-width: 750px) 100vw, 750px\" \/><\/p>\n<p style=\"text-align: center;\">moveremos la cazuela sujetando de las asas, para que se remueva el contenido de la misma,con el fin de no romper las legumbres<\/p>\n<p style=\"text-align: center;\"><img decoding=\"async\" loading=\"lazy\" class=\"alignnone size-large wp-image-18952\" src=\"https:\/\/elcalaixetdelaiaia.es\/wp-content\/uploads\/2019\/01\/17-1024x768.png\" alt=\"\" width=\"750\" height=\"563\" srcset=\"https:\/\/elcalaixetdelaiaia.es\/wp-content\/uploads\/2019\/01\/17-1024x768.png 1024w, https:\/\/elcalaixetdelaiaia.es\/wp-content\/uploads\/2019\/01\/17-300x225.png 300w, https:\/\/elcalaixetdelaiaia.es\/wp-content\/uploads\/2019\/01\/17-768x576.png 768w\" sizes=\"(max-width: 750px) 100vw, 750px\" \/><\/p>\n<p style=\"text-align: center;\">Cuando probemos una jud\u00eda y est\u00e9 cremosa en su punto y el caldito haya espesado, apagamos el fuego, retiramos y dejamos reposar.<\/p>\n<p style=\"text-align: center;\"><img decoding=\"async\" loading=\"lazy\" class=\"alignnone size-large wp-image-18953\" src=\"https:\/\/elcalaixetdelaiaia.es\/wp-content\/uploads\/2019\/01\/18-1024x768.png\" alt=\"\" width=\"750\" height=\"563\" srcset=\"https:\/\/elcalaixetdelaiaia.es\/wp-content\/uploads\/2019\/01\/18-1024x768.png 1024w, https:\/\/elcalaixetdelaiaia.es\/wp-content\/uploads\/2019\/01\/18-300x225.png 300w, https:\/\/elcalaixetdelaiaia.es\/wp-content\/uploads\/2019\/01\/18-768x576.png 768w, https:\/\/elcalaixetdelaiaia.es\/wp-content\/uploads\/2019\/01\/18.png 2048w\" sizes=\"(max-width: 750px) 100vw, 750px\" \/><\/p>\n<p style=\"text-align: center;\">Es un plato que gana mucho con el reposo<\/p>\n<p style=\"text-align: center;\"><img decoding=\"async\" loading=\"lazy\" class=\"alignnone size-large wp-image-18954\" src=\"https:\/\/elcalaixetdelaiaia.es\/wp-content\/uploads\/2019\/01\/19-1024x726.png\" alt=\"\" width=\"750\" height=\"532\" srcset=\"https:\/\/elcalaixetdelaiaia.es\/wp-content\/uploads\/2019\/01\/19-1024x726.png 1024w, https:\/\/elcalaixetdelaiaia.es\/wp-content\/uploads\/2019\/01\/19-300x213.png 300w, https:\/\/elcalaixetdelaiaia.es\/wp-content\/uploads\/2019\/01\/19-768x544.png 768w, https:\/\/elcalaixetdelaiaia.es\/wp-content\/uploads\/2019\/01\/19.png 1782w\" sizes=\"(max-width: 750px) 100vw, 750px\" \/><\/p>\n<p style=\"text-align: center;\">y est\u00e1 riqu\u00edsimo de un d\u00eda para otro<\/p>\n<p style=\"text-align: center;\"><img decoding=\"async\" loading=\"lazy\" class=\"alignnone size-large wp-image-18955\" src=\"https:\/\/elcalaixetdelaiaia.es\/wp-content\/uploads\/2019\/01\/20-1024x768.png\" alt=\"\" width=\"750\" height=\"563\" srcset=\"https:\/\/elcalaixetdelaiaia.es\/wp-content\/uploads\/2019\/01\/20-1024x768.png 1024w, https:\/\/elcalaixetdelaiaia.es\/wp-content\/uploads\/2019\/01\/20-300x225.png 300w, https:\/\/elcalaixetdelaiaia.es\/wp-content\/uploads\/2019\/01\/20-768x576.png 768w, https:\/\/elcalaixetdelaiaia.es\/wp-content\/uploads\/2019\/01\/20.png 2048w\" sizes=\"(max-width: 750px) 100vw, 750px\" \/><\/p>\n<p style=\"text-align: center;\">todo un se\u00f1or platazo<\/p>\n<p style=\"text-align: center;\"><img decoding=\"async\" loading=\"lazy\" class=\"alignnone size-large wp-image-18956\" src=\"https:\/\/elcalaixetdelaiaia.es\/wp-content\/uploads\/2019\/01\/21-1024x768.png\" alt=\"\" width=\"750\" height=\"563\" srcset=\"https:\/\/elcalaixetdelaiaia.es\/wp-content\/uploads\/2019\/01\/21-1024x768.png 1024w, https:\/\/elcalaixetdelaiaia.es\/wp-content\/uploads\/2019\/01\/21-300x225.png 300w, https:\/\/elcalaixetdelaiaia.es\/wp-content\/uploads\/2019\/01\/21-768x576.png 768w, https:\/\/elcalaixetdelaiaia.es\/wp-content\/uploads\/2019\/01\/21.png 2048w\" sizes=\"(max-width: 750px) 100vw, 750px\" \/><\/p>\n<p style=\"text-align: center;\">\u00abA la taula i&#8230;&#8230;BON PROFIT!!!\u00bb<\/p>\n<div style=\"text-align: center;\">Espero tus comentarios que para mi son MUY importantes y recuerda que tambi\u00e9n estoy en Facebook <a href=\"https:\/\/www.facebook.com\/El-calaixet-de-la-iaia-533062140099386\/\">https:\/\/www.facebook.com\/El-calaixet-de-la-iaia-533062140099386\/<\/a><\/div>\n<div style=\"text-align: center;\">Si quieres recibir mis actualizaciones por mail, al final de \u00e9sta p\u00e1gina a la izquierda tienes como hacer para introducir tu correo electr\u00f3nico y no perderte las actualizaciones de mis recetas \u00a1Gracias!<\/div>\n","protected":false},"excerpt":{"rendered":"<p>\u00abRefrany; Amb els fesol, porc, i amb el porc, vi fort\u00bb Con las alubias, cerdo, y con el cerdo vino fuerte. Echando mano del congelador, he visto unas cortadas de lomo de cerdo, hace fr\u00edo y apetecen comidas contundentes de cuchara, as\u00ed que pongo a remojar unas alubias y saco &hellip; <\/p>\n","protected":false},"author":2,"featured_media":18953,"comment_status":"open","ping_status":"open","sticky":false,"template":"","format":"standard","meta":[],"categories":[12,34,1],"tags":[],"_links":{"self":[{"href":"https:\/\/elcalaixetdelaiaia.es\/index.php?rest_route=\/wp\/v2\/posts\/18850"}],"collection":[{"href":"https:\/\/elcalaixetdelaiaia.es\/index.php?rest_route=\/wp\/v2\/posts"}],"about":[{"href":"https:\/\/elcalaixetdelaiaia.es\/index.php?rest_route=\/wp\/v2\/types\/post"}],"author":[{"embeddable":true,"href":"https:\/\/elcalaixetdelaiaia.es\/index.php?rest_route=\/wp\/v2\/users\/2"}],"replies":[{"embeddable":true,"href":"https:\/\/elcalaixetdelaiaia.es\/index.php?rest_route=%2Fwp%2Fv2%2Fcomments&post=18850"}],"version-history":[{"count":8,"href":"https:\/\/elcalaixetdelaiaia.es\/index.php?rest_route=\/wp\/v2\/posts\/18850\/revisions"}],"predecessor-version":[{"id":19096,"href":"https:\/\/elcalaixetdelaiaia.es\/index.php?rest_route=\/wp\/v2\/posts\/18850\/revisions\/19096"}],"wp:featuredmedia":[{"embeddable":true,"href":"https:\/\/elcalaixetdelaiaia.es\/index.php?rest_route=\/wp\/v2\/media\/18953"}],"wp:attachment":[{"href":"https:\/\/elcalaixetdelaiaia.es\/index.php?rest_route=%2Fwp%2Fv2%2Fmedia&parent=18850"}],"wp:term":[{"taxonomy":"category","embeddable":true,"href":"https:\/\/elcalaixetdelaiaia.es\/index.php?rest_route=%2Fwp%2Fv2%2Fcategories&post=18850"},{"taxonomy":"post_tag","embeddable":true,"href":"https:\/\/elcalaixetdelaiaia.es\/index.php?rest_route=%2Fwp%2Fv2%2Ftags&post=18850"}],"curies":[{"name":"wp","href":"https:\/\/api.w.org\/{rel}","templated":true}]}}