{"id":18849,"date":"2019-01-16T10:41:03","date_gmt":"2019-01-16T10:41:03","guid":{"rendered":"http:\/\/elcalaixetdelaiaia.es\/?p=18849"},"modified":"2019-01-21T09:17:15","modified_gmt":"2019-01-21T09:17:15","slug":"como-cocer-alubias-o-judias-sin-previo-remojo-foto-a-foto","status":"publish","type":"post","link":"https:\/\/elcalaixetdelaiaia.es\/?p=18849","title":{"rendered":"Como cocer alubias o jud\u00edas sin previo remojo foto a foto"},"content":{"rendered":"<p>\u00abRefrany;<\/p>\n<p>Quan fa fred, o plou, fesols al foc\u00bb Cuando hace fr\u00edo o llueve, alubias al fuego.<\/p>\n<p>Publicaba anteayer, mi truco para cocer garbanzos sin remojo previo, pinchando en el enlace, podr\u00e9is ver el paso a paso<\/p>\n<p><a href=\"https:\/\/elcalaixetdelaiaia.es\/2019\/01\/como-cocer-garbanzos-sin-remojo-previo\/\">https:\/\/elcalaixetdelaiaia.es\/2019\/01\/como-cocer-garbanzos-sin-remojo-previo\/<\/a> que tambi\u00e9n podr\u00eda servir para las jud\u00edas o alubias, pero para este caso uso un truco distinto.<\/p>\n<p>Espero que \u00e9stos trucos os puedan ayudar si como yo, cuando los he tenido que emplear, no ten\u00e9is cerca un supermercado o mercado donde poder comprarlos remojados o congelados o se trata de un d\u00eda festivo.<\/p>\n<p><img decoding=\"async\" loading=\"lazy\" class=\"size-large wp-image-18855 aligncenter\" src=\"https:\/\/elcalaixetdelaiaia.es\/wp-content\/uploads\/2019\/01\/CORM1988-1024x768.png\" alt=\"\" width=\"750\" height=\"563\" srcset=\"https:\/\/elcalaixetdelaiaia.es\/wp-content\/uploads\/2019\/01\/CORM1988-1024x768.png 1024w, https:\/\/elcalaixetdelaiaia.es\/wp-content\/uploads\/2019\/01\/CORM1988-300x225.png 300w, https:\/\/elcalaixetdelaiaia.es\/wp-content\/uploads\/2019\/01\/CORM1988-768x576.png 768w\" sizes=\"(max-width: 750px) 100vw, 750px\" \/><\/p>\n<p>Lo ideal ser\u00e1 siempre acordarnos de poner las legumbres a remojo a su debido tiempo, pero a veces&#8230;.sufrimos despistes u olvidos o simplemente cambios de planes que nos hacen cambiar el men\u00fa pensado y tenemos que improvisar.<\/p>\n<p><img decoding=\"async\" loading=\"lazy\" class=\"size-large wp-image-18856 aligncenter\" src=\"https:\/\/elcalaixetdelaiaia.es\/wp-content\/uploads\/2019\/01\/DPPE0010-1024x768.png\" alt=\"\" width=\"750\" height=\"563\" srcset=\"https:\/\/elcalaixetdelaiaia.es\/wp-content\/uploads\/2019\/01\/DPPE0010-1024x768.png 1024w, https:\/\/elcalaixetdelaiaia.es\/wp-content\/uploads\/2019\/01\/DPPE0010-300x225.png 300w, https:\/\/elcalaixetdelaiaia.es\/wp-content\/uploads\/2019\/01\/DPPE0010-768x576.png 768w\" sizes=\"(max-width: 750px) 100vw, 750px\" \/><\/p>\n<p>Necesitaremos jud\u00edas, (blancas, habichuelas, jarrof\u00f3n, de la Granja, judiones, <span class=\"st\"> frijoles, fabes, pochas<\/span>, fesols, pintas, de ri\u00f1\u00f3n, moradas, de carilla, judiones etc) y el agua justa para cubrirlas.<\/p>\n<p><img decoding=\"async\" loading=\"lazy\" class=\"size-full wp-image-18867 aligncenter\" src=\"https:\/\/elcalaixetdelaiaia.es\/wp-content\/uploads\/2019\/01\/fessols4.jpg\" alt=\"\" width=\"640\" height=\"425\" srcset=\"https:\/\/elcalaixetdelaiaia.es\/wp-content\/uploads\/2019\/01\/fessols4.jpg 640w, https:\/\/elcalaixetdelaiaia.es\/wp-content\/uploads\/2019\/01\/fessols4-300x199.jpg 300w\" sizes=\"(max-width: 640px) 100vw, 640px\" \/><\/p>\n<p>Pondremos las jud\u00edas en una cacerola al fuego, y las cubriremos con agua, hasta que comiencen a hervir<\/p>\n<p><img decoding=\"async\" loading=\"lazy\" class=\"size-full wp-image-18865 aligncenter\" src=\"https:\/\/elcalaixetdelaiaia.es\/wp-content\/uploads\/2019\/01\/fessols3.jpg\" alt=\"\" width=\"640\" height=\"480\" srcset=\"https:\/\/elcalaixetdelaiaia.es\/wp-content\/uploads\/2019\/01\/fessols3.jpg 640w, https:\/\/elcalaixetdelaiaia.es\/wp-content\/uploads\/2019\/01\/fessols3-300x225.jpg 300w\" sizes=\"(max-width: 640px) 100vw, 640px\" \/><\/p>\n<p>Desespumaremos y apagaremos el fuego. Dejaremos que se enfr\u00eden en el mismo agua y mantendremos durante unos 45\/50 minutos.<\/p>\n<p><img decoding=\"async\" loading=\"lazy\" class=\"size-large wp-image-18862 aligncenter\" src=\"https:\/\/elcalaixetdelaiaia.es\/wp-content\/uploads\/2019\/01\/fessols1-1024x669.jpg\" alt=\"\" width=\"750\" height=\"490\" srcset=\"https:\/\/elcalaixetdelaiaia.es\/wp-content\/uploads\/2019\/01\/fessols1-1024x669.jpg 1024w, https:\/\/elcalaixetdelaiaia.es\/wp-content\/uploads\/2019\/01\/fessols1-300x196.jpg 300w, https:\/\/elcalaixetdelaiaia.es\/wp-content\/uploads\/2019\/01\/fessols1-768x502.jpg 768w, https:\/\/elcalaixetdelaiaia.es\/wp-content\/uploads\/2019\/01\/fessols1.jpg 1600w\" sizes=\"(max-width: 750px) 100vw, 750px\" \/><\/p>\n<p>Una vez pasado \u00e9ste tiempo, aclararemos, escurriremos,<\/p>\n<p><img decoding=\"async\" loading=\"lazy\" class=\"size-full wp-image-18869 aligncenter\" src=\"https:\/\/elcalaixetdelaiaia.es\/wp-content\/uploads\/2019\/01\/fessols6.jpg\" alt=\"\" width=\"640\" height=\"425\" srcset=\"https:\/\/elcalaixetdelaiaia.es\/wp-content\/uploads\/2019\/01\/fessols6.jpg 640w, https:\/\/elcalaixetdelaiaia.es\/wp-content\/uploads\/2019\/01\/fessols6-300x199.jpg 300w\" sizes=\"(max-width: 640px) 100vw, 640px\" \/><\/p>\n<p>y ya nos podremos poner a cocinarlas, como si hubieran estado a remojo toda la noche.<\/p>\n<p>La alubia y el garbanzo, necesitan un m\u00edni<span class=\"ILfuVd\">mo de remojo de 6 horas, y un m\u00e1ximo de 14, tengo entendido que si prolongamos demasiado el remojo pueden perder sus propiedades y no nos interesa, porque las alubias blancas por ejemplo, tienen un alto contenido en f\u00f3sforo, potasio y magnesio. Pueden ayudar a mejorar la circulaci\u00f3n y a prevenir la artritis y enfermedades de car\u00e1cter reum\u00e1tico.<br \/>\nSu alto contenido en vitamina V9, hace recomendable su consumo en \u00e9pocas de embarazo y lactancia. Se pueden preparar a\u00f1adi\u00e9ndolas cocidas en ensaladas.<\/span><\/p>\n<p><img decoding=\"async\" loading=\"lazy\" class=\"size-full wp-image-18863 aligncenter\" src=\"https:\/\/elcalaixetdelaiaia.es\/wp-content\/uploads\/2019\/01\/fessols1a.jpg\" alt=\"\" width=\"640\" height=\"384\" srcset=\"https:\/\/elcalaixetdelaiaia.es\/wp-content\/uploads\/2019\/01\/fessols1a.jpg 640w, https:\/\/elcalaixetdelaiaia.es\/wp-content\/uploads\/2019\/01\/fessols1a-300x180.jpg 300w\" sizes=\"(max-width: 640px) 100vw, 640px\" \/><\/p>\n<p><span class=\"ILfuVd\"> Y si son las moradas o las pintas, destacan por su alto contenido en proteinas y hierro, adem\u00e1s mejoran la calidad y tonicidad de la piel.<\/span><\/p>\n<p>Todas las legumbres en general;<\/p>\n<article class=\"panel-block js-wc-contenido\">\n<div class=\"panel-pane pane-cgc-libre\">\n<div class=\"cgc-libre cgc-libre--articulo\">\n<ol>\n<li>Aportan vitaminas del grupo B, tiamina, niacina, B6 y \u00e1cido f\u00f3lico , y minerales como calcio, magnesio, potasio, cinc, f\u00f3sforo y hierro .<\/li>\n<li>Excepto la soja y el cacahuete, las legumbres contienen poca grasa, en torno a un 3%, de la que la mayor parte son \u00e1cidos grasos polinsaturados y monoinsaturados.<\/li>\n<li>Las legumbres no engordan. La mala fama de ser un \u201calimento que engorda\u201d solo se justifica, cuando se acompa\u00f1a de otros ingredientes cal\u00f3ricos como grasas, tocino, o embutidos.<\/li>\n<\/ol>\n<p>Las legumbres por s\u00ed mismas son un alimento m\u00e1s que recomendable, y una fuente excepcional de nutrientes, no hay que olvidarlo, ya que forman parte de nuestra maravillosa dieta mediterr\u00e1nea.<\/p>\n<p>Se han de poner a remojo en agua ni fr\u00eda ni caliente, no a\u00f1adir nada al agua y poner la necesaria para que no se sequen las legumbres durante las 12 horas de remojo, pero que tampoco sobre demasiada agua porque es aconsejable no desecharla y usarla para el guiso.<\/p>\n<p>Os dejo algunos enlaces a recetas con alubias;<\/p>\n<p><img decoding=\"async\" loading=\"lazy\" class=\"size-full wp-image-18866 aligncenter\" src=\"https:\/\/elcalaixetdelaiaia.es\/wp-content\/uploads\/2019\/01\/fessols3a.jpg\" alt=\"\" width=\"640\" height=\"384\" srcset=\"https:\/\/elcalaixetdelaiaia.es\/wp-content\/uploads\/2019\/01\/fessols3a.jpg 640w, https:\/\/elcalaixetdelaiaia.es\/wp-content\/uploads\/2019\/01\/fessols3a-300x180.jpg 300w\" sizes=\"(max-width: 640px) 100vw, 640px\" \/><\/p>\n<p>Perdiz con alubias moradas y rebollones<\/p>\n<p><a href=\"https:\/\/elcalaixetdelaiaia.es\/2015\/11\/perdiz-con-alubias-moradas-y-rebollones\/\">https:\/\/elcalaixetdelaiaia.es\/2015\/11\/perdiz-con-alubias-moradas-y-rebollones\/<\/a><\/p>\n<p><img decoding=\"async\" loading=\"lazy\" class=\"size-full wp-image-18870 aligncenter\" src=\"https:\/\/elcalaixetdelaiaia.es\/wp-content\/uploads\/2019\/01\/fessols7.jpg\" alt=\"\" width=\"640\" height=\"425\" srcset=\"https:\/\/elcalaixetdelaiaia.es\/wp-content\/uploads\/2019\/01\/fessols7.jpg 640w, https:\/\/elcalaixetdelaiaia.es\/wp-content\/uploads\/2019\/01\/fessols7-300x199.jpg 300w\" sizes=\"(max-width: 640px) 100vw, 640px\" \/><\/p>\n<p>Arr\u00f2s amb bledes. Arroz con alcelgas<\/p>\n<p><a href=\"https:\/\/elcalaixetdelaiaia.es\/2013\/07\/arros-amb-bledes-i-caragols-arroz-con\/\">https:\/\/elcalaixetdelaiaia.es\/2013\/07\/arros-amb-bledes-i-caragols-arroz-con\/<\/a><\/p>\n<\/div>\n<p><img decoding=\"async\" loading=\"lazy\" class=\"size-large wp-image-18883 aligncenter\" src=\"https:\/\/elcalaixetdelaiaia.es\/wp-content\/uploads\/2019\/01\/ollamuntanyesa-1024x768.png\" alt=\"\" width=\"750\" height=\"563\" srcset=\"https:\/\/elcalaixetdelaiaia.es\/wp-content\/uploads\/2019\/01\/ollamuntanyesa-1024x768.png 1024w, https:\/\/elcalaixetdelaiaia.es\/wp-content\/uploads\/2019\/01\/ollamuntanyesa-300x225.png 300w, https:\/\/elcalaixetdelaiaia.es\/wp-content\/uploads\/2019\/01\/ollamuntanyesa-768x576.png 768w, https:\/\/elcalaixetdelaiaia.es\/wp-content\/uploads\/2019\/01\/ollamuntanyesa.png 1600w\" sizes=\"(max-width: 750px) 100vw, 750px\" \/><\/p>\n<p>Olla monta\u00f1esa<\/p>\n<p><a href=\"https:\/\/elcalaixetdelaiaia.es\/2016\/09\/olla-montanesa-con-espinacas-paso-paso\/\">https:\/\/elcalaixetdelaiaia.es\/2016\/09\/olla-montanesa-con-espinacas-paso-paso\/<\/a><\/p>\n<div class=\"cgc-libre cgc-libre--articulo\">\n<p><img decoding=\"async\" loading=\"lazy\" class=\"size-large wp-image-18872 aligncenter\" src=\"https:\/\/elcalaixetdelaiaia.es\/wp-content\/uploads\/2019\/01\/fessolsa4-1024x614.jpg\" alt=\"\" width=\"750\" height=\"450\" srcset=\"https:\/\/elcalaixetdelaiaia.es\/wp-content\/uploads\/2019\/01\/fessolsa4-1024x614.jpg 1024w, https:\/\/elcalaixetdelaiaia.es\/wp-content\/uploads\/2019\/01\/fessolsa4-300x180.jpg 300w, https:\/\/elcalaixetdelaiaia.es\/wp-content\/uploads\/2019\/01\/fessolsa4-768x461.jpg 768w, https:\/\/elcalaixetdelaiaia.es\/wp-content\/uploads\/2019\/01\/fessolsa4.jpg 1600w\" sizes=\"(max-width: 750px) 100vw, 750px\" \/><\/p>\n<\/div>\n<p>Arr\u00f2s amb fesols i naps<\/p>\n<p><a href=\"https:\/\/elcalaixetdelaiaia.es\/2014\/04\/arros-amb-fesols-i-naps\/\">https:\/\/elcalaixetdelaiaia.es\/2014\/04\/arros-amb-fesols-i-naps\/<\/a><\/p>\n<div class=\"cgc-libre cgc-libre--articulo\">\n<p><img decoding=\"async\" loading=\"lazy\" class=\"alignnone size-full wp-image-18877\" src=\"https:\/\/elcalaixetdelaiaia.es\/wp-content\/uploads\/2019\/01\/potajeallubiaspintas.jpg\" alt=\"\" width=\"988\" height=\"709\" srcset=\"https:\/\/elcalaixetdelaiaia.es\/wp-content\/uploads\/2019\/01\/potajeallubiaspintas.jpg 988w, https:\/\/elcalaixetdelaiaia.es\/wp-content\/uploads\/2019\/01\/potajeallubiaspintas-300x215.jpg 300w, https:\/\/elcalaixetdelaiaia.es\/wp-content\/uploads\/2019\/01\/potajeallubiaspintas-768x551.jpg 768w\" sizes=\"(max-width: 988px) 100vw, 988px\" \/><\/p>\n<\/div>\n<p>Potaje de alubias pintas<\/p>\n<p><a href=\"https:\/\/elcalaixetdelaiaia.es\/2014\/02\/potaje-de-alubias-pintas\/\">https:\/\/elcalaixetdelaiaia.es\/2014\/02\/potaje-de-alubias-pintas\/\u00a0\u00a0 <\/a><\/p>\n<p>&nbsp;<\/p>\n<div class=\"cgc-libre cgc-libre--articulo\">\n<p><img decoding=\"async\" loading=\"lazy\" class=\"size-full wp-image-18876 aligncenter\" src=\"https:\/\/elcalaixetdelaiaia.es\/wp-content\/uploads\/2019\/01\/fessolsambtramp\u00f3.jpg\" alt=\"\" width=\"640\" height=\"480\" srcset=\"https:\/\/elcalaixetdelaiaia.es\/wp-content\/uploads\/2019\/01\/fessolsambtramp\u00f3.jpg 640w, https:\/\/elcalaixetdelaiaia.es\/wp-content\/uploads\/2019\/01\/fessolsambtramp\u00f3-300x225.jpg 300w\" sizes=\"(max-width: 640px) 100vw, 640px\" \/><\/p>\n<p>ensalada de alubias y tramp\u00f2<\/p>\n<p><a href=\"https:\/\/elcalaixetdelaiaia.es\/2015\/07\/ensalada-de-alubias-blancas-y-trampo\/\">https:\/\/elcalaixetdelaiaia.es\/2015\/07\/ensalada-de-alubias-blancas-y-trampo\/<\/a><\/p>\n<p><img decoding=\"async\" loading=\"lazy\" class=\"size-full wp-image-18875 aligncenter\" src=\"https:\/\/elcalaixetdelaiaia.es\/wp-content\/uploads\/2019\/01\/fessolsambllangostinsxislesok.jpg\" alt=\"\" width=\"640\" height=\"480\" srcset=\"https:\/\/elcalaixetdelaiaia.es\/wp-content\/uploads\/2019\/01\/fessolsambllangostinsxislesok.jpg 640w, https:\/\/elcalaixetdelaiaia.es\/wp-content\/uploads\/2019\/01\/fessolsambllangostinsxislesok-300x225.jpg 300w\" sizes=\"(max-width: 640px) 100vw, 640px\" \/><\/p>\n<\/div>\n<\/div>\n<div class=\"panel-pane pane-revive\">\n<div id=\"wc_ADI_557425\" class=\"wc_ad wc_smartad_ad adi\" data-id=\"ADI\">\n<div class=\"ad-wrapper zone_ADI\" data-id=\"ADI\" data-random=\"wc_ADI_557425\">\n<div class=\"ad-wrapper-inner\">\n<div id=\"sas_53644\">Alubias con langostinos y almejas<\/div>\n<div><a href=\"https:\/\/elcalaixetdelaiaia.es\/2015\/01\/alubias-con-langostinos-y-almejas-paso\/\">https:\/\/elcalaixetdelaiaia.es\/2015\/01\/alubias-con-langostinos-y-almejas-paso\/<\/a><\/div>\n<\/div>\n<\/div>\n<\/div>\n<div><\/div>\n<div id=\"wc_ADI_557425\" class=\"wc_ad wc_smartad_ad adi\" data-id=\"ADI\">\n<div class=\"ad-wrapper zone_ADI\" data-id=\"ADI\" data-random=\"wc_ADI_557425\">\n<div><img decoding=\"async\" loading=\"lazy\" class=\"size-full wp-image-18880 aligncenter\" src=\"https:\/\/elcalaixetdelaiaia.es\/wp-content\/uploads\/2019\/01\/aar\u00f2s-empedrat.jpg\" alt=\"\" width=\"640\" height=\"426\" srcset=\"https:\/\/elcalaixetdelaiaia.es\/wp-content\/uploads\/2019\/01\/aar\u00f2s-empedrat.jpg 640w, https:\/\/elcalaixetdelaiaia.es\/wp-content\/uploads\/2019\/01\/aar\u00f2s-empedrat-300x200.jpg 300w, https:\/\/elcalaixetdelaiaia.es\/wp-content\/uploads\/2019\/01\/aar\u00f2s-empedrat-600x400.jpg 600w\" sizes=\"(max-width: 640px) 100vw, 640px\" \/><\/div>\n<\/div>\n<\/div>\n<div><\/div>\n<div>Arr\u00f2s empedrat<\/div>\n<div><a href=\"https:\/\/elcalaixetdelaiaia.es\/2013\/07\/arroz-empedrado-arros-empedra\/\">https:\/\/elcalaixetdelaiaia.es\/2013\/07\/arroz-empedrado-arros-empedra\/<\/a><\/div>\n<div><\/div>\n<div><img decoding=\"async\" loading=\"lazy\" class=\"size-full wp-image-18878 aligncenter\" src=\"https:\/\/elcalaixetdelaiaia.es\/wp-content\/uploads\/2019\/01\/alubias-con-almejas.jpg\" alt=\"\" width=\"960\" height=\"720\" srcset=\"https:\/\/elcalaixetdelaiaia.es\/wp-content\/uploads\/2019\/01\/alubias-con-almejas.jpg 960w, https:\/\/elcalaixetdelaiaia.es\/wp-content\/uploads\/2019\/01\/alubias-con-almejas-300x225.jpg 300w, https:\/\/elcalaixetdelaiaia.es\/wp-content\/uploads\/2019\/01\/alubias-con-almejas-768x576.jpg 768w\" sizes=\"(max-width: 960px) 100vw, 960px\" \/><\/div>\n<\/div>\n<div id=\"book-navigation-139048\" class=\"cfb-navegacion\"><\/div>\n<\/article>\n<p>Alubias con almejas<\/p>\n<p><a href=\"https:\/\/elcalaixetdelaiaia.es\/2014\/01\/alubias-con-almejas\/\">https:\/\/elcalaixetdelaiaia.es\/2014\/01\/alubias-con-almejas\/<\/a><\/p>\n<p><img decoding=\"async\" loading=\"lazy\" class=\"size-full wp-image-18881 aligncenter\" src=\"https:\/\/elcalaixetdelaiaia.es\/wp-content\/uploads\/2019\/01\/arr\u00f2samperolvalenci\u00e0.png\" alt=\"\" width=\"640\" height=\"480\" srcset=\"https:\/\/elcalaixetdelaiaia.es\/wp-content\/uploads\/2019\/01\/arr\u00f2samperolvalenci\u00e0.png 640w, https:\/\/elcalaixetdelaiaia.es\/wp-content\/uploads\/2019\/01\/arr\u00f2samperolvalenci\u00e0-300x225.png 300w\" sizes=\"(max-width: 640px) 100vw, 640px\" \/><\/p>\n<p>Arr\u00f2s en perol.<\/p>\n<p><a href=\"https:\/\/elcalaixetdelaiaia.es\/2017\/08\/arros-en-perol-valenciano-paso-paso\/\">https:\/\/elcalaixetdelaiaia.es\/2017\/08\/arros-en-perol-valenciano-paso-paso\/<\/a><\/p>\n<p><img decoding=\"async\" loading=\"lazy\" class=\"size-full wp-image-18882 aligncenter\" src=\"https:\/\/elcalaixetdelaiaia.es\/wp-content\/uploads\/2019\/01\/fabadaasturiana.jpg\" alt=\"\" width=\"640\" height=\"384\" srcset=\"https:\/\/elcalaixetdelaiaia.es\/wp-content\/uploads\/2019\/01\/fabadaasturiana.jpg 640w, https:\/\/elcalaixetdelaiaia.es\/wp-content\/uploads\/2019\/01\/fabadaasturiana-300x180.jpg 300w\" sizes=\"(max-width: 640px) 100vw, 640px\" \/><\/p>\n<p>Fabada Asturiana<\/p>\n<p><a href=\"https:\/\/elcalaixetdelaiaia.es\/2017\/02\/fabada-asturiana-tradicional-paso-paso\/\">https:\/\/elcalaixetdelaiaia.es\/2017\/02\/fabada-asturiana-tradicional-paso-paso\/<\/a><\/p>\n<p>Bueno&#8230;.faltan muchas recetas con garbanzos y lentejas, pero podr\u00e9is encontrar todas las que tengo publicadas, usando el buscador. Espero que os haya sido de ayuda.<\/p>\n<p>\u00abA la taula i&#8230;&#8230;.BON PROFIT!!! \u00bb<\/p>\n<div>Espero tus comentarios que para mi son MUY importantes y recuerda que tambi\u00e9n estoy en Facebook <a href=\"https:\/\/www.facebook.com\/El-calaixet-de-la-iaia-533062140099386\/\">https:\/\/www.facebook.com\/El-calaixet-de-la-iaia-533062140099386\/<\/a><\/div>\n<div>Si quieres recibir mis actualizaciones por mail, al final de \u00e9sta p\u00e1gina a la izquierda tienes como hacer para introducir tu correo electr\u00f3nico y no perderte las actualizaciones de mis recetas \u00a1Gracias!<\/div>\n","protected":false},"excerpt":{"rendered":"<p>\u00abRefrany; Quan fa fred, o plou, fesols al foc\u00bb Cuando hace fr\u00edo o llueve, alubias al fuego. Publicaba anteayer, mi truco para cocer garbanzos sin remojo previo, pinchando en el enlace, podr\u00e9is ver el paso a paso https:\/\/elcalaixetdelaiaia.es\/2019\/01\/como-cocer-garbanzos-sin-remojo-previo\/ que tambi\u00e9n podr\u00eda servir para las jud\u00edas o alubias, pero para este &hellip; <\/p>\n","protected":false},"author":2,"featured_media":18857,"comment_status":"open","ping_status":"open","sticky":false,"template":"","format":"standard","meta":[],"categories":[34,1,54],"tags":[],"_links":{"self":[{"href":"https:\/\/elcalaixetdelaiaia.es\/index.php?rest_route=\/wp\/v2\/posts\/18849"}],"collection":[{"href":"https:\/\/elcalaixetdelaiaia.es\/index.php?rest_route=\/wp\/v2\/posts"}],"about":[{"href":"https:\/\/elcalaixetdelaiaia.es\/index.php?rest_route=\/wp\/v2\/types\/post"}],"author":[{"embeddable":true,"href":"https:\/\/elcalaixetdelaiaia.es\/index.php?rest_route=\/wp\/v2\/users\/2"}],"replies":[{"embeddable":true,"href":"https:\/\/elcalaixetdelaiaia.es\/index.php?rest_route=%2Fwp%2Fv2%2Fcomments&post=18849"}],"version-history":[{"count":9,"href":"https:\/\/elcalaixetdelaiaia.es\/index.php?rest_route=\/wp\/v2\/posts\/18849\/revisions"}],"predecessor-version":[{"id":18989,"href":"https:\/\/elcalaixetdelaiaia.es\/index.php?rest_route=\/wp\/v2\/posts\/18849\/revisions\/18989"}],"wp:featuredmedia":[{"embeddable":true,"href":"https:\/\/elcalaixetdelaiaia.es\/index.php?rest_route=\/wp\/v2\/media\/18857"}],"wp:attachment":[{"href":"https:\/\/elcalaixetdelaiaia.es\/index.php?rest_route=%2Fwp%2Fv2%2Fmedia&parent=18849"}],"wp:term":[{"taxonomy":"category","embeddable":true,"href":"https:\/\/elcalaixetdelaiaia.es\/index.php?rest_route=%2Fwp%2Fv2%2Fcategories&post=18849"},{"taxonomy":"post_tag","embeddable":true,"href":"https:\/\/elcalaixetdelaiaia.es\/index.php?rest_route=%2Fwp%2Fv2%2Ftags&post=18849"}],"curies":[{"name":"wp","href":"https:\/\/api.w.org\/{rel}","templated":true}]}}