{"id":18695,"date":"2019-01-08T13:38:55","date_gmt":"2019-01-08T13:38:55","guid":{"rendered":"http:\/\/elcalaixetdelaiaia.es\/?p=18695"},"modified":"2024-01-25T14:17:30","modified_gmt":"2024-01-25T14:17:30","slug":"cebolla-caramelizada-sin-azucar-foto-a-foto-paso-a-paso","status":"publish","type":"post","link":"https:\/\/elcalaixetdelaiaia.es\/?p=18695","title":{"rendered":"Cebolla caramelizada sin az\u00facar foto a foto paso a paso"},"content":{"rendered":"<p>\u00abRefrany; La ceba pel mat\u00ed \u00e9s or; pel migdia, plata, i per la nit, mata.\u00bb La cebolla por la ma\u00f1ana es oro, al medio dia plata y por la noche mata.<\/p>\n<div>Cebolla&#8230;mi iaia dec\u00eda \u00abceba a la vida\u00bb. Y es que la pobrecita sobrevivi\u00f3 a la postguerra (como taaaantos), gracias a la cebolla y estrapero casero con el \u00abpa negre\u00bb \u00abpa de dacsa\u00bb y \u00abmoniatos\u00bb, como siempre contaba&#8230;&#8230;<\/div>\n<div><\/div>\n<div>Bueno, a la cebolla, que es un ingrediente b\u00e1sico en mi cocina y que procuro no falte jam\u00e1s. Me encanta cocinar con cebolla y casi siempre intento hacerlo con cebolla tierna, es imprescindible en la cocina pues es uno de los condimentos m\u00e1s empleados en la cultura gastron\u00f3mica mediterr\u00e1nea.Gracias a su jugosidad, la cebolla permite cocinar con muy poco aceite y agua. Encurtida, frita, rebozada, hervida, al horno, caramelizada o cruda la cebolla es sencillamente deliciosa.<\/div>\n<div class=\"separator\"><\/div>\n<div class=\"separator\"><a href=\"https:\/\/elcalaixetdelaiaia.es\/wp-content\/uploads\/2014\/01\/IMG_2314-1024x682.jpg\"><img decoding=\"async\" loading=\"lazy\" class=\"aligncenter\" src=\"https:\/\/elcalaixetdelaiaia.es\/wp-content\/uploads\/2014\/01\/IMG_2314-1024x682.jpg\" width=\"704\" height=\"469\" border=\"0\" \/><\/a><\/div>\n<div class=\"separator\"><\/div>\n<div class=\"separator\">Que bonita garba, hasta parece un ramo de flores blancas&#8230;.<\/div>\n<div class=\"separator\"><\/div>\n<div class=\"separator\">Estimula el apetito y regulariza las funciones del est\u00f3mago, es diur\u00e9tica, por lo tanto es un medio importante, como depurativo del organismo. Contiene vitaminas y sales minerales, azufre, f\u00f3sforo, hierro, calcio, sodio, magnesio etc&#8230;..<\/div>\n<div>En los lugares muy fr\u00edos, como Arag\u00f3n es una gran ayuda contra el picor de los saba\u00f1ones, y de siempre se ha utilizado restregada sobre los mismos. As\u00ed mismo es\u00a0muy efectiva contra las picaduras de insectos por sus propiedades bactericidas ya que la convierten en un buen desinfectante.<\/div>\n<div><\/div>\n<div>Hoy he preparado cebolla caramelizada.<\/div>\n<div><\/div>\n<div>\n<div class=\"separator\"><a href=\"https:\/\/elcalaixetdelaiaia.es\/wp-content\/uploads\/2014\/01\/SAM_3994-768x1024.jpg\"><img decoding=\"async\" loading=\"lazy\" class=\"aligncenter\" src=\"https:\/\/elcalaixetdelaiaia.es\/wp-content\/uploads\/2014\/01\/SAM_3994-768x1024.jpg\" width=\"438\" height=\"584\" border=\"0\" \/><\/a><\/div>\n<\/div>\n<div>Al contrario de lo que mucha gente piensa, mi cebolla caramelizada NO LLEVA AZ\u00daCAR, ni blanco ni moreno, tampoco vinagre de m\u00f3dena&#8230;solo lleva TIEMPO.<\/div>\n<div>En casi todas las recetas, suelen a\u00f1adir az\u00facar moreno, pero en la m\u00eda no, el az\u00facar es el natural que suelta la propia cebolla \ud83d\ude09<br \/>\nHe le\u00eddo (creo que en la revista Consumer) ,que dicen que en El Bulli, la hac\u00edan as\u00ed. Yo no lo se&#8230; nunca he comido en El Bulli pero os puedo asegurar que hace 50 a\u00f1os, en la cocina de Conxeta, mi iaia, ya la hac\u00eda as\u00ed. Posteriormente he aprendido los bautizos del AOVE, lo de brunois, lo del \u00a0Maillard&#8230; y otras tantas palabras que, al fin y al cabo son la cocina de todas las iaias, la cocina de toda la vida.<\/div>\n<div><\/div>\n<div>Necesitaremos;<\/div>\n<div><\/div>\n<div class=\"separator\"><a href=\"https:\/\/elcalaixetdelaiaia.es\/wp-content\/uploads\/2014\/01\/IMG_2317-1024x682.jpg\"><img decoding=\"async\" loading=\"lazy\" class=\"aligncenter\" src=\"https:\/\/elcalaixetdelaiaia.es\/wp-content\/uploads\/2014\/01\/IMG_2317-1024x682.jpg\" width=\"400\" height=\"266\" border=\"0\" \/><\/a><\/div>\n<div>\n<ol>\n<li>Un kilo de cebollas ( nos quedar\u00e1 como un cuarto de k. de cebolla caramelizada)<\/li>\n<li>Cuatro cucharadas soperas de agua<\/li>\n<li>Ocho cucharadas de AOVE<\/li>\n<\/ol>\n<div>Algun@s de vosotrr@s os preguntar\u00e9is que es AOVE&#8230;os lo explico, son las siglas de Aceite de Oliva Virgen Extra, nada mas&#8230;y nada menos, que nuestro oro l\u00edquido.<\/div>\n<\/div>\n<div style=\"text-align: center;\"><\/div>\n<div style=\"text-align: center;\">\n<div class=\"separator\"><a href=\"https:\/\/elcalaixetdelaiaia.es\/wp-content\/uploads\/2014\/01\/SAM_3958-1024x768.jpg\"><img decoding=\"async\" loading=\"lazy\" class=\"\" src=\"https:\/\/elcalaixetdelaiaia.es\/wp-content\/uploads\/2014\/01\/SAM_3958-1024x768.jpg\" width=\"599\" height=\"449\" border=\"0\" \/><\/a><\/div>\n<p>Casi siempre utilizo la cebolla rallada, pero \u00e9sta vez la he cortado en brunoise, o sea en cuadraditos peque\u00f1os vaya.<br \/>\nSeg\u00fan la vay\u00e1is a utilizar pod\u00e9is cortarla en aros, en trozos, ciselada o en juliana, en cubos, eminc\u00e9 o pluma, alaaa cuantos nombre \u00bfehhh? ya ves tu, en cuanto pueda har\u00e9 una entrada con los distintos tipos de corte, ilustrados con fotos.<\/p>\n<div class=\"separator\"><a href=\"https:\/\/elcalaixetdelaiaia.es\/wp-content\/uploads\/2014\/01\/SAM_3959-1024x768.jpg\"><img decoding=\"async\" loading=\"lazy\" class=\"\" src=\"https:\/\/elcalaixetdelaiaia.es\/wp-content\/uploads\/2014\/01\/SAM_3959-1024x768.jpg\" width=\"603\" height=\"452\" border=\"0\" \/><\/a><\/div>\n<\/div>\n<div style=\"text-align: center;\">\n<p>\u00bfTrucos para no llorar mientras la cortamos?\u2026pues de verdad que lo del trozo de cebolla en la cabeza da risa, y lo de las gafas de bucear\u2026ni te cuento.<br \/>\nEl causante de nuestras l\u00e1grimas es el sulfuro de alilo, que se produce cuando las c\u00e9lulas rotas de la cebolla quedan expuestas al aire. Mi truco es tenerlas en la nevera, y unos minutos antes ponerlas en el congelador, mantener la tabla lo mas lejos de los brazos, encender el extractor de humos, y un buen cuchillo que corte limpiamente,o un buen y afilado rallador, ya que casi siempre la rallo, as\u00ed que ya sab\u00e9is que si les dais frio, bajar\u00e1 el nivel de actividad de la enzima.<\/p>\n<\/div>\n<div style=\"text-align: center;\">\n<div class=\"separator\"><a href=\"https:\/\/elcalaixetdelaiaia.es\/wp-content\/uploads\/2014\/01\/SAM_3960-1024x768.jpg\"><img decoding=\"async\" loading=\"lazy\" class=\"\" src=\"https:\/\/elcalaixetdelaiaia.es\/wp-content\/uploads\/2014\/01\/SAM_3960-1024x768.jpg\" width=\"617\" height=\"463\" border=\"0\" \/><\/a><\/div>\n<\/div>\n<div style=\"text-align: center;\">Ponemos el aceite a calentar e incorporamos la cebolla, y dejaremos pochar (cocer lentamente, para que pierda el agua y se vuelva transparente).<\/div>\n<div style=\"text-align: center;\">\n<div class=\"separator\"><a href=\"https:\/\/elcalaixetdelaiaia.es\/wp-content\/uploads\/2014\/01\/SAM_3961-1024x768.jpg\"><img decoding=\"async\" loading=\"lazy\" class=\"\" src=\"https:\/\/elcalaixetdelaiaia.es\/wp-content\/uploads\/2014\/01\/SAM_3961-1024x768.jpg\" width=\"608\" height=\"456\" border=\"0\" \/><\/a><\/div>\n<\/div>\n<div style=\"text-align: center;\">El proceso de caramelizado durar\u00e1 aproximadamente una hora y media, si&#8230; no os asust\u00e9is, \u00e9so es lo que cuesta, (y madre m\u00eda, al precio de la luz), pero tampoco hace falta que est\u00e9is la hora y medio de cuerpo presente, dale que te dale a la cuchara de madera. Solo ten\u00e9is que estar pendiente de que no se queme, y que est\u00e9 a fuego lento y tapada.<\/div>\n<div style=\"text-align: center;\">\n<div class=\"separator\"><a href=\"https:\/\/elcalaixetdelaiaia.es\/wp-content\/uploads\/2014\/01\/SAM_3962-1024x768.jpg\"><img decoding=\"async\" loading=\"lazy\" class=\"\" src=\"https:\/\/elcalaixetdelaiaia.es\/wp-content\/uploads\/2014\/01\/SAM_3962-1024x768.jpg\" width=\"606\" height=\"455\" border=\"0\" \/><\/a><\/div>\n<p>veremos como se va volviendo transparente<\/p>\n<\/div>\n<div style=\"text-align: center;\">\n<div class=\"separator\"><a href=\"https:\/\/elcalaixetdelaiaia.es\/wp-content\/uploads\/2014\/01\/SAM_3965-1024x768.jpg\"><img decoding=\"async\" loading=\"lazy\" class=\"\" src=\"https:\/\/elcalaixetdelaiaia.es\/wp-content\/uploads\/2014\/01\/SAM_3965-1024x768.jpg\" width=\"599\" height=\"449\" border=\"0\" \/><\/a><\/div>\n<\/div>\n<div style=\"text-align: center;\"><\/div>\n<div style=\"text-align: center;\">Poco a poco veremos como se va dorando y disminuyendo en volumen<\/div>\n<div style=\"text-align: center;\"><\/div>\n<div style=\"text-align: center;\">\n<div class=\"separator\"><a href=\"https:\/\/elcalaixetdelaiaia.es\/wp-content\/uploads\/2014\/01\/SAM_3964-1024x768.jpg\"><img decoding=\"async\" loading=\"lazy\" class=\"\" src=\"https:\/\/elcalaixetdelaiaia.es\/wp-content\/uploads\/2014\/01\/SAM_3964-1024x768.jpg\" width=\"604\" height=\"453\" border=\"0\" \/><\/a><\/div>\n<div class=\"separator\"><a href=\"https:\/\/elcalaixetdelaiaia.es\/wp-content\/uploads\/2014\/01\/SAM_3967-1024x768.jpg\"><img decoding=\"async\" loading=\"lazy\" class=\"\" src=\"https:\/\/elcalaixetdelaiaia.es\/wp-content\/uploads\/2014\/01\/SAM_3967-1024x768.jpg\" width=\"599\" height=\"449\" border=\"0\" \/><\/a><\/div>\n<div class=\"separator\"><a href=\"https:\/\/elcalaixetdelaiaia.es\/wp-content\/uploads\/2014\/01\/SAM_3968-1024x768.jpg\"><img decoding=\"async\" loading=\"lazy\" class=\"\" src=\"https:\/\/elcalaixetdelaiaia.es\/wp-content\/uploads\/2014\/01\/SAM_3968-1024x768.jpg\" width=\"594\" height=\"446\" border=\"0\" \/><\/a><\/div>\n<div class=\"separator\"><a href=\"https:\/\/elcalaixetdelaiaia.es\/wp-content\/uploads\/2014\/01\/SAM_3969-1024x768.jpg\"><img decoding=\"async\" loading=\"lazy\" class=\"\" src=\"https:\/\/elcalaixetdelaiaia.es\/wp-content\/uploads\/2014\/01\/SAM_3969-1024x768.jpg\" width=\"600\" height=\"450\" border=\"0\" \/><\/a><\/div>\n<div class=\"separator\"><a href=\"https:\/\/elcalaixetdelaiaia.es\/wp-content\/uploads\/2014\/01\/SAM_3971-1024x768.jpg\"><img decoding=\"async\" loading=\"lazy\" class=\"\" src=\"https:\/\/elcalaixetdelaiaia.es\/wp-content\/uploads\/2014\/01\/SAM_3971-1024x768.jpg\" width=\"599\" height=\"449\" border=\"0\" \/><\/a><\/div>\n<div class=\"separator\"><a href=\"https:\/\/elcalaixetdelaiaia.es\/wp-content\/uploads\/2014\/01\/SAM_3972-1024x768.jpg\"><img decoding=\"async\" loading=\"lazy\" class=\"\" src=\"https:\/\/elcalaixetdelaiaia.es\/wp-content\/uploads\/2014\/01\/SAM_3972-1024x768.jpg\" width=\"599\" height=\"449\" border=\"0\" \/><\/a><\/div>\n<\/div>\n<div><\/div>\n<div style=\"text-align: center;\">Y va tomando un color CARAMELO, de ah\u00ed el nombre.<\/div>\n<div><\/div>\n<div style=\"text-align: center;\">\n<div class=\"separator\"><a href=\"https:\/\/elcalaixetdelaiaia.es\/wp-content\/uploads\/2014\/01\/SAM_3973-1024x768.jpg\"><img decoding=\"async\" loading=\"lazy\" class=\"\" src=\"https:\/\/elcalaixetdelaiaia.es\/wp-content\/uploads\/2014\/01\/SAM_3973-1024x768.jpg\" width=\"607\" height=\"455\" border=\"0\" \/><\/a><\/div>\n<\/div>\n<div style=\"text-align: center;\"><\/div>\n<div style=\"text-align: center;\">Esto se produce debido a la llamada\u00a0reacci\u00f3n de Maillard,<\/div>\n<div><\/div>\n<div style=\"text-align: center;\">\n<div class=\"separator\"><a href=\"https:\/\/elcalaixetdelaiaia.es\/wp-content\/uploads\/2014\/01\/SAM_3974-1024x768.jpg\"><img decoding=\"async\" loading=\"lazy\" class=\"\" src=\"https:\/\/elcalaixetdelaiaia.es\/wp-content\/uploads\/2014\/01\/SAM_3974-1024x768.jpg\" width=\"610\" height=\"457\" border=\"0\" \/><\/a><\/div>\n<\/div>\n<div><\/div>\n<div style=\"text-align: center;\">\u00a0porque se derrite el az\u00facar natural de la cebolla y es la causante del precioso color caramelo.<\/div>\n<div style=\"text-align: center;\"><\/div>\n<div style=\"text-align: center;\">\n<div class=\"separator\"><a href=\"https:\/\/elcalaixetdelaiaia.es\/wp-content\/uploads\/2014\/01\/SAM_3975-1024x768.jpg\"><img decoding=\"async\" loading=\"lazy\" class=\"\" src=\"https:\/\/elcalaixetdelaiaia.es\/wp-content\/uploads\/2014\/01\/SAM_3975-1024x768.jpg\" width=\"603\" height=\"452\" border=\"0\" \/><\/a><\/div>\n<div><\/div>\n<\/div>\n<div style=\"text-align: center;\">A los 60 minutos,aproximadamente a\u00f1adimos el agua en cucharaditas y removemos para que se mezcle bien.<\/div>\n<div style=\"text-align: center;\"><\/div>\n<div style=\"text-align: center;\">\n<div class=\"separator\"><a href=\"https:\/\/elcalaixetdelaiaia.es\/wp-content\/uploads\/2014\/01\/SAM_3976-1024x768.jpg\"><img decoding=\"async\" loading=\"lazy\" class=\"\" src=\"https:\/\/elcalaixetdelaiaia.es\/wp-content\/uploads\/2014\/01\/SAM_3976-1024x768.jpg\" width=\"603\" height=\"452\" border=\"0\" \/><\/a><\/div>\n<p>Puede que necesite uno poquito mas de agua, si es as\u00ed la iremos a\u00f1adiendo a cucharaditas,<\/p>\n<div class=\"separator\"><a href=\"https:\/\/elcalaixetdelaiaia.es\/wp-content\/uploads\/2014\/01\/SAM_3977-1024x768.jpg\"><img decoding=\"async\" loading=\"lazy\" class=\"\" src=\"https:\/\/elcalaixetdelaiaia.es\/wp-content\/uploads\/2014\/01\/SAM_3977-1024x768.jpg\" width=\"601\" height=\"451\" border=\"0\" \/><\/a><\/div>\n<p>y seguiremos removiendo para que vaya caramelizando uniformemente,<\/p>\n<div class=\"separator\"><a href=\"https:\/\/elcalaixetdelaiaia.es\/wp-content\/uploads\/2014\/01\/SAM_3978-1024x753.jpg\"><img decoding=\"async\" loading=\"lazy\" class=\"\" src=\"https:\/\/elcalaixetdelaiaia.es\/wp-content\/uploads\/2014\/01\/SAM_3978-1024x753.jpg\" width=\"601\" height=\"442\" border=\"0\" \/><\/a><\/div>\n<p>si quer\u00e9is pod\u00e9is a\u00f1adir apenas una pizquita de sal, para hacer contraste de sabores, yo solo le a\u00f1ado el agua&#8230;nada mas.<\/p>\n<\/div>\n<div style=\"text-align: center;\">\n<div class=\"separator\"><a href=\"https:\/\/elcalaixetdelaiaia.es\/wp-content\/uploads\/2014\/01\/SAM_3979-1024x768.jpg\"><img decoding=\"async\" loading=\"lazy\" class=\"\" src=\"https:\/\/elcalaixetdelaiaia.es\/wp-content\/uploads\/2014\/01\/SAM_3979-1024x768.jpg\" width=\"611\" height=\"458\" border=\"0\" \/><\/a><\/div>\n<\/div>\n<div style=\"text-align: center;\"><\/div>\n<div style=\"text-align: center;\">Dejamos enfriar y tenemos una cebolla caramelizada natural,<\/div>\n<div style=\"text-align: center;\"><\/div>\n<div style=\"text-align: center;\">\n<div class=\"separator\"><a href=\"https:\/\/elcalaixetdelaiaia.es\/wp-content\/uploads\/2014\/01\/SAM_3993-768x1024.jpg\"><img decoding=\"async\" loading=\"lazy\" class=\"\" src=\"https:\/\/elcalaixetdelaiaia.es\/wp-content\/uploads\/2014\/01\/SAM_3993-768x1024.jpg\" width=\"471\" height=\"628\" border=\"0\" \/><\/a><\/div>\n<p>lista para usar en nuestro plato elegido, guardada en el frigo en botes herm\u00e9ticos y que incluso pod\u00e9is congelar, aunque si, un poco cara sale, pero vamos, pensemos que se cocina al m\u00ednimo.<\/p>\n<\/div>\n<div>\n<div class=\"separator\" style=\"text-align: center;\"><a href=\"https:\/\/elcalaixetdelaiaia.es\/wp-content\/uploads\/2014\/01\/SAM_3981-778x1024.jpg\"><img decoding=\"async\" loading=\"lazy\" class=\"\" src=\"https:\/\/elcalaixetdelaiaia.es\/wp-content\/uploads\/2014\/01\/SAM_3981-778x1024.jpg\" width=\"430\" height=\"566\" border=\"0\" \/><\/a><\/div>\n<p style=\"text-align: center;\">No me he podido resistir y aprovechando que la cebolla estaba calenttita y que sobr\u00f3 un poco de foie de la cena de nochevieja, me he preparado una tosta&#8230; mmmmmm \u00abx\u00e9 que booooo\u00bb<br \/>\n\u00aba la vostra salut\u00bb<\/p>\n<p>Os recomiendo ir prepar\u00e1ndola porque para el fin de semana publicar\u00e9 la receta paso a paso foto a foto de c\u00f3mo hacer \u00abEL FIGATELL\u00bb\u00a0 \ud83d\ude09<\/p>\n<p>Si te gusta \u00e9sta entrada y la compartes, me ayudas a llegar a mas gente. Espero tus comentarios que para mi son MUY importantes y recuerda que tambi\u00e9n estoy en Facebook <a href=\"https:\/\/www.facebook.com\/El-calaixet-de-la-iaia-533062140099386\/\">https:\/\/www.facebook.com\/El-calaixet-de-la-iaia-533062140099386\/<\/a><\/p>\n<div style=\"text-align: center;\">Si quieres recibir mis actualizaciones por mail, al final de \u00e9sta p\u00e1gina a la izquierda tienes como hacer para introducir tu correo electr\u00f3nico y no perderte las actualizaciones de mis recetas \u00a1Gracias!<\/div>\n<\/div>\n","protected":false},"excerpt":{"rendered":"<p>\u00abRefrany; La ceba pel mat\u00ed \u00e9s or; pel migdia, plata, i per la nit, mata.\u00bb La cebolla por la ma\u00f1ana es oro, al medio dia plata y por la noche mata. Cebolla&#8230;mi iaia dec\u00eda \u00abceba a la vida\u00bb. Y es que la pobrecita sobrevivi\u00f3 a la postguerra (como taaaantos), gracias &hellip; <\/p>\n","protected":false},"author":2,"featured_media":18698,"comment_status":"open","ping_status":"open","sticky":false,"template":"","format":"standard","meta":[],"categories":[67,1,54,58],"tags":[],"_links":{"self":[{"href":"https:\/\/elcalaixetdelaiaia.es\/index.php?rest_route=\/wp\/v2\/posts\/18695"}],"collection":[{"href":"https:\/\/elcalaixetdelaiaia.es\/index.php?rest_route=\/wp\/v2\/posts"}],"about":[{"href":"https:\/\/elcalaixetdelaiaia.es\/index.php?rest_route=\/wp\/v2\/types\/post"}],"author":[{"embeddable":true,"href":"https:\/\/elcalaixetdelaiaia.es\/index.php?rest_route=\/wp\/v2\/users\/2"}],"replies":[{"embeddable":true,"href":"https:\/\/elcalaixetdelaiaia.es\/index.php?rest_route=%2Fwp%2Fv2%2Fcomments&post=18695"}],"version-history":[{"count":17,"href":"https:\/\/elcalaixetdelaiaia.es\/index.php?rest_route=\/wp\/v2\/posts\/18695\/revisions"}],"predecessor-version":[{"id":26755,"href":"https:\/\/elcalaixetdelaiaia.es\/index.php?rest_route=\/wp\/v2\/posts\/18695\/revisions\/26755"}],"wp:featuredmedia":[{"embeddable":true,"href":"https:\/\/elcalaixetdelaiaia.es\/index.php?rest_route=\/wp\/v2\/media\/18698"}],"wp:attachment":[{"href":"https:\/\/elcalaixetdelaiaia.es\/index.php?rest_route=%2Fwp%2Fv2%2Fmedia&parent=18695"}],"wp:term":[{"taxonomy":"category","embeddable":true,"href":"https:\/\/elcalaixetdelaiaia.es\/index.php?rest_route=%2Fwp%2Fv2%2Fcategories&post=18695"},{"taxonomy":"post_tag","embeddable":true,"href":"https:\/\/elcalaixetdelaiaia.es\/index.php?rest_route=%2Fwp%2Fv2%2Ftags&post=18695"}],"curies":[{"name":"wp","href":"https:\/\/api.w.org\/{rel}","templated":true}]}}