{"id":18550,"date":"2019-01-04T13:02:58","date_gmt":"2019-01-04T13:02:58","guid":{"rendered":"http:\/\/elcalaixetdelaiaia.es\/?p=18550"},"modified":"2026-01-04T14:09:41","modified_gmt":"2026-01-04T14:09:41","slug":"como-hacer-anguila-o-casca-de-mazapan-y-yema-paso-a-paso","status":"publish","type":"post","link":"https:\/\/elcalaixetdelaiaia.es\/?p=18550","title":{"rendered":"C\u00f3mo hacer anguila o casca de mazap\u00e1n y yema paso a paso"},"content":{"rendered":"<p>\u00abRefrany; Pels Reis, mitja hora el d\u00eda creix\u00bb. Por Reyes, media hora el d\u00eda crece.<\/p>\n<p>El a\u00f1o pasado, ya prepar\u00e9 para Reyes, una receta muy tradicional valenciana de mazap\u00e1n, \u00e9sto era lo que regalaban los iaios y padrinos a los peques el d\u00eda de Reyes hasta que lleg\u00f3 el famoso Rosc\u00f3n o \u00abTortell\u00bb, all\u00e1 por los a\u00f1os 60 y desbanc\u00f3 la Casca de reis de los hogares valencianos, aunque hay pasteler\u00edas que afortunadamente siguen haci\u00e9ndolas.<br \/>\nSe trata de un dulce aut\u00f3ctono y sin duda alguna, pienso que de origen morisco, como la gran mayor\u00eda de los dulces valencianos.<br \/>\nOs animo a recuperar nuestra tradici\u00f3n demand\u00e1ndolas en vuestra pasteler\u00eda o haci\u00e9ndolas en casa ya que el \u00abTortell\u00bb o Rosc\u00f3n est\u00e1 muy rico, pero no tiene nada de tradicional, ni de valenciano, ni de espa\u00f1ol, ya que es un dulce franc\u00e9s y cuyo nombre es <i>g\u00e2teau de la f\u00e8ve<\/i>&#8230; ya ves t\u00fa que cosas.<\/p>\n<p><a href=\"https:\/\/4.bp.blogspot.com\/-BslxP12Cn74\/WGU1jY9TqQI\/AAAAAAAAoSk\/1aiLUSdfy1A1DXDeRKvmsJVMhgnwTxGWACEw\/s1600\/IMG_8737.PNG\"><img decoding=\"async\" loading=\"lazy\" class=\"aligncenter\" src=\"https:\/\/elcalaixetdelaiaia.es\/wp-content\/uploads\/2016\/12\/IMG_8737-1.png\" width=\"640\" height=\"480\" border=\"0\" \/><\/a><\/p>\n<p>Como ya os he contado en algunas ocasiones, mi papi era safor\u00ed, de La Font d&#8217;en Carr\u00f2s y precisamente en la zona de La Safor es donde m\u00e1s popularidad ten\u00edan las cascas y hablo en plural porque se hac\u00edan y hacen con dos rellenos distintos, con moniato (se llama Casca de Gloria) o con yema (se llama Casca de Yema).<br \/>\nSe trata de unas roscas o coronas mucho m\u00e1s peque\u00f1as que el rosc\u00f3n de reyes, ya que el exterior es de mazap\u00e1n y al llevar el relleno de yema o moniato confitado, son un dulce muy potente, y se come en peque\u00f1as porciones.<br \/>\nLa tradici\u00f3n dec\u00eda, que el regalo de la casca iba dentro de una caja de cart\u00f3n muy decorada, y que hab\u00eda que devolverla vac\u00eda para que al siguiente a\u00f1o te la volvieran a regalar los abuelos o los padrinos con una nueva casca de Reis dentro.<\/p>\n<p>No olvidar\u00e9 nunca la primera casca que tuve, y que curiosamente no me regalaron ni mis padrinos, ni mis abuelos, sino mis t\u00edos Teres\u00edn y Vicente. Recuerdo aquella salita en la misma pla\u00e7a dels Angels y aquella mesa, sobre la que estaban los regalos de Reis para todos mis primos, y donde me esperaba una preciosa brillante, roja y redonda caja en cuyo interior completamente dorado se encontraba un dulce manjar, sobre una blonda blanca y una oblea acompa\u00f1ada de bombones, peladillas, monedas de chocolate y otras \u00abllepol\u00edes\u00bb o golosinas, que hicieron el disfrute de toda la familia, gracias a mis t\u00edos, \u00e1mbos fonteros y a los que a\u00f1oro y recuerdo con much\u00edsimo cari\u00f1o. (Desde aqu\u00ed un enorme abrazo y miles de besos a mis primos hermanos Tere y Visen, sus hijos).<\/p>\n<p>No recuerdo si luego le devolvimos la caja a los t\u00edos, y curiosamente tampoco recuerdo otras cascas de otros a\u00f1os, s\u00f3lo aquella primera&#8230;.y ya no est\u00e1n ni mi madre, ni mi padre, para preguntarles si lo hicimos o no.<\/p>\n<p>El a\u00f1o pasado, ya cumpl\u00ed con la promesa que le hice a mi papi de publicar la entrada de la casca, y este a\u00f1o, voy con el otro modelo, para que pod\u00e1is elegir \ud83d\ude09<\/p>\n<p>Este a\u00f1o, he preparado dos, pero con forma de anguila.<\/p>\n<p>Para una anguila necesitaremos;<\/p>\n<div class=\"separator\"><a href=\"https:\/\/1.bp.blogspot.com\/-EJ-s2YySQ_4\/WGU3VLEUpvI\/AAAAAAAAoTY\/PFzBPn4UWRYNzoxv6zxrQ0p16lCIFDwAgCEw\/s1600\/IMG_8366.PNG\"><img decoding=\"async\" loading=\"lazy\" class=\"aligncenter\" src=\"https:\/\/elcalaixetdelaiaia.es\/wp-content\/uploads\/2016\/12\/IMG_8366-1.png\" width=\"640\" height=\"480\" border=\"0\" \/><\/a><\/div>\n<ol>\n<li>250g de az\u00facar glas<\/li>\n<li>250g de almendra molida y pelada<\/li>\n<li>Una pizca de canela en polvo<\/li>\n<li>Harina o Maizena<\/li>\n<li>La ralladura de un lim\u00f3n<\/li>\n<li>Una oblea grande<\/li>\n<li>Una clara de huevo<\/li>\n<li>Pi\u00f1ones<\/li>\n<li>Una rodaja de fruta escarchada<\/li>\n<li>Pi\u00f1ones<\/li>\n<li>Peladillas de pi\u00f1ones<\/li>\n<li>Una yema de huevo para pintar<\/li>\n<\/ol>\n<p>para la yema;<\/p>\n<ol>\n<li>3 yemas de huevo<\/li>\n<li>75g de az\u00facar blanquilla<\/li>\n<\/ol>\n<p>para la glasa;<\/p>\n<ol>\n<li>100g de az\u00facar glas<\/li>\n<li>Una clara de huevo<\/li>\n<li>Una cucharadita de leche<\/li>\n<\/ol>\n<p>Chuches distintas para la decoraci\u00f3n en las cajas.<\/p>\n<div class=\"separator\"><a href=\"https:\/\/2.bp.blogspot.com\/-bW7K5BD4aUE\/WGU3md0wKxI\/AAAAAAAAoVg\/tZs0__a4JjQU4JoiGqnVsvBh39FIzJBEgCEw\/s1600\/IMG_8599.PNG\"><img decoding=\"async\" loading=\"lazy\" class=\"aligncenter\" src=\"https:\/\/elcalaixetdelaiaia.es\/wp-content\/uploads\/2016\/12\/IMG_8599-1.png\" width=\"640\" height=\"480\" border=\"0\" \/><\/a><\/div>\n<div style=\"text-align: center;\">En un cuenco ponemos los 250g de almendra molida y pelada<\/div>\n<div><\/div>\n<div class=\"separator\" style=\"text-align: center;\"><a href=\"https:\/\/3.bp.blogspot.com\/-eUocsHxHrm4\/WGU3ioL2tcI\/AAAAAAAAoTY\/8JekMUDuMPc9xb4rBAizbqYWs_hCzkihwCEw\/s1600\/IMG_8600.PNG\"><img decoding=\"async\" loading=\"lazy\" src=\"https:\/\/elcalaixetdelaiaia.es\/wp-content\/uploads\/2016\/12\/IMG_8600-1.png\" width=\"640\" height=\"480\" border=\"0\" \/><\/a><\/div>\n<div><\/div>\n<div style=\"text-align: center;\">y a\u00f1adimos 250g de az\u00facar blanquilla<\/div>\n<div><\/div>\n<div class=\"separator\" style=\"text-align: center;\"><a href=\"https:\/\/3.bp.blogspot.com\/-ljjnJxC23Nc\/WGVAznM3ZiI\/AAAAAAAAoWM\/1PZuEjL8Gjkwjp9B2pDrUPr0-7-sBGRTwCEw\/s1600\/IMG_8747.PNG\"><img decoding=\"async\" loading=\"lazy\" src=\"https:\/\/elcalaixetdelaiaia.es\/wp-content\/uploads\/2016\/12\/IMG_8747-1.png\" width=\"640\" height=\"480\" border=\"0\" \/><\/a><\/div>\n<div><\/div>\n<div style=\"text-align: center;\">Habr\u00e9is visto que no he puesto el tama\u00f1o de los huevos, pero es que mis huevos son de gallinas de casa, criadas al aire libre con ma\u00edz y y restos de comida caseros, cada huevo tiene un color y un tama\u00f1o y su yema es amarillo intenso. Os recomiendo comprar huevos camperos y ecol\u00f3gicos, porque la diferencia de sabor es muy considerable. De hecho, seg\u00fan el tama\u00f1o y la calidad de vuestro huevos, la clara ser\u00e1 mas densa o fluida y mas o menos abundante, por lo que igual necesitar\u00e9is poner dos claras, eso lo ir\u00e9is viendo en el amasado, comenzar poniendo una s\u00f3lo y luego ya vais viendo la textura de la masa<\/div>\n<div><\/div>\n<div class=\"separator\" style=\"text-align: center;\"><a href=\"https:\/\/3.bp.blogspot.com\/-ijxtpSWA0-o\/WGU3sVfmxJI\/AAAAAAAAoVg\/4lsEYQjfMPUTkAJBOrTZ_7-TGlCaE6vtQCEw\/s1600\/IMG_8601.PNG\"><img decoding=\"async\" loading=\"lazy\" src=\"https:\/\/elcalaixetdelaiaia.es\/wp-content\/uploads\/2016\/12\/IMG_8601-1.png\" width=\"640\" height=\"480\" border=\"0\" \/><\/a><\/div>\n<div><\/div>\n<div style=\"text-align: center;\">Pondremos la clara de un huevo y reservaremos la yema para pintar la casca antes de llevarla al horno<\/div>\n<div><\/div>\n<div class=\"separator\" style=\"text-align: center;\"><a href=\"https:\/\/2.bp.blogspot.com\/-Ke_rpq-ObI0\/WGU30jUSMGI\/AAAAAAAAoVg\/YHsRaXchHMA1U4ZyL_vC2byCGbStJJsWwCEw\/s1600\/IMG_8602.PNG\"><img decoding=\"async\" loading=\"lazy\" src=\"https:\/\/elcalaixetdelaiaia.es\/wp-content\/uploads\/2016\/12\/IMG_8602-1.png\" width=\"640\" height=\"480\" border=\"0\" \/><\/a><\/div>\n<div><\/div>\n<div style=\"text-align: center;\">Lavaremos el lim\u00f3n a fondo, (el m\u00edo es reci\u00e9n cogido del limonero totalmente ecol\u00f3gico y natural y hueleeee) y rallaremos la piel evitando la parta blanca o albedo, porque amarga, la uniremos a la masa<\/div>\n<div><\/div>\n<div class=\"separator\" style=\"text-align: center;\"><a href=\"https:\/\/4.bp.blogspot.com\/-rbHumvXNvZ4\/WGU37bqlphI\/AAAAAAAAoVg\/cI94aGIz7J0ePV3SV6Lr7HcyHDb-3fGGwCEw\/s1600\/IMG_8603.PNG\"><img decoding=\"async\" loading=\"lazy\" src=\"https:\/\/elcalaixetdelaiaia.es\/wp-content\/uploads\/2016\/12\/IMG_8603-1.png\" width=\"640\" height=\"480\" border=\"0\" \/><\/a><\/div>\n<div><\/div>\n<div style=\"text-align: center;\">junto a un pel\u00edn de canela en polvo e iremos \u00abpastant\u00bb, amasando hasta que se integren todos los ingredientes y consigamos una masa homog\u00e9nea, que podamos seguir amasando<\/div>\n<div><\/div>\n<div class=\"separator\" style=\"text-align: center;\"><a href=\"https:\/\/2.bp.blogspot.com\/--_-M58El3dE\/WGVA75WePBI\/AAAAAAAAoWQ\/BttRj6seRB4b6x1ND2S4Q84zV3_lb3crgCEw\/s1600\/IMG_8748.PNG\"><img decoding=\"async\" loading=\"lazy\" src=\"https:\/\/elcalaixetdelaiaia.es\/wp-content\/uploads\/2016\/12\/IMG_8748-1.png\" width=\"640\" height=\"480\" border=\"0\" \/><\/a><\/div>\n<div><\/div>\n<div style=\"text-align: center;\">y dando forma en la superficie de trabajo previamente enharinada con<br \/>\nharina de trigo o de ma\u00edz o con az\u00facar glas, para que no se nos pegue ni a las manos ni a<br \/>\nla superficie, para ayudarnos a que se despegue de la bancada o de las manos, podemos usar todo el az\u00facar glas que nos haga falta<\/div>\n<div><\/div>\n<div class=\"separator\" style=\"text-align: center;\"><a href=\"https:\/\/2.bp.blogspot.com\/-sNfNw52wyXQ\/WGVA99VctlI\/AAAAAAAAoWU\/6wprq6SOTP8yGh1e0V6nISYIsOU9u9W2QCEw\/s1600\/IMG_8749.PNG\"><img decoding=\"async\" loading=\"lazy\" src=\"https:\/\/elcalaixetdelaiaia.es\/wp-content\/uploads\/2016\/12\/IMG_8749-1.png\" width=\"640\" height=\"480\" border=\"0\" \/><\/a><\/div>\n<div><\/div>\n<div style=\"text-align: center;\">formaremos un rulo y enrollaremos con un trapo blanco y limpio o con papel film y dejaremos reposar en el frigo unas doce horas, yo lo dejo toda la noche, este paso es IMPORTANT\u00cdSIMO, para que la masa adquiera la consistencia adecuada<\/div>\n<div><\/div>\n<div class=\"separator\" style=\"text-align: center;\"><a href=\"https:\/\/3.bp.blogspot.com\/--XU-x6HrG5U\/WGU4CO6d5KI\/AAAAAAAAoVg\/Y-x-9BxKN2cdXe7guGM2K5bjn6ZG_WlbACEw\/s1600\/IMG_8605.PNG\"><img decoding=\"async\" loading=\"lazy\" src=\"https:\/\/elcalaixetdelaiaia.es\/wp-content\/uploads\/2016\/12\/IMG_8605-1.png\" width=\"640\" height=\"480\" border=\"0\" \/><\/a><\/div>\n<div><\/div>\n<div style=\"text-align: center;\">prepararemos el dulce de yema para rellenar nuestra casca, quitando la clara a tres yemas y reservando, pondremos las yemas en un recipiente apto para microondas y a\u00f1adiremos a las tres yemas 75g de az\u00facar blanquilla, batiremos, y llevaremos al microondas a 800w durante 40 segundos, sacaremos batiremos y pondremos en el micro otros 40 segundos mas, volveremos a batir<\/div>\n<div><\/div>\n<div class=\"separator\" style=\"text-align: center;\"><a href=\"https:\/\/1.bp.blogspot.com\/-5mf-E6W85xk\/WGU4JF0BaOI\/AAAAAAAAoVg\/42kM-ZTHUTMSG8bUiJ_j9ti1F7uVWXXYQCEw\/s1600\/IMG_8606.PNG\"><img decoding=\"async\" loading=\"lazy\" src=\"https:\/\/elcalaixetdelaiaia.es\/wp-content\/uploads\/2016\/12\/IMG_8606-1.png\" width=\"640\" height=\"480\" border=\"0\" \/><\/a><\/div>\n<div><\/div>\n<div style=\"text-align: center;\">y pondremos por ultima vez en el micro, \u00e9sta vez solo 30 segundos, tened en cuenta que cuando se enfr\u00ede espesa bastante, respetad, los tiempos, la potencia y los batidos para que os quede en su punto<\/div>\n<div><\/div>\n<div class=\"separator\" style=\"text-align: center;\"><a href=\"https:\/\/1.bp.blogspot.com\/-S9raZbewoRg\/WGVERfwviGI\/AAAAAAAAoXU\/EVZYSzoY8q8ioQgt_YBF8ZfVQPOZkl06wCLcB\/s1600\/IMG_8752.PNG\"><img decoding=\"async\" loading=\"lazy\" src=\"https:\/\/elcalaixetdelaiaia.es\/wp-content\/uploads\/2016\/12\/IMG_8752-1.png\" width=\"640\" height=\"480\" border=\"0\" \/><\/a><\/div>\n<div><\/div>\n<div style=\"text-align: center;\">la pondremos en un cuenco y la cubriremos con papel film tocando la crema, para que no se forme costra y la dejaremos en el frigo junto al mazap\u00e1n, toda la noche<\/div>\n<div><\/div>\n<div class=\"separator\" style=\"text-align: center;\"><a href=\"https:\/\/2.bp.blogspot.com\/-L0LbCshObxo\/WGVESMAH-VI\/AAAAAAAAoXY\/36p6YOG3CXg0skYzMgAZEcHKCdG-gCTIQCLcB\/s1600\/IMG_8754.PNG\"><img decoding=\"async\" loading=\"lazy\" src=\"https:\/\/elcalaixetdelaiaia.es\/wp-content\/uploads\/2016\/12\/IMG_8754-1.png\" width=\"640\" height=\"480\" border=\"0\" \/><\/a><\/div>\n<div><\/div>\n<div style=\"text-align: center;\">al d\u00eda siguiente o doce horas despu\u00e9s,o incluso 24horas, prepararemos papel film espolvoreado de harina o az\u00facar glas<\/div>\n<div><\/div>\n<div class=\"separator\" style=\"text-align: center;\"><a href=\"https:\/\/2.bp.blogspot.com\/-7KKXOshnEPI\/WGVEa2UB54I\/AAAAAAAAoXg\/mzjmLfGu6dQSZhN7cQfYB9gWyDsy7aCPACLcB\/s1600\/IMG_8755.PNG\"><img decoding=\"async\" loading=\"lazy\" src=\"https:\/\/elcalaixetdelaiaia.es\/wp-content\/uploads\/2016\/12\/IMG_8755-1.png\" width=\"640\" height=\"480\" border=\"0\" \/><\/a><\/div>\n<div><\/div>\n<div style=\"text-align: center;\">pondremos la yema, en el papel film y formaremos el rulo con el que rellenaremos el mazap\u00e1n<\/div>\n<div><\/div>\n<div class=\"separator\" style=\"text-align: center;\"><a href=\"https:\/\/2.bp.blogspot.com\/-lemaorGBlak\/WGVBTPWabnI\/AAAAAAAAoWk\/RFaVbLCk8qkpKyA2JfOUAJLDlkIiQR2yACEw\/s1600\/IMG_8750.PNG\"><img decoding=\"async\" loading=\"lazy\" src=\"https:\/\/elcalaixetdelaiaia.es\/wp-content\/uploads\/2016\/12\/IMG_8750-1.png\" width=\"640\" height=\"480\" border=\"0\" \/><\/a><\/div>\n<div><\/div>\n<div style=\"text-align: center;\">sacaremos el rulo de mazap\u00e1n del frigo haremos un rulo alargado y nos untaremos las manos bien con az\u00facar glas para que no se nos pegue<\/div>\n<div><\/div>\n<div class=\"separator\" style=\"text-align: center;\"><a href=\"https:\/\/4.bp.blogspot.com\/-Vs3WZtwBgzQ\/WGVBayn1zFI\/AAAAAAAAoWo\/8-mA56WlaSQZnp9Vzh3VBQJUf4JHvTEdQCEw\/s1600\/IMG_8751.PNG\"><img decoding=\"async\" loading=\"lazy\" src=\"https:\/\/elcalaixetdelaiaia.es\/wp-content\/uploads\/2016\/12\/IMG_8751-1.png\" width=\"640\" height=\"480\" border=\"0\" \/><\/a><\/div>\n<div><\/div>\n<div style=\"text-align: center;\">formaremos un canal o hueco<\/div>\n<div><\/div>\n<div class=\"separator\" style=\"text-align: center;\"><a href=\"https:\/\/3.bp.blogspot.com\/-28ZxjVdWkUU\/WGU4VjX2QAI\/AAAAAAAAoVg\/JPJmDGy9m-8dS_EJP0__RyDINNtP8gquACEw\/s1600\/IMG_8608.PNG\"><img decoding=\"async\" loading=\"lazy\" src=\"https:\/\/elcalaixetdelaiaia.es\/wp-content\/uploads\/2016\/12\/IMG_8608-1.png\" width=\"640\" height=\"480\" border=\"0\" \/><\/a><\/div>\n<div><\/div>\n<div style=\"text-align: center;\">que nos servir\u00e1<\/div>\n<div><\/div>\n<div class=\"separator\" style=\"text-align: center;\"><a href=\"https:\/\/3.bp.blogspot.com\/-JTk4FyHIPl4\/WGU4Z6pkfkI\/AAAAAAAAoVg\/6ZZWIRM84D0uGgJ2fpEkorIoMzZo-kArQCEw\/s1600\/IMG_8609.PNG\"><img decoding=\"async\" loading=\"lazy\" src=\"https:\/\/elcalaixetdelaiaia.es\/wp-content\/uploads\/2016\/12\/IMG_8609-1.png\" width=\"640\" height=\"480\" border=\"0\" \/><\/a><\/div>\n<div><\/div>\n<div style=\"text-align: center;\">para colocar la yema<\/div>\n<div><\/div>\n<div class=\"separator\" style=\"text-align: center;\"><a href=\"https:\/\/1.bp.blogspot.com\/-57OVoNFxSYs\/WGU4fn_m0XI\/AAAAAAAAoVg\/4PbVezeFGbouKTLtGEXdFJvSAm1kHEffgCEw\/s1600\/IMG_8610.PNG\"><img decoding=\"async\" loading=\"lazy\" src=\"https:\/\/elcalaixetdelaiaia.es\/wp-content\/uploads\/2016\/12\/IMG_8610-1.png\" width=\"640\" height=\"480\" border=\"0\" \/><\/a><\/div>\n<div><\/div>\n<div style=\"text-align: center;\">cerraremos con cuidado procurando que no se salga el relleno<\/div>\n<div><\/div>\n<div style=\"text-align: center;\">\n<div class=\"separator\"><a href=\"https:\/\/2.bp.blogspot.com\/-qV3bN_0pzKI\/WGU4sHyEFLI\/AAAAAAAAoVg\/hY-tsXxnFaQi8ZlieTLSt-re_fDTHiazQCEw\/s1600\/IMG_8612.PNG\"><img decoding=\"async\" loading=\"lazy\" src=\"https:\/\/elcalaixetdelaiaia.es\/wp-content\/uploads\/2016\/12\/IMG_8612-1.png\" width=\"640\" height=\"480\" border=\"0\" \/><\/a><\/div>\n<div><\/div>\n<div>colocaremos sobre el molde una oblea o neula con cuidado de que no se rompa la oblea porque es s\u00faper delicada, la haremos fina y alargada, engrosando una parte para formar la cabeza y afilando el extremo para hacer la cola, ya que hoy les voy a dar forma de anguila, como tambi\u00e9n se hac\u00eda antiguamente, en honor a nuestra maravillosa, extraordinaria y especial Albufera valenciana<\/div>\n<div><\/div>\n<\/div>\n<div style=\"text-align: center;\"><img decoding=\"async\" loading=\"lazy\" class=\"alignnone wp-image-18619\" src=\"https:\/\/elcalaixetdelaiaia.es\/wp-content\/uploads\/2019\/01\/KJNN9924-1024x768.png\" alt=\"\" width=\"646\" height=\"485\" srcset=\"https:\/\/elcalaixetdelaiaia.es\/wp-content\/uploads\/2019\/01\/KJNN9924-1024x768.png 1024w, https:\/\/elcalaixetdelaiaia.es\/wp-content\/uploads\/2019\/01\/KJNN9924-300x225.png 300w, https:\/\/elcalaixetdelaiaia.es\/wp-content\/uploads\/2019\/01\/KJNN9924-768x576.png 768w\" sizes=\"(max-width: 646px) 100vw, 646px\" \/><\/div>\n<div><\/div>\n<div style=\"text-align: center;\">abriremos por la cabeza, para darles forma de boca e introduciremos un trozo de fruta escarchada, en este caso he usado medio kiwi para cada anguila, pod\u00e9is usar, la fruta que quer\u00e1is, media rodaja de naranja, por ejemplo o una cereza. Pondremos unos pi\u00f1ones, a lo largo del cuerpo, como mas nos guste. Con peque\u00f1as peladillas formaremos los ojos, pintaremos con yema de huevo y gratinaremos en el horno entre 10\/15 minutos, ojo no lo descuidemos porque se queman en un plis plas, estas cascas son mas finas que las que hice el a\u00f1o pasado con forma de corona y necesitan muy poco gratinado, en cuanto ve\u00e1is el lomo de la anguila dorarse, apagar el fuego y utilizar unicamente el grill,<strong> NO se os ocurra poner el ventilador<\/strong><\/div>\n<div style=\"text-align: center;\">\n<div>\n<div class=\"separator\"><\/div>\n<div class=\"separator\"><a href=\"https:\/\/3.bp.blogspot.com\/-gJbi3dg67Fs\/WGU5NIKV0fI\/AAAAAAAAoVg\/3LtoWzyhooIka5ZcOjCeAdbfGHPHgEAiwCEw\/s1600\/IMG_8683.PNG\"><img decoding=\"async\" loading=\"lazy\" src=\"https:\/\/elcalaixetdelaiaia.es\/wp-content\/uploads\/2016\/12\/IMG_8683.png\" width=\"640\" height=\"488\" border=\"0\" \/><\/a><\/div>\n<\/div>\n<div><\/div>\n<div>mientras se enfr\u00eda la casca, vamos a preparar la glasa, batiremos una clara<\/div>\n<div><\/div>\n<div class=\"separator\"><a href=\"https:\/\/3.bp.blogspot.com\/-ywN947oVgkE\/WGU5TZVBOmI\/AAAAAAAAoVg\/QMW8NCEO5WsFZntbXhuhjEXX1lwHmwdCwCEw\/s1600\/IMG_8685.PNG\"><img decoding=\"async\" loading=\"lazy\" src=\"https:\/\/elcalaixetdelaiaia.es\/wp-content\/uploads\/2016\/12\/IMG_8685.png\" width=\"640\" height=\"480\" border=\"0\" \/><\/a><\/div>\n<div>\n<p>cuando comience a blanquear iremos a\u00f1adiendo en varias veces 75g de az\u00facar glas, poco a poco, hasta que veamos que hace picos, entonces a\u00f1adiremos una cucharadita de leche, y batiremos otro poco mas.<\/p>\n<p><a href=\"https:\/\/2.bp.blogspot.com\/-8rq4x-yTcKA\/WGU5hQ3cgBI\/AAAAAAAAoVg\/e9ydkUseLv48iDC1CBAyaWMLHL_KtnMFACEw\/s1600\/IMG_8687.PNG\"><img decoding=\"async\" loading=\"lazy\" src=\"https:\/\/elcalaixetdelaiaia.es\/wp-content\/uploads\/2016\/12\/IMG_8687.png\" width=\"640\" height=\"480\" border=\"0\" \/><\/a><\/p>\n<\/div>\n<div>Sabremos que est\u00e1 en el punto de nieve fuerte cuando al dar la vuelta al recipiente, no caiga&#8230; \u00a1suerte! jejeje<\/div>\n<div>no descuid\u00e9is la casca del horno porque en un plis plas, la casca se cuartea, buffffff. La sacaremos enseguida del horno y la dejaremos enfriar sobre la rejilla<\/div>\n<div>con una cuartilla de papel manteca, cebolla, sulfurizado o de horno, haremos una \u00abmesureta\u00bb cono o cucurucho, para hacer la decoraci\u00f3n<\/div>\n<div><\/div>\n<div class=\"separator\"><a href=\"https:\/\/1.bp.blogspot.com\/-9d2nQwxgYIo\/WGU5uJcluBI\/AAAAAAAAoVg\/g9MNzVx3-sUfnljvXGNpvCvlbJU5mQfGQCEw\/s1600\/IMG_8689.PNG\"><img decoding=\"async\" loading=\"lazy\" src=\"https:\/\/elcalaixetdelaiaia.es\/wp-content\/uploads\/2016\/12\/IMG_8689.png\" width=\"640\" height=\"480\" border=\"0\" \/><\/a><\/div>\n<div><\/div>\n<div>lo rellenaremos con la glasa, y procederemos a decorar, con la punta de un palo de brocheta, haremos los orificios de la nariz, y comenzamos con la glasa, perooooooo aseguraros que est\u00e9 la casca fr\u00eda, yo me he precipitado,<\/div>\n<div><\/div>\n<\/div>\n<div style=\"text-align: center;\"><img decoding=\"async\" loading=\"lazy\" class=\"alignnone wp-image-18619\" src=\"https:\/\/elcalaixetdelaiaia.es\/wp-content\/uploads\/2019\/01\/KJNN9924-1024x768.png\" alt=\"\" width=\"650\" height=\"487\" srcset=\"https:\/\/elcalaixetdelaiaia.es\/wp-content\/uploads\/2019\/01\/KJNN9924-1024x768.png 1024w, https:\/\/elcalaixetdelaiaia.es\/wp-content\/uploads\/2019\/01\/KJNN9924-300x225.png 300w, https:\/\/elcalaixetdelaiaia.es\/wp-content\/uploads\/2019\/01\/KJNN9924-768x576.png 768w\" sizes=\"(max-width: 650px) 100vw, 650px\" \/><\/div>\n<div style=\"text-align: center;\">\n<div><\/div>\n<div>porque siempre voy con prisas haciendo mil cosas a la vez y mi anguila no estaba completamente fr\u00eda&#8230; con lo cual, al comenzar a decorar, con la glasa, esta se me derret\u00eda<\/div>\n<div><\/div>\n<\/div>\n<div style=\"text-align: center;\"><img decoding=\"async\" loading=\"lazy\" class=\"alignnone wp-image-18618\" src=\"https:\/\/elcalaixetdelaiaia.es\/wp-content\/uploads\/2019\/01\/CZEI3623-1024x768.png\" alt=\"\" width=\"646\" height=\"485\" srcset=\"https:\/\/elcalaixetdelaiaia.es\/wp-content\/uploads\/2019\/01\/CZEI3623-1024x768.png 1024w, https:\/\/elcalaixetdelaiaia.es\/wp-content\/uploads\/2019\/01\/CZEI3623-300x225.png 300w, https:\/\/elcalaixetdelaiaia.es\/wp-content\/uploads\/2019\/01\/CZEI3623-768x576.png 768w\" sizes=\"(max-width: 646px) 100vw, 646px\" \/><\/div>\n<div><\/div>\n<div style=\"text-align: center;\">como pod\u00e9is ver en la foto. As\u00ed que&#8230; quieta parada y a esperar que se enfr\u00ede, que soy una \u00abprecipitosa\u00bb, como nos dec\u00eda siempre mi marid\u00edn, a mis nietas y a mi<\/div>\n<div><\/div>\n<div style=\"text-align: center;\"><img decoding=\"async\" loading=\"lazy\" class=\"alignnone wp-image-18620\" src=\"https:\/\/elcalaixetdelaiaia.es\/wp-content\/uploads\/2019\/01\/NHZA8539-1024x768.png\" alt=\"\" width=\"647\" height=\"486\" srcset=\"https:\/\/elcalaixetdelaiaia.es\/wp-content\/uploads\/2019\/01\/NHZA8539-1024x768.png 1024w, https:\/\/elcalaixetdelaiaia.es\/wp-content\/uploads\/2019\/01\/NHZA8539-300x225.png 300w, https:\/\/elcalaixetdelaiaia.es\/wp-content\/uploads\/2019\/01\/NHZA8539-768x576.png 768w\" sizes=\"(max-width: 647px) 100vw, 647px\" \/><\/div>\n<div><\/div>\n<div style=\"text-align: center;\">He hecho masa para dos anguilas y las he decorado de distinta forma.<\/div>\n<div><\/div>\n<div style=\"text-align: center;\"><img decoding=\"async\" loading=\"lazy\" class=\"alignnone wp-image-18617\" src=\"https:\/\/elcalaixetdelaiaia.es\/wp-content\/uploads\/2019\/01\/ATLJ7727-1024x768.png\" alt=\"\" width=\"647\" height=\"486\" srcset=\"https:\/\/elcalaixetdelaiaia.es\/wp-content\/uploads\/2019\/01\/ATLJ7727-1024x768.png 1024w, https:\/\/elcalaixetdelaiaia.es\/wp-content\/uploads\/2019\/01\/ATLJ7727-300x225.png 300w, https:\/\/elcalaixetdelaiaia.es\/wp-content\/uploads\/2019\/01\/ATLJ7727-768x576.png 768w\" sizes=\"(max-width: 647px) 100vw, 647px\" \/><\/div>\n<div><\/div>\n<div style=\"text-align: center;\">Una la he colocado sobre una blonda en plata y una vez en su caja, la he decorado con chuches, para los peques y grandes<\/div>\n<div><\/div>\n<div style=\"text-align: center;\"><img decoding=\"async\" loading=\"lazy\" class=\"alignnone wp-image-18621\" src=\"https:\/\/elcalaixetdelaiaia.es\/wp-content\/uploads\/2019\/01\/UDNT1443-1024x768.png\" alt=\"\" width=\"655\" height=\"492\" srcset=\"https:\/\/elcalaixetdelaiaia.es\/wp-content\/uploads\/2019\/01\/UDNT1443-1024x768.png 1024w, https:\/\/elcalaixetdelaiaia.es\/wp-content\/uploads\/2019\/01\/UDNT1443-300x225.png 300w, https:\/\/elcalaixetdelaiaia.es\/wp-content\/uploads\/2019\/01\/UDNT1443-768x576.png 768w\" sizes=\"(max-width: 655px) 100vw, 655px\" \/><\/div>\n<div><\/div>\n<div style=\"text-align: center;\">y aqu\u00ed est\u00e1 la otra, que he dejado con la neula, tal cual. Si vais a tardar en comerla, envolverlas en papel film, porque con el paso de los d\u00edas se van secando y as\u00ed evitaremos que lo hagan demasiado. Estas, no es necesario, porque van a desaparecer enseguida \ud83d\ude0a<\/div>\n<div><\/div>\n<div><img decoding=\"async\" loading=\"lazy\" class=\"wp-image-18627 aligncenter\" src=\"https:\/\/elcalaixetdelaiaia.es\/wp-content\/uploads\/2019\/01\/eZy-Watermark_03-01-2019_08-29-15p.-m.-1024x768.jpg\" alt=\"\" width=\"655\" height=\"492\" srcset=\"https:\/\/elcalaixetdelaiaia.es\/wp-content\/uploads\/2019\/01\/eZy-Watermark_03-01-2019_08-29-15p.-m.-1024x768.jpg 1024w, https:\/\/elcalaixetdelaiaia.es\/wp-content\/uploads\/2019\/01\/eZy-Watermark_03-01-2019_08-29-15p.-m.-300x225.jpg 300w, https:\/\/elcalaixetdelaiaia.es\/wp-content\/uploads\/2019\/01\/eZy-Watermark_03-01-2019_08-29-15p.-m.-768x576.jpg 768w\" sizes=\"(max-width: 655px) 100vw, 655px\" \/><\/div>\n<div><\/div>\n<div><\/div>\n<div><img decoding=\"async\" loading=\"lazy\" class=\"wp-image-18628 aligncenter\" src=\"https:\/\/elcalaixetdelaiaia.es\/wp-content\/uploads\/2019\/01\/eZy-Watermark_03-01-2019_08-28-50p.-m.-1024x768.jpg\" alt=\"\" width=\"659\" height=\"495\" srcset=\"https:\/\/elcalaixetdelaiaia.es\/wp-content\/uploads\/2019\/01\/eZy-Watermark_03-01-2019_08-28-50p.-m.-1024x768.jpg 1024w, https:\/\/elcalaixetdelaiaia.es\/wp-content\/uploads\/2019\/01\/eZy-Watermark_03-01-2019_08-28-50p.-m.-300x225.jpg 300w, https:\/\/elcalaixetdelaiaia.es\/wp-content\/uploads\/2019\/01\/eZy-Watermark_03-01-2019_08-28-50p.-m.-768x576.jpg 768w\" sizes=\"(max-width: 659px) 100vw, 659px\" \/><\/div>\n<div><\/div>\n<div style=\"text-align: center;\">Este es el interior, para que ve\u00e1is como queda la yema&#8230;.mmmmm riqu\u00edsimaaaaa<\/div>\n<div><\/div>\n<div><img decoding=\"async\" loading=\"lazy\" class=\"wp-image-18626 aligncenter\" src=\"https:\/\/elcalaixetdelaiaia.es\/wp-content\/uploads\/2019\/01\/anguilacasca2-1024x829.jpg\" alt=\"\" width=\"654\" height=\"530\" data-temp-aztec-id=\"aa911125-f0f9-4cbd-abfc-bcd4c4ce1dbc\" srcset=\"https:\/\/elcalaixetdelaiaia.es\/wp-content\/uploads\/2019\/01\/anguilacasca2-1024x829.jpg 1024w, https:\/\/elcalaixetdelaiaia.es\/wp-content\/uploads\/2019\/01\/anguilacasca2-300x243.jpg 300w, https:\/\/elcalaixetdelaiaia.es\/wp-content\/uploads\/2019\/01\/anguilacasca2-768x622.jpg 768w\" sizes=\"(max-width: 654px) 100vw, 654px\" \/><\/div>\n<div><\/div>\n<div style=\"text-align: center;\">&#8230;\u00bbA la taula i &#8230;BON PROFIT!!!\u00bb<\/div>\n<div>\n<div><b><i>\u00abTirori, tirori,Senyor Rei, ja estic ac\u00ed.<\/i><\/b><b><i>Casques i torr\u00f3ns son per a m\u00ed. <\/i><\/b><b><i>La palla i les garrofes per al seu ross\u00ed.\u00bb <\/i><\/b><\/div>\n<div>\n<div class=\"separator\"><b><i>Tirori, tirori, Se\u00f1or Rey, ya estoy aqu\u00ed<\/i><\/b><\/div>\n<div class=\"separator\"><b><i>Cascas y turrones son para m\u00ed<\/i><\/b><\/div>\n<div class=\"separator\"><b><i>La paja y las algarrobas, para su roc\u00edn.<\/i><\/b><\/div>\n<div><\/div>\n<div class=\"separator\"><b><i>Espero que los Reyes magos de Oriente, os hayan colmado de regalos y se cumplan vuestro sue\u00f1os.<\/i><\/b><\/div>\n<div>\n<div>Espero vuestros comentarios que para mi son MUY importantes y recordad que tambi\u00e9n estoy en Facebook <a href=\"https:\/\/www.facebook.com\/El-calaixet-de-la-iaia-533062140099386\/\">https:\/\/www.facebook.com\/El-calaixet-de-la-iaia-533062140099386\/<\/a><\/div>\n<div>Si quer\u00e9is recibir mis actualizaciones por mail, al final de \u00e9sta p\u00e1gina a la izquierda ten\u00e9is como hacer para introducir vuestro correo electr\u00f3nico y no perderte las actualizaciones de mis recetas \u00a1Gracias!<\/div>\n<div>Edito esta entrada la v\u00edspera de Reyes de 2026 porque una seguidora de Facebook, me ha dicho que en 2022, hizo mi receta y les gust\u00f3 mucho. le he pedido que si conservaba fotos de su casca, me encantar\u00eda incorporarla a esta receta y aqu\u00ed est\u00e1;<\/div>\n<div><img decoding=\"async\" loading=\"lazy\" class=\"alignnone size-full wp-image-28791\" src=\"https:\/\/elcalaixetdelaiaia.es\/wp-content\/uploads\/2019\/01\/IMG_2353.jpeg\" alt=\"\" width=\"720\" height=\"960\" srcset=\"https:\/\/elcalaixetdelaiaia.es\/wp-content\/uploads\/2019\/01\/IMG_2353.jpeg 720w, https:\/\/elcalaixetdelaiaia.es\/wp-content\/uploads\/2019\/01\/IMG_2353-225x300.jpeg 225w\" sizes=\"(max-width: 720px) 100vw, 720px\" \/> <img decoding=\"async\" loading=\"lazy\" class=\"alignnone size-full wp-image-28792\" src=\"https:\/\/elcalaixetdelaiaia.es\/wp-content\/uploads\/2019\/01\/IMG_2354.jpeg\" alt=\"\" width=\"720\" height=\"960\" srcset=\"https:\/\/elcalaixetdelaiaia.es\/wp-content\/uploads\/2019\/01\/IMG_2354.jpeg 720w, https:\/\/elcalaixetdelaiaia.es\/wp-content\/uploads\/2019\/01\/IMG_2354-225x300.jpeg 225w\" sizes=\"(max-width: 720px) 100vw, 720px\" \/><\/div>\n<div>El resultado es magn\u00edfico. La verdad, es que como podr\u00e9is comprobar en las im\u00e1genes, de 10. Mil gracias por confiar e mis recetas, cocinarlas y dec\u00edrmelo, es una gran satisfacci\u00f3n para mi, y la mayor gratificaci\u00f3n a mi trabajo.<\/div>\n<\/div>\n<\/div>\n<\/div>\n","protected":false},"excerpt":{"rendered":"<p>\u00abRefrany; Pels Reis, mitja hora el d\u00eda creix\u00bb. Por Reyes, media hora el d\u00eda crece. El a\u00f1o pasado, ya prepar\u00e9 para Reyes, una receta muy tradicional valenciana de mazap\u00e1n, \u00e9sto era lo que regalaban los iaios y padrinos a los peques el d\u00eda de Reyes hasta que lleg\u00f3 el famoso &hellip; <\/p>\n","protected":false},"author":2,"featured_media":18625,"comment_status":"open","ping_status":"open","sticky":false,"template":"","format":"standard","meta":[],"categories":[6,1],"tags":[],"_links":{"self":[{"href":"https:\/\/elcalaixetdelaiaia.es\/index.php?rest_route=\/wp\/v2\/posts\/18550"}],"collection":[{"href":"https:\/\/elcalaixetdelaiaia.es\/index.php?rest_route=\/wp\/v2\/posts"}],"about":[{"href":"https:\/\/elcalaixetdelaiaia.es\/index.php?rest_route=\/wp\/v2\/types\/post"}],"author":[{"embeddable":true,"href":"https:\/\/elcalaixetdelaiaia.es\/index.php?rest_route=\/wp\/v2\/users\/2"}],"replies":[{"embeddable":true,"href":"https:\/\/elcalaixetdelaiaia.es\/index.php?rest_route=%2Fwp%2Fv2%2Fcomments&post=18550"}],"version-history":[{"count":20,"href":"https:\/\/elcalaixetdelaiaia.es\/index.php?rest_route=\/wp\/v2\/posts\/18550\/revisions"}],"predecessor-version":[{"id":28793,"href":"https:\/\/elcalaixetdelaiaia.es\/index.php?rest_route=\/wp\/v2\/posts\/18550\/revisions\/28793"}],"wp:featuredmedia":[{"embeddable":true,"href":"https:\/\/elcalaixetdelaiaia.es\/index.php?rest_route=\/wp\/v2\/media\/18625"}],"wp:attachment":[{"href":"https:\/\/elcalaixetdelaiaia.es\/index.php?rest_route=%2Fwp%2Fv2%2Fmedia&parent=18550"}],"wp:term":[{"taxonomy":"category","embeddable":true,"href":"https:\/\/elcalaixetdelaiaia.es\/index.php?rest_route=%2Fwp%2Fv2%2Fcategories&post=18550"},{"taxonomy":"post_tag","embeddable":true,"href":"https:\/\/elcalaixetdelaiaia.es\/index.php?rest_route=%2Fwp%2Fv2%2Ftags&post=18550"}],"curies":[{"name":"wp","href":"https:\/\/api.w.org\/{rel}","templated":true}]}}