{"id":18341,"date":"2018-12-08T19:29:13","date_gmt":"2018-12-08T19:29:13","guid":{"rendered":"http:\/\/elcalaixetdelaiaia.es\/?p=18341"},"modified":"2023-12-13T10:54:43","modified_gmt":"2023-12-13T10:54:43","slug":"bizcocho-sin-azucar-para-diabeticos-paso-a-paso","status":"publish","type":"post","link":"https:\/\/elcalaixetdelaiaia.es\/?p=18341","title":{"rendered":"Bizcocho sin az\u00facar para diab\u00e9ticos paso a paso"},"content":{"rendered":"<p>\u00abRefrany; La cultura \u00e9s com el sucre, encara que hi haja poc, d\u00f3na dol\u00e7or\u00bbLa cultura es como el az\u00facar, aunque haya poco, da dulzor.<\/p>\n<p>Pues la receta de hoy, es dulce, pero no lleva ni pizca de az\u00facar. Ya hace tiempo que os la deb\u00eda, pues os he contado muchas veces que mi mami era diab\u00e9tica, (al igual que su hermana, mi segunda madre,) pero siempre procuraba que disfrutase de dulces permitidos ya que era muy golosa. Este es uno de los bizcochos que le hac\u00eda para su merienda diaria, he aprovechado que he estado pasando el puente en casa de mi hermano con mis sobris peque\u00f1os, que en cuanto tienen ocasi\u00f3n, me piden cocinar algo juntos.<\/p>\n<p>Mi ni\u00f1a, tienen una compi del cole que es diab\u00e9tica y pensamos hacer \u00e9ste bizcocho para llevarlo al cole el lunes, y de paso publicar la receta,a as\u00ed que nos hemos puesto manos a la harina, bueno, en realidad mi sobrina y yo hemos dirigido porque ha sido mi rubio preferido, quien ha preparado todo, es un m\u00e1quina jajaja \ud83d\ude09<\/p>\n<p>Necesitaremos;<\/p>\n<p><img decoding=\"async\" loading=\"lazy\" class=\"alignnone size-large wp-image-18342\" src=\"https:\/\/elcalaixetdelaiaia.es\/wp-content\/uploads\/2018\/12\/CCXE9043-1024x768.png\" alt=\"\" width=\"750\" height=\"563\" srcset=\"https:\/\/elcalaixetdelaiaia.es\/wp-content\/uploads\/2018\/12\/CCXE9043-1024x768.png 1024w, https:\/\/elcalaixetdelaiaia.es\/wp-content\/uploads\/2018\/12\/CCXE9043-300x225.png 300w, https:\/\/elcalaixetdelaiaia.es\/wp-content\/uploads\/2018\/12\/CCXE9043-768x576.png 768w\" sizes=\"(max-width: 750px) 100vw, 750px\" \/><\/p>\n<ol>\n<li>250g de harina<\/li>\n<li>Un yogur desnatado<\/li>\n<li>Tres huevos camperos<\/li>\n<li>Tres cucharadas de aceite de oliva<\/li>\n<li>La ralladura de una naranja<\/li>\n<li>Cuatro cucharadas de edulcorante l\u00edquido<\/li>\n<li>Una pizquita de sal<\/li>\n<li>Un sobre de levadura qu\u00edmica<\/li>\n<li>Mantequilla y harina para encamisar el molde<\/li>\n<li>Una cucharada de cacao en polvo sin az\u00facar<\/li>\n<\/ol>\n<p>El paquete de az\u00facar se nos col\u00f3 en la foto, as\u00ed que no lo teng\u00e1is en cuenta por favor \ud83d\ude42<\/p>\n<p>C\u00f3mo ya est\u00e1bamos liados en la cocina, mis ni\u00f1os se empe\u00f1aron en hacer unas minimagdalenas de chocolate (en breve subir\u00e9 la receta) y al final se nos pas\u00f3 el az\u00facar a \u00e9sta foto.<\/p>\n<p>Con \u00e9stas medidas sale un bizcocho no muy alto. Si quer\u00e9is un bizcocho grande, tendr\u00e9is que doblar las cantidades.<\/p>\n<p><img decoding=\"async\" loading=\"lazy\" class=\"alignnone size-large wp-image-18360\" src=\"https:\/\/elcalaixetdelaiaia.es\/wp-content\/uploads\/2018\/12\/VHFM6880-1024x768.png\" alt=\"\" width=\"750\" height=\"563\" srcset=\"https:\/\/elcalaixetdelaiaia.es\/wp-content\/uploads\/2018\/12\/VHFM6880-1024x768.png 1024w, https:\/\/elcalaixetdelaiaia.es\/wp-content\/uploads\/2018\/12\/VHFM6880-300x225.png 300w, https:\/\/elcalaixetdelaiaia.es\/wp-content\/uploads\/2018\/12\/VHFM6880-768x576.png 768w\" sizes=\"(max-width: 750px) 100vw, 750px\" \/><\/p>\n<p>Comenzaremos separando las claras de las yemas (aunque como pod\u00e9is ver a mi peque, se le escap\u00f3 bastante clara, pero no pasa nada de nada). Las claras las reservamos, y en un cuenco o\u00a0 bol, mezclamos las yemas con el yogur, a\u00f1adimos el aceite de oliva y mezclamos.<\/p>\n<p><img decoding=\"async\" loading=\"lazy\" class=\"alignnone size-large wp-image-18343\" src=\"https:\/\/elcalaixetdelaiaia.es\/wp-content\/uploads\/2018\/12\/QBZK1910-1024x768.png\" alt=\"\" width=\"750\" height=\"563\" srcset=\"https:\/\/elcalaixetdelaiaia.es\/wp-content\/uploads\/2018\/12\/QBZK1910-1024x768.png 1024w, https:\/\/elcalaixetdelaiaia.es\/wp-content\/uploads\/2018\/12\/QBZK1910-300x225.png 300w, https:\/\/elcalaixetdelaiaia.es\/wp-content\/uploads\/2018\/12\/QBZK1910-768x576.png 768w\" sizes=\"(max-width: 750px) 100vw, 750px\" \/><\/p>\n<p>pesamos los 250g de harina<\/p>\n<p><img decoding=\"async\" loading=\"lazy\" class=\"alignnone size-large wp-image-18362\" src=\"https:\/\/elcalaixetdelaiaia.es\/wp-content\/uploads\/2018\/12\/DYSQ4850-1024x768.png\" alt=\"\" width=\"750\" height=\"563\" srcset=\"https:\/\/elcalaixetdelaiaia.es\/wp-content\/uploads\/2018\/12\/DYSQ4850-1024x768.png 1024w, https:\/\/elcalaixetdelaiaia.es\/wp-content\/uploads\/2018\/12\/DYSQ4850-300x225.png 300w, https:\/\/elcalaixetdelaiaia.es\/wp-content\/uploads\/2018\/12\/DYSQ4850-768x576.png 768w\" sizes=\"(max-width: 750px) 100vw, 750px\" \/><\/p>\n<p>a la que a\u00f1adiremos un sobre de levadura qu\u00edmica tipo royal de 16g a\u00f1adiremos al bol tamizando<\/p>\n<p><img decoding=\"async\" loading=\"lazy\" class=\"alignnone size-large wp-image-18363\" src=\"https:\/\/elcalaixetdelaiaia.es\/wp-content\/uploads\/2018\/12\/NFRV8920-1024x768.png\" alt=\"\" width=\"750\" height=\"563\" srcset=\"https:\/\/elcalaixetdelaiaia.es\/wp-content\/uploads\/2018\/12\/NFRV8920-1024x768.png 1024w, https:\/\/elcalaixetdelaiaia.es\/wp-content\/uploads\/2018\/12\/NFRV8920-300x225.png 300w, https:\/\/elcalaixetdelaiaia.es\/wp-content\/uploads\/2018\/12\/NFRV8920-768x576.png 768w\" sizes=\"(max-width: 750px) 100vw, 750px\" \/><\/p>\n<p>a\u00f1adiremos una pizquita de sal y mezclaremos<\/p>\n<p><img decoding=\"async\" loading=\"lazy\" class=\"alignnone size-large wp-image-18361\" src=\"https:\/\/elcalaixetdelaiaia.es\/wp-content\/uploads\/2018\/12\/TPJE9011-1024x768.png\" alt=\"\" width=\"750\" height=\"563\" srcset=\"https:\/\/elcalaixetdelaiaia.es\/wp-content\/uploads\/2018\/12\/TPJE9011-1024x768.png 1024w, https:\/\/elcalaixetdelaiaia.es\/wp-content\/uploads\/2018\/12\/TPJE9011-300x225.png 300w, https:\/\/elcalaixetdelaiaia.es\/wp-content\/uploads\/2018\/12\/TPJE9011-768x576.png 768w\" sizes=\"(max-width: 750px) 100vw, 750px\" \/><\/p>\n<p>En un recipiente de batir, pondremos las claras, a\u00f1adiremos el edulcorante y las montaremos a punto de nieve fuerte. Sabremos que est\u00e1n listas cuando al poner boca abajo el recipiente, la mezcla no caiga \u00a1suerte!\u00a0 \ud83d\ude09<\/p>\n<p><img decoding=\"async\" loading=\"lazy\" class=\"alignnone size-large wp-image-18372\" src=\"https:\/\/elcalaixetdelaiaia.es\/wp-content\/uploads\/2018\/12\/SUBU5179-1024x768.png\" alt=\"\" width=\"750\" height=\"563\" srcset=\"https:\/\/elcalaixetdelaiaia.es\/wp-content\/uploads\/2018\/12\/SUBU5179-1024x768.png 1024w, https:\/\/elcalaixetdelaiaia.es\/wp-content\/uploads\/2018\/12\/SUBU5179-300x225.png 300w, https:\/\/elcalaixetdelaiaia.es\/wp-content\/uploads\/2018\/12\/SUBU5179-768x576.png 768w\" sizes=\"(max-width: 750px) 100vw, 750px\" \/><\/p>\n<p>Lavaremos a fondo la naranja, la secaremos con papel de cocina y rallaremos la piel, procurando coger solo la parte del flavedo (naranja) y no la del albedo (blanca) porque amarga. Pod\u00e9is poner la piel de un lim\u00f3n, o de una mandarina, igualmente que la de naranja. La a\u00f1adiremos y mezclaremos todo con movimientos envolventes.\u00a0 Pondremos a calentar el horno a 180\u00ba calor arriba y abajo<\/p>\n<p><img decoding=\"async\" loading=\"lazy\" class=\"alignnone size-large wp-image-17291\" src=\"https:\/\/i2.wp.com\/elcalaixetdelaiaia.es\/wp-content\/uploads\/2018\/05\/temp31.jpeg?resize=750%2C563\" sizes=\"(max-width: 750px) 100vw, 750px\" srcset=\"https:\/\/i2.wp.com\/elcalaixetdelaiaia.es\/wp-content\/uploads\/2018\/05\/temp31.jpeg?resize=1024%2C768 1024w, https:\/\/i2.wp.com\/elcalaixetdelaiaia.es\/wp-content\/uploads\/2018\/05\/temp31.jpeg?resize=300%2C225 300w, https:\/\/i2.wp.com\/elcalaixetdelaiaia.es\/wp-content\/uploads\/2018\/05\/temp31.jpeg?resize=768%2C576 768w, https:\/\/i2.wp.com\/elcalaixetdelaiaia.es\/wp-content\/uploads\/2018\/05\/temp31.jpeg?w=1500 1500w\" alt=\"\" width=\"750\" height=\"563\" \/><\/p>\n<p>Encamisaremos un molde untando todo el interior con mantequilla blanda y espolvoreando con harina, sacudiremos el excedente de harina pociendo el molde boca abajo. Repartiremos en el mismo la mezcla<\/p>\n<p><img decoding=\"async\" loading=\"lazy\" class=\"alignnone size-large wp-image-17311\" src=\"https:\/\/i0.wp.com\/elcalaixetdelaiaia.es\/wp-content\/uploads\/2018\/05\/temp33.jpg?resize=750%2C578\" sizes=\"(max-width: 750px) 100vw, 750px\" srcset=\"https:\/\/i0.wp.com\/elcalaixetdelaiaia.es\/wp-content\/uploads\/2018\/05\/temp33.jpg?resize=1024%2C789 1024w, https:\/\/i0.wp.com\/elcalaixetdelaiaia.es\/wp-content\/uploads\/2018\/05\/temp33.jpg?resize=300%2C231 300w, https:\/\/i0.wp.com\/elcalaixetdelaiaia.es\/wp-content\/uploads\/2018\/05\/temp33.jpg?resize=768%2C592 768w, https:\/\/i0.wp.com\/elcalaixetdelaiaia.es\/wp-content\/uploads\/2018\/05\/temp33.jpg?w=1500 1500w\" alt=\"\" width=\"750\" height=\"578\" \/><\/p>\n<p>y nhornearemos con calor abajo durante unos 40 minutos aproximadamente. Controlad porque cada horno funciona de una manera y los tiempos que os doy son orientativos. Recordad que jam\u00e1s se puede abrir el horno haciendo un bizcocho, antes de transcurridas como m\u00ednimo la 2 o 3 partes del tiempo de cocci\u00f3n necesario. Una vez ya ha paso \u00e9ste tiempo, no hay problema en abrir la puerta del horno para comprobar el punto de cocci\u00f3n o para cubrir con papel de aluminio si la superficie se est\u00e1 dorando demasiado, as\u00ed que tendr\u00e9is que conformaros en controlarlo a trav\u00e9s del cristal,<\/p>\n<p><img decoding=\"async\" loading=\"lazy\" class=\"alignnone size-large wp-image-17310\" src=\"https:\/\/i1.wp.com\/elcalaixetdelaiaia.es\/wp-content\/uploads\/2018\/05\/temp34.jpg?resize=750%2C563\" sizes=\"(max-width: 750px) 100vw, 750px\" srcset=\"https:\/\/i1.wp.com\/elcalaixetdelaiaia.es\/wp-content\/uploads\/2018\/05\/temp34.jpg?resize=1024%2C768 1024w, https:\/\/i1.wp.com\/elcalaixetdelaiaia.es\/wp-content\/uploads\/2018\/05\/temp34.jpg?resize=300%2C225 300w, https:\/\/i1.wp.com\/elcalaixetdelaiaia.es\/wp-content\/uploads\/2018\/05\/temp34.jpg?resize=768%2C576 768w, https:\/\/i1.wp.com\/elcalaixetdelaiaia.es\/wp-content\/uploads\/2018\/05\/temp34.jpg?w=1500 1500w, https:\/\/i1.wp.com\/elcalaixetdelaiaia.es\/wp-content\/uploads\/2018\/05\/temp34.jpg?w=2250 2250w\" alt=\"\" width=\"750\" height=\"563\" \/><\/p>\n<p>os aconsejo que a los 30minutos mas o menos si a trav\u00e9s del cristal veis que ya ha subido y tomado color, pinch\u00e9is por ejemplo con un palo de brocheta en el centro, si sale limpio, ya est\u00e1 listo el bizcocho, en caso, contrario, dejarlo hornear 5\/10 minutos m\u00e1s seg\u00fan ve\u00e1is. Cuando est\u00e9 listo, apagamos el horno y dejamos un ratito con la puerta abierta.<\/p>\n<p>Los sacamos del horno, y dejamos enfriar sobre la rejilla.<\/p>\n<p>Nosotros aprovechamos los trastos de cocinar por medio, y el calor del horno y nos pusimos a preparar unas minimagdalenas de chocolate, \u00e9sta vez con az\u00facar, pero que podemos hacer aptas para diab\u00e9ticos, cambiando el az\u00facar por cuatro cucharadas de endulzante l\u00edquido o de tagatosa, y olvidadando la decoraci\u00f3n de fondant, cuyo paso a paso, pod\u00e9is ver pinchando aqu\u00ed <a href=\"https:\/\/elcalaixetdelaiaia.es\/2018\/12\/minimagdalenas-de-chocolate-paso-a-paso\/\">https:\/\/elcalaixetdelaiaia.es\/2018\/12\/minimagdalenas-de-chocolate-paso-a-paso\/<\/a><\/p>\n<p><img decoding=\"async\" loading=\"lazy\" class=\"alignnone size-large wp-image-18365\" src=\"https:\/\/elcalaixetdelaiaia.es\/wp-content\/uploads\/2018\/12\/IMG_1488-1024x768.jpg\" alt=\"\" width=\"750\" height=\"563\" srcset=\"https:\/\/elcalaixetdelaiaia.es\/wp-content\/uploads\/2018\/12\/IMG_1488-1024x768.jpg 1024w, https:\/\/elcalaixetdelaiaia.es\/wp-content\/uploads\/2018\/12\/IMG_1488-300x225.jpg 300w, https:\/\/elcalaixetdelaiaia.es\/wp-content\/uploads\/2018\/12\/IMG_1488-768x576.jpg 768w\" sizes=\"(max-width: 750px) 100vw, 750px\" \/><\/p>\n<p>Lo desmoldaremos cuando est\u00e9 completamente fr\u00edo<\/p>\n<p><img decoding=\"async\" loading=\"lazy\" class=\"alignnone size-large wp-image-18367\" src=\"https:\/\/elcalaixetdelaiaia.es\/wp-content\/uploads\/2018\/12\/IMG_1490-1024x768.jpg\" alt=\"\" width=\"750\" height=\"563\" srcset=\"https:\/\/elcalaixetdelaiaia.es\/wp-content\/uploads\/2018\/12\/IMG_1490-1024x768.jpg 1024w, https:\/\/elcalaixetdelaiaia.es\/wp-content\/uploads\/2018\/12\/IMG_1490-300x225.jpg 300w, https:\/\/elcalaixetdelaiaia.es\/wp-content\/uploads\/2018\/12\/IMG_1490-768x576.jpg 768w\" sizes=\"(max-width: 750px) 100vw, 750px\" \/><\/p>\n<p>Lo podemos espolvorear con cacao puro sin az\u00facar<\/p>\n<p><img decoding=\"async\" loading=\"lazy\" class=\"alignnone size-large wp-image-18366\" src=\"https:\/\/elcalaixetdelaiaia.es\/wp-content\/uploads\/2018\/12\/HHAC1580-1024x768.png\" alt=\"\" width=\"750\" height=\"563\" \/><\/p>\n<p>Y utilizar cortadores, en \u00e9ste caso, un patito, para dar un aire m\u00e1s infantil y apetecible si es para los peques, que no tienen el porque privarse de disfrutar de un dulce y rico bizcocho aunque sin az\u00facar \u00a1claro\u00a1\u00a0 \ud83d\ude09<\/p>\n<p>Y con la misi\u00f3n cumplida, nos vamos a montar el Bel\u00e9n, como manda la tradici\u00f3n cada 8 de Diciembre, d\u00eda de la Pur\u00edsima Concepci\u00f3n. \u00abA la taula y&#8230;BON PROFIT!!!\u00bb<\/p>\n<div>Espero tus comentarios que para mi son MUY importantes y recuerda que tambi\u00e9n estoy en Facebook <a href=\"https:\/\/www.facebook.com\/El-calaixet-de-la-iaia-533062140099386\/\">https:\/\/www.facebook.com\/El-calaixet-de-la-iaia-533062140099386\/<\/a><\/div>\n<div>Si quieres recibir mis actualizaciones por mail, al final de \u00e9sta p\u00e1gina a la izquierda tienes como hacer para introducir tu correo electr\u00f3nico y no perderte las actualizaciones de mis recetas \u00a1Gracias!<\/div>\n","protected":false},"excerpt":{"rendered":"<p>\u00abRefrany; La cultura \u00e9s com el sucre, encara que hi haja poc, d\u00f3na dol\u00e7or\u00bbLa cultura es como el az\u00facar, aunque haya poco, da dulzor. Pues la receta de hoy, es dulce, pero no lleva ni pizca de az\u00facar. Ya hace tiempo que os la deb\u00eda, pues os he contado muchas &hellip; <\/p>\n","protected":false},"author":2,"featured_media":18365,"comment_status":"open","ping_status":"open","sticky":false,"template":"","format":"standard","meta":[],"categories":[6,1],"tags":[],"_links":{"self":[{"href":"https:\/\/elcalaixetdelaiaia.es\/index.php?rest_route=\/wp\/v2\/posts\/18341"}],"collection":[{"href":"https:\/\/elcalaixetdelaiaia.es\/index.php?rest_route=\/wp\/v2\/posts"}],"about":[{"href":"https:\/\/elcalaixetdelaiaia.es\/index.php?rest_route=\/wp\/v2\/types\/post"}],"author":[{"embeddable":true,"href":"https:\/\/elcalaixetdelaiaia.es\/index.php?rest_route=\/wp\/v2\/users\/2"}],"replies":[{"embeddable":true,"href":"https:\/\/elcalaixetdelaiaia.es\/index.php?rest_route=%2Fwp%2Fv2%2Fcomments&post=18341"}],"version-history":[{"count":13,"href":"https:\/\/elcalaixetdelaiaia.es\/index.php?rest_route=\/wp\/v2\/posts\/18341\/revisions"}],"predecessor-version":[{"id":26230,"href":"https:\/\/elcalaixetdelaiaia.es\/index.php?rest_route=\/wp\/v2\/posts\/18341\/revisions\/26230"}],"wp:featuredmedia":[{"embeddable":true,"href":"https:\/\/elcalaixetdelaiaia.es\/index.php?rest_route=\/wp\/v2\/media\/18365"}],"wp:attachment":[{"href":"https:\/\/elcalaixetdelaiaia.es\/index.php?rest_route=%2Fwp%2Fv2%2Fmedia&parent=18341"}],"wp:term":[{"taxonomy":"category","embeddable":true,"href":"https:\/\/elcalaixetdelaiaia.es\/index.php?rest_route=%2Fwp%2Fv2%2Fcategories&post=18341"},{"taxonomy":"post_tag","embeddable":true,"href":"https:\/\/elcalaixetdelaiaia.es\/index.php?rest_route=%2Fwp%2Fv2%2Ftags&post=18341"}],"curies":[{"name":"wp","href":"https:\/\/api.w.org\/{rel}","templated":true}]}}