{"id":18095,"date":"2018-10-19T11:39:13","date_gmt":"2018-10-19T11:39:13","guid":{"rendered":"http:\/\/elcalaixetdelaiaia.es\/2018\/10\/dia-mundial-contra-el-cancer-de-mama\/"},"modified":"2018-10-19T11:39:13","modified_gmt":"2018-10-19T11:39:13","slug":"dia-mundial-contra-el-cancer-de-mama","status":"publish","type":"post","link":"https:\/\/elcalaixetdelaiaia.es\/?p=18095","title":{"rendered":"D\u00eda mundial contra el c\u00e1ncer de mama"},"content":{"rendered":"<p>Hoy es el d\u00eda mundial contra el c\u00e1ncer de mama. Toda mi fuerza para los\/las guerreras y guerreros que luch\u00e1is contra cualquier tipo C\u00c1NCER. \u00a1\u00a1\u00a1 Llegar\u00e1 el d\u00eda en el que venceremos por completo a esta enfermedad!!! pero es importante recordar que la prevenci\u00f3n es fundamental en el c\u00e1ncer, por la importancia de un diagn\u00f3stico precoz. \u00c1NIMO y FUERZA<\/p>\n<p><img decoding=\"async\" loading=\"lazy\" src=\"https:\/\/elcalaixetdelaiaia.es\/wp-content\/uploads\/2018\/10\/temp-15.jpg\" class=\"wp-image-18094 size-full\" height=\"1012\" width=\"1607\"><\/p>\n","protected":false},"excerpt":{"rendered":"<p>Hoy es el d\u00eda mundial contra el c\u00e1ncer de mama. Toda mi fuerza para los\/las guerreras y guerreros que luch\u00e1is contra cualquier tipo C\u00c1NCER. \u00a1\u00a1\u00a1 Llegar\u00e1 el d\u00eda en el que venceremos por completo a esta enfermedad!!! pero es importante recordar que la prevenci\u00f3n es fundamental en el c\u00e1ncer, por &hellip; <\/p>\n","protected":false},"author":2,"featured_media":0,"comment_status":"open","ping_status":"open","sticky":false,"template":"","format":"standard","meta":[],"categories":[23,1],"tags":[],"_links":{"self":[{"href":"https:\/\/elcalaixetdelaiaia.es\/index.php?rest_route=\/wp\/v2\/posts\/18095"}],"collection":[{"href":"https:\/\/elcalaixetdelaiaia.es\/index.php?rest_route=\/wp\/v2\/posts"}],"about":[{"href":"https:\/\/elcalaixetdelaiaia.es\/index.php?rest_route=\/wp\/v2\/types\/post"}],"author":[{"embeddable":true,"href":"https:\/\/elcalaixetdelaiaia.es\/index.php?rest_route=\/wp\/v2\/users\/2"}],"replies":[{"embeddable":true,"href":"https:\/\/elcalaixetdelaiaia.es\/index.php?rest_route=%2Fwp%2Fv2%2Fcomments&post=18095"}],"version-history":[{"count":0,"href":"https:\/\/elcalaixetdelaiaia.es\/index.php?rest_route=\/wp\/v2\/posts\/18095\/revisions"}],"wp:attachment":[{"href":"https:\/\/elcalaixetdelaiaia.es\/index.php?rest_route=%2Fwp%2Fv2%2Fmedia&parent=18095"}],"wp:term":[{"taxonomy":"category","embeddable":true,"href":"https:\/\/elcalaixetdelaiaia.es\/index.php?rest_route=%2Fwp%2Fv2%2Fcategories&post=18095"},{"taxonomy":"post_tag","embeddable":true,"href":"https:\/\/elcalaixetdelaiaia.es\/index.php?rest_route=%2Fwp%2Fv2%2Ftags&post=18095"}],"curies":[{"name":"wp","href":"https:\/\/api.w.org\/{rel}","templated":true}]}}