{"id":178,"date":"2016-11-30T16:35:00","date_gmt":"2016-11-30T16:35:00","guid":{"rendered":"http:\/\/elcalaixetdelaiaia.es\/les-falles-de-valencia-declarades"},"modified":"2024-03-15T11:12:57","modified_gmt":"2024-03-15T11:12:57","slug":"les-falles-de-valencia-declarades","status":"publish","type":"post","link":"https:\/\/elcalaixetdelaiaia.es\/?p=178","title":{"rendered":"Les Falles de Val\u00e8ncia declarades Patrimoni Immaterial de la Humanitat per la Unesco"},"content":{"rendered":"<p>\u00abRefrany;<br \/>\nA falles! Fugir del foc i caure en les flames\u00bb En fallas, huir del fuego y caer en las llamas.<\/p>\n<div class=\"separator\" style=\"clear: both; text-align: center;\"><a style=\"margin-left: 1em; margin-right: 1em;\" href=\"https:\/\/4.bp.blogspot.com\/-_AcLTokDJCE\/WD781EVcMEI\/AAAAAAAAnxw\/xoj5673EDIMpLsYq45TrifAOzUG0cj4OgCLcB\/s1600\/unesco7.jpg\"><img decoding=\"async\" loading=\"lazy\" src=\"https:\/\/elcalaixetdelaiaia.es\/wp-content\/uploads\/2016\/11\/unesco7.jpg\" width=\"640\" height=\"450\" border=\"0\" \/><\/a><\/div>\n<div><\/div>\n<div style=\"text-align: center;\">\u00a0 Hoy es un d\u00eda muy especial para Valencia y las fallas, un d\u00eda que pasa a formar parte de la historia valenciana.<\/div>\n<div style=\"text-align: center;\">Por que hoy, 30 de Noviembre de 2016<\/div>\n<div style=\"text-align: center;\"><\/div>\n<div class=\"separator\" style=\"clear: both; text-align: center;\"><a style=\"margin-left: 1em; margin-right: 1em;\" href=\"https:\/\/4.bp.blogspot.com\/-Ut0Vj6ugnMc\/WD76KaY6ZcI\/AAAAAAAAnxY\/E_ZTI9RD9OgLeuegBmwPY91lW-rqwUFDgCLcB\/s1600\/unesco1.jpg\"><img decoding=\"async\" loading=\"lazy\" src=\"https:\/\/elcalaixetdelaiaia.es\/wp-content\/uploads\/2016\/11\/unesco1.jpg\" width=\"300\" height=\"400\" border=\"0\" \/><\/a><\/div>\n<div style=\"text-align: center;\">La Unesco declara les Falles de Val\u00e8ncia Patrimoni Immaterial de la Humanitat<\/div>\n<div><\/div>\n<div class=\"separator\" style=\"clear: both; text-align: center;\"><a style=\"margin-left: 1em; margin-right: 1em;\" href=\"https:\/\/2.bp.blogspot.com\/-DyWtg4rcQXE\/WD767w3DgyI\/AAAAAAAAnxo\/fVjB7Tx_PlQvQHy7tz1ZRzifuGa6rfxwACLcB\/s1600\/unesco2.jpg\"><img decoding=\"async\" loading=\"lazy\" src=\"https:\/\/elcalaixetdelaiaia.es\/wp-content\/uploads\/2016\/11\/unesco2.jpg\" width=\"480\" height=\"640\" border=\"0\" \/><\/a><\/div>\n<div style=\"text-align: center;\">\nLas buenas espectativas de la delegaci\u00f3n valenciana, encabezada por Pere Fuset, nuestro regidor de fiestas se han confirmado hoy en la ciudad de Addis Abeba, donde se ha celebrado el 11\u00ba comit\u00e9 intergovernamental de la Unesco.<\/div>\n<div style=\"text-align: center;\"><\/div>\n<div class=\"separator\" style=\"clear: both; text-align: center;\"><a style=\"margin-left: 1em; margin-right: 1em;\" href=\"https:\/\/2.bp.blogspot.com\/-Wui9dxpZx8E\/WD76KNt7lOI\/AAAAAAAAnxU\/_hnQSFlf448A33u0r9qLVJIHBx_Huo4WQCLcB\/s1600\/Unesco5.jpg\"><img decoding=\"async\" loading=\"lazy\" src=\"https:\/\/elcalaixetdelaiaia.es\/wp-content\/uploads\/2016\/11\/Unesco5.jpg\" width=\"640\" height=\"456\" border=\"0\" \/><\/a><\/div>\n<div class=\"separator\" style=\"clear: both; text-align: center;\"><\/div>\n<div style=\"text-align: center;\">\nComo es l\u00f3gico vamos a comenzar las celebraci\u00f3nes de \u00e9ste nombramiento, a nuestra manera, como mejor sabemos los valencianos, y desde hoy mismo se va a iniciar una plant\u00e1 de una falla a los pies de les Torres dels Serrans.<\/div>\n<div style=\"text-align: center;\"><\/div>\n<div class=\"separator\" style=\"clear: both; text-align: center;\"><a style=\"margin-left: 1em; margin-right: 1em;\" href=\"https:\/\/1.bp.blogspot.com\/-821F_o35XyQ\/WD76M_YTa4I\/AAAAAAAAnxk\/JKQe61hWkjA8tqacNb2v7X0ICssCvQSsQCLcB\/s1600\/unesco6.jpg\"><img decoding=\"async\" loading=\"lazy\" src=\"https:\/\/elcalaixetdelaiaia.es\/wp-content\/uploads\/2016\/11\/unesco6.jpg\" width=\"640\" height=\"426\" border=\"0\" \/><\/a><\/div>\n<div class=\"separator\" style=\"clear: both; text-align: center;\"><\/div>\n<div style=\"text-align: center;\">\nPere Fuset hace un llamamiento a los valencianos, falleros, falleras a participar en la celbraci\u00f3n de \u00e9stos actos, ya que a partir de las 19:00 horas se plantar\u00e1 con la t\u00e9ntica de tradicional de \u00abtomb\u00bb tombe, \u00e9sta falla especial que se quemar\u00e1 el domingo.<a style=\"margin-left: 1em; margin-right: 1em;\" href=\"https:\/\/3.bp.blogspot.com\/-eAsg7AXtXeA\/WD76L-gzQyI\/AAAAAAAAnxg\/CLEw2-C1EVYRnyiOTEe8J2W6VpyGlcIbgCLcB\/s1600\/unesco4.jpg\"><img decoding=\"async\" loading=\"lazy\" src=\"https:\/\/elcalaixetdelaiaia.es\/wp-content\/uploads\/2016\/11\/unesco4.jpg\" width=\"640\" height=\"480\" border=\"0\" \/><\/a><\/p>\n<p>Ser\u00eda estupendo que quienes pudieran acudieran a \u00e9stos actos con la indumentaria tradicional valenciana.<\/p>\n<\/div>\n<div class=\"separator\" style=\"clear: both; text-align: center;\"><a style=\"margin-left: 1em; margin-right: 1em;\" href=\"https:\/\/1.bp.blogspot.com\/-YpcrK9rU_XY\/WD76LR9Uc5I\/AAAAAAAAnxc\/MXTJaiW2eEUnafqd0sFNIY3Hfe3rh5qmACLcB\/s1600\/unesco3.jpg\"><img decoding=\"async\" loading=\"lazy\" src=\"https:\/\/elcalaixetdelaiaia.es\/wp-content\/uploads\/2016\/11\/unesco3.jpg\" width=\"640\" height=\"480\" border=\"0\" \/><\/a><\/div>\n<div><\/div>\n<div style=\"text-align: center;\">\u00a1Estamos de enhorabuena!<br \/>\nPodemos estar orgullosos de sumar un nuevo bien cultural como Patrimonio de la Humanidad a la lista donde ya figuraban desde hace un tiempo; El Tribunal de les Aig\u00fces, El misteri D&#8217;Elx y las fiestas de la Mare de D\u00e8u de la Salut D&#8217;Algemes\u00ed<\/div>\n<div style=\"text-align: center;\"><\/div>\n<div style=\"text-align: center;\">\n\u00abVixca Val\u00e9ncia i Vixquen les FALLES!\u00bb<br \/>\nSi os gusta \u00e9ste post,, pod\u00e9is compartirlo para que llegue a m\u00e1s gente.Espero vuestro comentarios que para mi son MUY importantes y recordad que tambi\u00e9n estoy en Facebook <a href=\"https:\/\/www.facebook.com\/El-calaixet-de-la-iaia-533062140099386\/\">https:\/\/www.facebook.com\/El-calaixet-de-la-iaia-533062140099386<\/a><\/p>\n<\/div>\n","protected":false},"excerpt":{"rendered":"<p>\u00abRefrany; A falles! Fugir del foc i caure en les flames\u00bb En fallas, huir del fuego y caer en las llamas. \u00a0 Hoy es un d\u00eda muy especial para Valencia y las fallas, un d\u00eda que pasa a formar parte de la historia valenciana. Por que hoy, 30 de Noviembre &hellip; <\/p>\n","protected":false},"author":2,"featured_media":3044,"comment_status":"open","ping_status":"open","sticky":false,"template":"","format":"standard","meta":[],"categories":[1,47],"tags":[],"_links":{"self":[{"href":"https:\/\/elcalaixetdelaiaia.es\/index.php?rest_route=\/wp\/v2\/posts\/178"}],"collection":[{"href":"https:\/\/elcalaixetdelaiaia.es\/index.php?rest_route=\/wp\/v2\/posts"}],"about":[{"href":"https:\/\/elcalaixetdelaiaia.es\/index.php?rest_route=\/wp\/v2\/types\/post"}],"author":[{"embeddable":true,"href":"https:\/\/elcalaixetdelaiaia.es\/index.php?rest_route=\/wp\/v2\/users\/2"}],"replies":[{"embeddable":true,"href":"https:\/\/elcalaixetdelaiaia.es\/index.php?rest_route=%2Fwp%2Fv2%2Fcomments&post=178"}],"version-history":[{"count":3,"href":"https:\/\/elcalaixetdelaiaia.es\/index.php?rest_route=\/wp\/v2\/posts\/178\/revisions"}],"predecessor-version":[{"id":27290,"href":"https:\/\/elcalaixetdelaiaia.es\/index.php?rest_route=\/wp\/v2\/posts\/178\/revisions\/27290"}],"wp:featuredmedia":[{"embeddable":true,"href":"https:\/\/elcalaixetdelaiaia.es\/index.php?rest_route=\/wp\/v2\/media\/3044"}],"wp:attachment":[{"href":"https:\/\/elcalaixetdelaiaia.es\/index.php?rest_route=%2Fwp%2Fv2%2Fmedia&parent=178"}],"wp:term":[{"taxonomy":"category","embeddable":true,"href":"https:\/\/elcalaixetdelaiaia.es\/index.php?rest_route=%2Fwp%2Fv2%2Fcategories&post=178"},{"taxonomy":"post_tag","embeddable":true,"href":"https:\/\/elcalaixetdelaiaia.es\/index.php?rest_route=%2Fwp%2Fv2%2Ftags&post=178"}],"curies":[{"name":"wp","href":"https:\/\/api.w.org\/{rel}","templated":true}]}}