{"id":17725,"date":"2019-08-21T16:45:46","date_gmt":"2019-08-21T16:45:46","guid":{"rendered":"http:\/\/elcalaixetdelaiaia.es\/?p=17725"},"modified":"2023-12-29T18:23:16","modified_gmt":"2023-12-29T18:23:16","slug":"pastel-frio-marinero-con-pan-de-molde-paso-a-paso","status":"publish","type":"post","link":"https:\/\/elcalaixetdelaiaia.es\/?p=17725","title":{"rendered":"Pastel fr\u00edo marinero con pan de molde paso a paso"},"content":{"rendered":"<p>\u00abRefrany;Quin temps fa, mariner? Dem\u00e0 t&#8217;ho dir\u00e9\u00bb\u00a0 \u00bfQue tiempo hace marinero? Ma\u00f1ana te dir\u00e9.<\/p>\n<p>Quer\u00eda pasarle esta receta a una amiga (gracias Amparo) y no ha habido manera de encontrarla, al parecer es otra de las que se han extraviado cuando hicimos la migraci\u00f3n, como muchas otras mas&#8230; as\u00ed que no he tenido m\u00e1s remedio que al hacerlo de nuevo, tomar otra vez las fotos y preparar la entrada para para publicarla otra vez, y ahora con fotos mas actualizadas.<\/p>\n<p>Bueno, he de deciros que no me ha costado ning\u00fan esfuerzo, pues es una receta que hago todos los veranos muy a menudo, desde hace muchos a\u00f1os y que saqu\u00e9 de la revista Lecturas, aunque como suelo hacer casi siempre, con mis variaciones y adapt\u00e1ndola a los gustos de los de casa.<\/p>\n<p>Siempre la he hecho cubriendo de salm\u00f3n ahumado pero&#8230; como a mi, el salm\u00f3n solo me gusta fresco y a la plancha y ya no est\u00e1n ni mi madre, ni mi padre, ni mi marid\u00edn que era a quienes encantaba el sam\u00f3n ahumado&#8230; pues ya no lo pongo \ud83d\ude41 pero si os gusta, lo pod\u00e9is poner perfectamente, y si os gusta preparar el salm\u00f3n ahumado en casa, por aquello de mas natural y sobre todo mas barato, aqu\u00ed ten\u00e9is el paso paso <a href=\"https:\/\/elcalaixetdelaiaia.es\/?p=501\">https:\/\/elcalaixetdelaiaia.es\/?p=501<\/a><\/p>\n<p>En la receta de hoy, sustituyo los rollitos de salm\u00f3n ahumado por langostinos cocidos, tanto en el pat\u00e9 como en la decoraci\u00f3n.<\/p>\n<div class=\"code-block code-block-12\">\n<div id=\"div-gpt-ad-1520865450365-0\" data-google-query-id=\"CPfUt7X5qNwCFbIx0wodIqsD8w\">\n<div id=\"google_ads_iframe_\/114073532\/DC_1x1_0__container__\">Para unos seis comensales orientativamente (depende de lo comedores que sean) necesitaremos;<\/div>\n<div><\/div>\n<div><\/div>\n<div><img decoding=\"async\" loading=\"lazy\" class=\"size-large wp-image-19190 aligncenter\" src=\"https:\/\/elcalaixetdelaiaia.es\/wp-content\/uploads\/2019\/08\/SUHJ0636-1024x768.jpg\" alt=\"\" width=\"750\" height=\"563\" srcset=\"https:\/\/elcalaixetdelaiaia.es\/wp-content\/uploads\/2019\/08\/SUHJ0636-1024x768.jpg 1024w, https:\/\/elcalaixetdelaiaia.es\/wp-content\/uploads\/2019\/08\/SUHJ0636-300x225.jpg 300w, https:\/\/elcalaixetdelaiaia.es\/wp-content\/uploads\/2019\/08\/SUHJ0636-768x576.jpg 768w\" sizes=\"(max-width: 750px) 100vw, 750px\" \/><\/div>\n<\/div>\n<\/div>\n<div><\/div>\n<div class=\"code-block code-block-12\">\n<div id=\"div-gpt-ad-1520865450365-0\" data-google-query-id=\"CPfUt7X5qNwCFbIx0wodIqsD8w\">\n<ol>\n<li style=\"text-align: left;\">Cuatro rebanadas dobles de pan de molde sin corteza<\/li>\n<li style=\"text-align: left;\">400g de langostinos cocidos<\/li>\n<li style=\"text-align: left;\">Cuatro cucharadas grandes de mayonesa casera<\/li>\n<li style=\"text-align: left;\">Una cucharadas grande de tomate frito casero<\/li>\n<li style=\"text-align: left;\">Dos cuchradas grandes de queso de untar tipo Philadelphia<\/li>\n<li style=\"text-align: left;\">8 palitos de surimi<\/li>\n<li style=\"text-align: left;\">Tres latas de at\u00fan en aceite<\/li>\n<li style=\"text-align: left;\">Tres huevos duros<\/li>\n<li style=\"text-align: left;\">Dos l\u00e1minas de gelatina neutra<\/li>\n<li style=\"text-align: left;\">Aceitunas negras<\/li>\n<li style=\"text-align: left;\">Cebollino<\/li>\n<\/ol>\n<p>Dejo aqu\u00ed el enlace de como hacer la mayonesa o la ajonesa casera; <a href=\"https:\/\/elcalaixetdelaiaia.es\/?p=496\">https:\/\/elcalaixetdelaiaia.es\/?p=496<\/a><\/p>\n<p>Los pasteles fr\u00edos salados, se pueden hacer de much\u00edsimas maneras, \u00e9sta es una de las recetas que m\u00e1s a menudo hago pero pod\u00e9is variar los ingredientes adapt\u00e1ndolos a vuestro gusto.<\/p>\n<p>Si no encontr\u00e1is planchas de pan de molde doble, pod\u00e9is usar de las normales, \u00e9so si, recortando la corteza, tambi\u00e9n pod\u00e9is usar un molde tarta redondo y darle la forma que os apetezca.<\/p>\n<p>Los langostinos o gambas pod\u00e9is comprarlos crudos y cocerlos en casa, con dos hervores los tendr\u00e9is listos.<\/p>\n<p style=\"text-align: center;\"><img decoding=\"async\" loading=\"lazy\" class=\"alignnone size-large wp-image-19191\" src=\"https:\/\/elcalaixetdelaiaia.es\/wp-content\/uploads\/2019\/08\/XWTB9495-copia-1024x768.jpg\" alt=\"\" width=\"750\" height=\"563\" srcset=\"https:\/\/elcalaixetdelaiaia.es\/wp-content\/uploads\/2019\/08\/XWTB9495-copia-1024x768.jpg 1024w, https:\/\/elcalaixetdelaiaia.es\/wp-content\/uploads\/2019\/08\/XWTB9495-copia-300x225.jpg 300w, https:\/\/elcalaixetdelaiaia.es\/wp-content\/uploads\/2019\/08\/XWTB9495-copia-768x576.jpg 768w\" sizes=\"(max-width: 750px) 100vw, 750px\" \/><\/p>\n<p>Comenzaremos preparando el pat\u00e9. Se trata de una crema riqu\u00edsima y muy sencilla de hacer, que pod\u00e9is usar incluso para rellenar unas tartaletas o sobre unas tostadas, para un aperitivo, porque est\u00e1n muy rico. Lo primero ser\u00e1 pelar los langostinos y extraer los intestinos porque suelen llevar arena, o dejar mal sabor, para ello simplemente hacer un agujerito con un palillo por el lomo del langostino y estirar con cuidado, suele salir de una pieza.<\/p>\n<p><img decoding=\"async\" loading=\"lazy\" class=\"size-large wp-image-19192 aligncenter\" src=\"https:\/\/elcalaixetdelaiaia.es\/wp-content\/uploads\/2019\/08\/UHYF3679-1024x768.jpg\" alt=\"\" width=\"750\" height=\"563\" srcset=\"https:\/\/elcalaixetdelaiaia.es\/wp-content\/uploads\/2019\/08\/UHYF3679-1024x768.jpg 1024w, https:\/\/elcalaixetdelaiaia.es\/wp-content\/uploads\/2019\/08\/UHYF3679-300x225.jpg 300w, https:\/\/elcalaixetdelaiaia.es\/wp-content\/uploads\/2019\/08\/UHYF3679-768x576.jpg 768w\" sizes=\"(max-width: 750px) 100vw, 750px\" \/><\/p>\n<p>Colocaremos en un bol, los langostinos enjuagados pelados y limpios, (dejando unos 12 sin enjuagar, en el frigo para decorar), el tomate,dos cucharadas de mayonesa, (dejando reservadas dos cucharadas para la decoraci\u00f3n final) y el queso, y lo trituramos.<\/p>\n<p><img decoding=\"async\" loading=\"lazy\" class=\"size-large wp-image-19193 aligncenter\" src=\"https:\/\/elcalaixetdelaiaia.es\/wp-content\/uploads\/2019\/08\/NRPP1333-1024x768.jpg\" alt=\"\" width=\"750\" height=\"563\" srcset=\"https:\/\/elcalaixetdelaiaia.es\/wp-content\/uploads\/2019\/08\/NRPP1333-1024x768.jpg 1024w, https:\/\/elcalaixetdelaiaia.es\/wp-content\/uploads\/2019\/08\/NRPP1333-300x225.jpg 300w, https:\/\/elcalaixetdelaiaia.es\/wp-content\/uploads\/2019\/08\/NRPP1333-768x576.jpg 768w\" sizes=\"(max-width: 750px) 100vw, 750px\" \/><\/p>\n<p>Pondremos dos l\u00e1minas de gelatina neutra a hidratar, siguiendo las recomendaciones del fabricante. Una vez pasado el tiempo recomendado seg\u00fan la marca que usemos, retiramos el sobrante de agua escurriendo y en el mismo recipiente pasaremos por el microondas dos segundos para hacerlas l\u00edquidas.<\/p>\n<p><img decoding=\"async\" loading=\"lazy\" class=\"size-large wp-image-19194 aligncenter\" src=\"https:\/\/elcalaixetdelaiaia.es\/wp-content\/uploads\/2019\/08\/UIJD0974-1024x768.jpg\" alt=\"\" width=\"750\" height=\"563\" srcset=\"https:\/\/elcalaixetdelaiaia.es\/wp-content\/uploads\/2019\/08\/UIJD0974-1024x768.jpg 1024w, https:\/\/elcalaixetdelaiaia.es\/wp-content\/uploads\/2019\/08\/UIJD0974-300x225.jpg 300w, https:\/\/elcalaixetdelaiaia.es\/wp-content\/uploads\/2019\/08\/UIJD0974-768x576.jpg 768w\" sizes=\"(max-width: 750px) 100vw, 750px\" \/><\/p>\n<p>Uniremos a la crema o pat\u00e9, y de \u00e9sta forma conseguiremos que sea mas denso y con mas cuerpo,<\/p>\n<p><img decoding=\"async\" loading=\"lazy\" class=\"size-large wp-image-19195 aligncenter\" src=\"https:\/\/elcalaixetdelaiaia.es\/wp-content\/uploads\/2019\/08\/TJTC3105-1024x768.jpg\" alt=\"\" width=\"750\" height=\"563\" srcset=\"https:\/\/elcalaixetdelaiaia.es\/wp-content\/uploads\/2019\/08\/TJTC3105-1024x768.jpg 1024w, https:\/\/elcalaixetdelaiaia.es\/wp-content\/uploads\/2019\/08\/TJTC3105-300x225.jpg 300w, https:\/\/elcalaixetdelaiaia.es\/wp-content\/uploads\/2019\/08\/TJTC3105-768x576.jpg 768w\" sizes=\"(max-width: 750px) 100vw, 750px\" \/><\/p>\n<p>y removemos para que se integre<\/p>\n<p><img decoding=\"async\" loading=\"lazy\" class=\"size-large wp-image-19196 aligncenter\" src=\"https:\/\/elcalaixetdelaiaia.es\/wp-content\/uploads\/2019\/08\/DPYK1461-1024x768.jpg\" alt=\"\" width=\"750\" height=\"563\" srcset=\"https:\/\/elcalaixetdelaiaia.es\/wp-content\/uploads\/2019\/08\/DPYK1461-1024x768.jpg 1024w, https:\/\/elcalaixetdelaiaia.es\/wp-content\/uploads\/2019\/08\/DPYK1461-300x225.jpg 300w, https:\/\/elcalaixetdelaiaia.es\/wp-content\/uploads\/2019\/08\/DPYK1461-768x576.jpg 768w\" sizes=\"(max-width: 750px) 100vw, 750px\" \/><\/p>\n<p>Cubrimos el bol y dejamos en el frigo un par de horas.<\/p>\n<p><img decoding=\"async\" loading=\"lazy\" class=\"size-large wp-image-19198 aligncenter\" src=\"https:\/\/elcalaixetdelaiaia.es\/wp-content\/uploads\/2019\/08\/JVOI8957-1024x768.jpg\" alt=\"\" width=\"750\" height=\"563\" srcset=\"https:\/\/elcalaixetdelaiaia.es\/wp-content\/uploads\/2019\/08\/JVOI8957-1024x768.jpg 1024w, https:\/\/elcalaixetdelaiaia.es\/wp-content\/uploads\/2019\/08\/JVOI8957-300x225.jpg 300w, https:\/\/elcalaixetdelaiaia.es\/wp-content\/uploads\/2019\/08\/JVOI8957-768x576.jpg 768w\" sizes=\"(max-width: 750px) 100vw, 750px\" \/><\/p>\n<p>Mientras tanto, desmigajamos el at\u00fan tras eliminar el aceite de la lata, pelamos y troceamos peque\u00f1os tres huevos duros, y cortamos en rodajitas el surimi.<\/p>\n<\/div>\n<div><img decoding=\"async\" loading=\"lazy\" class=\"size-large wp-image-19197 aligncenter\" src=\"https:\/\/elcalaixetdelaiaia.es\/wp-content\/uploads\/2019\/08\/SBTR0482-1024x768.jpg\" alt=\"\" width=\"750\" height=\"563\" srcset=\"https:\/\/elcalaixetdelaiaia.es\/wp-content\/uploads\/2019\/08\/SBTR0482-1024x768.jpg 1024w, https:\/\/elcalaixetdelaiaia.es\/wp-content\/uploads\/2019\/08\/SBTR0482-300x225.jpg 300w, https:\/\/elcalaixetdelaiaia.es\/wp-content\/uploads\/2019\/08\/SBTR0482-768x576.jpg 768w\" sizes=\"(max-width: 750px) 100vw, 750px\" \/><\/div>\n<\/div>\n<div><\/div>\n<div>\n<div data-google-query-id=\"CPfUt7X5qNwCFbIx0wodIqsD8w\">Con nuestro pat\u00e9 ya refrigerado, colocaremos en la bandeja de servir una rodaja de pan y lo untaremos con el<\/div>\n<div data-google-query-id=\"CPfUt7X5qNwCFbIx0wodIqsD8w\">mismo.<\/div>\n<\/div>\n<div data-google-query-id=\"CPfUt7X5qNwCFbIx0wodIqsD8w\"><\/div>\n<div data-google-query-id=\"CPfUt7X5qNwCFbIx0wodIqsD8w\"><img decoding=\"async\" loading=\"lazy\" class=\"size-large wp-image-19199 aligncenter\" src=\"https:\/\/elcalaixetdelaiaia.es\/wp-content\/uploads\/2019\/08\/THAL9653-1024x768.jpg\" alt=\"\" width=\"750\" height=\"563\" srcset=\"https:\/\/elcalaixetdelaiaia.es\/wp-content\/uploads\/2019\/08\/THAL9653-1024x768.jpg 1024w, https:\/\/elcalaixetdelaiaia.es\/wp-content\/uploads\/2019\/08\/THAL9653-300x225.jpg 300w, https:\/\/elcalaixetdelaiaia.es\/wp-content\/uploads\/2019\/08\/THAL9653-768x576.jpg 768w\" sizes=\"(max-width: 750px) 100vw, 750px\" \/><\/div>\n<div data-google-query-id=\"CPfUt7X5qNwCFbIx0wodIqsD8w\"><\/div>\n<div data-google-query-id=\"CPfUt7X5qNwCFbIx0wodIqsD8w\">Sobre la capa de pat\u00e9 pondremos huevo, surimi y at\u00fan. Presionamos un poco y ponemos otra rebanada de pan de molde<\/div>\n<div data-google-query-id=\"CPfUt7X5qNwCFbIx0wodIqsD8w\"><\/div>\n<div data-google-query-id=\"CPfUt7X5qNwCFbIx0wodIqsD8w\"><img decoding=\"async\" loading=\"lazy\" class=\"size-large wp-image-19200 aligncenter\" src=\"https:\/\/elcalaixetdelaiaia.es\/wp-content\/uploads\/2019\/08\/RBZC3966-1024x768.jpg\" alt=\"\" width=\"750\" height=\"563\" srcset=\"https:\/\/elcalaixetdelaiaia.es\/wp-content\/uploads\/2019\/08\/RBZC3966-1024x768.jpg 1024w, https:\/\/elcalaixetdelaiaia.es\/wp-content\/uploads\/2019\/08\/RBZC3966-300x225.jpg 300w, https:\/\/elcalaixetdelaiaia.es\/wp-content\/uploads\/2019\/08\/RBZC3966-768x576.jpg 768w\" sizes=\"(max-width: 750px) 100vw, 750px\" \/><\/div>\n<div data-google-query-id=\"CPfUt7X5qNwCFbIx0wodIqsD8w\"><\/div>\n<div data-google-query-id=\"CPfUt7X5qNwCFbIx0wodIqsD8w\">\n<div style=\"text-align: center;\" data-google-query-id=\"CPfUt7X5qNwCFbIx0wodIqsD8w\">as\u00ed sucesivamente. Con las cantidades que os doy hay para hacer el pastel de cuatro rebanadas<\/div>\n<div data-google-query-id=\"CPfUt7X5qNwCFbIx0wodIqsD8w\"><\/div>\n<\/div>\n<div data-google-query-id=\"CPfUt7X5qNwCFbIx0wodIqsD8w\"><img decoding=\"async\" loading=\"lazy\" class=\"size-large wp-image-19201 aligncenter\" src=\"https:\/\/elcalaixetdelaiaia.es\/wp-content\/uploads\/2019\/08\/GSQI9050-1024x768.jpg\" alt=\"\" width=\"750\" height=\"563\" srcset=\"https:\/\/elcalaixetdelaiaia.es\/wp-content\/uploads\/2019\/08\/GSQI9050-1024x768.jpg 1024w, https:\/\/elcalaixetdelaiaia.es\/wp-content\/uploads\/2019\/08\/GSQI9050-300x225.jpg 300w, https:\/\/elcalaixetdelaiaia.es\/wp-content\/uploads\/2019\/08\/GSQI9050-768x576.jpg 768w\" sizes=\"(max-width: 750px) 100vw, 750px\" \/><\/div>\n<div data-google-query-id=\"CPfUt7X5qNwCFbIx0wodIqsD8w\"><\/div>\n<div data-google-query-id=\"CPfUt7X5qNwCFbIx0wodIqsD8w\">Cubriremos la \u00faltima rebanada y los laterales con el pat\u00e9 sobrante, lo cubriremos con tapa o papel film y mantendremos en el frigo hasta el momento de servir. Es perfecto tenerlo as\u00ed de un d\u00eda para otro.<\/div>\n<div data-google-query-id=\"CPfUt7X5qNwCFbIx0wodIqsD8w\"><\/div>\n<div data-google-query-id=\"CPfUt7X5qNwCFbIx0wodIqsD8w\"><img decoding=\"async\" loading=\"lazy\" class=\"size-large wp-image-19202 aligncenter\" src=\"https:\/\/elcalaixetdelaiaia.es\/wp-content\/uploads\/2019\/08\/LDHR8692-1024x768.jpg\" alt=\"\" width=\"750\" height=\"563\" srcset=\"https:\/\/elcalaixetdelaiaia.es\/wp-content\/uploads\/2019\/08\/LDHR8692-1024x768.jpg 1024w, https:\/\/elcalaixetdelaiaia.es\/wp-content\/uploads\/2019\/08\/LDHR8692-300x225.jpg 300w, https:\/\/elcalaixetdelaiaia.es\/wp-content\/uploads\/2019\/08\/LDHR8692-768x576.jpg 768w\" sizes=\"(max-width: 750px) 100vw, 750px\" \/><\/div>\n<div data-google-query-id=\"CPfUt7X5qNwCFbIx0wodIqsD8w\"><\/div>\n<div data-google-query-id=\"CPfUt7X5qNwCFbIx0wodIqsD8w\">enjuagamos los langostinos que pelamos y reservamos ayer, y los dejamos secar entre dos hojas de papel de cocina<\/div>\n<div data-google-query-id=\"CPfUt7X5qNwCFbIx0wodIqsD8w\"><\/div>\n<div data-google-query-id=\"CPfUt7X5qNwCFbIx0wodIqsD8w\"><img decoding=\"async\" loading=\"lazy\" class=\"size-large wp-image-19203 aligncenter\" src=\"https:\/\/elcalaixetdelaiaia.es\/wp-content\/uploads\/2019\/08\/SXET3421-1024x768.jpg\" alt=\"\" width=\"750\" height=\"563\" srcset=\"https:\/\/elcalaixetdelaiaia.es\/wp-content\/uploads\/2019\/08\/SXET3421-1024x768.jpg 1024w, https:\/\/elcalaixetdelaiaia.es\/wp-content\/uploads\/2019\/08\/SXET3421-300x225.jpg 300w, https:\/\/elcalaixetdelaiaia.es\/wp-content\/uploads\/2019\/08\/SXET3421-768x576.jpg 768w\" sizes=\"(max-width: 750px) 100vw, 750px\" \/><\/div>\n<div data-google-query-id=\"CPfUt7X5qNwCFbIx0wodIqsD8w\"><\/div>\n<div data-google-query-id=\"CPfUt7X5qNwCFbIx0wodIqsD8w\">Cubrimos el pastel con la mayonesa que reservamos y ponemos alrededor, las ramitas de cebollino, es un poco laborioso, pero con un resultado genial.<\/div>\n<div data-google-query-id=\"CPfUt7X5qNwCFbIx0wodIqsD8w\"><\/div>\n<div data-google-query-id=\"CPfUt7X5qNwCFbIx0wodIqsD8w\"><img decoding=\"async\" loading=\"lazy\" class=\"size-large wp-image-19213 aligncenter\" src=\"https:\/\/elcalaixetdelaiaia.es\/wp-content\/uploads\/2019\/08\/JTCO4701-1024x768.jpg\" alt=\"\" width=\"750\" height=\"563\" srcset=\"https:\/\/elcalaixetdelaiaia.es\/wp-content\/uploads\/2019\/08\/JTCO4701-1024x768.jpg 1024w, https:\/\/elcalaixetdelaiaia.es\/wp-content\/uploads\/2019\/08\/JTCO4701-300x225.jpg 300w, https:\/\/elcalaixetdelaiaia.es\/wp-content\/uploads\/2019\/08\/JTCO4701-768x576.jpg 768w\" sizes=\"(max-width: 750px) 100vw, 750px\" \/><\/div>\n<div data-google-query-id=\"CPfUt7X5qNwCFbIx0wodIqsD8w\"><\/div>\n<div data-google-query-id=\"CPfUt7X5qNwCFbIx0wodIqsD8w\">En su lugar, cada vez, pongo una decoraci\u00f3n distinta, lechuga, zanahoria rallada, huevo hilado, mejillones en escabeche, boquerones en vinagre, anchoas en aceite&#8230;.etc&#8230;decorar como os apetezca<\/div>\n<div data-google-query-id=\"CPfUt7X5qNwCFbIx0wodIqsD8w\"><\/div>\n<div data-google-query-id=\"CPfUt7X5qNwCFbIx0wodIqsD8w\"><img decoding=\"async\" loading=\"lazy\" class=\"size-large wp-image-19204 aligncenter\" src=\"https:\/\/elcalaixetdelaiaia.es\/wp-content\/uploads\/2019\/08\/DJBY9183-2-1024x768.jpg\" alt=\"\" width=\"750\" height=\"563\" srcset=\"https:\/\/elcalaixetdelaiaia.es\/wp-content\/uploads\/2019\/08\/DJBY9183-2-1024x768.jpg 1024w, https:\/\/elcalaixetdelaiaia.es\/wp-content\/uploads\/2019\/08\/DJBY9183-2-300x225.jpg 300w, https:\/\/elcalaixetdelaiaia.es\/wp-content\/uploads\/2019\/08\/DJBY9183-2-768x576.jpg 768w\" sizes=\"(max-width: 750px) 100vw, 750px\" \/><\/div>\n<div data-google-query-id=\"CPfUt7X5qNwCFbIx0wodIqsD8w\"><\/div>\n<div style=\"text-align: center;\" data-google-query-id=\"CPfUt7X5qNwCFbIx0wodIqsD8w\">&#8230;y listo para disfrutar<\/div>\n<div data-google-query-id=\"CPfUt7X5qNwCFbIx0wodIqsD8w\"><\/div>\n<div data-google-query-id=\"CPfUt7X5qNwCFbIx0wodIqsD8w\"><img decoding=\"async\" loading=\"lazy\" class=\"size-large wp-image-19205 aligncenter\" src=\"https:\/\/elcalaixetdelaiaia.es\/wp-content\/uploads\/2019\/08\/GDRF0086-2-1024x768.jpg\" alt=\"\" width=\"750\" height=\"563\" srcset=\"https:\/\/elcalaixetdelaiaia.es\/wp-content\/uploads\/2019\/08\/GDRF0086-2-1024x768.jpg 1024w, https:\/\/elcalaixetdelaiaia.es\/wp-content\/uploads\/2019\/08\/GDRF0086-2-300x225.jpg 300w, https:\/\/elcalaixetdelaiaia.es\/wp-content\/uploads\/2019\/08\/GDRF0086-2-768x576.jpg 768w\" sizes=\"(max-width: 750px) 100vw, 750px\" \/><\/div>\n<div data-google-query-id=\"CPfUt7X5qNwCFbIx0wodIqsD8w\"><\/div>\n<div style=\"text-align: center;\" data-google-query-id=\"CPfUt7X5qNwCFbIx0wodIqsD8w\">de una cena o comida fresquita<\/div>\n<div data-google-query-id=\"CPfUt7X5qNwCFbIx0wodIqsD8w\"><\/div>\n<div data-google-query-id=\"CPfUt7X5qNwCFbIx0wodIqsD8w\"><img decoding=\"async\" loading=\"lazy\" class=\"size-large wp-image-19206 aligncenter\" src=\"https:\/\/elcalaixetdelaiaia.es\/wp-content\/uploads\/2019\/08\/MQFF2364-2-1024x768.jpg\" alt=\"\" width=\"750\" height=\"563\" srcset=\"https:\/\/elcalaixetdelaiaia.es\/wp-content\/uploads\/2019\/08\/MQFF2364-2-1024x768.jpg 1024w, https:\/\/elcalaixetdelaiaia.es\/wp-content\/uploads\/2019\/08\/MQFF2364-2-300x225.jpg 300w, https:\/\/elcalaixetdelaiaia.es\/wp-content\/uploads\/2019\/08\/MQFF2364-2-768x576.jpg 768w\" sizes=\"(max-width: 750px) 100vw, 750px\" \/><\/div>\n<div data-google-query-id=\"CPfUt7X5qNwCFbIx0wodIqsD8w\"><\/div>\n<div style=\"text-align: center;\" data-google-query-id=\"CPfUt7X5qNwCFbIx0wodIqsD8w\">que podemos hacer con antelaci\u00f3n<\/div>\n<div data-google-query-id=\"CPfUt7X5qNwCFbIx0wodIqsD8w\"><\/div>\n<div data-google-query-id=\"CPfUt7X5qNwCFbIx0wodIqsD8w\"><img decoding=\"async\" loading=\"lazy\" class=\"size-large wp-image-19207 aligncenter\" src=\"https:\/\/elcalaixetdelaiaia.es\/wp-content\/uploads\/2019\/08\/PKDJ4855-2-1024x768.jpg\" alt=\"\" width=\"750\" height=\"563\" srcset=\"https:\/\/elcalaixetdelaiaia.es\/wp-content\/uploads\/2019\/08\/PKDJ4855-2-1024x768.jpg 1024w, https:\/\/elcalaixetdelaiaia.es\/wp-content\/uploads\/2019\/08\/PKDJ4855-2-300x225.jpg 300w, https:\/\/elcalaixetdelaiaia.es\/wp-content\/uploads\/2019\/08\/PKDJ4855-2-768x576.jpg 768w\" sizes=\"(max-width: 750px) 100vw, 750px\" \/><\/div>\n<div data-google-query-id=\"CPfUt7X5qNwCFbIx0wodIqsD8w\"><\/div>\n<div data-google-query-id=\"CPfUt7X5qNwCFbIx0wodIqsD8w\">es ideal para cualquier cena o comida, de fiesta, celebraci\u00f3n, con familia, amigos etc.<\/div>\n<div data-google-query-id=\"CPfUt7X5qNwCFbIx0wodIqsD8w\"><\/div>\n<div data-google-query-id=\"CPfUt7X5qNwCFbIx0wodIqsD8w\"><img decoding=\"async\" loading=\"lazy\" class=\"size-large wp-image-19214 aligncenter\" src=\"https:\/\/elcalaixetdelaiaia.es\/wp-content\/uploads\/2019\/08\/DHAZ6282-1024x768.jpg\" alt=\"\" width=\"750\" height=\"563\" srcset=\"https:\/\/elcalaixetdelaiaia.es\/wp-content\/uploads\/2019\/08\/DHAZ6282-1024x768.jpg 1024w, https:\/\/elcalaixetdelaiaia.es\/wp-content\/uploads\/2019\/08\/DHAZ6282-300x225.jpg 300w, https:\/\/elcalaixetdelaiaia.es\/wp-content\/uploads\/2019\/08\/DHAZ6282-768x576.jpg 768w\" sizes=\"(max-width: 750px) 100vw, 750px\" \/><\/div>\n<div data-google-query-id=\"CPfUt7X5qNwCFbIx0wodIqsD8w\"><\/div>\n<div data-google-query-id=\"CPfUt7X5qNwCFbIx0wodIqsD8w\">eso si, ten\u00e9is que tener en cuenta que se ha de servir siempre muy, muy fresquita<\/div>\n<div data-google-query-id=\"CPfUt7X5qNwCFbIx0wodIqsD8w\"><\/div>\n<div data-google-query-id=\"CPfUt7X5qNwCFbIx0wodIqsD8w\"><img decoding=\"async\" loading=\"lazy\" class=\"size-large wp-image-19216 aligncenter\" src=\"https:\/\/elcalaixetdelaiaia.es\/wp-content\/uploads\/2019\/08\/HWQP9244-1024x768.jpg\" alt=\"\" width=\"750\" height=\"563\" srcset=\"https:\/\/elcalaixetdelaiaia.es\/wp-content\/uploads\/2019\/08\/HWQP9244-1024x768.jpg 1024w, https:\/\/elcalaixetdelaiaia.es\/wp-content\/uploads\/2019\/08\/HWQP9244-300x225.jpg 300w, https:\/\/elcalaixetdelaiaia.es\/wp-content\/uploads\/2019\/08\/HWQP9244-768x576.jpg 768w\" sizes=\"(max-width: 750px) 100vw, 750px\" \/><\/div>\n<div data-google-query-id=\"CPfUt7X5qNwCFbIx0wodIqsD8w\"><\/div>\n<div style=\"text-align: center;\" data-google-query-id=\"CPfUt7X5qNwCFbIx0wodIqsD8w\">y que al llevar marisco es mejor consumirla de inmediato<\/div>\n<div data-google-query-id=\"CPfUt7X5qNwCFbIx0wodIqsD8w\"><\/div>\n<div data-google-query-id=\"CPfUt7X5qNwCFbIx0wodIqsD8w\"><img decoding=\"async\" loading=\"lazy\" class=\"size-large wp-image-19217 aligncenter\" src=\"https:\/\/elcalaixetdelaiaia.es\/wp-content\/uploads\/2019\/08\/HXKW7890-1024x768.jpg\" alt=\"\" width=\"750\" height=\"563\" srcset=\"https:\/\/elcalaixetdelaiaia.es\/wp-content\/uploads\/2019\/08\/HXKW7890-1024x768.jpg 1024w, https:\/\/elcalaixetdelaiaia.es\/wp-content\/uploads\/2019\/08\/HXKW7890-300x225.jpg 300w, https:\/\/elcalaixetdelaiaia.es\/wp-content\/uploads\/2019\/08\/HXKW7890-768x576.jpg 768w\" sizes=\"(max-width: 750px) 100vw, 750px\" \/><\/div>\n<div data-google-query-id=\"CPfUt7X5qNwCFbIx0wodIqsD8w\"><\/div>\n<div style=\"text-align: center;\" data-google-query-id=\"CPfUt7X5qNwCFbIx0wodIqsD8w\">aunque os aseguro que en casa vuela, en cuanto la saco a la mesa<\/div>\n<div data-google-query-id=\"CPfUt7X5qNwCFbIx0wodIqsD8w\"><\/div>\n<div style=\"text-align: center;\" data-google-query-id=\"CPfUt7X5qNwCFbIx0wodIqsD8w\"><img decoding=\"async\" loading=\"lazy\" class=\"size-large wp-image-19218\" src=\"https:\/\/elcalaixetdelaiaia.es\/wp-content\/uploads\/2019\/08\/IASK3655-1024x768.jpg\" alt=\"\" width=\"750\" height=\"563\" srcset=\"https:\/\/elcalaixetdelaiaia.es\/wp-content\/uploads\/2019\/08\/IASK3655-1024x768.jpg 1024w, https:\/\/elcalaixetdelaiaia.es\/wp-content\/uploads\/2019\/08\/IASK3655-300x225.jpg 300w, https:\/\/elcalaixetdelaiaia.es\/wp-content\/uploads\/2019\/08\/IASK3655-768x576.jpg 768w\" sizes=\"(max-width: 750px) 100vw, 750px\" \/><\/div>\n<div data-google-query-id=\"CPfUt7X5qNwCFbIx0wodIqsD8w\"><\/div>\n<div style=\"text-align: center;\" data-google-query-id=\"CPfUt7X5qNwCFbIx0wodIqsD8w\">y ya no vuelve al frigor\u00edfico<\/div>\n<div data-google-query-id=\"CPfUt7X5qNwCFbIx0wodIqsD8w\"><\/div>\n<div style=\"text-align: center;\" data-google-query-id=\"CPfUt7X5qNwCFbIx0wodIqsD8w\"><img decoding=\"async\" loading=\"lazy\" class=\"size-large wp-image-19219 aligncenter\" src=\"https:\/\/elcalaixetdelaiaia.es\/wp-content\/uploads\/2019\/08\/IBKO2523-1024x768.jpg\" alt=\"\" width=\"750\" height=\"563\" srcset=\"https:\/\/elcalaixetdelaiaia.es\/wp-content\/uploads\/2019\/08\/IBKO2523-1024x768.jpg 1024w, https:\/\/elcalaixetdelaiaia.es\/wp-content\/uploads\/2019\/08\/IBKO2523-300x225.jpg 300w, https:\/\/elcalaixetdelaiaia.es\/wp-content\/uploads\/2019\/08\/IBKO2523-768x576.jpg 768w\" sizes=\"(max-width: 750px) 100vw, 750px\" \/><\/div>\n<div data-google-query-id=\"CPfUt7X5qNwCFbIx0wodIqsD8w\"><\/div>\n<div style=\"text-align: center;\" data-google-query-id=\"CPfUt7X5qNwCFbIx0wodIqsD8w\">porque encanta a grandes y chicos y que es una \u00e9xito, cada vez que la presento en mesa.<\/div>\n<div data-google-query-id=\"CPfUt7X5qNwCFbIx0wodIqsD8w\"><\/div>\n<div style=\"text-align: center;\" data-google-query-id=\"CPfUt7X5qNwCFbIx0wodIqsD8w\">\u00abA la taula i&#8230;BON PROFIT!!!\u00bb<\/div>\n<div data-google-query-id=\"CPfUt7X5qNwCFbIx0wodIqsD8w\">\n<div style=\"text-align: center;\">Si te gusta \u00e9sta entrada, puedes compartirla. Gracias por hacerlo .Espero tus comentarios, que para mi son MUY importantes y recuerda que tambi\u00e9n estoy en Facebook <a href=\"https:\/\/www.facebook.com\/El-calaixet-de-la-iaia-533062140099386\/\">https:\/\/www.facebook.com\/El-calaixet-de-la-iaia-533062140099386\/<\/a><\/div>\n<div>\n<div style=\"text-align: center;\">\n<p>Si quieres recibir mis actualizaciones por mail, al final de \u00e9sta p\u00e1gina a la izquierda tienes como hacer para introducir tu correo electr\u00f3nico y no perderte las actualizaciones de este, tu blog \u00a1Gracias!<\/p>\n<p>Edito esta entrada el \u00faltimo d\u00eda del 2019. Mi seguidora, Teresa Nicol\u00e1s Domingo, ha preparado para la cena de Nochevieja, mi pastel y ha sido tan amable de enviarme foto.<\/p>\n<p><img decoding=\"async\" loading=\"lazy\" class=\"wp-image-20260 alignnone size-full\" src=\"https:\/\/elcalaixetdelaiaia.es\/wp-content\/uploads\/2019\/12\/img_20191231_193244779656523101452936.jpg\" width=\"1080\" height=\"1198\" srcset=\"https:\/\/elcalaixetdelaiaia.es\/wp-content\/uploads\/2019\/12\/img_20191231_193244779656523101452936.jpg 1080w, https:\/\/elcalaixetdelaiaia.es\/wp-content\/uploads\/2019\/12\/img_20191231_193244779656523101452936-270x300.jpg 270w, https:\/\/elcalaixetdelaiaia.es\/wp-content\/uploads\/2019\/12\/img_20191231_193244779656523101452936-923x1024.jpg 923w, https:\/\/elcalaixetdelaiaia.es\/wp-content\/uploads\/2019\/12\/img_20191231_193244779656523101452936-768x852.jpg 768w\" sizes=\"(max-width: 1080px) 100vw, 1080px\" \/><\/p>\n<p>Much\u00edsimas gracias Teresa, espero que sea un \u00e9xito y os guste. Feliz a\u00f1o nuevo ??<\/p>\n<\/div>\n<\/div>\n<\/div>\n","protected":false},"excerpt":{"rendered":"<p>\u00abRefrany;Quin temps fa, mariner? Dem\u00e0 t&#8217;ho dir\u00e9\u00bb\u00a0 \u00bfQue tiempo hace marinero? Ma\u00f1ana te dir\u00e9. Quer\u00eda pasarle esta receta a una amiga (gracias Amparo) y no ha habido manera de encontrarla, al parecer es otra de las que se han extraviado cuando hicimos la migraci\u00f3n, como muchas otras mas&#8230; as\u00ed que &hellip; <\/p>\n","protected":false},"author":2,"featured_media":19220,"comment_status":"open","ping_status":"open","sticky":false,"template":"","format":"standard","meta":[],"categories":[67,37,1],"tags":[],"_links":{"self":[{"href":"https:\/\/elcalaixetdelaiaia.es\/index.php?rest_route=\/wp\/v2\/posts\/17725"}],"collection":[{"href":"https:\/\/elcalaixetdelaiaia.es\/index.php?rest_route=\/wp\/v2\/posts"}],"about":[{"href":"https:\/\/elcalaixetdelaiaia.es\/index.php?rest_route=\/wp\/v2\/types\/post"}],"author":[{"embeddable":true,"href":"https:\/\/elcalaixetdelaiaia.es\/index.php?rest_route=\/wp\/v2\/users\/2"}],"replies":[{"embeddable":true,"href":"https:\/\/elcalaixetdelaiaia.es\/index.php?rest_route=%2Fwp%2Fv2%2Fcomments&post=17725"}],"version-history":[{"count":25,"href":"https:\/\/elcalaixetdelaiaia.es\/index.php?rest_route=\/wp\/v2\/posts\/17725\/revisions"}],"predecessor-version":[{"id":26455,"href":"https:\/\/elcalaixetdelaiaia.es\/index.php?rest_route=\/wp\/v2\/posts\/17725\/revisions\/26455"}],"wp:featuredmedia":[{"embeddable":true,"href":"https:\/\/elcalaixetdelaiaia.es\/index.php?rest_route=\/wp\/v2\/media\/19220"}],"wp:attachment":[{"href":"https:\/\/elcalaixetdelaiaia.es\/index.php?rest_route=%2Fwp%2Fv2%2Fmedia&parent=17725"}],"wp:term":[{"taxonomy":"category","embeddable":true,"href":"https:\/\/elcalaixetdelaiaia.es\/index.php?rest_route=%2Fwp%2Fv2%2Fcategories&post=17725"},{"taxonomy":"post_tag","embeddable":true,"href":"https:\/\/elcalaixetdelaiaia.es\/index.php?rest_route=%2Fwp%2Fv2%2Ftags&post=17725"}],"curies":[{"name":"wp","href":"https:\/\/api.w.org\/{rel}","templated":true}]}}