{"id":17521,"date":"2018-07-03T16:19:04","date_gmt":"2018-07-03T16:19:04","guid":{"rendered":"http:\/\/elcalaixetdelaiaia.es\/?p=17521"},"modified":"2024-02-01T09:42:45","modified_gmt":"2024-02-01T09:42:45","slug":"aloe-vera-siempre-a-mano-paso-a-paso","status":"publish","type":"post","link":"https:\/\/elcalaixetdelaiaia.es\/?p=17521","title":{"rendered":"Aloe vera siempre a mano paso a paso"},"content":{"rendered":"<p>\u00abRefrany; Sol que pica, tin la s\u00e1bila a ma\u00bb. Sol que pica, ten la s\u00e1bila a mano.<\/p>\n<p>Si pens\u00e1is en una planta de efectos curativos y f\u00e1cil de encontrar \u00bfcual os viene a la cabeza?<\/p>\n<p>Si coincid\u00eds conmigo ser\u00e1 la de Aloe Vera \u00bfno?<\/p>\n<p>Existen muchas especies que se utilizan para tratar diferentes afecciones como por ejemplo las de la piel, pero en la actualidad, en mi opini\u00f3n la de Aloe vera es la estrella.<\/p>\n<p><img decoding=\"async\" loading=\"lazy\" class=\"alignnone size-large wp-image-17534\" src=\"https:\/\/elcalaixetdelaiaia.es\/wp-content\/uploads\/2018\/07\/VYPW2896-1024x768.png\" alt=\"\" width=\"750\" height=\"563\" srcset=\"https:\/\/elcalaixetdelaiaia.es\/wp-content\/uploads\/2018\/07\/VYPW2896-1024x768.png 1024w, https:\/\/elcalaixetdelaiaia.es\/wp-content\/uploads\/2018\/07\/VYPW2896-300x225.png 300w, https:\/\/elcalaixetdelaiaia.es\/wp-content\/uploads\/2018\/07\/VYPW2896-768x576.png 768w\" sizes=\"(max-width: 750px) 100vw, 750px\" \/><\/p>\n<p>Son innumerables las propiedades del Aloe vera o S\u00e1bila,\u00a0 por lo que intentar\u00e9 resumir unas cuantas;<\/p>\n<ol>\n<li>Sus componentes permiten regenerar las c\u00e9lulas de la piel, de ah\u00ed su uso extendido para tratar afecciones cut\u00e1neas, inclu\u00eddas quemaduras solares y de cualquier otro tipo.<\/li>\n<li>Tiene la propiedad de actuar en el sistema digestivo (pero consultar con el m\u00e9dico)<\/li>\n<li>La aloe vera presenta caracter\u00edsticas capaces de depurar el organismo humano. (consultar primero con el m\u00e9dico)<\/li>\n<li>Elimina hongos y virus.<\/li>\n<li>Aunque es un remedio poco conocido, el uso de aloe vera\u00a0ante las picaduras es considerada la forma m\u00e1s r\u00e1pida y eficaz de combatir esta afecci\u00f3n.<\/li>\n<li>Ya sea en forma de gel o l\u00e1tex, la s\u00e1bila tiene efectos analg\u00e9sicos.<\/li>\n<li>Favorece la regeneraci\u00f3n de tejidos internos<\/li>\n<li>Protege el sistema inmunitario.<\/li>\n<\/ol>\n<p>Bueno, pues el otro d\u00eda Susana, (que es quien cuida con todo esmero de mi Lluna cuando a mi me es completamente imposible hacerlo) al ir mi hijo a recojerla, le di\u00f3 una rama de aloe vera, (graciasssss cari\u00f1o, eres un aut\u00e9ntico cielo)<\/p>\n<p><img decoding=\"async\" loading=\"lazy\" class=\"alignnone size-large wp-image-17524\" src=\"https:\/\/elcalaixetdelaiaia.es\/wp-content\/uploads\/2018\/07\/JZSM8074-1024x768.png\" alt=\"\" width=\"750\" height=\"563\" srcset=\"https:\/\/elcalaixetdelaiaia.es\/wp-content\/uploads\/2018\/07\/JZSM8074-1024x768.png 1024w, https:\/\/elcalaixetdelaiaia.es\/wp-content\/uploads\/2018\/07\/JZSM8074-300x225.png 300w, https:\/\/elcalaixetdelaiaia.es\/wp-content\/uploads\/2018\/07\/JZSM8074-768x576.png 768w\" sizes=\"(max-width: 750px) 100vw, 750px\" \/><\/p>\n<p>y record\u00e9 que ten\u00eda sin subir \u00e9sta entrada as\u00ed que aunque s\u00f3lo contaba con una ramita o penca, he hecho el paso a paso para que ve\u00e1is que suuuperf\u00e1cil, es tener siempre a mano Aloe Vera para una emergencia, como por ejemplo una salpicadura de aceite caliente, o un exceso de sol en la playa o piscina ahora que estamos ya en pleno verano.<\/p>\n<p>Necesitaremos;<\/p>\n<p><img decoding=\"async\" loading=\"lazy\" class=\"alignnone size-large wp-image-17527\" src=\"https:\/\/elcalaixetdelaiaia.es\/wp-content\/uploads\/2018\/07\/MMDC7252-1024x768.png\" alt=\"\" width=\"750\" height=\"563\" srcset=\"https:\/\/elcalaixetdelaiaia.es\/wp-content\/uploads\/2018\/07\/MMDC7252-1024x768.png 1024w, https:\/\/elcalaixetdelaiaia.es\/wp-content\/uploads\/2018\/07\/MMDC7252-300x225.png 300w, https:\/\/elcalaixetdelaiaia.es\/wp-content\/uploads\/2018\/07\/MMDC7252-768x576.png 768w\" sizes=\"(max-width: 750px) 100vw, 750px\" \/><\/p>\n<ol>\n<li>Unas ramas o pencas de aloe vera natural o a unas malas, comercializado<\/li>\n<li>Una cubitera<\/li>\n<\/ol>\n<p>Si us\u00e1is del comercializado os recomiendo una marca valenciana de Picassent, que lo he tomado en jugo y ni los conozco ni me pagan, pero siempre que puedo&#8230; productos de la terreta, que hay que tirar para casa \ud83d\ude0a<\/p>\n<p><img decoding=\"async\" loading=\"lazy\" class=\"alignnone size-large wp-image-17525\" src=\"https:\/\/elcalaixetdelaiaia.es\/wp-content\/uploads\/2018\/07\/KYYJ0277-1024x769.png\" alt=\"\" width=\"750\" height=\"563\" srcset=\"https:\/\/elcalaixetdelaiaia.es\/wp-content\/uploads\/2018\/07\/KYYJ0277-1024x769.png 1024w, https:\/\/elcalaixetdelaiaia.es\/wp-content\/uploads\/2018\/07\/KYYJ0277-300x225.png 300w, https:\/\/elcalaixetdelaiaia.es\/wp-content\/uploads\/2018\/07\/KYYJ0277-768x577.png 768w\" sizes=\"(max-width: 750px) 100vw, 750px\" \/><\/p>\n<p style=\"text-align: center;\">Con un cuchillo y con cuidado de no cortarnos, quitaremos \u00e1mbos lados de la hoja, teniendo precacuci\u00f3n de no pincharnos con las p\u00faas que tienen<\/p>\n<p style=\"text-align: center;\"><img decoding=\"async\" loading=\"lazy\" class=\"alignnone size-large wp-image-17530\" src=\"https:\/\/elcalaixetdelaiaia.es\/wp-content\/uploads\/2018\/07\/SCXF6679-1024x768.png\" alt=\"\" width=\"750\" height=\"563\" srcset=\"https:\/\/elcalaixetdelaiaia.es\/wp-content\/uploads\/2018\/07\/SCXF6679-1024x768.png 1024w, https:\/\/elcalaixetdelaiaia.es\/wp-content\/uploads\/2018\/07\/SCXF6679-300x225.png 300w, https:\/\/elcalaixetdelaiaia.es\/wp-content\/uploads\/2018\/07\/SCXF6679-768x576.png 768w\" sizes=\"(max-width: 750px) 100vw, 750px\" \/><\/p>\n<p style=\"text-align: center;\">quitaremos la piel de una de las caras de la hoja<\/p>\n<p style=\"text-align: center;\"><img decoding=\"async\" loading=\"lazy\" class=\"alignnone size-large wp-image-17526\" src=\"https:\/\/elcalaixetdelaiaia.es\/wp-content\/uploads\/2018\/07\/LLJK5823-1024x768.png\" alt=\"\" width=\"750\" height=\"563\" srcset=\"https:\/\/elcalaixetdelaiaia.es\/wp-content\/uploads\/2018\/07\/LLJK5823-1024x768.png 1024w, https:\/\/elcalaixetdelaiaia.es\/wp-content\/uploads\/2018\/07\/LLJK5823-300x225.png 300w, https:\/\/elcalaixetdelaiaia.es\/wp-content\/uploads\/2018\/07\/LLJK5823-768x576.png 768w\" sizes=\"(max-width: 750px) 100vw, 750px\" \/><\/p>\n<p style=\"text-align: center;\">y con la ayuda de una cuchara, iremos extrayendo suavemente la gelatina de aloe vera<\/p>\n<p style=\"text-align: center;\"><img decoding=\"async\" loading=\"lazy\" class=\"alignnone size-large wp-image-17532\" src=\"https:\/\/elcalaixetdelaiaia.es\/wp-content\/uploads\/2018\/07\/VKXC3815-1024x768.png\" alt=\"\" width=\"750\" height=\"563\" srcset=\"https:\/\/elcalaixetdelaiaia.es\/wp-content\/uploads\/2018\/07\/VKXC3815-1024x768.png 1024w, https:\/\/elcalaixetdelaiaia.es\/wp-content\/uploads\/2018\/07\/VKXC3815-300x225.png 300w, https:\/\/elcalaixetdelaiaia.es\/wp-content\/uploads\/2018\/07\/VKXC3815-768x576.png 768w\" sizes=\"(max-width: 750px) 100vw, 750px\" \/><\/p>\n<p style=\"text-align: center;\">que es donde se encuentran las propiedades de la planta,<\/p>\n<p style=\"text-align: center;\"><img decoding=\"async\" loading=\"lazy\" class=\"alignnone size-large wp-image-17528\" src=\"https:\/\/elcalaixetdelaiaia.es\/wp-content\/uploads\/2018\/07\/MNFC8981-1024x768.png\" alt=\"\" width=\"750\" height=\"563\" srcset=\"https:\/\/elcalaixetdelaiaia.es\/wp-content\/uploads\/2018\/07\/MNFC8981-1024x768.png 1024w, https:\/\/elcalaixetdelaiaia.es\/wp-content\/uploads\/2018\/07\/MNFC8981-300x225.png 300w, https:\/\/elcalaixetdelaiaia.es\/wp-content\/uploads\/2018\/07\/MNFC8981-768x576.png 768w\" sizes=\"(max-width: 750px) 100vw, 750px\" \/><\/p>\n<p style=\"text-align: center;\">y la iremos depositando la pulpa en una cubitera<\/p>\n<p style=\"text-align: center;\"><img decoding=\"async\" loading=\"lazy\" class=\"alignnone size-large wp-image-17535\" src=\"https:\/\/elcalaixetdelaiaia.es\/wp-content\/uploads\/2018\/07\/JGEK9390-1024x768.png\" alt=\"\" width=\"750\" height=\"563\" srcset=\"https:\/\/elcalaixetdelaiaia.es\/wp-content\/uploads\/2018\/07\/JGEK9390-1024x768.png 1024w, https:\/\/elcalaixetdelaiaia.es\/wp-content\/uploads\/2018\/07\/JGEK9390-300x225.png 300w, https:\/\/elcalaixetdelaiaia.es\/wp-content\/uploads\/2018\/07\/JGEK9390-768x576.png 768w\" sizes=\"(max-width: 750px) 100vw, 750px\" \/><\/p>\n<p style=\"text-align: center;\">la taparemos y la llevaremos al congelador hasta que se hagan cubitos de aloe vera<\/p>\n<p style=\"text-align: center;\"><img decoding=\"async\" loading=\"lazy\" class=\"alignnone size-large wp-image-17523\" src=\"https:\/\/elcalaixetdelaiaia.es\/wp-content\/uploads\/2018\/07\/JURQ5176-1024x768.png\" alt=\"\" width=\"750\" height=\"563\" srcset=\"https:\/\/elcalaixetdelaiaia.es\/wp-content\/uploads\/2018\/07\/JURQ5176-1024x768.png 1024w, https:\/\/elcalaixetdelaiaia.es\/wp-content\/uploads\/2018\/07\/JURQ5176-300x225.png 300w, https:\/\/elcalaixetdelaiaia.es\/wp-content\/uploads\/2018\/07\/JURQ5176-768x576.png 768w\" sizes=\"(max-width: 750px) 100vw, 750px\" \/><\/p>\n<p style=\"text-align: center;\">una vez formados los cubitos, los podremos conservar perfectamente en bolsitas individuales de cierre zip en el congelador y teneros apunto para montoooones de aplicaciones, por ejemplo&#8230; que el sol nos ha pegado fuerte&#8230;<\/p>\n<p style=\"text-align: center;\"><img decoding=\"async\" loading=\"lazy\" class=\"alignnone size-large wp-image-17531\" src=\"https:\/\/elcalaixetdelaiaia.es\/wp-content\/uploads\/2018\/07\/VIWV1853-1024x768.png\" alt=\"\" width=\"750\" height=\"563\" srcset=\"https:\/\/elcalaixetdelaiaia.es\/wp-content\/uploads\/2018\/07\/VIWV1853-1024x768.png 1024w, https:\/\/elcalaixetdelaiaia.es\/wp-content\/uploads\/2018\/07\/VIWV1853-300x225.png 300w, https:\/\/elcalaixetdelaiaia.es\/wp-content\/uploads\/2018\/07\/VIWV1853-768x576.png 768w\" sizes=\"(max-width: 750px) 100vw, 750px\" \/><\/p>\n<p style=\"text-align: center;\">aplicaremos el cubito en la piel&#8230; o&#8230; que hemos usado unos zapatos, y se nos ha formado una rozadura o ampolla en los pies&#8230; pasaros un cubito y os aliviar\u00e1 de inmediato&#8230; o una quemadura con el roce de la plancha, un salpic\u00f3n de aceite&#8230;o hemos metido la mano en el horno sin tomar precauci\u00f3n de ponernos guantes antical\u00f3ricos,<\/p>\n<p style=\"text-align: center;\"><img decoding=\"async\" loading=\"lazy\" class=\"alignnone size-large wp-image-17533\" src=\"https:\/\/elcalaixetdelaiaia.es\/wp-content\/uploads\/2018\/07\/VTDZ3435-1024x768.png\" alt=\"\" width=\"750\" height=\"563\" srcset=\"https:\/\/elcalaixetdelaiaia.es\/wp-content\/uploads\/2018\/07\/VTDZ3435-1024x768.png 1024w, https:\/\/elcalaixetdelaiaia.es\/wp-content\/uploads\/2018\/07\/VTDZ3435-300x225.png 300w, https:\/\/elcalaixetdelaiaia.es\/wp-content\/uploads\/2018\/07\/VTDZ3435-768x576.png 768w\" sizes=\"(max-width: 750px) 100vw, 750px\" \/>o&#8230;hemos pasado mala noche, y nos levantamos con bolsas y ojeras, encontrar\u00e1s un gran\u00a0 alivio aplic\u00e1ndote estos cubitos de aloe vera,con much\u00edsimo cuidado, que la piel del contorno de los ojos es muy delicada&#8230;<\/p>\n<p style=\"text-align: center;\"><img decoding=\"async\" loading=\"lazy\" class=\"alignnone size-large wp-image-17536\" src=\"https:\/\/elcalaixetdelaiaia.es\/wp-content\/uploads\/2018\/07\/aloe2-768x1024.png\" alt=\"\" width=\"750\" height=\"1000\" srcset=\"https:\/\/elcalaixetdelaiaia.es\/wp-content\/uploads\/2018\/07\/aloe2-768x1024.png 768w, https:\/\/elcalaixetdelaiaia.es\/wp-content\/uploads\/2018\/07\/aloe2-225x300.png 225w\" sizes=\"(max-width: 750px) 100vw, 750px\" \/><\/p>\n<p style=\"text-align: center;\">&#8230;o&#8230; nos ha salido un grano justo el d\u00eda que tenemos una cita importante&#8230;o&#8230;queremos hacernos una mascarilla de belleza. Incluso he le\u00eddo que es muy eficaz en caso de picaduras de medusas. Yo lo uso muy muy a menudo porque me pican toooodos mosquitos y bichitos \ud83d\ude15<\/p>\n<p style=\"text-align: center;\"><img decoding=\"async\" loading=\"lazy\" class=\"alignnone size-large wp-image-17524\" src=\"https:\/\/elcalaixetdelaiaia.es\/wp-content\/uploads\/2018\/07\/JZSM8074-1024x768.png\" alt=\"\" width=\"750\" height=\"563\" srcset=\"https:\/\/elcalaixetdelaiaia.es\/wp-content\/uploads\/2018\/07\/JZSM8074-1024x768.png 1024w, https:\/\/elcalaixetdelaiaia.es\/wp-content\/uploads\/2018\/07\/JZSM8074-300x225.png 300w, https:\/\/elcalaixetdelaiaia.es\/wp-content\/uploads\/2018\/07\/JZSM8074-768x576.png 768w\" sizes=\"(max-width: 750px) 100vw, 750px\" \/><\/p>\n<p style=\"text-align: center;\">Estos son algunos usos externos, pero recordar que tambi\u00e9n se puede usar para uso interno pero yo en \u00e9stos temas ya no entro, zapatero a tus zapatos y lo adecuado es consultar siempre con un m\u00e9dico \ud83d\ude09<\/p>\n<p style=\"text-align: center;\">Espero haberos sido de ayuda, gracias por compartir,\u00a0 recordad que estoy en facebook<\/p>\n<p style=\"text-align: center;\">https:\/\/www.facebook.com\/El-calaixet-de-la-iaia-533062140099386\/ y que espero vuestros comentarios, que prometo responder lo mas r\u00e1pido posible ya que para mi, son MUY importantes \u00a1Gracias!<\/p>\n","protected":false},"excerpt":{"rendered":"<p>\u00abRefrany; Sol que pica, tin la s\u00e1bila a ma\u00bb. Sol que pica, ten la s\u00e1bila a mano. Si pens\u00e1is en una planta de efectos curativos y f\u00e1cil de encontrar \u00bfcual os viene a la cabeza? Si coincid\u00eds conmigo ser\u00e1 la de Aloe Vera \u00bfno? Existen muchas especies que se utilizan &hellip; <\/p>\n","protected":false},"author":2,"featured_media":17524,"comment_status":"open","ping_status":"open","sticky":false,"template":"","format":"standard","meta":[],"categories":[1,95],"tags":[],"_links":{"self":[{"href":"https:\/\/elcalaixetdelaiaia.es\/index.php?rest_route=\/wp\/v2\/posts\/17521"}],"collection":[{"href":"https:\/\/elcalaixetdelaiaia.es\/index.php?rest_route=\/wp\/v2\/posts"}],"about":[{"href":"https:\/\/elcalaixetdelaiaia.es\/index.php?rest_route=\/wp\/v2\/types\/post"}],"author":[{"embeddable":true,"href":"https:\/\/elcalaixetdelaiaia.es\/index.php?rest_route=\/wp\/v2\/users\/2"}],"replies":[{"embeddable":true,"href":"https:\/\/elcalaixetdelaiaia.es\/index.php?rest_route=%2Fwp%2Fv2%2Fcomments&post=17521"}],"version-history":[{"count":9,"href":"https:\/\/elcalaixetdelaiaia.es\/index.php?rest_route=\/wp\/v2\/posts\/17521\/revisions"}],"predecessor-version":[{"id":26781,"href":"https:\/\/elcalaixetdelaiaia.es\/index.php?rest_route=\/wp\/v2\/posts\/17521\/revisions\/26781"}],"wp:featuredmedia":[{"embeddable":true,"href":"https:\/\/elcalaixetdelaiaia.es\/index.php?rest_route=\/wp\/v2\/media\/17524"}],"wp:attachment":[{"href":"https:\/\/elcalaixetdelaiaia.es\/index.php?rest_route=%2Fwp%2Fv2%2Fmedia&parent=17521"}],"wp:term":[{"taxonomy":"category","embeddable":true,"href":"https:\/\/elcalaixetdelaiaia.es\/index.php?rest_route=%2Fwp%2Fv2%2Fcategories&post=17521"},{"taxonomy":"post_tag","embeddable":true,"href":"https:\/\/elcalaixetdelaiaia.es\/index.php?rest_route=%2Fwp%2Fv2%2Ftags&post=17521"}],"curies":[{"name":"wp","href":"https:\/\/api.w.org\/{rel}","templated":true}]}}