{"id":17493,"date":"2018-05-31T16:48:53","date_gmt":"2018-05-31T16:48:53","guid":{"rendered":"http:\/\/elcalaixetdelaiaia.es\/2018\/05\/mercado-de-la-escuraeta\/"},"modified":"2018-05-31T17:03:02","modified_gmt":"2018-05-31T17:03:02","slug":"mercado-de-la-escuraeta","status":"publish","type":"post","link":"https:\/\/elcalaixetdelaiaia.es\/?p=17493","title":{"rendered":"Mercado de \u201cLa escuraeta\u201d"},"content":{"rendered":"<p>\u00abRefrany; Pardal que vola, a la cassola\u00bb P\u00e1jaro que vuela, a la cazuela.<\/p>\n<p><img decoding=\"async\" loading=\"lazy\" src=\"https:\/\/elcalaixetdelaiaia.es\/wp-content\/uploads\/2018\/05\/temp-2.jpg\" class=\"wp-image-17481 size-full\" height=\"4032\" width=\"3024\" srcset=\"https:\/\/elcalaixetdelaiaia.es\/wp-content\/uploads\/2018\/05\/temp-2.jpg 3024w, https:\/\/elcalaixetdelaiaia.es\/wp-content\/uploads\/2018\/05\/temp-2-225x300.jpg 225w, https:\/\/elcalaixetdelaiaia.es\/wp-content\/uploads\/2018\/05\/temp-2-768x1024.jpg 768w\" sizes=\"(max-width: 3024px) 100vw, 3024px\" \/><\/p>\n<p>He estado esta ma\u00f1ana en \u00abEl Mercat de la escuraeta\u00bb,<\/p>\n<p><img decoding=\"async\" loading=\"lazy\" src=\"https:\/\/elcalaixetdelaiaia.es\/wp-content\/uploads\/2018\/05\/temp-1.jpg\" class=\"wp-image-17480 size-full\" height=\"3024\" width=\"4032\" srcset=\"https:\/\/elcalaixetdelaiaia.es\/wp-content\/uploads\/2018\/05\/temp-1.jpg 4032w, https:\/\/elcalaixetdelaiaia.es\/wp-content\/uploads\/2018\/05\/temp-1-300x225.jpg 300w, https:\/\/elcalaixetdelaiaia.es\/wp-content\/uploads\/2018\/05\/temp-1-768x576.jpg 768w, https:\/\/elcalaixetdelaiaia.es\/wp-content\/uploads\/2018\/05\/temp-1-1024x768.jpg 1024w\" sizes=\"(max-width: 4032px) 100vw, 4032px\" \/><\/p>\n<p>visita obligada cada a\u00f1o, para comprar \u00ables botijetes\u00bb para \u00abl&#8217;ai\u00fceta\u00bb fresca este verano,<\/p>\n<p><img decoding=\"async\" loading=\"lazy\" src=\"https:\/\/elcalaixetdelaiaia.es\/wp-content\/uploads\/2018\/05\/temp-3.jpg\" class=\"size-full wp-image-17482\" height=\"3024\" width=\"4032\" srcset=\"https:\/\/elcalaixetdelaiaia.es\/wp-content\/uploads\/2018\/05\/temp-3.jpg 4032w, https:\/\/elcalaixetdelaiaia.es\/wp-content\/uploads\/2018\/05\/temp-3-300x225.jpg 300w, https:\/\/elcalaixetdelaiaia.es\/wp-content\/uploads\/2018\/05\/temp-3-768x576.jpg 768w, https:\/\/elcalaixetdelaiaia.es\/wp-content\/uploads\/2018\/05\/temp-3-1024x768.jpg 1024w\" sizes=\"(max-width: 4032px) 100vw, 4032px\" \/><\/p>\n<p>las campanitas y \u00abels pardalets piuladors\u00bb a mis nietas, siguiendo la tradici\u00f3n familiar.<\/p>\n<p><img decoding=\"async\" loading=\"lazy\" src=\"https:\/\/elcalaixetdelaiaia.es\/wp-content\/uploads\/2018\/05\/temp-4.jpg\" class=\"wp-image-17483 size-full\" height=\"4032\" width=\"3024\" srcset=\"https:\/\/elcalaixetdelaiaia.es\/wp-content\/uploads\/2018\/05\/temp-4.jpg 3024w, https:\/\/elcalaixetdelaiaia.es\/wp-content\/uploads\/2018\/05\/temp-4-225x300.jpg 225w, https:\/\/elcalaixetdelaiaia.es\/wp-content\/uploads\/2018\/05\/temp-4-768x1024.jpg 768w\" sizes=\"(max-width: 3024px) 100vw, 3024px\" \/><\/p>\n<p>Mis padres iban cada a\u00f1o a comprarlas a mis hijos<\/p>\n<p><img decoding=\"async\" loading=\"lazy\" src=\"https:\/\/elcalaixetdelaiaia.es\/wp-content\/uploads\/2018\/05\/temp-5.jpg\" class=\"wp-image-17484 size-full\" height=\"4032\" width=\"3024\" srcset=\"https:\/\/elcalaixetdelaiaia.es\/wp-content\/uploads\/2018\/05\/temp-5.jpg 3024w, https:\/\/elcalaixetdelaiaia.es\/wp-content\/uploads\/2018\/05\/temp-5-225x300.jpg 225w, https:\/\/elcalaixetdelaiaia.es\/wp-content\/uploads\/2018\/05\/temp-5-768x1024.jpg 768w\" sizes=\"(max-width: 3024px) 100vw, 3024px\" \/><\/p>\n<p>y las tradiciones hay que seguirlas, para que no se pierdan. Seg\u00fan dicen es uno de los mercados m\u00e1s antiguos de Valencia, pues parece ser que comenz\u00f3 por el siglo XIV.<\/p>\n<p><img decoding=\"async\" loading=\"lazy\" src=\"https:\/\/elcalaixetdelaiaia.es\/wp-content\/uploads\/2018\/05\/temp-6.jpg\" class=\"wp-image-17485 size-full\" height=\"3024\" width=\"4032\" srcset=\"https:\/\/elcalaixetdelaiaia.es\/wp-content\/uploads\/2018\/05\/temp-6.jpg 4032w, https:\/\/elcalaixetdelaiaia.es\/wp-content\/uploads\/2018\/05\/temp-6-300x225.jpg 300w, https:\/\/elcalaixetdelaiaia.es\/wp-content\/uploads\/2018\/05\/temp-6-768x576.jpg 768w, https:\/\/elcalaixetdelaiaia.es\/wp-content\/uploads\/2018\/05\/temp-6-1024x768.jpg 1024w\" sizes=\"(max-width: 4032px) 100vw, 4032px\" \/><\/p>\n<p>De paso, siempre hay alguna cazuela o \u00abllibrell\u00bb que reponer,<\/p>\n<p><img decoding=\"async\" loading=\"lazy\" src=\"https:\/\/elcalaixetdelaiaia.es\/wp-content\/uploads\/2018\/05\/img_0582.jpg\" class=\"wp-image-17478 size-full\" height=\"425\" width=\"640\" srcset=\"https:\/\/elcalaixetdelaiaia.es\/wp-content\/uploads\/2018\/05\/img_0582.jpg 640w, https:\/\/elcalaixetdelaiaia.es\/wp-content\/uploads\/2018\/05\/img_0582-300x199.jpg 300w\" sizes=\"(max-width: 640px) 100vw, 640px\" \/><\/p>\n<p>aunque durante el resto del a\u00f1o voy a la ferreter\u00eda de Guillermo Pedr\u00f3s, que tiene la parada en el exterior del Mercado Central y donde encuentro absolutamente todo para mi cocina (os debo una entrada, lo tengo pendiente ?).<\/p>\n<p><img decoding=\"async\" loading=\"lazy\" src=\"https:\/\/elcalaixetdelaiaia.es\/wp-content\/uploads\/2018\/05\/temp-7.jpg\" class=\"size-full wp-image-17486\" height=\"3024\" width=\"4032\" srcset=\"https:\/\/elcalaixetdelaiaia.es\/wp-content\/uploads\/2018\/05\/temp-7.jpg 4032w, https:\/\/elcalaixetdelaiaia.es\/wp-content\/uploads\/2018\/05\/temp-7-300x225.jpg 300w, https:\/\/elcalaixetdelaiaia.es\/wp-content\/uploads\/2018\/05\/temp-7-768x576.jpg 768w, https:\/\/elcalaixetdelaiaia.es\/wp-content\/uploads\/2018\/05\/temp-7-1024x768.jpg 1024w\" sizes=\"(max-width: 4032px) 100vw, 4032px\" \/><\/p>\n<p>Entiendo que ahora las paradas de \u00abLa escuraeta\u00bb son mucho m\u00e1s pr\u00e1cticas,<\/p>\n<p><img decoding=\"async\" loading=\"lazy\" src=\"https:\/\/elcalaixetdelaiaia.es\/wp-content\/uploads\/2018\/05\/temp-8.jpg\" class=\"size-full wp-image-17487\" height=\"3024\" width=\"4032\" srcset=\"https:\/\/elcalaixetdelaiaia.es\/wp-content\/uploads\/2018\/05\/temp-8.jpg 4032w, https:\/\/elcalaixetdelaiaia.es\/wp-content\/uploads\/2018\/05\/temp-8-300x225.jpg 300w, https:\/\/elcalaixetdelaiaia.es\/wp-content\/uploads\/2018\/05\/temp-8-768x576.jpg 768w, https:\/\/elcalaixetdelaiaia.es\/wp-content\/uploads\/2018\/05\/temp-8-1024x768.jpg 1024w\" sizes=\"(max-width: 4032px) 100vw, 4032px\" \/><\/p>\n<p>pero con est\u00e1s casetas se ha perdido un poco el encanto de las de anta\u00f1o,<\/p>\n<p><img decoding=\"async\" loading=\"lazy\" src=\"https:\/\/elcalaixetdelaiaia.es\/wp-content\/uploads\/2018\/05\/temp-10.jpg\" class=\"wp-image-17489 size-full\" height=\"3024\" width=\"4032\" srcset=\"https:\/\/elcalaixetdelaiaia.es\/wp-content\/uploads\/2018\/05\/temp-10.jpg 4032w, https:\/\/elcalaixetdelaiaia.es\/wp-content\/uploads\/2018\/05\/temp-10-300x225.jpg 300w, https:\/\/elcalaixetdelaiaia.es\/wp-content\/uploads\/2018\/05\/temp-10-768x576.jpg 768w, https:\/\/elcalaixetdelaiaia.es\/wp-content\/uploads\/2018\/05\/temp-10-1024x768.jpg 1024w\" sizes=\"(max-width: 4032px) 100vw, 4032px\" \/><\/p>\n<p>con todos los art\u00edculos expuestos en el suelo<\/p>\n<p><img decoding=\"async\" loading=\"lazy\" src=\"https:\/\/elcalaixetdelaiaia.es\/wp-content\/uploads\/2018\/05\/temp-11.jpg\" class=\"wp-image-17490 size-full\" height=\"3024\" width=\"4032\" srcset=\"https:\/\/elcalaixetdelaiaia.es\/wp-content\/uploads\/2018\/05\/temp-11.jpg 4032w, https:\/\/elcalaixetdelaiaia.es\/wp-content\/uploads\/2018\/05\/temp-11-300x225.jpg 300w, https:\/\/elcalaixetdelaiaia.es\/wp-content\/uploads\/2018\/05\/temp-11-768x576.jpg 768w, https:\/\/elcalaixetdelaiaia.es\/wp-content\/uploads\/2018\/05\/temp-11-1024x768.jpg 1024w\" sizes=\"(max-width: 4032px) 100vw, 4032px\" \/><\/p>\n<p>y la parada cubierta con su lona ??\u200d\u2640\ufe0f Este a\u00f1o son un total de 29 casetas prefabricadas, limitando este n\u00famero a causa del espacio.<\/p>\n<p><img decoding=\"async\" loading=\"lazy\" src=\"https:\/\/elcalaixetdelaiaia.es\/wp-content\/uploads\/2018\/05\/temp-12.jpg\" class=\"size-full wp-image-17491\" height=\"4032\" width=\"3024\" srcset=\"https:\/\/elcalaixetdelaiaia.es\/wp-content\/uploads\/2018\/05\/temp-12.jpg 3024w, https:\/\/elcalaixetdelaiaia.es\/wp-content\/uploads\/2018\/05\/temp-12-225x300.jpg 225w, https:\/\/elcalaixetdelaiaia.es\/wp-content\/uploads\/2018\/05\/temp-12-768x1024.jpg 768w\" sizes=\"(max-width: 3024px) 100vw, 3024px\" \/><\/p>\n<p>En fin&#8230;. que si sois de Val\u00e8ncia, alrededores, o ten\u00e9is posibilidad de acercaros a este tradicional y antiqu\u00edsimo mercado anual, estar\u00e1 abierto hasta el pr\u00f3ximo domingo.<\/p>\n<p>Merece la pena ser visitado y de paso deleitarnos por el enclave en que se encuentra.<\/p>\n<p><img decoding=\"async\" loading=\"lazy\" src=\"https:\/\/elcalaixetdelaiaia.es\/wp-content\/uploads\/2018\/05\/temp-13.jpg\" class=\"size-full wp-image-17492\" height=\"3024\" width=\"4032\" srcset=\"https:\/\/elcalaixetdelaiaia.es\/wp-content\/uploads\/2018\/05\/temp-13.jpg 4032w, https:\/\/elcalaixetdelaiaia.es\/wp-content\/uploads\/2018\/05\/temp-13-300x225.jpg 300w, https:\/\/elcalaixetdelaiaia.es\/wp-content\/uploads\/2018\/05\/temp-13-768x576.jpg 768w, https:\/\/elcalaixetdelaiaia.es\/wp-content\/uploads\/2018\/05\/temp-13-1024x768.jpg 1024w\" sizes=\"(max-width: 4032px) 100vw, 4032px\" \/><\/p>\n<p>No he podido evitar pensar en todos els #calaixerspelmon y agradecer  haber nacido en \u00abla millor terreta\u00bb Que preciosa es mi tierra&#8230;.?\u2764\ufe0f<\/p>\n<p>Si os gusta esta entrada pod\u00e9is compartirla, y recordad que tambi\u00e9n estoy en Facebook https:\/\/m.facebook.com\/El-calaixet-de-la-iaia-533062140099386\/?locale2=es_ES<\/p>\n<p>Espero vuestros comentarios, que son muy importantes. Gracias.<\/p>\n","protected":false},"excerpt":{"rendered":"<p>\u00abRefrany; Pardal que vola, a la cassola\u00bb P\u00e1jaro que vuela, a la cazuela. He estado esta ma\u00f1ana en \u00abEl Mercat de la escuraeta\u00bb, visita obligada cada a\u00f1o, para comprar \u00ables botijetes\u00bb para \u00abl&#8217;ai\u00fceta\u00bb fresca este verano, las campanitas y \u00abels pardalets piuladors\u00bb a mis nietas, siguiendo la tradici\u00f3n familiar. Mis &hellip; <\/p>\n","protected":false},"author":2,"featured_media":17492,"comment_status":"open","ping_status":"open","sticky":false,"template":"","format":"standard","meta":[],"categories":[1],"tags":[83,77],"_links":{"self":[{"href":"https:\/\/elcalaixetdelaiaia.es\/index.php?rest_route=\/wp\/v2\/posts\/17493"}],"collection":[{"href":"https:\/\/elcalaixetdelaiaia.es\/index.php?rest_route=\/wp\/v2\/posts"}],"about":[{"href":"https:\/\/elcalaixetdelaiaia.es\/index.php?rest_route=\/wp\/v2\/types\/post"}],"author":[{"embeddable":true,"href":"https:\/\/elcalaixetdelaiaia.es\/index.php?rest_route=\/wp\/v2\/users\/2"}],"replies":[{"embeddable":true,"href":"https:\/\/elcalaixetdelaiaia.es\/index.php?rest_route=%2Fwp%2Fv2%2Fcomments&post=17493"}],"version-history":[{"count":2,"href":"https:\/\/elcalaixetdelaiaia.es\/index.php?rest_route=\/wp\/v2\/posts\/17493\/revisions"}],"predecessor-version":[{"id":17496,"href":"https:\/\/elcalaixetdelaiaia.es\/index.php?rest_route=\/wp\/v2\/posts\/17493\/revisions\/17496"}],"wp:featuredmedia":[{"embeddable":true,"href":"https:\/\/elcalaixetdelaiaia.es\/index.php?rest_route=\/wp\/v2\/media\/17492"}],"wp:attachment":[{"href":"https:\/\/elcalaixetdelaiaia.es\/index.php?rest_route=%2Fwp%2Fv2%2Fmedia&parent=17493"}],"wp:term":[{"taxonomy":"category","embeddable":true,"href":"https:\/\/elcalaixetdelaiaia.es\/index.php?rest_route=%2Fwp%2Fv2%2Fcategories&post=17493"},{"taxonomy":"post_tag","embeddable":true,"href":"https:\/\/elcalaixetdelaiaia.es\/index.php?rest_route=%2Fwp%2Fv2%2Ftags&post=17493"}],"curies":[{"name":"wp","href":"https:\/\/api.w.org\/{rel}","templated":true}]}}