{"id":17279,"date":"2018-05-21T19:21:28","date_gmt":"2018-05-21T19:21:28","guid":{"rendered":"http:\/\/elcalaixetdelaiaia.es\/?p=17279"},"modified":"2018-05-23T18:17:11","modified_gmt":"2018-05-23T18:17:11","slug":"temporada-verano-2018","status":"publish","type":"post","link":"https:\/\/elcalaixetdelaiaia.es\/?p=17279","title":{"rendered":"Temporada verano 2018"},"content":{"rendered":"<p>\u00abRefrany;<\/p>\n<p>On has passat l&#8217;hivern, passa l&#8217;estiu\u00bb Donde has pasado el invierno, pasa el verano.<\/p>\n<p style=\"text-align: center\">Pues si, ya se asoma el verano, aunque la temporada a\u00fan no comienza hasta el pr\u00f3ximo mes&#8230;..<\/p>\n<p style=\"text-align: center\"><img decoding=\"async\" loading=\"lazy\" src=\"https:\/\/elcalaixetdelaiaia.es\/wp-content\/uploads\/2018\/05\/temp1-952x1024.jpeg\" class=\"alignnone wp-image-17284 size-large\" width=\"750\" height=\"807\" alt=\"\" srcset=\"https:\/\/elcalaixetdelaiaia.es\/wp-content\/uploads\/2018\/05\/temp1-952x1024.jpeg 952w, https:\/\/elcalaixetdelaiaia.es\/wp-content\/uploads\/2018\/05\/temp1-279x300.jpeg 279w, https:\/\/elcalaixetdelaiaia.es\/wp-content\/uploads\/2018\/05\/temp1-768x826.jpeg 768w, https:\/\/elcalaixetdelaiaia.es\/wp-content\/uploads\/2018\/05\/temp1.jpeg 1369w\" sizes=\"(max-width: 750px) 100vw, 750px\" \/><\/p>\n<p style=\"text-align: center\">cuando ves el cami\u00f3n de las maderas por el paseo<\/p>\n<p style=\"text-align: center\"><img decoding=\"async\" loading=\"lazy\" src=\"https:\/\/elcalaixetdelaiaia.es\/wp-content\/uploads\/2018\/05\/temp-1024x701.jpeg\" class=\"wp-image-17285 size-large\" width=\"750\" height=\"513\" alt=\"\" srcset=\"https:\/\/elcalaixetdelaiaia.es\/wp-content\/uploads\/2018\/05\/temp-1024x701.jpeg 1024w, https:\/\/elcalaixetdelaiaia.es\/wp-content\/uploads\/2018\/05\/temp-300x205.jpeg 300w, https:\/\/elcalaixetdelaiaia.es\/wp-content\/uploads\/2018\/05\/temp-768x526.jpeg 768w\" sizes=\"(max-width: 750px) 100vw, 750px\" \/><\/p>\n<p style=\"text-align: center\">que va repartiendo los palets junto a los caminos al mar<\/p>\n<p style=\"text-align: center\"><img decoding=\"async\" loading=\"lazy\" src=\"https:\/\/elcalaixetdelaiaia.es\/wp-content\/uploads\/2018\/05\/temp4-1024x768.jpeg\" class=\"size-large wp-image-17281\" width=\"750\" height=\"563\" alt=\"\" srcset=\"https:\/\/elcalaixetdelaiaia.es\/wp-content\/uploads\/2018\/05\/temp4-1024x768.jpeg 1024w, https:\/\/elcalaixetdelaiaia.es\/wp-content\/uploads\/2018\/05\/temp4-300x225.jpeg 300w, https:\/\/elcalaixetdelaiaia.es\/wp-content\/uploads\/2018\/05\/temp4-768x576.jpeg 768w, https:\/\/elcalaixetdelaiaia.es\/wp-content\/uploads\/2018\/05\/temp4.jpeg 2048w\" sizes=\"(max-width: 750px) 100vw, 750px\" \/><\/p>\n<p style=\"text-align: center\">y van coloc\u00e1ndolos para facilitar el acceso a la orilla<\/p>\n<p style=\"text-align: center\"><img decoding=\"async\" loading=\"lazy\" src=\"https:\/\/elcalaixetdelaiaia.es\/wp-content\/uploads\/2018\/05\/temp5-1024x692.jpeg\" class=\"size-large wp-image-17280\" width=\"750\" height=\"507\" alt=\"\" srcset=\"https:\/\/elcalaixetdelaiaia.es\/wp-content\/uploads\/2018\/05\/temp5-1024x692.jpeg 1024w, https:\/\/elcalaixetdelaiaia.es\/wp-content\/uploads\/2018\/05\/temp5-300x203.jpeg 300w, https:\/\/elcalaixetdelaiaia.es\/wp-content\/uploads\/2018\/05\/temp5-768x519.jpeg 768w\" sizes=\"(max-width: 750px) 100vw, 750px\" \/><\/p>\n<p style=\"text-align: center\">ves que ya est\u00e1 aqu\u00ed un nuevo verano<\/p>\n<p style=\"text-align: center\"><img decoding=\"async\" loading=\"lazy\" src=\"https:\/\/elcalaixetdelaiaia.es\/wp-content\/uploads\/2018\/05\/temp2-1024x768.jpeg\" class=\"size-large wp-image-17283\" width=\"750\" height=\"563\" alt=\"\" srcset=\"https:\/\/elcalaixetdelaiaia.es\/wp-content\/uploads\/2018\/05\/temp2-1024x768.jpeg 1024w, https:\/\/elcalaixetdelaiaia.es\/wp-content\/uploads\/2018\/05\/temp2-300x225.jpeg 300w, https:\/\/elcalaixetdelaiaia.es\/wp-content\/uploads\/2018\/05\/temp2-768x576.jpeg 768w, https:\/\/elcalaixetdelaiaia.es\/wp-content\/uploads\/2018\/05\/temp2.jpeg 2048w\" sizes=\"(max-width: 750px) 100vw, 750px\" \/><\/p>\n<p style=\"text-align: center\">ayer el paseo y la orilla ya estaba llena de gente, con ganitas de playa&#8230;.<\/p>\n<p><img decoding=\"async\" loading=\"lazy\" src=\"https:\/\/elcalaixetdelaiaia.es\/wp-content\/uploads\/2018\/05\/temp36-1024x768.jpg\" class=\"wp-image-17339 size-large\" width=\"750\" height=\"563\" alt=\"\"><\/p>\n<p>os recuerdo de paso, como hacen en \u00e9ste conocido restaurant ? que la zona azul ya est\u00e1 en marcha, todos los d\u00edas de la semana, incluso para los residentes&#8230;cuidad\u00edn con las multas ?<\/p>\n<p><img decoding=\"async\" loading=\"lazy\" src=\"https:\/\/elcalaixetdelaiaia.es\/wp-content\/uploads\/2018\/05\/temp6-1024x768.jpeg\" class=\"size-large wp-image-17286\" width=\"750\" height=\"563\" alt=\"\" srcset=\"https:\/\/elcalaixetdelaiaia.es\/wp-content\/uploads\/2018\/05\/temp6-1024x768.jpeg 1024w, https:\/\/elcalaixetdelaiaia.es\/wp-content\/uploads\/2018\/05\/temp6-300x225.jpeg 300w, https:\/\/elcalaixetdelaiaia.es\/wp-content\/uploads\/2018\/05\/temp6-768x576.jpeg 768w, https:\/\/elcalaixetdelaiaia.es\/wp-content\/uploads\/2018\/05\/temp6.jpeg 2048w\" sizes=\"(max-width: 750px) 100vw, 750px\" \/><\/p>\n<p style=\"text-align: center\">en nada, estar\u00e1n los socorristas y comenzar\u00e1 la nueva temporada verano 2018, otro a\u00f1o mas&#8230;&#8230;..que disfrut\u00e9is las fotos ?<\/p>\n","protected":false},"excerpt":{"rendered":"<p>\u00abRefrany; On has passat l&#8217;hivern, passa l&#8217;estiu\u00bb Donde has pasado el invierno, pasa el verano. Pues si, ya se asoma el verano, aunque la temporada a\u00fan no comienza hasta el pr\u00f3ximo mes&#8230;.. cuando ves el cami\u00f3n de las maderas por el paseo que va repartiendo los palets junto a los &hellip; <\/p>\n","protected":false},"author":2,"featured_media":17283,"comment_status":"open","ping_status":"open","sticky":false,"template":"","format":"standard","meta":[],"categories":[23,1],"tags":[],"_links":{"self":[{"href":"https:\/\/elcalaixetdelaiaia.es\/index.php?rest_route=\/wp\/v2\/posts\/17279"}],"collection":[{"href":"https:\/\/elcalaixetdelaiaia.es\/index.php?rest_route=\/wp\/v2\/posts"}],"about":[{"href":"https:\/\/elcalaixetdelaiaia.es\/index.php?rest_route=\/wp\/v2\/types\/post"}],"author":[{"embeddable":true,"href":"https:\/\/elcalaixetdelaiaia.es\/index.php?rest_route=\/wp\/v2\/users\/2"}],"replies":[{"embeddable":true,"href":"https:\/\/elcalaixetdelaiaia.es\/index.php?rest_route=%2Fwp%2Fv2%2Fcomments&post=17279"}],"version-history":[{"count":7,"href":"https:\/\/elcalaixetdelaiaia.es\/index.php?rest_route=\/wp\/v2\/posts\/17279\/revisions"}],"predecessor-version":[{"id":17344,"href":"https:\/\/elcalaixetdelaiaia.es\/index.php?rest_route=\/wp\/v2\/posts\/17279\/revisions\/17344"}],"wp:featuredmedia":[{"embeddable":true,"href":"https:\/\/elcalaixetdelaiaia.es\/index.php?rest_route=\/wp\/v2\/media\/17283"}],"wp:attachment":[{"href":"https:\/\/elcalaixetdelaiaia.es\/index.php?rest_route=%2Fwp%2Fv2%2Fmedia&parent=17279"}],"wp:term":[{"taxonomy":"category","embeddable":true,"href":"https:\/\/elcalaixetdelaiaia.es\/index.php?rest_route=%2Fwp%2Fv2%2Fcategories&post=17279"},{"taxonomy":"post_tag","embeddable":true,"href":"https:\/\/elcalaixetdelaiaia.es\/index.php?rest_route=%2Fwp%2Fv2%2Ftags&post=17279"}],"curies":[{"name":"wp","href":"https:\/\/api.w.org\/{rel}","templated":true}]}}