{"id":17196,"date":"2018-05-18T17:43:00","date_gmt":"2018-05-18T17:43:00","guid":{"rendered":"http:\/\/elcalaixetdelaiaia.es\/?p=17196"},"modified":"2025-02-19T14:44:47","modified_gmt":"2025-02-19T14:44:47","slug":"tarta-pau-del-valencia-cf-paso-a-paso","status":"publish","type":"post","link":"https:\/\/elcalaixetdelaiaia.es\/?p=17196","title":{"rendered":"Tarta Pau del Valencia CF de galletas y chocolate paso a paso"},"content":{"rendered":"<p>\u00abRefrany; Els fills, del cor ixen, i al cor tornen\u00bb Los hijos, del coraz\u00f3n salen, y al coraz\u00f3n vuelven.<\/p>\n<p>Cumple de mi peque y este a\u00f1o ten\u00eda muy clara la tarta, bueno el interior ya sab\u00e9is que siempre han de ser de galletas para los dos, porque no pueden con el bizcocho. Mira que lo he intentado, de mil maneras, pero no hay forma&#8230; y el exterior, este a\u00f1o iba a ser con el escudo de SU equipo, del Valencia CF.<\/p>\n<p>No he conocido a nadie, tan tan tan forofo de su equipo de f\u00fatbol, pero desde que sabe hablar \u00bfeh? \u00e9l es valencianista a muerte, gane, pierda empate, le de mil disgustos o alegr\u00edas, SIEMPRE con su Valencia. Al parecer, esta afici\u00f3n al f\u00fatbol, le viene de su bisabuelo, aunque \u00e9l no era valencianista, sino granota.<\/p>\n<p>Mi iaio Vicentet fue el socio n\u00ba1 de LLevant, y seguidor desde cuando ni siquiera se llamaba as\u00ed, y jugaba en el Camp de la Creu, mi iaia contaba que cuando el Gimn\u00e1stico ganaba, era fiesta en casa, pero que cuando perd\u00eda, mi iaio ni siquiera cenaba, era una granota absoluto. En casa, el f\u00fatbol siempre ha estado muy presente. Mi padre era una caso&#8230; dec\u00eda que era del Valencia y del Levante, a mi marido le gustaba mucho meterse con \u00e9l (bueno, le gustaba meterse con todo el mundo, por algo le llamaban cari\u00f1osamente t\u00edo Jero, pu\u00f1etero) y le dec\u00eda \u00absuegro, y cuando jueguen uno contra otro \u00bfde parte de cual de los dos estar\u00e1s? y cuando esto ocurr\u00eda mi padre se pon\u00eda tan nervioso que eran los \u00fanicos partidos que ni ve\u00edan, ni escuchaba con la \u00abradiet\u00bb. Mis hermanos, han sido, jugadores de f\u00fatbol y mi sobrino y ahijado, lo es, y muy muy bueno, seg\u00fan dicen los expertos \u00bfeh? no solo es cari\u00f1o de t\u00eda y madrina&#8230; que tambi\u00e9n jejeje<\/p>\n<p>Bueno, el caso es que este a\u00f1o quer\u00eda hacerle a mi peque la tarta dedicada al club de sus amores, a SU Valencia pero estamos teniendo unas temperaturas muy altas, en mi casa hace un calor terrible (toda la casa da al oeste y no hay toldos) y no puedo usar el aire acondicionado, porque estoy con los problemas pulmonares as\u00ed que&#8230; me temo que va a ser una tarta muy muy complicada de hacer. Abrir\u00e9 la puerta de la calle, que da directo al mar y as\u00ed que me entre la brisa \ud83e\udd37\ud83c\udffc\u200d\u2640\ufe0f. Gracias a que mi consuegro me ha arreglado el ventilador de pie, que pondr\u00e9 en \u00e9sta cocina que es una verdadera sauna, y el resto de la tarta lo har\u00e9 en el sal\u00f3n, ayudada por el ventilador de techo.<\/p>\n<p>Necesitaremos;<\/p>\n<p><img decoding=\"async\" loading=\"lazy\" class=\"aligncenter size-large wp-image-17208\" src=\"https:\/\/elcalaixetdelaiaia.es\/wp-content\/uploads\/2018\/05\/IMG_4330-1024x768.jpg\" alt=\"\" width=\"750\" height=\"563\" srcset=\"https:\/\/elcalaixetdelaiaia.es\/wp-content\/uploads\/2018\/05\/IMG_4330-1024x768.jpg 1024w, https:\/\/elcalaixetdelaiaia.es\/wp-content\/uploads\/2018\/05\/IMG_4330-300x225.jpg 300w, https:\/\/elcalaixetdelaiaia.es\/wp-content\/uploads\/2018\/05\/IMG_4330-768x576.jpg 768w\" sizes=\"(max-width: 750px) 100vw, 750px\" \/><\/p>\n<ol>\n<li>Galletas rectangulares o cuadradas<\/li>\n<li>Chocolate puro fondant<\/li>\n<li>Chocolate blanco fondant<\/li>\n<li>Leche entera<\/li>\n<li>Nata para montar o crema de leche<\/li>\n<li>Un chupito de wisky<\/li>\n<li>Caf\u00e9 expreso<\/li>\n<li>Fondant Blanco<\/li>\n<li>Fondant negro<\/li>\n<li>Az\u00facar glas<\/li>\n<li>Colorantes alimentarios<\/li>\n<li>Gominolas verdes<\/li>\n<\/ol>\n<p style=\"text-align: center;\">Voy a usar chocolate con leche, porque a mi hijo no le gusta el chocolate puro, pero para \u00e9stas tartas os recomiendo que lo hag\u00e1is con puro, porque queda mejor el contraste de sabor con el blanco.<\/p>\n<p style=\"text-align: center;\">La proporci\u00f3n para hacer la cremas o ganach\u00e9s, de chocolate puro es es doble de chocolate que de nata una nata o crema para batir que contenga, como m\u00ednimo, un 35% de materia grasa.\u00a0 y Para el chocolate blanco el triple de chocolate blanco que de nata, tambi\u00e9n con la materia grasa m\u00ednima del 35%.<\/p>\n<p style=\"text-align: center;\">Como os dec\u00eda arriba que hace taaanto calor, que comenzar\u00e9 preparando el escudo y los adornos de fondant, por la noche en el comedor, huyendo de las horas centrales, para ver si consigo poder trabajar la masa.<\/p>\n<p style=\"text-align: center;\"><img decoding=\"async\" loading=\"lazy\" class=\"alignnone size-large wp-image-17211\" src=\"https:\/\/elcalaixetdelaiaia.es\/wp-content\/uploads\/2018\/05\/IMG_4337-768x1024.jpg\" alt=\"\" width=\"750\" height=\"1000\" srcset=\"https:\/\/elcalaixetdelaiaia.es\/wp-content\/uploads\/2018\/05\/IMG_4337-768x1024.jpg 768w, https:\/\/elcalaixetdelaiaia.es\/wp-content\/uploads\/2018\/05\/IMG_4337-225x300.jpg 225w\" sizes=\"(max-width: 750px) 100vw, 750px\" \/><\/p>\n<p style=\"text-align: center;\">Para facilitar el trabajo, he sacado una plantilla, haciendo un dibujo del escudo y recort\u00e1ndola. Amasamos\u00a0 el fondant negro, lo aplanamos colocamos encima la plantilla y recortamos el fondant dando la forma adecuada<\/p>\n<p style=\"text-align: center;\"><img decoding=\"async\" loading=\"lazy\" class=\"alignnone size-large wp-image-17212\" src=\"https:\/\/elcalaixetdelaiaia.es\/wp-content\/uploads\/2018\/05\/IMG_4338-1024x768.jpg\" alt=\"\" width=\"750\" height=\"563\" srcset=\"https:\/\/elcalaixetdelaiaia.es\/wp-content\/uploads\/2018\/05\/IMG_4338-1024x768.jpg 1024w, https:\/\/elcalaixetdelaiaia.es\/wp-content\/uploads\/2018\/05\/IMG_4338-300x225.jpg 300w, https:\/\/elcalaixetdelaiaia.es\/wp-content\/uploads\/2018\/05\/IMG_4338-768x576.jpg 768w\" sizes=\"(max-width: 750px) 100vw, 750px\" \/><\/p>\n<p style=\"text-align: center;\">nos ayudaremos con una esteca para ayudarnos en el perfilado del escudo,<\/p>\n<p style=\"text-align: center;\"><img decoding=\"async\" loading=\"lazy\" class=\"alignnone size-large wp-image-17213\" src=\"https:\/\/elcalaixetdelaiaia.es\/wp-content\/uploads\/2018\/05\/IMG_4339-1024x768.jpg\" alt=\"\" width=\"750\" height=\"563\" srcset=\"https:\/\/elcalaixetdelaiaia.es\/wp-content\/uploads\/2018\/05\/IMG_4339-1024x768.jpg 1024w, https:\/\/elcalaixetdelaiaia.es\/wp-content\/uploads\/2018\/05\/IMG_4339-300x225.jpg 300w, https:\/\/elcalaixetdelaiaia.es\/wp-content\/uploads\/2018\/05\/IMG_4339-768x576.jpg 768w\" sizes=\"(max-width: 750px) 100vw, 750px\" \/><\/p>\n<p style=\"text-align: center;\">No tengo moldes de letras, as\u00ed que haremos un rulo finito con fondant blanco y haremos las letras a mano, aunque no me quedar\u00e1n muy profesionales&#8230; ya sab\u00e9is lo que es el trabajo artesanal&#8230;<\/p>\n<p style=\"text-align: center;\"><img decoding=\"async\" loading=\"lazy\" class=\"alignnone size-large wp-image-17214\" src=\"https:\/\/elcalaixetdelaiaia.es\/wp-content\/uploads\/2018\/05\/IMG_4340-1024x768.jpg\" alt=\"\" width=\"750\" height=\"563\" srcset=\"https:\/\/elcalaixetdelaiaia.es\/wp-content\/uploads\/2018\/05\/IMG_4340-1024x768.jpg 1024w, https:\/\/elcalaixetdelaiaia.es\/wp-content\/uploads\/2018\/05\/IMG_4340-300x225.jpg 300w, https:\/\/elcalaixetdelaiaia.es\/wp-content\/uploads\/2018\/05\/IMG_4340-768x576.jpg 768w\" sizes=\"(max-width: 750px) 100vw, 750px\" \/><\/p>\n<p style=\"text-align: center;\">las colocaremos sobre una base de fondant azul aplanado<\/p>\n<p style=\"text-align: center;\"><img decoding=\"async\" loading=\"lazy\" class=\"alignnone size-large wp-image-17217\" src=\"https:\/\/elcalaixetdelaiaia.es\/wp-content\/uploads\/2018\/05\/IMG_4352-1024x768.jpg\" alt=\"\" width=\"750\" height=\"563\" srcset=\"https:\/\/elcalaixetdelaiaia.es\/wp-content\/uploads\/2018\/05\/IMG_4352-1024x768.jpg 1024w, https:\/\/elcalaixetdelaiaia.es\/wp-content\/uploads\/2018\/05\/IMG_4352-300x225.jpg 300w, https:\/\/elcalaixetdelaiaia.es\/wp-content\/uploads\/2018\/05\/IMG_4352-768x576.jpg 768w\" sizes=\"(max-width: 750px) 100vw, 750px\" \/><\/p>\n<p style=\"text-align: center;\">que ir\u00e1 bajo de nuestro \u00abRat penat\u00bb<\/p>\n<p style=\"text-align: center;\"><img decoding=\"async\" loading=\"lazy\" class=\"alignnone size-large wp-image-17210\" src=\"https:\/\/elcalaixetdelaiaia.es\/wp-content\/uploads\/2018\/05\/IMG_4334-1024x768.jpg\" alt=\"\" width=\"750\" height=\"563\" srcset=\"https:\/\/elcalaixetdelaiaia.es\/wp-content\/uploads\/2018\/05\/IMG_4334-1024x768.jpg 1024w, https:\/\/elcalaixetdelaiaia.es\/wp-content\/uploads\/2018\/05\/IMG_4334-300x225.jpg 300w, https:\/\/elcalaixetdelaiaia.es\/wp-content\/uploads\/2018\/05\/IMG_4334-768x576.jpg 768w\" sizes=\"(max-width: 750px) 100vw, 750px\" \/><\/p>\n<p style=\"text-align: center;\">preparamos con tinte amarillo y rojo el fondant de ambos colores, formamos una bola y aplanamos<\/p>\n<p style=\"text-align: center;\"><img decoding=\"async\" loading=\"lazy\" class=\"alignnone size-large wp-image-17220\" src=\"https:\/\/elcalaixetdelaiaia.es\/wp-content\/uploads\/2018\/05\/IMG_4357-1024x768.jpg\" alt=\"\" width=\"750\" height=\"563\" srcset=\"https:\/\/elcalaixetdelaiaia.es\/wp-content\/uploads\/2018\/05\/IMG_4357-1024x768.jpg 1024w, https:\/\/elcalaixetdelaiaia.es\/wp-content\/uploads\/2018\/05\/IMG_4357-300x225.jpg 300w, https:\/\/elcalaixetdelaiaia.es\/wp-content\/uploads\/2018\/05\/IMG_4357-768x576.jpg 768w\" sizes=\"(max-width: 750px) 100vw, 750px\" \/><\/p>\n<p style=\"text-align: center;\">Recortaremos en franjas del mismo tama\u00f1o, para formar las barras de la senyera<\/p>\n<p style=\"text-align: center;\"><img decoding=\"async\" loading=\"lazy\" class=\"alignnone size-large wp-image-17221\" src=\"https:\/\/elcalaixetdelaiaia.es\/wp-content\/uploads\/2018\/05\/IMG_4358-1024x768.jpg\" alt=\"\" width=\"750\" height=\"563\" srcset=\"https:\/\/elcalaixetdelaiaia.es\/wp-content\/uploads\/2018\/05\/IMG_4358-1024x768.jpg 1024w, https:\/\/elcalaixetdelaiaia.es\/wp-content\/uploads\/2018\/05\/IMG_4358-300x225.jpg 300w, https:\/\/elcalaixetdelaiaia.es\/wp-content\/uploads\/2018\/05\/IMG_4358-768x576.jpg 768w\" sizes=\"(max-width: 750px) 100vw, 750px\" \/><\/p>\n<p style=\"text-align: center;\">que iremos colocando, procurando que queden centradas<\/p>\n<p style=\"text-align: center;\"><img decoding=\"async\" loading=\"lazy\" class=\"alignnone size-large wp-image-17215\" src=\"https:\/\/elcalaixetdelaiaia.es\/wp-content\/uploads\/2018\/05\/IMG_4341-1024x768.jpg\" alt=\"\" width=\"750\" height=\"563\" srcset=\"https:\/\/elcalaixetdelaiaia.es\/wp-content\/uploads\/2018\/05\/IMG_4341-1024x768.jpg 1024w, https:\/\/elcalaixetdelaiaia.es\/wp-content\/uploads\/2018\/05\/IMG_4341-300x225.jpg 300w, https:\/\/elcalaixetdelaiaia.es\/wp-content\/uploads\/2018\/05\/IMG_4341-768x576.jpg 768w\" sizes=\"(max-width: 750px) 100vw, 750px\" \/><\/p>\n<p style=\"text-align: center;\">formaremos una bola color marr\u00f3n<\/p>\n<p style=\"text-align: center;\"><img decoding=\"async\" loading=\"lazy\" class=\"alignnone size-large wp-image-17216\" src=\"https:\/\/elcalaixetdelaiaia.es\/wp-content\/uploads\/2018\/05\/IMG_4342-1024x768.jpg\" alt=\"\" width=\"750\" height=\"563\" srcset=\"https:\/\/elcalaixetdelaiaia.es\/wp-content\/uploads\/2018\/05\/IMG_4342-1024x768.jpg 1024w, https:\/\/elcalaixetdelaiaia.es\/wp-content\/uploads\/2018\/05\/IMG_4342-300x225.jpg 300w, https:\/\/elcalaixetdelaiaia.es\/wp-content\/uploads\/2018\/05\/IMG_4342-768x576.jpg 768w\" sizes=\"(max-width: 750px) 100vw, 750px\" \/><\/p>\n<p style=\"text-align: center;\">y con rotulador alimentario negro, intentaremos que parezca<\/p>\n<p style=\"text-align: center;\"><img decoding=\"async\" loading=\"lazy\" class=\"alignnone size-large wp-image-17218\" src=\"https:\/\/elcalaixetdelaiaia.es\/wp-content\/uploads\/2018\/05\/IMG_4353-1024x768.jpg\" alt=\"\" width=\"750\" height=\"563\" srcset=\"https:\/\/elcalaixetdelaiaia.es\/wp-content\/uploads\/2018\/05\/IMG_4353-1024x768.jpg 1024w, https:\/\/elcalaixetdelaiaia.es\/wp-content\/uploads\/2018\/05\/IMG_4353-300x225.jpg 300w, https:\/\/elcalaixetdelaiaia.es\/wp-content\/uploads\/2018\/05\/IMG_4353-768x576.jpg 768w\" sizes=\"(max-width: 750px) 100vw, 750px\" \/><\/p>\n<p style=\"text-align: center;\">un bal\u00f3n de f\u00fatbol<\/p>\n<p style=\"text-align: center;\"><img decoding=\"async\" loading=\"lazy\" class=\"alignnone size-large wp-image-17227\" src=\"https:\/\/elcalaixetdelaiaia.es\/wp-content\/uploads\/2018\/05\/IMG_4359-1-1024x768.jpg\" alt=\"\" width=\"750\" height=\"563\" srcset=\"https:\/\/elcalaixetdelaiaia.es\/wp-content\/uploads\/2018\/05\/IMG_4359-1-1024x768.jpg 1024w, https:\/\/elcalaixetdelaiaia.es\/wp-content\/uploads\/2018\/05\/IMG_4359-1-300x225.jpg 300w, https:\/\/elcalaixetdelaiaia.es\/wp-content\/uploads\/2018\/05\/IMG_4359-1-768x576.jpg 768w\" sizes=\"(max-width: 750px) 100vw, 750px\" \/><\/p>\n<p style=\"text-align: center;\">que colocaremos en el centro de las barras, sobre un hoyo que haremos para que no quede en la superficie<\/p>\n<p style=\"text-align: center;\"><img decoding=\"async\" loading=\"lazy\" class=\"alignnone size-large wp-image-17219\" src=\"https:\/\/elcalaixetdelaiaia.es\/wp-content\/uploads\/2018\/05\/IMG_4354-1024x768.jpg\" alt=\"\" width=\"750\" height=\"563\" srcset=\"https:\/\/elcalaixetdelaiaia.es\/wp-content\/uploads\/2018\/05\/IMG_4354-1024x768.jpg 1024w, https:\/\/elcalaixetdelaiaia.es\/wp-content\/uploads\/2018\/05\/IMG_4354-300x225.jpg 300w, https:\/\/elcalaixetdelaiaia.es\/wp-content\/uploads\/2018\/05\/IMG_4354-768x576.jpg 768w\" sizes=\"(max-width: 750px) 100vw, 750px\" \/><\/p>\n<p style=\"text-align: center;\">haremos las letras y los n\u00fameros y dejaremos endurecer.<\/p>\n<p style=\"text-align: center;\">Preparamos un cuenco con leche, az\u00facar y caf\u00e9 fuerte a nuestro gusto, al que a\u00f1adiremos un chupito de wisky, si no van a comer ni\u00f1os.<\/p>\n<p style=\"text-align: center;\"><img decoding=\"async\" loading=\"lazy\" class=\"alignnone size-large wp-image-17222\" src=\"https:\/\/elcalaixetdelaiaia.es\/wp-content\/uploads\/2018\/05\/IMG_4343-1024x768.jpg\" alt=\"\" width=\"750\" height=\"563\" srcset=\"https:\/\/elcalaixetdelaiaia.es\/wp-content\/uploads\/2018\/05\/IMG_4343-1024x768.jpg 1024w, https:\/\/elcalaixetdelaiaia.es\/wp-content\/uploads\/2018\/05\/IMG_4343-300x225.jpg 300w, https:\/\/elcalaixetdelaiaia.es\/wp-content\/uploads\/2018\/05\/IMG_4343-768x576.jpg 768w\" sizes=\"(max-width: 750px) 100vw, 750px\" \/><\/p>\n<p style=\"text-align: center;\">preparamos la ganache de chocolate puro (en mi caso con leche) y la de chocolate blanco. Calentaremos la nata en el microondas en un recipiente y<\/p>\n<p style=\"text-align: center;\"><img decoding=\"async\" loading=\"lazy\" class=\"alignnone size-large wp-image-17224\" src=\"https:\/\/elcalaixetdelaiaia.es\/wp-content\/uploads\/2018\/05\/IMG_4346-1024x768.jpg\" alt=\"\" width=\"750\" height=\"563\" srcset=\"https:\/\/elcalaixetdelaiaia.es\/wp-content\/uploads\/2018\/05\/IMG_4346-1024x768.jpg 1024w, https:\/\/elcalaixetdelaiaia.es\/wp-content\/uploads\/2018\/05\/IMG_4346-300x225.jpg 300w, https:\/\/elcalaixetdelaiaia.es\/wp-content\/uploads\/2018\/05\/IMG_4346-768x576.jpg 768w\" sizes=\"(max-width: 750px) 100vw, 750px\" \/><\/p>\n<p style=\"text-align: center;\">a\u00f1adiremos el chocolate con leche o puro. Removeremos hasta que se funda.<\/p>\n<p style=\"text-align: center;\"><img decoding=\"async\" loading=\"lazy\" class=\"aligncenter size-large wp-image-17222\" src=\"https:\/\/elcalaixetdelaiaia.es\/wp-content\/uploads\/2018\/05\/IMG_4343-1024x768.jpg\" alt=\"\" width=\"750\" height=\"563\" srcset=\"https:\/\/elcalaixetdelaiaia.es\/wp-content\/uploads\/2018\/05\/IMG_4343-1024x768.jpg 1024w, https:\/\/elcalaixetdelaiaia.es\/wp-content\/uploads\/2018\/05\/IMG_4343-300x225.jpg 300w, https:\/\/elcalaixetdelaiaia.es\/wp-content\/uploads\/2018\/05\/IMG_4343-768x576.jpg 768w\" sizes=\"(max-width: 750px) 100vw, 750px\" \/><\/p>\n<p style=\"text-align: center;\">calentaremos la nata para el ganache de chocolate blanco<\/p>\n<p style=\"text-align: center;\"><img decoding=\"async\" loading=\"lazy\" class=\"alignnone size-large wp-image-17223\" src=\"https:\/\/elcalaixetdelaiaia.es\/wp-content\/uploads\/2018\/05\/IMG_4344-1024x768.jpg\" alt=\"\" width=\"750\" height=\"563\" srcset=\"https:\/\/elcalaixetdelaiaia.es\/wp-content\/uploads\/2018\/05\/IMG_4344-1024x768.jpg 1024w, https:\/\/elcalaixetdelaiaia.es\/wp-content\/uploads\/2018\/05\/IMG_4344-300x225.jpg 300w, https:\/\/elcalaixetdelaiaia.es\/wp-content\/uploads\/2018\/05\/IMG_4344-768x576.jpg 768w\" sizes=\"(max-width: 750px) 100vw, 750px\" \/><\/p>\n<p style=\"text-align: center;\">y para que os hag\u00e1is una idea del caloooooooor que hace en \u00e9sta cocinaaaaaa ya veis, como est\u00e1 la tableta de chocolate a temperatura ambiente \ud83d\ude41 que apenas puedo ni quitar el envoltorio.<\/p>\n<p style=\"text-align: center;\"><img decoding=\"async\" loading=\"lazy\" class=\"aligncenter size-large wp-image-17225\" src=\"https:\/\/elcalaixetdelaiaia.es\/wp-content\/uploads\/2018\/05\/IMG_4347-1024x768.jpg\" alt=\"\" width=\"750\" height=\"563\" srcset=\"https:\/\/elcalaixetdelaiaia.es\/wp-content\/uploads\/2018\/05\/IMG_4347-1024x768.jpg 1024w, https:\/\/elcalaixetdelaiaia.es\/wp-content\/uploads\/2018\/05\/IMG_4347-300x225.jpg 300w, https:\/\/elcalaixetdelaiaia.es\/wp-content\/uploads\/2018\/05\/IMG_4347-768x576.jpg 768w\" sizes=\"(max-width: 750px) 100vw, 750px\" \/><\/p>\n<p style=\"text-align: center;\">En la bandeja donde vayamos a montar la tarta, pondremos dos hojas de papel de horno, ligeramente superpuestas por el centro, (de \u00e9sta manera, tiraremos de \u00e1mbas hojas cuando terminemos la tarta y quedar\u00e1 completamente limpio) e iremos colocando una base de galletas que iremos mojando en el cuenco de caf\u00e9 con leche, solo introduciendo la galleta y sacando enseguida para que no se remoje demasiado. Cubriremos con una capa de ganache de chocolate blanco y<\/p>\n<p style=\"text-align: center;\"><img decoding=\"async\" loading=\"lazy\" class=\"aligncenter size-large wp-image-17226\" src=\"https:\/\/elcalaixetdelaiaia.es\/wp-content\/uploads\/2018\/05\/IMG_4348-1024x768.jpg\" alt=\"\" width=\"750\" height=\"563\" srcset=\"https:\/\/elcalaixetdelaiaia.es\/wp-content\/uploads\/2018\/05\/IMG_4348-1024x768.jpg 1024w, https:\/\/elcalaixetdelaiaia.es\/wp-content\/uploads\/2018\/05\/IMG_4348-300x225.jpg 300w, https:\/\/elcalaixetdelaiaia.es\/wp-content\/uploads\/2018\/05\/IMG_4348-768x576.jpg 768w\" sizes=\"(max-width: 750px) 100vw, 750px\" \/><\/p>\n<p style=\"text-align: center;\">seguiremos poniendo otra capa de galletas cubriendo con ganache de chocolate con leche o puro<\/p>\n<p style=\"text-align: center;\"><img decoding=\"async\" loading=\"lazy\" class=\"aligncenter size-large wp-image-17228\" src=\"https:\/\/elcalaixetdelaiaia.es\/wp-content\/uploads\/2018\/05\/IMG_4360-1024x768.jpg\" alt=\"\" width=\"750\" height=\"563\" srcset=\"https:\/\/elcalaixetdelaiaia.es\/wp-content\/uploads\/2018\/05\/IMG_4360-1024x768.jpg 1024w, https:\/\/elcalaixetdelaiaia.es\/wp-content\/uploads\/2018\/05\/IMG_4360-300x225.jpg 300w, https:\/\/elcalaixetdelaiaia.es\/wp-content\/uploads\/2018\/05\/IMG_4360-768x576.jpg 768w\" sizes=\"(max-width: 750px) 100vw, 750px\" \/><\/p>\n<p style=\"text-align: center;\">y as\u00ed sucesivamente, hasta que tengamos la altura de capas que queramos poner en nuestra tarta.<\/p>\n<p style=\"text-align: center;\"><img decoding=\"async\" loading=\"lazy\" class=\"aligncenter size-large wp-image-17229\" src=\"https:\/\/elcalaixetdelaiaia.es\/wp-content\/uploads\/2018\/05\/IMG_4361-1024x768.jpg\" alt=\"\" width=\"750\" height=\"563\" srcset=\"https:\/\/elcalaixetdelaiaia.es\/wp-content\/uploads\/2018\/05\/IMG_4361-1024x768.jpg 1024w, https:\/\/elcalaixetdelaiaia.es\/wp-content\/uploads\/2018\/05\/IMG_4361-300x225.jpg 300w, https:\/\/elcalaixetdelaiaia.es\/wp-content\/uploads\/2018\/05\/IMG_4361-768x576.jpg 768w\" sizes=\"(max-width: 750px) 100vw, 750px\" \/><\/p>\n<p style=\"text-align: center;\">Estiramos el fondant blanco y formamos un cuadrado que sea mas grande que el total de la tarta mas los laterales y colocamos con cuidado.<\/p>\n<p style=\"text-align: center;\"><img decoding=\"async\" loading=\"lazy\" class=\"alignnone size-large wp-image-17230\" src=\"https:\/\/elcalaixetdelaiaia.es\/wp-content\/uploads\/2018\/05\/IMG_4362-1024x768.jpg\" alt=\"\" width=\"750\" height=\"563\" srcset=\"https:\/\/elcalaixetdelaiaia.es\/wp-content\/uploads\/2018\/05\/IMG_4362-1024x768.jpg 1024w, https:\/\/elcalaixetdelaiaia.es\/wp-content\/uploads\/2018\/05\/IMG_4362-300x225.jpg 300w, https:\/\/elcalaixetdelaiaia.es\/wp-content\/uploads\/2018\/05\/IMG_4362-768x576.jpg 768w\" sizes=\"(max-width: 750px) 100vw, 750px\" \/><\/p>\n<p style=\"text-align: center;\">recortamos el excedente de fondant y<\/p>\n<p style=\"text-align: center;\"><img decoding=\"async\" loading=\"lazy\" class=\"alignnone size-large wp-image-17231\" src=\"https:\/\/elcalaixetdelaiaia.es\/wp-content\/uploads\/2018\/05\/IMG_4363-1024x697.jpg\" alt=\"\" width=\"750\" height=\"510\" srcset=\"https:\/\/elcalaixetdelaiaia.es\/wp-content\/uploads\/2018\/05\/IMG_4363-1024x697.jpg 1024w, https:\/\/elcalaixetdelaiaia.es\/wp-content\/uploads\/2018\/05\/IMG_4363-300x204.jpg 300w, https:\/\/elcalaixetdelaiaia.es\/wp-content\/uploads\/2018\/05\/IMG_4363-768x523.jpg 768w\" sizes=\"(max-width: 750px) 100vw, 750px\" \/><\/p>\n<p style=\"text-align: center;\">colocamos el escudo, las letras, y las cifras de los a\u00f1os. Rodeamos la tartita con gominolas que he pensado que podr\u00edan representar el c\u00e9sped del campo.<\/p>\n<p style=\"text-align: center;\"><img decoding=\"async\" loading=\"lazy\" class=\"alignnone size-large wp-image-17232\" src=\"https:\/\/elcalaixetdelaiaia.es\/wp-content\/uploads\/2018\/05\/IMG_4364-1024x801.jpg\" alt=\"\" width=\"750\" height=\"587\" srcset=\"https:\/\/elcalaixetdelaiaia.es\/wp-content\/uploads\/2018\/05\/IMG_4364-1024x801.jpg 1024w, https:\/\/elcalaixetdelaiaia.es\/wp-content\/uploads\/2018\/05\/IMG_4364-300x235.jpg 300w, https:\/\/elcalaixetdelaiaia.es\/wp-content\/uploads\/2018\/05\/IMG_4364-768x601.jpg 768w\" sizes=\"(max-width: 750px) 100vw, 750px\" \/><\/p>\n<p style=\"text-align: center;\">El escudo, consta hoy d\u00eda, tras varios cambios, de cinco franjas amarillas alternadas con cuatro franjas rojas en el centro un bal\u00f3n de f\u00fatbol y sobre ellas una franja azul con las letras del el nombre del club y coron\u00e1ndolas, un murci\u00e9lago con las alas abiertas . El murci\u00e9lago, conocido en Valencia como \u00ab<em>rat penat\u00bb<\/em>, y es uno de los principales s\u00edmbolos de la mi ciudad.<\/p>\n<p style=\"text-align: center;\"><img decoding=\"async\" loading=\"lazy\" class=\"alignnone size-large wp-image-17233\" src=\"https:\/\/elcalaixetdelaiaia.es\/wp-content\/uploads\/2018\/05\/IMG_4365-1024x768.jpg\" alt=\"\" width=\"750\" height=\"563\" srcset=\"https:\/\/elcalaixetdelaiaia.es\/wp-content\/uploads\/2018\/05\/IMG_4365-1024x768.jpg 1024w, https:\/\/elcalaixetdelaiaia.es\/wp-content\/uploads\/2018\/05\/IMG_4365-300x225.jpg 300w, https:\/\/elcalaixetdelaiaia.es\/wp-content\/uploads\/2018\/05\/IMG_4365-768x576.jpg 768w\" sizes=\"(max-width: 750px) 100vw, 750px\" \/><\/p>\n<p style=\"text-align: center;\">Bueno, en una tartita peque\u00f1a ha sido un poco complicado representar bien el escudo, pero seguro que a mi chico le va a encantar \ud83d\ude09<\/p>\n<p style=\"text-align: center;\"><img decoding=\"async\" loading=\"lazy\" class=\"alignnone size-large wp-image-17234\" src=\"https:\/\/elcalaixetdelaiaia.es\/wp-content\/uploads\/2018\/05\/IMG_4366-1024x768.jpg\" alt=\"\" width=\"750\" height=\"563\" srcset=\"https:\/\/elcalaixetdelaiaia.es\/wp-content\/uploads\/2018\/05\/IMG_4366-1024x768.jpg 1024w, https:\/\/elcalaixetdelaiaia.es\/wp-content\/uploads\/2018\/05\/IMG_4366-300x225.jpg 300w, https:\/\/elcalaixetdelaiaia.es\/wp-content\/uploads\/2018\/05\/IMG_4366-768x576.jpg 768w\" sizes=\"(max-width: 750px) 100vw, 750px\" \/><\/p>\n<p style=\"text-align: center;\">La pondr\u00e9 en el frigo hasta la hora de irnos a la celebraci\u00f3n, porque hace much\u00edsimo calor y el interior lleva nata<\/p>\n<p style=\"text-align: center;\"><img decoding=\"async\" loading=\"lazy\" class=\"alignnone size-large wp-image-17235\" src=\"https:\/\/elcalaixetdelaiaia.es\/wp-content\/uploads\/2018\/05\/IMG_4367-1024x755.jpg\" alt=\"\" width=\"750\" height=\"553\" srcset=\"https:\/\/elcalaixetdelaiaia.es\/wp-content\/uploads\/2018\/05\/IMG_4367-1024x755.jpg 1024w, https:\/\/elcalaixetdelaiaia.es\/wp-content\/uploads\/2018\/05\/IMG_4367-300x221.jpg 300w, https:\/\/elcalaixetdelaiaia.es\/wp-content\/uploads\/2018\/05\/IMG_4367-768x566.jpg 768w\" sizes=\"(max-width: 750px) 100vw, 750px\" \/><\/p>\n<p style=\"text-align: center;\">en mi caso, puedo hacerlo porque mi frigo es non frost<\/p>\n<p style=\"text-align: center;\"><img decoding=\"async\" loading=\"lazy\" class=\"alignnone size-large wp-image-17236\" src=\"https:\/\/elcalaixetdelaiaia.es\/wp-content\/uploads\/2018\/05\/IMG_4368-1024x749.jpg\" alt=\"\" width=\"750\" height=\"549\" srcset=\"https:\/\/elcalaixetdelaiaia.es\/wp-content\/uploads\/2018\/05\/IMG_4368-1024x749.jpg 1024w, https:\/\/elcalaixetdelaiaia.es\/wp-content\/uploads\/2018\/05\/IMG_4368-300x220.jpg 300w, https:\/\/elcalaixetdelaiaia.es\/wp-content\/uploads\/2018\/05\/IMG_4368-768x562.jpg 768w\" sizes=\"(max-width: 750px) 100vw, 750px\" \/><\/p>\n<p style=\"text-align: center;\">y al no hacer hielo, el fr\u00edo es seco en lugar de h\u00famedo, pero si vuestro frigo es de hielo, recordad que el fondant, no se lleva bien con la humedad.<\/p>\n<p style=\"text-align: center;\">Luego pondremos las bengalas y le cantaremos cuuuuuumpleeeeea\u00f1ooooooos felizzzzzzzzzz. Much\u00edsimas felicidades cari\u00f1o, que cumplas muuuuuchos mas&#8230;. que seas siempre feliz y que nunca se te borre tu peculiar sonrisa de la cara.<\/p>\n<p><img decoding=\"async\" loading=\"lazy\" class=\"alignnone size-large wp-image-17258\" src=\"https:\/\/elcalaixetdelaiaia.es\/wp-content\/uploads\/2018\/05\/IMG_6224-2-1024x753.jpg\" alt=\"\" width=\"750\" height=\"552\" srcset=\"https:\/\/elcalaixetdelaiaia.es\/wp-content\/uploads\/2018\/05\/IMG_6224-2-1024x753.jpg 1024w, https:\/\/elcalaixetdelaiaia.es\/wp-content\/uploads\/2018\/05\/IMG_6224-2-300x221.jpg 300w, https:\/\/elcalaixetdelaiaia.es\/wp-content\/uploads\/2018\/05\/IMG_6224-2-768x565.jpg 768w\" sizes=\"(max-width: 750px) 100vw, 750px\" \/><\/p>\n<p style=\"text-align: center;\">\u00abA la taula i&#8230; BON PROFIT\u00bb que ya estamos con toda la familia para celebrarlo!!!!!!!<\/p>\n<div>\n<div>\n<div style=\"text-align: center;\">Si te gusta mi receta, puedes compartirla y para que llegue a m\u00e1s gente.<br \/>\nEspero tus comentarios y recuerda que tambi\u00e9n estoy en Facebook\u00a0<a href=\"https:\/\/www.facebook.com\/El-calaixet-de-la-iaia-533062140099386\/\">https:\/\/www.facebook.com\/El-calaixet-de-la-iaia-533062140099386\/<\/a><\/div>\n<\/div>\n<\/div>\n","protected":false},"excerpt":{"rendered":"<p>\u00abRefrany; Els fills, del cor ixen, i al cor tornen\u00bb Los hijos, del coraz\u00f3n salen, y al coraz\u00f3n vuelven. Cumple de mi peque y este a\u00f1o ten\u00eda muy clara la tarta, bueno el interior ya sab\u00e9is que siempre han de ser de galletas para los dos, porque no pueden con &hellip; <\/p>\n","protected":false},"author":2,"featured_media":17237,"comment_status":"open","ping_status":"open","sticky":false,"template":"","format":"standard","meta":[],"categories":[6,1],"tags":[],"_links":{"self":[{"href":"https:\/\/elcalaixetdelaiaia.es\/index.php?rest_route=\/wp\/v2\/posts\/17196"}],"collection":[{"href":"https:\/\/elcalaixetdelaiaia.es\/index.php?rest_route=\/wp\/v2\/posts"}],"about":[{"href":"https:\/\/elcalaixetdelaiaia.es\/index.php?rest_route=\/wp\/v2\/types\/post"}],"author":[{"embeddable":true,"href":"https:\/\/elcalaixetdelaiaia.es\/index.php?rest_route=\/wp\/v2\/users\/2"}],"replies":[{"embeddable":true,"href":"https:\/\/elcalaixetdelaiaia.es\/index.php?rest_route=%2Fwp%2Fv2%2Fcomments&post=17196"}],"version-history":[{"count":15,"href":"https:\/\/elcalaixetdelaiaia.es\/index.php?rest_route=\/wp\/v2\/posts\/17196\/revisions"}],"predecessor-version":[{"id":28055,"href":"https:\/\/elcalaixetdelaiaia.es\/index.php?rest_route=\/wp\/v2\/posts\/17196\/revisions\/28055"}],"wp:featuredmedia":[{"embeddable":true,"href":"https:\/\/elcalaixetdelaiaia.es\/index.php?rest_route=\/wp\/v2\/media\/17237"}],"wp:attachment":[{"href":"https:\/\/elcalaixetdelaiaia.es\/index.php?rest_route=%2Fwp%2Fv2%2Fmedia&parent=17196"}],"wp:term":[{"taxonomy":"category","embeddable":true,"href":"https:\/\/elcalaixetdelaiaia.es\/index.php?rest_route=%2Fwp%2Fv2%2Fcategories&post=17196"},{"taxonomy":"post_tag","embeddable":true,"href":"https:\/\/elcalaixetdelaiaia.es\/index.php?rest_route=%2Fwp%2Fv2%2Ftags&post=17196"}],"curies":[{"name":"wp","href":"https:\/\/api.w.org\/{rel}","templated":true}]}}