{"id":17054,"date":"2018-05-13T12:35:44","date_gmt":"2018-05-13T12:35:44","guid":{"rendered":"http:\/\/elcalaixetdelaiaia.es\/?p=17054"},"modified":"2020-05-10T08:45:17","modified_gmt":"2020-05-10T08:45:17","slug":"la-xeperudeta-la-mare-dels-desamparats","status":"publish","type":"post","link":"https:\/\/elcalaixetdelaiaia.es\/?p=17054","title":{"rendered":"La Xeperudeta, la MARE dels Desamparats"},"content":{"rendered":"<p>Hoy es el d\u00eda de nuestra Mare<\/p>\n<p>La Mare de D\u00e8u dels Desemparats<\/p>\n<p>Muchas felicidades a todas quienes llev\u00e1is su nombre.<\/p>\n<p><img decoding=\"async\" loading=\"lazy\" class=\" wp-image-17084 aligncenter\" src=\"https:\/\/elcalaixetdelaiaia.es\/wp-content\/uploads\/2018\/05\/mareta18.jpg\" alt=\"\" width=\"684\" height=\"424\" srcset=\"https:\/\/elcalaixetdelaiaia.es\/wp-content\/uploads\/2018\/05\/mareta18.jpg 484w, https:\/\/elcalaixetdelaiaia.es\/wp-content\/uploads\/2018\/05\/mareta18-300x186.jpg 300w\" sizes=\"(max-width: 684px) 100vw, 684px\" \/><\/p>\n<h2 style=\"text-align: center;\">VALENCIANS TOTS A UNA VEU: \u00a1VIXCA LA MARE DE\u00a0DEU!<\/h2>\n<p><iframe loading=\"lazy\" title=\"Himno de la Virgen de los Desamparados (con letra)\" width=\"750\" height=\"422\" src=\"https:\/\/www.youtube.com\/embed\/w4zZFiqjvys?feature=oembed\" frameborder=\"0\" allow=\"accelerometer; autoplay; clipboard-write; encrypted-media; gyroscope; picture-in-picture; web-share\" allowfullscreen><\/iframe><\/p>\n<blockquote class=\"citado\"><p><i>\u00bb La P\u00e0tria Valenciana s&#8217;ampara baix ton mant \u00a1Oh, Verge Sobirana des terres de Llevant! \u00ab.<\/i><\/p>\n<p>La terra llevantina reviu en ta Capella en fer-vos homenatge de pur i ver amor.<\/p>\n<p>Puix sou la nostra Reina i vostra Imatge bella pareix que est\u00e0 envoltada de m\u00e0gic resplandor.<\/p>\n<p>La rosa perfumada, la m\u00edstica assutzena, lo seu verger formaren als peus de ton altar.<\/p>\n<p>I fervor\u00f3s en elles, lo valenci\u00e0 t\u00b4ofrena la devoci\u00f3 m\u00e9s santa que es puga professar.<\/p>\n<p>En terres valencianes, la fe per V\u00f3s no mor i vostra Imatge Santa portem sempre en lo cor.<\/p>\n<p>Salve, Reina del Cel i la Terra;Salve, Verge dels Desamparats;Salve, sempre adorada Patrona;<\/p>\n<p>Salve, Mare del bons valencians.<\/p>\n<p>Maimen, la iaia del Calaixet.<\/p>\n<p>https:\/\/www.facebook.com\/El-calaixet-de-la-iaia-533062140099386\/<\/p>\n<p>&nbsp;<\/p><\/blockquote>\n","protected":false},"excerpt":{"rendered":"<p>Hoy es el d\u00eda de nuestra Mare La Mare de D\u00e8u dels Desemparats Muchas felicidades a todas quienes llev\u00e1is su nombre. VALENCIANS TOTS A UNA VEU: \u00a1VIXCA LA MARE DE\u00a0DEU! \u00bb La P\u00e0tria Valenciana s&#8217;ampara baix ton mant \u00a1Oh, Verge Sobirana des terres de Llevant! \u00ab. La terra llevantina reviu &hellip; <\/p>\n","protected":false},"author":2,"featured_media":0,"comment_status":"open","ping_status":"open","sticky":false,"template":"","format":"standard","meta":[],"categories":[23,1,47],"tags":[],"_links":{"self":[{"href":"https:\/\/elcalaixetdelaiaia.es\/index.php?rest_route=\/wp\/v2\/posts\/17054"}],"collection":[{"href":"https:\/\/elcalaixetdelaiaia.es\/index.php?rest_route=\/wp\/v2\/posts"}],"about":[{"href":"https:\/\/elcalaixetdelaiaia.es\/index.php?rest_route=\/wp\/v2\/types\/post"}],"author":[{"embeddable":true,"href":"https:\/\/elcalaixetdelaiaia.es\/index.php?rest_route=\/wp\/v2\/users\/2"}],"replies":[{"embeddable":true,"href":"https:\/\/elcalaixetdelaiaia.es\/index.php?rest_route=%2Fwp%2Fv2%2Fcomments&post=17054"}],"version-history":[{"count":5,"href":"https:\/\/elcalaixetdelaiaia.es\/index.php?rest_route=\/wp\/v2\/posts\/17054\/revisions"}],"predecessor-version":[{"id":21758,"href":"https:\/\/elcalaixetdelaiaia.es\/index.php?rest_route=\/wp\/v2\/posts\/17054\/revisions\/21758"}],"wp:attachment":[{"href":"https:\/\/elcalaixetdelaiaia.es\/index.php?rest_route=%2Fwp%2Fv2%2Fmedia&parent=17054"}],"wp:term":[{"taxonomy":"category","embeddable":true,"href":"https:\/\/elcalaixetdelaiaia.es\/index.php?rest_route=%2Fwp%2Fv2%2Fcategories&post=17054"},{"taxonomy":"post_tag","embeddable":true,"href":"https:\/\/elcalaixetdelaiaia.es\/index.php?rest_route=%2Fwp%2Fv2%2Ftags&post=17054"}],"curies":[{"name":"wp","href":"https:\/\/api.w.org\/{rel}","templated":true}]}}