{"id":16980,"date":"2018-07-08T16:07:48","date_gmt":"2018-07-08T16:07:48","guid":{"rendered":"http:\/\/elcalaixetdelaiaia.es\/?p=16980"},"modified":"2024-05-21T18:31:11","modified_gmt":"2024-05-21T18:31:11","slug":"tarta-pau-helada-de-mouse-dulce-de-leche-paso-a-paso","status":"publish","type":"post","link":"https:\/\/elcalaixetdelaiaia.es\/?p=16980","title":{"rendered":"Tarta Pau helada de mouse dulce de leche paso a paso"},"content":{"rendered":"<p>\u00abRefrany; Observa el fill el que fa son pare, i escolta atent la veu de sa mare\u00bb\u00a0 Observa el hijo que hace su padre, y escucha atento la voz de su madre.<\/p>\n<p>Mi chico peque\u00f1o cumple ya 30, madre m\u00edaaaaaa, si \u00e9sto que os cuento aqu\u00ed, parece que fue ayer <a href=\"https:\/\/elcalaixetdelaiaia.es\/?p=891\">https:\/\/elcalaixetdelaiaia.es\/?p=891<\/a><\/p>\n<p>Para la celebraci\u00f3n familiar, le di mil vueltas a la cabeza, buscando una tarta que lograra satisfacer un poquito a todos los invitados, (vamos, a la familia, que es lo mas importante) pero por supuesto y principalmente al cumplea\u00f1ero, que no todos los d\u00edas se cumplen \u00a1\u00a1\u00a1\u00a1 30!!!!<\/p>\n<p><img decoding=\"async\" loading=\"lazy\" class=\"alignnone size-large wp-image-17623\" src=\"https:\/\/elcalaixetdelaiaia.es\/wp-content\/uploads\/2018\/07\/SDKM1823-1024x768.png\" alt=\"\" width=\"750\" height=\"563\" srcset=\"https:\/\/elcalaixetdelaiaia.es\/wp-content\/uploads\/2018\/07\/SDKM1823-1024x768.png 1024w, https:\/\/elcalaixetdelaiaia.es\/wp-content\/uploads\/2018\/07\/SDKM1823-300x225.png 300w, https:\/\/elcalaixetdelaiaia.es\/wp-content\/uploads\/2018\/07\/SDKM1823-768x576.png 768w, https:\/\/elcalaixetdelaiaia.es\/wp-content\/uploads\/2018\/07\/SDKM1823.png 1600w\" sizes=\"(max-width: 750px) 100vw, 750px\" \/><\/p>\n<p>Luego, una tarta que fuera peque\u00f1a, porque con los previos, casi no dejamos espacio para el dulce final jajaja, que no me diera los problemas que la del a\u00f1o pasado, debido al exceso de calor casi se derrite, y por \u00faltimo, que se pudiera comenzar a hacer un par de d\u00edas antes y mantener\u00a0 en el congelador, porque llego de viaje justo para la boda del a\u00f1o y de a\u00f1ooooos en Pe\u00f1\u00edscola \ud83d\ude09 queee ilusi\u00f3n, la boda de uno de mis sobrinos preferidos que seguro ser\u00e1 de ensue\u00f1o&#8230; as\u00ed que quedaba descartado el fondant, aunque \u00faltimamente, estamos todos ya un poco hartos del fondant y lo apartamos a la hora de comer, por tanto, que solo lo hago como adorno, pero \u00e9sta va sin fondant.<\/p>\n<p>Me decid\u00ed por \u00e9sta de mousse helado de dulce de leche, que es uno de los ingredientes favoritos de mi chico, aunque no tienen NADA que ver con la que ten\u00eda en mente desde hace meses, \u00faltimamente cambio de idea a todo trapo ains&#8230; soy una indecisi\u00f3n con patas, y le he dado una vuelta total a la idea de tarta que ten\u00eda en principio hacer, pero con \u00e9sta seguro que acierto por lo menos, en sabor.<\/p>\n<p>Para un molde de 17&#215;8 cm. necesitaremos;<\/p>\n<p><img decoding=\"async\" loading=\"lazy\" class=\"alignnone size-large wp-image-17564\" src=\"https:\/\/elcalaixetdelaiaia.es\/wp-content\/uploads\/2018\/07\/1-1024x768.png\" alt=\"\" width=\"750\" height=\"563\" srcset=\"https:\/\/elcalaixetdelaiaia.es\/wp-content\/uploads\/2018\/07\/1-1024x768.png 1024w, https:\/\/elcalaixetdelaiaia.es\/wp-content\/uploads\/2018\/07\/1-300x225.png 300w, https:\/\/elcalaixetdelaiaia.es\/wp-content\/uploads\/2018\/07\/1-768x576.png 768w\" sizes=\"(max-width: 750px) 100vw, 750px\" \/><\/p>\n<ol>\n<li>186g galletas <span class=\"st\">speculoos, o de caramelo que vienen a ser 12 paqutitos de dos galletas<\/span><\/li>\n<li>80g de mantequilla sin sal<\/li>\n<li>4 l\u00e1minas de gelatina<\/li>\n<li>350g de dulce de leche<\/li>\n<li>650g de nata para montar o crema de leche<\/li>\n<li>150g de chocolate<\/li>\n<li>Adornos al gusto<\/li>\n<\/ol>\n<p>El reparto de ingredientes ser\u00e1 el siguiente.<\/p>\n<p>Para la base;<\/p>\n<ul>\n<li>186g de galletas<\/li>\n<li>50g de mantequilla<\/li>\n<\/ul>\n<p>Para la mousse;<\/p>\n<ul>\n<li>500g de nata o crema de leche<\/li>\n<li>350g de dulce de leche<\/li>\n<li>Dos cucharadas de leche<\/li>\n<li>4 l\u00e1minas de gelatina<\/li>\n<\/ul>\n<p>para la cobertura;<\/p>\n<ul>\n<li>30g de mantequilla<\/li>\n<li>150g de chocolate<\/li>\n<li>150g de nata de montar o crema de leche<\/li>\n<\/ul>\n<p>Adornos de chocolate, chocolate blanco, con leche, caramelitos y nueces de pec\u00e1n para el adorno final.<\/p>\n<p>comenzaremos poniendo la nata de montar en el frigo para que se vaya enfriando, es MUY importante para poder montarla bien. A continuaci\u00f3n iremos picando a mano o a m\u00e1quina las galletas. Lo podemos hacer en modo grueso o mas finamente, a nuestro gusto.<\/p>\n<p><img decoding=\"async\" loading=\"lazy\" class=\"alignnone size-large wp-image-17565\" src=\"https:\/\/elcalaixetdelaiaia.es\/wp-content\/uploads\/2018\/07\/2-1024x768.png\" alt=\"\" width=\"750\" height=\"563\" srcset=\"https:\/\/elcalaixetdelaiaia.es\/wp-content\/uploads\/2018\/07\/2-1024x768.png 1024w, https:\/\/elcalaixetdelaiaia.es\/wp-content\/uploads\/2018\/07\/2-300x225.png 300w, https:\/\/elcalaixetdelaiaia.es\/wp-content\/uploads\/2018\/07\/2-768x576.png 768w\" sizes=\"(max-width: 750px) 100vw, 750px\" \/><\/p>\n<p style=\"text-align: center;\">Mezclamos la galleta en grano con la mantequilla previamente derretida en el microondas,<\/p>\n<p style=\"text-align: center;\"><img decoding=\"async\" loading=\"lazy\" class=\"alignnone size-large wp-image-17566\" src=\"https:\/\/elcalaixetdelaiaia.es\/wp-content\/uploads\/2018\/07\/3-1024x768.png\" alt=\"\" width=\"750\" height=\"563\" srcset=\"https:\/\/elcalaixetdelaiaia.es\/wp-content\/uploads\/2018\/07\/3-1024x768.png 1024w, https:\/\/elcalaixetdelaiaia.es\/wp-content\/uploads\/2018\/07\/3-300x225.png 300w, https:\/\/elcalaixetdelaiaia.es\/wp-content\/uploads\/2018\/07\/3-768x576.png 768w\" sizes=\"(max-width: 750px) 100vw, 750px\" \/><\/p>\n<p style=\"text-align: center;\">hasta conseguir un aspecto c\u00f3mo de arena mojada<\/p>\n<p style=\"text-align: center;\"><img decoding=\"async\" loading=\"lazy\" class=\"alignnone size-large wp-image-17567\" src=\"https:\/\/elcalaixetdelaiaia.es\/wp-content\/uploads\/2018\/07\/4-1024x768.png\" alt=\"\" width=\"750\" height=\"563\" srcset=\"https:\/\/elcalaixetdelaiaia.es\/wp-content\/uploads\/2018\/07\/4-1024x768.png 1024w, https:\/\/elcalaixetdelaiaia.es\/wp-content\/uploads\/2018\/07\/4-300x225.png 300w, https:\/\/elcalaixetdelaiaia.es\/wp-content\/uploads\/2018\/07\/4-768x576.png 768w\" sizes=\"(max-width: 750px) 100vw, 750px\" \/><\/p>\n<p style=\"text-align: center;\">Aunque el siguiente paso, paso no es imprescindible si le pon\u00e9is la capa de chocolate final en los laterales, yo tengo costumbre de hacerlo y es\u00a0 cubrir los laterales de un molde de 17x8cm con l\u00e1mina de acetato para facilitar el desmoldado. (El acetato pod\u00e9is encontrarlo en papeler\u00edas, tiendas de productos de pasteler\u00eda e incluso por internet).Lavamos bien el acetato con agua y jab\u00f3n neutro, enjuagamos a conciencia, y lo secamos con papel de cocina, lo colocamos alrededor del molde interno, volcaremos en el fondo la galleta y la apretaremos procurando que quede lo mas uniforme posible. Y la dejaremos en el frigo mientras preparamos el resto y la base se ponga dura. Pondremos tambi\u00e9n en el congelador, las aspas de la batidora y el recipiente donde vayamos a montar la nata.<\/p>\n<p style=\"text-align: center;\">Y manos a la obra con la mousse de dulce de caramelo<\/p>\n<div style=\"text-align: center;\">\n<p><img decoding=\"async\" loading=\"lazy\" class=\"alignnone size-large wp-image-17583\" src=\"https:\/\/elcalaixetdelaiaia.es\/wp-content\/uploads\/2018\/07\/6-1024x768.jpg\" alt=\"\" width=\"750\" height=\"563\" srcset=\"https:\/\/elcalaixetdelaiaia.es\/wp-content\/uploads\/2018\/07\/6-1024x768.jpg 1024w, https:\/\/elcalaixetdelaiaia.es\/wp-content\/uploads\/2018\/07\/6-300x225.jpg 300w, https:\/\/elcalaixetdelaiaia.es\/wp-content\/uploads\/2018\/07\/6-768x576.jpg 768w\" sizes=\"(max-width: 750px) 100vw, 750px\" \/><\/p>\n<p>en el bol que tenemos en el congelador, volcaremos la nata de montar o crema de leche que tenemos muy fresquita en el frigo<\/p>\n<p><img decoding=\"async\" loading=\"lazy\" class=\"alignnone size-large wp-image-17584\" src=\"https:\/\/elcalaixetdelaiaia.es\/wp-content\/uploads\/2018\/07\/7-1024x768.jpg\" alt=\"\" width=\"750\" height=\"563\" srcset=\"https:\/\/elcalaixetdelaiaia.es\/wp-content\/uploads\/2018\/07\/7-1024x768.jpg 1024w, https:\/\/elcalaixetdelaiaia.es\/wp-content\/uploads\/2018\/07\/7-300x225.jpg 300w, https:\/\/elcalaixetdelaiaia.es\/wp-content\/uploads\/2018\/07\/7-768x576.jpg 768w\" sizes=\"(max-width: 750px) 100vw, 750px\" \/><\/p>\n<p>insertaremos la varillas que tambi\u00e9n tenemos en el congelador en la batidora (\u00bfveis las varillas heladas?) esto har\u00e1 que la nata monte sin problemas y r\u00e1pidamente<\/p>\n<p><img decoding=\"async\" loading=\"lazy\" class=\"alignnone size-large wp-image-17585\" src=\"https:\/\/elcalaixetdelaiaia.es\/wp-content\/uploads\/2018\/07\/8-1024x768.jpg\" alt=\"\" width=\"750\" height=\"563\" srcset=\"https:\/\/elcalaixetdelaiaia.es\/wp-content\/uploads\/2018\/07\/8-1024x768.jpg 1024w, https:\/\/elcalaixetdelaiaia.es\/wp-content\/uploads\/2018\/07\/8-300x225.jpg 300w, https:\/\/elcalaixetdelaiaia.es\/wp-content\/uploads\/2018\/07\/8-768x576.jpg 768w\" sizes=\"(max-width: 750px) 100vw, 750px\" \/><\/p>\n<p>y procedemos a montar. Si no ten\u00e9is tapa o no la encontr\u00e1is, como yo ahora mismo, y quer\u00e9is evitar que tanto vosotros como vuestra cocina, termine con un precioso \u00abestucado\u00bb de nata \ud83d\ude41 pod\u00e9is usar mi truco.<\/p>\n<p>A un plato desechable de pl\u00e1stico, o un recipiente para hornear bizcocho de papel aluminio, le practic\u00e1is obertura para que puedan pasar las varillas, y con \u00e9l, tap\u00e1is el recipiente de montar<\/p>\n<p><img decoding=\"async\" loading=\"lazy\" class=\"alignnone size-large wp-image-17586\" src=\"https:\/\/elcalaixetdelaiaia.es\/wp-content\/uploads\/2018\/07\/9-1024x768.jpg\" alt=\"\" width=\"750\" height=\"563\" srcset=\"https:\/\/elcalaixetdelaiaia.es\/wp-content\/uploads\/2018\/07\/9-1024x768.jpg 1024w, https:\/\/elcalaixetdelaiaia.es\/wp-content\/uploads\/2018\/07\/9-300x225.jpg 300w, https:\/\/elcalaixetdelaiaia.es\/wp-content\/uploads\/2018\/07\/9-768x576.jpg 768w\" sizes=\"(max-width: 750px) 100vw, 750px\" \/><\/p>\n<p>y ahora siiiii a montar la nata, hasta que quede m\u00e1s o menos con \u00e9ste aspecto, cuidado no os pas\u00e9is y acab\u00e9is haciendo mantequilla \u00bfeh?<\/p>\n<p><img decoding=\"async\" loading=\"lazy\" class=\"alignnone size-large wp-image-17595\" src=\"https:\/\/elcalaixetdelaiaia.es\/wp-content\/uploads\/2018\/07\/DGOU5484-1024x768.png\" alt=\"\" width=\"750\" height=\"563\" srcset=\"https:\/\/elcalaixetdelaiaia.es\/wp-content\/uploads\/2018\/07\/DGOU5484-1024x768.png 1024w, https:\/\/elcalaixetdelaiaia.es\/wp-content\/uploads\/2018\/07\/DGOU5484-300x225.png 300w, https:\/\/elcalaixetdelaiaia.es\/wp-content\/uploads\/2018\/07\/DGOU5484-768x576.png 768w\" sizes=\"(max-width: 750px) 100vw, 750px\" \/><\/p>\n<p>retiramos la tapa y las varillas, tapamos con papel film y al frigo.<\/p>\n<p><img decoding=\"async\" loading=\"lazy\" class=\"alignnone size-large wp-image-17582\" src=\"https:\/\/elcalaixetdelaiaia.es\/wp-content\/uploads\/2018\/07\/5-1024x768.jpg\" alt=\"\" width=\"750\" height=\"563\" srcset=\"https:\/\/elcalaixetdelaiaia.es\/wp-content\/uploads\/2018\/07\/5-1024x768.jpg 1024w, https:\/\/elcalaixetdelaiaia.es\/wp-content\/uploads\/2018\/07\/5-300x225.jpg 300w, https:\/\/elcalaixetdelaiaia.es\/wp-content\/uploads\/2018\/07\/5-768x576.jpg 768w\" sizes=\"(max-width: 750px) 100vw, 750px\" \/><\/p>\n<div>\n<p>Pondremos a hidratar las hojas de gelatina, siguiendo las instrucciones del fabricante, en \u00e9ste caso en agua fr\u00eda unos 12\/14 minutos<\/p>\n<p><img decoding=\"async\" loading=\"lazy\" class=\"alignnone size-large wp-image-17587\" src=\"https:\/\/elcalaixetdelaiaia.es\/wp-content\/uploads\/2018\/07\/10-1024x768.png\" alt=\"\" width=\"750\" height=\"563\" srcset=\"https:\/\/elcalaixetdelaiaia.es\/wp-content\/uploads\/2018\/07\/10-1024x768.png 1024w, https:\/\/elcalaixetdelaiaia.es\/wp-content\/uploads\/2018\/07\/10-300x225.png 300w, https:\/\/elcalaixetdelaiaia.es\/wp-content\/uploads\/2018\/07\/10-768x576.png 768w\" sizes=\"(max-width: 750px) 100vw, 750px\" \/><\/p>\n<\/div>\n<p>Volcamos el dulce de leche en un bol<\/p>\n<\/div>\n<div style=\"text-align: center;\"><\/div>\n<div style=\"text-align: center;\"><img decoding=\"async\" loading=\"lazy\" class=\"alignnone size-large wp-image-17588\" src=\"https:\/\/elcalaixetdelaiaia.es\/wp-content\/uploads\/2018\/07\/10b-1024x768.png\" alt=\"\" width=\"750\" height=\"563\" srcset=\"https:\/\/elcalaixetdelaiaia.es\/wp-content\/uploads\/2018\/07\/10b-1024x768.png 1024w, https:\/\/elcalaixetdelaiaia.es\/wp-content\/uploads\/2018\/07\/10b-300x225.png 300w, https:\/\/elcalaixetdelaiaia.es\/wp-content\/uploads\/2018\/07\/10b-768x576.png 768w\" sizes=\"(max-width: 750px) 100vw, 750px\" \/><\/div>\n<div style=\"text-align: center;\"><\/div>\n<div style=\"text-align: center;\">y calentamos un poco en el microondas y reservamos<\/div>\n<div style=\"text-align: center;\"><\/div>\n<div style=\"text-align: center;\"><img decoding=\"async\" loading=\"lazy\" class=\"alignnone size-large wp-image-17593\" src=\"https:\/\/elcalaixetdelaiaia.es\/wp-content\/uploads\/2018\/07\/HQRT9227-1024x768.png\" alt=\"\" width=\"750\" height=\"563\" srcset=\"https:\/\/elcalaixetdelaiaia.es\/wp-content\/uploads\/2018\/07\/HQRT9227-1024x768.png 1024w, https:\/\/elcalaixetdelaiaia.es\/wp-content\/uploads\/2018\/07\/HQRT9227-300x225.png 300w, https:\/\/elcalaixetdelaiaia.es\/wp-content\/uploads\/2018\/07\/HQRT9227-768x576.png 768w\" sizes=\"(max-width: 750px) 100vw, 750px\" \/><\/div>\n<div style=\"text-align: center;\"><\/div>\n<div style=\"text-align: center;\">ponemos en un recipiente dos cucharadas de leche<\/div>\n<div style=\"text-align: center;\"><\/div>\n<div style=\"text-align: center;\"><img decoding=\"async\" loading=\"lazy\" class=\"alignnone size-large wp-image-17594\" src=\"https:\/\/elcalaixetdelaiaia.es\/wp-content\/uploads\/2018\/07\/IMG_2365-1024x768.jpg\" alt=\"\" width=\"750\" height=\"563\" srcset=\"https:\/\/elcalaixetdelaiaia.es\/wp-content\/uploads\/2018\/07\/IMG_2365-1024x768.jpg 1024w, https:\/\/elcalaixetdelaiaia.es\/wp-content\/uploads\/2018\/07\/IMG_2365-300x225.jpg 300w, https:\/\/elcalaixetdelaiaia.es\/wp-content\/uploads\/2018\/07\/IMG_2365-768x576.jpg 768w\" sizes=\"(max-width: 750px) 100vw, 750px\" \/><\/div>\n<div style=\"text-align: center;\"><\/div>\n<div style=\"text-align: center;\">escurrimos la gelatina hidratada muy muy bien procurando que no quede agua, y deshacemos en la leche<\/div>\n<div style=\"text-align: center;\"><\/div>\n<div style=\"text-align: center;\"><img decoding=\"async\" loading=\"lazy\" class=\"alignnone size-large wp-image-17590\" src=\"https:\/\/elcalaixetdelaiaia.es\/wp-content\/uploads\/2018\/07\/11a-1024x768.png\" alt=\"\" width=\"750\" height=\"563\" srcset=\"https:\/\/elcalaixetdelaiaia.es\/wp-content\/uploads\/2018\/07\/11a-1024x768.png 1024w, https:\/\/elcalaixetdelaiaia.es\/wp-content\/uploads\/2018\/07\/11a-300x225.png 300w, https:\/\/elcalaixetdelaiaia.es\/wp-content\/uploads\/2018\/07\/11a-768x576.png 768w\" sizes=\"(max-width: 750px) 100vw, 750px\" \/><\/div>\n<div style=\"text-align: center;\"><\/div>\n<div style=\"text-align: center;\">Esta mezcla de leche y gelatina la mezclaremos muy bien con el dulce de leche tibio<\/div>\n<div style=\"text-align: center;\"><\/div>\n<div style=\"text-align: center;\"><img decoding=\"async\" loading=\"lazy\" class=\"alignnone size-large wp-image-17589\" src=\"https:\/\/elcalaixetdelaiaia.es\/wp-content\/uploads\/2018\/07\/11-1024x768.png\" alt=\"\" width=\"750\" height=\"563\" srcset=\"https:\/\/elcalaixetdelaiaia.es\/wp-content\/uploads\/2018\/07\/11-1024x768.png 1024w, https:\/\/elcalaixetdelaiaia.es\/wp-content\/uploads\/2018\/07\/11-300x225.png 300w, https:\/\/elcalaixetdelaiaia.es\/wp-content\/uploads\/2018\/07\/11-768x576.png 768w\" sizes=\"(max-width: 750px) 100vw, 750px\" \/><\/div>\n<div style=\"text-align: center;\"><\/div>\n<div style=\"text-align: center;\">sacaremos la nata del frigo y verteremos el dulce de leche para ir mezclando con suavidad<\/div>\n<div style=\"text-align: center;\"><\/div>\n<div style=\"text-align: center;\"><img decoding=\"async\" loading=\"lazy\" class=\"alignnone size-large wp-image-17600\" src=\"https:\/\/elcalaixetdelaiaia.es\/wp-content\/uploads\/2018\/07\/IMG_2370-1024x768.jpg\" alt=\"\" width=\"750\" height=\"563\" srcset=\"https:\/\/elcalaixetdelaiaia.es\/wp-content\/uploads\/2018\/07\/IMG_2370-1024x768.jpg 1024w, https:\/\/elcalaixetdelaiaia.es\/wp-content\/uploads\/2018\/07\/IMG_2370-300x225.jpg 300w, https:\/\/elcalaixetdelaiaia.es\/wp-content\/uploads\/2018\/07\/IMG_2370-768x576.jpg 768w\" sizes=\"(max-width: 750px) 100vw, 750px\" \/><\/div>\n<div style=\"text-align: center;\"><\/div>\n<div style=\"text-align: center;\">con movimientos envolventes siempre de arriba a abajo, o de abajo hacia arriba pero con mimo<br \/>\n<img decoding=\"async\" loading=\"lazy\" class=\"alignnone size-large wp-image-17591\" src=\"https:\/\/elcalaixetdelaiaia.es\/wp-content\/uploads\/2018\/07\/12-1024x768.png\" alt=\"\" width=\"750\" height=\"563\" srcset=\"https:\/\/elcalaixetdelaiaia.es\/wp-content\/uploads\/2018\/07\/12-1024x768.png 1024w, https:\/\/elcalaixetdelaiaia.es\/wp-content\/uploads\/2018\/07\/12-300x225.png 300w, https:\/\/elcalaixetdelaiaia.es\/wp-content\/uploads\/2018\/07\/12-768x576.png 768w\" sizes=\"(max-width: 750px) 100vw, 750px\" \/><\/div>\n<p>Una vez tengamos los ingredientes de la mousse bien integrados,<\/p>\n<p><img decoding=\"async\" loading=\"lazy\" class=\"alignnone size-large wp-image-17601\" src=\"https:\/\/elcalaixetdelaiaia.es\/wp-content\/uploads\/2018\/07\/IMG_2372-1024x768.jpg\" alt=\"\" width=\"750\" height=\"563\" srcset=\"https:\/\/elcalaixetdelaiaia.es\/wp-content\/uploads\/2018\/07\/IMG_2372-1024x768.jpg 1024w, https:\/\/elcalaixetdelaiaia.es\/wp-content\/uploads\/2018\/07\/IMG_2372-300x225.jpg 300w, https:\/\/elcalaixetdelaiaia.es\/wp-content\/uploads\/2018\/07\/IMG_2372-768x576.jpg 768w\" sizes=\"(max-width: 750px) 100vw, 750px\" \/><\/p>\n<p>lo volcaremos en el molde sobre la galleta,<\/p>\n<p><img decoding=\"async\" loading=\"lazy\" class=\"alignnone size-large wp-image-17602\" src=\"https:\/\/elcalaixetdelaiaia.es\/wp-content\/uploads\/2018\/07\/IMG_2373-1024x768.jpg\" alt=\"\" width=\"750\" height=\"563\" srcset=\"https:\/\/elcalaixetdelaiaia.es\/wp-content\/uploads\/2018\/07\/IMG_2373-1024x768.jpg 1024w, https:\/\/elcalaixetdelaiaia.es\/wp-content\/uploads\/2018\/07\/IMG_2373-300x225.jpg 300w, https:\/\/elcalaixetdelaiaia.es\/wp-content\/uploads\/2018\/07\/IMG_2373-768x576.jpg 768w\" sizes=\"(max-width: 750px) 100vw, 750px\" \/><\/p>\n<p>poniendo un trapo bajo del molde daremos unos golpes para eliminar las posibles burbujas de aire y que quede una mousse los mas alisada posible, dejaremos un par de horas en el frigo para que coja cuerpo y mientras preparamos la capa de arriba de chocolate.<\/p>\n<p><img decoding=\"async\" loading=\"lazy\" class=\"alignnone size-large wp-image-17619\" src=\"https:\/\/elcalaixetdelaiaia.es\/wp-content\/uploads\/2018\/07\/IMG_E2398-1024x768.jpg\" alt=\"\" width=\"750\" height=\"563\" srcset=\"https:\/\/elcalaixetdelaiaia.es\/wp-content\/uploads\/2018\/07\/IMG_E2398-1024x768.jpg 1024w, https:\/\/elcalaixetdelaiaia.es\/wp-content\/uploads\/2018\/07\/IMG_E2398-300x225.jpg 300w, https:\/\/elcalaixetdelaiaia.es\/wp-content\/uploads\/2018\/07\/IMG_E2398-768x576.jpg 768w\" sizes=\"(max-width: 750px) 100vw, 750px\" \/><\/p>\n<p>pondremos en un bol que pueda ir al micro los 15og nata de montar, y la misma cantidad de chocolate troceado, pondremos en el micro 1 minuto<\/p>\n<p style=\"text-align: center;\"><img decoding=\"async\" loading=\"lazy\" class=\"alignnone size-large wp-image-17604\" src=\"https:\/\/elcalaixetdelaiaia.es\/wp-content\/uploads\/2018\/07\/IMG_2399-1024x768.jpg\" alt=\"\" width=\"750\" height=\"563\" srcset=\"https:\/\/elcalaixetdelaiaia.es\/wp-content\/uploads\/2018\/07\/IMG_2399-1024x768.jpg 1024w, https:\/\/elcalaixetdelaiaia.es\/wp-content\/uploads\/2018\/07\/IMG_2399-300x225.jpg 300w, https:\/\/elcalaixetdelaiaia.es\/wp-content\/uploads\/2018\/07\/IMG_2399-768x576.jpg 768w\" sizes=\"(max-width: 750px) 100vw, 750px\" \/><\/p>\n<div style=\"text-align: center;\">\n<p>\u00a0a\u00f1adiremos los 30g de matequilla,\u00a0 y daremos otro golpe de micro de un minuto, sacaremos removeremos bien y as\u00ed hasta que veamos una crema de chocolate<\/p>\n<p><img decoding=\"async\" loading=\"lazy\" class=\"alignnone size-large wp-image-17605\" src=\"https:\/\/elcalaixetdelaiaia.es\/wp-content\/uploads\/2018\/07\/IMG_2401-1024x768.jpg\" alt=\"\" width=\"750\" height=\"563\" srcset=\"https:\/\/elcalaixetdelaiaia.es\/wp-content\/uploads\/2018\/07\/IMG_2401-1024x768.jpg 1024w, https:\/\/elcalaixetdelaiaia.es\/wp-content\/uploads\/2018\/07\/IMG_2401-300x225.jpg 300w, https:\/\/elcalaixetdelaiaia.es\/wp-content\/uploads\/2018\/07\/IMG_2401-768x576.jpg 768w\" sizes=\"(max-width: 750px) 100vw, 750px\" \/><\/p>\n<p>que dejaremos entibiar un poco y echaremos sobre la mousse con cuidado, y dejaremos enfriar un poco en el frigo, lo necesario para poder decorar con las nueces<\/p>\n<p><img decoding=\"async\" loading=\"lazy\" class=\"alignnone size-large wp-image-17606\" src=\"https:\/\/elcalaixetdelaiaia.es\/wp-content\/uploads\/2018\/07\/IMG_2402-1024x768.jpg\" alt=\"\" width=\"750\" height=\"563\" srcset=\"https:\/\/elcalaixetdelaiaia.es\/wp-content\/uploads\/2018\/07\/IMG_2402-1024x768.jpg 1024w, https:\/\/elcalaixetdelaiaia.es\/wp-content\/uploads\/2018\/07\/IMG_2402-300x225.jpg 300w, https:\/\/elcalaixetdelaiaia.es\/wp-content\/uploads\/2018\/07\/IMG_2402-768x576.jpg 768w\" sizes=\"(max-width: 750px) 100vw, 750px\" \/><\/p>\n<p>cuando veamos que la capa de chocolate est\u00e1 fr\u00eda<\/p>\n<p><img decoding=\"async\" loading=\"lazy\" class=\"alignnone size-large wp-image-17607\" src=\"https:\/\/elcalaixetdelaiaia.es\/wp-content\/uploads\/2018\/07\/IMG_2405-1024x768.jpg\" alt=\"\" width=\"750\" height=\"563\" srcset=\"https:\/\/elcalaixetdelaiaia.es\/wp-content\/uploads\/2018\/07\/IMG_2405-1024x768.jpg 1024w, https:\/\/elcalaixetdelaiaia.es\/wp-content\/uploads\/2018\/07\/IMG_2405-300x225.jpg 300w, https:\/\/elcalaixetdelaiaia.es\/wp-content\/uploads\/2018\/07\/IMG_2405-768x576.jpg 768w\" sizes=\"(max-width: 750px) 100vw, 750px\" \/><\/p>\n<p>iremos a\u00f1adiendo las nueces de pec\u00e1n que tienen una cantidad de propiedades maravillosas;<\/p>\n<p>NUECES PECANAS<br \/>\nAlto contenido en antioxidantes<br \/>\n\u00c1cidos grasos saludables, omega 9<br \/>\nMejora la capacidad cerebral.<br \/>\nNivel de colesterol bueno <span class=\"text_exposed_show\"><br \/>\nReduce la inflamaci\u00f3n.<br \/>\nFibra 42%<br \/>\nProte\u00ednas 20%<br \/>\nVitamina E, protecci\u00f3n neurol\u00f3gica y celular y <span class=\"_5mfr\"><span class=\"_6qdm\">?<\/span><\/span>Previene enfermedades coronarias <span class=\"_5mfr\"><span class=\"_6qdm\">\u2764\ufe0f<\/span><\/span><br \/>\nMinerales; manganeso, el cobre, el magnesio, el zinc, el f\u00f3sforo, el hierro, calcio, etc&#8230;<br \/>\nPoder antioxidante, ya que es uno de los mejores alimentos del mundo en la materia.<br \/>\nEvita la aparici\u00f3n de afecciones como la osteoporosis, la arteriosclerosis o la diabetes.<br \/>\nUna porci\u00f3n de nueces pecanas, alrededor de cinco piezas, proporciona un 48% del valor diario de tiamina, una vitamina que ayuda a las c\u00e9lulas a convertir los hidratos de carbono en energ\u00eda y estimula la funci\u00f3n card\u00edaca, nerviosa y muscular.<\/span><\/p>\n<p><img decoding=\"async\" loading=\"lazy\" class=\"alignnone size-large wp-image-17608\" src=\"https:\/\/elcalaixetdelaiaia.es\/wp-content\/uploads\/2018\/07\/IMG_2406-1024x768.jpg\" alt=\"\" width=\"750\" height=\"563\" srcset=\"https:\/\/elcalaixetdelaiaia.es\/wp-content\/uploads\/2018\/07\/IMG_2406-1024x768.jpg 1024w, https:\/\/elcalaixetdelaiaia.es\/wp-content\/uploads\/2018\/07\/IMG_2406-300x225.jpg 300w, https:\/\/elcalaixetdelaiaia.es\/wp-content\/uploads\/2018\/07\/IMG_2406-768x576.jpg 768w\" sizes=\"(max-width: 750px) 100vw, 750px\" \/><\/p>\n<p>este es un ejemplo de decoraci\u00f3n, pero pod\u00e9is decorarlo con otros ingredientes, a vuestro gusto<\/p>\n<p><img decoding=\"async\" loading=\"lazy\" class=\"alignnone size-large wp-image-17609\" src=\"https:\/\/elcalaixetdelaiaia.es\/wp-content\/uploads\/2018\/07\/IMG_2407-1024x768.jpg\" alt=\"\" width=\"750\" height=\"563\" srcset=\"https:\/\/elcalaixetdelaiaia.es\/wp-content\/uploads\/2018\/07\/IMG_2407-1024x768.jpg 1024w, https:\/\/elcalaixetdelaiaia.es\/wp-content\/uploads\/2018\/07\/IMG_2407-300x225.jpg 300w, https:\/\/elcalaixetdelaiaia.es\/wp-content\/uploads\/2018\/07\/IMG_2407-768x576.jpg 768w\" sizes=\"(max-width: 750px) 100vw, 750px\" \/><\/p>\n<p>lo he terminado con caramelo dorado y ya lo dejaremos toda la noche en el frigo, si no dispon\u00e9is de tanto tiempo, unas cuatro horas podr\u00eda ser suficiente pero mi recomendaci\u00f3n es de un d\u00eda para otro.<\/p>\n<p>Ha llegado el d\u00eda anterior, y tengo que terminar la tarta antes de irme de boda&#8230; ayyy que nervioossss entre hacerme las u\u00f1as, peinarme e intentar maquillarme que ya no me acuerdooooo ni de lo uno ni de lo otro y terminar la tarta para ma\u00f1ana puesss he metido la pata y ahora os cuento, pero nada que no tenga soluci\u00f3n, hay otras cosas por las que si preocuparse, pero por esto nooooooo.<\/p>\n<p><img decoding=\"async\" loading=\"lazy\" class=\"alignnone size-large wp-image-17610\" src=\"https:\/\/elcalaixetdelaiaia.es\/wp-content\/uploads\/2018\/07\/IMG_2539-1024x768.jpg\" alt=\"\" width=\"750\" height=\"563\" srcset=\"https:\/\/elcalaixetdelaiaia.es\/wp-content\/uploads\/2018\/07\/IMG_2539-1024x768.jpg 1024w, https:\/\/elcalaixetdelaiaia.es\/wp-content\/uploads\/2018\/07\/IMG_2539-300x225.jpg 300w, https:\/\/elcalaixetdelaiaia.es\/wp-content\/uploads\/2018\/07\/IMG_2539-768x576.jpg 768w\" sizes=\"(max-width: 750px) 100vw, 750px\" \/><\/p>\n<p>He pensado rodear el lateral de la tarta con una l\u00e1mina de chocolate, para ello, \u00e9sta vez usar\u00e9 papel de burbujas que compr\u00e9 para embalar unos objetos delicados, en mi \u00faltimo traslado<\/p>\n<\/div>\n<p style=\"text-align: center;\"><img decoding=\"async\" loading=\"lazy\" class=\"alignnone size-large wp-image-17611\" src=\"https:\/\/elcalaixetdelaiaia.es\/wp-content\/uploads\/2018\/07\/IMG_2540-1024x768.jpg\" alt=\"\" width=\"750\" height=\"563\" srcset=\"https:\/\/elcalaixetdelaiaia.es\/wp-content\/uploads\/2018\/07\/IMG_2540-1024x768.jpg 1024w, https:\/\/elcalaixetdelaiaia.es\/wp-content\/uploads\/2018\/07\/IMG_2540-300x225.jpg 300w, https:\/\/elcalaixetdelaiaia.es\/wp-content\/uploads\/2018\/07\/IMG_2540-768x576.jpg 768w\" sizes=\"(max-width: 750px) 100vw, 750px\" \/><\/p>\n<p style=\"text-align: center;\">lo primero ser\u00e1 saber de que altura y largo necesito cortar el trozo de pl\u00e1stico, por lo que mediremos el molde de alto y ancho<\/p>\n<p style=\"text-align: center;\"><img decoding=\"async\" loading=\"lazy\" class=\"alignnone size-large wp-image-17612\" src=\"https:\/\/elcalaixetdelaiaia.es\/wp-content\/uploads\/2018\/07\/IMG_2541-1024x768.jpg\" alt=\"\" width=\"750\" height=\"563\" srcset=\"https:\/\/elcalaixetdelaiaia.es\/wp-content\/uploads\/2018\/07\/IMG_2541-1024x768.jpg 1024w, https:\/\/elcalaixetdelaiaia.es\/wp-content\/uploads\/2018\/07\/IMG_2541-300x225.jpg 300w, https:\/\/elcalaixetdelaiaia.es\/wp-content\/uploads\/2018\/07\/IMG_2541-768x576.jpg 768w\" sizes=\"(max-width: 750px) 100vw, 750px\" \/><\/p>\n<p style=\"text-align: center;\">lo cortaremos<\/p>\n<p style=\"text-align: center;\"><img decoding=\"async\" loading=\"lazy\" class=\"alignnone size-large wp-image-17613\" src=\"https:\/\/elcalaixetdelaiaia.es\/wp-content\/uploads\/2018\/07\/IMG_2542-1024x768.jpg\" alt=\"\" width=\"750\" height=\"563\" srcset=\"https:\/\/elcalaixetdelaiaia.es\/wp-content\/uploads\/2018\/07\/IMG_2542-1024x768.jpg 1024w, https:\/\/elcalaixetdelaiaia.es\/wp-content\/uploads\/2018\/07\/IMG_2542-300x225.jpg 300w, https:\/\/elcalaixetdelaiaia.es\/wp-content\/uploads\/2018\/07\/IMG_2542-768x576.jpg 768w\" sizes=\"(max-width: 750px) 100vw, 750px\" \/><\/p>\n<p style=\"text-align: center;\">y comprobaremos que nos da para envolverlo, entonces con agua y jab\u00f3n lavaremos la tira de pl\u00e1stico y la enjuagaremos muy muy bien, ya que no sabemos por donde ha ido&#8230; y la secaremos muy muy bien con papel de cocina<\/p>\n<div style=\"text-align: center;\">\n<p><img decoding=\"async\" loading=\"lazy\" class=\"alignnone size-large wp-image-17614\" src=\"https:\/\/elcalaixetdelaiaia.es\/wp-content\/uploads\/2018\/07\/IMG_2544-1024x768.jpg\" alt=\"\" width=\"750\" height=\"563\" srcset=\"https:\/\/elcalaixetdelaiaia.es\/wp-content\/uploads\/2018\/07\/IMG_2544-1024x768.jpg 1024w, https:\/\/elcalaixetdelaiaia.es\/wp-content\/uploads\/2018\/07\/IMG_2544-300x225.jpg 300w, https:\/\/elcalaixetdelaiaia.es\/wp-content\/uploads\/2018\/07\/IMG_2544-768x576.jpg 768w\" sizes=\"(max-width: 750px) 100vw, 750px\" \/><\/p>\n<\/div>\n<div>\n<p style=\"text-align: center;\">\u00a0quitaremos el molde con mucho cuidado y lo mismo haremos con el acetato, que podemos lavar y reservar para otra ocasi\u00f3n<\/p>\n<p style=\"text-align: center;\"><img decoding=\"async\" loading=\"lazy\" class=\"alignnone size-large wp-image-17617\" src=\"https:\/\/elcalaixetdelaiaia.es\/wp-content\/uploads\/2018\/07\/IMG_2552-1024x768.jpg\" alt=\"\" width=\"750\" height=\"563\" srcset=\"https:\/\/elcalaixetdelaiaia.es\/wp-content\/uploads\/2018\/07\/IMG_2552-1024x768.jpg 1024w, https:\/\/elcalaixetdelaiaia.es\/wp-content\/uploads\/2018\/07\/IMG_2552-300x225.jpg 300w, https:\/\/elcalaixetdelaiaia.es\/wp-content\/uploads\/2018\/07\/IMG_2552-768x576.jpg 768w\" sizes=\"(max-width: 750px) 100vw, 750px\" \/><\/p>\n<p style=\"text-align: center;\">podr\u00edamos afinar un poco, pasar a una bandeja y dejar la tarta as\u00ed pero\u00a0 en \u00e9ste caso he querido mejorar la presentaci\u00f3n<\/p>\n<p style=\"text-align: center;\"><img decoding=\"async\" loading=\"lazy\" class=\"alignnone size-large wp-image-17615\" src=\"https:\/\/elcalaixetdelaiaia.es\/wp-content\/uploads\/2018\/07\/IMG_2548-1024x768.jpg\" alt=\"\" width=\"750\" height=\"563\" srcset=\"https:\/\/elcalaixetdelaiaia.es\/wp-content\/uploads\/2018\/07\/IMG_2548-1024x768.jpg 1024w, https:\/\/elcalaixetdelaiaia.es\/wp-content\/uploads\/2018\/07\/IMG_2548-300x225.jpg 300w, https:\/\/elcalaixetdelaiaia.es\/wp-content\/uploads\/2018\/07\/IMG_2548-768x576.jpg 768w\" sizes=\"(max-width: 750px) 100vw, 750px\" \/><\/p>\n<p style=\"text-align: center;\">trocearemos el chocolate en un bol. Os recomiendo usar para \u00e9sta capa chocolate <strong>puro<\/strong>, pues es lo mas adecuado por el contraste de sabores peroooo a mi chico no le gusta el chocolate puro, as\u00ed que&#8230;.ir\u00e1 con chocolate con leche. Daremos golpes de micro de 30 desundos, removiendo cada vez, hasta que veamos que est\u00e1 deshecho<\/p>\n<p style=\"text-align: center;\"><img decoding=\"async\" loading=\"lazy\" class=\"alignnone size-large wp-image-17616\" src=\"https:\/\/elcalaixetdelaiaia.es\/wp-content\/uploads\/2018\/07\/IMG_2550-1024x768.jpg\" alt=\"\" width=\"750\" height=\"563\" srcset=\"https:\/\/elcalaixetdelaiaia.es\/wp-content\/uploads\/2018\/07\/IMG_2550-1024x768.jpg 1024w, https:\/\/elcalaixetdelaiaia.es\/wp-content\/uploads\/2018\/07\/IMG_2550-300x225.jpg 300w, https:\/\/elcalaixetdelaiaia.es\/wp-content\/uploads\/2018\/07\/IMG_2550-768x576.jpg 768w\" sizes=\"(max-width: 750px) 100vw, 750px\" \/><\/p>\n<p style=\"text-align: center;\">y pintaremos con el chocolate, la banda de pl\u00e1stico de burbujas<\/p>\n<p><img decoding=\"async\" loading=\"lazy\" class=\"alignnone size-large wp-image-17625\" src=\"https:\/\/elcalaixetdelaiaia.es\/wp-content\/uploads\/2018\/07\/IFSF7514-1024x768.png\" alt=\"\" width=\"750\" height=\"563\" srcset=\"https:\/\/elcalaixetdelaiaia.es\/wp-content\/uploads\/2018\/07\/IFSF7514-1024x768.png 1024w, https:\/\/elcalaixetdelaiaia.es\/wp-content\/uploads\/2018\/07\/IFSF7514-300x225.png 300w, https:\/\/elcalaixetdelaiaia.es\/wp-content\/uploads\/2018\/07\/IFSF7514-768x576.png 768w\" sizes=\"(max-width: 750px) 100vw, 750px\" \/><\/p>\n<p style=\"text-align: center;\">bien lavada y secada<\/p>\n<p style=\"text-align: center;\"><img decoding=\"async\" loading=\"lazy\" class=\"alignnone size-large wp-image-17618\" src=\"https:\/\/elcalaixetdelaiaia.es\/wp-content\/uploads\/2018\/07\/IMG_2553-1024x768.jpg\" alt=\"\" width=\"750\" height=\"563\" srcset=\"https:\/\/elcalaixetdelaiaia.es\/wp-content\/uploads\/2018\/07\/IMG_2553-1024x768.jpg 1024w, https:\/\/elcalaixetdelaiaia.es\/wp-content\/uploads\/2018\/07\/IMG_2553-300x225.jpg 300w, https:\/\/elcalaixetdelaiaia.es\/wp-content\/uploads\/2018\/07\/IMG_2553-768x576.jpg 768w\" sizes=\"(max-width: 750px) 100vw, 750px\" \/><\/p>\n<div>\n<p style=\"text-align: center;\">rodearemos la tarta y al frigo, hasta que podamos retirar el pl\u00e1stico con delicadeza.<\/p>\n<p style=\"text-align: center;\">Y ahora os cuento el fallo garrafal que he tenido jajajaja, al retirar el pl\u00e1stico me he dado cuenta de que \u00a1\u00a1\u00a1\u00a1NO HABIA SE\u00d1AL ALGUNA DE LAS BURBUJAAASSSSS!!!! ayyy mareeee, resulta que el pl\u00e1stico que he usado lleva capa de p\u00e1stico, burbujas y otra capa de pl\u00e1stico. Total&#8230; que he tenido que buscar otro pl\u00e1stico que s\u00f3lo llevara la capa de pl\u00e1stico y de burbujas y como no me queda chocolate con leche, he vuelto a hacer el proceso pero con chocolate blanco jajajaja, me r\u00edo de mi misma porque encima llego tarde, mis hijo y mi nuera vienen a comer y a llevarse a LLuna, mi hijo tiene un compromiso, no quiero que vean la tarta, y yo me tengo que ir de boda a Pe\u00f1\u00edscola y no llegoooooo jajajajaja.<\/p>\n<p><img decoding=\"async\" loading=\"lazy\" class=\"size-large wp-image-17626 aligncenter\" src=\"https:\/\/elcalaixetdelaiaia.es\/wp-content\/uploads\/2018\/07\/CWGBE9291-1024x768.jpg\" alt=\"\" width=\"750\" height=\"563\" srcset=\"https:\/\/elcalaixetdelaiaia.es\/wp-content\/uploads\/2018\/07\/CWGBE9291-1024x768.jpg 1024w, https:\/\/elcalaixetdelaiaia.es\/wp-content\/uploads\/2018\/07\/CWGBE9291-300x225.jpg 300w, https:\/\/elcalaixetdelaiaia.es\/wp-content\/uploads\/2018\/07\/CWGBE9291-768x576.jpg 768w\" sizes=\"(max-width: 750px) 100vw, 750px\" \/><\/p>\n<p style=\"text-align: center;\">bueno, al final estoy contenta, as\u00ed ha quedado la tarta<\/p>\n<p style=\"text-align: center;\"><img decoding=\"async\" loading=\"lazy\" class=\"alignnone size-large wp-image-17621\" src=\"https:\/\/elcalaixetdelaiaia.es\/wp-content\/uploads\/2018\/07\/ODNN3827-1024x809.png\" alt=\"\" width=\"750\" height=\"593\" srcset=\"https:\/\/elcalaixetdelaiaia.es\/wp-content\/uploads\/2018\/07\/ODNN3827-1024x809.png 1024w, https:\/\/elcalaixetdelaiaia.es\/wp-content\/uploads\/2018\/07\/ODNN3827-300x237.png 300w, https:\/\/elcalaixetdelaiaia.es\/wp-content\/uploads\/2018\/07\/ODNN3827-768x606.png 768w\" sizes=\"(max-width: 750px) 100vw, 750px\" \/><\/p>\n<p style=\"text-align: center;\">ahora al congelador, hasta ma\u00f1ana por la tarde para la celebraci\u00f3n familiar. Si la com\u00e9is en invierno, con una horita de congelador ser\u00e1 m\u00e1s que suficiente, pero en verano y con \u00e9ste calor, congelada est\u00e1 ideal.<\/p>\n<p style=\"text-align: center;\"><img decoding=\"async\" loading=\"lazy\" class=\"alignnone size-large wp-image-17623\" src=\"https:\/\/elcalaixetdelaiaia.es\/wp-content\/uploads\/2018\/07\/SDKM1823-1024x768.png\" alt=\"\" width=\"750\" height=\"563\" srcset=\"https:\/\/elcalaixetdelaiaia.es\/wp-content\/uploads\/2018\/07\/SDKM1823-1024x768.png 1024w, https:\/\/elcalaixetdelaiaia.es\/wp-content\/uploads\/2018\/07\/SDKM1823-300x225.png 300w, https:\/\/elcalaixetdelaiaia.es\/wp-content\/uploads\/2018\/07\/SDKM1823-768x576.png 768w, https:\/\/elcalaixetdelaiaia.es\/wp-content\/uploads\/2018\/07\/SDKM1823.png 1600w\" sizes=\"(max-width: 750px) 100vw, 750px\" \/><\/p>\n<p style=\"text-align: center;\">con las bengalas listas<\/p>\n<p style=\"text-align: center;\"><img decoding=\"async\" loading=\"lazy\" class=\"alignnone size-full wp-image-17624\" src=\"https:\/\/elcalaixetdelaiaia.es\/wp-content\/uploads\/2018\/07\/IMG_2625.jpg\" alt=\"\" width=\"889\" height=\"749\" srcset=\"https:\/\/elcalaixetdelaiaia.es\/wp-content\/uploads\/2018\/07\/IMG_2625.jpg 889w, https:\/\/elcalaixetdelaiaia.es\/wp-content\/uploads\/2018\/07\/IMG_2625-300x253.jpg 300w, https:\/\/elcalaixetdelaiaia.es\/wp-content\/uploads\/2018\/07\/IMG_2625-768x647.jpg 768w\" sizes=\"(max-width: 889px) 100vw, 889px\" \/><\/p>\n<p style=\"text-align: center;\">y prendidas para pedir un deseo<\/p>\n<p style=\"text-align: center;\"><img decoding=\"async\" loading=\"lazy\" class=\"alignnone size-large wp-image-17620\" src=\"https:\/\/elcalaixetdelaiaia.es\/wp-content\/uploads\/2018\/07\/IVCXE2781-1024x769.jpg\" alt=\"\" width=\"750\" height=\"563\" srcset=\"https:\/\/elcalaixetdelaiaia.es\/wp-content\/uploads\/2018\/07\/IVCXE2781-1024x769.jpg 1024w, https:\/\/elcalaixetdelaiaia.es\/wp-content\/uploads\/2018\/07\/IVCXE2781-300x225.jpg 300w, https:\/\/elcalaixetdelaiaia.es\/wp-content\/uploads\/2018\/07\/IVCXE2781-768x577.jpg 768w\" sizes=\"(max-width: 750px) 100vw, 750px\" \/><\/p>\n<p style=\"text-align: center;\">Mam\u00e1 te desea que se cumplan todos&#8230;&#8230;aunque s\u00e9 que el principal&#8230;&#8230;es imposible cari\u00f1o, pero para adelante, siempre para adelante, porque ellos est\u00e1n todos con nosotros, y nos acompa\u00f1an siempre.<\/p>\n<p style=\"text-align: center;\">TE QUIERO.<\/p>\n<p style=\"text-align: center;\">Esta vez no hay foto de la porci\u00f3n, pero puedo deciros que la tarta es espectacular y al contrario de lo que pod\u00e1is pensar, no est\u00e1 nada nada, empalagosa \ud83d\ude09<\/p>\n<p style=\"text-align: center;\">Espero que os haya gustado y tambi\u00e9n espero vuestros comentarios, como algunos sab\u00e9is estoy en facebook; https:\/\/www.facebook.com\/El-calaixet-de-la-iaia-533062140099386\/<\/p>\n<p style=\"text-align: center;\">Gracias por leerme.<\/p>\n<\/div>\n<\/div>\n","protected":false},"excerpt":{"rendered":"<p>\u00abRefrany; Observa el fill el que fa son pare, i escolta atent la veu de sa mare\u00bb\u00a0 Observa el hijo que hace su padre, y escucha atento la voz de su madre. Mi chico peque\u00f1o cumple ya 30, madre m\u00edaaaaaa, si \u00e9sto que os cuento aqu\u00ed, parece que fue ayer &hellip; <\/p>\n","protected":false},"author":2,"featured_media":17622,"comment_status":"open","ping_status":"open","sticky":false,"template":"","format":"standard","meta":[],"categories":[6,1],"tags":[],"_links":{"self":[{"href":"https:\/\/elcalaixetdelaiaia.es\/index.php?rest_route=\/wp\/v2\/posts\/16980"}],"collection":[{"href":"https:\/\/elcalaixetdelaiaia.es\/index.php?rest_route=\/wp\/v2\/posts"}],"about":[{"href":"https:\/\/elcalaixetdelaiaia.es\/index.php?rest_route=\/wp\/v2\/types\/post"}],"author":[{"embeddable":true,"href":"https:\/\/elcalaixetdelaiaia.es\/index.php?rest_route=\/wp\/v2\/users\/2"}],"replies":[{"embeddable":true,"href":"https:\/\/elcalaixetdelaiaia.es\/index.php?rest_route=%2Fwp%2Fv2%2Fcomments&post=16980"}],"version-history":[{"count":12,"href":"https:\/\/elcalaixetdelaiaia.es\/index.php?rest_route=\/wp\/v2\/posts\/16980\/revisions"}],"predecessor-version":[{"id":27645,"href":"https:\/\/elcalaixetdelaiaia.es\/index.php?rest_route=\/wp\/v2\/posts\/16980\/revisions\/27645"}],"wp:featuredmedia":[{"embeddable":true,"href":"https:\/\/elcalaixetdelaiaia.es\/index.php?rest_route=\/wp\/v2\/media\/17622"}],"wp:attachment":[{"href":"https:\/\/elcalaixetdelaiaia.es\/index.php?rest_route=%2Fwp%2Fv2%2Fmedia&parent=16980"}],"wp:term":[{"taxonomy":"category","embeddable":true,"href":"https:\/\/elcalaixetdelaiaia.es\/index.php?rest_route=%2Fwp%2Fv2%2Fcategories&post=16980"},{"taxonomy":"post_tag","embeddable":true,"href":"https:\/\/elcalaixetdelaiaia.es\/index.php?rest_route=%2Fwp%2Fv2%2Ftags&post=16980"}],"curies":[{"name":"wp","href":"https:\/\/api.w.org\/{rel}","templated":true}]}}