{"id":16916,"date":"2018-05-01T09:01:20","date_gmt":"2018-05-01T09:01:20","guid":{"rendered":"http:\/\/elcalaixetdelaiaia.es\/?p=16916"},"modified":"2023-02-12T17:18:11","modified_gmt":"2023-02-12T17:18:11","slug":"tarta-cris-de-tres-chocolates-y-calas-paso-a-paso","status":"publish","type":"post","link":"https:\/\/elcalaixetdelaiaia.es\/?p=16916","title":{"rendered":"Tarta Cris de tres chocolates y calas paso a paso"},"content":{"rendered":"<p>\u00abRefrany; Amor, amb amor es paga\u00bb \u00a0 Amor con amor, se paga.<\/p>\n<p>Tendr\u00eda dos hermanas gemelas, pero&#8230; no pudo ser y me qued\u00e9 como la \u00fanica chica. Aunque tengo unos hermanos tan maravillosamente incre\u00edbles que no hay suficientes palabras para expresarlo. Siempre he deseado tener hermanas y, aunque no son de sangre, si las tengo.<\/p>\n<p>Tengo a mis dos cu\u00f1adas que son las mejores hermanas que podr\u00eda haber deseado y las circunstancias de la vida ha hecho que \u00e9sto se convirtiera en HECHOS, pues \u00e1mbas han estado siempre a mi\/nuestro lado (para mi marido tambi\u00e9n eran sus hermanas) en lo bueno, y en lo malo. La verdad, es que no se que hubiera hecho sin ellas y mis tetes. Bueno, pues eso&#8230; no quiero ponerme sensiblona, que se me saltan las l\u00e1grimas, pero os quiero con locura cu\u00f1adas. Gracias por estar SIEMPRE a mi lado, contra viento y marea.<\/p>\n<p><img decoding=\"async\" loading=\"lazy\" class=\"alignnone size-large wp-image-16948\" src=\"https:\/\/elcalaixetdelaiaia.es\/wp-content\/uploads\/2018\/05\/QUAQ8892-1024x762.png\" alt=\"\" width=\"750\" height=\"558\" srcset=\"https:\/\/elcalaixetdelaiaia.es\/wp-content\/uploads\/2018\/05\/QUAQ8892-1024x762.png 1024w, https:\/\/elcalaixetdelaiaia.es\/wp-content\/uploads\/2018\/05\/QUAQ8892-300x223.png 300w, https:\/\/elcalaixetdelaiaia.es\/wp-content\/uploads\/2018\/05\/QUAQ8892-768x572.png 768w\" sizes=\"(max-width: 750px) 100vw, 750px\" \/><\/p>\n<p>Para el cumple de mi cu\u00f1i Cris, pens\u00e9 en hacerle la tarta de tres chocolates. A mi sobrino las tartas&#8230; s\u00f3lo de chuches y tanto a mi cu\u00f1i, como a mi sobrina y mi tete, el bizcocho no les va y el chocolate mucho. As\u00ed que lo ten\u00eda claro, porque es una tarta con la que siempre acierto, pens\u00e9 personalizarla haci\u00e9ndole a mi cu\u00f1i un ramillete de calas en pasta fondant y la verdad es que qued\u00e9 muy contenta con el resultado.<\/p>\n<p>Vamos con el paso a paso, ya que necesitaremos;<\/p>\n<p>Para la tarta de tres chocolates;<\/p>\n<ol>\n<li><span data-blogger-escaped-style=\"color: black;\">250 g chocolate puro <\/span><\/li>\n<li><span data-blogger-escaped-style=\"color: black;\">250 g chocolate con leche <\/span><\/li>\n<li><span data-blogger-escaped-style=\"color: black;\">250 g chocolate blanco <\/span><\/li>\n<li><span data-blogger-escaped-style=\"color: black;\">600 ml nata ( \u00f3 3 bricks) <\/span><\/li>\n<li><span data-blogger-escaped-style=\"color: black;\">600 ml leche entera <\/span><\/li>\n<li><span data-blogger-escaped-style=\"color: black;\">3 sobres cuajada <\/span><\/li>\n<li><span data-blogger-escaped-style=\"color: black;\">Un paquete de galletas carameladas lotus para la base <\/span><\/li>\n<li><span data-blogger-escaped-style=\"color: black;\">150 gramos mantequilla para la base\u00a0<\/span><\/li>\n<\/ol>\n<p>Para las calas;<\/p>\n<p><img decoding=\"async\" loading=\"lazy\" class=\"alignnone size-large wp-image-16920\" src=\"https:\/\/elcalaixetdelaiaia.es\/wp-content\/uploads\/2018\/04\/IMG_E5146-1024x768.jpg\" alt=\"\" width=\"750\" height=\"563\" srcset=\"https:\/\/elcalaixetdelaiaia.es\/wp-content\/uploads\/2018\/04\/IMG_E5146-1024x768.jpg 1024w, https:\/\/elcalaixetdelaiaia.es\/wp-content\/uploads\/2018\/04\/IMG_E5146-300x225.jpg 300w, https:\/\/elcalaixetdelaiaia.es\/wp-content\/uploads\/2018\/04\/IMG_E5146-768x576.jpg 768w\" sizes=\"(max-width: 750px) 100vw, 750px\" \/><\/p>\n<ol>\n<li>Fondant blanco<\/li>\n<li>Colorante alimentario verde<\/li>\n<li>Colorante alimentario amarillo<\/li>\n<li>Canela<\/li>\n<li>Palos de brocheta<\/li>\n<li>Az\u00facar glas<\/li>\n<li>Az\u00facar blanquilla<\/li>\n<li>Pintura nacarada comestible<\/li>\n<li>Cinta de gasa en color verde<\/li>\n<li>Cortapastas en forma de corazones en varios tama\u00f1os y en forma de hojas<\/li>\n<\/ol>\n<p>Comenzaremos un par de d\u00edas antes las calas de fondant, que se han de secar un poco para poder hacer el ramillete.<\/p>\n<p><img decoding=\"async\" loading=\"lazy\" class=\"alignnone size-large wp-image-16922 aligncenter\" src=\"https:\/\/elcalaixetdelaiaia.es\/wp-content\/uploads\/2018\/04\/IMG_E5148-1024x768.jpg\" alt=\"\" width=\"750\" height=\"563\" srcset=\"https:\/\/elcalaixetdelaiaia.es\/wp-content\/uploads\/2018\/04\/IMG_E5148-1024x768.jpg 1024w, https:\/\/elcalaixetdelaiaia.es\/wp-content\/uploads\/2018\/04\/IMG_E5148-300x225.jpg 300w, https:\/\/elcalaixetdelaiaia.es\/wp-content\/uploads\/2018\/04\/IMG_E5148-768x576.jpg 768w\" sizes=\"(max-width: 750px) 100vw, 750px\" \/><\/p>\n<p style=\"text-align: center;\">para ello empezaremos preparando el fondant de un color similar a los bastoncitos de la cala llamados esp\u00e1dices, he usado colorante amarillo, fondant blanco, un poco de az\u00facar blanquilla y canela en polvo, (si podemos, pondremos endurecedor de fondant) y haremos tantos, como flores queramos obtener, de distintos tama\u00f1os.<\/p>\n<p style=\"text-align: center;\"><img decoding=\"async\" loading=\"lazy\" class=\"alignnone size-large wp-image-16923\" src=\"https:\/\/elcalaixetdelaiaia.es\/wp-content\/uploads\/2018\/04\/IMG_E5149-1024x768.jpg\" alt=\"\" width=\"750\" height=\"563\" srcset=\"https:\/\/elcalaixetdelaiaia.es\/wp-content\/uploads\/2018\/04\/IMG_E5149-1024x768.jpg 1024w, https:\/\/elcalaixetdelaiaia.es\/wp-content\/uploads\/2018\/04\/IMG_E5149-300x225.jpg 300w, https:\/\/elcalaixetdelaiaia.es\/wp-content\/uploads\/2018\/04\/IMG_E5149-768x576.jpg 768w\" sizes=\"(max-width: 750px) 100vw, 750px\" \/><\/p>\n<p style=\"text-align: center;\">lo antes posible, introduciremos por un extremo un palillo que nos ayudar\u00e1 a poder formar la flor, y dejaremos secar, hasta que endurezca lo suficiente para poder manipularlos<\/p>\n<p style=\"text-align: center;\"><img decoding=\"async\" loading=\"lazy\" class=\"alignnone size-large wp-image-16929\" src=\"https:\/\/elcalaixetdelaiaia.es\/wp-content\/uploads\/2018\/04\/IMG_E5147-1024x732.jpg\" alt=\"\" width=\"750\" height=\"536\" srcset=\"https:\/\/elcalaixetdelaiaia.es\/wp-content\/uploads\/2018\/04\/IMG_E5147-1024x732.jpg 1024w, https:\/\/elcalaixetdelaiaia.es\/wp-content\/uploads\/2018\/04\/IMG_E5147-300x214.jpg 300w, https:\/\/elcalaixetdelaiaia.es\/wp-content\/uploads\/2018\/04\/IMG_E5147-768x549.jpg 768w\" sizes=\"(max-width: 750px) 100vw, 750px\" \/><\/p>\n<p style=\"text-align: center;\">daremos forma a las hojitas<\/p>\n<p style=\"text-align: center;\"><img decoding=\"async\" loading=\"lazy\" class=\"alignnone size-large wp-image-16930\" src=\"https:\/\/elcalaixetdelaiaia.es\/wp-content\/uploads\/2018\/04\/IMG_E5150-1024x768.jpg\" alt=\"\" width=\"750\" height=\"563\" srcset=\"https:\/\/elcalaixetdelaiaia.es\/wp-content\/uploads\/2018\/04\/IMG_E5150-1024x768.jpg 1024w, https:\/\/elcalaixetdelaiaia.es\/wp-content\/uploads\/2018\/04\/IMG_E5150-300x225.jpg 300w, https:\/\/elcalaixetdelaiaia.es\/wp-content\/uploads\/2018\/04\/IMG_E5150-768x576.jpg 768w\" sizes=\"(max-width: 750px) 100vw, 750px\" \/><\/p>\n<p style=\"text-align: center;\">y usaremos pon ejemplo los marcadores de grosor del amasador para darles una forma mas natural y dejaremos secar<\/p>\n<p style=\"text-align: center;\"><img decoding=\"async\" loading=\"lazy\" class=\"alignnone size-large wp-image-16921\" src=\"https:\/\/elcalaixetdelaiaia.es\/wp-content\/uploads\/2018\/04\/IMG_5163-1024x768.jpg\" alt=\"\" width=\"750\" height=\"563\" srcset=\"https:\/\/elcalaixetdelaiaia.es\/wp-content\/uploads\/2018\/04\/IMG_5163-1024x768.jpg 1024w, https:\/\/elcalaixetdelaiaia.es\/wp-content\/uploads\/2018\/04\/IMG_5163-300x225.jpg 300w, https:\/\/elcalaixetdelaiaia.es\/wp-content\/uploads\/2018\/04\/IMG_5163-768x576.jpg 768w\" sizes=\"(max-width: 750px) 100vw, 750px\" \/><\/p>\n<p style=\"text-align: center;\">Mientras tanto, amasaremos el fondant blanco y con el cortapastas en forma de corazones, recortaremos de varios tama\u00f1os<\/p>\n<p style=\"text-align: center;\"><img decoding=\"async\" loading=\"lazy\" class=\"alignnone size-large wp-image-16924\" src=\"https:\/\/elcalaixetdelaiaia.es\/wp-content\/uploads\/2018\/04\/IMG_5159-1024x768.jpg\" alt=\"\" width=\"750\" height=\"563\" srcset=\"https:\/\/elcalaixetdelaiaia.es\/wp-content\/uploads\/2018\/04\/IMG_5159-1024x768.jpg 1024w, https:\/\/elcalaixetdelaiaia.es\/wp-content\/uploads\/2018\/04\/IMG_5159-300x225.jpg 300w, https:\/\/elcalaixetdelaiaia.es\/wp-content\/uploads\/2018\/04\/IMG_5159-768x576.jpg 768w\" sizes=\"(max-width: 750px) 100vw, 750px\" \/><\/p>\n<p style=\"text-align: center;\">con pegamento comestible, un poquito de agua o clara de huevo, mojaremos un pincel y pintaremos el borde interior de lo que ser\u00e1 la espata o p\u00e9talo gigante<\/p>\n<p style=\"text-align: center;\"><img decoding=\"async\" loading=\"lazy\" class=\"alignnone size-large wp-image-16925\" src=\"https:\/\/elcalaixetdelaiaia.es\/wp-content\/uploads\/2018\/04\/IMG_5160-1024x768.jpg\" alt=\"\" width=\"750\" height=\"563\" srcset=\"https:\/\/elcalaixetdelaiaia.es\/wp-content\/uploads\/2018\/04\/IMG_5160-1024x768.jpg 1024w, https:\/\/elcalaixetdelaiaia.es\/wp-content\/uploads\/2018\/04\/IMG_5160-300x225.jpg 300w, https:\/\/elcalaixetdelaiaia.es\/wp-content\/uploads\/2018\/04\/IMG_5160-768x576.jpg 768w\" sizes=\"(max-width: 750px) 100vw, 750px\" \/><\/p>\n<p style=\"text-align: center;\">en un extremo lateral del coraz\u00f3n boca abajo, colocaremos un esp\u00e1dice y rularemos, enrollando de manera que quede cubierto por el p\u00e9talo<\/p>\n<p style=\"text-align: center;\"><img decoding=\"async\" loading=\"lazy\" class=\"alignnone size-large wp-image-16926\" src=\"https:\/\/elcalaixetdelaiaia.es\/wp-content\/uploads\/2018\/04\/IMG_5161-1024x768.jpg\" alt=\"\" width=\"750\" height=\"563\" srcset=\"https:\/\/elcalaixetdelaiaia.es\/wp-content\/uploads\/2018\/04\/IMG_5161-1024x768.jpg 1024w, https:\/\/elcalaixetdelaiaia.es\/wp-content\/uploads\/2018\/04\/IMG_5161-300x225.jpg 300w, https:\/\/elcalaixetdelaiaia.es\/wp-content\/uploads\/2018\/04\/IMG_5161-768x576.jpg 768w\" sizes=\"(max-width: 750px) 100vw, 750px\" \/><\/p>\n<p style=\"text-align: center;\">con los dedos doblaremos hacia abajo el p\u00e9talo, dando forma de cala<\/p>\n<p style=\"text-align: center;\"><img decoding=\"async\" loading=\"lazy\" class=\"alignnone size-large wp-image-16927\" src=\"https:\/\/elcalaixetdelaiaia.es\/wp-content\/uploads\/2018\/04\/IMG_5162-1024x768.jpg\" alt=\"\" width=\"750\" height=\"563\" srcset=\"https:\/\/elcalaixetdelaiaia.es\/wp-content\/uploads\/2018\/04\/IMG_5162-1024x768.jpg 1024w, https:\/\/elcalaixetdelaiaia.es\/wp-content\/uploads\/2018\/04\/IMG_5162-300x225.jpg 300w, https:\/\/elcalaixetdelaiaia.es\/wp-content\/uploads\/2018\/04\/IMG_5162-768x576.jpg 768w\" sizes=\"(max-width: 750px) 100vw, 750px\" \/><\/p>\n<p style=\"text-align: center;\">Unos los iremos dejando secar con la punta hacia abajo sobre un amasador por ejemplo,y otros sobre la superficie de la manta de silicona hasta que se sequen.<\/p>\n<p style=\"text-align: center;\"><img decoding=\"async\" loading=\"lazy\" class=\"alignnone size-large wp-image-16931\" src=\"https:\/\/elcalaixetdelaiaia.es\/wp-content\/uploads\/2018\/04\/IMG_E5223-1024x768.jpg\" alt=\"\" width=\"750\" height=\"563\" srcset=\"https:\/\/elcalaixetdelaiaia.es\/wp-content\/uploads\/2018\/04\/IMG_E5223-1024x768.jpg 1024w, https:\/\/elcalaixetdelaiaia.es\/wp-content\/uploads\/2018\/04\/IMG_E5223-300x225.jpg 300w, https:\/\/elcalaixetdelaiaia.es\/wp-content\/uploads\/2018\/04\/IMG_E5223-768x576.jpg 768w\" sizes=\"(max-width: 750px) 100vw, 750px\" \/><\/p>\n<p style=\"text-align: center;\">Haremos las letras del nombre y pintaremos las flores y las hojitas para dar un aspecto mas similar a una cala<\/p>\n<p style=\"text-align: center;\"><img decoding=\"async\" loading=\"lazy\" class=\"alignnone size-large wp-image-16928\" src=\"https:\/\/elcalaixetdelaiaia.es\/wp-content\/uploads\/2018\/04\/IMG_5235-1024x768.jpg\" alt=\"\" width=\"750\" height=\"563\" srcset=\"https:\/\/elcalaixetdelaiaia.es\/wp-content\/uploads\/2018\/04\/IMG_5235-1024x768.jpg 1024w, https:\/\/elcalaixetdelaiaia.es\/wp-content\/uploads\/2018\/04\/IMG_5235-300x225.jpg 300w, https:\/\/elcalaixetdelaiaia.es\/wp-content\/uploads\/2018\/04\/IMG_5235-768x576.jpg 768w\" sizes=\"(max-width: 750px) 100vw, 750px\" \/><\/p>\n<p style=\"text-align: center;\">Seguiremos dejando secar y vamos con la tarta<\/p>\n<p style=\"text-align: center;\">Lo primero que tendremos que hacer ser\u00e1 triturar las galletas. Estas son un peligro, cuando me ayudan mis ni\u00f1as, meten una en la bolsa y se comen dos \u00a1menos mal que las conozco pongo siempre galletas de mas! nos encantan \u00e9stas galletas, tambi\u00e9n conocidas como Speculoos, ya os dar\u00e9 la receta para hacerlas en casa<\/p>\n<p style=\"text-align: center;\"><img decoding=\"async\" loading=\"lazy\" class=\"alignnone wp-image-15570\" src=\"https:\/\/i2.wp.com\/elcalaixetdelaiaia.es\/wp-content\/uploads\/2018\/01\/IMG_8536.png?resize=750%2C563\" sizes=\"(max-width: 750px) 100vw, 750px\" srcset=\"https:\/\/i2.wp.com\/elcalaixetdelaiaia.es\/wp-content\/uploads\/2018\/01\/IMG_8536.png?resize=1024%2C768 1024w, https:\/\/i2.wp.com\/elcalaixetdelaiaia.es\/wp-content\/uploads\/2018\/01\/IMG_8536.png?resize=300%2C225 300w, https:\/\/i2.wp.com\/elcalaixetdelaiaia.es\/wp-content\/uploads\/2018\/01\/IMG_8536.png?resize=768%2C576 768w, https:\/\/i2.wp.com\/elcalaixetdelaiaia.es\/wp-content\/uploads\/2018\/01\/IMG_8536.png?w=1500 1500w, https:\/\/i2.wp.com\/elcalaixetdelaiaia.es\/wp-content\/uploads\/2018\/01\/IMG_8536.png?w=2250 2250w\" alt=\"\" width=\"636\" height=\"477\" \/><\/p>\n<p style=\"text-align: center;\">Las podemos picar en la picadora o pasarles el rodillo tras haberlas puestas en una bolsa limpia.<\/p>\n<p style=\"text-align: center;\">Fundimos la mantequilla en el microondas y la mezclamos con las galletas, nos quedar\u00e1 con el aspecto de arena mojada.<\/p>\n<p style=\"text-align: center;\"><img decoding=\"async\" loading=\"lazy\" class=\"alignnone wp-image-15573\" src=\"https:\/\/i0.wp.com\/elcalaixetdelaiaia.es\/wp-content\/uploads\/2018\/01\/IMG_8539.png?resize=750%2C563\" sizes=\"(max-width: 750px) 100vw, 750px\" srcset=\"https:\/\/i0.wp.com\/elcalaixetdelaiaia.es\/wp-content\/uploads\/2018\/01\/IMG_8539.png?resize=1024%2C768 1024w, https:\/\/i0.wp.com\/elcalaixetdelaiaia.es\/wp-content\/uploads\/2018\/01\/IMG_8539.png?resize=300%2C225 300w, https:\/\/i0.wp.com\/elcalaixetdelaiaia.es\/wp-content\/uploads\/2018\/01\/IMG_8539.png?resize=768%2C576 768w, https:\/\/i0.wp.com\/elcalaixetdelaiaia.es\/wp-content\/uploads\/2018\/01\/IMG_8539.png?w=1500 1500w, https:\/\/i0.wp.com\/elcalaixetdelaiaia.es\/wp-content\/uploads\/2018\/01\/IMG_8539.png?w=2250 2250w\" alt=\"\" width=\"644\" height=\"483\" \/><\/p>\n<p style=\"text-align: center;\">En un molde desmontable, ponemos papel sulfurizado o de horno sobre la base, y cerramos pinzando bien. Us\u00e9 un molde de 23cm.<\/p>\n<p style=\"text-align: center;\"><img decoding=\"async\" loading=\"lazy\" class=\"alignnone wp-image-15574\" src=\"https:\/\/i2.wp.com\/elcalaixetdelaiaia.es\/wp-content\/uploads\/2018\/01\/IMG_8540.png?resize=750%2C563\" sizes=\"(max-width: 750px) 100vw, 750px\" srcset=\"https:\/\/i2.wp.com\/elcalaixetdelaiaia.es\/wp-content\/uploads\/2018\/01\/IMG_8540.png?resize=1024%2C768 1024w, https:\/\/i2.wp.com\/elcalaixetdelaiaia.es\/wp-content\/uploads\/2018\/01\/IMG_8540.png?resize=300%2C225 300w, https:\/\/i2.wp.com\/elcalaixetdelaiaia.es\/wp-content\/uploads\/2018\/01\/IMG_8540.png?resize=768%2C576 768w, https:\/\/i2.wp.com\/elcalaixetdelaiaia.es\/wp-content\/uploads\/2018\/01\/IMG_8540.png?w=1500 1500w\" alt=\"\" width=\"652\" height=\"489\" \/><\/p>\n<p style=\"text-align: center;\">repartiremos la galleta con mantequilla presionando y procurando que quede lo mas nivelada posible (me acabo de dar cuenta de que le peque, se estaba zampando otra galleta jajajajajaja), <span data-blogger-escaped-style=\"color: black;\">el siguiente paso se puede hacer de dos maneras, \u00f3 se mete en el horno unos minutos para que se ponga durita y crujiente, o se deja enfriar en el frigo.<\/span><\/p>\n<div style=\"text-align: center;\" data-blogger-escaped-style=\"text-align: center;\">\n<p><span data-blogger-escaped-style=\"color: black;\">Si la hacemos en el horno, hemos de cuidar que no quede demasiado tostada, cada horno es un mundo. En el m\u00edo la pongo 10 min. a 180 grados.<\/span><\/p>\n<\/div>\n<div data-blogger-escaped-style=\"text-align: center;\">\n<p style=\"text-align: center;\"><span data-blogger-escaped-style=\"color: black;\"><a href=\"https:\/\/i1.wp.com\/3.bp.blogspot.com\/-Y_NPkdLF37g\/UcLRYC_uROI\/AAAAAAAAASw\/cHuuYFLEFW8\/s1600\/IMG_5547.jpg\"><img decoding=\"async\" loading=\"lazy\" class=\"\" src=\"https:\/\/i1.wp.com\/3.bp.blogspot.com\/-Y_NPkdLF37g\/UcLRYC_uROI\/AAAAAAAAASw\/cHuuYFLEFW8\/s640\/IMG_5547.jpg?w=750&amp;ssl=1\" width=\"636\" height=\"423\" border=\"0\" \/><\/a> <\/span><\/p>\n<p style=\"text-align: center;\"><span data-blogger-escaped-style=\"color: black;\"> Y ahora vamos con los chocolates. Empiezo casi siempre con el negro, pero si quieres invertir colores\u2026no hay problema. <\/span><span data-blogger-escaped-style=\"color: black;\">Pondremos un brick de nata (\u00f3 200 ml) y la cantidad de leche en el brick vac\u00edo (unos 200 ml.) a calentar a fuego suave. Se a\u00f1ade el chocolate negro troceado y cuando est\u00e1 disuelto se a\u00f1ade 1 sobre de cuajada, moviendo sin parar durante 7 minutos, procurando que no llegue a hervir.<\/span><\/p>\n<p style=\"text-align: center;\">Sin moverla mucho la dejamos enfriar en la nevera. Entre capa y capa, c<span data-blogger-escaped-style=\"color: black;\">on el tiempo que se tarda en preparar cada chocolate, es suficiente.<\/span><\/p>\n<p style=\"text-align: center;\"><span data-blogger-escaped-style=\"color: black;\">Antes poner la siguiente capa de chocolate, pod\u00e9is hacer unas marcas con un tenedor para que agarre mejor, aunque no es imprescindible, no suelo hacerlo y me agarran fenomenal <\/span><\/p>\n<p style=\"text-align: center;\"><span data-blogger-escaped-style=\"color: black;\"><a href=\"https:\/\/i2.wp.com\/1.bp.blogspot.com\/-o4uyRXfF1DQ\/UcLRYC2txHI\/AAAAAAAAASs\/XctxS0fazvE\/s1600\/IMG_5548.jpg\"><img decoding=\"async\" loading=\"lazy\" class=\"\" src=\"https:\/\/i2.wp.com\/1.bp.blogspot.com\/-o4uyRXfF1DQ\/UcLRYC2txHI\/AAAAAAAAASs\/XctxS0fazvE\/s640\/IMG_5548.jpg?w=750&amp;ssl=1\" width=\"637\" height=\"487\" border=\"0\" \/><\/a><\/span><\/p>\n<p style=\"text-align: center;\"><span data-blogger-escaped-style=\"color: black;\"> Haremos exactamente igual para siguiente capa. En el momento de incorporar la mezcla la volcaremos suavemente sobre una cuchara sopera, para que no se mezclen los chocolates y queden en capas visiblemente separadas. Dejaremos enfriar mientras preparamos la \u00faltima.<\/span><\/p>\n<p style=\"text-align: center;\"><span data-blogger-escaped-style=\"color: black;\">No necesitaremos a\u00f1adir az\u00facar en absoluto, de verdad porque es mas que suficiente con el dulzor de los chocolates. Incluso m\u00e1s de una vez, se la hice a mi madre que era diab\u00e9tica, con chocolates sin az\u00facar<\/span><\/p>\n<p style=\"text-align: center;\"><span data-blogger-escaped-style=\"color: black;\"><a href=\"https:\/\/i2.wp.com\/2.bp.blogspot.com\/-jbiFlRASFr4\/UcLRYYDhzCI\/AAAAAAAAAS0\/rfaUmoKjTuw\/s1600\/IMG_5550.jpg\"><img decoding=\"async\" loading=\"lazy\" class=\"\" src=\"https:\/\/i1.wp.com\/2.bp.blogspot.com\/-jbiFlRASFr4\/UcLRYYDhzCI\/AAAAAAAAAS0\/rfaUmoKjTuw\/s640\/IMG_5550.jpg?w=750&amp;ssl=1\" width=\"629\" height=\"453\" border=\"0\" \/><\/a><\/span><\/p>\n<p style=\"text-align: center;\"><span data-blogger-escaped-style=\"color: black;\"> Incorporamos el \u00faltimo chocolate <\/span><\/p>\n<p style=\"text-align: center;\"><span data-blogger-escaped-style=\"color: black;\"><a href=\"https:\/\/i1.wp.com\/1.bp.blogspot.com\/-eX5zl0_917Y\/UcLRZZ3wihI\/AAAAAAAAAS8\/EEVmxa0rnzY\/s1600\/IMG_5552.jpg\"><img decoding=\"async\" loading=\"lazy\" class=\"\" src=\"https:\/\/i0.wp.com\/1.bp.blogspot.com\/-eX5zl0_917Y\/UcLRZZ3wihI\/AAAAAAAAAS8\/EEVmxa0rnzY\/s640\/IMG_5552.jpg?w=750&amp;ssl=1\" width=\"633\" height=\"421\" border=\"0\" \/><\/a><\/span><\/p>\n<p style=\"text-align: center;\"><span data-blogger-escaped-style=\"color: black;\">Cubrir con papel film y dejar cuajar procurando no mover del sitio hasta que enfr\u00ede un poco. Finalmente se guarda en fr\u00edo, hasta el d\u00eda siguiente.<br \/>\n<\/span><\/p>\n<p style=\"text-align: center;\"><img decoding=\"async\" loading=\"lazy\" class=\"alignnone size-large wp-image-16919\" src=\"https:\/\/elcalaixetdelaiaia.es\/wp-content\/uploads\/2018\/04\/IMG_E5227-1024x768.jpg\" alt=\"\" width=\"750\" height=\"563\" srcset=\"https:\/\/elcalaixetdelaiaia.es\/wp-content\/uploads\/2018\/04\/IMG_E5227-1024x768.jpg 1024w, https:\/\/elcalaixetdelaiaia.es\/wp-content\/uploads\/2018\/04\/IMG_E5227-300x225.jpg 300w, https:\/\/elcalaixetdelaiaia.es\/wp-content\/uploads\/2018\/04\/IMG_E5227-768x576.jpg 768w\" sizes=\"(max-width: 750px) 100vw, 750px\" \/><\/p>\n<p style=\"text-align: center;\">Para proceder al montaje, sacaremos con cuidado la tarta del molde y espolvoreamos toda la superficie con cacao puro sin az\u00facar. Colocaremos sobre la bandeja de servir, poniendo un poco de mantequilla entre la bandeja y la blonda para que no resbale y sobre la blonda una hoja de papel de horno en dos trozos, de manera que cuando tengamos lista la tarta tiraremos de los dos extremos de papel y la tarta quedara absolutamente limpia para su presentaci\u00f3n.<\/p>\n<p style=\"text-align: center;\"><img decoding=\"async\" loading=\"lazy\" class=\"alignnone size-large wp-image-16932\" src=\"https:\/\/elcalaixetdelaiaia.es\/wp-content\/uploads\/2018\/04\/GEGW1761-1024x768.png\" alt=\"\" width=\"750\" height=\"563\" srcset=\"https:\/\/elcalaixetdelaiaia.es\/wp-content\/uploads\/2018\/04\/GEGW1761-1024x768.png 1024w, https:\/\/elcalaixetdelaiaia.es\/wp-content\/uploads\/2018\/04\/GEGW1761-300x225.png 300w, https:\/\/elcalaixetdelaiaia.es\/wp-content\/uploads\/2018\/04\/GEGW1761-768x576.png 768w\" sizes=\"(max-width: 750px) 100vw, 750px\" \/><\/p>\n<p style=\"text-align: center;\">Formaremos un ramillete con las calas, haremos un atadillo con un lazo y colocaremos las letras<\/p>\n<p style=\"text-align: center;\"><img decoding=\"async\" loading=\"lazy\" class=\"alignnone size-large wp-image-16933\" src=\"https:\/\/elcalaixetdelaiaia.es\/wp-content\/uploads\/2018\/04\/IMG_5260-1024x768.jpg\" alt=\"\" width=\"750\" height=\"563\" srcset=\"https:\/\/elcalaixetdelaiaia.es\/wp-content\/uploads\/2018\/04\/IMG_5260-1024x768.jpg 1024w, https:\/\/elcalaixetdelaiaia.es\/wp-content\/uploads\/2018\/04\/IMG_5260-300x225.jpg 300w, https:\/\/elcalaixetdelaiaia.es\/wp-content\/uploads\/2018\/04\/IMG_5260-768x576.jpg 768w\" sizes=\"(max-width: 750px) 100vw, 750px\" \/><\/p>\n<p style=\"text-align: center;\">No os olvid\u00e9is de colocar las hojitas<\/p>\n<p style=\"text-align: center;\"><img decoding=\"async\" loading=\"lazy\" class=\"alignnone size-large wp-image-16934\" src=\"https:\/\/elcalaixetdelaiaia.es\/wp-content\/uploads\/2018\/04\/HMAJ2523-1024x1024.png\" alt=\"\" width=\"750\" height=\"750\" srcset=\"https:\/\/elcalaixetdelaiaia.es\/wp-content\/uploads\/2018\/04\/HMAJ2523-1024x1024.png 1024w, https:\/\/elcalaixetdelaiaia.es\/wp-content\/uploads\/2018\/04\/HMAJ2523-150x150.png 150w, https:\/\/elcalaixetdelaiaia.es\/wp-content\/uploads\/2018\/04\/HMAJ2523-300x300.png 300w, https:\/\/elcalaixetdelaiaia.es\/wp-content\/uploads\/2018\/04\/HMAJ2523-768x768.png 768w, https:\/\/elcalaixetdelaiaia.es\/wp-content\/uploads\/2018\/04\/HMAJ2523-60x60.png 60w, https:\/\/elcalaixetdelaiaia.es\/wp-content\/uploads\/2018\/04\/HMAJ2523-235x235.png 235w, https:\/\/elcalaixetdelaiaia.es\/wp-content\/uploads\/2018\/04\/HMAJ2523-255x255.png 255w\" sizes=\"(max-width: 750px) 100vw, 750px\" \/><\/p>\n<p style=\"text-align: center;\">pod\u00e9is poner las flores como mas os gusten, a un lado, al centro&#8230;..<\/p>\n<p style=\"text-align: center;\"><img decoding=\"async\" loading=\"lazy\" class=\"alignnone size-large wp-image-16935\" src=\"https:\/\/elcalaixetdelaiaia.es\/wp-content\/uploads\/2018\/04\/TLXR5980-1024x700.png\" alt=\"\" width=\"750\" height=\"513\" srcset=\"https:\/\/elcalaixetdelaiaia.es\/wp-content\/uploads\/2018\/04\/TLXR5980-1024x700.png 1024w, https:\/\/elcalaixetdelaiaia.es\/wp-content\/uploads\/2018\/04\/TLXR5980-300x205.png 300w, https:\/\/elcalaixetdelaiaia.es\/wp-content\/uploads\/2018\/04\/TLXR5980-768x525.png 768w\" sizes=\"(max-width: 750px) 100vw, 750px\" \/><\/p>\n<p style=\"text-align: center;\">hoy las he puesto en un lado y dej\u00e1ndolas colgar hacia abajo<\/p>\n<p style=\"text-align: center;\"><img decoding=\"async\" loading=\"lazy\" class=\"alignnone size-large wp-image-16936\" src=\"https:\/\/elcalaixetdelaiaia.es\/wp-content\/uploads\/2018\/04\/IMG_5286-1024x676.jpg\" alt=\"\" width=\"750\" height=\"495\" srcset=\"https:\/\/elcalaixetdelaiaia.es\/wp-content\/uploads\/2018\/04\/IMG_5286-1024x676.jpg 1024w, https:\/\/elcalaixetdelaiaia.es\/wp-content\/uploads\/2018\/04\/IMG_5286-300x198.jpg 300w, https:\/\/elcalaixetdelaiaia.es\/wp-content\/uploads\/2018\/04\/IMG_5286-768x507.jpg 768w\" sizes=\"(max-width: 750px) 100vw, 750px\" \/><\/p>\n<p style=\"text-align: center;\">Mantenerla en el frigo hasta el momento de colocar las velas, pues es una tarta que se ha de comer muy muy fresquita<\/p>\n<p style=\"text-align: center;\"><img decoding=\"async\" loading=\"lazy\" class=\"alignnone size-large wp-image-16937\" src=\"https:\/\/elcalaixetdelaiaia.es\/wp-content\/uploads\/2018\/04\/QUAQ8892-1024x768.png\" alt=\"\" width=\"750\" height=\"563\" srcset=\"https:\/\/elcalaixetdelaiaia.es\/wp-content\/uploads\/2018\/04\/QUAQ8892-1024x768.png 1024w, https:\/\/elcalaixetdelaiaia.es\/wp-content\/uploads\/2018\/04\/QUAQ8892-300x225.png 300w, https:\/\/elcalaixetdelaiaia.es\/wp-content\/uploads\/2018\/04\/QUAQ8892-768x576.png 768w\" sizes=\"(max-width: 750px) 100vw, 750px\" \/><\/p>\n<p style=\"text-align: center;\">Este tipo de tarta aguanta muy bien varios d\u00edas en el frigo y resiste de maravilla la congelaci\u00f3n, incluso est\u00e1 riqu\u00edsima semi-congelada<\/p>\n<p style=\"text-align: center;\"><img decoding=\"async\" loading=\"lazy\" class=\"alignnone size-large wp-image-16938\" src=\"https:\/\/elcalaixetdelaiaia.es\/wp-content\/uploads\/2018\/04\/JMUV4691-1024x768.png\" alt=\"\" width=\"750\" height=\"563\" srcset=\"https:\/\/elcalaixetdelaiaia.es\/wp-content\/uploads\/2018\/04\/JMUV4691-1024x768.png 1024w, https:\/\/elcalaixetdelaiaia.es\/wp-content\/uploads\/2018\/04\/JMUV4691-300x225.png 300w, https:\/\/elcalaixetdelaiaia.es\/wp-content\/uploads\/2018\/04\/JMUV4691-768x576.png 768w\" sizes=\"(max-width: 750px) 100vw, 750px\" \/><\/p>\n<p style=\"text-align: center;\">y la tarta y yo&#8230;..\u00a1Nos vamos a la celebraci\u00f3n! Le vamos a dar una sorpresa a la cumplea\u00f1era \ud83d\ude09<\/p>\n<p><img decoding=\"async\" loading=\"lazy\" class=\"alignnone size-large wp-image-16944\" src=\"https:\/\/elcalaixetdelaiaia.es\/wp-content\/uploads\/2018\/05\/DLWX7220-1024x768.png\" alt=\"\" width=\"750\" height=\"563\" srcset=\"https:\/\/elcalaixetdelaiaia.es\/wp-content\/uploads\/2018\/05\/DLWX7220-1024x768.png 1024w, https:\/\/elcalaixetdelaiaia.es\/wp-content\/uploads\/2018\/05\/DLWX7220-300x225.png 300w, https:\/\/elcalaixetdelaiaia.es\/wp-content\/uploads\/2018\/05\/DLWX7220-768x576.png 768w, https:\/\/elcalaixetdelaiaia.es\/wp-content\/uploads\/2018\/05\/DLWX7220.png 2048w\" sizes=\"(max-width: 750px) 100vw, 750px\" \/><\/p>\n<p style=\"text-align: center;\">A quien le encant\u00f3 la tarta<\/p>\n<p style=\"text-align: center;\"><img decoding=\"async\" loading=\"lazy\" class=\"alignnone size-large wp-image-16939\" src=\"https:\/\/elcalaixetdelaiaia.es\/wp-content\/uploads\/2018\/04\/IMG_5325-1024x704.jpg\" alt=\"\" width=\"750\" height=\"516\" srcset=\"https:\/\/elcalaixetdelaiaia.es\/wp-content\/uploads\/2018\/04\/IMG_5325-1024x704.jpg 1024w, https:\/\/elcalaixetdelaiaia.es\/wp-content\/uploads\/2018\/04\/IMG_5325-300x206.jpg 300w, https:\/\/elcalaixetdelaiaia.es\/wp-content\/uploads\/2018\/04\/IMG_5325-768x528.jpg 768w\" sizes=\"(max-width: 750px) 100vw, 750px\" \/><\/p>\n<p style=\"text-align: center;\">\u00a0todo un \u00e9xito, aunque el corte no sali\u00f3 muy bien porque se hizo muy tarde y mi sobrino se ten\u00eda que ir al entrene y claro&#8230; ya fueron toooodo prisas<\/p>\n<p style=\"text-align: center;\"><img decoding=\"async\" loading=\"lazy\" class=\"alignnone size-large wp-image-16940\" src=\"https:\/\/elcalaixetdelaiaia.es\/wp-content\/uploads\/2018\/04\/IMG_E5323-2-1024x820.jpg\" alt=\"\" width=\"750\" height=\"601\" srcset=\"https:\/\/elcalaixetdelaiaia.es\/wp-content\/uploads\/2018\/04\/IMG_E5323-2-1024x820.jpg 1024w, https:\/\/elcalaixetdelaiaia.es\/wp-content\/uploads\/2018\/04\/IMG_E5323-2-300x240.jpg 300w, https:\/\/elcalaixetdelaiaia.es\/wp-content\/uploads\/2018\/04\/IMG_E5323-2-768x615.jpg 768w\" sizes=\"(max-width: 750px) 100vw, 750px\" \/><\/p>\n<p style=\"text-align: center;\">Pero gust\u00f3 much\u00edsimoooooooo<\/p>\n<p><img decoding=\"async\" loading=\"lazy\" class=\"alignnone size-large wp-image-16941 aligncenter\" src=\"https:\/\/elcalaixetdelaiaia.es\/wp-content\/uploads\/2018\/04\/EVYA4016-1024x814.png\" alt=\"\" width=\"750\" height=\"596\" srcset=\"https:\/\/elcalaixetdelaiaia.es\/wp-content\/uploads\/2018\/04\/EVYA4016-1024x814.png 1024w, https:\/\/elcalaixetdelaiaia.es\/wp-content\/uploads\/2018\/04\/EVYA4016-300x238.png 300w, https:\/\/elcalaixetdelaiaia.es\/wp-content\/uploads\/2018\/04\/EVYA4016-768x610.png 768w, https:\/\/elcalaixetdelaiaia.es\/wp-content\/uploads\/2018\/04\/EVYA4016.png 1554w\" sizes=\"(max-width: 750px) 100vw, 750px\" \/><\/p>\n<p>Otro maravilloso d\u00eda en familia. Mi querida Cris, gracias por todo tu cari\u00f1o y paciencia, tu cu\u00f1ado siempre dec\u00eda que eres la persona con mas paciencia que \u00e9l conoc\u00eda. Por muchos mas a\u00f1os que cumplas y siempre con esa sonrisa tan tuya en la boca. Te quiero&#8230; \u00a1os quiero! \u2764\ufe0f\u2764\ufe0f\u2764\ufe0f\u2764\ufe0f<\/p>\n<div data-blogger-escaped-style=\"text-align: center;\">\u00a0<span data-blogger-escaped-style=\"color: black;\">\u201cA la taula i\u2026\u2026..BON PROFIT!!!\u201d<\/span><\/div>\n<div data-blogger-escaped-style=\"text-align: center;\">\n<p><span data-blogger-escaped-style=\"font-family: &quot;helvetica neue&quot; , &quot;arial&quot; , &quot;helvetica&quot; , sans-serif;\">Si os gusta mi receta, pod\u00e9is compartirla para que llegue a m\u00e1s gente.Espero vuestro comentarios que para mi son MUY importantes y recordad que tambi\u00e9n estoy en Facebook <a href=\"https:\/\/www.facebook.com\/El-calaixet-de-la-iaia-533062140099386\/\">https:\/\/www.facebook.com\/El-calaixet-de-la-iaia-533062140099386\/<\/a><\/span><\/p>\n<\/div>\n<\/div>\n","protected":false},"excerpt":{"rendered":"<p>\u00abRefrany; Amor, amb amor es paga\u00bb \u00a0 Amor con amor, se paga. Tendr\u00eda dos hermanas gemelas, pero&#8230; no pudo ser y me qued\u00e9 como la \u00fanica chica. Aunque tengo unos hermanos tan maravillosamente incre\u00edbles que no hay suficientes palabras para expresarlo. Siempre he deseado tener hermanas y, aunque no son &hellip; <\/p>\n","protected":false},"author":2,"featured_media":16947,"comment_status":"open","ping_status":"open","sticky":false,"template":"","format":"standard","meta":[],"categories":[6,1],"tags":[],"_links":{"self":[{"href":"https:\/\/elcalaixetdelaiaia.es\/index.php?rest_route=\/wp\/v2\/posts\/16916"}],"collection":[{"href":"https:\/\/elcalaixetdelaiaia.es\/index.php?rest_route=\/wp\/v2\/posts"}],"about":[{"href":"https:\/\/elcalaixetdelaiaia.es\/index.php?rest_route=\/wp\/v2\/types\/post"}],"author":[{"embeddable":true,"href":"https:\/\/elcalaixetdelaiaia.es\/index.php?rest_route=\/wp\/v2\/users\/2"}],"replies":[{"embeddable":true,"href":"https:\/\/elcalaixetdelaiaia.es\/index.php?rest_route=%2Fwp%2Fv2%2Fcomments&post=16916"}],"version-history":[{"count":6,"href":"https:\/\/elcalaixetdelaiaia.es\/index.php?rest_route=\/wp\/v2\/posts\/16916\/revisions"}],"predecessor-version":[{"id":24411,"href":"https:\/\/elcalaixetdelaiaia.es\/index.php?rest_route=\/wp\/v2\/posts\/16916\/revisions\/24411"}],"wp:featuredmedia":[{"embeddable":true,"href":"https:\/\/elcalaixetdelaiaia.es\/index.php?rest_route=\/wp\/v2\/media\/16947"}],"wp:attachment":[{"href":"https:\/\/elcalaixetdelaiaia.es\/index.php?rest_route=%2Fwp%2Fv2%2Fmedia&parent=16916"}],"wp:term":[{"taxonomy":"category","embeddable":true,"href":"https:\/\/elcalaixetdelaiaia.es\/index.php?rest_route=%2Fwp%2Fv2%2Fcategories&post=16916"},{"taxonomy":"post_tag","embeddable":true,"href":"https:\/\/elcalaixetdelaiaia.es\/index.php?rest_route=%2Fwp%2Fv2%2Ftags&post=16916"}],"curies":[{"name":"wp","href":"https:\/\/api.w.org\/{rel}","templated":true}]}}