{"id":16452,"date":"2018-03-25T14:51:31","date_gmt":"2018-03-25T14:51:31","guid":{"rendered":"http:\/\/elcalaixetdelaiaia.es\/?p=16452"},"modified":"2018-03-25T16:51:38","modified_gmt":"2018-03-25T16:51:38","slug":"diumenge-de-rams-domingo-de-ramos","status":"publish","type":"post","link":"https:\/\/elcalaixetdelaiaia.es\/?p=16452","title":{"rendered":"Diumenge de rams domingo de ramos"},"content":{"rendered":"<p>\u00abRefrany;<\/p>\n<p>Hu\u00ed es diumenge, diumenge de Rams, a l&#8217;altre diumenge, la mona entre mans\u00bb<\/p>\n<p>Hoy es domingo, domingo de Ramos, al otro domingo, la mona entre mano:<\/p>\n<p>Este \u00abrefrany o dite\u00bb lo dec\u00eda mi aiaia y tambi\u00e9n el que dice que \u00abel Diumenge de Rams, qui no estrena no de mans\u00bb pero que tambi\u00e9n dec\u00eda por todos santos&#8230;.que grande era mi iaia con lo chiquitita que era.<\/p>\n<p><img decoding=\"async\" loading=\"lazy\" class=\"size-full wp-image-16455 aligncenter\" src=\"https:\/\/elcalaixetdelaiaia.es\/wp-content\/uploads\/2018\/03\/Ja-tinc-les-branques-dolivera-portades-pel-me\u00f9-pare-del-Angelsfirm.jpg\" alt=\"\" width=\"576\" height=\"960\" srcset=\"https:\/\/elcalaixetdelaiaia.es\/wp-content\/uploads\/2018\/03\/Ja-tinc-les-branques-dolivera-portades-pel-me\u00f9-pare-del-Angelsfirm.jpg 576w, https:\/\/elcalaixetdelaiaia.es\/wp-content\/uploads\/2018\/03\/Ja-tinc-les-branques-dolivera-portades-pel-me\u00f9-pare-del-Angelsfirm-180x300.jpg 180w\" sizes=\"(max-width: 576px) 100vw, 576px\" \/><\/p>\n<p>Cada a\u00f1o en casa, no faltaba la \u00abbranqueta d&#8217;olivera\u00bb, que tra\u00edan mis padres de L&#8217;Esglesia del \u00c1ngels con visita incluida a toda su familia o de la Iglesia de Santa Cecilia, cuando por la raz\u00f3n que fuere no pod\u00edan desplazarse. Mientras mis hijos fueron peque\u00f1os, no les falt\u00f3 nunca su palma, al igual que a mi nieta mayor, a la peque&#8230;.por unas cosas u otras, ya no fue posible compr\u00e1rsela ni llevarla a bendecir, pero aun est\u00e1 su iaia a tiempo para remendar \u00e9sto.<\/p>\n<p><img decoding=\"async\" loading=\"lazy\" class=\"alignnone size-large wp-image-16453\" src=\"https:\/\/elcalaixetdelaiaia.es\/wp-content\/uploads\/2018\/03\/JeroijoMaretaipalma-768x1024.jpg\" alt=\"\" width=\"750\" height=\"1000\" srcset=\"https:\/\/elcalaixetdelaiaia.es\/wp-content\/uploads\/2018\/03\/JeroijoMaretaipalma-768x1024.jpg 768w, https:\/\/elcalaixetdelaiaia.es\/wp-content\/uploads\/2018\/03\/JeroijoMaretaipalma-225x300.jpg 225w\" sizes=\"(max-width: 750px) 100vw, 750px\" \/><\/p>\n<p>Mi madre dec\u00eda que la ramita de olivera o la palma, se pon\u00eda en el balc\u00f3n para protegernos de malas cosas&#8230;ai mam\u00e1&#8230;.en fin. Muchos a\u00f1os cuando yo era peque\u00f1a \u00edbamos a comprar las palmas a la plaza de la Virgen y cuando la semana santa ca\u00eda alta como \u00e9ste a\u00f1o, aprovech\u00e1bamos la visita a la Mareta y ver su tapiz y luego manto de flores. Cuando la mami se fu\u00e9 seguimos yendo con el papi y \u00e9l era quien se encargaba de ir a llevarlas a bendecir&#8230;.sobretodo los \u00faltimos a\u00f1os en que a nosotros nos era imposible.<\/p>\n<p>Muchas veces, seguimos haciendo las cosas por tradici\u00f3n, por costumbre, por recuerdos&#8230;. y hoy me he acercado a la Iglesia de Vera, pero como iba como siempre, a todas horas y todos lados con mi perrita, (ya que no puedo dejarla sola ni un minuto porque sufre ansiedad de separaci\u00f3n), me he quedado en la puerta, claro, a los perritos no los dejan entrar en casi ning\u00fan sitio ni a\u00fan siendo peque\u00f1os y llev\u00e1ndolos en brazos y desde fuera he podido seguir un rato de misa.<\/p>\n<p><img decoding=\"async\" loading=\"lazy\" class=\"alignnone size-large wp-image-16460\" src=\"https:\/\/elcalaixetdelaiaia.es\/wp-content\/uploads\/2018\/03\/IMG_7221-2-1024x789.jpg\" alt=\"\" width=\"750\" height=\"578\" srcset=\"https:\/\/elcalaixetdelaiaia.es\/wp-content\/uploads\/2018\/03\/IMG_7221-2-1024x789.jpg 1024w, https:\/\/elcalaixetdelaiaia.es\/wp-content\/uploads\/2018\/03\/IMG_7221-2-300x231.jpg 300w, https:\/\/elcalaixetdelaiaia.es\/wp-content\/uploads\/2018\/03\/IMG_7221-2-768x592.jpg 768w\" sizes=\"(max-width: 750px) 100vw, 750px\" \/><\/p>\n<p>han salido a dar la vuelta por la placeta y cuando vuelto a entrar a la iglesia&#8230;.la han cerrado y me he quedado esperando la salida.<\/p>\n<p><img decoding=\"async\" loading=\"lazy\" class=\"alignnone size-large wp-image-16458\" src=\"https:\/\/elcalaixetdelaiaia.es\/wp-content\/uploads\/2018\/03\/IMG_7222-1024x802.jpg\" alt=\"\" width=\"750\" height=\"587\" srcset=\"https:\/\/elcalaixetdelaiaia.es\/wp-content\/uploads\/2018\/03\/IMG_7222-1024x802.jpg 1024w, https:\/\/elcalaixetdelaiaia.es\/wp-content\/uploads\/2018\/03\/IMG_7222-300x235.jpg 300w, https:\/\/elcalaixetdelaiaia.es\/wp-content\/uploads\/2018\/03\/IMG_7222-768x601.jpg 768w\" sizes=\"(max-width: 750px) 100vw, 750px\" \/><\/p>\n<p>Me he encontrado una conocida y al saludarnos y contarle lo que me hab\u00eda pasado, ha sido tan generosa y amable de compartir conmigo sus ramas de olivo, as\u00ed que de nuevo \u00e9ste a\u00f1o y en honor a mis padres, y en particular a mi padre, que mientras vivi\u00f3 se ocup\u00f3 de que nunca me faltara una ramita de olivo, las tengo en mi casa y se las llevar\u00e9 a mis nietas cuando pueda subir a verlas.<\/p>\n<p>Por vosotros, papaitos, por ti, pap\u00e1,<\/p>\n<p><img decoding=\"async\" loading=\"lazy\" class=\"size-full wp-image-16454 aligncenter\" src=\"https:\/\/elcalaixetdelaiaia.es\/wp-content\/uploads\/2018\/03\/iaioPauPalmes.jpg\" alt=\"\" width=\"310\" height=\"717\" srcset=\"https:\/\/elcalaixetdelaiaia.es\/wp-content\/uploads\/2018\/03\/iaioPauPalmes.jpg 310w, https:\/\/elcalaixetdelaiaia.es\/wp-content\/uploads\/2018\/03\/iaioPauPalmes-130x300.jpg 130w\" sizes=\"(max-width: 310px) 100vw, 310px\" \/><\/p>\n<p>este a\u00f1o tampoco me faltan \u00ables branquetes d&#8217;olivera\u00bb sigo con la tradici\u00f3n de la mam\u00e1, colgar\u00e9 una en el balc\u00f3n y les llevar\u00e9 el resto a vuestras bisnietas<\/p>\n<p><img decoding=\"async\" loading=\"lazy\" class=\"alignnone size-large wp-image-16459\" src=\"https:\/\/elcalaixetdelaiaia.es\/wp-content\/uploads\/2018\/03\/XDWL0137-918x1024.png\" alt=\"\" width=\"750\" height=\"837\" srcset=\"https:\/\/elcalaixetdelaiaia.es\/wp-content\/uploads\/2018\/03\/XDWL0137-918x1024.png 918w, https:\/\/elcalaixetdelaiaia.es\/wp-content\/uploads\/2018\/03\/XDWL0137-269x300.png 269w, https:\/\/elcalaixetdelaiaia.es\/wp-content\/uploads\/2018\/03\/XDWL0137-768x857.png 768w\" sizes=\"(max-width: 750px) 100vw, 750px\" \/><\/p>\n","protected":false},"excerpt":{"rendered":"<p>\u00abRefrany; Hu\u00ed es diumenge, diumenge de Rams, a l&#8217;altre diumenge, la mona entre mans\u00bb Hoy es domingo, domingo de Ramos, al otro domingo, la mona entre mano: Este \u00abrefrany o dite\u00bb lo dec\u00eda mi aiaia y tambi\u00e9n el que dice que \u00abel Diumenge de Rams, qui no estrena no de &hellip; <\/p>\n","protected":false},"author":2,"featured_media":16459,"comment_status":"open","ping_status":"open","sticky":false,"template":"","format":"standard","meta":[],"categories":[23,1,47],"tags":[],"_links":{"self":[{"href":"https:\/\/elcalaixetdelaiaia.es\/index.php?rest_route=\/wp\/v2\/posts\/16452"}],"collection":[{"href":"https:\/\/elcalaixetdelaiaia.es\/index.php?rest_route=\/wp\/v2\/posts"}],"about":[{"href":"https:\/\/elcalaixetdelaiaia.es\/index.php?rest_route=\/wp\/v2\/types\/post"}],"author":[{"embeddable":true,"href":"https:\/\/elcalaixetdelaiaia.es\/index.php?rest_route=\/wp\/v2\/users\/2"}],"replies":[{"embeddable":true,"href":"https:\/\/elcalaixetdelaiaia.es\/index.php?rest_route=%2Fwp%2Fv2%2Fcomments&post=16452"}],"version-history":[{"count":5,"href":"https:\/\/elcalaixetdelaiaia.es\/index.php?rest_route=\/wp\/v2\/posts\/16452\/revisions"}],"predecessor-version":[{"id":21053,"href":"https:\/\/elcalaixetdelaiaia.es\/index.php?rest_route=\/wp\/v2\/posts\/16452\/revisions\/21053"}],"wp:featuredmedia":[{"embeddable":true,"href":"https:\/\/elcalaixetdelaiaia.es\/index.php?rest_route=\/wp\/v2\/media\/16459"}],"wp:attachment":[{"href":"https:\/\/elcalaixetdelaiaia.es\/index.php?rest_route=%2Fwp%2Fv2%2Fmedia&parent=16452"}],"wp:term":[{"taxonomy":"category","embeddable":true,"href":"https:\/\/elcalaixetdelaiaia.es\/index.php?rest_route=%2Fwp%2Fv2%2Fcategories&post=16452"},{"taxonomy":"post_tag","embeddable":true,"href":"https:\/\/elcalaixetdelaiaia.es\/index.php?rest_route=%2Fwp%2Fv2%2Ftags&post=16452"}],"curies":[{"name":"wp","href":"https:\/\/api.w.org\/{rel}","templated":true}]}}