{"id":16357,"date":"2018-03-17T18:48:55","date_gmt":"2018-03-17T18:48:55","guid":{"rendered":"http:\/\/elcalaixetdelaiaia.es\/?p=16357"},"modified":"2026-03-03T09:38:21","modified_gmt":"2026-03-03T09:38:21","slug":"como-colocar-un-monyo-cosido-de-fallera-valenciana-paso-a-paso","status":"publish","type":"post","link":"https:\/\/elcalaixetdelaiaia.es\/?p=16357","title":{"rendered":"Como colocar un monyo cosido de valenciana paso a paso foto a foto"},"content":{"rendered":"<p style=\"text-align: left;\">\u00abCan\u00e7oneta; No li toques la pinta, ni el monyo tampoc, la pinta \u00e9s de plata, i el monyo \u00e9s d&#8217;or&#8230;\u00bb No le toques la peineta, ni el mo\u00f1o tampoco, la peineta es de plata, y el mo\u00f1o es de oro.<\/p>\n<p style=\"text-align: center;\">\u00a0Tengo un bomb\u00f3n de amiga que adem\u00e1s es mi vecina, con nombre de reina, aunque ella es una verdadera princesita, que esta noche ir\u00e1 a la ofrenda, y su mami que tambi\u00e9n es amiga y vecina,\u00a0 me pidi\u00f3 que la peinara con mo\u00f1o cosido, as\u00ed que c\u00f3mo ni he tenido que coger el bus, ni andar mucho, (s\u00f3lo bajar un piso), la he peinado \u00e9sta ma\u00f1ana con todo mi cari\u00f1o, y su mami, me ha ayudado a tomar en fotos el paso paso, para poder publicarlo en mi blog, ya que sois muchas quienes me lo ped\u00eds.<\/p>\n<p style=\"text-align: center;\"><img decoding=\"async\" loading=\"lazy\" class=\"alignnone size-large wp-image-16371\" src=\"https:\/\/elcalaixetdelaiaia.es\/wp-content\/uploads\/2018\/03\/LDQW0023-1024x768.png\" alt=\"\" width=\"750\" height=\"563\" srcset=\"https:\/\/elcalaixetdelaiaia.es\/wp-content\/uploads\/2018\/03\/LDQW0023-1024x768.png 1024w, https:\/\/elcalaixetdelaiaia.es\/wp-content\/uploads\/2018\/03\/LDQW0023-300x225.png 300w, https:\/\/elcalaixetdelaiaia.es\/wp-content\/uploads\/2018\/03\/LDQW0023-768x576.png 768w, https:\/\/elcalaixetdelaiaia.es\/wp-content\/uploads\/2018\/03\/LDQW0023.png 2048w\" sizes=\"(max-width: 750px) 100vw, 750px\" \/><\/p>\n<p style=\"text-align: center;\">Tengo pendiente de publicar la entrada del como peinar y hacer el monyo de valenciana, me ayud\u00f3 tambi\u00e9n una amiga muy especial a hacer el paso a paso mientras peinaba a otra, pero justo fue el d\u00eda que naci\u00f3 mi nieta peque\u00f1a, yo estaba supernerviosa y no me sali\u00f3 el peinado como deb\u00eda, como para hacer una publicaci\u00f3n, aunque si para lucirlo, por supuesto&#8230; aunque, voy a buscar las fotos y subir la entrada por si os puede ser de ayuda porque me lo ped\u00eds muchiiiiiiisimas, pero bueno, hoy publico \u00e9ste post deprisa y corriendo, para ver si llego a tiempo y os puede servir y me meto en la cocina, que tengo las tartas de cumple de mi sobrino y mi nieta sin hacer, y son para pasado ma\u00f1ana, d\u00eda de San Jos\u00e9, ya que ambos nacieron ese maravilloso y valenciano d\u00eda. Mareee ya puedo correr ya, voy siempre a mil, para tener la mente ocupada y cojo mas cosas de las que puedo abarcar&#8230; buffffff<\/p>\n<p>Tambi\u00e9n quiero deciros, que depende del largo de pelo, el \u00abmonyo\u00bb lo coloco de una manera u otra, pero esta es de las que me vale para casi todos.<\/p>\n<p>A la ofrenda de la Virgen del Pilar en Zaragoza, fui vestida de valenciana, por una promesa, y gracias a dos buenos amigos, (con taller de peinetas e indumentaria valenciana), que tuvieron la amabilidad de invitarme, y a qui\u00e9n siempre estar\u00e9 agradecida, con la Casa de la Comunidad Valenciana en Zaragoza, y me pein\u00e9 yo misma, en casa, de madrugada, antes de coger el autob\u00fas a Zaragoza, con un monyo cosido, llevando el pelo cortado completamente como llamamos \u00aba lo chico\u00bb, por un tratamiento m\u00e9dico, y para el Pilar no me hab\u00eda crecido mucho, pero con apenas 2cm. de pelo y otras zonas con ni siquiera 2cm. Tuve que utilizar otra t\u00e9cnica y os puedo asegurar que fui correctamente peinada mas de 24 horas, con mi monyo de pataqueta, aunque para mi tranquilidad, me puse una cofia bajo de la mantilla en el momento de la ofrenda, pero el resto del tiempo fui con mi mo\u00f1o tan contenta, correcta y feliz, y tengo personas que lo pueden atestiguar. A base de montones de zaragatona, y de mini coletitas y paciencia, lo logr\u00e9, a ver si un d\u00eda hago un post al respecto, porque se que quien tenga el problema que yo atraves\u00e9 en ese momento&#8230; toda ayuda es poca.<\/p>\n<p>Lo ideal es el pelo reci\u00e9n hecho, claro, eso por descontado, peroooo hay muuuchas circunstancias en las que eso no es posible, y hay que buscar opciones, para que esas circunstancias, no sean motivo, para no vestirse de valenciana, o poder llevar nuestras flores a la Mareta, no debemos generalizar, cada persona tiene una historia.<\/p>\n<p>Como os digo siempre, no soy profesional de nada, ni pretendo dar lecciones de nada, solo comparto lo que se, por si pens\u00e1is que os puede ser de ayuda. Cada cual tendr\u00e1 su manera de hacer las cosas y todas son v\u00e1lidas, esta no es ni mejor, ni peor, simplemente es la m\u00eda (una de las m\u00edas) y la comparto con todos vosotros, por si os es de utilidad.<\/p>\n<p style=\"text-align: left;\">Necesitaremos;<\/p>\n<ol style=\"text-align: center;\">\n<li style=\"text-align: left;\">Si es posible zaragatona<\/li>\n<li style=\"text-align: left;\">En caso contrario gomina fuerte<\/li>\n<li style=\"text-align: left;\">Goma gruesa con puntas de garfio<\/li>\n<li style=\"text-align: left;\">Peine de p\u00faas finas<\/li>\n<li style=\"text-align: left;\">Espasa i can\u00f2 i pinta<\/li>\n<li style=\"text-align: left;\">Ganchos de topo lisos, ondulado, invisibles y de clip<\/li>\n<li style=\"text-align: left;\">Una redecilla<\/li>\n<li style=\"text-align: left;\">Por supuesto un \u00abmonyo\u00bb cosido, si es posible, no muy grande y de pataqueta.<\/li>\n<\/ol>\n<p style=\"text-align: center;\"><img decoding=\"async\" loading=\"lazy\" class=\"alignnone size-large wp-image-16369\" src=\"https:\/\/elcalaixetdelaiaia.es\/wp-content\/uploads\/2018\/03\/TUCF3228-1024x768.png\" alt=\"\" width=\"750\" height=\"563\" srcset=\"https:\/\/elcalaixetdelaiaia.es\/wp-content\/uploads\/2018\/03\/TUCF3228-1024x768.png 1024w, https:\/\/elcalaixetdelaiaia.es\/wp-content\/uploads\/2018\/03\/TUCF3228-300x225.png 300w, https:\/\/elcalaixetdelaiaia.es\/wp-content\/uploads\/2018\/03\/TUCF3228-768x576.png 768w, https:\/\/elcalaixetdelaiaia.es\/wp-content\/uploads\/2018\/03\/TUCF3228.png 2048w\" sizes=\"(max-width: 750px) 100vw, 750px\" \/><\/p>\n<p style=\"text-align: center;\">En mi opini\u00f3n el monyo este, es demasiado grande, como le he dicho a su mami, pero como es el tama\u00f1o que les aconsejaron donde lo compr\u00f3&#8230; pues nada, es lo que llevan nuestras representantes, y hay que vender muchas mallas&#8230;en fin. Habr\u00e1 que descoserlo, y quitarle mallas, cuando sea posible. Como mis seguidores sab\u00e9is, abogo por la indumentaria y peinados tradicionales. Aparte de por l\u00f3gica ya que esos mo\u00f1os enooormes que llevan much\u00ediiiiiiisimas mujeres, son completamente antinaturales, pues aunque nuestras antepasadas no se cortaban nunca el pelo, (de no ser por enfermedad, o que debido a la falta de higiene sol\u00edan tener \u00abhu\u00e9spedes\u00bb), era imposible tener la suficiente largaria del mismo, para confeccionar un mo\u00f1o de semejante tama\u00f1o. Si lo pensamos detenidamente, nos daremos cuenta de que es materialmente <strong>i m p o s i b l e,<\/strong> y menos a\u00fan \u00a1<strong>con rodetes<\/strong>! encima por aquellos tiempos, no se usaban mallas&#8230; bueno, en todo caso pelucas y la corte, porque el pueblo llano no, as\u00ed que no se de donde se han podido sacar esas enormidades de mo\u00f1os, pero vamos que il\u00f3gico total total total&#8230; vamos&#8230; que <strong>noooooo<\/strong>.<\/p>\n<p style=\"text-align: center;\">Lo ideal y lo perfecto es un mo\u00f1o natural reci\u00e9n hecho, peroooo muchas veces no es posible por distintos motivos y en ese caso podemos echar mano del mo\u00f1o cosido, pero favor, que tenga un aspecto lo mas natural posible, no que sea de cart\u00f3n-piedra, sino blandito y manejable como si fuera realmente peinado al momento. Siete mallas, (m\u00e1ximo ocho, si es pelo del de antes, que eran mallas mas cortas), seis para las dos trenzas y una para el ocho y el relleno.<\/p>\n<p style=\"text-align: center;\">Aqu\u00ed hice una entrada r\u00e1pida de como hacer un monyo cosido en casa<\/p>\n<p><a href=\"https:\/\/elcalaixetdelaiaia.es\/?p=681\">https:\/\/elcalaixetdelaiaia.es\/?p=681<\/a><\/p>\n<p style=\"text-align: center;\">Un tama\u00f1o adecuado de \u00abmonyo\u00bb para una adulta necesitar\u00e1 dos mallas para el ocho y el relleno y seis para dos trenzas, total un m\u00e1ximo de ocho mallas o su equivalente en pelo largo natural, \u00a1<strong>nada m\u00e1s<\/strong>!, la forma del mo\u00f1o ha de ser \u201c<strong>de pataqueta<\/strong>\u201d&#8230; y en serio, \u00bfque decir de los horribles rodetes que pusieron de moda hace a\u00f1os, y cada vez son m\u00e1s plasticosos, y artificiales? y a muchas, como les hacen el monyo trasero tan enorme, les acaban montando unos encima de otros, naruralidad y l\u00f3gica cero patatero, he llevado rodetes, hechos con mi pelo o\/y mis mallas en el momento, por mi madre y luego por mi misma, y bien pegaditos a la oreja, incluso cosidos por mi,\u00a0 pero naturales, que si se puede, pero claro&#8230; no son los de moda que parecen CD y no es lo que gusta, y ya no hablo de esas ondas, lo veo en mi opini\u00f3n taaan artificial, que no puedo dejar de dar mi opini\u00f3n pero en fin, cada cual que se peine y se vista como quiera \u00bfque vamos a hacer?<\/p>\n<p style=\"text-align: center;\">Un ratito antes de ir a colocarlo, pondremos un bol, o taz\u00f3n de desayuno boca abajo, rociaremos el mo\u00f1o por dentro con laca y lo dejaremos sobre el taz\u00f3n para que quede con la forma de la cabeza.<\/p>\n<p style=\"text-align: center;\"><img decoding=\"async\" loading=\"lazy\" class=\"alignnone size-large wp-image-16358\" src=\"https:\/\/elcalaixetdelaiaia.es\/wp-content\/uploads\/2018\/03\/CKUV0353-1024x768.png\" alt=\"\" width=\"750\" height=\"563\" srcset=\"https:\/\/elcalaixetdelaiaia.es\/wp-content\/uploads\/2018\/03\/CKUV0353-1024x768.png 1024w, https:\/\/elcalaixetdelaiaia.es\/wp-content\/uploads\/2018\/03\/CKUV0353-300x225.png 300w, https:\/\/elcalaixetdelaiaia.es\/wp-content\/uploads\/2018\/03\/CKUV0353-768x576.png 768w\" sizes=\"(max-width: 750px) 100vw, 750px\" \/><\/p>\n<p style=\"text-align: center;\">Cepillaremos a fondo el cabello<\/p>\n<p style=\"text-align: center;\"><img decoding=\"async\" loading=\"lazy\" class=\"alignnone size-large wp-image-16366\" src=\"https:\/\/elcalaixetdelaiaia.es\/wp-content\/uploads\/2018\/03\/NTFX0092-1024x768.png\" alt=\"\" width=\"750\" height=\"563\" srcset=\"https:\/\/elcalaixetdelaiaia.es\/wp-content\/uploads\/2018\/03\/NTFX0092-1024x768.png 1024w, https:\/\/elcalaixetdelaiaia.es\/wp-content\/uploads\/2018\/03\/NTFX0092-300x225.png 300w, https:\/\/elcalaixetdelaiaia.es\/wp-content\/uploads\/2018\/03\/NTFX0092-768x576.png 768w\" sizes=\"(max-width: 750px) 100vw, 750px\" \/><\/p>\n<p style=\"text-align: center;\">y lo ideal ahora ser\u00eda usar la zaragatona que se prepara como indico en este post<\/p>\n<p><a href=\"https:\/\/elcalaixetdelaiaia.es\/?p=962\">https:\/\/elcalaixetdelaiaia.es\/?p=962<\/a><\/p>\n<p style=\"text-align: center;\">peeeeroooo, todo surgi\u00f3 de repente, porque yo no ten\u00eda pensado estar en Val\u00e9ncia este a\u00f1o, y mi amiga, no encontr\u00f3 por la zona quien le pusiera el monyo a la nena, por tanto,\u00a0 como no ha sido posible ir a comprarla y prepararlo y \u00abcuando no hay lomo, de todo como\u00bb<\/p>\n<p style=\"text-align: center;\"><img decoding=\"async\" loading=\"lazy\" class=\"alignnone size-large wp-image-16360\" src=\"https:\/\/elcalaixetdelaiaia.es\/wp-content\/uploads\/2018\/03\/SUTQ3515-1024x768.png\" alt=\"\" width=\"750\" height=\"563\" srcset=\"https:\/\/elcalaixetdelaiaia.es\/wp-content\/uploads\/2018\/03\/SUTQ3515-1024x768.png 1024w, https:\/\/elcalaixetdelaiaia.es\/wp-content\/uploads\/2018\/03\/SUTQ3515-300x225.png 300w, https:\/\/elcalaixetdelaiaia.es\/wp-content\/uploads\/2018\/03\/SUTQ3515-768x576.png 768w\" sizes=\"(max-width: 750px) 100vw, 750px\" \/><\/p>\n<p style=\"text-align: center;\">vamos a utilizar una gomina fuerte<\/p>\n<p style=\"text-align: center;\"><img decoding=\"async\" loading=\"lazy\" class=\"alignnone size-large wp-image-16368\" src=\"https:\/\/elcalaixetdelaiaia.es\/wp-content\/uploads\/2018\/03\/DSWV9357-1024x817.png\" alt=\"\" width=\"750\" height=\"598\" srcset=\"https:\/\/elcalaixetdelaiaia.es\/wp-content\/uploads\/2018\/03\/DSWV9357-1024x817.png 1024w, https:\/\/elcalaixetdelaiaia.es\/wp-content\/uploads\/2018\/03\/DSWV9357-300x239.png 300w, https:\/\/elcalaixetdelaiaia.es\/wp-content\/uploads\/2018\/03\/DSWV9357-768x613.png 768w\" sizes=\"(max-width: 750px) 100vw, 750px\" \/><\/p>\n<p style=\"text-align: center;\">ponemos una cantidad generosa sobretodo en la zona del pelo donde no ir\u00e1 el mo\u00f1o, para el pelo quede lo mas pegadito posible, aunque luego ir\u00e1 en este caso la mantilla, ya que va a la ofrenda y hay quien piense que no importa, no estoy de acuerdo, bajo de la mantilla (o de la cofia o barret), sea de encaje, mitjalluna, toballa o cualquier otra, el trabajo ha de estar lo mejor posible<\/p>\n<p style=\"text-align: center;\"><img decoding=\"async\" loading=\"lazy\" class=\"alignnone size-large wp-image-16367\" src=\"https:\/\/elcalaixetdelaiaia.es\/wp-content\/uploads\/2018\/03\/SZMY0421-1024x768.png\" alt=\"\" width=\"750\" height=\"563\" srcset=\"https:\/\/elcalaixetdelaiaia.es\/wp-content\/uploads\/2018\/03\/SZMY0421-1024x768.png 1024w, https:\/\/elcalaixetdelaiaia.es\/wp-content\/uploads\/2018\/03\/SZMY0421-300x225.png 300w, https:\/\/elcalaixetdelaiaia.es\/wp-content\/uploads\/2018\/03\/SZMY0421-768x576.png 768w\" sizes=\"(max-width: 750px) 100vw, 750px\" \/><\/p>\n<p style=\"text-align: center;\">vamos a peinar hoy con el pelo todo tirado hacia atr\u00e1s, pero podemos hacerlo tambi\u00e9n con raya al medio,\u00a0 estiraremos muy bien con un peine de p\u00faas fino, procurando que no queden \u00abbonys\u00bb como decia mi mami&#8230;<\/p>\n<p style=\"text-align: center;\"><img decoding=\"async\" loading=\"lazy\" class=\"alignnone size-large wp-image-16372\" src=\"https:\/\/elcalaixetdelaiaia.es\/wp-content\/uploads\/2018\/03\/XHOD9091-1024x796.png\" alt=\"\" width=\"750\" height=\"583\" srcset=\"https:\/\/elcalaixetdelaiaia.es\/wp-content\/uploads\/2018\/03\/XHOD9091-1024x796.png 1024w, https:\/\/elcalaixetdelaiaia.es\/wp-content\/uploads\/2018\/03\/XHOD9091-300x233.png 300w, https:\/\/elcalaixetdelaiaia.es\/wp-content\/uploads\/2018\/03\/XHOD9091-768x597.png 768w\" sizes=\"(max-width: 750px) 100vw, 750px\" \/><\/p>\n<p style=\"text-align: center;\">la altura ideal de la coleta para un monyo de tama\u00f1o adecuado, viene a ser la que quede tomando como referencia, la mitad de las orejas, tanto para colocar un mo\u00f1o cosido, c\u00f3mo para hacerlo con mallas al momento. pero esto es para un monyo tradicional de pataqueta y de tama\u00f1o l\u00f3gico,<\/p>\n<p style=\"text-align: center;\"><img decoding=\"async\" loading=\"lazy\" class=\"alignnone size-large wp-image-16370\" src=\"https:\/\/elcalaixetdelaiaia.es\/wp-content\/uploads\/2018\/03\/DZPA4092-1024x692.png\" alt=\"\" width=\"750\" height=\"507\" srcset=\"https:\/\/elcalaixetdelaiaia.es\/wp-content\/uploads\/2018\/03\/DZPA4092-1024x692.png 1024w, https:\/\/elcalaixetdelaiaia.es\/wp-content\/uploads\/2018\/03\/DZPA4092-300x203.png 300w, https:\/\/elcalaixetdelaiaia.es\/wp-content\/uploads\/2018\/03\/DZPA4092-768x519.png 768w\" sizes=\"(max-width: 750px) 100vw, 750px\" \/><\/p>\n<p style=\"text-align: center;\">como este es del tama\u00f1o grande (aunque hay otros mucho m\u00e1s grandes) hago la coleta m\u00e1s alta, para que al colocar el monyo, no le quede tan abajo como veo muchos, que casi apoyan sobre los hombros&#8230;<\/p>\n<p style=\"text-align: center;\"><img decoding=\"async\" loading=\"lazy\" class=\"alignnone size-large wp-image-16373\" src=\"https:\/\/elcalaixetdelaiaia.es\/wp-content\/uploads\/2018\/03\/GYER6576-1024x751.png\" alt=\"\" width=\"750\" height=\"550\" srcset=\"https:\/\/elcalaixetdelaiaia.es\/wp-content\/uploads\/2018\/03\/GYER6576-1024x751.png 1024w, https:\/\/elcalaixetdelaiaia.es\/wp-content\/uploads\/2018\/03\/GYER6576-300x220.png 300w, https:\/\/elcalaixetdelaiaia.es\/wp-content\/uploads\/2018\/03\/GYER6576-768x563.png 768w\" sizes=\"(max-width: 750px) 100vw, 750px\" \/><\/p>\n<p style=\"text-align: center;\">sujetaremos fuertemente la coleta con una mano y con la otra colocaremos la goma de garfio junto a la cabeza y daremos cuantas vueltas tirantes nos d\u00e9 la goma, colocando el garfio del otro extremo, entre la goma y la cabeza<\/p>\n<p style=\"text-align: center;\"><img decoding=\"async\" loading=\"lazy\" class=\"alignnone size-large wp-image-16378\" src=\"https:\/\/elcalaixetdelaiaia.es\/wp-content\/uploads\/2018\/03\/ANBM4277-1024x768.png\" alt=\"\" width=\"750\" height=\"563\" srcset=\"https:\/\/elcalaixetdelaiaia.es\/wp-content\/uploads\/2018\/03\/ANBM4277-1024x768.png 1024w, https:\/\/elcalaixetdelaiaia.es\/wp-content\/uploads\/2018\/03\/ANBM4277-300x225.png 300w, https:\/\/elcalaixetdelaiaia.es\/wp-content\/uploads\/2018\/03\/ANBM4277-768x576.png 768w\" sizes=\"(max-width: 750px) 100vw, 750px\" \/><\/p>\n<p style=\"text-align: center;\">y comprobando que la coleta quede sujeta y firme pero no apriete demasiado, pues puede producir dolor de cabeza innecesario<\/p>\n<p style=\"text-align: center;\"><img decoding=\"async\" loading=\"lazy\" class=\"alignnone size-large wp-image-16375\" src=\"https:\/\/elcalaixetdelaiaia.es\/wp-content\/uploads\/2018\/03\/VVTD4568-1024x768.png\" alt=\"\" width=\"750\" height=\"563\" srcset=\"https:\/\/elcalaixetdelaiaia.es\/wp-content\/uploads\/2018\/03\/VVTD4568-1024x768.png 1024w, https:\/\/elcalaixetdelaiaia.es\/wp-content\/uploads\/2018\/03\/VVTD4568-300x225.png 300w, https:\/\/elcalaixetdelaiaia.es\/wp-content\/uploads\/2018\/03\/VVTD4568-768x576.png 768w\" sizes=\"(max-width: 750px) 100vw, 750px\" \/><\/p>\n<p style=\"text-align: center;\">colocaremos a \u00e1mbos lados de la cabeza dos clips que queden a media distancia aproximada entre la oreja y la coleta<\/p>\n<p style=\"text-align: center;\"><img decoding=\"async\" loading=\"lazy\" class=\"alignnone size-large wp-image-16374\" src=\"https:\/\/elcalaixetdelaiaia.es\/wp-content\/uploads\/2018\/03\/IFJU7654-1024x768.png\" alt=\"\" width=\"750\" height=\"563\" srcset=\"https:\/\/elcalaixetdelaiaia.es\/wp-content\/uploads\/2018\/03\/IFJU7654-1024x768.png 1024w, https:\/\/elcalaixetdelaiaia.es\/wp-content\/uploads\/2018\/03\/IFJU7654-300x225.png 300w, https:\/\/elcalaixetdelaiaia.es\/wp-content\/uploads\/2018\/03\/IFJU7654-768x576.png 768w\" sizes=\"(max-width: 750px) 100vw, 750px\" \/><\/p>\n<p style=\"text-align: center;\">estiraremos la redecilla y colocaremos el cabello de la coleta dentro<\/p>\n<p style=\"text-align: center;\"><img decoding=\"async\" loading=\"lazy\" class=\"alignnone size-large wp-image-16377\" src=\"https:\/\/elcalaixetdelaiaia.es\/wp-content\/uploads\/2018\/03\/SACA4857-1024x768.png\" alt=\"\" width=\"750\" height=\"563\" srcset=\"https:\/\/elcalaixetdelaiaia.es\/wp-content\/uploads\/2018\/03\/SACA4857-1024x768.png 1024w, https:\/\/elcalaixetdelaiaia.es\/wp-content\/uploads\/2018\/03\/SACA4857-300x225.png 300w, https:\/\/elcalaixetdelaiaia.es\/wp-content\/uploads\/2018\/03\/SACA4857-768x576.png 768w\" sizes=\"(max-width: 750px) 100vw, 750px\" \/><\/p>\n<p style=\"text-align: center;\">subimos la redecilla hacia arriba y giramos cada extremo de la misma, como enroll\u00e1ndolos, enganch\u00e1ndolos en cada uno de los ganchos que hemos puesto en los laterales<\/p>\n<p style=\"text-align: center;\"><img decoding=\"async\" loading=\"lazy\" class=\"alignnone size-large wp-image-16376\" src=\"https:\/\/elcalaixetdelaiaia.es\/wp-content\/uploads\/2018\/03\/HKHC1201-1024x768.png\" alt=\"\" width=\"750\" height=\"563\" srcset=\"https:\/\/elcalaixetdelaiaia.es\/wp-content\/uploads\/2018\/03\/HKHC1201-1024x768.png 1024w, https:\/\/elcalaixetdelaiaia.es\/wp-content\/uploads\/2018\/03\/HKHC1201-300x225.png 300w, https:\/\/elcalaixetdelaiaia.es\/wp-content\/uploads\/2018\/03\/HKHC1201-768x576.png 768w\" sizes=\"(max-width: 750px) 100vw, 750px\" \/><\/p>\n<p style=\"text-align: center;\">como veis en las im\u00e1genes<\/p>\n<p style=\"text-align: center;\"><img decoding=\"async\" loading=\"lazy\" class=\"alignnone size-large wp-image-16379\" src=\"https:\/\/elcalaixetdelaiaia.es\/wp-content\/uploads\/2018\/03\/VHMX1932-1024x721.png\" alt=\"\" width=\"750\" height=\"528\" srcset=\"https:\/\/elcalaixetdelaiaia.es\/wp-content\/uploads\/2018\/03\/VHMX1932-1024x721.png 1024w, https:\/\/elcalaixetdelaiaia.es\/wp-content\/uploads\/2018\/03\/VHMX1932-300x211.png 300w, https:\/\/elcalaixetdelaiaia.es\/wp-content\/uploads\/2018\/03\/VHMX1932-768x541.png 768w\" sizes=\"(max-width: 750px) 100vw, 750px\" \/><\/p>\n<p style=\"text-align: center;\">Ahora sujetaremos con ganchos el cabello y la redecilla<\/p>\n<p style=\"text-align: center;\"><img decoding=\"async\" loading=\"lazy\" class=\"alignnone size-large wp-image-16380\" src=\"https:\/\/elcalaixetdelaiaia.es\/wp-content\/uploads\/2018\/03\/PAOX7180-1024x768.png\" alt=\"\" width=\"750\" height=\"563\" srcset=\"https:\/\/elcalaixetdelaiaia.es\/wp-content\/uploads\/2018\/03\/PAOX7180-1024x768.png 1024w, https:\/\/elcalaixetdelaiaia.es\/wp-content\/uploads\/2018\/03\/PAOX7180-300x225.png 300w, https:\/\/elcalaixetdelaiaia.es\/wp-content\/uploads\/2018\/03\/PAOX7180-768x576.png 768w\" sizes=\"(max-width: 750px) 100vw, 750px\" \/><\/p>\n<p style=\"text-align: center;\">en las zonas laterales y la parte de abajo, pero teniendo en cuenta dejar libre de ganchos la parte de arriba, para poder introducir luego la \u00abpinta\u00bb sin problemas<\/p>\n<p style=\"text-align: center;\"><img decoding=\"async\" loading=\"lazy\" class=\"alignnone size-large wp-image-16381\" src=\"https:\/\/elcalaixetdelaiaia.es\/wp-content\/uploads\/2018\/03\/PUHV8452-1024x752.png\" alt=\"\" width=\"750\" height=\"551\" srcset=\"https:\/\/elcalaixetdelaiaia.es\/wp-content\/uploads\/2018\/03\/PUHV8452-1024x752.png 1024w, https:\/\/elcalaixetdelaiaia.es\/wp-content\/uploads\/2018\/03\/PUHV8452-300x220.png 300w, https:\/\/elcalaixetdelaiaia.es\/wp-content\/uploads\/2018\/03\/PUHV8452-768x564.png 768w\" sizes=\"(max-width: 750px) 100vw, 750px\" \/><\/p>\n<p style=\"text-align: center;\">colocaremos los ganchos necesarios para aplastar lo mas posible el pelo y que no abulte demasiado, otra manera ser\u00eda dejando toda la coleta hacia abajo y una vez colocado el monyo, ir enrollando el pelo nuestro alrededor de la parte interna del monyo y escondi\u00e9ndolo con ganchos, eso ya, a gusto del portador o del peinador.<\/p>\n<p style=\"text-align: center;\"><img decoding=\"async\" loading=\"lazy\" class=\"alignnone size-large wp-image-16382\" src=\"https:\/\/elcalaixetdelaiaia.es\/wp-content\/uploads\/2018\/03\/GWML7514-1024x768.png\" alt=\"\" width=\"750\" height=\"563\" srcset=\"https:\/\/elcalaixetdelaiaia.es\/wp-content\/uploads\/2018\/03\/GWML7514-1024x768.png 1024w, https:\/\/elcalaixetdelaiaia.es\/wp-content\/uploads\/2018\/03\/GWML7514-300x225.png 300w, https:\/\/elcalaixetdelaiaia.es\/wp-content\/uploads\/2018\/03\/GWML7514-768x576.png 768w\" sizes=\"(max-width: 750px) 100vw, 750px\" \/><\/p>\n<p style=\"text-align: center;\">centraremos el mo\u00f1o, (que en la foto parece mas grande lo que es realmente, porque es un primer plano)<\/p>\n<p style=\"text-align: center;\">aunque de todas formas, (insisto nuevamente), os recomiendo un mo\u00f1o de pataqueta, un poco mas peque\u00f1o,<\/p>\n<p style=\"text-align: center;\"><img decoding=\"async\" loading=\"lazy\" class=\"alignnone size-large wp-image-16383\" src=\"https:\/\/elcalaixetdelaiaia.es\/wp-content\/uploads\/2018\/03\/DSQB6535-1024x768.png\" alt=\"\" width=\"750\" height=\"563\" srcset=\"https:\/\/elcalaixetdelaiaia.es\/wp-content\/uploads\/2018\/03\/DSQB6535-1024x768.png 1024w, https:\/\/elcalaixetdelaiaia.es\/wp-content\/uploads\/2018\/03\/DSQB6535-300x225.png 300w, https:\/\/elcalaixetdelaiaia.es\/wp-content\/uploads\/2018\/03\/DSQB6535-768x576.png 768w\" sizes=\"(max-width: 750px) 100vw, 750px\" \/><\/p>\n<p style=\"text-align: center;\">pasaremos \u00abl<span class=\"st\">&#8216;<em>espasa\u00bb <\/em>que es la pieza que parece un pincho, por uno de los huequitos junto al ocho , tras haberla doblado un poquito para que haga presi\u00f3n y evitar que se pierda, asegur\u00e1ndonos de que pase entre la goma y la cabeza y sacando por el otro hueco de \u00abmonyo\u00bb, con much\u00edsimo cuidado pero sin miedo alguno, pues si lo pas\u00e1is as\u00ed, no hace el m\u00ednimo da\u00f1o, en absoluto. He visto peluquero\/as que pasan primero el can\u00f3 (buffff) noooo, as\u00ed noooo, primero l&#8217;espasa por Dios.<\/span><\/p>\n<p style=\"text-align: center;\"><img decoding=\"async\" loading=\"lazy\" class=\"alignnone size-large wp-image-16384\" src=\"https:\/\/elcalaixetdelaiaia.es\/wp-content\/uploads\/2018\/03\/EJAR1946-1024x769.png\" alt=\"\" width=\"750\" height=\"563\" srcset=\"https:\/\/elcalaixetdelaiaia.es\/wp-content\/uploads\/2018\/03\/EJAR1946-1024x769.png 1024w, https:\/\/elcalaixetdelaiaia.es\/wp-content\/uploads\/2018\/03\/EJAR1946-300x225.png 300w, https:\/\/elcalaixetdelaiaia.es\/wp-content\/uploads\/2018\/03\/EJAR1946-768x577.png 768w\" sizes=\"(max-width: 750px) 100vw, 750px\" \/><\/p>\n<p style=\"text-align: center;\">es ahora cuando introduciremos \u00abel can\u00f2\u00bb dentro de \u00abl&#8217;espasa\u00bb dando vueltas con cuidado para no tirar del pelo<\/p>\n<p style=\"text-align: center;\"><img decoding=\"async\" loading=\"lazy\" class=\"alignnone size-large wp-image-16385\" src=\"https:\/\/elcalaixetdelaiaia.es\/wp-content\/uploads\/2018\/03\/NDQM5362-1024x768.png\" alt=\"\" width=\"750\" height=\"563\" srcset=\"https:\/\/elcalaixetdelaiaia.es\/wp-content\/uploads\/2018\/03\/NDQM5362-1024x768.png 1024w, https:\/\/elcalaixetdelaiaia.es\/wp-content\/uploads\/2018\/03\/NDQM5362-300x225.png 300w, https:\/\/elcalaixetdelaiaia.es\/wp-content\/uploads\/2018\/03\/NDQM5362-768x576.png 768w\" sizes=\"(max-width: 750px) 100vw, 750px\" \/><\/p>\n<p style=\"text-align: center;\">una vez sujeto el postizo con \u00abl&#8217;espasa i el can\u00f3\u00bb, colocaremos la \u00abpinta\u00bb<\/p>\n<p style=\"text-align: center;\"><img decoding=\"async\" loading=\"lazy\" class=\"alignnone size-large wp-image-16386\" src=\"https:\/\/elcalaixetdelaiaia.es\/wp-content\/uploads\/2018\/03\/APIL0245-1024x785.png\" alt=\"\" width=\"750\" height=\"575\" srcset=\"https:\/\/elcalaixetdelaiaia.es\/wp-content\/uploads\/2018\/03\/APIL0245-1024x785.png 1024w, https:\/\/elcalaixetdelaiaia.es\/wp-content\/uploads\/2018\/03\/APIL0245-300x230.png 300w, https:\/\/elcalaixetdelaiaia.es\/wp-content\/uploads\/2018\/03\/APIL0245-768x589.png 768w\" sizes=\"(max-width: 750px) 100vw, 750px\" \/><\/p>\n<p style=\"text-align: center;\">e iremos colocando todos los ganchos necesarios alrededor de todo el \u00abmonyo\u00bb inclu\u00edda la parte de arriba entre las p\u00faas de la peineta. Hay quien piensa que al ser un postizo no necesita mas que cuatro ganchos&#8230; yo suelo poner bastantes, pero no demasiados, que no molesten, pero sujeten, \u00e9so ya, cada cual, seg\u00fan su manera de hacerlo.<\/p>\n<p><img decoding=\"async\" loading=\"lazy\" class=\"alignnone size-large wp-image-16395\" src=\"https:\/\/elcalaixetdelaiaia.es\/wp-content\/uploads\/2018\/03\/QPJK9234-1024x806.png\" alt=\"\" width=\"750\" height=\"590\" srcset=\"https:\/\/elcalaixetdelaiaia.es\/wp-content\/uploads\/2018\/03\/QPJK9234-1024x806.png 1024w, https:\/\/elcalaixetdelaiaia.es\/wp-content\/uploads\/2018\/03\/QPJK9234-300x236.png 300w, https:\/\/elcalaixetdelaiaia.es\/wp-content\/uploads\/2018\/03\/QPJK9234-768x604.png 768w\" sizes=\"(max-width: 750px) 100vw, 750px\" \/><\/p>\n<p style=\"text-align: center;\">para finalizar colocaremos el \u00abrascamonyos\u00bb, asegur\u00e1ndonos de que atraviesa la goma de la coleta.<\/p>\n<p style=\"text-align: center;\"><img decoding=\"async\" loading=\"lazy\" class=\"alignnone size-large wp-image-16388\" src=\"https:\/\/elcalaixetdelaiaia.es\/wp-content\/uploads\/2018\/03\/PMMX5106-1024x768.png\" alt=\"\" width=\"750\" height=\"563\" srcset=\"https:\/\/elcalaixetdelaiaia.es\/wp-content\/uploads\/2018\/03\/PMMX5106-1024x768.png 1024w, https:\/\/elcalaixetdelaiaia.es\/wp-content\/uploads\/2018\/03\/PMMX5106-300x225.png 300w, https:\/\/elcalaixetdelaiaia.es\/wp-content\/uploads\/2018\/03\/PMMX5106-768x576.png 768w\" sizes=\"(max-width: 750px) 100vw, 750px\" \/><\/p>\n<p style=\"text-align: center;\">Esta pieza, como su nombre indica, se usaba para rascarse la cabeza ya que les picaba a menudo porque escaseaba el agua.<\/p>\n<p style=\"text-align: center;\"><img decoding=\"async\" loading=\"lazy\" class=\"alignnone size-large wp-image-16387\" src=\"https:\/\/elcalaixetdelaiaia.es\/wp-content\/uploads\/2018\/03\/KPDY3166-1024x765.png\" alt=\"\" width=\"750\" height=\"560\" srcset=\"https:\/\/elcalaixetdelaiaia.es\/wp-content\/uploads\/2018\/03\/KPDY3166-1024x765.png 1024w, https:\/\/elcalaixetdelaiaia.es\/wp-content\/uploads\/2018\/03\/KPDY3166-300x224.png 300w, https:\/\/elcalaixetdelaiaia.es\/wp-content\/uploads\/2018\/03\/KPDY3166-768x574.png 768w\" sizes=\"(max-width: 750px) 100vw, 750px\" \/><\/p>\n<p style=\"text-align: center;\">\u00a0Solo se pone un un \u00abrascamonyos\u00bb, el segundo se decidi\u00f3 poner cuando inventaron el traje de fallera, para que el peinado quedase \u00abequilibrado\u00bb<\/p>\n<p style=\"text-align: center;\"><img decoding=\"async\" loading=\"lazy\" class=\"alignnone size-large wp-image-16391\" src=\"https:\/\/elcalaixetdelaiaia.es\/wp-content\/uploads\/2018\/03\/QROA5279-copia-1024x752.png\" alt=\"\" width=\"750\" height=\"551\" srcset=\"https:\/\/elcalaixetdelaiaia.es\/wp-content\/uploads\/2018\/03\/QROA5279-copia-1024x752.png 1024w, https:\/\/elcalaixetdelaiaia.es\/wp-content\/uploads\/2018\/03\/QROA5279-copia-300x220.png 300w, https:\/\/elcalaixetdelaiaia.es\/wp-content\/uploads\/2018\/03\/QROA5279-copia-768x564.png 768w\" sizes=\"(max-width: 750px) 100vw, 750px\" \/><\/p>\n<p style=\"text-align: center;\">El \u00abrascamonyos, luego se quita y se pone a trav\u00e9s de la mitjalluna, dengue, o mantilla que se use si se quiere, con el fin de que vaya m\u00e1s sujeta por el posible viento<\/p>\n<p style=\"text-align: center;\"><img decoding=\"async\" loading=\"lazy\" class=\"alignnone size-large wp-image-16390\" src=\"https:\/\/elcalaixetdelaiaia.es\/wp-content\/uploads\/2018\/03\/EIPM1946-1024x768.png\" alt=\"\" width=\"750\" height=\"563\" srcset=\"https:\/\/elcalaixetdelaiaia.es\/wp-content\/uploads\/2018\/03\/EIPM1946-1024x768.png 1024w, https:\/\/elcalaixetdelaiaia.es\/wp-content\/uploads\/2018\/03\/EIPM1946-300x225.png 300w, https:\/\/elcalaixetdelaiaia.es\/wp-content\/uploads\/2018\/03\/EIPM1946-768x576.png 768w\" sizes=\"(max-width: 750px) 100vw, 750px\" \/><\/p>\n<p style=\"text-align: center;\">para sujetar la misma si hace viento, ya que el broche que se suele utilizar es otro invento&#8230;<\/p>\n<p style=\"text-align: center;\">Esta es mi manera de poner el mo\u00f1o cosido, obviamente cuando mi mamaita peinaba, no exist\u00edan mas que las mallas y no pude aprender de ella, pero aplico sus truquis. Pido disculpas a los peluqueros profesionales por los errores cometidos, pero como \u00e9sta forma me funciona perfectamente, es la que suelo hacer siempre y la comparto con todos vosotros, por si os puede ser de utilidad<\/p>\n<p style=\"text-align: center;\"><img decoding=\"async\" loading=\"lazy\" class=\"alignnone size-full wp-image-16392\" src=\"https:\/\/elcalaixetdelaiaia.es\/wp-content\/uploads\/2018\/03\/MJYY1734.png\" alt=\"\" width=\"619\" height=\"478\" srcset=\"https:\/\/elcalaixetdelaiaia.es\/wp-content\/uploads\/2018\/03\/MJYY1734.png 619w, https:\/\/elcalaixetdelaiaia.es\/wp-content\/uploads\/2018\/03\/MJYY1734-300x232.png 300w\" sizes=\"(max-width: 619px) 100vw, 619px\" \/><\/p>\n<p style=\"text-align: center;\">y \u00e9sto es todo, mi bomb\u00f3n peinada y lista para maquillarla suavemente, vestirla e ir a llevar sus flores a la Mareta, en cuyo ramo mandar\u00e1 un besito a trav\u00e9s de la Verge al cielo, a mis t\u00edos, iaios, papis y a mi amor, a mi Jero, porque yo de momento, a\u00fan no tengo fuerzas para fallas, ni para ir a llev\u00e1rselo personalmente&#8230;<\/p>\n<p style=\"text-align: center;\">Si veis interesante esta entrada y pens\u00e1is que puede ayudar a alguien, pod\u00e9is compartir para que llegue a mas gente. Espero si quer\u00e9is, vuestros comentarios y os recuerdo que tambien estoy en Facebook <a href=\"https:\/\/www.facebook.com\/El-calaixet-de-la-iaia-533062140099386\/\">https:\/\/www.facebook.com\/El-calaixet-de-la-iaia-533062140099386\/<\/a><\/p>\n<p>Edito esta entrada para que ve\u00e1is que preciosa estaba la princesa lista para la ofrenda, y que publico con autorizaci\u00f3n de su mami. Gracias por todo;<\/p>\n<p><img decoding=\"async\" loading=\"lazy\" class=\" wp-image-16428 aligncenter\" src=\"https:\/\/elcalaixetdelaiaia.es\/wp-content\/uploads\/2018\/03\/Nur2.jpg\" alt=\"\" width=\"308\" height=\"411\" srcset=\"https:\/\/elcalaixetdelaiaia.es\/wp-content\/uploads\/2018\/03\/Nur2.jpg 524w, https:\/\/elcalaixetdelaiaia.es\/wp-content\/uploads\/2018\/03\/Nur2-225x300.jpg 225w\" sizes=\"(max-width: 308px) 100vw, 308px\" \/><\/p>\n<p><img decoding=\"async\" loading=\"lazy\" class=\"wp-image-16426 aligncenter\" src=\"https:\/\/elcalaixetdelaiaia.es\/wp-content\/uploads\/2018\/03\/Nur-723x1024.jpg\" alt=\"\" width=\"367\" height=\"520\" srcset=\"https:\/\/elcalaixetdelaiaia.es\/wp-content\/uploads\/2018\/03\/Nur-723x1024.jpg 723w, https:\/\/elcalaixetdelaiaia.es\/wp-content\/uploads\/2018\/03\/Nur-212x300.jpg 212w, https:\/\/elcalaixetdelaiaia.es\/wp-content\/uploads\/2018\/03\/Nur-768x1088.jpg 768w, https:\/\/elcalaixetdelaiaia.es\/wp-content\/uploads\/2018\/03\/Nur.jpg 858w\" sizes=\"(max-width: 367px) 100vw, 367px\" \/><\/p>\n<p><img decoding=\"async\" loading=\"lazy\" class=\"wp-image-16427 aligncenter\" src=\"https:\/\/elcalaixetdelaiaia.es\/wp-content\/uploads\/2018\/03\/Nur1-686x1024.jpg\" alt=\"\" width=\"370\" height=\"553\" srcset=\"https:\/\/elcalaixetdelaiaia.es\/wp-content\/uploads\/2018\/03\/Nur1-686x1024.jpg 686w, https:\/\/elcalaixetdelaiaia.es\/wp-content\/uploads\/2018\/03\/Nur1-201x300.jpg 201w, https:\/\/elcalaixetdelaiaia.es\/wp-content\/uploads\/2018\/03\/Nur1-768x1147.jpg 768w, https:\/\/elcalaixetdelaiaia.es\/wp-content\/uploads\/2018\/03\/Nur1.jpg 971w\" sizes=\"(max-width: 370px) 100vw, 370px\" \/><\/p>\n<div>\n<p>Recomiendo a quienes est\u00e9is interesados en saber cual es la autentica indumentaria valenciana varios libros como son;<\/p>\n<p>(seguro que olvido algunos mas, y todos recomendables)<\/p>\n<p>-\u00abSeda, Oro y Plata en Valencia\u00bb, Gar\u00edn, 258 a\u00f1os. (Libro de Gar\u00edn)<br \/>\n-\u00abIndumentaria Valenciana Siglos XVIII-XIX, De dentro afuera, De arriba abajo\u00bb, M\u00aa Victoria Liceras Ferreres;<br \/>\n-A la moda valenciana. La dona al segle XVIII\u2019, Salvador Mercado Mach\u00ed<br \/>\n&#8211; Justillos i gipons Paquita Roca i Josep Vidal<br \/>\n&#8211; La moda en la Valencia del siglo XV de Mar\u00eda Purificaci\u00f3n Benito Vidal<\/p>\n<div>&#8211; Faldes, vions i faldilles Inmaculada Puig y Paquita Roca<br \/>\n-Mocadors de pit de Paquita Roca e Imma Puig<br \/>\n&#8211; La nova col-lecci\u00f3 d&#8217;indument\u00e0ria del Museu Etn\u00f2logic- Una visi\u00f3 evolutiva<br \/>\nY como no\u2026os aconsejo encarecidamente las generos\u00edsimas y aclaradoras aportaciones del gran Vicent Ferrandis Mas en;<br \/>\n<a href=\"http:\/\/filadis.blogspot.com.es\/\">http:\/\/filadis.blogspot.com.es\/<\/a> y<br \/>\n<a href=\"http:\/\/www.calameo.com\/subscriptions\/1077466\">http:\/\/www.calameo.com\/subscriptions\/1077466<\/a><br \/>\ny \u00e9ste art\u00edculo;<a href=\"http:\/\/www.levante-emv.com\/valencia\/2011\/03\/24\/investigadores-afirman-moda-desvirtuado-traje-valenciana\/792866.html\">http:\/\/www.levante-emv.com\/valencia\/2011\/03\/24\/investigadores-afirman-moda-desvirtuado-traje-valenciana\/792866.html<\/a>,<\/div>\n<p>donde podr\u00e9is encontrar toda la informaci\u00f3n.<\/p>\n<div>\n<div>\n<div>\u00abPer a saber festejar, ning\u00fa com els de la Vall, que es possen capa i sombrero i\u00a0es muden de dalt a baix\u00bb.\u00bb<\/div>\n<\/div>\n<div>\u00abArrima&#8217;t cap ac\u00ed, que este capot \u00e9s estret,que no em diga ta mare que per mi has patit fred\u00bb<\/div>\n<div>\u00abDe les ales d\u2019un mosquit \u00a0en tinc que fer una capa, i\u00a0de les ratalladures;\u00a0Jupa, jupet\u00ed i casaca\u00bb<\/div>\n<div>\u00abQui t\u00e9 capa es tapa, i qui t\u00e9 capot\u00a0si pot.\u00bb<\/div>\n<div>\n<div>\u00abPer calor no deixes la capa,\u00a0Ni per fred la carabassa\u00bb<\/div>\n<div><\/div>\n<div>Si te gusta \u00e9ste post, puedes compartirlo para que llegue a m\u00e1s gente. No pretendo molestar ni ofender a nadie, cada cual es muy libre de vestir como quiera, solo comparto lo que he aprendido y que cada cual decida como hacerlo pero eso si, por favor, de \u00abfallera\u00bb o tradicional, pero sin disfraces, no estropeemos m\u00e1s nuestra tan da\u00f1ada y manipulada indumentaria.<\/div>\n<div>Si te gusta \u00e9sta entrada puedes\u00a0 compartir con tus amigos. Gracias.<\/div>\n<\/div>\n<\/div>\n<\/div>\n<div>\n<div>Recuerda que tambi\u00e9n estoy en Facebook\u00a0 <a href=\"https:\/\/www.facebook.com\/El-calaixet-de-la-iaia-533062140099386\/\">https:\/\/www.facebook.com\/El-calaixet-de-la-iaia-533062140099386\/<\/a><\/div>\n<\/div>\n","protected":false},"excerpt":{"rendered":"<p>\u00abCan\u00e7oneta; No li toques la pinta, ni el monyo tampoc, la pinta \u00e9s de plata, i el monyo \u00e9s d&#8217;or&#8230;\u00bb No le toques la peineta, ni el mo\u00f1o tampoco, la peineta es de plata, y el mo\u00f1o es de oro. \u00a0Tengo un bomb\u00f3n de amiga que adem\u00e1s es mi vecina, &hellip; <\/p>\n","protected":false},"author":2,"featured_media":16400,"comment_status":"open","ping_status":"open","sticky":false,"template":"","format":"standard","meta":[],"categories":[78,1,47],"tags":[],"_links":{"self":[{"href":"https:\/\/elcalaixetdelaiaia.es\/index.php?rest_route=\/wp\/v2\/posts\/16357"}],"collection":[{"href":"https:\/\/elcalaixetdelaiaia.es\/index.php?rest_route=\/wp\/v2\/posts"}],"about":[{"href":"https:\/\/elcalaixetdelaiaia.es\/index.php?rest_route=\/wp\/v2\/types\/post"}],"author":[{"embeddable":true,"href":"https:\/\/elcalaixetdelaiaia.es\/index.php?rest_route=\/wp\/v2\/users\/2"}],"replies":[{"embeddable":true,"href":"https:\/\/elcalaixetdelaiaia.es\/index.php?rest_route=%2Fwp%2Fv2%2Fcomments&post=16357"}],"version-history":[{"count":38,"href":"https:\/\/elcalaixetdelaiaia.es\/index.php?rest_route=\/wp\/v2\/posts\/16357\/revisions"}],"predecessor-version":[{"id":29127,"href":"https:\/\/elcalaixetdelaiaia.es\/index.php?rest_route=\/wp\/v2\/posts\/16357\/revisions\/29127"}],"wp:featuredmedia":[{"embeddable":true,"href":"https:\/\/elcalaixetdelaiaia.es\/index.php?rest_route=\/wp\/v2\/media\/16400"}],"wp:attachment":[{"href":"https:\/\/elcalaixetdelaiaia.es\/index.php?rest_route=%2Fwp%2Fv2%2Fmedia&parent=16357"}],"wp:term":[{"taxonomy":"category","embeddable":true,"href":"https:\/\/elcalaixetdelaiaia.es\/index.php?rest_route=%2Fwp%2Fv2%2Fcategories&post=16357"},{"taxonomy":"post_tag","embeddable":true,"href":"https:\/\/elcalaixetdelaiaia.es\/index.php?rest_route=%2Fwp%2Fv2%2Ftags&post=16357"}],"curies":[{"name":"wp","href":"https:\/\/api.w.org\/{rel}","templated":true}]}}