{"id":161,"date":"2015-11-24T15:31:03","date_gmt":"2015-11-24T15:31:03","guid":{"rendered":"http:\/\/elcalaixetdelaiaia.es\/?p=161"},"modified":"2025-12-18T20:39:58","modified_gmt":"2025-12-18T20:39:58","slug":"bombones-de-salmon-rellenos-de-queso","status":"publish","type":"post","link":"https:\/\/elcalaixetdelaiaia.es\/?p=161","title":{"rendered":"Bombones de salm\u00f3n rellenos de queso paso a paso"},"content":{"rendered":"<p>\u00abRefrany; P<span class=\"st\">er Nadal torrons, <\/span><span class=\"st\"><em>i tamb\u00e9 bombons\u00bb Por Navidad turrones y tambi\u00e9n bombones.<\/em><\/span><\/p>\n<p>En casa de mis padres, fueron \u00e9ste a\u00f1o encargados de preparar \u00e9stos ricos bombones y otros aperitivos, la gente joven de la family, (y les cos\u00ed para ello un delantal a cada uno, con su gorro correspondiente jeje) pero lamentablemente se perdieron las fotos de los ingredientes y de parte de la preparaci\u00f3n, pero c\u00f3mo son tan tan f\u00e1ciles de hacer, no quiero privaros de que pod\u00e1is disfrutar de ellos y publico la receta aunque no est\u00e9 el paso a paso de la fotos.<\/p>\n<p>Necesitaremos para 6 bombones;<\/p>\n<ol>\n<li>Queso Philadelphia a las finas hierbas<\/li>\n<li>6 lonchas muy finas de salm\u00f3n ahumado<\/li>\n<li>Pistachos troceados<\/li>\n<li>Tres d\u00e1tiles grandes<\/li>\n<li>Una pizquita de Eneldo<\/li>\n<li>Moldes, pirotines o capacillos dorado, plateado o de colores<\/li>\n<\/ol>\n<p>Os doy medidas para 6 bombones, tendr\u00e9is que multiplicar cantidades dependiendo de cuantos comensales vay\u00e1is a ser \ud83d\ude09<\/p>\n<div class=\"document__title-container split-header\">\n<div class=\"split-header__secondary shrink-xs subtle\">\n<div id=\"cooking_time_recipe_483115\" data-record=\"\/es\/recetas?partial=cooking_time\">\n<div class=\"subtle\" data-field-name=\"cooking_time\" data-field=\"\" data-maxlength=\"15\" data-placeholder=\"\u00bfCu\u00e1nto se tarda?\">Necesitamos una cubitera que igual puede ser con los cubitos de forma redonda que cuadrada.<\/div>\n<div data-field-name=\"cooking_time\" data-field=\"\" data-maxlength=\"15\" data-placeholder=\"\u00bfCu\u00e1nto se tarda?\">Untaremos con aceite de oliva los huecos de la cubitera<\/div>\n<div data-field-name=\"cooking_time\" data-field=\"\" data-maxlength=\"15\" data-placeholder=\"\u00bfCu\u00e1nto se tarda?\">Colocaremos en cada hueco una fina loncha de salm\u00f3n ahumado procurando que tome la forma del cubito y dejando las sobras del salm\u00f3n fuera.<\/div>\n<div data-field-name=\"cooking_time\" data-field=\"\" data-maxlength=\"15\" data-placeholder=\"\u00bfCu\u00e1nto se tarda?\">Rellenaremos con queso. Espolvoreamos con con poquito de eneldo picado. Abriremos cada d\u00e1til y extraeremos el hueso, dejando seis mitades de d\u00e1til que rellenaremos con pistachos picados.<\/div>\n<div data-field-name=\"cooking_time\" data-field=\"\" data-maxlength=\"15\" data-placeholder=\"\u00bfCu\u00e1nto se tarda?\">Cubriremos con los extremos del salm\u00f3n y presionaremos llenando cada cubito con el dorso de una cuchara.<\/div>\n<\/div>\n<\/div>\n<\/div>\n<div data-field-name=\"cooking_time\" data-field=\"\" data-maxlength=\"15\" data-placeholder=\"\u00bfCu\u00e1nto se tarda?\"><img decoding=\"async\" src=\"https:\/\/i2.wp.com\/elcalaixetdelaiaia.es\/wp-content\/uploads\/2018\/12\/IMG_2646.png?fit=750%2C563\" alt=\"Esta imagen tiene un atributo ALT vac\u00edo; su nombre de archivo es IMG_2646.png\" \/><\/div>\n<div data-field-name=\"cooking_time\" data-field=\"\" data-maxlength=\"15\" data-placeholder=\"\u00bfCu\u00e1nto se tarda?\">Cubriremos con papel film y mantendremos en el frigo, hasta la hora de servir.<\/div>\n<div data-field-name=\"cooking_time\" data-field=\"\" data-maxlength=\"15\" data-placeholder=\"\u00bfCu\u00e1nto se tarda?\">Si los quer\u00e9is mas peque\u00f1os, usad cubiteras de mas cantidades y menos tama\u00f1o de agujero.<\/div>\n<div data-field-name=\"cooking_time\" data-field=\"\" data-maxlength=\"15\" data-placeholder=\"\u00bfCu\u00e1nto se tarda?\"><img decoding=\"async\" src=\"https:\/\/elcalaixetdelaiaia.es\/wp-content\/uploads\/2018\/12\/IMG_3036-768x1024.png\" alt=\"Esta imagen tiene un atributo ALT vac\u00edo; su nombre de archivo es IMG_3036-768x1024.png\" \/><\/div>\n<div data-field-name=\"cooking_time\" data-field=\"\" data-maxlength=\"15\" data-placeholder=\"\u00bfCu\u00e1nto se tarda?\">cuando iremos extrayendo de las cubiteras y colocando en los moldes de papel y la bandeja, para degustar muy fresquitos&#8230;mmmm<\/div>\n<div data-field-name=\"cooking_time\" data-field=\"\" data-maxlength=\"15\" data-placeholder=\"\u00bfCu\u00e1nto se tarda?\"><img decoding=\"async\" loading=\"lazy\" class=\"alignnone size-full wp-image-28743\" src=\"https:\/\/elcalaixetdelaiaia.es\/wp-content\/uploads\/2015\/11\/IMG_3035.png\" alt=\"\" width=\"3264\" height=\"2448\" srcset=\"https:\/\/elcalaixetdelaiaia.es\/wp-content\/uploads\/2015\/11\/IMG_3035.png 3264w, https:\/\/elcalaixetdelaiaia.es\/wp-content\/uploads\/2015\/11\/IMG_3035-300x225.png 300w, https:\/\/elcalaixetdelaiaia.es\/wp-content\/uploads\/2015\/11\/IMG_3035-1024x768.png 1024w, https:\/\/elcalaixetdelaiaia.es\/wp-content\/uploads\/2015\/11\/IMG_3035-768x576.png 768w, https:\/\/elcalaixetdelaiaia.es\/wp-content\/uploads\/2015\/11\/IMG_3035-1536x1152.png 1536w, https:\/\/elcalaixetdelaiaia.es\/wp-content\/uploads\/2015\/11\/IMG_3035-2048x1536.png 2048w\" sizes=\"(max-width: 3264px) 100vw, 3264px\" \/><\/div>\n<div data-field-name=\"cooking_time\" data-field=\"\" data-maxlength=\"15\" data-placeholder=\"\u00bfCu\u00e1nto se tarda?\"><\/div>\n<div data-field-name=\"cooking_time\" data-field=\"\" data-maxlength=\"15\" data-placeholder=\"\u00bfCu\u00e1nto se tarda?\"><\/div>\n<div style=\"text-align: center;\" data-field-name=\"cooking_time\" data-field=\"\" data-maxlength=\"15\" data-placeholder=\"\u00bfCu\u00e1nto se tarda?\">Estos saben especiales, como todo lo que prepararon los j\u00f3venes y ni\u00f1os, aunque por desgracia, en la fotos que salv\u00e9 no salen todos&#8230;<\/div>\n<div data-field-name=\"cooking_time\" data-field=\"\" data-maxlength=\"15\" data-placeholder=\"\u00bfCu\u00e1nto se tarda?\"><\/div>\n<div data-field-name=\"cooking_time\" data-field=\"\" data-maxlength=\"15\" data-placeholder=\"\u00bfCu\u00e1nto se tarda?\">\n<div style=\"text-align: center;\" data-field-hint=\"Hacer clic en Intro para a\u00f1adir otro ingrediente\" data-field-name=\"quantity_and_name\" data-field=\"\" data-maxlength=\"128\" data-placeholder=\"100 gr. harina\">\u00abA la taula i&#8230; BON PROFIT\u00bb!!!<\/div>\n<div data-field-hint=\"Hacer clic en Intro para a\u00f1adir otro ingrediente\" data-field-name=\"quantity_and_name\" data-field=\"\" data-maxlength=\"128\" data-placeholder=\"100 gr. harina\">para ver los bombones de jam\u00f3n serrano pinchar aqu\u00ed\u00a0<a href=\"https:\/\/elcalaixetdelaiaia.es\/?p=160\">https:\/\/elcalaixetdelaiaia.es\/?p=160<\/a><\/div>\n<div data-field-hint=\"Hacer clic en Intro para a\u00f1adir otro ingrediente\" data-field-name=\"quantity_and_name\" data-field=\"\" data-maxlength=\"128\" data-placeholder=\"100 gr. harina\">\n<div>Espero tus comentarios que para mi son MUY importantes y recuerda que tambi\u00e9n estoy en Facebook <a href=\"https:\/\/www.facebook.com\/El-calaixet-de-la-iaia-533062140099386\/\">https:\/\/www.facebook.com\/El-calaixet-de-la-iaia-533062140099386\/<\/a><\/div>\n<div>Si quieres recibir mis actualizaciones por mail, al final de \u00e9sta p\u00e1gina a la izquierda tienes como hacer para introducir tu correo electr\u00f3nico y no perderte las actualizaciones de mis recetas \u00a1Gracias!<\/div>\n<\/div>\n<\/div>\n","protected":false},"excerpt":{"rendered":"<p>\u00abRefrany; Per Nadal torrons, i tamb\u00e9 bombons\u00bb Por Navidad turrones y tambi\u00e9n bombones. En casa de mis padres, fueron \u00e9ste a\u00f1o encargados de preparar \u00e9stos ricos bombones y otros aperitivos, la gente joven de la family, (y les cos\u00ed para ello un delantal a cada uno, con su gorro correspondiente &hellip; <\/p>\n","protected":false},"author":2,"featured_media":28733,"comment_status":"open","ping_status":"open","sticky":false,"template":"","format":"standard","meta":[],"categories":[1],"tags":[],"_links":{"self":[{"href":"https:\/\/elcalaixetdelaiaia.es\/index.php?rest_route=\/wp\/v2\/posts\/161"}],"collection":[{"href":"https:\/\/elcalaixetdelaiaia.es\/index.php?rest_route=\/wp\/v2\/posts"}],"about":[{"href":"https:\/\/elcalaixetdelaiaia.es\/index.php?rest_route=\/wp\/v2\/types\/post"}],"author":[{"embeddable":true,"href":"https:\/\/elcalaixetdelaiaia.es\/index.php?rest_route=\/wp\/v2\/users\/2"}],"replies":[{"embeddable":true,"href":"https:\/\/elcalaixetdelaiaia.es\/index.php?rest_route=%2Fwp%2Fv2%2Fcomments&post=161"}],"version-history":[{"count":15,"href":"https:\/\/elcalaixetdelaiaia.es\/index.php?rest_route=\/wp\/v2\/posts\/161\/revisions"}],"predecessor-version":[{"id":28745,"href":"https:\/\/elcalaixetdelaiaia.es\/index.php?rest_route=\/wp\/v2\/posts\/161\/revisions\/28745"}],"wp:featuredmedia":[{"embeddable":true,"href":"https:\/\/elcalaixetdelaiaia.es\/index.php?rest_route=\/wp\/v2\/media\/28733"}],"wp:attachment":[{"href":"https:\/\/elcalaixetdelaiaia.es\/index.php?rest_route=%2Fwp%2Fv2%2Fmedia&parent=161"}],"wp:term":[{"taxonomy":"category","embeddable":true,"href":"https:\/\/elcalaixetdelaiaia.es\/index.php?rest_route=%2Fwp%2Fv2%2Fcategories&post=161"},{"taxonomy":"post_tag","embeddable":true,"href":"https:\/\/elcalaixetdelaiaia.es\/index.php?rest_route=%2Fwp%2Fv2%2Ftags&post=161"}],"curies":[{"name":"wp","href":"https:\/\/api.w.org\/{rel}","templated":true}]}}