{"id":16098,"date":"2018-03-09T10:10:49","date_gmt":"2018-03-09T10:10:49","guid":{"rendered":"http:\/\/elcalaixetdelaiaia.es\/?p=16098"},"modified":"2018-03-13T15:32:18","modified_gmt":"2018-03-13T15:32:18","slug":"todos-somos-gabriel","status":"publish","type":"post","link":"https:\/\/elcalaixetdelaiaia.es\/?p=16098","title":{"rendered":"#Todos somos Gabriel"},"content":{"rendered":"<p><img decoding=\"async\" loading=\"lazy\" class=\"alignnone size-large wp-image-16099\" src=\"https:\/\/elcalaixetdelaiaia.es\/wp-content\/uploads\/2018\/03\/IMG_5937-1024x768.jpg\" alt=\"\" width=\"750\" height=\"563\" \/><\/p>\n<p>El calaixet de la iaia suele mantenerse al margen de \u00e9ste tipo de publicaciones que considera m\u00e1s de tipo personal, pero ante la petici\u00f3n de \u00e9sos padres y poni\u00e9ndome en su lugar, no puedo dar la espalda, ni cerrar los ojos, y como son algunos los seguidores que tengo y llegar\u00e1 a mucha mas gente que por mi perfil personal y de watshap, me sumo a poner mi \u00abpescaito para Gabriel\u00bb en mi blog y facebook, y para quien no lo sepa, transmitir la petici\u00f3n de \u00e9stos desesperados padres.<\/p>\n<p>\u00abA Gabriel le entusiasma desde peque\u00f1ito todo lo relacionado con los peces, se sabe el nombre de cientos de peces desde hace mucho tiempo, casi cuando empez\u00f3 a hablar. Por todo esto, el gesto que proponemos consistir\u00eda en que<b> cada persona dibuje un &#8216;pesca\u00edto&#8217;<\/b>, junto con una frase que cada cual le quiera decir a Gabriel y lo pegue en su ventana de cara a la calle\u00bb, han se\u00f1alado.<\/p>\n<p>Igualmente, han sugerido a quienes lo deseen la posibilidad de <b>compartir sus dibujos a trav\u00e9s de las redes sociales <\/b>como foto de perfil o estado de Whatsapp, para lo que ellos mismos han creado la cuenta de Twitter @TodosSomosGabri y la p\u00e1gina de Facebook Todos Somos Gabriel. Tambi\u00e9n han animado a quien quiera, a remitir sus apoyos al correo ayudagabriel@yahoo.com.<\/p>\n<div id=\"smartIntxt\">\u00a0\u00ab<b>Nos encantar\u00eda que Espa\u00f1a se inundar\u00e1 de &#8216;pesca\u00edtos&#8217;<\/b> y que \u00e9l sepa que estamos esper\u00e1ndolo con todas nuestras fuerzas y que lo dejen volver a casa, con sus pap\u00e1s, que es donde debe estar. Sue\u00f1o cuando venga, ver su cara cuando vea tantos &#8216;pesca\u00edtos&#8217; para \u00e9l\u00bb, han transmitido sus familiares\u00bb<\/div>\n<div><\/div>\n<div>Aqu\u00ed est\u00e1 el pesca\u00edto de El calaixet de la iaia para Gabriel, mi granito de arena en un inmenso mar.<\/div>\n<div>\u00bfquieres poner el tuyo?<\/div>\n<div>Llenemos las redes de pescaitos para Gabriel y los suyos, a ver si as\u00ed conseguimos remover la conciencia de quien se lo ha llevado y sus c\u00f3mplices&#8230;alguien tienen que saber algo y tener conciencia \u00bfno?<\/div>\n<div><\/div>\n<div>#TodosSomosGabriel<\/div>\n<div><\/div>\n<div>Sentimos todos el fatal desenlace&#8230;algo que nadie hubiera querido y rez\u00e1bamos para que no fuera&#8230;.<\/div>\n<div><\/div>\n<div><img decoding=\"async\" loading=\"lazy\" class=\"alignnone size-full wp-image-16300\" src=\"https:\/\/elcalaixetdelaiaia.es\/wp-content\/uploads\/2018\/03\/Girasol.jpg\" alt=\"\" width=\"718\" height=\"479\" srcset=\"https:\/\/elcalaixetdelaiaia.es\/wp-content\/uploads\/2018\/03\/Girasol.jpg 718w, https:\/\/elcalaixetdelaiaia.es\/wp-content\/uploads\/2018\/03\/Girasol-300x200.jpg 300w, https:\/\/elcalaixetdelaiaia.es\/wp-content\/uploads\/2018\/03\/Girasol-600x400.jpg 600w\" sizes=\"(max-width: 718px) 100vw, 718px\" \/><\/div>\n<div class=\"kp-header\" data-ved=\"0ahUKEwiijOyWzenZAhUDORQKHVwRAyIQ3z4IJygA\">\n<div class=\"kp-hc\">\n<div class=\"_tN _IWg _HWg mod\" data-md=\"16\" data-hveid=\"40\" data-ved=\"0ahUKEwiijOyWzenZAhUDORQKHVwRAyIQhygIKDAA\">\n<div class=\"_fdf _odf\">\n<div class=\"_Q1n\" role=\"heading\" aria-level=\"3\">\n<div class=\"kno-ecr-pt kno-fb-ctx\" data-local-attribute=\"d3bn\" data-ved=\"0ahUKEwiijOyWzenZAhUDORQKHVwRAyIQ3B0IKSgAMAA\"><span data-original-name=\"Girasoles\">Girasoles<\/span><\/div>\n<div class=\"_gdf kno-fb-ctx\"><\/div>\n<\/div>\n<\/div>\n<\/div>\n<\/div>\n<\/div>\n<div class=\"_G1d _wle _xle\">\n<div class=\"_RBg\">\n<div class=\"_tN _Gtj _Wtj mod\" data-md=\"113\">\n<div class=\"_ARr\" data-hveid=\"44\" data-ved=\"0ahUKEwiijOyWzenZAhUDORQKHVwRAyIQsEwILCgBMAE\">\n<div class=\"_UZe kno-fb-ctx\">\n<div>Era necesario respirar para mirar alrededor<br \/>\nPaseo por La Habana y un caf\u00e9 frente al Malec\u00f3n-c\u00f3n-c\u00f3n-c\u00f3n<br \/>\nComienzan los recuerdos las espinas afloran en mi interior<br \/>\nTodo lo que no se atiende tarde o temprano reaparece<\/div>\n<div>Pero nos miramos, vaya a\u00f1o pasamos<br \/>\nA ver si remontamos<br \/>\nSin dedicarle m\u00e1s tiempo<br \/>\nY el mundo est\u00e1 lleno de mujeres y hombres buenos<\/div>\n<div>As\u00ed que le canto a los valientes<br \/>\nQue llevan por bandera la verdad<br \/>\nA quienes son capaces de sentirse en la piel de los dem\u00e1s<br \/>\nLos que no participan de las injusticias<br \/>\nNo miran a otro lado<br \/>\nLos que no se acomodan<br \/>\nLos que riegan simpre su raiz<br \/>\nA ti, mi compa\u00f1ero que me tiendes la mano<br \/>\nQue es tu coraz\u00f3n bondad<br \/>\nMe estudias con curiosidad<br \/>\nMe miras con respeto<br \/>\nY besas con cari\u00f1o cada parte de mi cuerpo<\/div>\n<\/div>\n<div class=\"_UZe kno-fb-ctx\">\n<div class=\"_Nvn\" data-mh=\"-1\">Tienes en los ojos girasoles<br \/>\nY cuando me miras soy la estrella que m\u00e1s brilla<br \/>\nCuando r\u00edes se ilumina todo el techo<br \/>\nYa duermo tranquila, siento tanta calma adentro<br \/>\nY tienes en los ojos girasoles<br \/>\nY cuando me miras soy la estrella que m\u00e1s brilla<br \/>\nCuando r\u00edes se ilumina todo el techo<br \/>\nYa duermo tranquila, siento tanta calma adentro<\/div>\n<div class=\"xpdxpnd\" data-mh=\"145\" data-mhc=\"1\">Es necesario revivir para poder saborear<br \/>\nEncajo las ideas, reflexi\u00f3n para mejorar<br \/>\nAntes de un gran impulso doy un paso peque\u00f1ito para atr\u00e1s<br \/>\nTodo lo que no atend\u00ed<br \/>\nVuelve siempre a resurgir<br \/>\nPero sonre\u00edmos<br \/>\nVaya si vivimos<br \/>\nTodo lo que aprendimos<br \/>\nNo le dedicar\u00e9 m\u00e1s tiempo pues el mundo est\u00e1 lleno de mujeres y hombres buenos<\/div>\n<div class=\"xpdxpnd\" data-mh=\"193\" data-mhc=\"1\">As\u00ed que le canto a los coherentes<br \/>\nA los humildes que buscan la paz<br \/>\nA los seres sensibles que cuidan de otros seres y saben amar<br \/>\nA todos los que luchan por nuestros derechos<br \/>\nMiran a todo hombre igual<br \/>\nA quienes no me juzguen<br \/>\nY a quienes est\u00e9n dispuestos a compartir<br \/>\nA ti mi compa\u00f1ero que tienes alma pura<br \/>\nQue es tu coraz\u00f3n bondad<br \/>\nRespetas mi espacio vital<br \/>\nMe escuchas bien atento<br \/>\nY besas con cari\u00f1o cada parte de mi cuerpo<\/div>\n<div class=\"xpdxpnd\" data-mh=\"129\" data-mhc=\"1\">Tienes en los ojos girasoles<br \/>\nY cuando me miras soy la estrella que m\u00e1s brilla<br \/>\nCuando r\u00edes se ilumina todo el techo<br \/>\nYa duermo tranquila, siento tanta calma adentro<br \/>\nY tienes en los ojos girasoles<br \/>\nY cuando me miras soy la estrella que m\u00e1s brilla<br \/>\nCuando r\u00edes se ilumina todo el techo<br \/>\nYa duermo tranquila, siento tanta calma adentro<\/div>\n<div class=\"xpdxpnd\" data-mh=\"49\" data-mhc=\"1\">El progreso de la condici\u00f3n humana requiere<br \/>\nInapelablemente que exista gente que se sienta en el fondo feliz<br \/>\nEn gastar su vida al servicio del progreso humano<\/div>\n<div data-mh=\"49\" data-mhc=\"1\"><\/div>\n<\/div>\n<div class=\"xpdxpnd kno-fb-ctx _Rtn _ECr\" data-mh=\"58\" data-ved=\"0ahUKEwiijOyWzenZAhUDORQKHVwRAyIQycMBCC0oADAB\" data-mhc=\"1\">\n<div>Autores de la canci\u00f3n: Mar\u00eda de los \u00c1ngeles Rozal\u00e9n Ortu\u00f1o<\/div>\n<div>Letra de Girasoles \u00a9 Universal Music Publishing Group<\/div>\n<div><\/div>\n<div>En tu memoria Gabriel&#8230;.<\/div>\n<div><\/div>\n<div><img decoding=\"async\" loading=\"lazy\" class=\"alignnone size-full wp-image-16301\" src=\"https:\/\/elcalaixetdelaiaia.es\/wp-content\/uploads\/2018\/03\/girasolG.jpg\" alt=\"\" width=\"718\" height=\"437\" srcset=\"https:\/\/elcalaixetdelaiaia.es\/wp-content\/uploads\/2018\/03\/girasolG.jpg 718w, https:\/\/elcalaixetdelaiaia.es\/wp-content\/uploads\/2018\/03\/girasolG-300x183.jpg 300w\" sizes=\"(max-width: 718px) 100vw, 718px\" \/><\/div>\n<div><\/div>\n<div>Como ha pedido su mam\u00e1&#8230;.dejaremos de hablar del tema. Todo mi respeto, admiraci\u00f3n y cari\u00f1o para esos padres, familia y amigos.<\/div>\n<\/div>\n<\/div>\n<\/div>\n<\/div>\n<\/div>\n","protected":false},"excerpt":{"rendered":"<p>El calaixet de la iaia suele mantenerse al margen de \u00e9ste tipo de publicaciones que considera m\u00e1s de tipo personal, pero ante la petici\u00f3n de \u00e9sos padres y poni\u00e9ndome en su lugar, no puedo dar la espalda, ni cerrar los ojos, y como son algunos los seguidores que tengo y &hellip; <\/p>\n","protected":false},"author":2,"featured_media":0,"comment_status":"open","ping_status":"open","sticky":false,"template":"","format":"standard","meta":[],"categories":[23],"tags":[],"_links":{"self":[{"href":"https:\/\/elcalaixetdelaiaia.es\/index.php?rest_route=\/wp\/v2\/posts\/16098"}],"collection":[{"href":"https:\/\/elcalaixetdelaiaia.es\/index.php?rest_route=\/wp\/v2\/posts"}],"about":[{"href":"https:\/\/elcalaixetdelaiaia.es\/index.php?rest_route=\/wp\/v2\/types\/post"}],"author":[{"embeddable":true,"href":"https:\/\/elcalaixetdelaiaia.es\/index.php?rest_route=\/wp\/v2\/users\/2"}],"replies":[{"embeddable":true,"href":"https:\/\/elcalaixetdelaiaia.es\/index.php?rest_route=%2Fwp%2Fv2%2Fcomments&post=16098"}],"version-history":[{"count":7,"href":"https:\/\/elcalaixetdelaiaia.es\/index.php?rest_route=\/wp\/v2\/posts\/16098\/revisions"}],"predecessor-version":[{"id":16304,"href":"https:\/\/elcalaixetdelaiaia.es\/index.php?rest_route=\/wp\/v2\/posts\/16098\/revisions\/16304"}],"wp:attachment":[{"href":"https:\/\/elcalaixetdelaiaia.es\/index.php?rest_route=%2Fwp%2Fv2%2Fmedia&parent=16098"}],"wp:term":[{"taxonomy":"category","embeddable":true,"href":"https:\/\/elcalaixetdelaiaia.es\/index.php?rest_route=%2Fwp%2Fv2%2Fcategories&post=16098"},{"taxonomy":"post_tag","embeddable":true,"href":"https:\/\/elcalaixetdelaiaia.es\/index.php?rest_route=%2Fwp%2Fv2%2Ftags&post=16098"}],"curies":[{"name":"wp","href":"https:\/\/api.w.org\/{rel}","templated":true}]}}