{"id":15936,"date":"2018-03-01T00:11:07","date_gmt":"2018-03-01T00:11:07","guid":{"rendered":"http:\/\/elcalaixetdelaiaia.es\/?p=15936"},"modified":"2018-03-01T15:24:59","modified_gmt":"2018-03-01T15:24:59","slug":"ja-estan-aci-el-falles-2018-programa-dactes","status":"publish","type":"post","link":"https:\/\/elcalaixetdelaiaia.es\/?p=15936","title":{"rendered":"Ja est\u00e1n a\u00e7i les falles 2018 programa d&#8217;actes"},"content":{"rendered":"<p>\u00abRefrany;<\/p>\n<p>Val\u00e8ncia ser\u00e0 Val\u00e8ncia, mentres hi haja una barraca, el Micalet, la paella, una falla i una traca\u00bb<\/p>\n<p>Val\u00e9ncia ser\u00e1 Valencia, mientras haya una barraca, el Miquelete, la paella, una falla y una traca<\/p>\n<p>&nbsp;<\/p>\n<p><img decoding=\"async\" loading=\"lazy\" class=\"size-full wp-image-15939 aligncenter\" src=\"https:\/\/elcalaixetdelaiaia.es\/wp-content\/uploads\/2018\/02\/ja-est\u00e9m-en-falles2018.jpg\" alt=\"\" width=\"484\" height=\"640\" srcset=\"https:\/\/elcalaixetdelaiaia.es\/wp-content\/uploads\/2018\/02\/ja-est\u00e9m-en-falles2018.jpg 484w, https:\/\/elcalaixetdelaiaia.es\/wp-content\/uploads\/2018\/02\/ja-est\u00e9m-en-falles2018-227x300.jpg 227w\" sizes=\"(max-width: 484px) 100vw, 484px\" \/><\/p>\n<p>Ja est\u00e9m en falles!!!<\/p>\n<p>Desde este blog compartirmos el programa de los actos que tendr\u00e1n lugar durante las fiestas josefinas.<\/p>\n<p><strong>MARZO<\/strong><\/p>\n<p><strong>Jueves 1 de marzo<\/strong><\/p>\n<p>14.00 horas &#8211; <strong>\u201cMasclet\u00e0\u201d<\/strong> en la plaza del Ayuntamiento<\/p>\n<p><strong>Viernes 2 de marzo<\/strong><\/p>\n<ul>\n<li>14.00 horas &#8211; <strong>\u201cmasclet\u00e0\u201d<\/strong> en la plaza del Ayuntamiento<\/li>\n<li>21.00 horas &#8211; Gran Gala del Deporte.<\/li>\n<\/ul>\n<p><strong>S\u00e1bado 3 de marzo<\/strong><\/p>\n<ul>\n<li>11:00 horas &#8211; ECOVIDRIO, entrega palets a las fallas que se hayan\u00a0volcado en esta inciativa. Palacio de la Exposici\u00f3n<\/li>\n<li>14.00 horas &#8211; \u201cmasclet\u00e0\u201d en la plaza del Ayuntamiento<\/li>\n<li>18.00 horas &#8211; Cabalgata del Ninot por el itinerario siguiente: Salida de la Glorieta, por la calle de la Paz, Sant Vicente, plaza del Ayuntamiento, Marqu\u00e9s de Sotelo y final en la calle de J\u00e1tiva, cerrando la Cabalgata la entrada de las primeras piezas de la falla\u00a0municipal.<\/li>\n<li>00.00 horas &#8211; \u201cmasclet\u00e0\u201d de colores en la plaza del Ayuntamiento<\/li>\n<\/ul>\n<p><strong>Domingo 4 de marzo\u00a0<\/strong><\/p>\n<ul>\n<li>10.00 horas<strong>\u00a0<\/strong>Concurso del \u201cCant de l\u2019Estoreta\u201d, organizado por la Falla Plaza del Arbol y patrocinado por la Junta Central Fallera.<\/li>\n<li>14.00 horas -\u201cmasclet\u00e0\u201d en la plaza del Ayuntamiento<\/li>\n<\/ul>\n<p><strong>Lunes 5 de marzo<\/strong><\/p>\n<ul>\n<li>14.00 horas &#8211; \u201cmasclet\u00e0\u201d en la plaza del Ayuntamiento.<\/li>\n<\/ul>\n<p><strong>Martes 6 de marzo<\/strong><\/p>\n<ul>\n<li>14.00 horas &#8211; \u201dmasclet\u00e0\u201d en la plaza del Ayuntamiento<\/li>\n<\/ul>\n<p><strong>Miercoles 7 de marzo<\/strong><\/p>\n<ul>\n<li>12:00 horas- En la explanada de la Plaza de Toros,inaguraci\u00f3n de la XIX edici\u00f3n de FOTUR. La Gran Horchatada y Naranjada Fallera 2018,.<\/li>\n<li>14.00 horas &#8211; \u201cmasclet\u00e0\u201d en la plaza del Ayuntamiento<\/li>\n<\/ul>\n<p><strong>Jueves 8 de marzo<\/strong><\/p>\n<ul>\n<li>12:00 horas- En la explanada de la Plaza de Toros, XIX edici\u00f3n de FOTUR. La Gran Horchatada y Naranjada Fallera 2018,.<\/li>\n<li>14.00 horas &#8211; \u201cmasclet\u00e0\u201d en la plaza del Ayuntamiento.<\/li>\n<li>18.00 horas &#8211; Homenaje de las Fuerzas Armadas a las falleras mayores de Valencia.<\/li>\n<\/ul>\n<p><strong>Viernes 9 de marzo<\/strong><\/p>\n<ul>\n<li>12:00 horas &#8211; Salida de la Ronda Fallera de Coches de \u201cl\u2019Antigor\u201d.<\/li>\n<li>14.00 horas &#8211; \u201cmasclet\u00e0\u201d en la plaza del Ayuntamiento<\/li>\n<\/ul>\n<p><strong>S\u00e1bado 10 de marzo<\/strong><\/p>\n<ul>\n<li>00.00 horas &#8211; <strong>\u201cmasclet\u00e0\u201d<\/strong> nocturna en la plaza del Ayuntamiento<\/li>\n<li>14:00 horas\u00a0&#8211;\u00a0<strong>\u201cmasclet\u00e0\u201d\u00a0<\/strong>\u00a0en la plaza del Ayuntamiento.<\/li>\n<\/ul>\n<p><strong>Domingo 11 de marzo<\/strong><\/p>\n<ul>\n<li>11:30 horas &#8211; Concierto Extraordinario de Fallas, por la Banda Municipal de Valencia<\/li>\n<li>14:.00 horas &#8211; <strong>\u201cmasclet\u00e0<\/strong>\u201d en la plaza del Ayuntamiento.<\/li>\n<li>18:00 horas \u2013 Cabalgata del Patrimonio organizada por el Excm. Ayuntamiento con el siguiente itinerario: Lonja, Mar\u00eda Cristina, plaza del Ayuntamiento y Marques de Sotelo.<\/li>\n<\/ul>\n<p><strong>Lunes 12 de marzo<\/strong><\/p>\n<ul>\n<li>14.00 horas &#8211; <strong>\u201cmasclet\u00e0\u201d<\/strong> en la plaza del Ayuntamiento.<\/li>\n<\/ul>\n<p><strong>Martes 13 de marzo<\/strong><\/p>\n<p>14.00 horas <strong>-\u201cmasclet\u00e0\u201d<\/strong> en la plaza del Ayuntamiento.<\/p>\n<p><strong>Miercoles 14 de marzo<\/strong><\/p>\n<ul>\n<li>14:00 horas &#8211;<strong> \u201cmasclet\u00e0\u201d<\/strong> en la plaza del Ayuntamiento<\/li>\n<li>17:00 horas &#8211; Clausura de la Exposici\u00f3n del Ninot Infantil.<\/li>\n<li>17:30horas- Lectura del veredicto popular y proclamaci\u00f3n del \u201cNinot Indultat\u201d infantil del 2018.<\/li>\n<li>17:45 horas &#8211; Recogida de los ninots infantiles por parte de las comisiones falleras.<\/li>\n<\/ul>\n<p><strong>Jueves 15 de marzo<\/strong><\/p>\n<ul>\n<li>09.00 horas &#8211; <strong>\u201cPlant\u00e0\u201d<\/strong> de todas las fallas infantiles.<\/li>\n<li>14.00 horas- <strong>\u201cmasclet\u00e0\u201d<\/strong> en la plaza del Ayuntamiento<\/li>\n<li>17.00 horas &#8211; Clausura de la Exposici\u00f3n del Ninot.<\/li>\n<li>17.30 horas- Lectura del veredicto popular y proclamaci\u00f3n del \u201cNinot Indultat\u201d del 2018.<\/li>\n<li>17.45 horas &#8211; Recogida de los ninots por parte de las comisiones falleras.<\/li>\n<li>18:00 horas -Visita de las<strong> Falleras Mayores<\/strong> de Valencia y sus <strong>Cortes de Honor<\/strong> al parque de bomberos de la Avenida de la Plata.<\/li>\n<li>00:00 horas \u2013 \u201cL\u2019alba\u201d de las Fallas en toda la ciudad, con espect\u00e1culo pirot\u00e9cnico en la Plaza del Ayuntamiento.<\/li>\n<\/ul>\n<p><strong>Viernes 16 de marzo<\/strong><\/p>\n<ul>\n<li>09.00 horas &#8211; \u201cplant\u00e0\u201d de todas las fallas.<\/li>\n<li>14.00 horas &#8211; \u201cmasclet\u00e0\u201d en la plaza del Ayuntamiento.<\/li>\n<li>16.30 horas \u2013 En la tribuna instalada ante el Ayuntamiento, reparto de premios obtenidos por las fallas infantiles en las diferentes secciones, as\u00ed como de presentaciones infantiles, Cabalgata del Ninot y llibrets de falla.<\/li>\n<li>00.00 horas \u2013 Castillo de fuegos artificiales al paseo de la Alameda.<\/li>\n<\/ul>\n<p><strong>S\u00e1bado 17 de marzo<\/strong><\/p>\n<ul>\n<li>09:00 horas &#8211; A la tribuna instalada ante el Ayuntamiento, reparto de premios obtenidos por las fallas en las diferentes secciones, as\u00ed como por los concursos de calles adornadas y iluminadas, presentaciones y de llibret de falla.<\/li>\n<li>A las 14.00 horas &#8211;<strong> \u201cmasclet\u00e0\u201d<\/strong> en la plaza del Ayuntamiento<\/li>\n<\/ul>\n<p>OFRENDA &#8211; CALLE SANT VICENTE<\/p>\n<ul>\n<li>15:30 horas El Carme<\/li>\n<li>16:15 horas: Benicalap<\/li>\n<li>17:30 horas: Campanar<\/li>\n<li>18:30 horas: La Roqueta &#8211; Arrancapins<\/li>\n<li>20:00 horas: Olivereta<\/li>\n<li>21:30 horas: Sa\u00efdia<\/li>\n<li>23:00 horas: Casas Regionales<\/li>\n<li>23:35 horas: Juntas Locales<\/li>\n<li>23.40 horas: Falla Santa Mar\u00eda Micaela &#8211; Martin el Humano<\/li>\n<li>23.45 horas: Fallera Mayor Infantil de Valencia y Corte de Honor.<\/li>\n<\/ul>\n<p>OFRENDA &#8211; CALLE DE LA PAZ<\/p>\n<ul>\n<li>15:30 horas: Poblats Al Sud<\/li>\n<li>16:30 horas: Quatre Carreres<\/li>\n<li>18:00 horas: Pla del Remei \u2013 Gran Via<\/li>\n<li>19:00 horas: Benimamet- Burjassot &#8211; Beniferri<\/li>\n<li>20:45 horas: Malvarrosa \u2013 Cabanyal &#8211; Beter\u00f3<\/li>\n<li>22:00 horas:Algiros.<\/li>\n<li>01:00 horas : Castillo de fuegos artificiales en el paseo de la Alameda.<\/li>\n<\/ul>\n<p><strong>Domingo 18 de marzo<\/strong><\/p>\n<ul>\n<li>10:30 horas &#8211; Homenaje al poeta Maximiliano Thous, en su monumento, situado en el cruce de las calles de Sagunto y Maximiliano Thous, con la colaboraci\u00f3n especial de la Falla Fray Pedro Vives &#8211; Bilbao &#8211; Maximiliano Thous.<\/li>\n<li>12.00 horas &#8211; Homenaje al maestro Serrano, que tendr\u00e1 lugar en su monumento de la avenida del Reino de Val\u00e8ncia.<\/li>\n<li>14.00 horas &#8211; <strong>\u201cMasclet\u00e0\u201d<\/strong> en la plaza del Ayuntamiento.<\/li>\n<\/ul>\n<p>OFRENDA- CALLE SANT VICENTE<\/p>\n<ul>\n<li>15:30 horas: Botanic \u2013 La Petxina.<\/li>\n<li>16:30 horas: Quart de Poblet \u2013 Xirivella<\/li>\n<li>18:00 horas: Jesus.<\/li>\n<li>19:00 horas: Mislata.<\/li>\n<li>20:00 horas La Creu Coberta<\/li>\n<li>21:00 horas: El Pilar \u2013 Sant Francesc.<\/li>\n<li>22:00 horas: Patraix<\/li>\n<li>23:00 horas: La Seu \u2013 El Mercat<\/li>\n<li>23:30 horas: Casa Regionales<\/li>\n<li>23;45 horas: Falla Plaza de la Merced<\/li>\n<li>23:50 horas: Fallera Mayor de Valencia y Corte de Honor.<\/li>\n<\/ul>\n<p>OFRENDA &#8211; CALLE DE LA PAZ<\/p>\n<ul>\n<li>15:30 horas: Rascanya.<\/li>\n<li>16:45 horas: Camins al Grau.<\/li>\n<li>18:30 horas: Russafa A.<\/li>\n<li>19:15 horas: Russafa B.<\/li>\n<li>20:00 horas: Pla del Reial &#8211; Benimaclet.<\/li>\n<li>21:30 horas: Cabanyal \u2013 Grao &#8211; Nazaret.<\/li>\n<li>22:45 horas: La Xerea<\/li>\n<li>01.30 horas Gran \u201cNIT DEL FOC\u201d Castillo de fuegos artificiales en el paseo de la Alameda.<\/li>\n<\/ul>\n<p><strong>Lunes 19 de marzo<\/strong><\/p>\n<ul>\n<li>11.00 horas &#8211; En el puente de Sant Jos\u00e9, las <strong>Falleras Mayores<\/strong> de Valencia y sus <strong>Cortes de Honor<\/strong> har\u00e1n una ofrenda de flores ante la imagen del Patriarca. Al acabar el acto, <strong>\u201cmasclet\u00e0\u201d<\/strong> patrocinada por la Falla Doctor Ol\u00f3riz.<\/li>\n<li>12.00 horas &#8211; Misa solemne en honor de San Jose en la Seo de Valencia, oficiada por el arzobispo de Valencia, monse\u00f1or Antonio Ca\u00f1izares, ofrecida por Junta Central Fallera y el Gremio de Carpinteros, con la asistencia de las<strong> Falleras Mayores<\/strong> de Valencia y\u00a0sus <strong>Cortes de Honor<\/strong>.<\/li>\n<li>14.00 horas &#8211; \u201cmasclet\u00e0\u201d en la plaza del Ayuntamiento.<\/li>\n<li>19.00 horas &#8211; Cabalgata del Fuego por la calle de Col\u00f3n, desde la calle de Ruzafa hasta la plaza de la Porta la Mar.<\/li>\n<li>22.00 horas- <strong>\u201ccrem\u00e0\u201d<\/strong> de las fallas infantiles.<\/li>\n<li>22.30 horas \u2013 <strong>\u201ccrem\u00e0\u201d<\/strong> de la falla infantil que haya obtenido el primer premio de la secci\u00f3n especial.<\/li>\n<li>23.00 horas \u2013 <strong>\u201ccrem\u00e0\u201d<\/strong> de la falla infantil de la plaza del Ayuntamiento.<\/li>\n<li>00.00 horas \u2013<strong> \u201ccrem\u00e0\u201d<\/strong> de todas las fallas de Valencia.<\/li>\n<li>00.30 horas \u2013 <strong>\u201ccrem\u00e0\u201d<\/strong> de la falla que haya obtenido el primer premio de la secci\u00f3n especial.<\/li>\n<li>01:00 horas &#8211;\u00a0 <strong>\u00abcrem\u00e0\u00bb<\/strong> de la falla de la plaza del Ayuntamiento.<\/li>\n<\/ul>\n<p>Datos de la p\u00e1gina oficial de JCF<\/p>\n<p>\u00a1Bones falles i a disfrutar de la festa!<\/p>\n<p>Si te gusta \u00e9sta entrada,\u00a0punt\u00faala\u00a0con g+1, as\u00ed mucha gente podr\u00e1 saber el programa de nuestras fallas.Gracias por hacerlo.Si quieres comentar, tus comentarios para mi son MUY importantes y recuerda que tambi\u00e9n estoy en Facebook <a href=\"https:\/\/www.facebook.com\/El-calaixet-de-la-iaia-533062140099386\/\">https:\/\/www.facebook.com\/El-calaixet-de-la-iaia-533062140099386\/<\/a><\/p>\n","protected":false},"excerpt":{"rendered":"<p>\u00abRefrany; Val\u00e8ncia ser\u00e0 Val\u00e8ncia, mentres hi haja una barraca, el Micalet, la paella, una falla i una traca\u00bb Val\u00e9ncia ser\u00e1 Valencia, mientras haya una barraca, el Miquelete, la paella, una falla y una traca &nbsp; Ja est\u00e9m en falles!!! Desde este blog compartirmos el programa de los actos que tendr\u00e1n &hellip; <\/p>\n","protected":false},"author":2,"featured_media":15939,"comment_status":"open","ping_status":"open","sticky":false,"template":"","format":"standard","meta":[],"categories":[1,47],"tags":[],"_links":{"self":[{"href":"https:\/\/elcalaixetdelaiaia.es\/index.php?rest_route=\/wp\/v2\/posts\/15936"}],"collection":[{"href":"https:\/\/elcalaixetdelaiaia.es\/index.php?rest_route=\/wp\/v2\/posts"}],"about":[{"href":"https:\/\/elcalaixetdelaiaia.es\/index.php?rest_route=\/wp\/v2\/types\/post"}],"author":[{"embeddable":true,"href":"https:\/\/elcalaixetdelaiaia.es\/index.php?rest_route=\/wp\/v2\/users\/2"}],"replies":[{"embeddable":true,"href":"https:\/\/elcalaixetdelaiaia.es\/index.php?rest_route=%2Fwp%2Fv2%2Fcomments&post=15936"}],"version-history":[{"count":4,"href":"https:\/\/elcalaixetdelaiaia.es\/index.php?rest_route=\/wp\/v2\/posts\/15936\/revisions"}],"predecessor-version":[{"id":15946,"href":"https:\/\/elcalaixetdelaiaia.es\/index.php?rest_route=\/wp\/v2\/posts\/15936\/revisions\/15946"}],"wp:featuredmedia":[{"embeddable":true,"href":"https:\/\/elcalaixetdelaiaia.es\/index.php?rest_route=\/wp\/v2\/media\/15939"}],"wp:attachment":[{"href":"https:\/\/elcalaixetdelaiaia.es\/index.php?rest_route=%2Fwp%2Fv2%2Fmedia&parent=15936"}],"wp:term":[{"taxonomy":"category","embeddable":true,"href":"https:\/\/elcalaixetdelaiaia.es\/index.php?rest_route=%2Fwp%2Fv2%2Fcategories&post=15936"},{"taxonomy":"post_tag","embeddable":true,"href":"https:\/\/elcalaixetdelaiaia.es\/index.php?rest_route=%2Fwp%2Fv2%2Ftags&post=15936"}],"curies":[{"name":"wp","href":"https:\/\/api.w.org\/{rel}","templated":true}]}}