{"id":15703,"date":"2018-02-01T13:38:21","date_gmt":"2018-02-01T13:38:21","guid":{"rendered":"http:\/\/elcalaixetdelaiaia.es\/?p=15703"},"modified":"2024-05-27T09:14:17","modified_gmt":"2024-05-27T09:14:17","slug":"tarta-cumpleanos-patacona-cf-paso-a-paso","status":"publish","type":"post","link":"https:\/\/elcalaixetdelaiaia.es\/?p=15703","title":{"rendered":"Tarta cumplea\u00f1os Patacona CF paso a paso"},"content":{"rendered":"<p>\u00abRefrany; El que \u00e9s mal fill no pot ser bon home\u00bb . El que es mal hijo no puede ser buen hombre.<\/p>\n<p>Pues as\u00ed de buenos son mis gemelos, mas buenos que el pan, porque han sido unos hijos ejemplares, y son unos padres, unos maridos y unos hermanos maravillosos. Pero hoy toca hablar de uno de los dos por separado, hoy es uno s\u00f3lo el protagonista, (aunque el cumple claro est\u00e1, siendo gemelos es de los dos) y en mi coraz\u00f3n no es protagonista\u00a0 ninguno, \u00abTanto monta, monta tanto&#8230;\u00bb<\/p>\n<p>Os contaba el otro d\u00eda que tengo dos hermanos gemelos que son mi vida, y para celebrar el cumple a uno de ellos, le hice una tarta capuchina que es su favorita y que pod\u00e9is ver paso a paso pinchando aqu\u00ed <a href=\"https:\/\/elcalaixetdelaiaia.es\/?p=15493\">https:\/\/elcalaixetdelaiaia.es\/?p=15493<\/a><\/p>\n<p><img decoding=\"async\" loading=\"lazy\" class=\"alignnone size-large wp-image-15713\" src=\"https:\/\/elcalaixetdelaiaia.es\/wp-content\/uploads\/2018\/02\/IMG_3824-1024x746.jpg\" alt=\"\" width=\"750\" height=\"546\" srcset=\"https:\/\/elcalaixetdelaiaia.es\/wp-content\/uploads\/2018\/02\/IMG_3824-1024x746.jpg 1024w, https:\/\/elcalaixetdelaiaia.es\/wp-content\/uploads\/2018\/02\/IMG_3824-300x219.jpg 300w, https:\/\/elcalaixetdelaiaia.es\/wp-content\/uploads\/2018\/02\/IMG_3824-768x560.jpg 768w\" sizes=\"(max-width: 750px) 100vw, 750px\" \/><\/p>\n<p>Pues el otro no iba a ser menos, porque no lo es, porque para mi, monta tanto, tanto monta, as\u00ed que para la celebraci\u00f3n, al otro hermano gemelo, le prepar\u00e9 una tarta con un bizcocho genov\u00e9s de chocolate, rellena de crema de chocolate y fresas y decorada con fondant formando el escudo de SU equipo de f\u00fatbol&#8230;\u00a0 aunque bueno, diciendo, \u00e9sto me quedo MUY corta, porque el f\u00fatbol, el Patacona, es su vida, y aparte de su familia claro, su gran pasi\u00f3n y a lo que dedica todo todo, tooodooo, todoooooooo su tiempo libre.<\/p>\n<p>Madre m\u00eda lo que lleva peleado mi tete por su club desde que \u00e9l lo fund\u00f3, todo lo que es cuente, se queda corto, en serio.<\/p>\n<p>As\u00ed que he querido darle \u00e9sta sorpresa, porque le quiero con locura, porque para mi, es\/son, mas hijos que hermanos y porque mis tetes, se lo merecen todo, los adoro, los he criado y son c\u00f3mo mis hijos los dos.<\/p>\n<p>Necesitaremos;<\/p>\n<p><img decoding=\"async\" loading=\"lazy\" class=\"alignnone size-large wp-image-15714\" src=\"https:\/\/elcalaixetdelaiaia.es\/wp-content\/uploads\/2018\/02\/WPFM8048-1024x768.png\" alt=\"\" width=\"750\" height=\"563\" srcset=\"https:\/\/elcalaixetdelaiaia.es\/wp-content\/uploads\/2018\/02\/WPFM8048-1024x768.png 1024w, https:\/\/elcalaixetdelaiaia.es\/wp-content\/uploads\/2018\/02\/WPFM8048-300x225.png 300w, https:\/\/elcalaixetdelaiaia.es\/wp-content\/uploads\/2018\/02\/WPFM8048-768x576.png 768w\" sizes=\"(max-width: 750px) 100vw, 750px\" \/><\/p>\n<p>Para el bizcocho genov\u00e9s<\/p>\n<ol>\n<li>\n<div class=\"copy-paste-block\">20g de cacao en polvo puro sin az\u00facar<\/div>\n<\/li>\n<li>100g de harina de trigo<\/li>\n<li>4 huevos camperos<\/li>\n<li>120g de az\u00facar blanquilla<\/li>\n<li>Una pizquita de sal<\/li>\n<\/ol>\n<p>Para el relleno y la ganache;<\/p>\n<ol>\n<li>200g de chocolate fondant puro Valor<\/li>\n<li>200ml de nata para montar o crema de leche<\/li>\n<li>1\/4 de fresones<\/li>\n<li>Una cucharada de az\u00facar blanquilla<\/li>\n<\/ol>\n<p>Para el alm\u00edbar;<\/p>\n<ol>\n<li>150ml de agua<\/li>\n<li>150g de az\u00facar<\/li>\n<li>50ml de ron<\/li>\n<\/ol>\n<p>Para la decoraci\u00f3n de fondant;<\/p>\n<ol>\n<li>Fondant blanco y colorantes<\/li>\n<\/ol>\n<p style=\"text-align: center;\">Vamos a comenzar preparando un bizcocho genov\u00e9s de chocolate.<\/p>\n<p style=\"text-align: center;\">Por mucho que una tarta sea bonita, muy bonita o preciosa por fuera, si al cortarla y comerla es un mazacote \u00bfdonde est\u00e1 la gracia? Lo importante es que sea una tarta jugosa, rica, apetecible, es mucho m\u00e1s importante el interior, aunque se dice que se come tambi\u00e9n por los ojos. En casa el fondant no gusta demasiado, as\u00ed que tras disfrutar de la \u00abapariencia\u00bb de la tarta y soplar las velas, normalmente, los mayores, apartamos casi todos el fondant y disfrutamos realmente del coraz\u00f3n de una rica tarta.<\/p>\n<p style=\"text-align: center;\"><img decoding=\"async\" loading=\"lazy\" class=\"alignnone size-large wp-image-15715\" src=\"https:\/\/elcalaixetdelaiaia.es\/wp-content\/uploads\/2018\/02\/TUCF9268-1024x768.png\" alt=\"\" width=\"750\" height=\"563\" srcset=\"https:\/\/elcalaixetdelaiaia.es\/wp-content\/uploads\/2018\/02\/TUCF9268-1024x768.png 1024w, https:\/\/elcalaixetdelaiaia.es\/wp-content\/uploads\/2018\/02\/TUCF9268-300x225.png 300w, https:\/\/elcalaixetdelaiaia.es\/wp-content\/uploads\/2018\/02\/TUCF9268-768x576.png 768w, https:\/\/elcalaixetdelaiaia.es\/wp-content\/uploads\/2018\/02\/TUCF9268.png 2048w\" sizes=\"(max-width: 750px) 100vw, 750px\" \/><\/p>\n<p style=\"text-align: center;\">Lo primero de todo ser\u00e1 tener el horno a la temperatura adecuada, as\u00ed que lo pondremos a calentar a 180\u00ba con calor arriba y abajo.<\/p>\n<p style=\"text-align: center;\">Hoy voy a hacer \u00e9ste bizcocho en un molde de usar y tirar para que ve\u00e1is el resultado. El molde es de aluminio y mide 5cm de alto y 20cm de ancho<\/p>\n<p style=\"text-align: center;\"><img decoding=\"async\" loading=\"lazy\" class=\"alignnone size-large wp-image-15758\" src=\"https:\/\/elcalaixetdelaiaia.es\/wp-content\/uploads\/2018\/02\/IMG_2811-copia-2-1024x730.jpg\" alt=\"\" width=\"750\" height=\"535\" srcset=\"https:\/\/elcalaixetdelaiaia.es\/wp-content\/uploads\/2018\/02\/IMG_2811-copia-2-1024x730.jpg 1024w, https:\/\/elcalaixetdelaiaia.es\/wp-content\/uploads\/2018\/02\/IMG_2811-copia-2-300x214.jpg 300w, https:\/\/elcalaixetdelaiaia.es\/wp-content\/uploads\/2018\/02\/IMG_2811-copia-2-768x547.jpg 768w\" sizes=\"(max-width: 750px) 100vw, 750px\" \/><\/p>\n<p style=\"text-align: center;\">En un vaso mezclador, pondremos los cuatro huevos que estar\u00e1n a temperatura ambiente, a\u00f1adiremos una pizquita de sal. Ya sab\u00e9is que siempre que puedo (cuando bajan mis chicos), consumo huevos ecol\u00f3gicos, camperos y serranos de los que cr\u00edan mi nuera y mi hijo mayores en la Sierra de Albarrac\u00edn, en plenas monta\u00f1as, a 1.500m. de altitud, y que las sacan al sol todos los d\u00edas, el color que veis no es el de un huevo normal, son muy amarillos porque les dan de comer ma\u00edz y comida y sana, la clara es muy gelatinosa y el sabor mmmmmmm impresionante. Siempre que pod\u00e1is consumir al menos huevos ecol\u00f3gicos y camperos, aunque las gallinicas no est\u00e1n como las de mis hijos, al menos no viven hacinadas en jaulas&#8230; a ver si pongo una post habl\u00e1ndoos de huevos, aunque hoy en d\u00eda todos sabemos diferenciar ya mas o menos \ud83d\ude09<\/p>\n<p style=\"text-align: center;\"><img decoding=\"async\" loading=\"lazy\" class=\"alignnone size-large wp-image-15759\" src=\"https:\/\/elcalaixetdelaiaia.es\/wp-content\/uploads\/2018\/02\/NUEE0823-1024x768.png\" alt=\"\" width=\"750\" height=\"563\" srcset=\"https:\/\/elcalaixetdelaiaia.es\/wp-content\/uploads\/2018\/02\/NUEE0823-1024x768.png 1024w, https:\/\/elcalaixetdelaiaia.es\/wp-content\/uploads\/2018\/02\/NUEE0823-300x225.png 300w, https:\/\/elcalaixetdelaiaia.es\/wp-content\/uploads\/2018\/02\/NUEE0823-768x576.png 768w\" sizes=\"(max-width: 750px) 100vw, 750px\" \/><\/p>\n<p style=\"text-align: center;\">pesaremos 120g de az\u00facar blanquilla y lo juntaremos con los huevos. Este bizcocho no lleva ni levadura, ni gaseosillas, ni impulsor alguno. La manera de que suba en el horno es por haber metido el suficiente aire al batir los huevos, as\u00ed que batiremos con las varillas batidoras, al menos durante 10\/12 minutos a velocidad fuerte<\/p>\n<p style=\"text-align: center;\"><img decoding=\"async\" loading=\"lazy\" class=\"alignnone size-large wp-image-15762\" src=\"https:\/\/elcalaixetdelaiaia.es\/wp-content\/uploads\/2018\/02\/IMG_3700-1024x768.jpg\" alt=\"\" width=\"750\" height=\"563\" srcset=\"https:\/\/elcalaixetdelaiaia.es\/wp-content\/uploads\/2018\/02\/IMG_3700-1024x768.jpg 1024w, https:\/\/elcalaixetdelaiaia.es\/wp-content\/uploads\/2018\/02\/IMG_3700-300x225.jpg 300w, https:\/\/elcalaixetdelaiaia.es\/wp-content\/uploads\/2018\/02\/IMG_3700-768x576.jpg 768w\" sizes=\"(max-width: 750px) 100vw, 750px\" \/><\/p>\n<p style=\"text-align: center;\">veremos que los huevos se han blanqueado y han triplicado su volumen<\/p>\n<p style=\"text-align: center;\"><img decoding=\"async\" loading=\"lazy\" class=\"alignnone size-large wp-image-15760\" src=\"https:\/\/elcalaixetdelaiaia.es\/wp-content\/uploads\/2018\/02\/FIKU0378-1-1024x768.png\" alt=\"\" width=\"750\" height=\"563\" srcset=\"https:\/\/elcalaixetdelaiaia.es\/wp-content\/uploads\/2018\/02\/FIKU0378-1-1024x768.png 1024w, https:\/\/elcalaixetdelaiaia.es\/wp-content\/uploads\/2018\/02\/FIKU0378-1-300x225.png 300w, https:\/\/elcalaixetdelaiaia.es\/wp-content\/uploads\/2018\/02\/FIKU0378-1-768x576.png 768w, https:\/\/elcalaixetdelaiaia.es\/wp-content\/uploads\/2018\/02\/FIKU0378-1.png 2048w\" sizes=\"(max-width: 750px) 100vw, 750px\" \/><\/p>\n<p style=\"text-align: center;\">pesaremos 100g de harina floja, una harina normal de trigo, no pong\u00e1is harina de fuerza, ni bizcochona ni nada similar.<\/p>\n<p style=\"text-align: center;\"><img decoding=\"async\" loading=\"lazy\" class=\"alignnone size-large wp-image-15761\" src=\"https:\/\/elcalaixetdelaiaia.es\/wp-content\/uploads\/2018\/02\/FNCL5677-1-1024x767.png\" alt=\"\" width=\"750\" height=\"562\" srcset=\"https:\/\/elcalaixetdelaiaia.es\/wp-content\/uploads\/2018\/02\/FNCL5677-1-1024x767.png 1024w, https:\/\/elcalaixetdelaiaia.es\/wp-content\/uploads\/2018\/02\/FNCL5677-1-300x225.png 300w, https:\/\/elcalaixetdelaiaia.es\/wp-content\/uploads\/2018\/02\/FNCL5677-1-768x575.png 768w\" sizes=\"(max-width: 750px) 100vw, 750px\" \/><\/p>\n<p style=\"text-align: center;\">a la que a\u00f1adiremos 20g de chocolate puro sin az\u00facar. Si quer\u00e9is hacer un bizcocho genov\u00e9s de vainilla, suprimid el chocolate, y a\u00f1adid 20g. mas de harina y una cucharadita de extracto de vainilla<\/p>\n<p style=\"text-align: center;\"><img decoding=\"async\" loading=\"lazy\" class=\"alignnone size-large wp-image-15745\" src=\"https:\/\/elcalaixetdelaiaia.es\/wp-content\/uploads\/2018\/02\/ROXG5752-1024x768.png\" alt=\"\" width=\"750\" height=\"563\" srcset=\"https:\/\/elcalaixetdelaiaia.es\/wp-content\/uploads\/2018\/02\/ROXG5752-1024x768.png 1024w, https:\/\/elcalaixetdelaiaia.es\/wp-content\/uploads\/2018\/02\/ROXG5752-300x225.png 300w, https:\/\/elcalaixetdelaiaia.es\/wp-content\/uploads\/2018\/02\/ROXG5752-768x576.png 768w\" sizes=\"(max-width: 750px) 100vw, 750px\" \/><\/p>\n<p style=\"text-align: center;\">volcaremos la harina y el chocolate en el tamizador<\/p>\n<p style=\"text-align: center;\"><img decoding=\"async\" loading=\"lazy\" class=\"alignnone size-large wp-image-15724\" src=\"https:\/\/elcalaixetdelaiaia.es\/wp-content\/uploads\/2018\/02\/ELBQ6903-1024x768.png\" alt=\"\" width=\"750\" height=\"563\" srcset=\"https:\/\/elcalaixetdelaiaia.es\/wp-content\/uploads\/2018\/02\/ELBQ6903-1024x768.png 1024w, https:\/\/elcalaixetdelaiaia.es\/wp-content\/uploads\/2018\/02\/ELBQ6903-300x225.png 300w, https:\/\/elcalaixetdelaiaia.es\/wp-content\/uploads\/2018\/02\/ELBQ6903-768x576.png 768w, https:\/\/elcalaixetdelaiaia.es\/wp-content\/uploads\/2018\/02\/ELBQ6903.png 2048w\" sizes=\"(max-width: 750px) 100vw, 750px\" \/><\/p>\n<p style=\"text-align: center;\">o en un colador de rejilla fina y tamizaremos sobre los huevos blanquedados con el az\u00facar<\/p>\n<p style=\"text-align: center;\"><img decoding=\"async\" loading=\"lazy\" class=\"alignnone size-large wp-image-15721\" src=\"https:\/\/elcalaixetdelaiaia.es\/wp-content\/uploads\/2018\/02\/CYRV3038-1024x768.png\" alt=\"\" width=\"750\" height=\"563\" srcset=\"https:\/\/elcalaixetdelaiaia.es\/wp-content\/uploads\/2018\/02\/CYRV3038-1024x768.png 1024w, https:\/\/elcalaixetdelaiaia.es\/wp-content\/uploads\/2018\/02\/CYRV3038-300x225.png 300w, https:\/\/elcalaixetdelaiaia.es\/wp-content\/uploads\/2018\/02\/CYRV3038-768x576.png 768w, https:\/\/elcalaixetdelaiaia.es\/wp-content\/uploads\/2018\/02\/CYRV3038.png 2048w\" sizes=\"(max-width: 750px) 100vw, 750px\" \/><\/p>\n<p style=\"text-align: center;\">mezclaremos con movimientos envolventes, hasta que quede todo muy bien integrado y sin grumos<\/p>\n<p style=\"text-align: center;\"><img decoding=\"async\" loading=\"lazy\" class=\"alignnone size-large wp-image-15751\" src=\"https:\/\/elcalaixetdelaiaia.es\/wp-content\/uploads\/2018\/02\/WEFR7792-1024x768.png\" alt=\"\" width=\"750\" height=\"563\" srcset=\"https:\/\/elcalaixetdelaiaia.es\/wp-content\/uploads\/2018\/02\/WEFR7792-1024x768.png 1024w, https:\/\/elcalaixetdelaiaia.es\/wp-content\/uploads\/2018\/02\/WEFR7792-300x225.png 300w, https:\/\/elcalaixetdelaiaia.es\/wp-content\/uploads\/2018\/02\/WEFR7792-768x576.png 768w, https:\/\/elcalaixetdelaiaia.es\/wp-content\/uploads\/2018\/02\/WEFR7792.png 2048w\" sizes=\"(max-width: 750px) 100vw, 750px\" \/><\/p>\n<p style=\"text-align: center;\">y los volcaremos en el recipiente, daremos unos golpecitos sobre la superficie de trabajo<\/p>\n<p style=\"text-align: center;\"><img decoding=\"async\" loading=\"lazy\" class=\"alignnone size-large wp-image-15734\" src=\"https:\/\/elcalaixetdelaiaia.es\/wp-content\/uploads\/2018\/02\/LSCN6672-1024x768.png\" alt=\"\" width=\"750\" height=\"563\" srcset=\"https:\/\/elcalaixetdelaiaia.es\/wp-content\/uploads\/2018\/02\/LSCN6672-1024x768.png 1024w, https:\/\/elcalaixetdelaiaia.es\/wp-content\/uploads\/2018\/02\/LSCN6672-300x225.png 300w, https:\/\/elcalaixetdelaiaia.es\/wp-content\/uploads\/2018\/02\/LSCN6672-768x576.png 768w\" sizes=\"(max-width: 750px) 100vw, 750px\" \/><\/p>\n<p style=\"text-align: center;\">y al horno unos 35 minutos m\u00e1s o menos. Cada horno necesita unos tiempos, los que os doy son orientativos, a los 30min. mas o menos abriremos el horno, y pincharemos el centro del bizcocho, si el pincho sale limpio, ya est\u00e1 a punto el bizcocho, en caso contrario dejaremos cinco minutos mas, o hasta que salga limpio, pero si pasarse con el horneado.<\/p>\n<p style=\"text-align: center;\"><img decoding=\"async\" loading=\"lazy\" class=\"alignnone size-large wp-image-15726\" src=\"https:\/\/elcalaixetdelaiaia.es\/wp-content\/uploads\/2018\/02\/FLVZ7338-1024x768.png\" alt=\"\" width=\"750\" height=\"563\" srcset=\"https:\/\/elcalaixetdelaiaia.es\/wp-content\/uploads\/2018\/02\/FLVZ7338-1024x768.png 1024w, https:\/\/elcalaixetdelaiaia.es\/wp-content\/uploads\/2018\/02\/FLVZ7338-300x225.png 300w, https:\/\/elcalaixetdelaiaia.es\/wp-content\/uploads\/2018\/02\/FLVZ7338-768x576.png 768w\" sizes=\"(max-width: 750px) 100vw, 750px\" \/><\/p>\n<p style=\"text-align: center;\">una vez en su punto, sacaremos del horno y dejaremos enfriar sobre una rejilla<\/p>\n<p style=\"text-align: center;\"><img decoding=\"async\" loading=\"lazy\" class=\"alignnone size-large wp-image-15722\" src=\"https:\/\/elcalaixetdelaiaia.es\/wp-content\/uploads\/2018\/02\/DSFP6280-1024x768.png\" alt=\"\" width=\"750\" height=\"563\" srcset=\"https:\/\/elcalaixetdelaiaia.es\/wp-content\/uploads\/2018\/02\/DSFP6280-1024x768.png 1024w, https:\/\/elcalaixetdelaiaia.es\/wp-content\/uploads\/2018\/02\/DSFP6280-300x225.png 300w, https:\/\/elcalaixetdelaiaia.es\/wp-content\/uploads\/2018\/02\/DSFP6280-768x576.png 768w, https:\/\/elcalaixetdelaiaia.es\/wp-content\/uploads\/2018\/02\/DSFP6280.png 2048w\" sizes=\"(max-width: 750px) 100vw, 750px\" \/><\/p>\n<p style=\"text-align: center;\">Cuando est\u00e9 completamente fr\u00edo desmoldamos, cortamos con la lira o un cuchillo grande y envolvemos en papel film. A mi me gusta si dispongo de tiempo, congelarlos, de \u00e9sta manera los encuentro luego mas jugosos. As\u00ed que una vez envuelto, este va al congelador hasta el d\u00eda siguiente.<\/p>\n<p style=\"text-align: center;\">Si escalonamos los pasos y repartimos el trabajo por d\u00edas, nos resultar\u00e1 MUY f\u00e1cil\u00a0 y MUY sencillo pasteles, tartas y lo que quer\u00e1is, os lo aseguro. Parece muuuy largo porque os lo explico como si \u00e9sto fuese un tutorial, porque as\u00ed me lo ped\u00eds, es como si lo hiciera en directo para cada uno de vosotros, y pongo todo mi cari\u00f1o en cada receta, tanto para el destinatario de la misma, como para todos mis seguidores, como si os tuviera al lado, a cada uno de vosotros \ud83d\ude09<\/p>\n<p style=\"text-align: center;\"><img decoding=\"async\" loading=\"lazy\" class=\"alignnone size-large wp-image-15756\" src=\"https:\/\/elcalaixetdelaiaia.es\/wp-content\/uploads\/2018\/02\/XSTF3201-1024x768.png\" alt=\"\" width=\"750\" height=\"563\" srcset=\"https:\/\/elcalaixetdelaiaia.es\/wp-content\/uploads\/2018\/02\/XSTF3201-1024x768.png 1024w, https:\/\/elcalaixetdelaiaia.es\/wp-content\/uploads\/2018\/02\/XSTF3201-300x225.png 300w, https:\/\/elcalaixetdelaiaia.es\/wp-content\/uploads\/2018\/02\/XSTF3201-768x576.png 768w, https:\/\/elcalaixetdelaiaia.es\/wp-content\/uploads\/2018\/02\/XSTF3201.png 2048w\" sizes=\"(max-width: 750px) 100vw, 750px\" \/><\/p>\n<p style=\"text-align: center;\">Ahora prepararemos la ganache de chocolate. Pondremos la nata en un bol, y la pondremos a calentar en el microondas, la sacaremos antes de que hierva. Mi medida para una ganache es siempre mitad de nata de montar o crema de leche y mitad de chocolate<\/p>\n<p style=\"text-align: center;\"><img decoding=\"async\" loading=\"lazy\" class=\"alignnone size-large wp-image-15719\" src=\"https:\/\/elcalaixetdelaiaia.es\/wp-content\/uploads\/2018\/02\/CIFL9720-1024x768.png\" alt=\"\" width=\"750\" height=\"563\" srcset=\"https:\/\/elcalaixetdelaiaia.es\/wp-content\/uploads\/2018\/02\/CIFL9720-1024x768.png 1024w, https:\/\/elcalaixetdelaiaia.es\/wp-content\/uploads\/2018\/02\/CIFL9720-300x225.png 300w, https:\/\/elcalaixetdelaiaia.es\/wp-content\/uploads\/2018\/02\/CIFL9720-768x576.png 768w, https:\/\/elcalaixetdelaiaia.es\/wp-content\/uploads\/2018\/02\/CIFL9720.png 2048w\" sizes=\"(max-width: 750px) 100vw, 750px\" \/><\/p>\n<p style=\"text-align: center;\">trocearemos el chocolate y lo mezclaremos con la nata caliente hasta que se disuelva por completo. La dejaremos enfriar y la pondremos tapada con papel film en el frigo.<\/p>\n<p style=\"text-align: center;\">Al d\u00eda siguiente sacaremos del congelador el bizcocho y lo dejaremos descongelar en el frigo<\/p>\n<p style=\"text-align: center;\"><img decoding=\"async\" loading=\"lazy\" class=\"alignnone size-large wp-image-15716\" src=\"https:\/\/elcalaixetdelaiaia.es\/wp-content\/uploads\/2018\/02\/BSFH9777-1024x768.png\" alt=\"\" width=\"750\" height=\"563\" srcset=\"https:\/\/elcalaixetdelaiaia.es\/wp-content\/uploads\/2018\/02\/BSFH9777-1024x768.png 1024w, https:\/\/elcalaixetdelaiaia.es\/wp-content\/uploads\/2018\/02\/BSFH9777-300x225.png 300w, https:\/\/elcalaixetdelaiaia.es\/wp-content\/uploads\/2018\/02\/BSFH9777-768x576.png 768w, https:\/\/elcalaixetdelaiaia.es\/wp-content\/uploads\/2018\/02\/BSFH9777.png 2048w\" sizes=\"(max-width: 750px) 100vw, 750px\" \/><\/p>\n<p style=\"text-align: center;\">limpiamos y laminamos los fresones y los ponemos a macerar con una cucharada de az\u00facar.<\/p>\n<p style=\"text-align: center;\"><img decoding=\"async\" loading=\"lazy\" class=\"alignnone size-large wp-image-15739\" src=\"https:\/\/elcalaixetdelaiaia.es\/wp-content\/uploads\/2018\/02\/PRSQ9028-1024x768.png\" alt=\"\" width=\"750\" height=\"563\" srcset=\"https:\/\/elcalaixetdelaiaia.es\/wp-content\/uploads\/2018\/02\/PRSQ9028-1024x768.png 1024w, https:\/\/elcalaixetdelaiaia.es\/wp-content\/uploads\/2018\/02\/PRSQ9028-300x225.png 300w, https:\/\/elcalaixetdelaiaia.es\/wp-content\/uploads\/2018\/02\/PRSQ9028-768x576.png 768w\" sizes=\"(max-width: 750px) 100vw, 750px\" \/><\/p>\n<p style=\"text-align: center;\">A \u00e9ste bizcocho no le a\u00f1adimos mantequilla, para que est\u00e9 m\u00e1s jugoso le pondremos un alm\u00edbar, en \u00e9sta ocasi\u00f3n ser\u00e1 de Ron. Pondremos a hervir en un cazo, 150ml. de agua sin sabor a cloro<\/p>\n<p style=\"text-align: center;\"><img decoding=\"async\" loading=\"lazy\" class=\"alignnone size-large wp-image-15747\" src=\"https:\/\/elcalaixetdelaiaia.es\/wp-content\/uploads\/2018\/02\/THHU6373-1024x768.png\" alt=\"\" width=\"750\" height=\"563\" srcset=\"https:\/\/elcalaixetdelaiaia.es\/wp-content\/uploads\/2018\/02\/THHU6373-1024x768.png 1024w, https:\/\/elcalaixetdelaiaia.es\/wp-content\/uploads\/2018\/02\/THHU6373-300x225.png 300w, https:\/\/elcalaixetdelaiaia.es\/wp-content\/uploads\/2018\/02\/THHU6373-768x576.png 768w\" sizes=\"(max-width: 750px) 100vw, 750px\" \/><\/p>\n<p style=\"text-align: center;\">\u00a0y 150g de az\u00facar blanquilla, removeremos. Dejaremos que hierva unos diez minutos, retiramos del fuego<\/p>\n<p style=\"text-align: center;\"><img decoding=\"async\" loading=\"lazy\" class=\"alignnone size-large wp-image-15750\" src=\"https:\/\/elcalaixetdelaiaia.es\/wp-content\/uploads\/2018\/02\/VSHG3893-1024x768.png\" alt=\"\" width=\"750\" height=\"563\" srcset=\"https:\/\/elcalaixetdelaiaia.es\/wp-content\/uploads\/2018\/02\/VSHG3893-1024x768.png 1024w, https:\/\/elcalaixetdelaiaia.es\/wp-content\/uploads\/2018\/02\/VSHG3893-300x225.png 300w, https:\/\/elcalaixetdelaiaia.es\/wp-content\/uploads\/2018\/02\/VSHG3893-768x576.png 768w\" sizes=\"(max-width: 750px) 100vw, 750px\" \/><\/p>\n<p style=\"text-align: center;\">y a\u00f1adimos 50ml de Ron. Si la tarta la van a comer ni\u00f1os, hemos de evaporar el alcohol, en \u00e9ste caso pondremos el Ron junto el agua y el az\u00facar y dejaremos hervir todo junto<\/p>\n<p style=\"text-align: center;\"><img decoding=\"async\" loading=\"lazy\" class=\"alignnone size-large wp-image-15730\" src=\"https:\/\/elcalaixetdelaiaia.es\/wp-content\/uploads\/2018\/02\/GMTF6509-1024x768.png\" alt=\"\" width=\"750\" height=\"563\" srcset=\"https:\/\/elcalaixetdelaiaia.es\/wp-content\/uploads\/2018\/02\/GMTF6509-1024x768.png 1024w, https:\/\/elcalaixetdelaiaia.es\/wp-content\/uploads\/2018\/02\/GMTF6509-300x225.png 300w, https:\/\/elcalaixetdelaiaia.es\/wp-content\/uploads\/2018\/02\/GMTF6509-768x576.png 768w, https:\/\/elcalaixetdelaiaia.es\/wp-content\/uploads\/2018\/02\/GMTF6509.png 2048w\" sizes=\"(max-width: 750px) 100vw, 750px\" \/><\/p>\n<p style=\"text-align: center;\">Con la lira, o un cuchillo grande (por ejemplo un jamonero), partiremos el bizcocho por la mitad<\/p>\n<p style=\"text-align: center;\"><img decoding=\"async\" loading=\"lazy\" class=\"alignnone size-large wp-image-15729\" src=\"https:\/\/elcalaixetdelaiaia.es\/wp-content\/uploads\/2018\/02\/GGJY6866-1024x768.png\" alt=\"\" width=\"750\" height=\"563\" srcset=\"https:\/\/elcalaixetdelaiaia.es\/wp-content\/uploads\/2018\/02\/GGJY6866-1024x768.png 1024w, https:\/\/elcalaixetdelaiaia.es\/wp-content\/uploads\/2018\/02\/GGJY6866-300x225.png 300w, https:\/\/elcalaixetdelaiaia.es\/wp-content\/uploads\/2018\/02\/GGJY6866-768x576.png 768w\" sizes=\"(max-width: 750px) 100vw, 750px\" \/><\/p>\n<p style=\"text-align: center;\">as\u00ed de esponjoso nos ha quedado por dentro<\/p>\n<p style=\"text-align: center;\"><img decoding=\"async\" loading=\"lazy\" class=\"alignnone size-large wp-image-15737\" src=\"https:\/\/elcalaixetdelaiaia.es\/wp-content\/uploads\/2018\/02\/PEIZ2765-1024x768.png\" alt=\"\" width=\"750\" height=\"563\" srcset=\"https:\/\/elcalaixetdelaiaia.es\/wp-content\/uploads\/2018\/02\/PEIZ2765-1024x768.png 1024w, https:\/\/elcalaixetdelaiaia.es\/wp-content\/uploads\/2018\/02\/PEIZ2765-300x225.png 300w, https:\/\/elcalaixetdelaiaia.es\/wp-content\/uploads\/2018\/02\/PEIZ2765-768x576.png 768w\" sizes=\"(max-width: 750px) 100vw, 750px\" \/><\/p>\n<p style=\"text-align: center;\">dejaremos enfriar un poco el alm\u00edbar, y calamos medio bizcocho con la mitad del alm\u00edbar y con un pincel<\/p>\n<p style=\"text-align: center;\"><img decoding=\"async\" loading=\"lazy\" class=\"alignnone size-large wp-image-15720\" src=\"https:\/\/elcalaixetdelaiaia.es\/wp-content\/uploads\/2018\/02\/CTVJ8866-1024x768.png\" alt=\"\" width=\"750\" height=\"563\" srcset=\"https:\/\/elcalaixetdelaiaia.es\/wp-content\/uploads\/2018\/02\/CTVJ8866-1024x768.png 1024w, https:\/\/elcalaixetdelaiaia.es\/wp-content\/uploads\/2018\/02\/CTVJ8866-300x225.png 300w, https:\/\/elcalaixetdelaiaia.es\/wp-content\/uploads\/2018\/02\/CTVJ8866-768x576.png 768w\" sizes=\"(max-width: 750px) 100vw, 750px\" \/><\/p>\n<p style=\"text-align: center;\">y paso seguido rellenamos con la mitad de la ganache<\/p>\n<p style=\"text-align: center;\"><img decoding=\"async\" loading=\"lazy\" class=\"alignnone size-large wp-image-15718\" src=\"https:\/\/elcalaixetdelaiaia.es\/wp-content\/uploads\/2018\/02\/CDNT3137-1024x768.png\" alt=\"\" width=\"750\" height=\"563\" srcset=\"https:\/\/elcalaixetdelaiaia.es\/wp-content\/uploads\/2018\/02\/CDNT3137-1024x768.png 1024w, https:\/\/elcalaixetdelaiaia.es\/wp-content\/uploads\/2018\/02\/CDNT3137-300x225.png 300w, https:\/\/elcalaixetdelaiaia.es\/wp-content\/uploads\/2018\/02\/CDNT3137-768x576.png 768w\" sizes=\"(max-width: 750px) 100vw, 750px\" \/><\/p>\n<p style=\"text-align: center;\">y los fresones, hasta cubrir la tarta con los mismos, pondremos sobre ellos, el jugo resultado del marinado con az\u00facar<\/p>\n<p style=\"text-align: center;\"><img decoding=\"async\" loading=\"lazy\" class=\"alignnone size-large wp-image-15755\" src=\"https:\/\/elcalaixetdelaiaia.es\/wp-content\/uploads\/2018\/02\/XRWU0738-1024x768.png\" alt=\"\" width=\"750\" height=\"563\" srcset=\"https:\/\/elcalaixetdelaiaia.es\/wp-content\/uploads\/2018\/02\/XRWU0738-1024x768.png 1024w, https:\/\/elcalaixetdelaiaia.es\/wp-content\/uploads\/2018\/02\/XRWU0738-300x225.png 300w, https:\/\/elcalaixetdelaiaia.es\/wp-content\/uploads\/2018\/02\/XRWU0738-768x576.png 768w, https:\/\/elcalaixetdelaiaia.es\/wp-content\/uploads\/2018\/02\/XRWU0738.png 2048w\" sizes=\"(max-width: 750px) 100vw, 750px\" \/><\/p>\n<p style=\"text-align: center;\">y cubrimos todo con la crema o la ganache de chocolate<\/p>\n<p style=\"text-align: center;\"><img decoding=\"async\" loading=\"lazy\" class=\"alignnone size-large wp-image-15731\" src=\"https:\/\/elcalaixetdelaiaia.es\/wp-content\/uploads\/2018\/02\/JSQQ2447-1024x768.png\" alt=\"\" width=\"750\" height=\"563\" srcset=\"https:\/\/elcalaixetdelaiaia.es\/wp-content\/uploads\/2018\/02\/JSQQ2447-1024x768.png 1024w, https:\/\/elcalaixetdelaiaia.es\/wp-content\/uploads\/2018\/02\/JSQQ2447-300x225.png 300w, https:\/\/elcalaixetdelaiaia.es\/wp-content\/uploads\/2018\/02\/JSQQ2447-768x576.png 768w, https:\/\/elcalaixetdelaiaia.es\/wp-content\/uploads\/2018\/02\/JSQQ2447.png 2048w\" sizes=\"(max-width: 750px) 100vw, 750px\" \/><\/p>\n<p style=\"text-align: center;\">calamos la otra mitad de bizcocho con el resto del alm\u00edbar, y lo colocamos sobre el otro medio con el relleno ya preparado<\/p>\n<p style=\"text-align: center;\"><img decoding=\"async\" loading=\"lazy\" class=\"alignnone size-large wp-image-15735\" src=\"https:\/\/elcalaixetdelaiaia.es\/wp-content\/uploads\/2018\/02\/NEII9077-1024x768.png\" alt=\"\" width=\"750\" height=\"563\" srcset=\"https:\/\/elcalaixetdelaiaia.es\/wp-content\/uploads\/2018\/02\/NEII9077-1024x768.png 1024w, https:\/\/elcalaixetdelaiaia.es\/wp-content\/uploads\/2018\/02\/NEII9077-300x225.png 300w, https:\/\/elcalaixetdelaiaia.es\/wp-content\/uploads\/2018\/02\/NEII9077-768x576.png 768w\" sizes=\"(max-width: 750px) 100vw, 750px\" \/><\/p>\n<p style=\"text-align: center;\">cubrimos con el resto de la ganache, que durante \u00e9ste tiempo ya se habr\u00e1 endurecido lo suficiente para no chorrear, en caso contrario, si la temperatura ambiente es muy calurosa, lo pondremos en el frigo hasta que adquiera la consistencia necesaria<\/p>\n<p style=\"text-align: center;\"><img decoding=\"async\" loading=\"lazy\" class=\"alignnone size-large wp-image-15757\" src=\"https:\/\/elcalaixetdelaiaia.es\/wp-content\/uploads\/2018\/02\/XYBR8810-1024x768.png\" alt=\"\" width=\"750\" height=\"563\" srcset=\"https:\/\/elcalaixetdelaiaia.es\/wp-content\/uploads\/2018\/02\/XYBR8810-1024x768.png 1024w, https:\/\/elcalaixetdelaiaia.es\/wp-content\/uploads\/2018\/02\/XYBR8810-300x225.png 300w, https:\/\/elcalaixetdelaiaia.es\/wp-content\/uploads\/2018\/02\/XYBR8810-768x576.png 768w\" sizes=\"(max-width: 750px) 100vw, 750px\" \/><\/p>\n<p style=\"text-align: center;\">y lo dejamos en el frigo.<\/p>\n<p style=\"text-align: center;\"><img decoding=\"async\" loading=\"lazy\" class=\"alignnone size-large wp-image-15744\" src=\"https:\/\/elcalaixetdelaiaia.es\/wp-content\/uploads\/2018\/02\/RKEL3040-1024x768.png\" alt=\"\" width=\"750\" height=\"563\" srcset=\"https:\/\/elcalaixetdelaiaia.es\/wp-content\/uploads\/2018\/02\/RKEL3040-1024x768.png 1024w, https:\/\/elcalaixetdelaiaia.es\/wp-content\/uploads\/2018\/02\/RKEL3040-300x225.png 300w, https:\/\/elcalaixetdelaiaia.es\/wp-content\/uploads\/2018\/02\/RKEL3040-768x576.png 768w\" sizes=\"(max-width: 750px) 100vw, 750px\" \/><\/p>\n<p style=\"text-align: center;\">Mientras, preparamos el fondant con los colores necesarios y vamos haciendo las piezas que formar\u00e1n el escudo del equipo de mi hermano EL PATACONA. Para ello mezclaremos fondant blanco, colorante amarillo, y colorante rojo poco a poco, hasta conseguir el naranja deseado. Amasaremos, pondremos az\u00facar glas, sobre la superficie de trabajo y haremos una circunferencia con el rodillo que mida un poco mas que el total de la tarta, para poder cubrirla bien. En \u00e9ste caso la he hecho de 35 cm.<\/p>\n<p style=\"text-align: center;\"><img decoding=\"async\" loading=\"lazy\" class=\"alignnone size-large wp-image-15742\" src=\"https:\/\/elcalaixetdelaiaia.es\/wp-content\/uploads\/2018\/02\/QDMF3661-1024x768.png\" alt=\"\" width=\"750\" height=\"563\" srcset=\"https:\/\/elcalaixetdelaiaia.es\/wp-content\/uploads\/2018\/02\/QDMF3661-1024x768.png 1024w, https:\/\/elcalaixetdelaiaia.es\/wp-content\/uploads\/2018\/02\/QDMF3661-300x225.png 300w, https:\/\/elcalaixetdelaiaia.es\/wp-content\/uploads\/2018\/02\/QDMF3661-768x576.png 768w\" sizes=\"(max-width: 750px) 100vw, 750px\" \/><\/p>\n<p style=\"text-align: center;\">El escudo del patacona, es una maravillosa representaci\u00f3n del equipo, siendo sus colores desde su creaci\u00f3n naranja y negro,<\/p>\n<p style=\"text-align: center;\"><img decoding=\"async\" loading=\"lazy\" class=\"alignnone size-large wp-image-15753\" src=\"https:\/\/elcalaixetdelaiaia.es\/wp-content\/uploads\/2018\/02\/WQOP6889-1024x768.png\" alt=\"\" width=\"750\" height=\"563\" srcset=\"https:\/\/elcalaixetdelaiaia.es\/wp-content\/uploads\/2018\/02\/WQOP6889-1024x768.png 1024w, https:\/\/elcalaixetdelaiaia.es\/wp-content\/uploads\/2018\/02\/WQOP6889-300x225.png 300w, https:\/\/elcalaixetdelaiaia.es\/wp-content\/uploads\/2018\/02\/WQOP6889-768x576.png 768w, https:\/\/elcalaixetdelaiaia.es\/wp-content\/uploads\/2018\/02\/WQOP6889.png 2048w\" sizes=\"(max-width: 750px) 100vw, 750px\" \/><\/p>\n<p style=\"text-align: center;\">con su gaviota, el s\u00edmbolo del Patacona CF como ave ligada al mar por excelencia,\u00a0 y a \u00e1mbos lados de su nombre,<\/p>\n<p style=\"text-align: center;\"><img decoding=\"async\" loading=\"lazy\" class=\"alignnone size-large wp-image-15743\" src=\"https:\/\/elcalaixetdelaiaia.es\/wp-content\/uploads\/2018\/02\/QUAT0671-1024x768.png\" alt=\"\" width=\"750\" height=\"563\" srcset=\"https:\/\/elcalaixetdelaiaia.es\/wp-content\/uploads\/2018\/02\/QUAT0671-1024x768.png 1024w, https:\/\/elcalaixetdelaiaia.es\/wp-content\/uploads\/2018\/02\/QUAT0671-300x225.png 300w, https:\/\/elcalaixetdelaiaia.es\/wp-content\/uploads\/2018\/02\/QUAT0671-768x576.png 768w, https:\/\/elcalaixetdelaiaia.es\/wp-content\/uploads\/2018\/02\/QUAT0671.png 2048w\" sizes=\"(max-width: 750px) 100vw, 750px\" \/><\/p>\n<p style=\"text-align: center;\">lleva dos barracas, que representan el origen del club, Alboraia.<\/p>\n<p style=\"text-align: center;\"><img decoding=\"async\" loading=\"lazy\" class=\"alignnone size-large wp-image-15736\" src=\"https:\/\/elcalaixetdelaiaia.es\/wp-content\/uploads\/2018\/02\/PAMH4751-1024x768.png\" alt=\"\" width=\"750\" height=\"563\" srcset=\"https:\/\/elcalaixetdelaiaia.es\/wp-content\/uploads\/2018\/02\/PAMH4751-1024x768.png 1024w, https:\/\/elcalaixetdelaiaia.es\/wp-content\/uploads\/2018\/02\/PAMH4751-300x225.png 300w, https:\/\/elcalaixetdelaiaia.es\/wp-content\/uploads\/2018\/02\/PAMH4751-768x576.png 768w\" sizes=\"(max-width: 750px) 100vw, 750px\" \/><\/p>\n<p style=\"text-align: center;\">Y el bal\u00f3n \u00a1como no! Pint\u00e9 los rombos con un rotulador alimentario, pero despu\u00e9s de gastarme casi 12\u20ac en el dichoso rotulador, (que compr\u00e9 nuevo adrede) gracias a mi hijo, que me hizo ver que quedaba muy gris\u00e1ceo, cambi\u00e9 el bal\u00f3n y puse uno con los rombos hechos en fondant negro&#8230;.corriendo, corriendo, c\u00f3mo siempre hasta el \u00faltimo momento.<\/p>\n<p style=\"text-align: center;\"><img decoding=\"async\" loading=\"lazy\" class=\"alignnone size-large wp-image-15717\" src=\"https:\/\/elcalaixetdelaiaia.es\/wp-content\/uploads\/2018\/02\/BXAC5744-1024x768.png\" alt=\"\" width=\"750\" height=\"563\" srcset=\"https:\/\/elcalaixetdelaiaia.es\/wp-content\/uploads\/2018\/02\/BXAC5744-1024x768.png 1024w, https:\/\/elcalaixetdelaiaia.es\/wp-content\/uploads\/2018\/02\/BXAC5744-300x225.png 300w, https:\/\/elcalaixetdelaiaia.es\/wp-content\/uploads\/2018\/02\/BXAC5744-768x576.png 768w\" sizes=\"(max-width: 750px) 100vw, 750px\" \/><\/p>\n<p style=\"text-align: center;\">sacamos la tarta del frigo y la cubrimos cuidadosamente, para que no se nos agriete el fondant, a ver si hay suerte, porque es el momento delicado<\/p>\n<p style=\"text-align: center;\"><img decoding=\"async\" loading=\"lazy\" class=\"alignnone size-large wp-image-15740\" src=\"https:\/\/elcalaixetdelaiaia.es\/wp-content\/uploads\/2018\/02\/PZNU6713-1024x768.png\" alt=\"\" width=\"750\" height=\"563\" srcset=\"https:\/\/elcalaixetdelaiaia.es\/wp-content\/uploads\/2018\/02\/PZNU6713-1024x768.png 1024w, https:\/\/elcalaixetdelaiaia.es\/wp-content\/uploads\/2018\/02\/PZNU6713-300x225.png 300w, https:\/\/elcalaixetdelaiaia.es\/wp-content\/uploads\/2018\/02\/PZNU6713-768x576.png 768w\" sizes=\"(max-width: 750px) 100vw, 750px\" \/><\/p>\n<p style=\"text-align: center;\">\u00a0recortamos el sobrante<\/p>\n<p style=\"text-align: center;\"><img decoding=\"async\" loading=\"lazy\" class=\"alignnone size-large wp-image-15754\" src=\"https:\/\/elcalaixetdelaiaia.es\/wp-content\/uploads\/2018\/02\/WTFH2762-1024x768.png\" alt=\"\" width=\"750\" height=\"563\" srcset=\"https:\/\/elcalaixetdelaiaia.es\/wp-content\/uploads\/2018\/02\/WTFH2762-1024x768.png 1024w, https:\/\/elcalaixetdelaiaia.es\/wp-content\/uploads\/2018\/02\/WTFH2762-300x225.png 300w, https:\/\/elcalaixetdelaiaia.es\/wp-content\/uploads\/2018\/02\/WTFH2762-768x576.png 768w\" sizes=\"(max-width: 750px) 100vw, 750px\" \/><\/p>\n<p style=\"text-align: center;\">estiramos y aplanamos el fondant, y retiramos el papel sulfurizado o de horno que hemos colocado sobre la base para que no se ensucie, tirando de ambos lados hacia fuera<\/p>\n<p style=\"text-align: center;\"><img decoding=\"async\" loading=\"lazy\" class=\"alignnone size-large wp-image-15711\" src=\"https:\/\/elcalaixetdelaiaia.es\/wp-content\/uploads\/2018\/02\/DQQR3224-1024x768.png\" alt=\"\" width=\"750\" height=\"563\" srcset=\"https:\/\/elcalaixetdelaiaia.es\/wp-content\/uploads\/2018\/02\/DQQR3224-1024x768.png 1024w, https:\/\/elcalaixetdelaiaia.es\/wp-content\/uploads\/2018\/02\/DQQR3224-300x225.png 300w, https:\/\/elcalaixetdelaiaia.es\/wp-content\/uploads\/2018\/02\/DQQR3224-768x576.png 768w\" sizes=\"(max-width: 750px) 100vw, 750px\" \/><\/p>\n<p style=\"text-align: center;\">ponemos las letras, colocamos el escudo y c\u00f3mo veis \u00e9ste es el bal\u00f3n que puse primero<\/p>\n<p style=\"text-align: center;\"><img decoding=\"async\" loading=\"lazy\" class=\"alignnone size-large wp-image-15749\" src=\"https:\/\/elcalaixetdelaiaia.es\/wp-content\/uploads\/2018\/02\/VGEB5324-1024x762.png\" alt=\"\" width=\"750\" height=\"558\" srcset=\"https:\/\/elcalaixetdelaiaia.es\/wp-content\/uploads\/2018\/02\/VGEB5324-1024x762.png 1024w, https:\/\/elcalaixetdelaiaia.es\/wp-content\/uploads\/2018\/02\/VGEB5324-300x223.png 300w, https:\/\/elcalaixetdelaiaia.es\/wp-content\/uploads\/2018\/02\/VGEB5324-768x571.png 768w\" sizes=\"(max-width: 750px) 100vw, 750px\" \/><\/p>\n<p style=\"text-align: center;\">y aqu\u00ed pod\u00e9is ver el que puse al final, a \u00faltim\u00edsima hora, pero me alegro mucho de haberlo hecho, porque estoy mas que contenta del resultado de \u00e9sta tarta y de \u00e9ste escudo.<\/p>\n<p style=\"text-align: center;\"><img decoding=\"async\" loading=\"lazy\" class=\"alignnone size-large wp-image-15748\" src=\"https:\/\/elcalaixetdelaiaia.es\/wp-content\/uploads\/2018\/02\/UWAR9436-1020x1024.png\" alt=\"\" width=\"750\" height=\"753\" srcset=\"https:\/\/elcalaixetdelaiaia.es\/wp-content\/uploads\/2018\/02\/UWAR9436-1020x1024.png 1020w, https:\/\/elcalaixetdelaiaia.es\/wp-content\/uploads\/2018\/02\/UWAR9436-150x150.png 150w, https:\/\/elcalaixetdelaiaia.es\/wp-content\/uploads\/2018\/02\/UWAR9436-300x300.png 300w, https:\/\/elcalaixetdelaiaia.es\/wp-content\/uploads\/2018\/02\/UWAR9436-768x771.png 768w, https:\/\/elcalaixetdelaiaia.es\/wp-content\/uploads\/2018\/02\/UWAR9436-60x60.png 60w, https:\/\/elcalaixetdelaiaia.es\/wp-content\/uploads\/2018\/02\/UWAR9436-235x235.png 235w, https:\/\/elcalaixetdelaiaia.es\/wp-content\/uploads\/2018\/02\/UWAR9436-255x255.png 255w\" sizes=\"(max-width: 750px) 100vw, 750px\" \/><\/p>\n<p style=\"text-align: center;\">Un escudo muy ligado a mi familia, que espero haber reproducido&#8230; mas o menos<\/p>\n<p style=\"text-align: center;\"><img decoding=\"async\" loading=\"lazy\" class=\"alignnone size-large wp-image-15763\" src=\"https:\/\/elcalaixetdelaiaia.es\/wp-content\/uploads\/2018\/02\/PKUQ4213-1-1005x1024.png\" alt=\"\" width=\"750\" height=\"764\" srcset=\"https:\/\/elcalaixetdelaiaia.es\/wp-content\/uploads\/2018\/02\/PKUQ4213-1-1005x1024.png 1005w, https:\/\/elcalaixetdelaiaia.es\/wp-content\/uploads\/2018\/02\/PKUQ4213-1-294x300.png 294w, https:\/\/elcalaixetdelaiaia.es\/wp-content\/uploads\/2018\/02\/PKUQ4213-1-768x783.png 768w, https:\/\/elcalaixetdelaiaia.es\/wp-content\/uploads\/2018\/02\/PKUQ4213-1-60x60.png 60w\" sizes=\"(max-width: 750px) 100vw, 750px\" \/><\/p>\n<p style=\"text-align: center;\">&#8230;eso si, con toooodoooo el cari\u00f1o del mundo, disculpa los fallos tete \ud83d\ude09 el trabajo manual, artesanal, es lo que tiene.\u00a1\u00a1\u00a1\u00a1TE QUIEROOOOOOOOO!!!!!!<\/p>\n<p style=\"text-align: center;\"><img decoding=\"async\" loading=\"lazy\" class=\"alignnone size-large wp-image-15746\" src=\"https:\/\/elcalaixetdelaiaia.es\/wp-content\/uploads\/2018\/02\/RUFD3128-1024x768.png\" alt=\"\" width=\"750\" height=\"563\" srcset=\"https:\/\/elcalaixetdelaiaia.es\/wp-content\/uploads\/2018\/02\/RUFD3128-1024x768.png 1024w, https:\/\/elcalaixetdelaiaia.es\/wp-content\/uploads\/2018\/02\/RUFD3128-300x225.png 300w, https:\/\/elcalaixetdelaiaia.es\/wp-content\/uploads\/2018\/02\/RUFD3128-768x576.png 768w\" sizes=\"(max-width: 750px) 100vw, 750px\" \/><\/p>\n<p style=\"text-align: center;\">Aqu\u00ed el interior<\/p>\n<p><img decoding=\"async\" loading=\"lazy\" class=\"alignnone size-large wp-image-15769\" src=\"https:\/\/elcalaixetdelaiaia.es\/wp-content\/uploads\/2018\/02\/LLSL6400-768x1024.png\" alt=\"\" width=\"750\" height=\"1000\" srcset=\"https:\/\/elcalaixetdelaiaia.es\/wp-content\/uploads\/2018\/02\/LLSL6400-768x1024.png 768w, https:\/\/elcalaixetdelaiaia.es\/wp-content\/uploads\/2018\/02\/LLSL6400-225x300.png 225w\" sizes=\"(max-width: 750px) 100vw, 750px\" \/><\/p>\n<p style=\"text-align: center;\">del corte de la tarta<\/p>\n<p style=\"text-align: center;\"><img decoding=\"async\" loading=\"lazy\" class=\"alignnone size-large wp-image-15715\" src=\"https:\/\/elcalaixetdelaiaia.es\/wp-content\/uploads\/2018\/02\/TUCF9268-1024x768.png\" alt=\"\" width=\"750\" height=\"563\" srcset=\"https:\/\/elcalaixetdelaiaia.es\/wp-content\/uploads\/2018\/02\/TUCF9268-1024x768.png 1024w, https:\/\/elcalaixetdelaiaia.es\/wp-content\/uploads\/2018\/02\/TUCF9268-300x225.png 300w, https:\/\/elcalaixetdelaiaia.es\/wp-content\/uploads\/2018\/02\/TUCF9268-768x576.png 768w, https:\/\/elcalaixetdelaiaia.es\/wp-content\/uploads\/2018\/02\/TUCF9268.png 2048w\" sizes=\"(max-width: 750px) 100vw, 750px\" \/><\/p>\n<p style=\"text-align: center;\">y aqu\u00ed la porci\u00f3n&#8230;.\u00bbA la taula i bon profit, per moooooooools anys i moooool bons\u00bb<\/p>\n<p style=\"text-align: center;\">Si te gusta \u00e9sta entrada,podr\u00edas compartirla, as\u00ed mucha gente podr\u00e1 conocerla. Gracias por hacerlo. Si quieres comentar, tus comentarios para mi son MUY importantes y recuerda que tambi\u00e9n estoy en Facebook <a href=\"https:\/\/www.facebook.com\/El-calaixet-de-la-iaia-533062140099386\/\">https:\/\/www.facebook.com\/El-calaixet-de-la-iaia-533062140099386\/<\/a><\/p>\n","protected":false},"excerpt":{"rendered":"<p>\u00abRefrany; El que \u00e9s mal fill no pot ser bon home\u00bb . El que es mal hijo no puede ser buen hombre. Pues as\u00ed de buenos son mis gemelos, mas buenos que el pan, porque han sido unos hijos ejemplares, y son unos padres, unos maridos y unos hermanos maravillosos. &hellip; <\/p>\n","protected":false},"author":2,"featured_media":15768,"comment_status":"open","ping_status":"open","sticky":false,"template":"","format":"standard","meta":[],"categories":[6,1],"tags":[],"_links":{"self":[{"href":"https:\/\/elcalaixetdelaiaia.es\/index.php?rest_route=\/wp\/v2\/posts\/15703"}],"collection":[{"href":"https:\/\/elcalaixetdelaiaia.es\/index.php?rest_route=\/wp\/v2\/posts"}],"about":[{"href":"https:\/\/elcalaixetdelaiaia.es\/index.php?rest_route=\/wp\/v2\/types\/post"}],"author":[{"embeddable":true,"href":"https:\/\/elcalaixetdelaiaia.es\/index.php?rest_route=\/wp\/v2\/users\/2"}],"replies":[{"embeddable":true,"href":"https:\/\/elcalaixetdelaiaia.es\/index.php?rest_route=%2Fwp%2Fv2%2Fcomments&post=15703"}],"version-history":[{"count":10,"href":"https:\/\/elcalaixetdelaiaia.es\/index.php?rest_route=\/wp\/v2\/posts\/15703\/revisions"}],"predecessor-version":[{"id":27656,"href":"https:\/\/elcalaixetdelaiaia.es\/index.php?rest_route=\/wp\/v2\/posts\/15703\/revisions\/27656"}],"wp:featuredmedia":[{"embeddable":true,"href":"https:\/\/elcalaixetdelaiaia.es\/index.php?rest_route=\/wp\/v2\/media\/15768"}],"wp:attachment":[{"href":"https:\/\/elcalaixetdelaiaia.es\/index.php?rest_route=%2Fwp%2Fv2%2Fmedia&parent=15703"}],"wp:term":[{"taxonomy":"category","embeddable":true,"href":"https:\/\/elcalaixetdelaiaia.es\/index.php?rest_route=%2Fwp%2Fv2%2Fcategories&post=15703"},{"taxonomy":"post_tag","embeddable":true,"href":"https:\/\/elcalaixetdelaiaia.es\/index.php?rest_route=%2Fwp%2Fv2%2Ftags&post=15703"}],"curies":[{"name":"wp","href":"https:\/\/api.w.org\/{rel}","templated":true}]}}