{"id":15556,"date":"2018-02-11T01:42:06","date_gmt":"2018-02-11T01:42:06","guid":{"rendered":"http:\/\/elcalaixetdelaiaia.es\/?p=15556"},"modified":"2024-08-06T07:50:22","modified_gmt":"2024-08-06T07:50:22","slug":"caragola-valenciana-caracoles-paso-a-paso","status":"publish","type":"post","link":"https:\/\/elcalaixetdelaiaia.es\/?p=15556","title":{"rendered":"Caragol\u00e0 valenciana caracoles paso a paso foto a foto"},"content":{"rendered":"<p>\u00abEndivinalla; Qui, quan eix a passejar, la casa se sol emportar? \u00bfQuien, cuando sale a pasear, la casa se suele llevar?\u00a0\u00a0\u00a0 El caracol no tiene t\u00e9rmino medio, o te encanta o lo aborreces, sin m\u00e1s, es as\u00ed. Yo no puedo comerlos, lo siento, pero me es imposible, aunque he preparado much\u00ediisimooooossss&#8230;<\/p>\n<p><img decoding=\"async\" loading=\"lazy\" class=\"alignnone size-full wp-image-15790\" src=\"https:\/\/elcalaixetdelaiaia.es\/wp-content\/uploads\/2018\/02\/caragoslbevent-1.jpg\" alt=\"\" width=\"900\" height=\"602\" srcset=\"https:\/\/elcalaixetdelaiaia.es\/wp-content\/uploads\/2018\/02\/caragoslbevent-1.jpg 900w, https:\/\/elcalaixetdelaiaia.es\/wp-content\/uploads\/2018\/02\/caragoslbevent-1-300x201.jpg 300w, https:\/\/elcalaixetdelaiaia.es\/wp-content\/uploads\/2018\/02\/caragoslbevent-1-768x514.jpg 768w, https:\/\/elcalaixetdelaiaia.es\/wp-content\/uploads\/2018\/02\/caragoslbevent-1-600x400.jpg 600w\" sizes=\"(max-width: 900px) 100vw, 900px\" \/><\/p>\n<p>porque a mi marido le encantaban, pero no cocinados de cualquier manera. En los arroces disfrutaba como un ni\u00f1o, as\u00ed que siempre que pod\u00eda se los pon\u00eda solo para \u00e9l en la paella, que no le faltaran y sobre todo en el \u00abArr\u00f2s amb bledes\u00bb aunque uno de sus platos favoritos, era uno que le hac\u00eda con conejo, rebollones y caracoles, seg\u00fan dec\u00eda \u00e9l un manjar de Dioses, pero de la forma que mas le gustaban eran los de la receta de mi familia, \u00abCaragol\u00e0 valenciana del cabanyal\u00bb con su \u00abbajoqueta\u00bb y su \u00abpicaeta\u00bb. La verdad es que no puedo discutir de donde es \u00e9sta receta, solo se que es la de toda la vida, supongo que se har\u00e1 igual en muchos sitios pero para mi, es la aut\u00e9ntica \u00abcaragol\u00e1\u00bb valenciana. Mi t\u00eda y madrina de bautismo y boda se llama Ampar\u00edn y es de \u00abEls \u00c1ngels\u00bb, ella es junto a mi iaio Antoniet, con quienes mas caracoles he ido a buscar en toda mi vida. En cuanto en el pueblo, ca\u00edan cuatro gotas, ya est\u00e1bamos todos con las botas de goma puestas en pleno verano y en fila india por los bancales, buscando caracoles entre los naranjos, de hecho, en casa, mis hijos y marido siempre le han llamado y le llaman (por que gracias a Dios a\u00fan vive, y por muchos a\u00f1os ya que lamentablemente es la \u00fanica t\u00eda que me queda, tanto por parte de padre como madre y la quiero much\u00edsimo) la t\u00eda CARAGOLERA, mi tia Ampar\u00edn a la que adoramos todos. Cuando yo era peque\u00f1a, y todos los alrededores de mi casa del Grau eran huertas, si llov\u00eda, acud\u00edamos al campo de Corcho y sal\u00edamos al paso de mi padre que terminaba el trabajo en el taller, buscando caracoles por la huerta. A mi padre y a mi, nos gustaba cogerlos, pero no comerlos. Recuerdo ver caracoles en jaulas o fresqueras, tanto en la casa de La Font d&#8217;Encarr\u00f2s como en el corral de la casa de la Estacioneta del Cabanyal. As\u00ed se pon\u00edan para purgarlos. Estas son las cinco clases de caracoles que cocinamos aqu\u00ed y son;<\/p>\n<p><img decoding=\"async\" class=\"size-full\" src=\"https:\/\/elcalaixetdelaiaia.es\/wp-content\/uploads\/2020\/08\/img_20200806_1904583982942958589573687.jpg\" data-wpid=\"1614\" \/><\/p>\n<p style=\"text-align: center;\"><em>\u00abEls avellanencs \u00bb (theba pisana); \u00abCaragol-avellanenc\u00bb<\/em><\/p>\n<p><img decoding=\"async\" loading=\"lazy\" class=\"alignnone size-full wp-image-22807\" src=\"https:\/\/elcalaixetdelaiaia.es\/wp-content\/uploads\/2020\/08\/img_20200806_1911044009086058072949773.jpg\" width=\"1071\" height=\"784\" srcset=\"https:\/\/elcalaixetdelaiaia.es\/wp-content\/uploads\/2020\/08\/img_20200806_1911044009086058072949773.jpg 1071w, https:\/\/elcalaixetdelaiaia.es\/wp-content\/uploads\/2020\/08\/img_20200806_1911044009086058072949773-300x220.jpg 300w, https:\/\/elcalaixetdelaiaia.es\/wp-content\/uploads\/2020\/08\/img_20200806_1911044009086058072949773-1024x750.jpg 1024w, https:\/\/elcalaixetdelaiaia.es\/wp-content\/uploads\/2020\/08\/img_20200806_1911044009086058072949773-768x562.jpg 768w\" sizes=\"(max-width: 1071px) 100vw, 1071px\" \/><\/p>\n<p style=\"text-align: center;\"><em>\u00abLes xonetes\u00bb (Eobania Vermiculata); \u00abCaragol Xoneta\u00bb Iberus gualterianus <\/em><span style=\"color: black; font-size: x-large;\"><span style=\"vertical-align: inherit;\"><span style=\"vertical-align: inherit;\">Imagen de<\/span><\/span><\/span> <span style=\"color: blue; font-size: x-large;\"><i><span style=\"vertical-align: inherit;\"><span style=\"vertical-align: inherit;\"><a href=\"http:\/\/www.animalbase.uni-goettingen.de\/zooweb\/servlet\/AnimalBase\/home\/species?id=1367\">Eobania<\/a><\/span><\/span><\/i><\/span><i> <\/i><span style=\"color: blue; font-size: x-large;\"><i><span style=\"vertical-align: inherit;\"><span style=\"vertical-align: inherit;\"><a href=\"http:\/\/www.animalbase.uni-goettingen.de\/zooweb\/servlet\/AnimalBase\/home\/species?id=1367\">vermiculata<\/a><\/span><\/span><\/i><\/span> <span style=\"color: black; font-size: x-large;\"><span style=\"vertical-align: inherit;\"><span style=\"vertical-align: inherit;\">de<\/span><\/span><\/span> <span style=\"color: black; font-size: x-large;\"><span style=\"vertical-align: inherit;\"><span style=\"vertical-align: inherit;\">C\u00e9dric Audibert<\/span><\/span><\/span><\/p>\n<p><img decoding=\"async\" loading=\"lazy\" class=\"alignnone wp-image-15787 size-full\" src=\"https:\/\/elcalaixetdelaiaia.es\/wp-content\/uploads\/2018\/02\/Caragol-vaqueta-o-serrana-iberus-gualterianus-alonensis.jpg\" alt=\"\" width=\"800\" height=\"542\" srcset=\"https:\/\/elcalaixetdelaiaia.es\/wp-content\/uploads\/2018\/02\/Caragol-vaqueta-o-serrana-iberus-gualterianus-alonensis.jpg 800w, https:\/\/elcalaixetdelaiaia.es\/wp-content\/uploads\/2018\/02\/Caragol-vaqueta-o-serrana-iberus-gualterianus-alonensis-300x203.jpg 300w, https:\/\/elcalaixetdelaiaia.es\/wp-content\/uploads\/2018\/02\/Caragol-vaqueta-o-serrana-iberus-gualterianus-alonensis-768x520.jpg 768w\" sizes=\"(max-width: 800px) 100vw, 800px\" \/><\/p>\n<p style=\"text-align: center;\"><em>\u00abLes baquetes\u00bb caracol blanco, (Iberus gualtieranus alonensis); \u00abCaragol vaqueta o serrana\u00bb (iberus gualterianus alonensis)<\/em><\/p>\n<p><img decoding=\"async\" loading=\"lazy\" class=\"alignnone size-full wp-image-15788\" src=\"https:\/\/elcalaixetdelaiaia.es\/wp-content\/uploads\/2018\/02\/caragol-bover-o-caragol-moro-Helix-aspersa.jpg\" alt=\"\" width=\"800\" height=\"600\" srcset=\"https:\/\/elcalaixetdelaiaia.es\/wp-content\/uploads\/2018\/02\/caragol-bover-o-caragol-moro-Helix-aspersa.jpg 800w, https:\/\/elcalaixetdelaiaia.es\/wp-content\/uploads\/2018\/02\/caragol-bover-o-caragol-moro-Helix-aspersa-300x225.jpg 300w, https:\/\/elcalaixetdelaiaia.es\/wp-content\/uploads\/2018\/02\/caragol-bover-o-caragol-moro-Helix-aspersa-768x576.jpg 768w\" sizes=\"(max-width: 800px) 100vw, 800px\" \/><\/p>\n<p style=\"text-align: center;\"><em>\u00abEls moros\u00bb (Helix aspersa) ; \u00abCaragol moro\u00bb o caragol bover (Helix aspersa)<\/em><\/p>\n<p><img decoding=\"async\" loading=\"lazy\" class=\"wp-image-22808 alignnone size-full\" src=\"https:\/\/elcalaixetdelaiaia.es\/wp-content\/uploads\/2020\/08\/img_20200806_1917175367154716561735204.jpg\" width=\"965\" height=\"603\" srcset=\"https:\/\/elcalaixetdelaiaia.es\/wp-content\/uploads\/2020\/08\/img_20200806_1917175367154716561735204.jpg 965w, https:\/\/elcalaixetdelaiaia.es\/wp-content\/uploads\/2020\/08\/img_20200806_1917175367154716561735204-300x187.jpg 300w, https:\/\/elcalaixetdelaiaia.es\/wp-content\/uploads\/2020\/08\/img_20200806_1917175367154716561735204-768x480.jpg 768w\" sizes=\"(max-width: 965px) 100vw, 965px\" \/><\/p>\n<p style=\"text-align: center;\"><em>\u00abEls cristians\u00bb serranos (Otala punctata) ;\u00bbCaragol Cristi\u00e0 o serr\u00e1 \u00ab(Otala punctata) Foto de Milanuncios<\/em><\/p>\n<p>Por supuesto que cada clase tiene su receta y se utiliza para distintos platos. He estado hoy en el centro y como siempre, he aprovechado para ir al Mercat Central de Val\u00e8ncia, siempre que voy me lo llevar\u00eda todoooooo es una maravilla para todos los sentidos. He podido hacer algunas fotos con el m\u00f3vil y prometo hacer una entrada en especial s\u00f3lo del Mercat. He vuelto a casa con el carro que ya no me cab\u00eda m\u00e1s y eso que para llegar hasta La Patacona, tengo que hacer trasbordo de autobuses pero es que no me puedo resistir&#8230; total, que entre otros manjares, he comprado unos caracoles para cumplir con mi promesa de subir \u00e9sta receta solicitada por muchos de mis seguidores, as\u00ed que all\u00e1 vamos. Para la caragol\u00e1 de hoy necesitaremos;<\/p>\n<p><img decoding=\"async\" loading=\"lazy\" class=\"alignnone size-large wp-image-15861\" src=\"https:\/\/elcalaixetdelaiaia.es\/wp-content\/uploads\/2018\/02\/IMG_E4557-1024x729.jpg\" alt=\"\" width=\"750\" height=\"534\" srcset=\"https:\/\/elcalaixetdelaiaia.es\/wp-content\/uploads\/2018\/02\/IMG_E4557-1024x729.jpg 1024w, https:\/\/elcalaixetdelaiaia.es\/wp-content\/uploads\/2018\/02\/IMG_E4557-300x214.jpg 300w, https:\/\/elcalaixetdelaiaia.es\/wp-content\/uploads\/2018\/02\/IMG_E4557-768x547.jpg 768w\" sizes=\"(max-width: 750px) 100vw, 750px\" \/><\/p>\n<ol>\n<li>Medio kilo de baquetas o de avellanencs<\/li>\n<li>Una cebolla tierna<\/li>\n<li>Un tomate maduro<\/li>\n<li>200g de \u00abbajoqueta\u00bb o jud\u00eda verde<\/li>\n<li>Un pu\u00f1adito de almendras<\/li>\n<li>Tres rodajas de pan seco<\/li>\n<li>Piment\u00f3n de la Vera<\/li>\n<li>Una pebrera<\/li>\n<li>Aceite de oliva<\/li>\n<li>Hierbabuena<\/li>\n<li>Tres dientes de ajo<\/li>\n<li>Sal<\/li>\n<\/ol>\n<p>Lo ideal son las baquetas o los Avellanecs, pero ahora no es tiempo y no he podido encontrar, as\u00ed que los he cambiado por Xonetas. Los procesos mas importantes en la preparaci\u00f3n de caracoles son tres;<\/p>\n<ul>\n<li>El purgado<\/li>\n<li>Una exahustiva limpieza<\/li>\n<li>El vil enga\u00f1o, para que saquen su molla<\/li>\n<\/ul>\n<p style=\"text-align: center;\">Si los cogemos en el campo, hay que purgarlos si o si. Para ello podemos colocarlos en una malla de pl\u00e1stico, como me han preparado los que he comprado en el Mercat Central, aunque \u00e9stos ya est\u00e1n purgados<\/p>\n<p><img decoding=\"async\" loading=\"lazy\" class=\"alignnone size-large wp-image-15840\" src=\"https:\/\/elcalaixetdelaiaia.es\/wp-content\/uploads\/2018\/02\/1-1-1024x768.png\" alt=\"\" width=\"750\" height=\"563\" srcset=\"https:\/\/elcalaixetdelaiaia.es\/wp-content\/uploads\/2018\/02\/1-1-1024x768.png 1024w, https:\/\/elcalaixetdelaiaia.es\/wp-content\/uploads\/2018\/02\/1-1-300x225.png 300w, https:\/\/elcalaixetdelaiaia.es\/wp-content\/uploads\/2018\/02\/1-1-768x576.png 768w\" sizes=\"(max-width: 750px) 100vw, 750px\" \/><\/p>\n<p style=\"text-align: center;\">o como se hac\u00eda antiguamente, dentro de una \u00abgabia\u00bb o jaula forrada de tela met\u00e1lica de gallinero o de mosquitera, lo que en algunos pueblos se llamaba \u00abfresquera\u00bb y que originalmente se usaba como nevera.<\/p>\n<p style=\"text-align: center;\">A\u00fan conservo una fresquera que tengo en la paidera del pueblo, donde nos gusta secar el embutido.<\/p>\n<p><img decoding=\"async\" loading=\"lazy\" class=\"wp-image-15785 aligncenter size-full\" src=\"https:\/\/elcalaixetdelaiaia.es\/wp-content\/uploads\/2018\/02\/carnerafresquerablanca.jpg\" alt=\"\" width=\"499\" height=\"334\" srcset=\"https:\/\/elcalaixetdelaiaia.es\/wp-content\/uploads\/2018\/02\/carnerafresquerablanca.jpg 499w, https:\/\/elcalaixetdelaiaia.es\/wp-content\/uploads\/2018\/02\/carnerafresquerablanca-300x201.jpg 300w\" sizes=\"(max-width: 499px) 100vw, 499px\" \/><\/p>\n<p style=\"text-align: center;\">Mis iaios pon\u00edan los caracoles en una de \u00e9stas fresqueras y los alimentaban con un plato con agua, otro con harina y unas ramitas de romero y tomillo durante el purgado, que viene a durar 15 d\u00edas si es con ayuno total y tres o cuatro si es con el m\u00e9todo de la harina, agua, tomillo y romero.<\/p>\n<p><img decoding=\"async\" loading=\"lazy\" class=\"alignnone size-large wp-image-15860\" src=\"https:\/\/elcalaixetdelaiaia.es\/wp-content\/uploads\/2018\/02\/IMG_E4556-1024x768.jpg\" alt=\"\" width=\"750\" height=\"563\" srcset=\"https:\/\/elcalaixetdelaiaia.es\/wp-content\/uploads\/2018\/02\/IMG_E4556-1024x768.jpg 1024w, https:\/\/elcalaixetdelaiaia.es\/wp-content\/uploads\/2018\/02\/IMG_E4556-300x225.jpg 300w, https:\/\/elcalaixetdelaiaia.es\/wp-content\/uploads\/2018\/02\/IMG_E4556-768x576.jpg 768w\" sizes=\"(max-width: 750px) 100vw, 750px\" \/><\/p>\n<p style=\"text-align: center;\">Este paso es imprescindible si los cog\u00e9is de la tierra, ya que de lo contrario amargan y adem\u00e1s pueden ser peligrosos ya que el proceso del purgado no es quitarles las babas,como mucha gente cree, sino la de que coman durante un par de d\u00edas una dieta controlada, para eliminar de sus intestinos posibles alimentos t\u00f3xicos para el hombre, como hojas de hiedra que tanto les gustan o incluso setas venenosas, que para ellos son chucher\u00edas de lo m\u00e1s saludable y a los humanos nos pueden traer grav\u00edsimos problemas.<\/p>\n<p><img decoding=\"async\" loading=\"lazy\" class=\"alignnone wp-image-15845 size-large\" src=\"https:\/\/elcalaixetdelaiaia.es\/wp-content\/uploads\/2018\/02\/a-1024x673.jpg\" alt=\"\" width=\"750\" height=\"493\" srcset=\"https:\/\/elcalaixetdelaiaia.es\/wp-content\/uploads\/2018\/02\/a-1024x673.jpg 1024w, https:\/\/elcalaixetdelaiaia.es\/wp-content\/uploads\/2018\/02\/a-300x197.jpg 300w, https:\/\/elcalaixetdelaiaia.es\/wp-content\/uploads\/2018\/02\/a-768x504.jpg 768w\" sizes=\"(max-width: 750px) 100vw, 750px\" \/><\/p>\n<p style=\"text-align: center;\">Si los compramos en el mercado, (en \u00e9ste caso, como os dec\u00eda mas arriba, son del Mercat Central de Val\u00e8ncia), preguntaremos si ya est\u00e1n purgados para asegurarnos, aunque normalmente suele ser as\u00ed y nos evitamos \u00e9ste paso.<\/p>\n<p><img decoding=\"async\" loading=\"lazy\" class=\"alignnone size-large wp-image-15841\" src=\"https:\/\/elcalaixetdelaiaia.es\/wp-content\/uploads\/2018\/02\/1a-1024x768.png\" alt=\"\" width=\"750\" height=\"563\" srcset=\"https:\/\/elcalaixetdelaiaia.es\/wp-content\/uploads\/2018\/02\/1a-1024x768.png 1024w, https:\/\/elcalaixetdelaiaia.es\/wp-content\/uploads\/2018\/02\/1a-300x225.png 300w, https:\/\/elcalaixetdelaiaia.es\/wp-content\/uploads\/2018\/02\/1a-768x576.png 768w, https:\/\/elcalaixetdelaiaia.es\/wp-content\/uploads\/2018\/02\/1a.png 2048w\" sizes=\"(max-width: 750px) 100vw, 750px\" \/><\/p>\n<p style=\"text-align: center;\">Para limpiarlos, lo ideal es ponerlos primero en agua fresca<\/p>\n<p><img decoding=\"async\" loading=\"lazy\" class=\"alignnone size-large wp-image-15842\" src=\"https:\/\/elcalaixetdelaiaia.es\/wp-content\/uploads\/2018\/02\/2-1-1024x767.png\" alt=\"\" width=\"750\" height=\"562\" srcset=\"https:\/\/elcalaixetdelaiaia.es\/wp-content\/uploads\/2018\/02\/2-1-1024x767.png 1024w, https:\/\/elcalaixetdelaiaia.es\/wp-content\/uploads\/2018\/02\/2-1-300x225.png 300w, https:\/\/elcalaixetdelaiaia.es\/wp-content\/uploads\/2018\/02\/2-1-768x575.png 768w\" sizes=\"(max-width: 750px) 100vw, 750px\" \/><\/p>\n<p style=\"text-align: center;\">a\u00f1adir un pu\u00f1adito de sal<\/p>\n<p><img decoding=\"async\" loading=\"lazy\" class=\"alignnone size-large wp-image-15843\" src=\"https:\/\/elcalaixetdelaiaia.es\/wp-content\/uploads\/2018\/02\/3-1-1024x768.png\" alt=\"\" width=\"750\" height=\"563\" srcset=\"https:\/\/elcalaixetdelaiaia.es\/wp-content\/uploads\/2018\/02\/3-1-1024x768.png 1024w, https:\/\/elcalaixetdelaiaia.es\/wp-content\/uploads\/2018\/02\/3-1-300x225.png 300w, https:\/\/elcalaixetdelaiaia.es\/wp-content\/uploads\/2018\/02\/3-1-768x576.png 768w, https:\/\/elcalaixetdelaiaia.es\/wp-content\/uploads\/2018\/02\/3-1.png 2048w\" sizes=\"(max-width: 750px) 100vw, 750px\" \/><\/p>\n<p style=\"text-align: center;\">con un chorrito de vinagre, dejarlos una media hora<\/p>\n<p><img decoding=\"async\" loading=\"lazy\" class=\"alignnone size-large wp-image-15851\" src=\"https:\/\/elcalaixetdelaiaia.es\/wp-content\/uploads\/2018\/02\/EGNX2933-1024x768.png\" alt=\"\" width=\"750\" height=\"563\" srcset=\"https:\/\/elcalaixetdelaiaia.es\/wp-content\/uploads\/2018\/02\/EGNX2933-1024x768.png 1024w, https:\/\/elcalaixetdelaiaia.es\/wp-content\/uploads\/2018\/02\/EGNX2933-300x225.png 300w, https:\/\/elcalaixetdelaiaia.es\/wp-content\/uploads\/2018\/02\/EGNX2933-768x576.png 768w, https:\/\/elcalaixetdelaiaia.es\/wp-content\/uploads\/2018\/02\/EGNX2933.png 2048w\" sizes=\"(max-width: 750px) 100vw, 750px\" \/><\/p>\n<p style=\"text-align: center;\">tapando el recipiente para que no se salgan de la pila<\/p>\n<p><img decoding=\"async\" loading=\"lazy\" class=\"alignnone size-large wp-image-15844\" src=\"https:\/\/elcalaixetdelaiaia.es\/wp-content\/uploads\/2018\/02\/4-1024x768.png\" alt=\"\" width=\"750\" height=\"563\" srcset=\"https:\/\/elcalaixetdelaiaia.es\/wp-content\/uploads\/2018\/02\/4-1024x768.png 1024w, https:\/\/elcalaixetdelaiaia.es\/wp-content\/uploads\/2018\/02\/4-300x225.png 300w, https:\/\/elcalaixetdelaiaia.es\/wp-content\/uploads\/2018\/02\/4-768x576.png 768w\" sizes=\"(max-width: 750px) 100vw, 750px\" \/><\/p>\n<p style=\"text-align: center;\">y a continuaci\u00f3n lavarlos bajo el chorro del grifo frot\u00e1ndolos con las manos hasta que notemos que nuestras manos ya no est\u00e1n en absoluto babosas. No tem\u00e1is lavarlos las veces que sea preciso, cuanto m\u00e1s limpios mejor. Mi marido, me dec\u00eda que los lavaba tanto que les quitaba el sabor&#8230; pero era s\u00f3lo para hacerme la pu\u00f1eta, porque luego se chupaba los dedos y a mis espaldas, siempre dec\u00eda que nadie hac\u00eda los caracoles como su mujer&#8230; con raz\u00f3n le llamaban en casa, la familia y los amigos, el t\u00edo y\/o iaio Jero pu\u00f1etero <span class=\"ILfuVd\" lang=\"es\"><span class=\"hgKElc\">\ud83d\udc97<\/span><\/span><\/p>\n<p><img decoding=\"async\" loading=\"lazy\" class=\"alignnone size-large wp-image-15846\" src=\"https:\/\/elcalaixetdelaiaia.es\/wp-content\/uploads\/2018\/02\/ANEM4860-1024x768.png\" alt=\"\" width=\"750\" height=\"563\" srcset=\"https:\/\/elcalaixetdelaiaia.es\/wp-content\/uploads\/2018\/02\/ANEM4860-1024x768.png 1024w, https:\/\/elcalaixetdelaiaia.es\/wp-content\/uploads\/2018\/02\/ANEM4860-300x225.png 300w, https:\/\/elcalaixetdelaiaia.es\/wp-content\/uploads\/2018\/02\/ANEM4860-768x576.png 768w\" sizes=\"(max-width: 750px) 100vw, 750px\" \/><\/p>\n<p style=\"text-align: center;\">Una vez limpios los vamos colocando en una cazuela en agua fr\u00eda<\/p>\n<p><img decoding=\"async\" loading=\"lazy\" class=\"alignnone wp-image-15847 size-large\" src=\"https:\/\/elcalaixetdelaiaia.es\/wp-content\/uploads\/2018\/02\/ANVM2531-1024x768.png\" alt=\"\" width=\"750\" height=\"563\" srcset=\"https:\/\/elcalaixetdelaiaia.es\/wp-content\/uploads\/2018\/02\/ANVM2531-1024x768.png 1024w, https:\/\/elcalaixetdelaiaia.es\/wp-content\/uploads\/2018\/02\/ANVM2531-300x225.png 300w, https:\/\/elcalaixetdelaiaia.es\/wp-content\/uploads\/2018\/02\/ANVM2531-768x576.png 768w\" sizes=\"(max-width: 750px) 100vw, 750px\" \/><\/p>\n<p style=\"text-align: center;\">con una rama de romero a fuego m\u00ednimo, m\u00ednimo m\u00ednimo. A los pobrecitos hay que hay que ahogarlos de calor para que saquen bien todas sus mollitas; por \u00e9so os digo que hay que enga\u00f1arlos vilmente.<\/p>\n<p><img decoding=\"async\" loading=\"lazy\" class=\"alignnone wp-image-15864 size-large\" src=\"https:\/\/elcalaixetdelaiaia.es\/wp-content\/uploads\/2018\/02\/MDJZ6195-1024x768.png\" alt=\"\" width=\"750\" height=\"563\" srcset=\"https:\/\/elcalaixetdelaiaia.es\/wp-content\/uploads\/2018\/02\/MDJZ6195-1024x768.png 1024w, https:\/\/elcalaixetdelaiaia.es\/wp-content\/uploads\/2018\/02\/MDJZ6195-300x225.png 300w, https:\/\/elcalaixetdelaiaia.es\/wp-content\/uploads\/2018\/02\/MDJZ6195-768x576.png 768w\" sizes=\"(max-width: 750px) 100vw, 750px\" \/><\/p>\n<p style=\"text-align: center;\">Desecharemos \u00e9sta agua que est\u00e1 babosa y pondremos de nuevo a hervir en<\/p>\n<p><img decoding=\"async\" loading=\"lazy\" class=\"alignnone wp-image-15862 size-large\" src=\"https:\/\/elcalaixetdelaiaia.es\/wp-content\/uploads\/2018\/02\/JXWE5081-1024x768.png\" alt=\"\" width=\"750\" height=\"563\" srcset=\"https:\/\/elcalaixetdelaiaia.es\/wp-content\/uploads\/2018\/02\/JXWE5081-1024x768.png 1024w, https:\/\/elcalaixetdelaiaia.es\/wp-content\/uploads\/2018\/02\/JXWE5081-300x225.png 300w, https:\/\/elcalaixetdelaiaia.es\/wp-content\/uploads\/2018\/02\/JXWE5081-768x576.png 768w, https:\/\/elcalaixetdelaiaia.es\/wp-content\/uploads\/2018\/02\/JXWE5081.png 2048w\" sizes=\"(max-width: 750px) 100vw, 750px\" \/><\/p>\n<p style=\"text-align: center;\">agua limpia y otra ramita de romero.<\/p>\n<p><img decoding=\"async\" loading=\"lazy\" class=\"alignnone wp-image-15854 size-large\" src=\"https:\/\/elcalaixetdelaiaia.es\/wp-content\/uploads\/2018\/02\/HMSN1618-1024x768.png\" alt=\"\" width=\"750\" height=\"563\" srcset=\"https:\/\/elcalaixetdelaiaia.es\/wp-content\/uploads\/2018\/02\/HMSN1618-1024x768.png 1024w, https:\/\/elcalaixetdelaiaia.es\/wp-content\/uploads\/2018\/02\/HMSN1618-300x225.png 300w, https:\/\/elcalaixetdelaiaia.es\/wp-content\/uploads\/2018\/02\/HMSN1618-768x576.png 768w, https:\/\/elcalaixetdelaiaia.es\/wp-content\/uploads\/2018\/02\/HMSN1618.png 2048w\" sizes=\"(max-width: 750px) 100vw, 750px\" \/><\/p>\n<p style=\"text-align: center;\">taparemos la cazuela, si no queremos ir luego recogiendo caracoles por la cocina, porque mirad como se van pegando a la misma&#8230;..<\/p>\n<p><img decoding=\"async\" loading=\"lazy\" class=\"alignnone size-large wp-image-15870\" src=\"https:\/\/elcalaixetdelaiaia.es\/wp-content\/uploads\/2018\/02\/PXIH8973-1024x768.png\" alt=\"\" width=\"750\" height=\"563\" srcset=\"https:\/\/elcalaixetdelaiaia.es\/wp-content\/uploads\/2018\/02\/PXIH8973-1024x768.png 1024w, https:\/\/elcalaixetdelaiaia.es\/wp-content\/uploads\/2018\/02\/PXIH8973-300x225.png 300w, https:\/\/elcalaixetdelaiaia.es\/wp-content\/uploads\/2018\/02\/PXIH8973-768x576.png 768w, https:\/\/elcalaixetdelaiaia.es\/wp-content\/uploads\/2018\/02\/PXIH8973.png 2048w\" sizes=\"(max-width: 750px) 100vw, 750px\" \/><\/p>\n<p style=\"text-align: center;\">despuntamos, cortamos y enjuagamos la \u00abbajoqueta\u00bb o jud\u00eda verde<\/p>\n<p><img decoding=\"async\" loading=\"lazy\" class=\"alignnone wp-image-15865 size-large\" src=\"https:\/\/elcalaixetdelaiaia.es\/wp-content\/uploads\/2018\/02\/MOWO3522-1024x794.png\" alt=\"\" width=\"750\" height=\"582\" srcset=\"https:\/\/elcalaixetdelaiaia.es\/wp-content\/uploads\/2018\/02\/MOWO3522-1024x794.png 1024w, https:\/\/elcalaixetdelaiaia.es\/wp-content\/uploads\/2018\/02\/MOWO3522-300x233.png 300w, https:\/\/elcalaixetdelaiaia.es\/wp-content\/uploads\/2018\/02\/MOWO3522-768x595.png 768w\" sizes=\"(max-width: 750px) 100vw, 750px\" \/><\/p>\n<p style=\"text-align: center;\">pelamos y picamos la cebolleta, quitamos el nervio a los ajos, (para que luego no nos repita), cort\u00e1ndolo por la mitad.<\/p>\n<p><img decoding=\"async\" loading=\"lazy\" class=\"wp-image-22804 alignnone size-full\" src=\"https:\/\/elcalaixetdelaiaia.es\/wp-content\/uploads\/2020\/08\/img_20200806_1852322458271571535833204.jpg\" width=\"779\" height=\"579\" srcset=\"https:\/\/elcalaixetdelaiaia.es\/wp-content\/uploads\/2020\/08\/img_20200806_1852322458271571535833204.jpg 779w, https:\/\/elcalaixetdelaiaia.es\/wp-content\/uploads\/2020\/08\/img_20200806_1852322458271571535833204-300x223.jpg 300w, https:\/\/elcalaixetdelaiaia.es\/wp-content\/uploads\/2020\/08\/img_20200806_1852322458271571535833204-768x571.jpg 768w\" sizes=\"(max-width: 779px) 100vw, 779px\" \/><\/p>\n<p style=\"text-align: center;\">Pondremos mientras tanto, en una cazuela al fuego (de amplitud suficiente para que quepan los caracoles que a\u00f1adiremos luego) el aceite de oliva a calentar y cuando humee doraremos las tres rodajas de pan que ha de estar seco, por lo menos del d\u00eda anterior,<\/p>\n<p><img decoding=\"async\" loading=\"lazy\" class=\"alignnone size-large wp-image-15877\" src=\"https:\/\/elcalaixetdelaiaia.es\/wp-content\/uploads\/2018\/02\/UMWB9056-1024x768.png\" alt=\"\" width=\"750\" height=\"563\" srcset=\"https:\/\/elcalaixetdelaiaia.es\/wp-content\/uploads\/2018\/02\/UMWB9056-1024x768.png 1024w, https:\/\/elcalaixetdelaiaia.es\/wp-content\/uploads\/2018\/02\/UMWB9056-300x225.png 300w, https:\/\/elcalaixetdelaiaia.es\/wp-content\/uploads\/2018\/02\/UMWB9056-768x576.png 768w\" sizes=\"(max-width: 750px) 100vw, 750px\" \/><\/p>\n<p style=\"text-align: center;\">una vez dorado (cuidado que no se nos queme) a\u00f1adiremos las almendras y las doraremos tambi\u00e9n, las sacaremos del fuego y reservamos con el pan<\/p>\n<p><img decoding=\"async\" loading=\"lazy\" class=\"alignnone wp-image-15856 size-large\" src=\"https:\/\/elcalaixetdelaiaia.es\/wp-content\/uploads\/2018\/02\/ICVF4118-1024x768.png\" alt=\"\" width=\"750\" height=\"563\" srcset=\"https:\/\/elcalaixetdelaiaia.es\/wp-content\/uploads\/2018\/02\/ICVF4118-1024x768.png 1024w, https:\/\/elcalaixetdelaiaia.es\/wp-content\/uploads\/2018\/02\/ICVF4118-300x225.png 300w, https:\/\/elcalaixetdelaiaia.es\/wp-content\/uploads\/2018\/02\/ICVF4118-768x576.png 768w\" sizes=\"(max-width: 750px) 100vw, 750px\" \/><\/p>\n<p style=\"text-align: center;\">y en el mismo aceite haremos el sofrito con la cebolleta picadita,<\/p>\n<p><img decoding=\"async\" loading=\"lazy\" class=\"alignnone wp-image-15867 size-large\" src=\"https:\/\/elcalaixetdelaiaia.es\/wp-content\/uploads\/2018\/02\/NQWD1701-1024x768.png\" alt=\"\" width=\"750\" height=\"563\" srcset=\"https:\/\/elcalaixetdelaiaia.es\/wp-content\/uploads\/2018\/02\/NQWD1701-1024x768.png 1024w, https:\/\/elcalaixetdelaiaia.es\/wp-content\/uploads\/2018\/02\/NQWD1701-300x225.png 300w, https:\/\/elcalaixetdelaiaia.es\/wp-content\/uploads\/2018\/02\/NQWD1701-768x576.png 768w\" sizes=\"(max-width: 750px) 100vw, 750px\" \/><\/p>\n<p style=\"text-align: center;\">el tomate maduro rallado y dejaremos pochar.<\/p>\n<p><img decoding=\"async\" loading=\"lazy\" class=\"alignnone wp-image-15850 size-large\" src=\"https:\/\/elcalaixetdelaiaia.es\/wp-content\/uploads\/2018\/02\/DCBZ9479-1024x768.png\" alt=\"\" width=\"750\" height=\"563\" srcset=\"https:\/\/elcalaixetdelaiaia.es\/wp-content\/uploads\/2018\/02\/DCBZ9479-1024x768.png 1024w, https:\/\/elcalaixetdelaiaia.es\/wp-content\/uploads\/2018\/02\/DCBZ9479-300x225.png 300w, https:\/\/elcalaixetdelaiaia.es\/wp-content\/uploads\/2018\/02\/DCBZ9479-768x576.png 768w\" sizes=\"(max-width: 750px) 100vw, 750px\" \/><\/p>\n<p style=\"text-align: center;\">incorporamos las jud\u00edas verdes que ya hemos despuntado y cortado y sofre\u00edmos<\/p>\n<p><img decoding=\"async\" loading=\"lazy\" class=\"alignnone size-large wp-image-15852\" src=\"https:\/\/elcalaixetdelaiaia.es\/wp-content\/uploads\/2018\/02\/FWGZ7022-1024x768.png\" alt=\"\" width=\"750\" height=\"563\" srcset=\"https:\/\/elcalaixetdelaiaia.es\/wp-content\/uploads\/2018\/02\/FWGZ7022-1024x768.png 1024w, https:\/\/elcalaixetdelaiaia.es\/wp-content\/uploads\/2018\/02\/FWGZ7022-300x225.png 300w, https:\/\/elcalaixetdelaiaia.es\/wp-content\/uploads\/2018\/02\/FWGZ7022-768x576.png 768w\" sizes=\"(max-width: 750px) 100vw, 750px\" \/><\/p>\n<p style=\"text-align: center;\">Preparamos mientas lo que en casa llamamos \u00abla picaeta\u00bb poniendo en el mortero las almendras junto al pan tostadito,<\/p>\n<p><img decoding=\"async\" loading=\"lazy\" class=\"alignnone size-large wp-image-15879\" src=\"https:\/\/elcalaixetdelaiaia.es\/wp-content\/uploads\/2018\/02\/VLYR1055-1024x768.png\" alt=\"\" width=\"750\" height=\"563\" srcset=\"https:\/\/elcalaixetdelaiaia.es\/wp-content\/uploads\/2018\/02\/VLYR1055-1024x768.png 1024w, https:\/\/elcalaixetdelaiaia.es\/wp-content\/uploads\/2018\/02\/VLYR1055-300x225.png 300w, https:\/\/elcalaixetdelaiaia.es\/wp-content\/uploads\/2018\/02\/VLYR1055-768x576.png 768w\" sizes=\"(max-width: 750px) 100vw, 750px\" \/><\/p>\n<p style=\"text-align: center;\">tres dientes de ajo pelados y quitado en nervio interior, unas 10 o 12 hojitas de hierbabuena o \u00abherbasana\u00bb y un poquito de sal, majamos bien<\/p>\n<p><img decoding=\"async\" loading=\"lazy\" class=\"alignnone size-large wp-image-15871\" src=\"https:\/\/elcalaixetdelaiaia.es\/wp-content\/uploads\/2018\/02\/QDFX8446-1024x768.png\" alt=\"\" width=\"750\" height=\"563\" srcset=\"https:\/\/elcalaixetdelaiaia.es\/wp-content\/uploads\/2018\/02\/QDFX8446-1024x768.png 1024w, https:\/\/elcalaixetdelaiaia.es\/wp-content\/uploads\/2018\/02\/QDFX8446-300x225.png 300w, https:\/\/elcalaixetdelaiaia.es\/wp-content\/uploads\/2018\/02\/QDFX8446-768x576.png 768w\" sizes=\"(max-width: 750px) 100vw, 750px\" \/><\/p>\n<p style=\"text-align: center;\">y a\u00f1adimos al sofrito, pero no todo, ya que dejaremos un par de cucharadas en el mortero porque la picaeta va en sofrito y en crudo. Damos una vuelta<\/p>\n<p><img decoding=\"async\" loading=\"lazy\" class=\"alignnone wp-image-15878 size-large\" src=\"https:\/\/elcalaixetdelaiaia.es\/wp-content\/uploads\/2018\/02\/UOMR3768-1024x768.png\" alt=\"\" width=\"750\" height=\"563\" srcset=\"https:\/\/elcalaixetdelaiaia.es\/wp-content\/uploads\/2018\/02\/UOMR3768-1024x768.png 1024w, https:\/\/elcalaixetdelaiaia.es\/wp-content\/uploads\/2018\/02\/UOMR3768-300x225.png 300w, https:\/\/elcalaixetdelaiaia.es\/wp-content\/uploads\/2018\/02\/UOMR3768-768x576.png 768w\" sizes=\"(max-width: 750px) 100vw, 750px\" \/><\/p>\n<p style=\"text-align: center;\">y a\u00f1adimos una cucharada de piment\u00f3n de la vera (si os gusta la comida muy picante, que el piment\u00f3n sea picante)<\/p>\n<p><img decoding=\"async\" loading=\"lazy\" class=\"alignnone size-large wp-image-15874\" src=\"https:\/\/elcalaixetdelaiaia.es\/wp-content\/uploads\/2018\/02\/SCVX0005-1024x768.png\" alt=\"\" width=\"750\" height=\"563\" srcset=\"https:\/\/elcalaixetdelaiaia.es\/wp-content\/uploads\/2018\/02\/SCVX0005-1024x768.png 1024w, https:\/\/elcalaixetdelaiaia.es\/wp-content\/uploads\/2018\/02\/SCVX0005-300x225.png 300w, https:\/\/elcalaixetdelaiaia.es\/wp-content\/uploads\/2018\/02\/SCVX0005-768x576.png 768w, https:\/\/elcalaixetdelaiaia.es\/wp-content\/uploads\/2018\/02\/SCVX0005.png 2048w\" sizes=\"(max-width: 750px) 100vw, 750px\" \/><\/p>\n<p style=\"text-align: center;\">a\u00f1adiremos los caracoles escurridos, lo que nos ha quedado de la picada en el mortero<\/p>\n<p><img decoding=\"async\" loading=\"lazy\" class=\"alignnone wp-image-15881 size-large\" src=\"https:\/\/elcalaixetdelaiaia.es\/wp-content\/uploads\/2018\/02\/KVKM5463-1-1024x768.png\" alt=\"\" width=\"750\" height=\"563\" srcset=\"https:\/\/elcalaixetdelaiaia.es\/wp-content\/uploads\/2018\/02\/KVKM5463-1-1024x768.png 1024w, https:\/\/elcalaixetdelaiaia.es\/wp-content\/uploads\/2018\/02\/KVKM5463-1-300x225.png 300w, https:\/\/elcalaixetdelaiaia.es\/wp-content\/uploads\/2018\/02\/KVKM5463-1-768x576.png 768w, https:\/\/elcalaixetdelaiaia.es\/wp-content\/uploads\/2018\/02\/KVKM5463-1.png 2048w\" sizes=\"(max-width: 750px) 100vw, 750px\" \/><\/p>\n<p style=\"text-align: center;\">cubriremos con agua tibia<\/p>\n<p><img decoding=\"async\" loading=\"lazy\" class=\"alignnone wp-image-15866 size-large\" src=\"https:\/\/elcalaixetdelaiaia.es\/wp-content\/uploads\/2018\/02\/MWAN1382-1024x768.png\" alt=\"\" width=\"750\" height=\"563\" srcset=\"https:\/\/elcalaixetdelaiaia.es\/wp-content\/uploads\/2018\/02\/MWAN1382-1024x768.png 1024w, https:\/\/elcalaixetdelaiaia.es\/wp-content\/uploads\/2018\/02\/MWAN1382-300x225.png 300w, https:\/\/elcalaixetdelaiaia.es\/wp-content\/uploads\/2018\/02\/MWAN1382-768x576.png 768w\" sizes=\"(max-width: 750px) 100vw, 750px\" \/><\/p>\n<p style=\"text-align: center;\">junto a dos pebreras medianas o una grande, (las suelo pinchar en un palillo, para tenerlas localizadas), tapararemos y dejaremos hervir durante unos 20 minutos a fuego medio, rectificaremos de sal si es preciso<\/p>\n<p><img decoding=\"async\" loading=\"lazy\" class=\"alignnone wp-image-15876 size-large\" src=\"https:\/\/elcalaixetdelaiaia.es\/wp-content\/uploads\/2018\/02\/TREZ4853-1024x799.png\" alt=\"\" width=\"750\" height=\"585\" srcset=\"https:\/\/elcalaixetdelaiaia.es\/wp-content\/uploads\/2018\/02\/TREZ4853-1024x799.png 1024w, https:\/\/elcalaixetdelaiaia.es\/wp-content\/uploads\/2018\/02\/TREZ4853-300x234.png 300w, https:\/\/elcalaixetdelaiaia.es\/wp-content\/uploads\/2018\/02\/TREZ4853-768x599.png 768w\" sizes=\"(max-width: 750px) 100vw, 750px\" \/><\/p>\n<p style=\"text-align: center;\">y serviremos calentitos, y aprovisionados de una buena barra de pan para \u00absucar\u00bb el caldito que no se ve, pero c\u00f3mo las meigas haberlo&#8230; haylo y est\u00e1 de muerte mortal<\/p>\n<p><img decoding=\"async\" loading=\"lazy\" class=\"alignnone wp-image-15875 size-large\" src=\"https:\/\/elcalaixetdelaiaia.es\/wp-content\/uploads\/2018\/02\/SSAV6137-1-1024x768.png\" alt=\"\" width=\"750\" height=\"563\" srcset=\"https:\/\/elcalaixetdelaiaia.es\/wp-content\/uploads\/2018\/02\/SSAV6137-1-1024x768.png 1024w, https:\/\/elcalaixetdelaiaia.es\/wp-content\/uploads\/2018\/02\/SSAV6137-1-300x225.png 300w, https:\/\/elcalaixetdelaiaia.es\/wp-content\/uploads\/2018\/02\/SSAV6137-1-768x576.png 768w\" sizes=\"(max-width: 750px) 100vw, 750px\" \/><\/p>\n<p style=\"text-align: center;\">porque \u00e9stos caracoles est\u00e1n de toma pan y moja<\/p>\n<p><img decoding=\"async\" loading=\"lazy\" class=\"alignnone size-large wp-image-15869\" src=\"https:\/\/elcalaixetdelaiaia.es\/wp-content\/uploads\/2018\/02\/OGPZ4358-1024x768.png\" alt=\"\" width=\"750\" height=\"563\" srcset=\"https:\/\/elcalaixetdelaiaia.es\/wp-content\/uploads\/2018\/02\/OGPZ4358-1024x768.png 1024w, https:\/\/elcalaixetdelaiaia.es\/wp-content\/uploads\/2018\/02\/OGPZ4358-300x225.png 300w, https:\/\/elcalaixetdelaiaia.es\/wp-content\/uploads\/2018\/02\/OGPZ4358-768x576.png 768w\" sizes=\"(max-width: 750px) 100vw, 750px\" \/><\/p>\n<p style=\"text-align: center;\">y si se han enga\u00f1ado bien, ya veis que tienen su molla que no hace falta buscarla mucho&#8230;<\/p>\n<p><img decoding=\"async\" loading=\"lazy\" class=\"alignnone size-large wp-image-15849\" src=\"https:\/\/elcalaixetdelaiaia.es\/wp-content\/uploads\/2018\/02\/BCJI1787-1024x768.png\" alt=\"\" width=\"750\" height=\"563\" srcset=\"https:\/\/elcalaixetdelaiaia.es\/wp-content\/uploads\/2018\/02\/BCJI1787-1024x768.png 1024w, https:\/\/elcalaixetdelaiaia.es\/wp-content\/uploads\/2018\/02\/BCJI1787-300x225.png 300w, https:\/\/elcalaixetdelaiaia.es\/wp-content\/uploads\/2018\/02\/BCJI1787-768x576.png 768w\" sizes=\"(max-width: 750px) 100vw, 750px\" \/><\/p>\n<p style=\"text-align: center;\">\u00aba la taula i&#8230; BON PROFIT!!!<\/p>\n<p style=\"text-align: center;\">Si te gusta \u00e9sta entrada, comp\u00e1rtela, as\u00ed mucha gente podr\u00e1 conocer esta tradicional receta. Gracias por hacerlo. Si quieres comentar, tus comentarios para mi son MUY importantes y recuerda que tambi\u00e9n estoy en Facebook <a href=\"https:\/\/www.facebook.com\/El-calaixet-de-la-iaia-533062140099386\/\">https:\/\/www.facebook.com\/El-calaixet-de-la-iaia-533062140099386\/<\/a><\/p>\n<p style=\"text-align: center;\">La resoluci\u00f3n a l&#8217;endivinalla&#8230;\u00bbEl caragol\u00bb La resoluci\u00f3n a la adivinanza es&#8230; \u00abel caracol\u00bb<\/p>\n<p style=\"text-align: center;\">Edito este post porque casualidades de la vida, justo cuando estaba publicando \u00e9sta entrada, mi t\u00eda Ampar\u00edn la \u00abcaragolera\u00bb, esposa del hermano mayor de mi padre, mi querido t\u00edo Tonin, se quedaba dormidita para siempre&#8230; sirva \u00e9sta entrada como un homenaje a mi querida t\u00eda y madrina, de bautismo y casamiento, con quien pas\u00e9 momentos maravillosos que quedar\u00e1n guardadados para siempre en mi mente y en mi coraz\u00f3n.<\/p>\n<p><img decoding=\"async\" loading=\"lazy\" class=\"alignnone size-full wp-image-27921\" src=\"https:\/\/elcalaixetdelaiaia.es\/wp-content\/uploads\/2018\/02\/WhatsApp-Image-2024-08-06-at-09.49.14.jpeg\" alt=\"\" width=\"688\" height=\"698\" srcset=\"https:\/\/elcalaixetdelaiaia.es\/wp-content\/uploads\/2018\/02\/WhatsApp-Image-2024-08-06-at-09.49.14.jpeg 688w, https:\/\/elcalaixetdelaiaia.es\/wp-content\/uploads\/2018\/02\/WhatsApp-Image-2024-08-06-at-09.49.14-296x300.jpeg 296w, https:\/\/elcalaixetdelaiaia.es\/wp-content\/uploads\/2018\/02\/WhatsApp-Image-2024-08-06-at-09.49.14-60x60.jpeg 60w\" sizes=\"(max-width: 688px) 100vw, 688px\" \/><\/p>\n<p style=\"text-align: center;\">Tengo la suerte de haberme podido despedir de ella, ya que la visit\u00e9 hace unos d\u00edas en su casa de Los \u00c1ngeles, e incluso pudimos hacernos unas fotos las dos juntas, que son ya las \u00faltimas con ella y guardar\u00e9 como un tesoro. Ten\u00eda la cabeza muy l\u00facida y clara a sus casi 95 a\u00f1os, estuvimos hablando precisamente de los caracoles y de mi t\u00edo y mis padres, recordamos momentos pasados, tanto aqu\u00ed, como en La Font d&#8217;en Carr\u00f2s, que fueron felic\u00edsimos y prometi\u00f3 hacerme una paellita ella misma en una pr\u00f3xima visita en que la avisara con antelaci\u00f3n, para comprar los arreglos necesarios. A\u00fan estuvo cont\u00e1ndome an\u00e9cdotas familiares, quer\u00eda mucho a mi madre y estuvieron siempre muy juntas, y estuvimos repasando alguna que otra tradicional receta. Me contaba por ejemplo, cuando, viviendo en la casa de la estacioneta del Cabanyal, mi madre iba a arreglarle el pelo y ella escog\u00eda los mejores conejo y pollo del corral, para hacer una paella.<\/p>\n<p>Con su marcha, ya nos hemos quedado sin mayores en la familia, ya se han ido todos, ya no nos queda nadie de \u00e9sa generaci\u00f3n, antes ya marcharon mi querido t\u00edo Vicente y su esposa mi querida t\u00eda Teres\u00edn, mis querido tios Salvador y Ton\u00edn, mi querida t\u00eda Conxeta, hermana de mi mami, y su esposo mi querido t\u00edo Pepe, mis queridos t\u00eda Mar\u00eda, esposa de mi querido t\u00edo Pepe, hermano de mi madre, mi querido t\u00edo y padrino Rafel\u00edn, hermano de mi madre, mi querido t\u00edo Manolo, hermano de mi madre y mi querida t\u00eda Mar\u00eda, su esposa, mi mamaita, hace 17 a\u00f1os&#8230; tanto de la familia materna como paterna, ya que poco despu\u00e9s que mi padre, y a los d\u00edas de irse mi marido, despedimos tambi\u00e9n a la \u00faltima t\u00eda materna, mi querida t\u00eda Antonia, (la bunyolera, la llamaban mis hijos), esposa de mi t\u00edo y padrino Rafel\u00edn , eso me sume en una gran tristeza, d\u00edas antes de Navidad nos dejaba tambi\u00e9n mi querida t\u00eda Encarnita, esposa del hermano de mi padre mi querido t\u00edo Salvador, en dos meses se han marchado las dos t\u00edas que nos quedaban, y aunque es ley de vida, queda un gran vac\u00edo, s\u00f3lo queda conformarnos record\u00e1ndolos a todos con el gran amor que nos dieron y estoy segura de que ahora nos cuidan todos juntos, nos dejan un gran legado&#8230;<\/p>\n","protected":false},"excerpt":{"rendered":"<p>\u00abEndivinalla; Qui, quan eix a passejar, la casa se sol emportar? \u00bfQuien, cuando sale a pasear, la casa se suele llevar?\u00a0\u00a0\u00a0 El caracol no tiene t\u00e9rmino medio, o te encanta o lo aborreces, sin m\u00e1s, es as\u00ed. Yo no puedo comerlos, lo siento, pero me es imposible, aunque he preparado &hellip; <\/p>\n","protected":false},"author":2,"featured_media":15875,"comment_status":"open","ping_status":"open","sticky":false,"template":"","format":"standard","meta":[],"categories":[67,1],"tags":[],"_links":{"self":[{"href":"https:\/\/elcalaixetdelaiaia.es\/index.php?rest_route=\/wp\/v2\/posts\/15556"}],"collection":[{"href":"https:\/\/elcalaixetdelaiaia.es\/index.php?rest_route=\/wp\/v2\/posts"}],"about":[{"href":"https:\/\/elcalaixetdelaiaia.es\/index.php?rest_route=\/wp\/v2\/types\/post"}],"author":[{"embeddable":true,"href":"https:\/\/elcalaixetdelaiaia.es\/index.php?rest_route=\/wp\/v2\/users\/2"}],"replies":[{"embeddable":true,"href":"https:\/\/elcalaixetdelaiaia.es\/index.php?rest_route=%2Fwp%2Fv2%2Fcomments&post=15556"}],"version-history":[{"count":36,"href":"https:\/\/elcalaixetdelaiaia.es\/index.php?rest_route=\/wp\/v2\/posts\/15556\/revisions"}],"predecessor-version":[{"id":27922,"href":"https:\/\/elcalaixetdelaiaia.es\/index.php?rest_route=\/wp\/v2\/posts\/15556\/revisions\/27922"}],"wp:featuredmedia":[{"embeddable":true,"href":"https:\/\/elcalaixetdelaiaia.es\/index.php?rest_route=\/wp\/v2\/media\/15875"}],"wp:attachment":[{"href":"https:\/\/elcalaixetdelaiaia.es\/index.php?rest_route=%2Fwp%2Fv2%2Fmedia&parent=15556"}],"wp:term":[{"taxonomy":"category","embeddable":true,"href":"https:\/\/elcalaixetdelaiaia.es\/index.php?rest_route=%2Fwp%2Fv2%2Fcategories&post=15556"},{"taxonomy":"post_tag","embeddable":true,"href":"https:\/\/elcalaixetdelaiaia.es\/index.php?rest_route=%2Fwp%2Fv2%2Ftags&post=15556"}],"curies":[{"name":"wp","href":"https:\/\/api.w.org\/{rel}","templated":true}]}}