{"id":14993,"date":"2017-12-23T16:05:28","date_gmt":"2017-12-23T16:05:28","guid":{"rendered":"http:\/\/elcalaixetdelaiaia.es\/?p=14993"},"modified":"2017-12-23T16:05:28","modified_gmt":"2017-12-23T16:05:28","slug":"bon-nadal-i-felic-any-2018","status":"publish","type":"post","link":"https:\/\/elcalaixetdelaiaia.es\/?p=14993","title":{"rendered":"Bon Nadal i feli\u00e7 any 2018"},"content":{"rendered":"<p>\u00abRefrany;<\/p>\n<p><span class=\"st\">En la Nit de Nadal, ballen els estels, perqu\u00e8 \u00e9s la festa major del cel<\/span>\u00bb En la Nochebuena bailan las estrellas, porque es la fiesta mayor del cielo.<\/p>\n<p>Solo quiero desearos a todos la m\u00e1xima felicidad, porque a pesar de todo, hay que intentar tener alegr\u00eda y optimismo, y seguir luchando por la vida, aunque sea por los que quedan y porque as\u00ed lo querr\u00edan los que ya no est\u00e1n&#8230;&#8230;<\/p>\n<p><img decoding=\"async\" loading=\"lazy\" class=\"alignnone size-large wp-image-14996\" src=\"https:\/\/elcalaixetdelaiaia.es\/wp-content\/uploads\/2017\/12\/felicitaci\u00f3-Nadal-2017ABC-1-1024x787.jpg\" alt=\"\" width=\"750\" height=\"576\" srcset=\"https:\/\/elcalaixetdelaiaia.es\/wp-content\/uploads\/2017\/12\/felicitaci\u00f3-Nadal-2017ABC-1-1024x787.jpg 1024w, https:\/\/elcalaixetdelaiaia.es\/wp-content\/uploads\/2017\/12\/felicitaci\u00f3-Nadal-2017ABC-1-300x231.jpg 300w, https:\/\/elcalaixetdelaiaia.es\/wp-content\/uploads\/2017\/12\/felicitaci\u00f3-Nadal-2017ABC-1-768x590.jpg 768w\" sizes=\"(max-width: 750px) 100vw, 750px\" \/><\/p>\n<p>Sed inmensamente felices.<\/p>\n<p>Maimen, la iaia del Calaixet.<\/p>\n","protected":false},"excerpt":{"rendered":"<p>\u00abRefrany; En la Nit de Nadal, ballen els estels, perqu\u00e8 \u00e9s la festa major del cel\u00bb En la Nochebuena bailan las estrellas, porque es la fiesta mayor del cielo. Solo quiero desearos a todos la m\u00e1xima felicidad, porque a pesar de todo, hay que intentar tener alegr\u00eda y optimismo, y &hellip; <\/p>\n","protected":false},"author":2,"featured_media":14996,"comment_status":"open","ping_status":"open","sticky":false,"template":"","format":"standard","meta":[],"categories":[1],"tags":[],"_links":{"self":[{"href":"https:\/\/elcalaixetdelaiaia.es\/index.php?rest_route=\/wp\/v2\/posts\/14993"}],"collection":[{"href":"https:\/\/elcalaixetdelaiaia.es\/index.php?rest_route=\/wp\/v2\/posts"}],"about":[{"href":"https:\/\/elcalaixetdelaiaia.es\/index.php?rest_route=\/wp\/v2\/types\/post"}],"author":[{"embeddable":true,"href":"https:\/\/elcalaixetdelaiaia.es\/index.php?rest_route=\/wp\/v2\/users\/2"}],"replies":[{"embeddable":true,"href":"https:\/\/elcalaixetdelaiaia.es\/index.php?rest_route=%2Fwp%2Fv2%2Fcomments&post=14993"}],"version-history":[{"count":1,"href":"https:\/\/elcalaixetdelaiaia.es\/index.php?rest_route=\/wp\/v2\/posts\/14993\/revisions"}],"predecessor-version":[{"id":14997,"href":"https:\/\/elcalaixetdelaiaia.es\/index.php?rest_route=\/wp\/v2\/posts\/14993\/revisions\/14997"}],"wp:featuredmedia":[{"embeddable":true,"href":"https:\/\/elcalaixetdelaiaia.es\/index.php?rest_route=\/wp\/v2\/media\/14996"}],"wp:attachment":[{"href":"https:\/\/elcalaixetdelaiaia.es\/index.php?rest_route=%2Fwp%2Fv2%2Fmedia&parent=14993"}],"wp:term":[{"taxonomy":"category","embeddable":true,"href":"https:\/\/elcalaixetdelaiaia.es\/index.php?rest_route=%2Fwp%2Fv2%2Fcategories&post=14993"},{"taxonomy":"post_tag","embeddable":true,"href":"https:\/\/elcalaixetdelaiaia.es\/index.php?rest_route=%2Fwp%2Fv2%2Ftags&post=14993"}],"curies":[{"name":"wp","href":"https:\/\/api.w.org\/{rel}","templated":true}]}}