{"id":14900,"date":"2017-12-25T22:06:13","date_gmt":"2017-12-25T22:06:13","guid":{"rendered":"http:\/\/elcalaixetdelaiaia.es\/?p=14900"},"modified":"2025-11-24T17:29:57","modified_gmt":"2025-11-24T17:29:57","slug":"chocolate-a-la-taza-en-2-minutos-paso-a-paso","status":"publish","type":"post","link":"https:\/\/elcalaixetdelaiaia.es\/?p=14900","title":{"rendered":"Chocolate a la taza en 2 minutos paso a paso foto a foto"},"content":{"rendered":"<p>\u00abRefrany;\u00a0<span class=\"st\"> Els <em>bunyols<\/em> es mengen sols<\/span>\u00bb Los bu\u00f1uelos se comen solos.<\/p>\n<p><img decoding=\"async\" loading=\"lazy\" class=\"alignnone size-large wp-image-15141\" src=\"https:\/\/elcalaixetdelaiaia.es\/wp-content\/uploads\/2017\/12\/coochalte-1024x768.png\" alt=\"\" width=\"750\" height=\"563\" srcset=\"https:\/\/elcalaixetdelaiaia.es\/wp-content\/uploads\/2017\/12\/coochalte-1024x768.png 1024w, https:\/\/elcalaixetdelaiaia.es\/wp-content\/uploads\/2017\/12\/coochalte-300x225.png 300w, https:\/\/elcalaixetdelaiaia.es\/wp-content\/uploads\/2017\/12\/coochalte-768x576.png 768w\" sizes=\"(max-width: 750px) 100vw, 750px\" \/><\/p>\n<p>Y tanto que si, pero yo no me los como solos. Hice bu\u00f1uelos el d\u00eda de Nochebuena, que tant\u00edsimo le gustaban a mi papi y en su homenaje, es nuestra manera de seguir celebrando juntos su cumplea\u00f1os \u00abla nit de Nadal\u00bb;\u00a0 \u00a0 \u00a0<a href=\"https:\/\/elcalaixetdelaiaia.es\/?p=679\">https:\/\/elcalaixetdelaiaia.es\/?p=679<\/a><\/p>\n<p>Y claro, me reserv\u00e9 tres para el d\u00eda siguiente. Como para mi son un bocado irresistible, no pude ceder a la tentaci\u00f3n de hacerme una tacita de chocolate caliente y desayunar c\u00f3mo una reina el d\u00eda de Navidad, en recuerdo de tantos desayunos navide\u00f1os, donde he estado TAN y muy bien acompa\u00f1ada. As\u00ed que mi bandejita al sol y cara al mar, cogiendo fuerzas, que en poco me liar\u00e9 en la cocina, y mi casa comenzar\u00e1 a llenarse de los olores t\u00edpicos y en un ratito, de risas, voces y alegr\u00edas&#8230; que llega la gran familia, hoy \u00a1\u00a1\u00a1 FESTA MAJOR !!!!<\/p>\n<p>Lo siento, pero no puedoni\u00a0 con el chocolate instant\u00e1neo&#8230; ni con el que venden hecho en brik, no consigo encontrarle ni un sabor, ni un aspecto apetecible, y es que hacer un buen chocolate es taaaan f\u00e1cil, el problema es la falta de tiempo pero, porque no usar el microondas?<\/p>\n<p>Pues tras una que otra prueba, he dado con la manera de tener un rico chocolate a la taza en tan s\u00f3lo \u00a1\u00a1\u00a1DOS!!! minutos, \u00e9so si&#8230; para que el chocolate est\u00e9 como debe ser, hay que dejarlo reposar otros dos como m\u00ednimo.<\/p>\n<p>Para una taza necesitaremos;<\/p>\n<p><img decoding=\"async\" loading=\"lazy\" class=\"alignnone size-full wp-image-24693\" src=\"https:\/\/elcalaixetdelaiaia.es\/wp-content\/uploads\/2017\/12\/IMG_1290.jpg\" alt=\"\" width=\"2444\" height=\"1874\" srcset=\"https:\/\/elcalaixetdelaiaia.es\/wp-content\/uploads\/2017\/12\/IMG_1290.jpg 2444w, https:\/\/elcalaixetdelaiaia.es\/wp-content\/uploads\/2017\/12\/IMG_1290-300x230.jpg 300w, https:\/\/elcalaixetdelaiaia.es\/wp-content\/uploads\/2017\/12\/IMG_1290-1024x785.jpg 1024w, https:\/\/elcalaixetdelaiaia.es\/wp-content\/uploads\/2017\/12\/IMG_1290-768x589.jpg 768w, https:\/\/elcalaixetdelaiaia.es\/wp-content\/uploads\/2017\/12\/IMG_1290-1536x1178.jpg 1536w, https:\/\/elcalaixetdelaiaia.es\/wp-content\/uploads\/2017\/12\/IMG_1290-2048x1570.jpg 2048w\" sizes=\"(max-width: 2444px) 100vw, 2444px\" \/><\/p>\n<div class=\"ERSIngredients\">\n<ol>\n<li class=\"ingredient\">200 ml de leche<\/li>\n<li class=\"ingredient\">Dos cucharadas de chocolate en polvo (valor)<\/li>\n<li>Una pizquita de canela en polvo<\/li>\n<\/ol>\n<div class=\"ERSClear\">\u00a0<img decoding=\"async\" loading=\"lazy\" class=\"alignnone size-full wp-image-24694\" src=\"https:\/\/elcalaixetdelaiaia.es\/wp-content\/uploads\/2017\/12\/IMG_E1255-copia-scaled.jpg\" alt=\"\" width=\"2560\" height=\"1920\" srcset=\"https:\/\/elcalaixetdelaiaia.es\/wp-content\/uploads\/2017\/12\/IMG_E1255-copia-scaled.jpg 2560w, https:\/\/elcalaixetdelaiaia.es\/wp-content\/uploads\/2017\/12\/IMG_E1255-copia-300x225.jpg 300w, https:\/\/elcalaixetdelaiaia.es\/wp-content\/uploads\/2017\/12\/IMG_E1255-copia-1024x768.jpg 1024w, https:\/\/elcalaixetdelaiaia.es\/wp-content\/uploads\/2017\/12\/IMG_E1255-copia-768x576.jpg 768w, https:\/\/elcalaixetdelaiaia.es\/wp-content\/uploads\/2017\/12\/IMG_E1255-copia-1536x1152.jpg 1536w, https:\/\/elcalaixetdelaiaia.es\/wp-content\/uploads\/2017\/12\/IMG_E1255-copia-2048x1536.jpg 2048w\" sizes=\"(max-width: 2560px) 100vw, 2560px\" \/><\/div>\n<\/div>\n<div class=\"ERSInstructions\">\n<p>Ponemos en una taza apta para microondas un poquito de la leche entera, y disolvemos en ella dos cucharadas soperas colmadas de chocolate Valor,<\/p>\n<p style=\"text-align: center;\"><img decoding=\"async\" loading=\"lazy\" class=\"alignnone size-full wp-image-24695\" src=\"https:\/\/elcalaixetdelaiaia.es\/wp-content\/uploads\/2017\/12\/OOJC2098.png\" alt=\"\" width=\"4032\" height=\"3024\" srcset=\"https:\/\/elcalaixetdelaiaia.es\/wp-content\/uploads\/2017\/12\/OOJC2098.png 4032w, https:\/\/elcalaixetdelaiaia.es\/wp-content\/uploads\/2017\/12\/OOJC2098-300x225.png 300w, https:\/\/elcalaixetdelaiaia.es\/wp-content\/uploads\/2017\/12\/OOJC2098-1024x768.png 1024w, https:\/\/elcalaixetdelaiaia.es\/wp-content\/uploads\/2017\/12\/OOJC2098-768x576.png 768w, https:\/\/elcalaixetdelaiaia.es\/wp-content\/uploads\/2017\/12\/OOJC2098-1536x1152.png 1536w, https:\/\/elcalaixetdelaiaia.es\/wp-content\/uploads\/2017\/12\/OOJC2098-2048x1536.png 2048w\" sizes=\"(max-width: 4032px) 100vw, 4032px\" \/><\/p>\n<p>vamos a\u00f1adiendo poco a poco el resto de leche mezclando bien. Una vez disuelto el chocolate sin grumos, a\u00f1adiremos una pizquita de canela en polvo, a nuestro gusto.<\/p>\n<p><img decoding=\"async\" loading=\"lazy\" class=\"alignnone size-full wp-image-24696\" src=\"https:\/\/elcalaixetdelaiaia.es\/wp-content\/uploads\/2017\/12\/PAXH4936.png\" alt=\"\" width=\"4032\" height=\"3024\" srcset=\"https:\/\/elcalaixetdelaiaia.es\/wp-content\/uploads\/2017\/12\/PAXH4936.png 4032w, https:\/\/elcalaixetdelaiaia.es\/wp-content\/uploads\/2017\/12\/PAXH4936-300x225.png 300w, https:\/\/elcalaixetdelaiaia.es\/wp-content\/uploads\/2017\/12\/PAXH4936-1024x768.png 1024w, https:\/\/elcalaixetdelaiaia.es\/wp-content\/uploads\/2017\/12\/PAXH4936-768x576.png 768w, https:\/\/elcalaixetdelaiaia.es\/wp-content\/uploads\/2017\/12\/PAXH4936-1536x1152.png 1536w, https:\/\/elcalaixetdelaiaia.es\/wp-content\/uploads\/2017\/12\/PAXH4936-2048x1536.png 2048w\" sizes=\"(max-width: 4032px) 100vw, 4032px\" \/><\/p>\n<p style=\"text-align: center;\">Programamos el microondas 2 minutos, a m\u00e1xima potencia, pero paramos cada 30 segundos y removemos,as\u00ed cada vez, hasta que espese. A mi me gusta muuy espeso. Es imprescindible dejarlo reposar otros dos minutos.<\/p>\n<p><img decoding=\"async\" loading=\"lazy\" class=\"size-large wp-image-15140 aligncenter\" src=\"https:\/\/elcalaixetdelaiaia.es\/wp-content\/uploads\/2017\/12\/coccolate-1024x819.png\" alt=\"\" width=\"750\" height=\"600\" srcset=\"https:\/\/elcalaixetdelaiaia.es\/wp-content\/uploads\/2017\/12\/coccolate-1024x819.png 1024w, https:\/\/elcalaixetdelaiaia.es\/wp-content\/uploads\/2017\/12\/coccolate-300x240.png 300w, https:\/\/elcalaixetdelaiaia.es\/wp-content\/uploads\/2017\/12\/coccolate-768x614.png 768w, https:\/\/elcalaixetdelaiaia.es\/wp-content\/uploads\/2017\/12\/coccolate.png 2048w\" sizes=\"(max-width: 750px) 100vw, 750px\" \/><\/p>\n<\/div>\n<p style=\"text-align: center;\">Los grumitos que veis no son del chocolate, es del az\u00facar de los bu\u00f1uelos que he mojado ;).\u00a0\u00a0 En s\u00f3lo cuatro minutos en total, tendremos un riqu\u00edsimo y espeso chocolate para disfrutar solo,<\/p>\n<p><img decoding=\"async\" loading=\"lazy\" class=\"size-large wp-image-15134 aligncenter\" src=\"https:\/\/elcalaixetdelaiaia.es\/wp-content\/uploads\/2017\/12\/CEHR6772-1024x768.png\" alt=\"\" width=\"750\" height=\"563\" srcset=\"https:\/\/elcalaixetdelaiaia.es\/wp-content\/uploads\/2017\/12\/CEHR6772-1024x768.png 1024w, https:\/\/elcalaixetdelaiaia.es\/wp-content\/uploads\/2017\/12\/CEHR6772-300x225.png 300w, https:\/\/elcalaixetdelaiaia.es\/wp-content\/uploads\/2017\/12\/CEHR6772-768x576.png 768w\" sizes=\"(max-width: 750px) 100vw, 750px\" \/><\/p>\n<div class=\"ERSInstructions\">\n<p style=\"text-align: center;\">o acompa\u00f1ado de unos riqu\u00edsimos bu\u00f1uelos de calabaza<\/p>\n<p><img decoding=\"async\" loading=\"lazy\" class=\"size-large wp-image-15135 aligncenter\" src=\"https:\/\/elcalaixetdelaiaia.es\/wp-content\/uploads\/2017\/12\/choccolat-1024x768.png\" alt=\"\" width=\"750\" height=\"563\" srcset=\"https:\/\/elcalaixetdelaiaia.es\/wp-content\/uploads\/2017\/12\/choccolat-1024x768.png 1024w, https:\/\/elcalaixetdelaiaia.es\/wp-content\/uploads\/2017\/12\/choccolat-300x225.png 300w, https:\/\/elcalaixetdelaiaia.es\/wp-content\/uploads\/2017\/12\/choccolat-768x576.png 768w\" sizes=\"(max-width: 750px) 100vw, 750px\" \/><\/p>\n<p style=\"text-align: center;\">Una dulce y deliciosa manera de desayunar el d\u00eda de Navidad&#8230; o desayunar\/merendar, cualquier otro d\u00eda.<\/p>\n<p><img decoding=\"async\" loading=\"lazy\" class=\"size-large wp-image-15137 aligncenter\" src=\"https:\/\/elcalaixetdelaiaia.es\/wp-content\/uploads\/2017\/12\/chococate-1024x768.png\" alt=\"\" width=\"750\" height=\"563\" srcset=\"https:\/\/elcalaixetdelaiaia.es\/wp-content\/uploads\/2017\/12\/chococate-1024x768.png 1024w, https:\/\/elcalaixetdelaiaia.es\/wp-content\/uploads\/2017\/12\/chococate-300x225.png 300w, https:\/\/elcalaixetdelaiaia.es\/wp-content\/uploads\/2017\/12\/chococate-768x576.png 768w\" sizes=\"(max-width: 750px) 100vw, 750px\" \/><\/p>\n<p style=\"text-align: center;\">\u00ab&#8230; a la taula i&#8230; BON PROFIT!!!\u00bb<\/p>\n<div>Si te gusta mi receta puedes compartirla, para que llegue a mas gente.<\/div>\n<div>\u00a0\u00a0 Espero tus comentarios que para mi son MUY importantes y recuerda que tambi\u00e9n estoy en Facebook <a href=\"https:\/\/www.facebook.com\/El-calaixet-de-la-iaia-533062140099386\/\">https:\/\/www.facebook.com\/El-calaixet-de-la-iaia-533062140099386\/<\/a><\/div>\n<div>Si quieres recibir mis actualizaciones por mail, al final de \u00e9sta p\u00e1gina a la izquierda tienes como hacer para introducir tu correo electr\u00f3nico y no perderte las actualizaciones de mis recetas \u00a1Gracias!<\/div>\n<\/div>\n","protected":false},"excerpt":{"rendered":"<p>\u00abRefrany;\u00a0 Els bunyols es mengen sols\u00bb Los bu\u00f1uelos se comen solos. Y tanto que si, pero yo no me los como solos. Hice bu\u00f1uelos el d\u00eda de Nochebuena, que tant\u00edsimo le gustaban a mi papi y en su homenaje, es nuestra manera de seguir celebrando juntos su cumplea\u00f1os \u00abla nit &hellip; <\/p>\n","protected":false},"author":2,"featured_media":15135,"comment_status":"open","ping_status":"open","sticky":false,"template":"","format":"standard","meta":[],"categories":[6,1],"tags":[],"_links":{"self":[{"href":"https:\/\/elcalaixetdelaiaia.es\/index.php?rest_route=\/wp\/v2\/posts\/14900"}],"collection":[{"href":"https:\/\/elcalaixetdelaiaia.es\/index.php?rest_route=\/wp\/v2\/posts"}],"about":[{"href":"https:\/\/elcalaixetdelaiaia.es\/index.php?rest_route=\/wp\/v2\/types\/post"}],"author":[{"embeddable":true,"href":"https:\/\/elcalaixetdelaiaia.es\/index.php?rest_route=\/wp\/v2\/users\/2"}],"replies":[{"embeddable":true,"href":"https:\/\/elcalaixetdelaiaia.es\/index.php?rest_route=%2Fwp%2Fv2%2Fcomments&post=14900"}],"version-history":[{"count":11,"href":"https:\/\/elcalaixetdelaiaia.es\/index.php?rest_route=\/wp\/v2\/posts\/14900\/revisions"}],"predecessor-version":[{"id":28645,"href":"https:\/\/elcalaixetdelaiaia.es\/index.php?rest_route=\/wp\/v2\/posts\/14900\/revisions\/28645"}],"wp:featuredmedia":[{"embeddable":true,"href":"https:\/\/elcalaixetdelaiaia.es\/index.php?rest_route=\/wp\/v2\/media\/15135"}],"wp:attachment":[{"href":"https:\/\/elcalaixetdelaiaia.es\/index.php?rest_route=%2Fwp%2Fv2%2Fmedia&parent=14900"}],"wp:term":[{"taxonomy":"category","embeddable":true,"href":"https:\/\/elcalaixetdelaiaia.es\/index.php?rest_route=%2Fwp%2Fv2%2Fcategories&post=14900"},{"taxonomy":"post_tag","embeddable":true,"href":"https:\/\/elcalaixetdelaiaia.es\/index.php?rest_route=%2Fwp%2Fv2%2Ftags&post=14900"}],"curies":[{"name":"wp","href":"https:\/\/api.w.org\/{rel}","templated":true}]}}