{"id":14899,"date":"2018-01-08T16:42:36","date_gmt":"2018-01-08T16:42:36","guid":{"rendered":"http:\/\/elcalaixetdelaiaia.es\/?p=14899"},"modified":"2023-12-28T17:35:50","modified_gmt":"2023-12-28T17:35:50","slug":"paquete-de-hojaldre-relleno-de-queso-paso-a-paso","status":"publish","type":"post","link":"https:\/\/elcalaixetdelaiaia.es\/?p=14899","title":{"rendered":"Paquete de hojaldre relleno de queso paso a paso"},"content":{"rendered":"<p>\u00abRefrany; <span class=\"st\">Pa amb ulls, <\/span><span class=\"st\"><em>formatge<\/em><\/span><span class=\"st\"> sense ulls i el vi que salte als ulls<\/span>\u00ab.\u00a0 Pan con ojos, queso sin ojos y el vino que salte a los ojos.<\/p>\n<p>Un bocadito buen\u00edsimo que puede servirnos como aperitivo o lo que m\u00e1s os apetezca, muy adecuado para cualquier d\u00eda de fiesta.<\/p>\n<p><img decoding=\"async\" loading=\"lazy\" class=\"size-large wp-image-18279 aligncenter\" src=\"https:\/\/elcalaixetdelaiaia.es\/wp-content\/uploads\/2018\/01\/SWKR1984-1024x698.png\" alt=\"\" width=\"750\" height=\"511\" srcset=\"https:\/\/elcalaixetdelaiaia.es\/wp-content\/uploads\/2018\/01\/SWKR1984-1024x698.png 1024w, https:\/\/elcalaixetdelaiaia.es\/wp-content\/uploads\/2018\/01\/SWKR1984-300x205.png 300w, https:\/\/elcalaixetdelaiaia.es\/wp-content\/uploads\/2018\/01\/SWKR1984-768x524.png 768w, https:\/\/elcalaixetdelaiaia.es\/wp-content\/uploads\/2018\/01\/SWKR1984.png 1566w\" sizes=\"(max-width: 750px) 100vw, 750px\" \/><\/p>\n<p>Es r\u00e1pido, f\u00e1cil de preparar y hornear, con una estupenda y apetecible presentaci\u00f3n.<\/p>\n<p>Necesitaremos;<\/p>\n<p><img decoding=\"async\" loading=\"lazy\" class=\"size-large wp-image-18271 aligncenter\" src=\"https:\/\/elcalaixetdelaiaia.es\/wp-content\/uploads\/2018\/01\/DWMQ1470-1024x768.png\" alt=\"\" width=\"750\" height=\"563\" srcset=\"https:\/\/elcalaixetdelaiaia.es\/wp-content\/uploads\/2018\/01\/DWMQ1470-1024x768.png 1024w, https:\/\/elcalaixetdelaiaia.es\/wp-content\/uploads\/2018\/01\/DWMQ1470-300x225.png 300w, https:\/\/elcalaixetdelaiaia.es\/wp-content\/uploads\/2018\/01\/DWMQ1470-768x576.png 768w\" sizes=\"(max-width: 750px) 100vw, 750px\" \/><\/p>\n<ol>\n<li>Un queso cremoso tipo Camenbert<\/li>\n<li>Cebolla confitada<\/li>\n<li>Unos pistachos o nueces<\/li>\n<li>Una l\u00e1mina de hojaldre con mantequilla<\/li>\n<li>Un huevo batido<\/li>\n<\/ol>\n<p>Comenzamos precalentando el horno a 200\u00ba calor s\u00f3lo abajo<\/p>\n<p><img decoding=\"async\" loading=\"lazy\" class=\"size-large wp-image-18272 aligncenter\" src=\"https:\/\/elcalaixetdelaiaia.es\/wp-content\/uploads\/2018\/01\/FNQU5100-1024x768.png\" alt=\"\" width=\"750\" height=\"563\" srcset=\"https:\/\/elcalaixetdelaiaia.es\/wp-content\/uploads\/2018\/01\/FNQU5100-1024x768.png 1024w, https:\/\/elcalaixetdelaiaia.es\/wp-content\/uploads\/2018\/01\/FNQU5100-300x225.png 300w, https:\/\/elcalaixetdelaiaia.es\/wp-content\/uploads\/2018\/01\/FNQU5100-768x576.png 768w\" sizes=\"(max-width: 750px) 100vw, 750px\" \/><\/p>\n<p style=\"text-align: center;\">Cortaremos el queso por la mitad. Un truco que utilizo para cortar \u00e9ste tipo de queso tan cremoso es el hilo dental. Abrazamos con un trozo de hilo el queso aproximadamente por la mitad de su altura y vamos apretando hasta que queda en dos trozos<\/p>\n<p style=\"text-align: center;\"><img decoding=\"async\" loading=\"lazy\" class=\"alignnone size-large wp-image-18274\" src=\"https:\/\/elcalaixetdelaiaia.es\/wp-content\/uploads\/2018\/01\/IMG_E3299-1024x768.jpg\" alt=\"\" width=\"750\" height=\"563\" srcset=\"https:\/\/elcalaixetdelaiaia.es\/wp-content\/uploads\/2018\/01\/IMG_E3299-1024x768.jpg 1024w, https:\/\/elcalaixetdelaiaia.es\/wp-content\/uploads\/2018\/01\/IMG_E3299-300x225.jpg 300w, https:\/\/elcalaixetdelaiaia.es\/wp-content\/uploads\/2018\/01\/IMG_E3299-768x576.jpg 768w\" sizes=\"(max-width: 750px) 100vw, 750px\" \/><\/p>\n<p style=\"text-align: center;\">desenrollaremos la masa fresca de hojaldre y colocaremos la mitad del queso en el centro, reduciremos en unos dos cm. la plancha de hojaldre, colocaremos la cebolla caramelizada sobre la mitad de queso, hoy he puesto esta comercializada para daros mas facilidad, pero podemos caramelizarla en casa, muuuy f\u00e1cilmente, como os explico aqu\u00ed paso a paso <a href=\"https:\/\/elcalaixetdelaiaia.es\/?p=1060\">https:\/\/elcalaixetdelaiaia.es\/?p=1060<\/a><\/p>\n<p style=\"text-align: center;\"><img decoding=\"async\" loading=\"lazy\" class=\"alignnone size-large wp-image-18277\" src=\"https:\/\/elcalaixetdelaiaia.es\/wp-content\/uploads\/2018\/01\/PJKJ6444-1024x768.png\" alt=\"\" width=\"750\" height=\"563\" srcset=\"https:\/\/elcalaixetdelaiaia.es\/wp-content\/uploads\/2018\/01\/PJKJ6444-1024x768.png 1024w, https:\/\/elcalaixetdelaiaia.es\/wp-content\/uploads\/2018\/01\/PJKJ6444-300x225.png 300w, https:\/\/elcalaixetdelaiaia.es\/wp-content\/uploads\/2018\/01\/PJKJ6444-768x576.png 768w, https:\/\/elcalaixetdelaiaia.es\/wp-content\/uploads\/2018\/01\/PJKJ6444.png 2048w\" sizes=\"(max-width: 750px) 100vw, 750px\" \/><\/p>\n<p style=\"text-align: center;\">y cubriremos con la otra mitad,pondremos sobre la misma unos pistachos. Pod\u00e9is poner nueces, almendras o lo que mas os apetezca, incluso pod\u00e9is cambiar la cebolla por tomates deshidratados en aceite, mojama, beicon, salm\u00f3n&#8230;<\/p>\n<p style=\"text-align: center;\"><img decoding=\"async\" loading=\"lazy\" class=\"alignnone size-large wp-image-18273\" src=\"https:\/\/elcalaixetdelaiaia.es\/wp-content\/uploads\/2018\/01\/FXVF3118-1024x768.png\" alt=\"\" width=\"750\" height=\"563\" srcset=\"https:\/\/elcalaixetdelaiaia.es\/wp-content\/uploads\/2018\/01\/FXVF3118-1024x768.png 1024w, https:\/\/elcalaixetdelaiaia.es\/wp-content\/uploads\/2018\/01\/FXVF3118-300x225.png 300w, https:\/\/elcalaixetdelaiaia.es\/wp-content\/uploads\/2018\/01\/FXVF3118-768x576.png 768w\" sizes=\"(max-width: 750px) 100vw, 750px\" \/><\/p>\n<p style=\"text-align: center;\">pincharemos todo el hojaldre, cortaremos la masa como veis en la imagen<\/p>\n<p style=\"text-align: center;\"><img decoding=\"async\" loading=\"lazy\" class=\"alignnone size-large wp-image-18269\" src=\"https:\/\/elcalaixetdelaiaia.es\/wp-content\/uploads\/2018\/01\/AKSH4123-1024x768.png\" alt=\"\" width=\"750\" height=\"563\" srcset=\"https:\/\/elcalaixetdelaiaia.es\/wp-content\/uploads\/2018\/01\/AKSH4123-1024x768.png 1024w, https:\/\/elcalaixetdelaiaia.es\/wp-content\/uploads\/2018\/01\/AKSH4123-300x225.png 300w, https:\/\/elcalaixetdelaiaia.es\/wp-content\/uploads\/2018\/01\/AKSH4123-768x576.png 768w\" sizes=\"(max-width: 750px) 100vw, 750px\" \/><\/p>\n<p style=\"text-align: center;\">y haremos un paquete que cubra todo el queso<\/p>\n<p style=\"text-align: center;\"><img decoding=\"async\" loading=\"lazy\" class=\"alignnone size-large wp-image-18276\" src=\"https:\/\/elcalaixetdelaiaia.es\/wp-content\/uploads\/2018\/01\/PBBN1962-1024x768.png\" alt=\"\" width=\"750\" height=\"563\" srcset=\"https:\/\/elcalaixetdelaiaia.es\/wp-content\/uploads\/2018\/01\/PBBN1962-1024x768.png 1024w, https:\/\/elcalaixetdelaiaia.es\/wp-content\/uploads\/2018\/01\/PBBN1962-300x225.png 300w, https:\/\/elcalaixetdelaiaia.es\/wp-content\/uploads\/2018\/01\/PBBN1962-768x576.png 768w\" sizes=\"(max-width: 750px) 100vw, 750px\" \/><\/p>\n<p style=\"text-align: center;\">con las tiras que hemos recortado simularemos las cintas y lazada de un paquete de regalo<\/p>\n<p style=\"text-align: center;\"><img decoding=\"async\" loading=\"lazy\" class=\"alignnone size-large wp-image-18270\" src=\"https:\/\/elcalaixetdelaiaia.es\/wp-content\/uploads\/2018\/01\/ASTM1652-1024x768.png\" alt=\"\" width=\"750\" height=\"563\" srcset=\"https:\/\/elcalaixetdelaiaia.es\/wp-content\/uploads\/2018\/01\/ASTM1652-1024x768.png 1024w, https:\/\/elcalaixetdelaiaia.es\/wp-content\/uploads\/2018\/01\/ASTM1652-300x225.png 300w, https:\/\/elcalaixetdelaiaia.es\/wp-content\/uploads\/2018\/01\/ASTM1652-768x576.png 768w, https:\/\/elcalaixetdelaiaia.es\/wp-content\/uploads\/2018\/01\/ASTM1652.png 2048w\" sizes=\"(max-width: 750px) 100vw, 750px\" \/><\/p>\n<p style=\"text-align: center;\"><img decoding=\"async\" loading=\"lazy\" class=\"alignnone size-large wp-image-18280\" src=\"https:\/\/elcalaixetdelaiaia.es\/wp-content\/uploads\/2018\/01\/WTLV9345-1024x768.png\" alt=\"\" width=\"750\" height=\"563\" srcset=\"https:\/\/elcalaixetdelaiaia.es\/wp-content\/uploads\/2018\/01\/WTLV9345-1024x768.png 1024w, https:\/\/elcalaixetdelaiaia.es\/wp-content\/uploads\/2018\/01\/WTLV9345-300x225.png 300w, https:\/\/elcalaixetdelaiaia.es\/wp-content\/uploads\/2018\/01\/WTLV9345-768x576.png 768w, https:\/\/elcalaixetdelaiaia.es\/wp-content\/uploads\/2018\/01\/WTLV9345.png 2048w\" sizes=\"(max-width: 750px) 100vw, 750px\" \/><\/p>\n<p style=\"text-align: center;\">pincelaremos con huevo para darle un bonito aspecto dorado al final y pondremos al horno durante diez minutos<\/p>\n<p style=\"text-align: center;\"><img decoding=\"async\" loading=\"lazy\" class=\"alignnone size-large wp-image-18285\" src=\"https:\/\/elcalaixetdelaiaia.es\/wp-content\/uploads\/2018\/01\/KONC8825-1024x809.png\" alt=\"\" width=\"750\" height=\"593\" srcset=\"https:\/\/elcalaixetdelaiaia.es\/wp-content\/uploads\/2018\/01\/KONC8825-1024x809.png 1024w, https:\/\/elcalaixetdelaiaia.es\/wp-content\/uploads\/2018\/01\/KONC8825-300x237.png 300w, https:\/\/elcalaixetdelaiaia.es\/wp-content\/uploads\/2018\/01\/KONC8825-768x606.png 768w, https:\/\/elcalaixetdelaiaia.es\/wp-content\/uploads\/2018\/01\/KONC8825.png 1806w\" sizes=\"(max-width: 750px) 100vw, 750px\" \/><\/p>\n<p style=\"text-align: center;\">pasados los cuales, bajaremos a 180\u00ba y a\u00f1adiremos tambi\u00e9n calor arriba, dejaremos unos diez minutos m\u00e1s, como siempre os digo, cada horno necesita unos tiempos, estos que os doy son orientativos<\/p>\n<p style=\"text-align: center;\"><img decoding=\"async\" loading=\"lazy\" class=\"alignnone size-large wp-image-18279\" src=\"https:\/\/elcalaixetdelaiaia.es\/wp-content\/uploads\/2018\/01\/SWKR1984-1024x698.png\" alt=\"\" width=\"750\" height=\"511\" srcset=\"https:\/\/elcalaixetdelaiaia.es\/wp-content\/uploads\/2018\/01\/SWKR1984-1024x698.png 1024w, https:\/\/elcalaixetdelaiaia.es\/wp-content\/uploads\/2018\/01\/SWKR1984-300x205.png 300w, https:\/\/elcalaixetdelaiaia.es\/wp-content\/uploads\/2018\/01\/SWKR1984-768x524.png 768w, https:\/\/elcalaixetdelaiaia.es\/wp-content\/uploads\/2018\/01\/SWKR1984.png 1566w\" sizes=\"(max-width: 750px) 100vw, 750px\" \/><\/p>\n<p style=\"text-align: center;\">dejaremos enfriar un poco antes de cortar y a disfrutar de un bocado exquisitoooo mmmmmm\u00a0\u00a0 \u00abA la taula i&#8230;BON PROFIT!!!\u00bb<\/p>\n<p style=\"text-align: center;\">Espero vuestros comentarios que son para mi, muy importantes y os recuerdo que tambi\u00e9n estoy en Facebook\u00a0\u00a0 https:\/\/www.facebook.com\/El-calaixet-de-la-iaia-533062140099386\/<\/p>\n","protected":false},"excerpt":{"rendered":"<p>\u00abRefrany; Pa amb ulls, formatge sense ulls i el vi que salte als ulls\u00ab.\u00a0 Pan con ojos, queso sin ojos y el vino que salte a los ojos. Un bocadito buen\u00edsimo que puede servirnos como aperitivo o lo que m\u00e1s os apetezca, muy adecuado para cualquier d\u00eda de fiesta. Es &hellip; <\/p>\n","protected":false},"author":2,"featured_media":18279,"comment_status":"open","ping_status":"open","sticky":false,"template":"","format":"standard","meta":[],"categories":[1],"tags":[],"_links":{"self":[{"href":"https:\/\/elcalaixetdelaiaia.es\/index.php?rest_route=\/wp\/v2\/posts\/14899"}],"collection":[{"href":"https:\/\/elcalaixetdelaiaia.es\/index.php?rest_route=\/wp\/v2\/posts"}],"about":[{"href":"https:\/\/elcalaixetdelaiaia.es\/index.php?rest_route=\/wp\/v2\/types\/post"}],"author":[{"embeddable":true,"href":"https:\/\/elcalaixetdelaiaia.es\/index.php?rest_route=\/wp\/v2\/users\/2"}],"replies":[{"embeddable":true,"href":"https:\/\/elcalaixetdelaiaia.es\/index.php?rest_route=%2Fwp%2Fv2%2Fcomments&post=14899"}],"version-history":[{"count":8,"href":"https:\/\/elcalaixetdelaiaia.es\/index.php?rest_route=\/wp\/v2\/posts\/14899\/revisions"}],"predecessor-version":[{"id":26411,"href":"https:\/\/elcalaixetdelaiaia.es\/index.php?rest_route=\/wp\/v2\/posts\/14899\/revisions\/26411"}],"wp:featuredmedia":[{"embeddable":true,"href":"https:\/\/elcalaixetdelaiaia.es\/index.php?rest_route=\/wp\/v2\/media\/18279"}],"wp:attachment":[{"href":"https:\/\/elcalaixetdelaiaia.es\/index.php?rest_route=%2Fwp%2Fv2%2Fmedia&parent=14899"}],"wp:term":[{"taxonomy":"category","embeddable":true,"href":"https:\/\/elcalaixetdelaiaia.es\/index.php?rest_route=%2Fwp%2Fv2%2Fcategories&post=14899"},{"taxonomy":"post_tag","embeddable":true,"href":"https:\/\/elcalaixetdelaiaia.es\/index.php?rest_route=%2Fwp%2Fv2%2Ftags&post=14899"}],"curies":[{"name":"wp","href":"https:\/\/api.w.org\/{rel}","templated":true}]}}