{"id":14833,"date":"2017-12-12T13:29:48","date_gmt":"2017-12-12T13:29:48","guid":{"rendered":"http:\/\/elcalaixetdelaiaia.es\/?p=14833"},"modified":"2017-12-17T19:38:33","modified_gmt":"2017-12-17T19:38:33","slug":"14833","status":"publish","type":"post","link":"https:\/\/elcalaixetdelaiaia.es\/?p=14833","title":{"rendered":"Berenjenas Valle rellenas con trompetas de la muerte y jam\u00f3n paso a paso foto a foto"},"content":{"rendered":"<p>\u00abRefrany;<\/p>\n<p><em>Per Nadal, cada ovella al seu corral\u00bb <\/em><em>Por Navidad, cada oveja a su corral.<\/em><\/p>\n<p>Este dicho o refr\u00e1n me encanta. Hace referencia a que por Navidad, todos volvemos\/vuelven a casa\/corral.<\/p>\n<p>La cena de Nochebuena, y la comida de Navidad son la \u00abComida familiar por excelencia\u00bb, donde los padres re\u00fanen a sus hijos bajo el mantel. Los que viven fuera regresan y todo es alegr\u00eda en casa. Momentos en los que la familia se une mas si cabe, si encima de los hijos y nietos, tienes a los hermanos y sobrinos&#8230;..ya la felicidad es total en unos d\u00edas en que las ausencias son insoportables, tener el calor de los tuyos para sobrellevarlo,\u00a0 eso no hay quien lo pague. Haciendo pi\u00f1a, todo se lleva mejor porque no hay mejor calor que el de la familia.<\/p>\n<p>Os traigo una receta que es ideal para estos d\u00edas de reuniones familiares y que a mi marido y a mi padre les encantaba y que est\u00e1 dedicada a mi marido porque \u00e9sta receta la creamos juntos. Es un plato que pod\u00e9is dejar listo para terminar un momento antes de la cena o comida y que resulta exquisito.<\/p>\n<p>\u00abBerenjenas rellenas con trompetas de la muerte y jam\u00f3n serrano\u00bb<\/p>\n<p><a href=\"https:\/\/2.bp.blogspot.com\/-t8UVVQAOLZY\/WfyshvSkwdI\/AAAAAAAApwk\/lJ_ZLUT0TQ8SMRZlyMrF1G2V8Sl9qlDPgCLcBGAs\/s1600\/IMG_1558.PNG\"><img decoding=\"async\" loading=\"lazy\" class=\"aligncenter\" src=\"https:\/\/elcalaixetdelaiaia.es\/wp-content\/uploads\/2017\/11\/IMG_1558.png\" width=\"640\" height=\"480\" border=\"0\" data-original-height=\"1200\" data-original-width=\"1600\" \/><\/a><\/p>\n<p>Os dir\u00e9 que las trompetas de la muerte (Craterellus cornucopioides) son unas setas exquisitas que aparecen en los bosques en oto\u00f1o, aunque estas en particular las cogimos mi marido y yo a finales de Agosto, durante un inolvidable paseo por el bosque en el que de repente encontramos toda una maravillosa alfombra de \u00abCuernos de la abundancia\u00bb, como tambi\u00e9n llamamos a \u00e9sta seta. Posteriormente las deshidratamos y \u00e9stas son las \u00faltimas, desecadas y posteriormente hidratadas.<\/p>\n<p>Si, ya se, que es un hongo\u00a0que no tiene bonito aspecto ni nombre, pero os aseguro que es una aut\u00e9ntica delicia gastron\u00f3mica. Desde el final del verano hasta acabado el oto\u00f1o podemos encontrar este\u00a0hongo fresco, os recomiendo que no dud\u00e9is en probarlo, la diferencia es grande con los deshidratados, como en todo, como lo fresco no hay nada.<\/p>\n<p>Recordad que hay que cocinarlo siempre y lo bueno es que se puede guardar congelado despu\u00e9s de saltear o en conserva, aunque lo m\u00e1s habitual es desecar los mismos.<\/p>\n<p>La trompeta de muerte es muy arom\u00e1tica y su carne tiene un sabor muy intenso, nos puede recordar a la trufa negra. Admite muchas preparaciones, puede cocinarse con carnes, pescados, arroces e incluso en postres. La mejor manera de apreciar su sabor es muy simple, ya que salteadas con un buen aceite de oliva, son sumamente deliciosas<\/p>\n<p>Las podr\u00e9is encontrar en mercados, verduler\u00edas y tiendas especializadas, incluso las venden por internet. Pero no dej\u00e9is de probar \u00e9sta seta de textura suave y carne fina y sabrosa, porque merece la pena.<\/p>\n<p>\u00bfLas raciones? pues todo depende de los entrantes, de si es plato \u00fanico, de lo comedores que sean, de si pon\u00e9is guarnici\u00f3n&#8230;.os puedo decir que con una berenjena y una buena guarnici\u00f3n se queda completamente satisfecho.<\/p>\n<p>Para dos comensales;<\/p>\n<p><img decoding=\"async\" loading=\"lazy\" class=\"size-large wp-image-14818 aligncenter\" src=\"https:\/\/elcalaixetdelaiaia.es\/wp-content\/uploads\/2017\/12\/IMG_1557-1024x768.png\" alt=\"\" width=\"750\" height=\"563\" srcset=\"https:\/\/elcalaixetdelaiaia.es\/wp-content\/uploads\/2017\/12\/IMG_1557-1024x768.png 1024w, https:\/\/elcalaixetdelaiaia.es\/wp-content\/uploads\/2017\/12\/IMG_1557-300x225.png 300w, https:\/\/elcalaixetdelaiaia.es\/wp-content\/uploads\/2017\/12\/IMG_1557-768x576.png 768w\" sizes=\"(max-width: 750px) 100vw, 750px\" \/><\/p>\n<ol>\n<li>Dos berenjenas<\/li>\n<li>Una cebolla morada<\/li>\n<li>200g de jam\u00f3n serrano en tacos<\/li>\n<li>Aceite de oliva virgen extra<\/li>\n<li>Un huevo campero grande<\/li>\n<li>Harina com\u00fan<\/li>\n<li>Sal<\/li>\n<li>Pimienta negra<\/li>\n<\/ol>\n<p><img decoding=\"async\" loading=\"lazy\" class=\"wp-image-14819 aligncenter\" src=\"https:\/\/elcalaixetdelaiaia.es\/wp-content\/uploads\/2017\/12\/trompetes-1024x669.jpg\" alt=\"\" width=\"662\" height=\"433\" srcset=\"https:\/\/elcalaixetdelaiaia.es\/wp-content\/uploads\/2017\/12\/trompetes-1024x669.jpg 1024w, https:\/\/elcalaixetdelaiaia.es\/wp-content\/uploads\/2017\/12\/trompetes-300x196.jpg 300w, https:\/\/elcalaixetdelaiaia.es\/wp-content\/uploads\/2017\/12\/trompetes-768x502.jpg 768w, https:\/\/elcalaixetdelaiaia.es\/wp-content\/uploads\/2017\/12\/trompetes.jpg 1136w\" sizes=\"(max-width: 662px) 100vw, 662px\" \/><\/p>\n<p>Si no pod\u00e9is emplear hongos frescos que es lo que os recomiendo, lo primero que tenemos que hacer para conseguir que la carne del hongo se hidrate correctamente, es ponerlo a remojo en agua tibia y sin sabor a cloro, aproximadamente durante dos horas.<\/p>\n<div class=\"separator\"><a href=\"https:\/\/4.bp.blogspot.com\/-8DvGz2205co\/WfysiKzAiXI\/AAAAAAAApwo\/Wnjiq5OubFkkLVHmRQ1e6kIN_2KQh1ADgCLcBGAs\/s1600\/IMG_1559.PNG\"><img decoding=\"async\" loading=\"lazy\" class=\"aligncenter\" src=\"https:\/\/elcalaixetdelaiaia.es\/wp-content\/uploads\/2017\/11\/IMG_1559.png\" width=\"640\" height=\"480\" border=\"0\" data-original-height=\"1200\" data-original-width=\"1600\" \/><\/a><\/div>\n<div><\/div>\n<div style=\"text-align: center;\">Comenzaremos enjuagando y partiendo cada berenjena por la mitad<\/div>\n<div><\/div>\n<div><\/div>\n<div><a href=\"https:\/\/3.bp.blogspot.com\/-zvxg82E-ufA\/WfysigzRjaI\/AAAAAAAApws\/qxRqxBintSMExg9jciJzPU2JOm3GPkIUgCLcBGAs\/s1600\/IMG_1560.PNG\"><img decoding=\"async\" loading=\"lazy\" class=\"aligncenter\" src=\"https:\/\/elcalaixetdelaiaia.es\/wp-content\/uploads\/2017\/11\/IMG_1560.png\" width=\"640\" height=\"480\" border=\"0\" data-original-height=\"1200\" data-original-width=\"1600\" \/><\/a><\/div>\n<div style=\"text-align: center;\">y las pondremos a hervir durante diez minutos en agua con sal<\/div>\n<div><\/div>\n<div><a href=\"https:\/\/2.bp.blogspot.com\/-ln3FgfNqTEI\/WfysnlpRQXI\/AAAAAAAApxI\/TjNzGOmFfT0YrRC9xDFoKTAAN8aN-ALBACLcBGAs\/s1600\/IMG_1567.PNG\"><img decoding=\"async\" loading=\"lazy\" class=\"aligncenter\" src=\"https:\/\/elcalaixetdelaiaia.es\/wp-content\/uploads\/2017\/11\/IMG_1567.png\" width=\"640\" height=\"480\" border=\"0\" data-original-height=\"1200\" data-original-width=\"1600\" \/><\/a><\/div>\n<div style=\"text-align: center;\">pasado \u00e9ste tiempo, las sacaremos del agua y las dejaremos escurrir<\/div>\n<div><\/div>\n<div class=\"separator\"><a href=\"https:\/\/4.bp.blogspot.com\/-kN5716KwgkY\/WfysjkEC6oI\/AAAAAAAApww\/lzHV8OJrRb8RyrlTpYSqAAA16IMZHLoaQCLcBGAs\/s1600\/IMG_1561.PNG\"><img decoding=\"async\" loading=\"lazy\" class=\"aligncenter\" src=\"https:\/\/elcalaixetdelaiaia.es\/wp-content\/uploads\/2017\/11\/IMG_1561.png\" width=\"640\" height=\"480\" border=\"0\" data-original-height=\"1200\" data-original-width=\"1600\" \/><\/a><\/div>\n<div><\/div>\n<div class=\"separator\" style=\"text-align: center;\">Mientras se enfr\u00edan, picaremos la cebolla en brunoise<\/div>\n<div><\/div>\n<div class=\"separator\"><a href=\"https:\/\/3.bp.blogspot.com\/-kB0aD9lzx0k\/WfyskdcEaTI\/AAAAAAAApw0\/Jiv6cDMJxmYYJR2UCQZYKA3ByPqSHSvHACLcBGAs\/s1600\/IMG_1562.PNG\"><img decoding=\"async\" loading=\"lazy\" class=\"aligncenter\" src=\"https:\/\/elcalaixetdelaiaia.es\/wp-content\/uploads\/2017\/11\/IMG_1562.png\" width=\"640\" height=\"480\" border=\"0\" data-original-height=\"1200\" data-original-width=\"1600\" \/><\/a><\/div>\n<div><\/div>\n<div class=\"separator\" style=\"text-align: center;\">y la pondremos a pochar en aceite de oliva a fuego suave<\/div>\n<div><\/div>\n<div class=\"separator\"><a href=\"https:\/\/4.bp.blogspot.com\/-SHJa64ggK7s\/WfyskzRoNkI\/AAAAAAAApw4\/mEi3nEmt3oIMX15knvk8VH70MYWO2hckgCLcBGAs\/s1600\/IMG_1563.PNG\"><img decoding=\"async\" loading=\"lazy\" class=\"aligncenter\" src=\"https:\/\/elcalaixetdelaiaia.es\/wp-content\/uploads\/2017\/11\/IMG_1563.png\" width=\"640\" height=\"480\" border=\"0\" data-original-height=\"1200\" data-original-width=\"1600\" \/><\/a><\/div>\n<p style=\"text-align: center;\">extraeremos las trompetas del agua y las pondremos a escurrir bien para acabar sec\u00e1ndolas en papel absorbente de cocina. El agua del remojo, no la tir\u00e9is (aqu\u00ed no tiramos nada jeje) ya que tienen nutrientes y sabor y la pod\u00e9is utilizar para otras preparaciones, como por ejemplo una crema, unas croquetas, arroces, caldo etc.<\/p>\n<div class=\"separator\"><a href=\"https:\/\/1.bp.blogspot.com\/-C3JXfidgp6M\/WfyslvvZGwI\/AAAAAAAApw8\/Ix2RBxxOC3APoxv3o3CjilI6rTn0iSiCACLcBGAs\/s1600\/IMG_1564.PNG\"><img decoding=\"async\" loading=\"lazy\" class=\"aligncenter\" src=\"https:\/\/elcalaixetdelaiaia.es\/wp-content\/uploads\/2017\/11\/IMG_1564.png\" width=\"640\" height=\"480\" border=\"0\" data-original-height=\"1200\" data-original-width=\"1600\" \/><\/a><\/div>\n<div><\/div>\n<div class=\"separator\" style=\"text-align: center;\">Una vez las trompetas secas e hidratadas, las picaremos en trozos peque\u00f1os y reservamos<\/div>\n<div><\/div>\n<div class=\"separator\"><a href=\"https:\/\/2.bp.blogspot.com\/-hnLmra6mQbU\/WfysmdUCGII\/AAAAAAAApxA\/93H2sFGRvxkZGiX-QUI0zfk1TEjL1-2MgCLcBGAs\/s1600\/IMG_1565.PNG\"><img decoding=\"async\" loading=\"lazy\" class=\"aligncenter\" src=\"https:\/\/elcalaixetdelaiaia.es\/wp-content\/uploads\/2017\/11\/IMG_1565.png\" width=\"640\" height=\"480\" border=\"0\" data-original-height=\"1200\" data-original-width=\"1600\" \/><\/a><\/div>\n<div><\/div>\n<div class=\"separator\" style=\"text-align: center;\">en cuanto la cebolla est\u00e9 pochada y con color de caramelo suave, a\u00f1adiremos el jam\u00f3n en tacos, lo ideal es usar para \u00e9stos platos de fechas especiales un jam\u00f3n de bellota<\/div>\n<div><\/div>\n<div class=\"separator\"><a href=\"https:\/\/3.bp.blogspot.com\/-63AF8R6lfT4\/Wfysm25q5tI\/AAAAAAAApxE\/qGrna2Qpq_oMOmTHXsNlhKKLT41BFMjvwCLcBGAs\/s1600\/IMG_1566.PNG\"><img decoding=\"async\" loading=\"lazy\" class=\"aligncenter\" src=\"https:\/\/elcalaixetdelaiaia.es\/wp-content\/uploads\/2017\/11\/IMG_1566.png\" width=\"640\" height=\"480\" border=\"0\" data-original-height=\"1200\" data-original-width=\"1600\" \/><\/a><\/div>\n<div><\/div>\n<div class=\"separator\" style=\"text-align: center;\">damos una vuelta al jam\u00f3n y a\u00f1adimos los hongos, que dejamos\u00a0 a fuego suave<\/div>\n<div><\/div>\n<div class=\"separator\"><a href=\"https:\/\/2.bp.blogspot.com\/-ln3FgfNqTEI\/WfysnlpRQXI\/AAAAAAAApxI\/TjNzGOmFfT0YrRC9xDFoKTAAN8aN-ALBACLcBGAs\/s1600\/IMG_1567.PNG\"><img decoding=\"async\" loading=\"lazy\" class=\"aligncenter\" src=\"https:\/\/elcalaixetdelaiaia.es\/wp-content\/uploads\/2017\/11\/IMG_1567.png\" width=\"640\" height=\"480\" border=\"0\" data-original-height=\"1200\" data-original-width=\"1600\" \/><\/a><\/div>\n<div><\/div>\n<div class=\"separator\" style=\"text-align: center;\">mientras tanto, vaciamos la carne de las berenjenas<\/div>\n<div><\/div>\n<div class=\"separator\" style=\"text-align: center;\"><a href=\"https:\/\/3.bp.blogspot.com\/-CeQjlBFTXmk\/WfysobVbxpI\/AAAAAAAApxM\/QGjhlUVn4p0l5mXTKPQrboJPqNw5vFUAACLcBGAs\/s1600\/IMG_1568.PNG\"><img decoding=\"async\" loading=\"lazy\" class=\"aligncenter\" src=\"https:\/\/elcalaixetdelaiaia.es\/wp-content\/uploads\/2017\/11\/IMG_1568.png\" width=\"640\" height=\"480\" border=\"0\" data-original-height=\"1200\" data-original-width=\"1600\" \/><\/a><\/div>\n<div><\/div>\n<div class=\"separator\" style=\"text-align: center;\">usando una cucharita o un vaciador, dejando una capa de como un cm alrededor de la piel<\/div>\n<div><\/div>\n<div class=\"separator\" style=\"text-align: center;\"><a href=\"https:\/\/2.bp.blogspot.com\/-b3gZu6cVk0s\/WfyspKB0UwI\/AAAAAAAApxQ\/EBOKxFsgDw4Gv4ppIQ8r4JfpBnwOCyS8gCLcBGAs\/s1600\/IMG_1569.PNG\"><img decoding=\"async\" loading=\"lazy\" class=\"aligncenter\" src=\"https:\/\/elcalaixetdelaiaia.es\/wp-content\/uploads\/2017\/11\/IMG_1569.png\" width=\"640\" height=\"480\" border=\"0\" data-original-height=\"1200\" data-original-width=\"1600\" \/><\/a><\/div>\n<div class=\"separator\" style=\"text-align: center;\">picaremos la carne de berenjena<\/div>\n<div><\/div>\n<div class=\"separator\" style=\"text-align: center;\"><a href=\"https:\/\/1.bp.blogspot.com\/-_QtsI2sRDLY\/WfyspprdSAI\/AAAAAAAApxU\/UnMgkzQJjyYZscGHadwdwSTJ8XL0VVHugCLcBGAs\/s1600\/IMG_1573.PNG\"><img decoding=\"async\" loading=\"lazy\" class=\"aligncenter\" src=\"https:\/\/elcalaixetdelaiaia.es\/wp-content\/uploads\/2017\/11\/IMG_1573.png\" width=\"640\" height=\"480\" border=\"0\" data-original-height=\"1200\" data-original-width=\"1600\" \/><\/a><\/div>\n<div class=\"separator\" style=\"text-align: center;\">y a la a\u00f1adiremos al sofrito de la sarten<\/div>\n<div><\/div>\n<div class=\"separator\" style=\"text-align: center;\"><a href=\"https:\/\/4.bp.blogspot.com\/-nT4Bnq0noTM\/Wfysqc6o2zI\/AAAAAAAApxY\/9mLnm12wBHwdj8IMprgrQeHvKryPX4yYwCLcBGAs\/s1600\/IMG_1574.PNG\"><img decoding=\"async\" loading=\"lazy\" class=\"aligncenter\" src=\"https:\/\/elcalaixetdelaiaia.es\/wp-content\/uploads\/2017\/11\/IMG_1574.png\" width=\"640\" height=\"480\" border=\"0\" data-original-height=\"1200\" data-original-width=\"1600\" \/><\/a><\/div>\n<div><\/div>\n<div class=\"separator\" style=\"text-align: center;\">salpimentamos, dejamos dos minutos al fuego<\/div>\n<div><\/div>\n<div class=\"separator\"><a href=\"https:\/\/4.bp.blogspot.com\/-aLWjOifzvrg\/WfysrLtF6iI\/AAAAAAAApxc\/0_vHbMJ7-Hw0ZF5m-7aVmH-OFxcrdbbbgCLcBGAs\/s1600\/IMG_1575.PNG\"><img decoding=\"async\" loading=\"lazy\" class=\"aligncenter\" src=\"https:\/\/elcalaixetdelaiaia.es\/wp-content\/uploads\/2017\/11\/IMG_1575.png\" width=\"640\" height=\"480\" border=\"0\" data-original-height=\"1200\" data-original-width=\"1600\" \/><\/a><\/div>\n<div><\/div>\n<div class=\"separator\" style=\"text-align: center;\">y rellenamos con \u00e9sta mezcla las berenjenas<\/div>\n<div><\/div>\n<div class=\"separator\"><a href=\"https:\/\/3.bp.blogspot.com\/-2tEEpTduv0w\/Wfysr0XfIiI\/AAAAAAAApxg\/6n937Y-_P4wdDjV7ytRG-cCo8izDdO7gACLcBGAs\/s1600\/IMG_1576.PNG\"><img decoding=\"async\" loading=\"lazy\" class=\"aligncenter\" src=\"https:\/\/elcalaixetdelaiaia.es\/wp-content\/uploads\/2017\/11\/IMG_1576.png\" width=\"640\" height=\"480\" border=\"0\" data-original-height=\"1200\" data-original-width=\"1600\" \/><\/a><\/div>\n<p>las rebozamos primero con harina<\/p>\n<div class=\"separator\"><a href=\"https:\/\/1.bp.blogspot.com\/-CICWHe6di4k\/WfyssaIrM7I\/AAAAAAAApxk\/HQHKh-OSEhk0GXTOn0XM7Ud0KMClJ2WQgCLcBGAs\/s1600\/IMG_1577.PNG\"><img decoding=\"async\" loading=\"lazy\" class=\"aligncenter\" src=\"https:\/\/elcalaixetdelaiaia.es\/wp-content\/uploads\/2017\/11\/IMG_1577.png\" width=\"640\" height=\"480\" border=\"0\" data-original-height=\"1200\" data-original-width=\"1600\" \/><\/a><\/div>\n<p>y posteriormente con huevo batido<\/p>\n<div class=\"separator\"><a href=\"https:\/\/1.bp.blogspot.com\/-K9o-yD90bL8\/WfystBc-WcI\/AAAAAAAApxo\/kqmG6Nfyd28bd3Fi1zVvplbs0hP4djzgwCLcBGAs\/s1600\/IMG_1578.PNG\"><img decoding=\"async\" loading=\"lazy\" class=\"aligncenter\" src=\"https:\/\/elcalaixetdelaiaia.es\/wp-content\/uploads\/2017\/11\/IMG_1578.png\" width=\"640\" height=\"480\" border=\"0\" data-original-height=\"1200\" data-original-width=\"1600\" \/><\/a><\/div>\n<p>y las pondremos a dorar en una sarten con aceite de oliva virgen extra caliente<\/p>\n<div class=\"separator\"><a href=\"https:\/\/1.bp.blogspot.com\/-nx2fHqrK_g8\/Wfyst5Ycy6I\/AAAAAAAApxs\/IxFA_e06LqcC91kiN1w7nJw72qGO_2oTgCLcBGAs\/s1600\/IMG_1579.PNG\"><img decoding=\"async\" loading=\"lazy\" class=\"aligncenter\" src=\"https:\/\/elcalaixetdelaiaia.es\/wp-content\/uploads\/2017\/11\/IMG_1579.png\" width=\"640\" height=\"480\" border=\"0\" data-original-height=\"1200\" data-original-width=\"1600\" \/><\/a><\/div>\n<p>Cuando el rebozado est\u00e9 listo a nuestro gusto, las iremos colocando sobre papel de cocina para que absorban el exceso de aceite, si tienen<\/p>\n<div class=\"separator\"><a href=\"https:\/\/3.bp.blogspot.com\/-aVOF-gZUxs4\/Wfysuo27IZI\/AAAAAAAApxw\/5_q_SoFQow8v94wDjKS6VcGMOKZrlCuewCLcBGAs\/s1600\/IMG_1580.PNG\"><img decoding=\"async\" loading=\"lazy\" class=\"aligncenter\" src=\"https:\/\/elcalaixetdelaiaia.es\/wp-content\/uploads\/2017\/11\/IMG_1580.png\" width=\"640\" height=\"480\" border=\"0\" data-original-height=\"1200\" data-original-width=\"1600\" \/><\/a><\/div>\n<div><\/div>\n<div class=\"separator\" style=\"text-align: center;\">y listas para emplatar<\/div>\n<div><\/div>\n<div class=\"separator\" style=\"text-align: center;\"><a href=\"https:\/\/1.bp.blogspot.com\/-omc1iUmn9X4\/WfysvE2_l5I\/AAAAAAAApx0\/5cwkwEbaoUoJrotL0ASq4gHsrUZzjZ9hACLcBGAs\/s1600\/IMG_1581.PNG\"><img decoding=\"async\" loading=\"lazy\" class=\"aligncenter\" src=\"https:\/\/elcalaixetdelaiaia.es\/wp-content\/uploads\/2017\/11\/IMG_1581.png\" width=\"640\" height=\"480\" border=\"0\" data-original-height=\"1200\" data-original-width=\"1600\" \/><\/a><\/div>\n<div><\/div>\n<div class=\"separator\" style=\"text-align: center;\">pod\u00e9is dejarlas listas con la harina<\/div>\n<div><\/div>\n<div class=\"separator\"><a href=\"https:\/\/4.bp.blogspot.com\/-aEyJF7kEms8\/WfysvqFzpOI\/AAAAAAAApx4\/d1Cy7Eci2m8cdPSr-Ywzkp9E-mSdK_iqgCLcBGAs\/s1600\/IMG_1582.PNG\"><img decoding=\"async\" loading=\"lazy\" class=\"aligncenter\" src=\"https:\/\/elcalaixetdelaiaia.es\/wp-content\/uploads\/2017\/11\/IMG_1582.png\" width=\"640\" height=\"480\" border=\"0\" data-original-height=\"1200\" data-original-width=\"1600\" \/><\/a><\/div>\n<div><\/div>\n<div class=\"separator\" style=\"text-align: center;\">\u00a0y un momento antes, pasar por el huevo y rebozar<\/div>\n<div><\/div>\n<div class=\"separator\"><a href=\"https:\/\/4.bp.blogspot.com\/-5KH6dI-5a4c\/WfyswgRSfxI\/AAAAAAAApx8\/_oZ2EBFbkO8OvV1UaGYWrBYjR3vUTShLQCLcBGAs\/s1600\/IMG_1583.PNG\"><img decoding=\"async\" loading=\"lazy\" class=\"aligncenter\" src=\"https:\/\/elcalaixetdelaiaia.es\/wp-content\/uploads\/2017\/11\/IMG_1583.png\" width=\"640\" height=\"480\" border=\"0\" data-original-height=\"1200\" data-original-width=\"1600\" \/><\/a><\/div>\n<div><\/div>\n<div class=\"separator\" style=\"text-align: center;\">se comen calentitas<\/div>\n<div><\/div>\n<div class=\"separator\"><a href=\"https:\/\/2.bp.blogspot.com\/-WF3dsA0yzi8\/WfysxYmYVBI\/AAAAAAAApyA\/rnBhEBT_2c88LdLCozh9NBraHkSTfssFACLcBGAs\/s1600\/IMG_1585.PNG\"><img decoding=\"async\" loading=\"lazy\" class=\"alignnone\" src=\"https:\/\/elcalaixetdelaiaia.es\/wp-content\/uploads\/2017\/11\/IMG_1585.png\" width=\"640\" height=\"480\" border=\"0\" data-original-height=\"1200\" data-original-width=\"1600\" \/><\/a><\/div>\n<div class=\"separator\" style=\"text-align: center;\">\u00a0\u00abA la taula i&#8230;&#8230;.BON PROFIT!!!\u00bb<\/div>\n<div style=\"text-align: center;\">Si te gusta mi receta puedes clicar en g+1 y compartirla, para que llegue a mas gente.<\/div>\n<div style=\"text-align: center;\">\u00a0\u00a0 Espero tus comentarios que para mi son MUY importantes y recuerda que tambi\u00e9n estoy en Facebook <a href=\"https:\/\/www.facebook.com\/El-calaixet-de-la-iaia-533062140099386\/\">https:\/\/www.facebook.com\/El-calaixet-de-la-iaia-533062140099386\/<\/a><\/div>\n<div style=\"text-align: center;\">Si quieres recibir mis actualizaciones por mail, al final de \u00e9sta p\u00e1gina a la izquierda tienes como hacer para introducir tu correo electr\u00f3nico y no perderte las actualizaciones de mis recetas \u00a1Gracias!<\/div>\n<p><span lang=\"es\">Con esta receta participo en el reto\u00a0<a href=\"http:\/\/cocinerosdelmundodegoogle.blogspot.com.es\/\" target=\"_blank\" rel=\"noopener\">\u00abChristmas Time\u00bb<\/a>\u00a0de la comunidad cocineros del mundo de <\/span><br \/>\n<a href=\"http:\/\/cocinerosdelmundodegoogle.blogspot.com.es\/\" target=\"_blank\" rel=\"noopener\">G+<\/a>\u00a0<a href=\"https:\/\/plus.google.com\/s\/%23RetoChristmasTimeCdM2016\">#RetoChristmasTimeCdM2017<\/a><a class=\"ot-hashtag aaTEdf\" href=\"https:\/\/plus.google.com\/s\/%23RetoChristmasTimeSpecialCdM2017\/posts\" rel=\"nofollow\">#RetoChristmasTimeSpecialCdM2017<\/a><a href=\"https:\/\/plus.google.com\/s\/%23RetoChristmasTimeCdM2016\"><br \/>\n<\/a><img decoding=\"async\" loading=\"lazy\" class=\"size-full wp-image-14827 alignleft\" src=\"https:\/\/elcalaixetdelaiaia.es\/wp-content\/uploads\/2017\/12\/logonadalCM.jpg\" alt=\"\" width=\"240\" height=\"240\" srcset=\"https:\/\/elcalaixetdelaiaia.es\/wp-content\/uploads\/2017\/12\/logonadalCM.jpg 240w, https:\/\/elcalaixetdelaiaia.es\/wp-content\/uploads\/2017\/12\/logonadalCM-150x150.jpg 150w, https:\/\/elcalaixetdelaiaia.es\/wp-content\/uploads\/2017\/12\/logonadalCM-60x60.jpg 60w, https:\/\/elcalaixetdelaiaia.es\/wp-content\/uploads\/2017\/12\/logonadalCM-235x235.jpg 235w\" sizes=\"(max-width: 240px) 100vw, 240px\" \/><\/p>\n<p><img decoding=\"async\" class=\"alignright\" src=\"https:\/\/4.bp.blogspot.com\/-fn9u9HoxHdQ\/Wi-ES2eqmiI\/AAAAAAAAWAo\/4m5k1MDYZLI6NT4VkRnETlD3EMA8Vw--wCLcBGAs\/s1600\/logo%2Bnavidad%2Bmarron.png\" border=\"0\" data-original-height=\"180\" data-original-width=\"180\" \/><\/p>\n","protected":false},"excerpt":{"rendered":"<p>\u00abRefrany; Per Nadal, cada ovella al seu corral\u00bb Por Navidad, cada oveja a su corral. Este dicho o refr\u00e1n me encanta. Hace referencia a que por Navidad, todos volvemos\/vuelven a casa\/corral. La cena de Nochebuena, y la comida de Navidad son la \u00abComida familiar por excelencia\u00bb, donde los padres re\u00fanen &hellip; <\/p>\n","protected":false},"author":2,"featured_media":14836,"comment_status":"open","ping_status":"open","sticky":false,"template":"","format":"standard","meta":[],"categories":[1,58],"tags":[],"_links":{"self":[{"href":"https:\/\/elcalaixetdelaiaia.es\/index.php?rest_route=\/wp\/v2\/posts\/14833"}],"collection":[{"href":"https:\/\/elcalaixetdelaiaia.es\/index.php?rest_route=\/wp\/v2\/posts"}],"about":[{"href":"https:\/\/elcalaixetdelaiaia.es\/index.php?rest_route=\/wp\/v2\/types\/post"}],"author":[{"embeddable":true,"href":"https:\/\/elcalaixetdelaiaia.es\/index.php?rest_route=\/wp\/v2\/users\/2"}],"replies":[{"embeddable":true,"href":"https:\/\/elcalaixetdelaiaia.es\/index.php?rest_route=%2Fwp%2Fv2%2Fcomments&post=14833"}],"version-history":[{"count":7,"href":"https:\/\/elcalaixetdelaiaia.es\/index.php?rest_route=\/wp\/v2\/posts\/14833\/revisions"}],"predecessor-version":[{"id":14959,"href":"https:\/\/elcalaixetdelaiaia.es\/index.php?rest_route=\/wp\/v2\/posts\/14833\/revisions\/14959"}],"wp:featuredmedia":[{"embeddable":true,"href":"https:\/\/elcalaixetdelaiaia.es\/index.php?rest_route=\/wp\/v2\/media\/14836"}],"wp:attachment":[{"href":"https:\/\/elcalaixetdelaiaia.es\/index.php?rest_route=%2Fwp%2Fv2%2Fmedia&parent=14833"}],"wp:term":[{"taxonomy":"category","embeddable":true,"href":"https:\/\/elcalaixetdelaiaia.es\/index.php?rest_route=%2Fwp%2Fv2%2Fcategories&post=14833"},{"taxonomy":"post_tag","embeddable":true,"href":"https:\/\/elcalaixetdelaiaia.es\/index.php?rest_route=%2Fwp%2Fv2%2Ftags&post=14833"}],"curies":[{"name":"wp","href":"https:\/\/api.w.org\/{rel}","templated":true}]}}