{"id":14743,"date":"2017-12-08T08:59:43","date_gmt":"2017-12-08T08:59:43","guid":{"rendered":"http:\/\/elcalaixetdelaiaia.es\/?p=14743"},"modified":"2019-12-07T22:08:02","modified_gmt":"2019-12-07T22:08:02","slug":"dia-de-la-inmaculada-concepcion","status":"publish","type":"post","link":"https:\/\/elcalaixetdelaiaia.es\/?p=14743","title":{"rendered":"D\u00eda de la Inmaculada Concepci\u00f3n"},"content":{"rendered":"<p>\u00abRefrany; La fam\u00edlia \u00e9s fer-se, Qui t&#8217;estima, s&#8217;arrima\u00bb<\/p>\n<p>La familia es hacerse, quien te estima, se arrima.<\/p>\n<figure id=\"attachment_14744\" aria-describedby=\"caption-attachment-14744\" style=\"width: 210px\" class=\"wp-caption aligncenter\"><img decoding=\"async\" loading=\"lazy\" class=\"wp-image-14744 size-medium\" src=\"https:\/\/elcalaixetdelaiaia.es\/wp-content\/uploads\/2017\/12\/InmaculadaConcepcionelcalaixet-210x300.jpg\" alt=\"\" width=\"210\" height=\"300\" srcset=\"https:\/\/elcalaixetdelaiaia.es\/wp-content\/uploads\/2017\/12\/InmaculadaConcepcionelcalaixet-210x300.jpg 210w, https:\/\/elcalaixetdelaiaia.es\/wp-content\/uploads\/2017\/12\/InmaculadaConcepcionelcalaixet.jpg 224w\" sizes=\"(max-width: 210px) 100vw, 210px\" \/><figcaption id=\"caption-attachment-14744\" class=\"wp-caption-text\"><em>Cuadro de la Inmaculada Concepci\u00f3n junto al camar\u00edn de la Mareta en la Bas\u00edlica de Nuestra Se\u00f1ora de los Desamparados, en el coraz\u00f3n de Valencia<\/em><\/figcaption><\/figure>\n<hr \/>\n<p>Hoy d\u00eda de la inmaculada Concepci\u00f3n, santo de mi iaia, mi t\u00eda (grandes pilares en mi vida) y mi prima, y en cierta forma tambi\u00e9n es el santo \ud83d\ude09 de toda mi familia materna, de la Concepci\u00f3n, como decimos nosotros, nuestro santo de apellido.<\/p>\n<p>Muchas felicidades a todas las que llev\u00e1is \u00e9ste nombre.<\/p>\n<p>\u00c9sta entrada es una especie de homenaje en el recuerdo de la matriarca, de mi iaia Conxeta, que tendr\u00eda casi 118 a\u00f1os. Mi iaia fue mi segunda madre, mi amiga, mi compa\u00f1era, mi ejemplo, mi maestra.<br \/>\nLa mejor iaia que nadie pueda desear. Le debo mucho porque me dio todo su amor, (bueno a mi, y sobradamente a toda su familia) y me ense\u00f1\u00f3 muchas cosas de provecho. Todo el que la conoc\u00eda la quer\u00eda, aunque ten\u00eda su car\u00e1cter, quiz\u00e1s debido a la dura vida que llev\u00f3.<br \/>\nEra menudita, inquieta y vivaracha, con piel como de porcelana, alegre y risue\u00f1a y muy muy trabajadora.<\/p>\n<p>Sab\u00eda mil trucos y hablaba siempre en valenciano y casi siempre con refranes, ten\u00eda el adecuado para cada ocasi\u00f3n y lo poco que hablaba castellano era en \u201ccan\u00e7onetes\u201d como dec\u00eda ella. Viv\u00ed con ella siempre, compartimos habitaci\u00f3n desde que me quitaron de la cuna hasta el d\u00eda de mi boda.\u00a0 Pero no s\u00f3lo compartimos habitaci\u00f3n, porque tambi\u00e9n vivencias, sentimientos, secretos y sobretodo AMOR, mucho\u2026.much\u00ediiisimo amor. Ella fue mi segunda madre.<\/p>\n<p><img decoding=\"async\" loading=\"lazy\" class=\" wp-image-14748 aligncenter\" src=\"https:\/\/elcalaixetdelaiaia.es\/wp-content\/uploads\/2017\/12\/DTHE36921-300x199.png\" alt=\"\" width=\"423\" height=\"280\" srcset=\"https:\/\/elcalaixetdelaiaia.es\/wp-content\/uploads\/2017\/12\/DTHE36921-300x199.png 300w, https:\/\/elcalaixetdelaiaia.es\/wp-content\/uploads\/2017\/12\/DTHE36921-768x509.png 768w, https:\/\/elcalaixetdelaiaia.es\/wp-content\/uploads\/2017\/12\/DTHE36921.png 800w\" sizes=\"(max-width: 423px) 100vw, 423px\" \/><\/p>\n<p>La recordar\u00e9 siempre haciendo ganchillo con sus peque\u00f1as y primorosas manos, o cuidando sus lilas, hortensias ,claveles\u2026que a veces cortaba y se pon\u00eda en el pelo, haciendo una rosa con el jazm\u00edn que prend\u00eda con un imperdible en su pecho, o sentada en la cama por las ma\u00f1anas cepillando su largo pelo, trenz\u00e1ndolo y haci\u00e9ndose su \u201cmonyet\u201d a tientas,sin espejo alguno. Con ese largo luto, siempre de luto, siempre de duelo, con su negro delantal, pero sonriente.<br \/>\nUna gran luchadora, una mujer fuerte, valiente y decidida, digna de admiraci\u00f3n.<br \/>\nTuvo una vida dif\u00edcil, muy dif\u00edcil y dram\u00e1tica, pero en cierto modo feliz.<\/p>\n<p>Naci\u00f3 en la calle La Gallera, frente al puerto de Valencia, en el Grau. Se qued\u00f3 hu\u00e9rfana de madre, muy peque\u00f1ita ya que mi bisabuela muri\u00f3 al parir gemelos, sus \u00fanicos hermanos que tambi\u00e9n fallecieron al nacer y poco despu\u00e9s, muri\u00f3 tambi\u00e9n el bisabuelo,que seg\u00fan contaba mi iaia ten\u00eda una maravillosa voz de tenor y cuando cantaba en su ventana, le o\u00edan los trabajadores del puerto, a quien apodaban el peluca por su precioso pelo, quedando sola en el mundo a excepci\u00f3n de unas t\u00edas solteras que se la llevaron a vivir a Massanassa, muy cerquita del barranco, donde se cri\u00f3 muy feliz.<\/p>\n<p><img decoding=\"async\" loading=\"lazy\" class=\" wp-image-14747 aligncenter\" src=\"https:\/\/elcalaixetdelaiaia.es\/wp-content\/uploads\/2017\/12\/RRBO4063-180x300.png\" alt=\"\" width=\"204\" height=\"340\" srcset=\"https:\/\/elcalaixetdelaiaia.es\/wp-content\/uploads\/2017\/12\/RRBO4063-180x300.png 180w, https:\/\/elcalaixetdelaiaia.es\/wp-content\/uploads\/2017\/12\/RRBO4063.png 408w\" sizes=\"(max-width: 204px) 100vw, 204px\" \/><\/p>\n<p>Conoci\u00f3 a mi iaio Vicentet y se casaron muy j\u00f3venes, llegaron a tener DIEZ hijos.<\/p>\n<p>El iaio era pescador y marino. Se fue embarcado y viajaba a T\u00e1nger entre muchos otros lugares. Desembarcaba en Valencia, fecundaba un beb\u00e9 y se iba un a\u00f1o mas embarcado \u2026.diez hijos tuvieron.<br \/>\nMi iaio Vi\u00e7entet era una bell\u00edsima persona y muy trabajador, que perdi\u00f3 casi la visi\u00f3n por el fr\u00edo del mar, cuando iba a las largas temporadas del bacalao y el viento helado le quem\u00f3 los ojos\u2026.pero hab\u00eda muchas bocas que alimentar y ten\u00eda que embarcarse por largas temporadas. Hasta que mi iaia harta de criar sola sus hijos una madrugada previa al embarco, cogi\u00f3 todo el petate preparado ya por el iaio, y arriba, en su cambra de la calle Chapa, lo meti\u00f3 en el gran barre\u00f1o de cinc lleno de agua. Cuando a la ma\u00f1ana el iaio fue a coger el petate, como estaba todo mojado, no pudo embarcar, y el barco parti\u00f3 sin \u00e9l.<br \/>\nPoco despu\u00e9s encontraron trabajo de caseros en la serrer\u00eda del Grau, y all\u00ed naci\u00f3 mi madre. Mi iaia perdi\u00f3 a cinco de sus diez hijos y sus ojos se volvieron muy tristes, pero nunca se borr\u00f3 su sonrisa por los cinco que le quedaron, aunque \u00e9stas p\u00e9rdidas y la guerra, la maldita guerra civil, con su posterior hambruna y miseria, que provoc\u00f3 la perdida de la mitad de sus hijos\u2026 la marcaron para siempre.<\/p>\n<p><img decoding=\"async\" loading=\"lazy\" class=\" wp-image-14745 aligncenter\" src=\"https:\/\/elcalaixetdelaiaia.es\/wp-content\/uploads\/2017\/12\/BPZF4151-268x300.png\" alt=\"\" width=\"309\" height=\"346\" srcset=\"https:\/\/elcalaixetdelaiaia.es\/wp-content\/uploads\/2017\/12\/BPZF4151-268x300.png 268w, https:\/\/elcalaixetdelaiaia.es\/wp-content\/uploads\/2017\/12\/BPZF4151.png 504w\" sizes=\"(max-width: 309px) 100vw, 309px\" \/><\/p>\n<p>A una de sus hijas le puso su nombre&#8230;.mi t\u00eda Conxeta, otra madre para m\u00ed, ya que con la m\u00eda fueron u\u00f1a y carne, hasta el ultimo d\u00eda de su vida, no he conocido hermanas mas compenetradas y que se adoraran mas.<\/p>\n<p>Mi t\u00eda era una persona maravillosa, y pr\u00e1cticamente puedo decir que me cri\u00e9 tambi\u00e9n con ella y mi querido tio Pepe, otro pedazo pan, a quien echamos todos much\u00ediiiisimo de menos\u00a0 \ud83d\ude41<\/p>\n<p><img decoding=\"async\" loading=\"lazy\" class=\" wp-image-14746 aligncenter\" src=\"https:\/\/elcalaixetdelaiaia.es\/wp-content\/uploads\/2017\/12\/IGOJ9795-300x204.png\" alt=\"\" width=\"382\" height=\"260\" srcset=\"https:\/\/elcalaixetdelaiaia.es\/wp-content\/uploads\/2017\/12\/IGOJ9795-300x204.png 300w, https:\/\/elcalaixetdelaiaia.es\/wp-content\/uploads\/2017\/12\/IGOJ9795-768x523.png 768w, https:\/\/elcalaixetdelaiaia.es\/wp-content\/uploads\/2017\/12\/IGOJ9795.png 811w\" sizes=\"(max-width: 382px) 100vw, 382px\" \/><\/p>\n<p>Tanto con mi familia materna, como con la paterna, haciendo honor a la verdad, he tenido unos lazos maravillosos, hemos sido una familia muy unida, pero la iaia Conxeta era una aut\u00e9ntica gallina clueca, que procuraba tenernos a todooooos bien unido bajo sus alas, as\u00ed que permitir\u00e9is que hoy sea a mi familia materna a quien dedique \u00e9sta entrada en honor a nuestros iaiaos y el el d\u00eda de la Pur\u00edsima Concepci\u00f3n.<\/p>\n<p>Mi iaia&#8230;&#8230;..la tengo siempre en mi mente y siempre estar\u00e1 viva en mi recuerdo, en cada cosa que hago, es parte de mi misma.<br \/>\nConxeta \u201cla peluqueta\u201d la que rifaba en el \u201cmercat del Grau\u201d mi iaia, que permanentemente vive en mi coraz\u00f3n.<\/p>\n<p>\u00abSempre estar\u00e1s amb m\u00ed iaia\u00bb<\/p>\n","protected":false},"excerpt":{"rendered":"<p>\u00abRefrany; La fam\u00edlia \u00e9s fer-se, Qui t&#8217;estima, s&#8217;arrima\u00bb La familia es hacerse, quien te estima, se arrima. Hoy d\u00eda de la inmaculada Concepci\u00f3n, santo de mi iaia, mi t\u00eda (grandes pilares en mi vida) y mi prima, y en cierta forma tambi\u00e9n es el santo \ud83d\ude09 de toda mi familia &hellip; <\/p>\n","protected":false},"author":2,"featured_media":14809,"comment_status":"open","ping_status":"open","sticky":false,"template":"","format":"standard","meta":[],"categories":[23],"tags":[],"_links":{"self":[{"href":"https:\/\/elcalaixetdelaiaia.es\/index.php?rest_route=\/wp\/v2\/posts\/14743"}],"collection":[{"href":"https:\/\/elcalaixetdelaiaia.es\/index.php?rest_route=\/wp\/v2\/posts"}],"about":[{"href":"https:\/\/elcalaixetdelaiaia.es\/index.php?rest_route=\/wp\/v2\/types\/post"}],"author":[{"embeddable":true,"href":"https:\/\/elcalaixetdelaiaia.es\/index.php?rest_route=\/wp\/v2\/users\/2"}],"replies":[{"embeddable":true,"href":"https:\/\/elcalaixetdelaiaia.es\/index.php?rest_route=%2Fwp%2Fv2%2Fcomments&post=14743"}],"version-history":[{"count":17,"href":"https:\/\/elcalaixetdelaiaia.es\/index.php?rest_route=\/wp\/v2\/posts\/14743\/revisions"}],"predecessor-version":[{"id":20110,"href":"https:\/\/elcalaixetdelaiaia.es\/index.php?rest_route=\/wp\/v2\/posts\/14743\/revisions\/20110"}],"wp:featuredmedia":[{"embeddable":true,"href":"https:\/\/elcalaixetdelaiaia.es\/index.php?rest_route=\/wp\/v2\/media\/14809"}],"wp:attachment":[{"href":"https:\/\/elcalaixetdelaiaia.es\/index.php?rest_route=%2Fwp%2Fv2%2Fmedia&parent=14743"}],"wp:term":[{"taxonomy":"category","embeddable":true,"href":"https:\/\/elcalaixetdelaiaia.es\/index.php?rest_route=%2Fwp%2Fv2%2Fcategories&post=14743"},{"taxonomy":"post_tag","embeddable":true,"href":"https:\/\/elcalaixetdelaiaia.es\/index.php?rest_route=%2Fwp%2Fv2%2Ftags&post=14743"}],"curies":[{"name":"wp","href":"https:\/\/api.w.org\/{rel}","templated":true}]}}