{"id":14701,"date":"2017-12-17T19:41:35","date_gmt":"2017-12-17T19:41:35","guid":{"rendered":"http:\/\/elcalaixetdelaiaia.es\/?p=14701"},"modified":"2017-12-17T19:41:35","modified_gmt":"2017-12-17T19:41:35","slug":"postre-de-limon-en-5-minutos-paso-a-paso","status":"publish","type":"post","link":"https:\/\/elcalaixetdelaiaia.es\/?p=14701","title":{"rendered":"Postre de lim\u00f3n en 5 minutos paso a paso"},"content":{"rendered":"<p>\u00abRefrany; Cuant m\u00e9s fred \u00e9s gener, m\u00e9s suc d\u00f3na el llimoner\u00bb. Cuanto mas fr\u00edo es enero, mas zumo da el limonero.<\/p>\n<p style=\"text-align: center;\">\n<p>Os traigo la receta de un postre rico f\u00e1cil, sin horno y que se prepara en s\u00f3lo 5 minutos, y si os gusta el lim\u00f3n tanto como en mi casa, ten\u00e9is el \u00e9xito asegurado para rematar una comida o cena, sin complicaci\u00f3n alguna.<\/p>\n<p>Necesitaremos;<\/p>\n<p style=\"text-align: center;\"><img decoding=\"async\" loading=\"lazy\" class=\"alignnone size-large wp-image-14938\" src=\"https:\/\/elcalaixetdelaiaia.es\/wp-content\/uploads\/2017\/12\/lliminima-1024x768.png\" alt=\"\" width=\"750\" height=\"563\" srcset=\"https:\/\/elcalaixetdelaiaia.es\/wp-content\/uploads\/2017\/12\/lliminima-1024x768.png 1024w, https:\/\/elcalaixetdelaiaia.es\/wp-content\/uploads\/2017\/12\/lliminima-300x225.png 300w, https:\/\/elcalaixetdelaiaia.es\/wp-content\/uploads\/2017\/12\/lliminima-768x576.png 768w\" sizes=\"(max-width: 750px) 100vw, 750px\" \/><\/p>\n<ol>\n<li>El jugo de dos limones<\/li>\n<li>La ralladura de un lim\u00f3n<\/li>\n<li>200g de leche condesada<\/li>\n<li>200g de nata de montar o crema de leche<\/li>\n<li>180g galletas caramelizadas Lotus<\/li>\n<\/ol>\n<p><img decoding=\"async\" loading=\"lazy\" class=\"alignnone size-large wp-image-14939\" src=\"https:\/\/elcalaixetdelaiaia.es\/wp-content\/uploads\/2017\/12\/llimaaaaaaa-1024x768.png\" alt=\"\" width=\"750\" height=\"563\" srcset=\"https:\/\/elcalaixetdelaiaia.es\/wp-content\/uploads\/2017\/12\/llimaaaaaaa-1024x768.png 1024w, https:\/\/elcalaixetdelaiaia.es\/wp-content\/uploads\/2017\/12\/llimaaaaaaa-300x225.png 300w, https:\/\/elcalaixetdelaiaia.es\/wp-content\/uploads\/2017\/12\/llimaaaaaaa-768x576.png 768w\" sizes=\"(max-width: 750px) 100vw, 750px\" \/><\/p>\n<p style=\"text-align: center;\">Picaremos unas galletas de tipo Lotus, que van tostadas con caramelo y son muy crujientes, en casa son un \u00e9xito y aguantan muy bien sin mojarse demasiado el contacto con la crema<\/p>\n<p style=\"text-align: center;\"><img decoding=\"async\" loading=\"lazy\" class=\"alignnone size-large wp-image-14940\" src=\"https:\/\/elcalaixetdelaiaia.es\/wp-content\/uploads\/2017\/12\/llimaa-1024x768.png\" alt=\"\" width=\"750\" height=\"563\" srcset=\"https:\/\/elcalaixetdelaiaia.es\/wp-content\/uploads\/2017\/12\/llimaa-1024x768.png 1024w, https:\/\/elcalaixetdelaiaia.es\/wp-content\/uploads\/2017\/12\/llimaa-300x225.png 300w, https:\/\/elcalaixetdelaiaia.es\/wp-content\/uploads\/2017\/12\/llimaa-768x576.png 768w\" sizes=\"(max-width: 750px) 100vw, 750px\" \/><\/p>\n<p style=\"text-align: center;\">En un mezclador, pondremos 200g de leche condensada<\/p>\n<p style=\"text-align: center;\"><img decoding=\"async\" loading=\"lazy\" class=\"alignnone size-large wp-image-14941\" src=\"https:\/\/elcalaixetdelaiaia.es\/wp-content\/uploads\/2017\/12\/llomaaaaaaa-1024x768.png\" alt=\"\" width=\"750\" height=\"563\" srcset=\"https:\/\/elcalaixetdelaiaia.es\/wp-content\/uploads\/2017\/12\/llomaaaaaaa-1024x768.png 1024w, https:\/\/elcalaixetdelaiaia.es\/wp-content\/uploads\/2017\/12\/llomaaaaaaa-300x225.png 300w, https:\/\/elcalaixetdelaiaia.es\/wp-content\/uploads\/2017\/12\/llomaaaaaaa-768x576.png 768w\" sizes=\"(max-width: 750px) 100vw, 750px\" \/><\/p>\n<p style=\"text-align: center;\">junto a 200g de nata de montar,(tambien llamada crema de leche)<\/p>\n<p style=\"text-align: center;\"><img decoding=\"async\" loading=\"lazy\" class=\"alignnone size-large wp-image-14943\" src=\"https:\/\/elcalaixetdelaiaia.es\/wp-content\/uploads\/2017\/12\/IMG_1735-1024x581.jpg\" alt=\"\" width=\"750\" height=\"426\" srcset=\"https:\/\/elcalaixetdelaiaia.es\/wp-content\/uploads\/2017\/12\/IMG_1735-1024x581.jpg 1024w, https:\/\/elcalaixetdelaiaia.es\/wp-content\/uploads\/2017\/12\/IMG_1735-300x170.jpg 300w, https:\/\/elcalaixetdelaiaia.es\/wp-content\/uploads\/2017\/12\/IMG_1735-768x436.jpg 768w\" sizes=\"(max-width: 750px) 100vw, 750px\" \/><\/p>\n<p style=\"text-align: center;\">mezclamos manualmente<\/p>\n<p style=\"text-align: center;\"><img decoding=\"async\" loading=\"lazy\" class=\"alignnone size-large wp-image-14942\" src=\"https:\/\/elcalaixetdelaiaia.es\/wp-content\/uploads\/2017\/12\/llimaaaaaaaa-1024x768.png\" alt=\"\" width=\"750\" height=\"563\" srcset=\"https:\/\/elcalaixetdelaiaia.es\/wp-content\/uploads\/2017\/12\/llimaaaaaaaa-1024x768.png 1024w, https:\/\/elcalaixetdelaiaia.es\/wp-content\/uploads\/2017\/12\/llimaaaaaaaa-300x225.png 300w, https:\/\/elcalaixetdelaiaia.es\/wp-content\/uploads\/2017\/12\/llimaaaaaaaa-768x576.png 768w\" sizes=\"(max-width: 750px) 100vw, 750px\" \/><\/p>\n<p>Lavamos muy bien un lim\u00f3n y sacaremos la ralladura. Cuidaremos de rallar solo la parte amarilla o sea el flavedo que es donde est\u00e1n los aceites arom\u00e1ticos y evitaremos la parte blanca llamado albedo porque amarga. (Estos datos, son el fruto de muchas tardes de verano pasados en los bancales junto a mi querid\u00edsimo iaio Antoniet ,\u00bbToni de Gall\u00f2\u00bb). Reservamos<\/p>\n<p style=\"text-align: center;\"><img decoding=\"async\" loading=\"lazy\" class=\"alignnone size-large wp-image-14945\" src=\"https:\/\/elcalaixetdelaiaia.es\/wp-content\/uploads\/2017\/12\/llimaaaa-1024x768.png\" alt=\"\" width=\"750\" height=\"563\" srcset=\"https:\/\/elcalaixetdelaiaia.es\/wp-content\/uploads\/2017\/12\/llimaaaa-1024x768.png 1024w, https:\/\/elcalaixetdelaiaia.es\/wp-content\/uploads\/2017\/12\/llimaaaa-300x225.png 300w, https:\/\/elcalaixetdelaiaia.es\/wp-content\/uploads\/2017\/12\/llimaaaa-768x576.png 768w\" sizes=\"(max-width: 750px) 100vw, 750px\" \/><\/p>\n<p style=\"text-align: center;\">Sacaremos el jugo de dos limones y colaremos<\/p>\n<p style=\"text-align: center;\"><img decoding=\"async\" loading=\"lazy\" class=\"alignnone size-large wp-image-14946\" src=\"https:\/\/elcalaixetdelaiaia.es\/wp-content\/uploads\/2017\/12\/llimaaaaaaaaaaaa-1024x768.png\" alt=\"\" width=\"750\" height=\"563\" srcset=\"https:\/\/elcalaixetdelaiaia.es\/wp-content\/uploads\/2017\/12\/llimaaaaaaaaaaaa-1024x768.png 1024w, https:\/\/elcalaixetdelaiaia.es\/wp-content\/uploads\/2017\/12\/llimaaaaaaaaaaaa-300x225.png 300w, https:\/\/elcalaixetdelaiaia.es\/wp-content\/uploads\/2017\/12\/llimaaaaaaaaaaaa-768x576.png 768w\" sizes=\"(max-width: 750px) 100vw, 750px\" \/><\/p>\n<p style=\"text-align: center;\">para evitar que quede alguna semillita o parte de la pulpa.<\/p>\n<p style=\"text-align: center;\"><img decoding=\"async\" loading=\"lazy\" class=\"alignnone size-large wp-image-14944\" src=\"https:\/\/elcalaixetdelaiaia.es\/wp-content\/uploads\/2017\/12\/QSXZ6129-copia-1024x768.png\" alt=\"\" width=\"750\" height=\"563\" srcset=\"https:\/\/elcalaixetdelaiaia.es\/wp-content\/uploads\/2017\/12\/QSXZ6129-copia-1024x768.png 1024w, https:\/\/elcalaixetdelaiaia.es\/wp-content\/uploads\/2017\/12\/QSXZ6129-copia-300x225.png 300w, https:\/\/elcalaixetdelaiaia.es\/wp-content\/uploads\/2017\/12\/QSXZ6129-copia-768x576.png 768w\" sizes=\"(max-width: 750px) 100vw, 750px\" \/><\/p>\n<p style=\"text-align: center;\">\n<p style=\"text-align: center;\">a\u00f1adiremos a las cremas que tenemos en el mezclador, el jugo de lim\u00f3n y batiremos. Como por arte de magia, veremos que espesa enseguida al contacto de los l\u00e1cteos con los c\u00edtricos, una vez espese, a\u00f1adiremos la ralladura del lim\u00f3n, y haremos una cata. En casa somos golosos, (sobre todo yo jeje) pero no nos gustan en absoluto las cosas muy dulces y quiz\u00e1s vosotros si necesit\u00e9is un par de cucharadas mas de leche condensada, ahora es el momento de rectificar, mas vale a\u00f1adir dulzor que resulte empalagoso, con las dulces empalagosos no puedo&#8230;..<\/p>\n<p style=\"text-align: center;\"><img decoding=\"async\" loading=\"lazy\" class=\"alignnone size-large wp-image-14947\" src=\"https:\/\/elcalaixetdelaiaia.es\/wp-content\/uploads\/2017\/12\/llima-1024x768.png\" alt=\"\" width=\"750\" height=\"563\" srcset=\"https:\/\/elcalaixetdelaiaia.es\/wp-content\/uploads\/2017\/12\/llima-1024x768.png 1024w, https:\/\/elcalaixetdelaiaia.es\/wp-content\/uploads\/2017\/12\/llima-300x225.png 300w, https:\/\/elcalaixetdelaiaia.es\/wp-content\/uploads\/2017\/12\/llima-768x576.png 768w\" sizes=\"(max-width: 750px) 100vw, 750px\" \/><\/p>\n<p style=\"text-align: center;\">en los vasitos, copas o recipientes donde vayamos a servir,\u00a0 pondremos una capa de galletas picadas a vuestro gusto. Las pod\u00e9is dejar muy molidas tipo arena o con tropezones mas grandes. Usad copas peque\u00f1as o vasitos de tipo cortado o carajillo ya que es una crema muy saciante. Con \u00e9stas medidas, dan para ocho vasitos o copas peque\u00f1as.<\/p>\n<p style=\"text-align: center;\"><img decoding=\"async\" loading=\"lazy\" class=\"alignnone size-large wp-image-14948\" src=\"https:\/\/elcalaixetdelaiaia.es\/wp-content\/uploads\/2017\/12\/llimaaaaaa-1024x768.png\" alt=\"\" width=\"750\" height=\"563\" srcset=\"https:\/\/elcalaixetdelaiaia.es\/wp-content\/uploads\/2017\/12\/llimaaaaaa-1024x768.png 1024w, https:\/\/elcalaixetdelaiaia.es\/wp-content\/uploads\/2017\/12\/llimaaaaaa-300x225.png 300w, https:\/\/elcalaixetdelaiaia.es\/wp-content\/uploads\/2017\/12\/llimaaaaaa-768x576.png 768w\" sizes=\"(max-width: 750px) 100vw, 750px\" \/><\/p>\n<p style=\"text-align: center;\">una capa de crema<\/p>\n<p style=\"text-align: center;\"><img decoding=\"async\" loading=\"lazy\" class=\"alignnone size-large wp-image-14949\" src=\"https:\/\/elcalaixetdelaiaia.es\/wp-content\/uploads\/2017\/12\/llimoa-1024x768.png\" alt=\"\" width=\"750\" height=\"563\" srcset=\"https:\/\/elcalaixetdelaiaia.es\/wp-content\/uploads\/2017\/12\/llimoa-1024x768.png 1024w, https:\/\/elcalaixetdelaiaia.es\/wp-content\/uploads\/2017\/12\/llimoa-300x225.png 300w, https:\/\/elcalaixetdelaiaia.es\/wp-content\/uploads\/2017\/12\/llimoa-768x576.png 768w\" sizes=\"(max-width: 750px) 100vw, 750px\" \/><\/p>\n<p style=\"text-align: center;\">otra de galletas, otra de crema<\/p>\n<p style=\"text-align: center;\"><img decoding=\"async\" loading=\"lazy\" class=\"alignnone size-large wp-image-14950\" src=\"https:\/\/elcalaixetdelaiaia.es\/wp-content\/uploads\/2017\/12\/llimaaa-1024x768.png\" alt=\"\" width=\"750\" height=\"563\" srcset=\"https:\/\/elcalaixetdelaiaia.es\/wp-content\/uploads\/2017\/12\/llimaaa-1024x768.png 1024w, https:\/\/elcalaixetdelaiaia.es\/wp-content\/uploads\/2017\/12\/llimaaa-300x225.png 300w, https:\/\/elcalaixetdelaiaia.es\/wp-content\/uploads\/2017\/12\/llimaaa-768x576.png 768w\" sizes=\"(max-width: 750px) 100vw, 750px\" \/><\/p>\n<p style=\"text-align: center;\">y al\u00a0 frigo unas cuatro horas, ha de servirse muy muy fr\u00edo, aqu\u00ed pod\u00e9is ver otra presentaci\u00f3n distinta en vasitos<\/p>\n<p style=\"text-align: center;\"><img decoding=\"async\" loading=\"lazy\" class=\"alignnone size-large wp-image-14951\" src=\"https:\/\/elcalaixetdelaiaia.es\/wp-content\/uploads\/2017\/12\/llimaaaaaaaaaa-1024x726.png\" alt=\"\" width=\"750\" height=\"532\" srcset=\"https:\/\/elcalaixetdelaiaia.es\/wp-content\/uploads\/2017\/12\/llimaaaaaaaaaa-1024x726.png 1024w, https:\/\/elcalaixetdelaiaia.es\/wp-content\/uploads\/2017\/12\/llimaaaaaaaaaa-300x213.png 300w, https:\/\/elcalaixetdelaiaia.es\/wp-content\/uploads\/2017\/12\/llimaaaaaaaaaa-768x545.png 768w\" sizes=\"(max-width: 750px) 100vw, 750px\" \/><\/p>\n<p style=\"text-align: center;\">en el momento de servir y como punto final suelo espolvorear con un poco de lima rallado, pero como se trata de un postre \u00e9sta vez navide\u00f1o, he hecho unas estrellitas con fondant, la decoraci\u00f3n final seg\u00fan vuestra inspiraci\u00f3n o la ocasi\u00f3n para la que sea el postre<\/p>\n<p style=\"text-align: center;\"><img decoding=\"async\" loading=\"lazy\" class=\"alignnone size-large wp-image-14956\" src=\"https:\/\/elcalaixetdelaiaia.es\/wp-content\/uploads\/2017\/12\/llimimima-1024x725.png\" alt=\"\" width=\"750\" height=\"531\" \/><\/p>\n<p style=\"text-align: center;\">sea como sea, os aseguro un postre refrescante<\/p>\n<p style=\"text-align: center;\"><img decoding=\"async\" loading=\"lazy\" class=\"alignnone size-large wp-image-14955\" src=\"https:\/\/elcalaixetdelaiaia.es\/wp-content\/uploads\/2017\/12\/llimaima-1024x769.png\" alt=\"\" width=\"750\" height=\"563\" srcset=\"https:\/\/elcalaixetdelaiaia.es\/wp-content\/uploads\/2017\/12\/llimaima-1024x769.png 1024w, https:\/\/elcalaixetdelaiaia.es\/wp-content\/uploads\/2017\/12\/llimaima-300x225.png 300w, https:\/\/elcalaixetdelaiaia.es\/wp-content\/uploads\/2017\/12\/llimaima-768x577.png 768w\" sizes=\"(max-width: 750px) 100vw, 750px\" \/><\/p>\n<p style=\"text-align: center;\">que agrada a peques y grandes<\/p>\n<p><img decoding=\"async\" loading=\"lazy\" class=\"alignnone size-large wp-image-14953\" src=\"https:\/\/elcalaixetdelaiaia.es\/wp-content\/uploads\/2017\/12\/llimaaaaa-1024x768.png\" alt=\"\" width=\"750\" height=\"563\" srcset=\"https:\/\/elcalaixetdelaiaia.es\/wp-content\/uploads\/2017\/12\/llimaaaaa-1024x768.png 1024w, https:\/\/elcalaixetdelaiaia.es\/wp-content\/uploads\/2017\/12\/llimaaaaa-300x225.png 300w, https:\/\/elcalaixetdelaiaia.es\/wp-content\/uploads\/2017\/12\/llimaaaaa-768x576.png 768w\" sizes=\"(max-width: 750px) 100vw, 750px\" \/><\/p>\n<p style=\"text-align: center;\">sencillo, r\u00e1pido y f\u00e1cil de preparar<\/p>\n<p style=\"text-align: center;\"><img decoding=\"async\" loading=\"lazy\" class=\"alignnone size-large wp-image-14952\" src=\"https:\/\/elcalaixetdelaiaia.es\/wp-content\/uploads\/2017\/12\/lliiima-1024x768.png\" alt=\"\" width=\"750\" height=\"563\" srcset=\"https:\/\/elcalaixetdelaiaia.es\/wp-content\/uploads\/2017\/12\/lliiima-1024x768.png 1024w, https:\/\/elcalaixetdelaiaia.es\/wp-content\/uploads\/2017\/12\/lliiima-300x225.png 300w, https:\/\/elcalaixetdelaiaia.es\/wp-content\/uploads\/2017\/12\/lliiima-768x576.png 768w\" sizes=\"(max-width: 750px) 100vw, 750px\" \/><\/p>\n<p style=\"text-align: center;\">un bocado estupendo para un buen colof\u00f3n<\/p>\n<p style=\"text-align: center;\"><img decoding=\"async\" loading=\"lazy\" class=\"alignnone size-large wp-image-14957\" src=\"https:\/\/elcalaixetdelaiaia.es\/wp-content\/uploads\/2017\/12\/llimaaaaaaaaa-1024x768.png\" alt=\"\" width=\"750\" height=\"563\" \/><\/p>\n<p style=\"text-align: center;\">y no dejan ni las miguitaaaas. \u00abA la taula i&#8230;&#8230;BON PROFIT!!!\u00bb<\/p>\n<p style=\"text-align: center;\">Si te gusta mi receta puedes clicar en g+1 y compartirla, para que llegue a mas gente.\u00a0\u00a0 Espero tus comentarios que para mi son MUY importantes y recuerda que tambi\u00e9n estoy en Facebook <a href=\"https:\/\/www.facebook.com\/El-calaixet-de-la-iaia-533062140099386\/\">https:\/\/www.facebook.com\/El-calaixet-de-la-iaia-533062140099386\/<\/a><\/p>\n<div>Si quieres recibir mis actualizaciones por mail, al final de \u00e9sta p\u00e1gina a la izquierda tienes como hacer para introducir tu correo electr\u00f3nico y no perderte las actualizaciones de mis recetas \u00a1Gracias!<\/div>\n<p><span lang=\"es\">Con esta receta participo en el reto\u00a0<a href=\"http:\/\/cocinerosdelmundodegoogle.blogspot.com.es\/\" target=\"_blank\" rel=\"noopener\">\u201cChristmas Time\u201d<\/a>\u00a0de la comunidad cocineros del mundo de <\/span><br \/>\n<a href=\"http:\/\/cocinerosdelmundodegoogle.blogspot.com.es\/\" target=\"_blank\" rel=\"noopener\">G+<\/a>\u00a0<a href=\"https:\/\/plus.google.com\/s\/%23RetoChristmasTimeCdM2016\">#RetoChristmasTimeCdM2017<\/a><a class=\"ot-hashtag aaTEdf\" href=\"https:\/\/plus.google.com\/s\/%23RetoChristmasTimeSpecialCdM2017\/posts\" rel=\"nofollow\">#RetoChristmasTimeSpecialCdM2017<\/a><a href=\"https:\/\/plus.google.com\/s\/%23RetoChristmasTimeCdM2016\"><br \/>\n<\/a><img decoding=\"async\" loading=\"lazy\" class=\"size-full wp-image-14827 alignleft\" src=\"https:\/\/i1.wp.com\/elcalaixetdelaiaia.es\/wp-content\/uploads\/2017\/12\/logonadalCM.jpg?resize=240%2C240\" sizes=\"(max-width: 240px) 100vw, 240px\" srcset=\"https:\/\/i1.wp.com\/elcalaixetdelaiaia.es\/wp-content\/uploads\/2017\/12\/logonadalCM.jpg?w=240 240w, https:\/\/i1.wp.com\/elcalaixetdelaiaia.es\/wp-content\/uploads\/2017\/12\/logonadalCM.jpg?resize=150%2C150 150w, https:\/\/i1.wp.com\/elcalaixetdelaiaia.es\/wp-content\/uploads\/2017\/12\/logonadalCM.jpg?resize=60%2C60 60w, https:\/\/i1.wp.com\/elcalaixetdelaiaia.es\/wp-content\/uploads\/2017\/12\/logonadalCM.jpg?resize=235%2C235 235w\" alt=\"\" width=\"240\" height=\"240\" \/><\/p>\n<p><img decoding=\"async\" loading=\"lazy\" class=\"alignright\" src=\"https:\/\/i1.wp.com\/4.bp.blogspot.com\/-fn9u9HoxHdQ\/Wi-ES2eqmiI\/AAAAAAAAWAo\/4m5k1MDYZLI6NT4VkRnETlD3EMA8Vw--wCLcBGAs\/s1600\/logo%2Bnavidad%2Bmarron.png?resize=180%2C180&amp;ssl=1\" width=\"180\" height=\"180\" border=\"0\" data-original-height=\"180\" data-original-width=\"180\" \/><\/p>\n<div class=\"sharedaddy sd-sharing-enabled\">\n<div class=\"robots-nocontent sd-block sd-social sd-social-icon-text sd-sharing\">\n<h3 class=\"sd-title\"><\/h3>\n<\/div>\n<\/div>\n","protected":false},"excerpt":{"rendered":"<p>\u00abRefrany; Cuant m\u00e9s fred \u00e9s gener, m\u00e9s suc d\u00f3na el llimoner\u00bb. Cuanto mas fr\u00edo es enero, mas zumo da el limonero. Os traigo la receta de un postre rico f\u00e1cil, sin horno y que se prepara en s\u00f3lo 5 minutos, y si os gusta el lim\u00f3n tanto como en mi &hellip; <\/p>\n","protected":false},"author":2,"featured_media":0,"comment_status":"open","ping_status":"open","sticky":false,"template":"","format":"standard","meta":[],"categories":[46,6],"tags":[],"_links":{"self":[{"href":"https:\/\/elcalaixetdelaiaia.es\/index.php?rest_route=\/wp\/v2\/posts\/14701"}],"collection":[{"href":"https:\/\/elcalaixetdelaiaia.es\/index.php?rest_route=\/wp\/v2\/posts"}],"about":[{"href":"https:\/\/elcalaixetdelaiaia.es\/index.php?rest_route=\/wp\/v2\/types\/post"}],"author":[{"embeddable":true,"href":"https:\/\/elcalaixetdelaiaia.es\/index.php?rest_route=\/wp\/v2\/users\/2"}],"replies":[{"embeddable":true,"href":"https:\/\/elcalaixetdelaiaia.es\/index.php?rest_route=%2Fwp%2Fv2%2Fcomments&post=14701"}],"version-history":[{"count":4,"href":"https:\/\/elcalaixetdelaiaia.es\/index.php?rest_route=\/wp\/v2\/posts\/14701\/revisions"}],"predecessor-version":[{"id":14990,"href":"https:\/\/elcalaixetdelaiaia.es\/index.php?rest_route=\/wp\/v2\/posts\/14701\/revisions\/14990"}],"wp:attachment":[{"href":"https:\/\/elcalaixetdelaiaia.es\/index.php?rest_route=%2Fwp%2Fv2%2Fmedia&parent=14701"}],"wp:term":[{"taxonomy":"category","embeddable":true,"href":"https:\/\/elcalaixetdelaiaia.es\/index.php?rest_route=%2Fwp%2Fv2%2Fcategories&post=14701"},{"taxonomy":"post_tag","embeddable":true,"href":"https:\/\/elcalaixetdelaiaia.es\/index.php?rest_route=%2Fwp%2Fv2%2Ftags&post=14701"}],"curies":[{"name":"wp","href":"https:\/\/api.w.org\/{rel}","templated":true}]}}