{"id":145,"date":"2016-12-30T23:03:00","date_gmt":"2016-12-30T23:03:00","guid":{"rendered":"http:\/\/elcalaixetdelaiaia.es\/trufas-de-chocolate-blanco-al-cava-y"},"modified":"2023-12-29T18:02:59","modified_gmt":"2023-12-29T18:02:59","slug":"trufas-de-chocolate-blanco-al-cava-y","status":"publish","type":"post","link":"https:\/\/elcalaixetdelaiaia.es\/?p=145","title":{"rendered":"Trufas de chocolate blanco al cava y perlas paso a paso foto a foto"},"content":{"rendered":"<p>\u00abRefrany;Per Cap d&#8217;Any, el d\u00eda s&#8217;allarga un pam\u00bb Por Noche vieja, el d\u00eda se alarga un palmo.<\/p>\n<p>Bueno, si no pasa nada, \u00e9sta ser\u00e1 la \u00faltima entrada que publique \u00e9ste a\u00f1o.<br \/>\nEn mi familia, \u00e9ste ha sido un a\u00f1o para olvidar, uno de los peores de nuestra vida.<br \/>\nEspero y deseo que el pr\u00f3ximo 2017 nos traiga a todos; Salud, Paz, Amor, Alegr\u00eda&#8230; en fin FELICIDAD y que se cumplan todos los buenos deseos. Para variar, hoy no me voy a alargar mas.<\/p>\n<div class=\"separator\" style=\"clear: both; text-align: center;\"><a style=\"margin-left: 1em; margin-right: 1em;\" href=\"https:\/\/1.bp.blogspot.com\/-nJPJJtHL5ow\/WGaPiLcFt3I\/AAAAAAAAocA\/FAQf7nRwdi46jVIl6zpd87CUGXY9R3bwwCEw\/s1600\/IMG_8797.JPG\"><img decoding=\"async\" loading=\"lazy\" src=\"https:\/\/elcalaixetdelaiaia.es\/wp-content\/uploads\/2016\/12\/IMG_8797-1.jpg\" width=\"640\" height=\"480\" border=\"0\" \/><\/a><\/div>\n<div style=\"text-align: center;\">\u00a0Os traigo unas trufas de chocolate blanco al cava, para endulzarnos al m\u00e1ximo \u00e9sta salida y entrada de a\u00f1o, ojal\u00e1 \u00e9sto sirva para que as\u00ed sean los 365 d\u00edas venideros, dulces, muy muy dulces. Os lo deseo de todo coraz\u00f3n.<\/div>\n<p>Necesitaremos;<\/p>\n<div class=\"separator\" style=\"clear: both; text-align: center;\"><a style=\"margin-left: 1em; margin-right: 1em;\" href=\"https:\/\/4.bp.blogspot.com\/-1P5TnBKVufQ\/WGaCpMmPo4I\/AAAAAAAAoZc\/VPsqe4wPoRgMvvH6zgLYMFgvDwC9rCzYACEw\/s1600\/IMG_8767.PNG\"><img decoding=\"async\" loading=\"lazy\" src=\"https:\/\/elcalaixetdelaiaia.es\/wp-content\/uploads\/2016\/12\/IMG_8767-1.png\" width=\"640\" height=\"480\" border=\"0\" \/><\/a><\/div>\n<ol>\n<li>280g de chocolate blanco fondant<\/li>\n<li>20g de mantequilla sin sal<\/li>\n<li>Una pizca de canela en polvo<\/li>\n<li>80g de nata de montar o crema de leche<\/li>\n<li>30ml de cava o champagne Brut<\/li>\n<li>Perlas de caramelo<\/li>\n<li>C\u00e1psulas de papel<\/li>\n<\/ol>\n<p>Pod\u00e9is usar cualquier nata, pero siempre que os sea posible, os recomiendo que us\u00e9is \u00e9sta nata para todo,lo malo es que es dif\u00edcil de encontrar, pero lo pod\u00e9is pedir en vuestra tienda de ultramarinos de barrio, ya que la venden en los almacenes para profesionales de hosteler\u00eda. Es fant\u00e1stica, no hay una nata mejor y, mira que he probado natas, pero como \u00e9sta ninguna, se trata de una nata vegetal, que se mantiene como reci\u00e9n hecha y de sabor excelente, y no me pagan para hacer publicidad, ni los de la nata ni absolutamente NADIE, mi blog es completamente altruista, por eso no hay publicidad, ni enlaces a ning\u00fan sitio, lo hago \u00fanicamente, para compartir con todos vosotros, lo poquito que he aprendido a lo largo de mi vida. Gracias por leerme y seguirme \ud83d\ude09<\/p>\n<div style=\"text-align: center;\">Dejaremos la mantequilla que vaya cogiendo la temperatura ambiente<\/div>\n<div style=\"text-align: center;\"><\/div>\n<div class=\"separator\" style=\"clear: both; text-align: center;\"><a style=\"margin-left: 1em; margin-right: 1em;\" href=\"https:\/\/1.bp.blogspot.com\/-L_Nd0qBKKK8\/WGaCoeySZzI\/AAAAAAAAoZY\/eIddu3c7W9QvKPb1V1wGA_4SU087Ku-OACEw\/s1600\/IMG_8768.PNG\"><img decoding=\"async\" loading=\"lazy\" src=\"https:\/\/elcalaixetdelaiaia.es\/wp-content\/uploads\/2016\/12\/IMG_8768-1.png\" width=\"640\" height=\"480\" border=\"0\" \/><\/a><\/div>\n<div style=\"text-align: center;\"><\/div>\n<div style=\"text-align: center;\">\u00a0Troceamos el chocolate blanco en un cuenco<\/div>\n<div style=\"text-align: center;\"><\/div>\n<div class=\"separator\" style=\"clear: both; text-align: center;\"><a style=\"margin-left: 1em; margin-right: 1em;\" href=\"https:\/\/4.bp.blogspot.com\/-lBh-dbsiKks\/WGaCfKcOhFI\/AAAAAAAAoZw\/Jg5hCmQN66sUfnTcpji20irLI7CQMej7ACEw\/s1600\/IMG_8769.PNG\"><img decoding=\"async\" loading=\"lazy\" src=\"https:\/\/elcalaixetdelaiaia.es\/wp-content\/uploads\/2016\/12\/IMG_8769-1.png\" width=\"640\" height=\"480\" border=\"0\" \/><\/a><\/div>\n<div style=\"text-align: center;\"><\/div>\n<div style=\"text-align: center;\">Ponemos a calentar la nata en el microondas con golpes de 30 segundos, hasta que comience a hervir. Echamosla nata caliente sobre el chocolate<\/div>\n<div style=\"text-align: center;\"><\/div>\n<div class=\"separator\" style=\"clear: both; text-align: center;\"><a style=\"margin-left: 1em; margin-right: 1em;\" href=\"https:\/\/3.bp.blogspot.com\/-FFE0YdqjOCQ\/WGaCvMFxCBI\/AAAAAAAAoZg\/zQvfJ9pMxvMoEuyVzQv8JsSPMe6W7BnxgCEw\/s1600\/IMG_8770.PNG\"><img decoding=\"async\" loading=\"lazy\" src=\"https:\/\/elcalaixetdelaiaia.es\/wp-content\/uploads\/2016\/12\/IMG_8770-1.png\" width=\"640\" height=\"480\" border=\"0\" \/><\/a><\/div>\n<div style=\"text-align: center;\"><\/div>\n<div style=\"text-align: center;\">\u00a0dejamos dos minutos para que vayacalentando el chocolate, y removeremos hasta que se derrita por completo. A\u00f1adiremos la mantequilla que ya estar\u00e1 a temperatura ambiente y seguiremos removiendo.<\/div>\n<div style=\"text-align: center;\"><\/div>\n<div class=\"separator\" style=\"clear: both; text-align: center;\"><a style=\"margin-left: 1em; margin-right: 1em;\" href=\"https:\/\/2.bp.blogspot.com\/-q5VOB7XKafQ\/WGaC89-3z_I\/AAAAAAAAoZo\/8bmFTi2j5-kbccn1UOQqjKmzcVlSw3R7wCEw\/s1600\/IMG_8772.PNG\"><img decoding=\"async\" loading=\"lazy\" src=\"https:\/\/elcalaixetdelaiaia.es\/wp-content\/uploads\/2016\/12\/IMG_8772-1.png\" width=\"640\" height=\"480\" border=\"0\" \/><\/a><\/div>\n<div style=\"text-align: center;\"><\/div>\n<div style=\"text-align: center;\">A\u00f1adiremos el cava o champagne, una pizquita de canela en polvo y&#8230;\u00a1lo hab\u00e9is adivinado jajajaja! &#8230;removeremos de nuevo. Para hacer \u00e9sta crema, todo el trabajo es a base de remover y remover.<\/div>\n<div style=\"text-align: center;\"><\/div>\n<div class=\"separator\" style=\"clear: both; text-align: center;\"><a style=\"margin-left: 1em; margin-right: 1em;\" href=\"https:\/\/3.bp.blogspot.com\/-XRidIeh3pOk\/WGaEwoLmoqI\/AAAAAAAAoa4\/8Zl9QciH0loPvxeMfzjA3_GaeKCDNCxugCEw\/s1600\/IMG_8805.PNG\"><img decoding=\"async\" loading=\"lazy\" src=\"https:\/\/elcalaixetdelaiaia.es\/wp-content\/uploads\/2016\/12\/IMG_8805-1.png\" width=\"640\" height=\"558\" border=\"0\" \/><\/a><\/div>\n<div style=\"text-align: center;\"><\/div>\n<div style=\"text-align: center;\">Como la botella de cava est\u00e1 abierta, no vamos a desperdiciar la ocasi\u00f3n y aunque la aprovechar\u00e9 para otro guiso, ahora que est\u00e1 fresquito&#8230; un trago de cava para la cocinera y un brindis por tod@s mis seguidor@s \u00a1Va por vosotros amigossssss ! Feliz a\u00f1o nuevo, \u00absalut que ting\u00e1m\u00bb<\/div>\n<div style=\"text-align: center;\"><\/div>\n<div class=\"separator\" style=\"clear: both; text-align: center;\"><a style=\"margin-left: 1em; margin-right: 1em;\" href=\"https:\/\/4.bp.blogspot.com\/-XZZ2DgGMGag\/WGaECjvZdMI\/AAAAAAAAoZ4\/QsJdO7XZX7QY7QCiHSOKS3OT1znRqmHoACEw\/s1600\/IMG_8774.PNG\"><img decoding=\"async\" loading=\"lazy\" src=\"https:\/\/elcalaixetdelaiaia.es\/wp-content\/uploads\/2016\/12\/IMG_8774-1.png\" width=\"640\" height=\"480\" border=\"0\" \/><\/a><\/div>\n<div style=\"text-align: center;\"><\/div>\n<div style=\"text-align: center;\">Pero no nos olvidemos de nuestra crema \u00bfeh? que a\u00fan no toca celebrar que acaba \u00e9sta a\u00f1o, jeje. Taparemos el bol con papel film<\/div>\n<div style=\"text-align: center;\"><\/div>\n<div class=\"separator\" style=\"clear: both; text-align: center;\"><a style=\"margin-left: 1em; margin-right: 1em;\" href=\"https:\/\/3.bp.blogspot.com\/-S3StPCkdozY\/WGaEclOgq_I\/AAAAAAAAoaI\/yGaOXU8l6VEK6FDR-HQfyBUvZ9ULZU9NACEw\/s1600\/IMG_8775.PNG\"><img decoding=\"async\" loading=\"lazy\" src=\"https:\/\/elcalaixetdelaiaia.es\/wp-content\/uploads\/2016\/12\/IMG_8775-1.png\" width=\"640\" height=\"480\" border=\"0\" \/><\/a><\/div>\n<div style=\"text-align: center;\"><\/div>\n<div style=\"text-align: center;\">\u00a0peg\u00e1ndolo a la crema para evitar que se haga costra y dejaremos en el frigo de tres a cuatro horas como m\u00ednimo. Yo lo dejo toda la noche.<\/div>\n<div style=\"text-align: center;\"><\/div>\n<div class=\"separator\" style=\"clear: both; text-align: center;\"><a style=\"margin-left: 1em; margin-right: 1em;\" href=\"https:\/\/3.bp.blogspot.com\/-2PT8ZgGJcto\/WGaEHHlJYUI\/AAAAAAAAobE\/G30YgYsaz_UUHCCytUKPI-3Fs___F23FgCEw\/s1600\/IMG_8783.PNG\"><img decoding=\"async\" loading=\"lazy\" src=\"https:\/\/elcalaixetdelaiaia.es\/wp-content\/uploads\/2016\/12\/IMG_8783-1.png\" width=\"640\" height=\"480\" border=\"0\" \/><\/a><\/div>\n<div style=\"text-align: center;\"><\/div>\n<div style=\"text-align: center;\">al d\u00eda siguiente o como m\u00ednimo cuatro horas despu\u00e9s procederemos a hacer las trufas, preparamos las perlas de caramelo en un cuenco y las c\u00e1psulas, en \u00e9ste caso voy a utilizar unas que tengo en papel metalizado, aunque son un poco grandes para las trufas&#8230; pues mejor, saldr\u00e1n de bocado m\u00e1s grande <span class=\"ILfuVd\" lang=\"es\"><span class=\"hgKElc\">\ud83d\ude09<\/span><\/span><\/div>\n<div style=\"text-align: center;\"><\/div>\n<div class=\"separator\" style=\"clear: both; text-align: center;\"><a style=\"margin-left: 1em; margin-right: 1em;\" href=\"https:\/\/3.bp.blogspot.com\/-2U3CWa2GWw0\/WGaENUfadEI\/AAAAAAAAobE\/-1vc8F3QCxwSbrIJ2NVuE6rTWZJNoQzsACEw\/s1600\/IMG_8784.PNG\"><img decoding=\"async\" loading=\"lazy\" src=\"https:\/\/elcalaixetdelaiaia.es\/wp-content\/uploads\/2016\/12\/IMG_8784-1.png\" width=\"640\" height=\"480\" border=\"0\" \/><\/a><\/div>\n<div style=\"text-align: center;\"><\/div>\n<div style=\"text-align: center;\">nos lavaremos a fondo las manos y las u\u00f1as con un cepillito, las secaremos bien y las untaremos con un poco de mantequilla, sacamos bolas de tama\u00f1o similar ayudados por ejemplo con dos cucharillas o una cuchara de helado, damos forma redonda<\/div>\n<div style=\"text-align: center;\"><\/div>\n<div class=\"separator\" style=\"clear: both; text-align: center;\"><a style=\"margin-left: 1em; margin-right: 1em;\" href=\"https:\/\/1.bp.blogspot.com\/-YVKAPbruwEU\/WGaEYmMXA8I\/AAAAAAAAobE\/-NmREwOWQoYecK7KqklvCsh54UrCYNxnACEw\/s1600\/IMG_8785.PNG\"><img decoding=\"async\" loading=\"lazy\" src=\"https:\/\/elcalaixetdelaiaia.es\/wp-content\/uploads\/2016\/12\/IMG_8785-1.png\" width=\"640\" height=\"480\" border=\"0\" \/><\/a><\/div>\n<p>rodamos sobre las perlitas por la parte superior, y vamos colocando en c\u00e1psulas<\/p>\n<div class=\"separator\" style=\"clear: both; text-align: center;\"><a style=\"margin-left: 1em; margin-right: 1em;\" href=\"https:\/\/3.bp.blogspot.com\/-pWaBGqk4g2k\/WGaEksDbP3I\/AAAAAAAAobE\/DNAaCUUxk1o5e13sg3lMaLWbnx_lu21yACEw\/s1600\/IMG_8786.PNG\"><img decoding=\"async\" loading=\"lazy\" src=\"https:\/\/elcalaixetdelaiaia.es\/wp-content\/uploads\/2016\/12\/IMG_8786-1.png\" width=\"480\" height=\"640\" border=\"0\" \/><\/a><\/div>\n<div style=\"text-align: center;\"><\/div>\n<div style=\"text-align: center;\">como por el calor de las manos se habr\u00e1n ablandado, las colocaremos en recipientes unas junto a otras ( para que mantengan las forma yo las he reforzado con unos tapones de botella de los que guardo para reciclar) y las mantendremos en el frigo hasta justo justo el momento de servir<\/div>\n<div><\/div>\n<div style=\"text-align: center;\">\n<div class=\"separator\" style=\"clear: both; text-align: center;\"><a style=\"margin-left: 1em; margin-right: 1em;\" href=\"https:\/\/4.bp.blogspot.com\/-ICgL9qGelt8\/WGaP1FNNvvI\/AAAAAAAAocA\/6xXZgoUIgjg8MnqUoNVR5VdvUi7-uT_jgCEw\/s1600\/IMG_8788.JPG\"><img decoding=\"async\" loading=\"lazy\" src=\"https:\/\/elcalaixetdelaiaia.es\/wp-content\/uploads\/2016\/12\/IMG_8788-1.jpg\" width=\"640\" height=\"480\" border=\"0\" \/><\/a><\/div>\n<div style=\"text-align: center;\"><\/div>\n<div style=\"text-align: center;\">Se han de tomar muy fr\u00edas<\/div>\n<\/div>\n<div style=\"text-align: center;\"><\/div>\n<div class=\"separator\" style=\"clear: both; text-align: center;\"><a style=\"margin-left: 1em; margin-right: 1em;\" href=\"https:\/\/3.bp.blogspot.com\/-IRXu9ARRg6Q\/WGaP1gnkCqI\/AAAAAAAAocA\/_GK6gGbnPKwGsWJ8S3dS3t3Garpqw3kUACEw\/s1600\/IMG_8789.JPG\"><img decoding=\"async\" loading=\"lazy\" src=\"https:\/\/elcalaixetdelaiaia.es\/wp-content\/uploads\/2016\/12\/IMG_8789-1.jpg\" width=\"640\" height=\"480\" border=\"0\" \/><\/a><\/div>\n<div style=\"text-align: center;\">C\u00f3mo apenas lleva alcohol, no se sube nada a la cabeza<\/div>\n<div style=\"text-align: center;\"><\/div>\n<div class=\"separator\" style=\"clear: both; text-align: center;\"><a style=\"margin-left: 1em; margin-right: 1em;\" href=\"https:\/\/3.bp.blogspot.com\/--xLR2hOgDFo\/WGaP2QjOaJI\/AAAAAAAAocA\/2ZGVq6QiuJEcyCr52pwgHpJGJF_RIJhwwCEw\/s1600\/IMG_8790.JPG\"><img decoding=\"async\" loading=\"lazy\" src=\"https:\/\/elcalaixetdelaiaia.es\/wp-content\/uploads\/2016\/12\/IMG_8790-1.jpg\" width=\"640\" height=\"480\" border=\"0\" \/><\/a><\/div>\n<div style=\"text-align: center;\"><\/div>\n<div style=\"text-align: center;\">hemos de olvidar los malos momentos y recrearnos en los buenos recuerdos<\/div>\n<div style=\"text-align: center;\"><\/div>\n<div class=\"separator\" style=\"clear: both; text-align: center;\"><a style=\"margin-left: 1em; margin-right: 1em;\" href=\"https:\/\/4.bp.blogspot.com\/-MRO2DO_dqxo\/WGaP3B55AAI\/AAAAAAAAocA\/Auz87lCzkxMK02G0dJyB55Q2wNMKbSzBACEw\/s1600\/IMG_8793.JPG\"><img decoding=\"async\" loading=\"lazy\" src=\"https:\/\/elcalaixetdelaiaia.es\/wp-content\/uploads\/2016\/12\/IMG_8793-1.jpg\" width=\"640\" height=\"446\" border=\"0\" \/><\/a><\/div>\n<div style=\"text-align: center;\"><b><a style=\"color: #888888; text-decoration: none;\" href=\"http:\/\/cocinerosdelmundodegoogle.blogspot.com.es\/\" target=\"_blank\" rel=\"noopener noreferrer\">Con esta receta participo en el Reto de \u00abChristmas Time\u00bb de la comunidad Cocineros del Mundo en G+ en el apartado de dulce<\/a><\/b><\/div>\n<div style=\"text-align: center;\">\u00a0\u00a0 <b style=\"color: black;\"><a class=\"ot-hashtag aaTEdf\" style=\"color: #262626; cursor: pointer; text-align: start; text-decoration: none; transition: color 0.218s;\" href=\"https:\/\/plus.google.com\/s\/%23RetoChristmasTimeCdM2016\" rel=\"nofollow\">#RetoChristmasTimeCdM2016<\/a><\/b><\/div>\n<div class=\"separator\" style=\"clear: both; text-align: center;\"><a style=\"margin-left: 1em; margin-right: 1em;\" href=\"https:\/\/4.bp.blogspot.com\/-FRkYevk2MYg\/WGaPgu9y8UI\/AAAAAAAAocA\/enZ9kp7K1cc9xgZYKTJ4iAl6rMKZLMjQQCEw\/s1600\/IMG_8796.JPG\"><img decoding=\"async\" loading=\"lazy\" src=\"https:\/\/elcalaixetdelaiaia.es\/wp-content\/uploads\/2016\/12\/IMG_8796-1.jpg\" width=\"640\" height=\"432\" border=\"0\" \/><\/a><\/div>\n<div><\/div>\n<div style=\"text-align: center;\">\u00a0Un delicioso bocado para cualquier celebraci\u00f3n y perfecto para terminar el a\u00f1o, tengo una amiga, a la que por circunstancias, hace a\u00f1os que no veo, ella es al\u00e9rgica al chocolate, s\u00f3lo puede comer de este, pues cuando hago alguna preparaci\u00f3n con chocolate blanco, me acuerdo mucho de ella y de sus ojos, color del mar&#8230;<\/div>\n<div><\/div>\n<div style=\"text-align: center;\">\n<div class=\"separator\" style=\"clear: both; text-align: center;\"><a style=\"margin-left: 1em; margin-right: 1em;\" href=\"https:\/\/1.bp.blogspot.com\/-UOBdecrQWtw\/WGdsE955RhI\/AAAAAAAAoc4\/iJwXH9ggGaMd624xG52KUQyISNkFhOuUwCEw\/s1600\/IMG_8823.PNG\"><img decoding=\"async\" loading=\"lazy\" src=\"https:\/\/elcalaixetdelaiaia.es\/wp-content\/uploads\/2016\/12\/IMG_8823-1.png\" width=\"640\" height=\"480\" border=\"0\" \/><\/a><\/div>\n<p>\u00a1Feliz 2017!<\/p>\n<\/div>\n<div class=\"separator\" style=\"clear: both; text-align: center;\"><a style=\"margin-left: 1em; margin-right: 1em;\" href=\"https:\/\/2.bp.blogspot.com\/-5FRWUfcR1eo\/WGaPnXbxP2I\/AAAAAAAAocA\/Q1ustRc1g7ETqzVJVuZGHN6LsNX1_FFegCEw\/s1600\/IMG_8809.PNG\"><img decoding=\"async\" loading=\"lazy\" src=\"https:\/\/elcalaixetdelaiaia.es\/wp-content\/uploads\/2016\/12\/IMG_8809-1.png\" width=\"640\" height=\"480\" border=\"0\" \/><\/a><\/div>\n<div style=\"text-align: center;\"><\/div>\n<div style=\"text-align: center;\">\u00bb A la taula i&#8230; BON PROFIT!!!\u00bb<\/div>\n<div>\n<div data-blogger-escaped-style=\"text-align: center;\">\n<p><span data-blogger-escaped-style=\"font-family: &quot;helvetica neue&quot; , &quot;arial&quot; , &quot;helvetica&quot; , sans-serif;\">Si os gusta mi receta, pod\u00e9is compartirla para que llegue a m\u00e1s gente.Espero vuestro comentarios que para mi son MUY importantes y recordad que tambi\u00e9n estoy en Facebook <a href=\"https:\/\/www.facebook.com\/El-calaixet-de-la-iaia-533062140099386\/\">https:\/\/www.facebook.com\/El-calaixet-de-la-iaia-533062140099386\/<\/a><\/span><\/p>\n<\/div>\n<\/div>\n","protected":false},"excerpt":{"rendered":"<p>\u00abRefrany;Per Cap d&#8217;Any, el d\u00eda s&#8217;allarga un pam\u00bb Por Noche vieja, el d\u00eda se alarga un palmo. Bueno, si no pasa nada, \u00e9sta ser\u00e1 la \u00faltima entrada que publique \u00e9ste a\u00f1o. En mi familia, \u00e9ste ha sido un a\u00f1o para olvidar, uno de los peores de nuestra vida. Espero y &hellip; <\/p>\n","protected":false},"author":2,"featured_media":2810,"comment_status":"open","ping_status":"open","sticky":false,"template":"","format":"standard","meta":[],"categories":[46,6,1],"tags":[],"_links":{"self":[{"href":"https:\/\/elcalaixetdelaiaia.es\/index.php?rest_route=\/wp\/v2\/posts\/145"}],"collection":[{"href":"https:\/\/elcalaixetdelaiaia.es\/index.php?rest_route=\/wp\/v2\/posts"}],"about":[{"href":"https:\/\/elcalaixetdelaiaia.es\/index.php?rest_route=\/wp\/v2\/types\/post"}],"author":[{"embeddable":true,"href":"https:\/\/elcalaixetdelaiaia.es\/index.php?rest_route=\/wp\/v2\/users\/2"}],"replies":[{"embeddable":true,"href":"https:\/\/elcalaixetdelaiaia.es\/index.php?rest_route=%2Fwp%2Fv2%2Fcomments&post=145"}],"version-history":[{"count":9,"href":"https:\/\/elcalaixetdelaiaia.es\/index.php?rest_route=\/wp\/v2\/posts\/145\/revisions"}],"predecessor-version":[{"id":26453,"href":"https:\/\/elcalaixetdelaiaia.es\/index.php?rest_route=\/wp\/v2\/posts\/145\/revisions\/26453"}],"wp:featuredmedia":[{"embeddable":true,"href":"https:\/\/elcalaixetdelaiaia.es\/index.php?rest_route=\/wp\/v2\/media\/2810"}],"wp:attachment":[{"href":"https:\/\/elcalaixetdelaiaia.es\/index.php?rest_route=%2Fwp%2Fv2%2Fmedia&parent=145"}],"wp:term":[{"taxonomy":"category","embeddable":true,"href":"https:\/\/elcalaixetdelaiaia.es\/index.php?rest_route=%2Fwp%2Fv2%2Fcategories&post=145"},{"taxonomy":"post_tag","embeddable":true,"href":"https:\/\/elcalaixetdelaiaia.es\/index.php?rest_route=%2Fwp%2Fv2%2Ftags&post=145"}],"curies":[{"name":"wp","href":"https:\/\/api.w.org\/{rel}","templated":true}]}}