{"id":139,"date":"2017-01-11T17:36:00","date_gmt":"2017-01-11T17:36:00","guid":{"rendered":"http:\/\/elcalaixetdelaiaia.es\/empanada-facil-de-manzana-paso-paso"},"modified":"2019-11-02T22:34:10","modified_gmt":"2019-11-02T22:34:10","slug":"empanada-facil-de-manzana-paso-paso","status":"publish","type":"post","link":"https:\/\/elcalaixetdelaiaia.es\/?p=139","title":{"rendered":"Empanada de manzana f\u00e1cil y r\u00e1pida paso a paso foto a foto"},"content":{"rendered":"<p>\u00abRefrany;<br \/>\nUna poma cada dia, de metge t&#8217;estalviaria\u00bb<br \/>\nUna manzana cada d\u00eda de m\u00e9dico te ahorrar\u00eda.<\/p>\n<div>\n<div class=\"separator\" style=\"clear: both; text-align: left;\">Me encantan las tartas de manzana cocinadas de todas las maneras, el problema es que no me gusta el sabor empalagoso de la mayor\u00eda de ellas, as\u00ed que como en casi todos \u00a0mis platos, experimento a\u00f1adiendo o desechando ingredientes hasta dar con el sabor adecuado a mi paladar y al de los de mi casa y mi mesa.<\/div>\n<div><\/div>\n<div class=\"separator\" style=\"clear: both; text-align: left;\"><\/div>\n<div class=\"separator\" style=\"clear: both; text-align: center;\"><a style=\"margin-left: 1em; margin-right: 1em;\" href=\"https:\/\/4.bp.blogspot.com\/-3VNMy0pKUA0\/WHZmubiJm-I\/AAAAAAAAohY\/r1SHgy5JfjwJIStWLmtPC6oSh-WZCdsTACEw\/s1600\/IMG_9226.PNG\"><img decoding=\"async\" loading=\"lazy\" src=\"https:\/\/elcalaixetdelaiaia.es\/wp-content\/uploads\/2017\/01\/IMG_9226.png\" width=\"640\" height=\"480\" border=\"0\" \/><\/a><\/div>\n<\/div>\n<div class=\"separator\" style=\"clear: both; text-align: left;\"><\/div>\n<div>\n<div><\/div>\n<div class=\"separator\" style=\"clear: both; text-align: left;\">Esta es una receta sencilla, f\u00e1cil, r\u00e1pida y exquisita, que cada vez que la hago y se inunda mi cocina con \u00e9se peculiar olor a manzana y canela ,vienen a mi cabeza recuerdos de infancia. De cuando nos sent\u00e1bamos mi<br \/>\nhermano y yo siendo muy peque\u00f1os, (muuucho antes de que nacieran los gemelos) en unos sillones de cuerdas trenzadas en color azul la suya y roja la m\u00eda, frente aquella primera tv en blanco y negro a ver los dibujos del Oso Yogui \u00a0y como se com\u00eda los pasteles de los visitantes al parque de Yellowstone o como Pixi y Dixie, esperaban a que la abuelita \u00a0sacara a enfriar su tarta de manzana a la repisa de la ventana de la cocina para sustraerla y zamp\u00e1rsela enterita, maravillosos recuerdos de infancia<\/div>\n<div class=\"separator\" style=\"clear: both; text-align: left;\">Os aseguro que cada vez que saco mis tartas a enfriar en la repisa de mi ventana&#8230;.sonr\u00edo felizmente.<\/div>\n<div><\/div>\n<div class=\"separator\" style=\"clear: both;\"><\/div>\n<div class=\"separator\" style=\"clear: both;\">Necesitaremos;<\/div>\n<div class=\"separator\" style=\"clear: both;\"><\/div>\n<div class=\"separator\" style=\"clear: both;\"><\/div>\n<div class=\"separator\" style=\"clear: both; text-align: center;\"><a style=\"margin-left: 1em; margin-right: 1em;\" href=\"https:\/\/1.bp.blogspot.com\/-k1Ojf2gSz04\/WHZmu-DjBJI\/AAAAAAAAohU\/VEq7iGZNaEwPv5ZkXEWTy6GFHSkC_aiwgCEw\/s1600\/IMG_9231.PNG\"><img decoding=\"async\" loading=\"lazy\" src=\"https:\/\/elcalaixetdelaiaia.es\/wp-content\/uploads\/2017\/01\/IMG_9231.png\" width=\"640\" height=\"392\" border=\"0\" \/><\/a><\/div>\n<ol>\n<li style=\"text-align: left;\">Dos l\u00e1minas de masa brisa o masa quebrada<\/li>\n<li style=\"text-align: left;\">Tres cucharadas tama\u00f1o postre de harina<\/li>\n<li style=\"text-align: left;\">150g de mantequilla<\/li>\n<li style=\"text-align: left;\">75 cl de agua<\/li>\n<li style=\"text-align: left;\">200 g de az\u00facar<\/li>\n<li style=\"text-align: left;\">6 manzanas reinetas maduras<\/li>\n<li style=\"text-align: left;\">Un huevo<\/li>\n<li style=\"text-align: left;\">Una pizca de canela molida<\/li>\n<li style=\"text-align: left;\">Ralladura de lim\u00f3n<\/li>\n<\/ol>\n<div class=\"separator\" style=\"clear: both; text-align: center;\"><a style=\"margin-left: 1em; margin-right: 1em;\" href=\"https:\/\/3.bp.blogspot.com\/-Oj_AM6M9QHE\/WHZofXGQkCI\/AAAAAAAAoho\/sM2U3ZtG_XUzCqUzdvhX-6MNma0B4kSPQCEw\/s1600\/IMG_9236%255B1%255D.PNG\"><img decoding=\"async\" loading=\"lazy\" src=\"https:\/\/elcalaixetdelaiaia.es\/wp-content\/uploads\/2017\/01\/IMG_92365B15D.png\" width=\"640\" height=\"480\" border=\"0\" \/><\/a><\/div>\n<div style=\"text-align: center;\"><\/div>\n<div style=\"text-align: center;\">\u00bfVeis estas manzanas tan feitas y arrugadas? pues son absolutamente deliciosas, unas manzanas reineta de la sierra de Albarrac\u00edn que aguantan en la cambra de casa meses, y de las que disfrutamos much\u00edsimo, en forma de compota, mermelada, asadas o a mordiscooooos mmm, riqu\u00edsimas.<\/div>\n<div style=\"text-align: left;\">Empezaremos pelando y troceando las manzanas en trozos peque\u00f1os, como para tortilla, pero m\u00e1s chhiquitas.<\/div>\n<div><\/div>\n<div style=\"text-align: center;\">\n<div class=\"separator\" style=\"clear: both; text-align: center;\"><a style=\"margin-left: 1em; margin-right: 1em;\" href=\"https:\/\/4.bp.blogspot.com\/-3BctBaiXDmo\/WHZlpYKJDlI\/AAAAAAAAohc\/TY71Ls94p2wJb7065q2apXHXcFQkHJkuQCEw\/s1600\/IMG_9218.PNG\"><img decoding=\"async\" loading=\"lazy\" src=\"https:\/\/elcalaixetdelaiaia.es\/wp-content\/uploads\/2017\/01\/IMG_9218-1.png\" width=\"640\" height=\"480\" border=\"0\" \/><\/a><\/div>\n<\/div>\n<div><\/div>\n<div style=\"text-align: left;\">En un cazo, ponemos la mantequilla y el az\u00facar al fuego suave, removemos a\u00f1adiendo la harina y las manzanas en trozos, la ralladura de medio lim\u00f3n previamente bien lavado, (solo la parte amarilla porque la blanca amarga) el agua, y una pizca de canela en polvo.<\/div>\n<div style=\"text-align: left;\"><\/div>\n<div class=\"separator\" style=\"clear: both; text-align: center;\"><a style=\"margin-left: 1em; margin-right: 1em;\" href=\"https:\/\/3.bp.blogspot.com\/-liRcENbPSbk\/WHZlyAxoJ3I\/AAAAAAAAohc\/WASnbd271Vk1PME8vI4aNUg0DB_P8MZSgCEw\/s1600\/IMG_9219.PNG\"><img decoding=\"async\" loading=\"lazy\" src=\"https:\/\/elcalaixetdelaiaia.es\/wp-content\/uploads\/2017\/01\/IMG_9219-1.png\" width=\"640\" height=\"480\" border=\"0\" \/><\/a><\/div>\n<div><\/div>\n<div style=\"text-align: center;\">Removemos siempre a fuego lento unos 10<br \/>\nminutos, hasta que el agua desaparezca y ya tenemos una compota.<br \/>\nReservamos.<\/div>\n<div style=\"text-align: center;\"><\/div>\n<div class=\"separator\" style=\"clear: both; text-align: center;\"><a style=\"margin-left: 1em; margin-right: 1em;\" href=\"https:\/\/2.bp.blogspot.com\/-EYDnZ-7SZx0\/WHZnuCKjXRI\/AAAAAAAAohw\/JLlTNxpi2ese9a7B_Ua5Abt4ig8NiPi1QCEw\/s1600\/IMG_9232.PNG\"><img decoding=\"async\" loading=\"lazy\" src=\"https:\/\/elcalaixetdelaiaia.es\/wp-content\/uploads\/2017\/01\/IMG_9232.png\" width=\"640\" height=\"390\" border=\"0\" \/><\/a><\/div>\n<div><\/div>\n<div style=\"text-align: center;\">Para hacer la empanada m\u00e1s f\u00e1cil y r\u00e1pido, he usado masa brisa o quebrada de la que venden ya preparada y en \u00e9ste caso congelada. La dejaremos descongelar en el frigo y sacaremos un ratito antes de cocinar para que se atempere, la abriremos y recortaremos en redondo si vuestro molde no es rectangular.<\/div>\n<div class=\"separator\" style=\"clear: both; text-align: center;\">En un molde bajo para tarta, aplicamos \u00a0papel sulfurizado (de hornear), ycolocamos encima una de las planchas de masa, volcamos sobre ella lacompota que hemos preparado y a\u00f1adiremos la otra plancha de masa,<br \/>\nsellaremos los bordes, moj\u00e1ndolos previamente con un poco de agua o huevo, con un palo de brocheta o similar, realizamos unos agujeros para que hagan dechimeneas, pincelamos con huevo batido. Y al horno precalentado a 180\u00ba unos 35 minutos. Controlad el tiempo seg\u00fan vuestro horno, ya sab\u00e9is que<br \/>\ncada horno funciona de una manera y necesita unos tiempos distintos as\u00ed que los que os doy, son s\u00f3lo orientativos.<\/div>\n<div class=\"separator\" style=\"clear: both; text-align: center;\"><\/div>\n<div class=\"separator\" style=\"clear: both; text-align: center;\"><a style=\"margin-left: 1em; margin-right: 1em;\" href=\"https:\/\/4.bp.blogspot.com\/-SGeNSyba9Mw\/WHZly16outI\/AAAAAAAAohc\/xKr3cdUGfUIfbAlTqbNh1nIqOTknd2iPgCEw\/s1600\/IMG_9220.PNG\"><img decoding=\"async\" loading=\"lazy\" src=\"https:\/\/elcalaixetdelaiaia.es\/wp-content\/uploads\/2017\/01\/IMG_9220.png\" width=\"640\" height=\"480\" border=\"0\" \/><\/a><\/div>\n<div class=\"separator\" style=\"clear: both; text-align: center;\"><\/div>\n<div class=\"separator\" style=\"clear: both; text-align: center;\">C\u00f3mo siempre os digo, aqu\u00ed no se tira nada. Si hab\u00e9is recortado las planchas de masa en forma redonda, con los restos haremos una bola, pasaremos el rodillo de amasar y con unm cortapastas o un vaso, aprovecharemos haciendo tantos c\u00edrculos como podamos, rellenaremos con un poco de compota, cerraremos sobre si mismos, sellaremos con un tenedor, pincelaremos con huevo y espolvoreamos con un pel\u00edn de az\u00facar, cuando la empanada lleve unos 15 minutos en el horno podremos introducir las mini empanaditas, que se har\u00e1n conjuntamente.<\/div>\n<div class=\"separator\" style=\"clear: both; text-align: center;\"><\/div>\n<div class=\"separator\" style=\"clear: both; text-align: center;\"><a style=\"margin-left: 1em; margin-right: 1em;\" href=\"https:\/\/3.bp.blogspot.com\/-FMmS3ffAhlc\/WHZl8eyaW8I\/AAAAAAAAohc\/EYCY4eaYWAYlAMt8DK3sffCYIK8vRoRBwCEw\/s1600\/IMG_9221.PNG\"><img decoding=\"async\" loading=\"lazy\" src=\"https:\/\/elcalaixetdelaiaia.es\/wp-content\/uploads\/2017\/01\/IMG_9221.png\" width=\"640\" height=\"480\" border=\"0\" \/><\/a><\/div>\n<div class=\"separator\" style=\"clear: both; text-align: center;\"><\/div>\n<div class=\"separator\" style=\"clear: both; text-align: center;\">Estar\u00e1 lista cuando ve\u00e1is la masa dorada. Sacaremos del horno<\/div>\n<div class=\"separator\" style=\"clear: both; text-align: center;\"><\/div>\n<div class=\"separator\" style=\"clear: both; text-align: center;\"><a style=\"margin-left: 1em; margin-right: 1em;\" href=\"https:\/\/2.bp.blogspot.com\/-kqfUx9NIe5M\/WHZmGoGk7rI\/AAAAAAAAohc\/fpB6zw1A7E8_6NzIaNYadIchwsxGEOTkwCEw\/s1600\/IMG_9222.PNG\"><img decoding=\"async\" loading=\"lazy\" src=\"https:\/\/elcalaixetdelaiaia.es\/wp-content\/uploads\/2017\/01\/IMG_9222.png\" width=\"640\" height=\"480\" border=\"0\" \/><\/a><\/div>\n<div class=\"separator\" style=\"clear: both; text-align: center;\"><\/div>\n<div class=\"separator\" style=\"clear: both; text-align: center;\">y dejaremos enfriar en la rejilla<\/div>\n<div class=\"separator\" style=\"clear: both; text-align: center;\"><\/div>\n<div class=\"separator\" style=\"clear: both; text-align: center;\"><a style=\"margin-left: 1em; margin-right: 1em;\" href=\"https:\/\/2.bp.blogspot.com\/-C5_6FdkD5eg\/WHZmXM31gWI\/AAAAAAAAohc\/9msbHKelk60XZh_UCj5sNBnMysqWYjExACEw\/s1600\/IMG_9223.PNG\"><img decoding=\"async\" loading=\"lazy\" src=\"https:\/\/elcalaixetdelaiaia.es\/wp-content\/uploads\/2017\/01\/IMG_9223.png\" width=\"640\" height=\"480\" border=\"0\" \/><\/a><\/div>\n<div class=\"separator\" style=\"clear: both; text-align: center;\"><\/div>\n<div class=\"separator\" style=\"clear: both; text-align: center;\">No vais a dejar ni las miguitas, est\u00e1 riqu\u00edsima.<\/div>\n<div class=\"separator\" style=\"clear: both; text-align: center;\"><\/div>\n<div class=\"separator\" style=\"clear: both; text-align: center;\"><a style=\"margin-left: 1em; margin-right: 1em;\" href=\"https:\/\/1.bp.blogspot.com\/-uG5AoU8PxtI\/WHZmc1CDIWI\/AAAAAAAAohc\/uCjtaLsSz3M9VxaruG6BfnPukacR9mF3wCEw\/s1600\/IMG_9224.PNG\"><img decoding=\"async\" loading=\"lazy\" src=\"https:\/\/elcalaixetdelaiaia.es\/wp-content\/uploads\/2017\/01\/IMG_9224.png\" width=\"640\" height=\"480\" border=\"0\" \/><\/a><\/div>\n<div><\/div>\n<div class=\"separator\" style=\"clear: both; text-align: center;\">Aqu\u00ed pod\u00e9is ver el interior<\/div>\n<div class=\"separator\" style=\"clear: both; text-align: center;\"><\/div>\n<div class=\"separator\" style=\"clear: both; text-align: center;\"><a style=\"margin-left: 1em; margin-right: 1em;\" href=\"https:\/\/4.bp.blogspot.com\/-0La2Tgc6jzk\/WHZmmrGejoI\/AAAAAAAAohc\/5bwcsB2GnFYfmfPcmd69qfja1uLcho6NgCEw\/s1600\/IMG_9225.PNG\"><img decoding=\"async\" loading=\"lazy\" src=\"https:\/\/elcalaixetdelaiaia.es\/wp-content\/uploads\/2017\/01\/IMG_9225.png\" width=\"640\" height=\"480\" border=\"0\" \/><\/a><\/div>\n<div class=\"separator\" style=\"clear: both; text-align: center;\"><\/div>\n<div class=\"separator\" style=\"clear: both; text-align: center;\">A nosotros nos gustatibia, supongo que de un d\u00eda a otro tambi\u00e9n estar\u00e1 muy rica&#8230;.pero no<br \/>\nlo se, porque en casa no llega al d\u00eda siguiente \ud83d\ude09<\/div>\n<div class=\"separator\" style=\"clear: both; text-align: center;\">\u00bb a la taula i&#8230;.BON PROFIT!!!\u00bb<\/div>\n<p>Si te gusta mi receta, puedes compartirla para que llegue a m\u00e1s gente. Espero tus comentarios y recuerda que tambi\u00e9n estoy en Facebook\u00a0<a href=\"https:\/\/www.facebook.com\/El-calaixet-de-la-iaia-533062140099386\/\">https:\/\/www.facebook.com\/El-calaixet-de-la-iaia-533062140099386\/<\/a><\/p>\n<\/div>\n","protected":false},"excerpt":{"rendered":"<p>\u00abRefrany; Una poma cada dia, de metge t&#8217;estalviaria\u00bb Una manzana cada d\u00eda de m\u00e9dico te ahorrar\u00eda. Me encantan las tartas de manzana cocinadas de todas las maneras, el problema es que no me gusta el sabor empalagoso de la mayor\u00eda de ellas, as\u00ed que como en casi todos \u00a0mis platos, &hellip; <\/p>\n","protected":false},"author":2,"featured_media":2806,"comment_status":"open","ping_status":"open","sticky":false,"template":"","format":"standard","meta":[],"categories":[6,1],"tags":[],"_links":{"self":[{"href":"https:\/\/elcalaixetdelaiaia.es\/index.php?rest_route=\/wp\/v2\/posts\/139"}],"collection":[{"href":"https:\/\/elcalaixetdelaiaia.es\/index.php?rest_route=\/wp\/v2\/posts"}],"about":[{"href":"https:\/\/elcalaixetdelaiaia.es\/index.php?rest_route=\/wp\/v2\/types\/post"}],"author":[{"embeddable":true,"href":"https:\/\/elcalaixetdelaiaia.es\/index.php?rest_route=\/wp\/v2\/users\/2"}],"replies":[{"embeddable":true,"href":"https:\/\/elcalaixetdelaiaia.es\/index.php?rest_route=%2Fwp%2Fv2%2Fcomments&post=139"}],"version-history":[{"count":5,"href":"https:\/\/elcalaixetdelaiaia.es\/index.php?rest_route=\/wp\/v2\/posts\/139\/revisions"}],"predecessor-version":[{"id":19702,"href":"https:\/\/elcalaixetdelaiaia.es\/index.php?rest_route=\/wp\/v2\/posts\/139\/revisions\/19702"}],"wp:featuredmedia":[{"embeddable":true,"href":"https:\/\/elcalaixetdelaiaia.es\/index.php?rest_route=\/wp\/v2\/media\/2806"}],"wp:attachment":[{"href":"https:\/\/elcalaixetdelaiaia.es\/index.php?rest_route=%2Fwp%2Fv2%2Fmedia&parent=139"}],"wp:term":[{"taxonomy":"category","embeddable":true,"href":"https:\/\/elcalaixetdelaiaia.es\/index.php?rest_route=%2Fwp%2Fv2%2Fcategories&post=139"},{"taxonomy":"post_tag","embeddable":true,"href":"https:\/\/elcalaixetdelaiaia.es\/index.php?rest_route=%2Fwp%2Fv2%2Ftags&post=139"}],"curies":[{"name":"wp","href":"https:\/\/api.w.org\/{rel}","templated":true}]}}