{"id":132,"date":"2017-01-15T17:38:00","date_gmt":"2017-01-15T17:38:00","guid":{"rendered":"http:\/\/elcalaixetdelaiaia.es\/pastelitos-de-compota-de-manzana-y"},"modified":"2026-04-20T18:22:16","modified_gmt":"2026-04-20T18:22:16","slug":"pastelitos-de-compota-de-manzana-y","status":"publish","type":"post","link":"https:\/\/elcalaixetdelaiaia.es\/?p=132","title":{"rendered":"Pastelitos de compota de manzana y hojaldre paso a paso foto a foto"},"content":{"rendered":"<p>\u00abRefrany; Les pomes, totes cauen al seu temps\u00bb. Las manzanas, todas caen a su tiempo.<\/p>\n<div style=\"text-align: center;\"><a style=\"margin-left: 1em; margin-right: 1em;\" href=\"https:\/\/2.bp.blogspot.com\/-VcW5JFVRB2Y\/WHustVd1AaI\/AAAAAAAAoms\/EcH_1Pwe5EA-Z3IF_MVITwi_oNJ6ouFawCEw\/s1600\/IMG_9398%2B%25282%2529.PNG\"><img decoding=\"async\" loading=\"lazy\" src=\"https:\/\/elcalaixetdelaiaia.es\/wp-content\/uploads\/2017\/01\/IMG_939828229.png\" width=\"640\" height=\"438\" border=\"0\" \/><\/a><\/div>\n<div style=\"text-align: center;\">Hoy para comer, he hecho una receta que llevaba hojaldre, pero me ha sobrado mas de media plancha, ya que lo he usado del que est\u00e1 comercializado. Como siempre os digo, aqu\u00ed no tiramos nada, y tengo en el frigo un taper con compota de manzana, as\u00ed que he preparado para la merienda unos pastelitos r\u00e1pidos.<\/div>\n<div style=\"text-align: center;\"><\/div>\n<div style=\"text-align: left;\">Necesitaremos;<\/div>\n<div class=\"separator\" style=\"clear: both; text-align: center;\"><a style=\"margin-left: 1em; margin-right: 1em;\" href=\"https:\/\/4.bp.blogspot.com\/-sskdxgCzX2I\/WHvDytz5YgI\/AAAAAAAAonw\/ge_Fmrui9VYEsWG4DSscjyHB_GsF0phgwCLcB\/s1600\/IMG_9227%2B%25282%2529.JPG\"><img decoding=\"async\" loading=\"lazy\" src=\"https:\/\/elcalaixetdelaiaia.es\/wp-content\/uploads\/2017\/01\/IMG_922728229.jpg\" width=\"640\" height=\"283\" border=\"0\" \/><\/a><\/div>\n<ol>\n<li style=\"text-align: left;\">Masa de hojaldre<\/li>\n<li style=\"text-align: left;\">Una cucharada tama\u00f1o postre de harina<\/li>\n<li style=\"text-align: left;\">75g de mantequilla<\/li>\n<li style=\"text-align: left;\">30 cl de agua<\/li>\n<li style=\"text-align: left;\">100 g de az\u00facar blanquilla<\/li>\n<li style=\"text-align: left;\">Una cucharada de az\u00facar moreno<\/li>\n<li style=\"text-align: left;\">Dos manzanas<\/li>\n<li style=\"text-align: left;\">Un huevo (no imprescindible)<\/li>\n<li style=\"text-align: left;\">Una pizca de canela molida<\/li>\n<li style=\"text-align: left;\">Ralladura de lim\u00f3n<\/li>\n<\/ol>\n<div class=\"separator\" style=\"clear: both; text-align: center;\"><a style=\"margin-left: 1em; margin-right: 1em;\" href=\"https:\/\/3.bp.blogspot.com\/-ElqSR4uJsoE\/WHuryxvLzFI\/AAAAAAAAomw\/nWenl4p4RSYS4quSGhtENd15WPrJIzAggCEw\/s1600\/IMG_9218.PNG\"><img decoding=\"async\" loading=\"lazy\" src=\"https:\/\/elcalaixetdelaiaia.es\/wp-content\/uploads\/2017\/01\/IMG_9218.png\" width=\"640\" height=\"480\" border=\"0\" \/><\/a><\/div>\n<div style=\"text-align: center;\"><\/div>\n<div style=\"text-align: center;\">Empezaremos pelando y troceando las manzanas en trozos peque\u00f1os, como para tortilla, pero m\u00e1s chiquitas. En un<br \/>\ncazo, ponemos la mantequilla y el az\u00facar al fuego suave, removemos<br \/>\na\u00f1adiendo la harina y las manzanas en trozos, la ralladura de medio<br \/>\nlim\u00f3n previamente bien lavado, (solo la parte amarilla porque la blanca amarga) el agua, y una pizca de canela en polvo.<\/div>\n<div class=\"separator\" style=\"clear: both; text-align: center;\"><a style=\"margin-left: 1em; margin-right: 1em;\" href=\"https:\/\/4.bp.blogspot.com\/-wbeXQtpeCgc\/WHur7mKjBPI\/AAAAAAAAomw\/pyoxWYp4tfABijf7gioB-EX20TeLUGb-ACEw\/s1600\/IMG_9219.PNG\"><img decoding=\"async\" loading=\"lazy\" src=\"https:\/\/elcalaixetdelaiaia.es\/wp-content\/uploads\/2017\/01\/IMG_9219.png\" width=\"640\" height=\"480\" border=\"0\" \/><\/a><\/div>\n<div style=\"text-align: center;\">\u00a0Removemos siempre a fuego lento unos 10<br \/>\nminutos, hasta que el agua desaparezca y ya tenemos una compota.<br \/>\nReservamos.<\/div>\n<div class=\"separator\" style=\"clear: both; text-align: center;\"><a style=\"margin-left: 1em; margin-right: 1em;\" href=\"https:\/\/1.bp.blogspot.com\/-acSTcw98ujA\/WHux0hO20GI\/AAAAAAAAonc\/qpGrlrDcpq0TIzTRPHDj7WAETF4aBWX_wCLcB\/s1600\/IMG_9391.PNG\"><img decoding=\"async\" loading=\"lazy\" src=\"https:\/\/elcalaixetdelaiaia.es\/wp-content\/uploads\/2017\/01\/IMG_9391.png\" width=\"640\" height=\"480\" border=\"0\" \/><\/a><\/div>\n<div style=\"text-align: center;\"><\/div>\n<div style=\"text-align: center;\">con un cortapastas o un vaso, cortaremos seis trozos de la plancha de hojaldre<\/div>\n<div class=\"separator\" style=\"clear: both; text-align: center;\"><a style=\"margin-left: 1em; margin-right: 1em;\" href=\"https:\/\/4.bp.blogspot.com\/-15nnlBBWOU0\/WHur2u8W-AI\/AAAAAAAAomw\/Ferd8ySxA9MqNCyiEibJpOpwgBZ5qLDNwCEw\/s1600\/IMG_9390.PNG\"><img decoding=\"async\" loading=\"lazy\" src=\"https:\/\/elcalaixetdelaiaia.es\/wp-content\/uploads\/2017\/01\/IMG_9390.png\" width=\"640\" height=\"480\" border=\"0\" \/><\/a><\/div>\n<div style=\"text-align: center;\">engrasaremos con un poco de mantequilla un molde de magdalenas, y pondremos los c\u00edrculos de masa de hojaldre, rellenaremos con la compota una vez fr\u00eda pero no demasiado<\/div>\n<div class=\"separator\" style=\"clear: both; text-align: center;\"><a style=\"margin-left: 1em; margin-right: 1em;\" href=\"https:\/\/4.bp.blogspot.com\/-t6WHh_z8TWk\/WHusFb7fy6I\/AAAAAAAAomw\/iPQBYnCWiq8hzQBmL7TsG-NkLTpG_76VACEw\/s1600\/IMG_9392.PNG\"><img decoding=\"async\" loading=\"lazy\" src=\"https:\/\/elcalaixetdelaiaia.es\/wp-content\/uploads\/2017\/01\/IMG_9392.png\" width=\"640\" height=\"480\" border=\"0\" \/><\/a><\/div>\n<div style=\"text-align: center;\">\u00a0cortaremos otros seis discos de hojaldre pero mucho mas peque\u00f1os<\/div>\n<div style=\"text-align: center;\"><\/div>\n<div class=\"separator\" style=\"clear: both; text-align: center;\"><a style=\"margin-left: 1em; margin-right: 1em;\" href=\"https:\/\/1.bp.blogspot.com\/-w3gK_5nEXtI\/WHusPSDmbYI\/AAAAAAAAomw\/FzAq9b_sv_wvcEEaKdWJvBJBrhqbLcL9wCEw\/s1600\/IMG_9393.PNG\"><img decoding=\"async\" loading=\"lazy\" src=\"https:\/\/elcalaixetdelaiaia.es\/wp-content\/uploads\/2017\/01\/IMG_9393.png\" width=\"640\" height=\"480\" border=\"0\" \/><\/a><\/div>\n<div style=\"text-align: center;\">y los usaremos como \u00abtapa\u00bb<\/div>\n<div class=\"separator\" style=\"clear: both; text-align: center;\"><a style=\"margin-left: 1em; margin-right: 1em;\" href=\"https:\/\/4.bp.blogspot.com\/-vRq24DKSVzw\/WHusVramuDI\/AAAAAAAAomc\/jkzbOndww4MROmbFyAIRrZeYaOK50wujACEw\/s1600\/IMG_9394.PNG\"><img decoding=\"async\" loading=\"lazy\" src=\"https:\/\/elcalaixetdelaiaia.es\/wp-content\/uploads\/2017\/01\/IMG_9394.png\" width=\"640\" height=\"480\" border=\"0\" \/><\/a><\/div>\n<div style=\"text-align: center;\">pincelamos con huevo batido, si sois al\u00e9rgicos, hay otras alternativas p<span data-subtree=\"aimfl,mfl\" data-processed=\"true\">ara pincelar hojaldre sin huevo, pod\u00e9is utilizar leche entera o vegetal para un dorado suave, o una mezcla de leche con az\u00facar para un dorado con mayor brillo<strong>. <\/strong><\/span>Otras alternativas eficaces incluyen aceite de oliva, o agua fr\u00eda con az\u00facar.<\/div>\n<div class=\"separator\" style=\"clear: both; text-align: center;\"><a style=\"margin-left: 1em; margin-right: 1em;\" href=\"https:\/\/3.bp.blogspot.com\/-vThFDbPmDgU\/WHusbJbvp6I\/AAAAAAAAomg\/v-qvuzfPf1cHidta0_5GH9nrq3gxDzNTQCEw\/s1600\/IMG_9395.PNG\"><img decoding=\"async\" loading=\"lazy\" src=\"https:\/\/elcalaixetdelaiaia.es\/wp-content\/uploads\/2017\/01\/IMG_9395.png\" width=\"640\" height=\"480\" border=\"0\" \/><\/a><\/div>\n<div style=\"text-align: center;\">y ayud\u00e1ndonos por ejemplo con una cucharilla de caf\u00e9, voltearemos la masa para ir coloc\u00e1ndola sobre la tapa y cerrando los pastelitos<\/div>\n<div class=\"separator\" style=\"clear: both; text-align: center;\"><a style=\"margin-left: 1em; margin-right: 1em;\" href=\"https:\/\/3.bp.blogspot.com\/-I53d6AE3xio\/WHusmJ-PQ0I\/AAAAAAAAomk\/DwDjfG9wVO4J33gjsPRgpraHFlS21nlpwCEw\/s1600\/IMG_9396.PNG\"><img decoding=\"async\" loading=\"lazy\" src=\"https:\/\/elcalaixetdelaiaia.es\/wp-content\/uploads\/2017\/01\/IMG_9396.png\" width=\"640\" height=\"480\" border=\"0\" \/><\/a><\/div>\n<div style=\"text-align: center;\">volveremos a pincelar con huevo<\/div>\n<div class=\"separator\" style=\"clear: both; text-align: center;\"><a style=\"margin-left: 1em; margin-right: 1em;\" href=\"https:\/\/4.bp.blogspot.com\/-7TZ_iHTXlH4\/WHuspJ88CPI\/AAAAAAAAomo\/uDz05GQ0_sIdyarUrj4_XDO0X3mf4WKngCEw\/s1600\/IMG_9397.PNG\"><img decoding=\"async\" loading=\"lazy\" src=\"https:\/\/elcalaixetdelaiaia.es\/wp-content\/uploads\/2017\/01\/IMG_9397.png\" width=\"640\" height=\"480\" border=\"0\" \/><\/a><\/div>\n<div style=\"text-align: center;\">espolvoreamos\u00a0 con az\u00facar moreno y hornearemos con el horno precalentado a 220\u00ba a media altura durante unos 12 minutos. Esto es en mi horno, pero cada horno necesita unos tiempos, as\u00ed que tener en cuenta que los que os doy son s\u00f3lo orientativos. Una vez horneados los dejaremos enfriar en la rejilla.<\/div>\n<div class=\"separator\" style=\"clear: both; text-align: center;\"><a style=\"margin-left: 1em; margin-right: 1em;\" href=\"https:\/\/3.bp.blogspot.com\/-3op8kvYukK0\/WHut31xI8ZI\/AAAAAAAAonE\/WpmAC3oxmQEWZbjRvG38YUEfc__Jw2DxgCLcB\/s1600\/IMG_9398.PNG\"><img decoding=\"async\" loading=\"lazy\" src=\"https:\/\/elcalaixetdelaiaia.es\/wp-content\/uploads\/2017\/01\/IMG_9398.png\" width=\"640\" height=\"480\" border=\"0\" \/><\/a><\/div>\n<div style=\"text-align: center;\">Desmoldaremos con cuidado<\/div>\n<div class=\"separator\" style=\"clear: both; text-align: center;\"><a style=\"margin-left: 1em; margin-right: 1em;\" href=\"https:\/\/1.bp.blogspot.com\/-Ejpxj6PXo6A\/WHut1QjLwWI\/AAAAAAAAom8\/0Eur8sZnoRAuXmF6A6PnWpyPVu-Md-QlACLcB\/s1600\/IMG_9399.PNG\"><img decoding=\"async\" loading=\"lazy\" src=\"https:\/\/elcalaixetdelaiaia.es\/wp-content\/uploads\/2017\/01\/IMG_9399.png\" width=\"640\" height=\"480\" border=\"0\" \/><\/a><\/div>\n<div style=\"text-align: center;\">y serviremos<\/div>\n<div class=\"separator\" style=\"clear: both; text-align: center;\"><a style=\"margin-left: 1em; margin-right: 1em;\" href=\"https:\/\/2.bp.blogspot.com\/-o8Ml3MJ9Vbc\/WHut1dSdDfI\/AAAAAAAAonA\/_B6EWE39gu8c7tjTBOa5hidAUmBQ2INMwCLcB\/s1600\/IMG_9400.PNG\"><img decoding=\"async\" loading=\"lazy\" src=\"https:\/\/elcalaixetdelaiaia.es\/wp-content\/uploads\/2017\/01\/IMG_9400.png\" width=\"640\" height=\"480\" border=\"0\" \/><\/a><\/div>\n<div style=\"text-align: center;\">a mi me gustan incluso tibioooooossss<\/div>\n<div class=\"separator\" style=\"clear: both; text-align: center;\"><a style=\"margin-left: 1em; margin-right: 1em;\" href=\"https:\/\/1.bp.blogspot.com\/-3d6aqa96hu8\/WHut9sXWQdI\/AAAAAAAAonM\/RRa8B_rruqAwvOS6PCHxTgevxZGQR1GMgCLcB\/s1600\/IMG_9401.PNG\"><img decoding=\"async\" loading=\"lazy\" src=\"https:\/\/elcalaixetdelaiaia.es\/wp-content\/uploads\/2017\/01\/IMG_9401.png\" width=\"640\" height=\"480\" border=\"0\" \/><\/a><\/div>\n<div style=\"text-align: center;\">A la taula i..BON PROFIT!!!\u00bb<\/div>\n<div style=\"text-align: center;\">Si te gusta mi receta, puedes compartirla para que llegue a m\u00e1s gente.<br \/>\nEspero tus comentarios y recuerda que tambi\u00e9n estoy en Facebook\u00a0<a href=\"https:\/\/www.facebook.com\/El-calaixet-de-la-iaia-533062140099386\/\">https:\/\/www.facebook.com\/El-calaixet-de-la-iaia-533062140099386\/<\/a><\/div>\n","protected":false},"excerpt":{"rendered":"<p>\u00abRefrany; Les pomes, totes cauen al seu temps\u00bb. Las manzanas, todas caen a su tiempo. Hoy para comer, he hecho una receta que llevaba hojaldre, pero me ha sobrado mas de media plancha, ya que lo he usado del que est\u00e1 comercializado. Como siempre os digo, aqu\u00ed no tiramos nada, &hellip; <\/p>\n","protected":false},"author":2,"featured_media":2802,"comment_status":"open","ping_status":"open","sticky":false,"template":"","format":"standard","meta":[],"categories":[6,1],"tags":[],"_links":{"self":[{"href":"https:\/\/elcalaixetdelaiaia.es\/index.php?rest_route=\/wp\/v2\/posts\/132"}],"collection":[{"href":"https:\/\/elcalaixetdelaiaia.es\/index.php?rest_route=\/wp\/v2\/posts"}],"about":[{"href":"https:\/\/elcalaixetdelaiaia.es\/index.php?rest_route=\/wp\/v2\/types\/post"}],"author":[{"embeddable":true,"href":"https:\/\/elcalaixetdelaiaia.es\/index.php?rest_route=\/wp\/v2\/users\/2"}],"replies":[{"embeddable":true,"href":"https:\/\/elcalaixetdelaiaia.es\/index.php?rest_route=%2Fwp%2Fv2%2Fcomments&post=132"}],"version-history":[{"count":4,"href":"https:\/\/elcalaixetdelaiaia.es\/index.php?rest_route=\/wp\/v2\/posts\/132\/revisions"}],"predecessor-version":[{"id":29644,"href":"https:\/\/elcalaixetdelaiaia.es\/index.php?rest_route=\/wp\/v2\/posts\/132\/revisions\/29644"}],"wp:featuredmedia":[{"embeddable":true,"href":"https:\/\/elcalaixetdelaiaia.es\/index.php?rest_route=\/wp\/v2\/media\/2802"}],"wp:attachment":[{"href":"https:\/\/elcalaixetdelaiaia.es\/index.php?rest_route=%2Fwp%2Fv2%2Fmedia&parent=132"}],"wp:term":[{"taxonomy":"category","embeddable":true,"href":"https:\/\/elcalaixetdelaiaia.es\/index.php?rest_route=%2Fwp%2Fv2%2Fcategories&post=132"},{"taxonomy":"post_tag","embeddable":true,"href":"https:\/\/elcalaixetdelaiaia.es\/index.php?rest_route=%2Fwp%2Fv2%2Ftags&post=132"}],"curies":[{"name":"wp","href":"https:\/\/api.w.org\/{rel}","templated":true}]}}