{"id":13,"date":"2017-11-28T12:22:00","date_gmt":"2017-11-28T12:22:00","guid":{"rendered":"http:\/\/elcalaixetdelaiaia.es\/tarta-irene-de-ballet-paso-paso-foto"},"modified":"2024-05-13T17:11:57","modified_gmt":"2024-05-13T17:11:57","slug":"tarta-irene-de-ballet-paso-paso-foto","status":"publish","type":"post","link":"https:\/\/elcalaixetdelaiaia.es\/?p=13","title":{"rendered":"Tarta Irene de ballet paso a paso foto a foto"},"content":{"rendered":"<p>\u00abRefrany; Am bones ganes de ballar, poca m\u00fasica \u00e9s menester\u00bb Con buenas ganas de bailar, poca m\u00fasica es menester.<\/p>\n<p>Pues \u00e9so le pasa a mi sobri peque\u00f1a, mi ni\u00f1ita preciosa, mi dulce Irene, a quien encanta el ballet y va a clases desde muy chiquitina.<br \/>\nPara mi es una gozada verla actuar sobre el escenario&#8230; se me pone una cara de tonta, con una sonrisa de oreja a oreja, de principio a fin, con el vello de punta disfrutando de la m\u00fasica y el espect\u00e1culo, vamos, que me cae la baba vi\u00e9ndola bailar, y os aseguro que no es para menos.\u00a0 <a style=\"margin-left: 1em; margin-right: 1em;\" href=\"https:\/\/1.bp.blogspot.com\/-SqQLF0YW9gY\/WhtHNK8-CcI\/AAAAAAAAqBM\/l_5f784ssTI6OHDUSbFSJdsVSmTJFMqMwCEwYBhgL\/s1600\/IMG_3582.PNG\"><img decoding=\"async\" loading=\"lazy\" src=\"https:\/\/elcalaixetdelaiaia.es\/wp-content\/uploads\/2017\/11\/IMG_3582.png\" width=\"640\" height=\"480\" border=\"0\" data-original-height=\"1200\" data-original-width=\"1600\" \/><\/a><\/p>\n<p>Para su cumple, (que casi coincide con el de su prima por cuatro d\u00edas, es sorprendente, las coincidencias que hay en mi familia con los nacimientos) he querido hacerle una tarta especial y he pensado que la tem\u00e1tica \u00e9sta vez ser\u00eda su pasi\u00f3n&#8230; el ballet.<br \/>\nAs\u00ed que manos a la obra, porque se me juntan dos tartas y \u00e1mbas son con destinatarias especiales y ya os cont\u00e9 en la tarta de basket, mis limitaciones de espacio en casa.<\/p>\n<p>Necesitaremos;<\/p>\n<p>Para el bizcocho;<\/p>\n<div class=\"separator\" style=\"clear: both; text-align: center;\"><a style=\"margin-left: 1em; margin-right: 1em;\" href=\"https:\/\/4.bp.blogspot.com\/-9nGgwKdd-dw\/Wh1Q0_EUJyI\/AAAAAAAAqCI\/LS8rSNb7kSAurQ4m7C75VWGLPY5Q5opdQCLcBGAs\/s1600\/IMG_1921.PNG\"><img decoding=\"async\" loading=\"lazy\" src=\"https:\/\/elcalaixetdelaiaia.es\/wp-content\/uploads\/2017\/11\/IMG_1921.png\" width=\"640\" height=\"478\" border=\"0\" data-original-height=\"1200\" data-original-width=\"1600\" \/><\/a><\/div>\n<div class=\"separator\" style=\"clear: both; text-align: center;\"><a style=\"margin-left: 1em; margin-right: 1em;\" href=\"https:\/\/2.bp.blogspot.com\/-QWEvYiJwvzI\/Wh1Q0N7IwWI\/AAAAAAAAqCA\/Ap1rxZLLVFwAsV1QNLywGD0rvqsVJylHgCLcBGAs\/s1600\/IMG_1924.PNG\"><img decoding=\"async\" loading=\"lazy\" src=\"https:\/\/elcalaixetdelaiaia.es\/wp-content\/uploads\/2017\/11\/IMG_1924.png\" width=\"640\" height=\"478\" border=\"0\" data-original-height=\"1200\" data-original-width=\"1600\" \/><\/a><\/div>\n<ol>\n<li>260g de harina de reposter\u00eda<\/li>\n<li>40g de cacao en polvo sin az\u00facar Valor<\/li>\n<li>4 huevos XL a temperatura ambiente<\/li>\n<li>200g de mantequilla a temperatura ambiente<\/li>\n<li>200g de az\u00facar blanquilla<\/li>\n<li>Una pizca de sal<\/li>\n<li>Un sobre de levadura en polvo (16g)<\/li>\n<li>100g de az\u00facar blanquilla<\/li>\n<li>400g de crema de leche o nata de montar<\/li>\n<li>300g de fresones<\/li>\n<li>6 hojas de gelatina<\/li>\n<li>250g de Mascarpone<\/li>\n<\/ol>\n<p>Para la decoraci\u00f3n;<\/p>\n<div class=\"separator\" style=\"clear: both; text-align: center;\"><a style=\"margin-left: 1em; margin-right: 1em;\" href=\"https:\/\/3.bp.blogspot.com\/-eUcjoMCeuPs\/WhtGuRRhNRI\/AAAAAAAAp_w\/oHg6bxdSxDYJEWZqKN4PRNqCkgWEzzZmgCEwYBhgL\/s1600\/IMG_3322.PNG\"><img decoding=\"async\" loading=\"lazy\" src=\"https:\/\/elcalaixetdelaiaia.es\/wp-content\/uploads\/2017\/11\/IMG_3322.png\" width=\"640\" height=\"480\" border=\"0\" data-original-height=\"1200\" data-original-width=\"1600\" \/><\/a><\/div>\n<ol>\n<li>Fondant blanco y tonos rosas<\/li>\n<li>Leche condensada<\/li>\n<li>Az\u00facar glas<\/li>\n<li>Caramelos de perlas<\/li>\n<li>Moldes de distintos cortes<\/li>\n<li>Esponja grano fino<\/li>\n<li>Esponja grano grueso<\/li>\n<li>Estecas<\/li>\n<li>CMC o secante de fondant<\/li>\n<li>Tul blanco<\/li>\n<li>Dos bandejas de cart\u00f3n plata<\/li>\n<li>Aguja, dedal, hilo<\/li>\n<li>Colorante amarillo<\/li>\n<li>Pegamento en barra<\/li>\n<li>Blonda plateada y blanca<\/li>\n<\/ol>\n<p>Pod\u00e9is poner cualquier bizcocho resistente y rellenarlo a vuestro gusto, y ya que \u00e9sta receta tambi\u00e9n tiene much\u00edsimas fotos, para que no os resulte pesado, si decid\u00eds hacerla con el mismo bizcocho de chocolate con corazones interiores de mousse de fresa, que he usado en \u00e9sta tarta y en la de mi nieta (que es su sobrina y que s\u00f3lo se lleva veintitantos dias m\u00e1s con su t\u00eda jajaja, con raz\u00f3n mis amigos dicen, que mi familia parecemos los Iglesias, pero sin divorcios ni segundos matrimonios ) podr\u00e9is ver el paso a paso del mismo aqu\u00ed; <a href=\"https:\/\/elcalaixetdelaiaia.es\/?p=92\">https:\/\/elcalaixetdelaiaia.es\/?p=92<\/a><br \/>\nDe lo contrario, como os digo pod\u00e9is hacerla con cualquier bizcocho consistente que aguante el fondant y vuestro relleno favorito.<\/p>\n<div class=\"separator\" style=\"clear: both; text-align: center;\"><a style=\"margin-left: 1em; margin-right: 1em;\" href=\"https:\/\/4.bp.blogspot.com\/-SFNwfQpSIUE\/WhtGj6fcBgI\/AAAAAAAAp_w\/5vNAp0z5jksmN8VdqacYybnx_egh1WJpgCEwYBhgL\/s1600\/IMG_3314.PNG\"><img decoding=\"async\" loading=\"lazy\" src=\"https:\/\/elcalaixetdelaiaia.es\/wp-content\/uploads\/2017\/11\/IMG_3314.png\" width=\"640\" height=\"480\" border=\"0\" data-original-height=\"1200\" data-original-width=\"1600\" \/><\/a><\/div>\n<div><\/div>\n<div style=\"text-align: center;\">Comenzaremos por lo m\u00e1s laborioso que son los adornos,\u00a0 voy a hacer unas zapatillas de ballet&#8230; o \u00e9so pretendo jajajaja, en mis tartas el ingrediente principal es el cari\u00f1o, acompa\u00f1ado de la ilusi\u00f3n, pero yo no me dedico a \u00e9sto profesionalmente, no tengo los materiales, herramientas, accesorios ni local adecuado, y os pido disculp\u00e9is que mi trabajo no sea perfecto \ud83d\ude09 me gusta hacer las tartas personalizadas y plasmar lo que hay en mi cabeza pero a veces&#8230; no sale como espero, encima, no tengo nada de espacio, en mi cocina, no cabemos dos personas, apenas tengo un trocit\u00edn de bancada, y he de trasladarme a la mesa del comedor, y trabajar all\u00ed, mi pisito no llega ni a\u00a0 60m2&#8230;<\/div>\n<div><\/div>\n<div class=\"separator\" style=\"clear: both; text-align: center;\"><a style=\"margin-left: 1em; margin-right: 1em;\" href=\"https:\/\/1.bp.blogspot.com\/-_ZpxAFfMUR8\/WhtGiwaaIcI\/AAAAAAAAp_w\/6yscs_fHJ4EXeUr90gZqNuGSqsdIwMC9wCEwYBhgL\/s1600\/IMG_3315.PNG\"><img decoding=\"async\" loading=\"lazy\" src=\"https:\/\/elcalaixetdelaiaia.es\/wp-content\/uploads\/2017\/11\/IMG_3315.png\" width=\"640\" height=\"480\" border=\"0\" data-original-height=\"1200\" data-original-width=\"1600\" \/><\/a><\/div>\n<div style=\"text-align: center;\">Una vez mezclado el endurecedor de CMC con el fondant, trabajaremos con el rodillo y colocaremos encima unas plantillas que he sacado de unos patrones de zapatitos confeccionados en tela, y que me servir\u00e1n de molde<\/div>\n<div class=\"separator\" style=\"clear: both; text-align: center;\"><a style=\"margin-left: 1em; margin-right: 1em;\" href=\"https:\/\/4.bp.blogspot.com\/-z8Arhkc5PKg\/WhtGl8SPuAI\/AAAAAAAAp_w\/Ytx00tA5PQ8tVL1tIcbj_up5UZ_DCPCHwCEwYBhgL\/s1600\/IMG_3316.PNG\"><img decoding=\"async\" loading=\"lazy\" src=\"https:\/\/elcalaixetdelaiaia.es\/wp-content\/uploads\/2017\/11\/IMG_3316.png\" width=\"640\" height=\"480\" border=\"0\" data-original-height=\"1200\" data-original-width=\"1600\" \/><\/a><\/div>\n<div style=\"text-align: center;\">recortaremos la plantilla y la parte superior de las zapatillas<\/div>\n<div class=\"separator\" style=\"clear: both; text-align: center;\"><a style=\"margin-left: 1em; margin-right: 1em;\" href=\"https:\/\/1.bp.blogspot.com\/-hCM3ZaP8AqA\/WhtGmqqx28I\/AAAAAAAAp_w\/ZHqtL1-0tg0GvoAS9ctwlCQk8qI6_shoQCEwYBhgL\/s1600\/IMG_3317.PNG\"><img decoding=\"async\" loading=\"lazy\" src=\"https:\/\/elcalaixetdelaiaia.es\/wp-content\/uploads\/2017\/11\/IMG_3317.png\" width=\"640\" height=\"480\" border=\"0\" data-original-height=\"1200\" data-original-width=\"1600\" \/><\/a><\/div>\n<div style=\"text-align: center;\">para pegar las distintas partes, podemos usar clara de huevo, agua, leche condensada o m\u00e1s eficazmente pegamento especial de fondant<\/div>\n<div class=\"separator\" style=\"clear: both; text-align: center;\"><a style=\"margin-left: 1em; margin-right: 1em;\" href=\"https:\/\/4.bp.blogspot.com\/-jjeuRksGVPo\/WhtGogspsjI\/AAAAAAAAp_w\/GQh536cotXMo38WRPUnoQpWmrOD8ZPrYwCEwYBhgL\/s1600\/IMG_3318.PNG\"><img decoding=\"async\" loading=\"lazy\" src=\"https:\/\/elcalaixetdelaiaia.es\/wp-content\/uploads\/2017\/11\/IMG_3318.png\" width=\"640\" height=\"480\" border=\"0\" data-original-height=\"1200\" data-original-width=\"1600\" \/><\/a><\/div>\n<div style=\"text-align: center;\">daremos forma a la zapatilla<\/div>\n<div class=\"separator\" style=\"clear: both; text-align: center;\"><a style=\"margin-left: 1em; margin-right: 1em;\" href=\"https:\/\/2.bp.blogspot.com\/-AIpSTnfmWj0\/WhtGpsGaVbI\/AAAAAAAAp_w\/fBC_j1GH1toVW478ZFxSIgySxdgQIMMrgCEwYBhgL\/s1600\/IMG_3319.PNG\"><img decoding=\"async\" loading=\"lazy\" src=\"https:\/\/elcalaixetdelaiaia.es\/wp-content\/uploads\/2017\/11\/IMG_3319.png\" width=\"640\" height=\"480\" border=\"0\" data-original-height=\"1200\" data-original-width=\"1600\" \/><\/a><\/div>\n<div style=\"text-align: center;\">y dejaremos que endurezca un poco para seguir trabaj\u00e1ndola. Rellenaremos con papel de cocina para que se mantenga hueca y no se hunda, mientras se seca el pegamento utilizado<\/div>\n<div class=\"separator\" style=\"clear: both; text-align: center;\"><a style=\"margin-left: 1em; margin-right: 1em;\" href=\"https:\/\/2.bp.blogspot.com\/-f6AejohuCR8\/WhtGrR1Q4wI\/AAAAAAAAp_w\/R2EePui6_z4xakXi6ZcgbR0qczFvVd8FgCEwYBhgL\/s1600\/IMG_3320.PNG\"><img decoding=\"async\" loading=\"lazy\" src=\"https:\/\/elcalaixetdelaiaia.es\/wp-content\/uploads\/2017\/11\/IMG_3320.png\" width=\"640\" height=\"480\" border=\"0\" data-original-height=\"1200\" data-original-width=\"1600\" \/><\/a><\/div>\n<div style=\"text-align: center;\">prepararemos unos espaguettis de fondant<\/div>\n<div class=\"separator\" style=\"clear: both; text-align: center;\"><a style=\"margin-left: 1em; margin-right: 1em;\" href=\"https:\/\/4.bp.blogspot.com\/-TyMFSbf82Yw\/WhtGsQkebpI\/AAAAAAAAp_w\/NygyqL5RybspaHsP-7ReHYPreB1mT5c6wCEwYBhgL\/s1600\/IMG_3321.PNG\"><img decoding=\"async\" loading=\"lazy\" src=\"https:\/\/elcalaixetdelaiaia.es\/wp-content\/uploads\/2017\/11\/IMG_3321.png\" width=\"640\" height=\"480\" border=\"0\" data-original-height=\"1200\" data-original-width=\"1600\" \/><\/a><\/div>\n<div style=\"text-align: center;\">y con ellos haremos unos lacitos para las bailarinas, el resto lo aplanaremos y har\u00e1n el papel de las cintas para atarlas a las piernas, las pegaremos y dejaremos secar<\/div>\n<div class=\"separator\" style=\"clear: both; text-align: center;\"><a style=\"margin-left: 1em; margin-right: 1em;\" href=\"https:\/\/2.bp.blogspot.com\/-hO5SmnnkUtY\/WhtGuI3DlOI\/AAAAAAAAp_w\/tEAmUGrGODcY391TFENy00fLhBEfEQXmwCEwYBhgL\/s1600\/IMG_3323.PNG\"><img decoding=\"async\" loading=\"lazy\" src=\"https:\/\/elcalaixetdelaiaia.es\/wp-content\/uploads\/2017\/11\/IMG_3323.png\" width=\"640\" height=\"480\" border=\"0\" data-original-height=\"1200\" data-original-width=\"1600\" \/><\/a><\/div>\n<div style=\"text-align: center;\">Con moldes y fondant en tono m\u00e1s claro iremos cortando hojas de distintos tama\u00f1os<\/div>\n<div class=\"separator\" style=\"clear: both; text-align: center;\"><a style=\"margin-left: 1em; margin-right: 1em;\" href=\"https:\/\/3.bp.blogspot.com\/-G5iysRZIRrM\/WhtGyMKFg6I\/AAAAAAAAp_w\/ghhZHT635nwUfGp-UULBQ53OGoPszykwACEwYBhgL\/s1600\/IMG_3325.PNG\"><img decoding=\"async\" loading=\"lazy\" src=\"https:\/\/elcalaixetdelaiaia.es\/wp-content\/uploads\/2017\/11\/IMG_3325.png\" width=\"640\" height=\"480\" border=\"0\" data-original-height=\"1200\" data-original-width=\"1600\" \/><\/a><\/div>\n<div style=\"text-align: center;\">trabajaremos primero sobre la esponja fina y una esteca de bola gorda<\/div>\n<div class=\"separator\" style=\"clear: both; text-align: center;\"><a style=\"margin-left: 1em; margin-right: 1em;\" href=\"https:\/\/2.bp.blogspot.com\/-fWYrdOFQkik\/WhtGy5R5S2I\/AAAAAAAAp_w\/gMyyuWxquGACkfoG1LJ_FEWb4wnRkacQwCEwYBhgL\/s1600\/IMG_3326.PNG\"><img decoding=\"async\" loading=\"lazy\" src=\"https:\/\/elcalaixetdelaiaia.es\/wp-content\/uploads\/2017\/11\/IMG_3326.png\" width=\"640\" height=\"480\" border=\"0\" data-original-height=\"1200\" data-original-width=\"1600\" \/><\/a><\/div>\n<div style=\"text-align: center;\">para evitar que se nos pegue el fondant, podemos usar az\u00facar glas o Maizena<\/div>\n<div class=\"separator\" style=\"clear: both; text-align: center;\"><a style=\"margin-left: 1em; margin-right: 1em;\" href=\"https:\/\/4.bp.blogspot.com\/-sPkPQVCVSms\/WhtG0H4HYVI\/AAAAAAAAp_w\/hIH69OZ2qlcw2VQ5BwH1hE2ekBNpbqW2wCEwYBhgL\/s1600\/IMG_3327.PNG\"><img decoding=\"async\" loading=\"lazy\" src=\"https:\/\/elcalaixetdelaiaia.es\/wp-content\/uploads\/2017\/11\/IMG_3327.png\" width=\"640\" height=\"480\" border=\"0\" data-original-height=\"1200\" data-original-width=\"1600\" \/><\/a><\/div>\n<div style=\"text-align: center;\">sobre la esponja gruesa y con cuidado seguiremos trabajando la hoja con la esteca de bola gruesa<\/div>\n<div class=\"separator\" style=\"clear: both; text-align: center;\"><a style=\"margin-left: 1em; margin-right: 1em;\" href=\"https:\/\/2.bp.blogspot.com\/-QQUsug_a100\/WhtG1LzMfcI\/AAAAAAAAp_w\/6QKOB9B1ebYZzGSJqVUoYwxrBI1ekkvkACEwYBhgL\/s1600\/IMG_3328.PNG\"><img decoding=\"async\" loading=\"lazy\" src=\"https:\/\/elcalaixetdelaiaia.es\/wp-content\/uploads\/2017\/11\/IMG_3328.png\" width=\"640\" height=\"480\" border=\"0\" data-original-height=\"1200\" data-original-width=\"1600\" \/><\/a><\/div>\n<div style=\"text-align: center;\">\u00e9sto lo haremos en todas las hojas<\/div>\n<div class=\"separator\" style=\"clear: both; text-align: center;\"><a style=\"margin-left: 1em; margin-right: 1em;\" href=\"https:\/\/1.bp.blogspot.com\/-yx_-qSrGryw\/WhtG2E22QLI\/AAAAAAAAp_w\/QYUVn_mCki0ibdqZYHn4IB-LXsRSAiSpgCEwYBhgL\/s1600\/IMG_3329.PNG\"><img decoding=\"async\" loading=\"lazy\" src=\"https:\/\/elcalaixetdelaiaia.es\/wp-content\/uploads\/2017\/11\/IMG_3329.png\" width=\"640\" height=\"480\" border=\"0\" data-original-height=\"1200\" data-original-width=\"1600\" \/><\/a><\/div>\n<div style=\"text-align: center;\">cortaremos hojas en otros tonos mas fuertes, porque pretendemos hacer distintas flores y de distintos tama\u00f1os.<\/div>\n<div class=\"separator\" style=\"clear: both; text-align: center;\"><a style=\"margin-left: 1em; margin-right: 1em;\" href=\"https:\/\/3.bp.blogspot.com\/-jReKnPbC5rk\/WhtG4BPBcSI\/AAAAAAAAp_w\/ck1W9ZGX7qQmGg-NmfcIfxX2-r7FffQagCEwYBhgL\/s1600\/IMG_3331.PNG\"><img decoding=\"async\" loading=\"lazy\" src=\"https:\/\/elcalaixetdelaiaia.es\/wp-content\/uploads\/2017\/11\/IMG_3331.png\" width=\"640\" height=\"480\" border=\"0\" data-original-height=\"1200\" data-original-width=\"1600\" \/><\/a><\/div>\n<div style=\"text-align: center;\">T\u00e9\u00f1iremos un poco de fondant blanco con amarillo para hacer el centro de la margarita, dejaremos las hojas secar un poco en cuencos para darles forma<\/div>\n<p><a style=\"margin-left: 1em; margin-right: 1em;\" href=\"https:\/\/3.bp.blogspot.com\/-FRvh4POHuOw\/WhtG2n7x8KI\/AAAAAAAAp_w\/noh9ZgfcvkEuB96ZP_M92xw3hrz38YJSACEwYBhgL\/s1600\/IMG_3330.PNG\"><img decoding=\"async\" loading=\"lazy\" src=\"https:\/\/elcalaixetdelaiaia.es\/wp-content\/uploads\/2017\/11\/IMG_3330.png\" width=\"640\" height=\"480\" border=\"0\" data-original-height=\"1200\" data-original-width=\"1600\" \/><\/a><\/p>\n<div style=\"text-align: center;\">y seguiremos colocando en las zapatillas unas etiquetas con el nombre de nuestra homenajeada. A continuaci\u00f3n colocaremos en el borde de las zapatillas un spaguetti de fondant<\/div>\n<div class=\"separator\" style=\"clear: both; text-align: center;\"><a style=\"margin-left: 1em; margin-right: 1em;\" href=\"https:\/\/2.bp.blogspot.com\/-Rv3rxOMbXXA\/WhtG5HceKuI\/AAAAAAAAp_w\/3OpWqmqwtVEl3o4xPZp6wkBoLx-PydcrACEwYBhgL\/s1600\/IMG_3332.PNG\"><img decoding=\"async\" loading=\"lazy\" src=\"https:\/\/elcalaixetdelaiaia.es\/wp-content\/uploads\/2017\/11\/IMG_3332.png\" width=\"640\" height=\"480\" border=\"0\" data-original-height=\"1200\" data-original-width=\"1600\" \/><\/a><\/div>\n<div style=\"text-align: center;\">Para la base, he pensado hacer un tut\u00fa, para ello frunciremos un trozo de tul<\/div>\n<div class=\"separator\" style=\"clear: both; text-align: center;\"><a style=\"margin-left: 1em; margin-right: 1em;\" href=\"https:\/\/2.bp.blogspot.com\/-wsmCA6FMlOg\/WhtG6Oq-HtI\/AAAAAAAAp_w\/9lWCdLWHeh43y8o4eqT0dqypgKq6S-zBQCEwYBhgL\/s1600\/IMG_3333.PNG\"><img decoding=\"async\" loading=\"lazy\" src=\"https:\/\/elcalaixetdelaiaia.es\/wp-content\/uploads\/2017\/11\/IMG_3333.png\" width=\"640\" height=\"480\" border=\"0\" data-original-height=\"1200\" data-original-width=\"1600\" \/><\/a><\/div>\n<div style=\"text-align: center;\">lo cerraremos<\/div>\n<div class=\"separator\" style=\"clear: both; text-align: center;\"><a style=\"margin-left: 1em; margin-right: 1em;\" href=\"https:\/\/4.bp.blogspot.com\/-pVlFu5pL-ng\/WhtG7dHShXI\/AAAAAAAAp_w\/LVtxnnl-HmADmlMPqB0lsydBqZM-94wzwCEwYBhgL\/s1600\/IMG_3334.PNG\"><img decoding=\"async\" loading=\"lazy\" src=\"https:\/\/elcalaixetdelaiaia.es\/wp-content\/uploads\/2017\/11\/IMG_3334.png\" width=\"640\" height=\"480\" border=\"0\" data-original-height=\"1200\" data-original-width=\"1600\" \/><\/a><\/div>\n<div style=\"text-align: center;\">y pegaremos sobre la parte posterior de una bandeja base de cart\u00f3n<\/div>\n<div class=\"separator\" style=\"clear: both; text-align: center;\"><a style=\"margin-left: 1em; margin-right: 1em;\" href=\"https:\/\/3.bp.blogspot.com\/-4ZHhl9IUslE\/WhtG8FnWzoI\/AAAAAAAAp_w\/_lX24gV7leEjZOlJ4V3_JQULwPSLc89TwCEwYBhgL\/s1600\/IMG_3335.PNG\"><img decoding=\"async\" loading=\"lazy\" src=\"https:\/\/elcalaixetdelaiaia.es\/wp-content\/uploads\/2017\/11\/IMG_3335.png\" width=\"640\" height=\"480\" border=\"0\" data-original-height=\"1200\" data-original-width=\"1600\" \/><\/a><\/div>\n<div style=\"text-align: center;\">y pegaremos otra encima formando un sandwich con las dos bases y el tul, de\u00a0 manera que sobresalga solo el tul entre las dos bandejas<\/div>\n<div class=\"separator\" style=\"clear: both; text-align: center;\"><a style=\"margin-left: 1em; margin-right: 1em;\" href=\"https:\/\/1.bp.blogspot.com\/-TWq4K47IO78\/WhtG82O6kKI\/AAAAAAAAp_w\/fFNF6x9ddxIx1NT33DsSr8AkyN-EaM1WwCEwYBhgL\/s1600\/IMG_3336.PNG\"><img decoding=\"async\" loading=\"lazy\" src=\"https:\/\/elcalaixetdelaiaia.es\/wp-content\/uploads\/2017\/11\/IMG_3336.png\" width=\"640\" height=\"480\" border=\"0\" data-original-height=\"1200\" data-original-width=\"1600\" \/><\/a><\/div>\n<div style=\"text-align: center;\">cvolocaremos algo de preso encima y dejaremos secar<\/div>\n<div class=\"separator\" style=\"clear: both; text-align: center;\"><a style=\"margin-left: 1em; margin-right: 1em;\" href=\"https:\/\/3.bp.blogspot.com\/-sOesatwFgAI\/WhtG-MqoQ4I\/AAAAAAAAp_w\/DQ_0sA0ipns2TqukoYF__e4W-XokWZ_cACEwYBhgL\/s1600\/IMG_3337.PNG\"><img decoding=\"async\" loading=\"lazy\" src=\"https:\/\/elcalaixetdelaiaia.es\/wp-content\/uploads\/2017\/11\/IMG_3337.png\" width=\"640\" height=\"480\" border=\"0\" data-original-height=\"1200\" data-original-width=\"1600\" \/><\/a><\/div>\n<div style=\"text-align: center;\">Mientras hemos preparado el tut\u00fa de la tarta, ya tendremos listas las hojas para montar las flores, en \u00e9sta ocasi\u00f3n usaremos para pegarlas, unas gotas de leche condensada<\/div>\n<div class=\"separator\" style=\"clear: both; text-align: center;\"><a style=\"margin-left: 1em; margin-right: 1em;\" href=\"https:\/\/4.bp.blogspot.com\/-yvvaK33JL7g\/WhtG_Tscq4I\/AAAAAAAAp_w\/9d2SrV9QyZkz9pgKemh6G91nmRIw6fGHgCEwYBhgL\/s1600\/IMG_3338.PNG\"><img decoding=\"async\" loading=\"lazy\" src=\"https:\/\/elcalaixetdelaiaia.es\/wp-content\/uploads\/2017\/11\/IMG_3338.png\" width=\"640\" height=\"480\" border=\"0\" data-original-height=\"1200\" data-original-width=\"1600\" \/><\/a><\/div>\n<div style=\"text-align: center;\">iremos sobreponiendo las hojas comenzando con las mas grandes<\/div>\n<div class=\"separator\" style=\"clear: both; text-align: center;\"><a style=\"margin-left: 1em; margin-right: 1em;\" href=\"https:\/\/1.bp.blogspot.com\/-OvDuIRmRwt4\/WhtHADDlywI\/AAAAAAAAp_w\/GfZeNeLzIj4sQavOsx-DAXTM1nMmyPg3ACEwYBhgL\/s1600\/IMG_3339.PNG\"><img decoding=\"async\" loading=\"lazy\" src=\"https:\/\/elcalaixetdelaiaia.es\/wp-content\/uploads\/2017\/11\/IMG_3339.png\" width=\"640\" height=\"480\" border=\"0\" data-original-height=\"1200\" data-original-width=\"1600\" \/><\/a><\/div>\n<div style=\"text-align: center;\">y colocando una sobre otra<\/div>\n<div class=\"separator\" style=\"clear: both; text-align: center;\"><a style=\"margin-left: 1em; margin-right: 1em;\" href=\"https:\/\/1.bp.blogspot.com\/-Cm27TJ2zssA\/WhtHBDXZHII\/AAAAAAAAp_w\/QrirVgTTpcUfDkn9uTv1cKqYt0PnEkwEACEwYBhgL\/s1600\/IMG_3340.PNG\"><img decoding=\"async\" loading=\"lazy\" src=\"https:\/\/elcalaixetdelaiaia.es\/wp-content\/uploads\/2017\/11\/IMG_3340.png\" width=\"640\" height=\"480\" border=\"0\" data-original-height=\"1200\" data-original-width=\"1600\" \/><\/a><\/div>\n<div style=\"text-align: center;\">para terminar la flor, pegaremos tambi\u00e9n con leche condensada unas perlas de caramelo<\/div>\n<div class=\"separator\" style=\"clear: both; text-align: center;\"><a style=\"margin-left: 1em; margin-right: 1em;\" href=\"https:\/\/4.bp.blogspot.com\/-3CkqEpX8jIo\/WhtHCNPfEQI\/AAAAAAAAp_w\/h-cPpUTTltUs6xMCcdsGlmRaguHXT493QCEwYBhgL\/s1600\/IMG_3341.PNG\"><img decoding=\"async\" loading=\"lazy\" src=\"https:\/\/elcalaixetdelaiaia.es\/wp-content\/uploads\/2017\/11\/IMG_3341.png\" width=\"640\" height=\"480\" border=\"0\" data-original-height=\"1200\" data-original-width=\"1600\" \/><\/a><\/div>\n<div style=\"text-align: center;\">y lo mismo haremos con la otra flor<\/div>\n<div class=\"separator\" style=\"clear: both; text-align: center;\"><a style=\"margin-left: 1em; margin-right: 1em;\" href=\"https:\/\/2.bp.blogspot.com\/-P-Q_7hoiY9c\/WhtHDek8zwI\/AAAAAAAAp_o\/_PNIOWNEHj0P4F4Dtv__0QdNxroUOUpkgCEwYBhgL\/s1600\/IMG_3342.PNG\"><img decoding=\"async\" loading=\"lazy\" src=\"https:\/\/elcalaixetdelaiaia.es\/wp-content\/uploads\/2017\/11\/IMG_3342.png\" width=\"640\" height=\"480\" border=\"0\" data-original-height=\"1200\" data-original-width=\"1600\" \/><\/a><\/div>\n<div style=\"text-align: center;\">flores terminadas<\/div>\n<div class=\"separator\" style=\"clear: both; text-align: center;\"><a style=\"margin-left: 1em; margin-right: 1em;\" href=\"https:\/\/4.bp.blogspot.com\/-vI2bp0o2kys\/WhtHEbcwWxI\/AAAAAAAAp_s\/neLn3KRDcMUFTxL2Ry2KuZ8SxtFABnQswCEwYBhgL\/s1600\/IMG_3343.PNG\"><img decoding=\"async\" loading=\"lazy\" src=\"https:\/\/elcalaixetdelaiaia.es\/wp-content\/uploads\/2017\/11\/IMG_3343.png\" width=\"640\" height=\"480\" border=\"0\" data-original-height=\"1200\" data-original-width=\"1600\" \/><\/a><\/div>\n<div style=\"text-align: center;\">Haremos un coraz\u00f3n de fondant y pondremos el nombre de la nena y los a\u00f1itos que cumple<\/div>\n<div class=\"separator\" style=\"clear: both; text-align: center;\"><a style=\"margin-left: 1em; margin-right: 1em;\" href=\"https:\/\/4.bp.blogspot.com\/-FQjjjmWyFgI\/WhtHFfZWXFI\/AAAAAAAAqBM\/4wDeGH33afMt7ui9WlCnEhx5_WmXN89wQCEwYBhgL\/s1600\/IMG_3344.PNG\"><img decoding=\"async\" loading=\"lazy\" src=\"https:\/\/elcalaixetdelaiaia.es\/wp-content\/uploads\/2017\/11\/IMG_3344.png\" width=\"640\" height=\"480\" border=\"0\" data-original-height=\"1200\" data-original-width=\"1600\" \/><\/a><\/div>\n<div style=\"text-align: center;\">cortaremos c\u00edculos que nos servir\u00e1n para hacer bolitas que simulen las perlas de un collar para la rematar la base de la tarta<\/div>\n<div class=\"separator\" style=\"clear: both; text-align: center;\"><a style=\"margin-left: 1em; margin-right: 1em;\" href=\"https:\/\/4.bp.blogspot.com\/-qbiQu65mfZk\/WhtHF-nylwI\/AAAAAAAAqBM\/9yyeyqN4Wt0cdk7IOjKY9tDkr6ELSoxOgCEwYBhgL\/s1600\/IMG_3552.JPG\"><img decoding=\"async\" loading=\"lazy\" src=\"https:\/\/elcalaixetdelaiaia.es\/wp-content\/uploads\/2017\/11\/IMG_3552.jpg\" width=\"640\" height=\"480\" border=\"0\" data-original-height=\"1200\" data-original-width=\"1600\" \/><\/a><\/div>\n<div style=\"text-align: center;\">trabajaremos con el rodillo el fondant blanco para cubrir la tarta, tener en cuenta medir lo que necesitamos y dejar unos cm. de mas, porque quedarnos cortos significa estropear el trabajo. Espolvoreamos con azcar glas, para poder enrollar sobre el rodillo y colocar el fondant en la tarta<\/div>\n<div style=\"text-align: center;\"><a style=\"margin-left: 1em; margin-right: 1em;\" href=\"https:\/\/2.bp.blogspot.com\/-3WQa1Eh2ZUs\/WhtHXl73uiI\/AAAAAAAAqBM\/sMThdThwdhk3X-PR62nf2fkkfQo4YHQfQCEwYBhgL\/s1600\/IMG_3594.PNG\"><img decoding=\"async\" loading=\"lazy\" src=\"https:\/\/elcalaixetdelaiaia.es\/wp-content\/uploads\/2017\/11\/IMG_3594.png\" width=\"640\" height=\"480\" border=\"0\" data-original-height=\"1200\" data-original-width=\"1600\" \/><\/a><\/div>\n<div style=\"text-align: center;\">Como la tarta ya va cubierta de mousse de fresa se pega bien el fondant, ahora procederemos con mucho cuidado a estirar, aplanar<\/div>\n<div class=\"separator\" style=\"clear: both; text-align: center;\"><a style=\"margin-left: 1em; margin-right: 1em;\" href=\"https:\/\/4.bp.blogspot.com\/-PEiY2Q1kxSU\/WhtHWiHiTrI\/AAAAAAAAqBM\/jcp0j2bfWiM23ulXkxcLOkmeMbyYlnR3ACEwYBhgL\/s1600\/IMG_3593.PNG\"><img decoding=\"async\" loading=\"lazy\" src=\"https:\/\/elcalaixetdelaiaia.es\/wp-content\/uploads\/2017\/11\/IMG_3593.png\" width=\"640\" height=\"480\" border=\"0\" data-original-height=\"1200\" data-original-width=\"1600\" \/><\/a><\/div>\n<div style=\"text-align: center;\">y recortar el fondant sobrante<\/div>\n<div style=\"text-align: center;\">\u00a0<a style=\"margin-left: 1em; margin-right: 1em;\" href=\"https:\/\/3.bp.blogspot.com\/-88Y7kWJbHtg\/WhtHVt_hxGI\/AAAAAAAAqBM\/HYgg8p6b9vQNFSfXWbijprZPhigpR-edwCEwYBhgL\/s1600\/IMG_3592.PNG\"><img decoding=\"async\" loading=\"lazy\" src=\"https:\/\/elcalaixetdelaiaia.es\/wp-content\/uploads\/2017\/11\/IMG_3592.png\" width=\"640\" height=\"480\" border=\"0\" data-original-height=\"1200\" data-original-width=\"1600\" \/><\/a><\/div>\n<div style=\"text-align: center;\">colocaremos las \u00abperlas\u00bb del collar<\/div>\n<div style=\"text-align: center;\">\u00a0<a style=\"margin-left: 1em; margin-right: 1em;\" href=\"https:\/\/4.bp.blogspot.com\/-rREADO9GUlk\/WhtHVIrk8AI\/AAAAAAAAqBM\/RJ9JcBDl1kEJPkGJAAzHHQwLHLUmd8OIwCEwYBhgL\/s1600\/IMG_3591.PNG\"><img decoding=\"async\" loading=\"lazy\" src=\"https:\/\/elcalaixetdelaiaia.es\/wp-content\/uploads\/2017\/11\/IMG_3591.png\" width=\"640\" height=\"480\" border=\"0\" data-original-height=\"1200\" data-original-width=\"1600\" \/><\/a><\/div>\n<div style=\"text-align: center;\">y terminaremos la decoraci\u00f3n de la tarta seg\u00fan nuestro gusto y la inspiraci\u00f3n del momento<\/div>\n<div class=\"separator\" style=\"clear: both; text-align: center;\"><a style=\"margin-left: 1em; margin-right: 1em;\" href=\"https:\/\/2.bp.blogspot.com\/-VyTImk57eOY\/WhtHG6eyf3I\/AAAAAAAAqBM\/lANcrEDl0CgN3WWGXz-Hzbp4GBD4IJDeQCEwYBhgL\/s1600\/IMG_3561.PNG\"><img decoding=\"async\" loading=\"lazy\" src=\"https:\/\/elcalaixetdelaiaia.es\/wp-content\/uploads\/2017\/11\/IMG_3561.png\" width=\"640\" height=\"480\" border=\"0\" data-original-height=\"1200\" data-original-width=\"1600\" \/><\/a><\/div>\n<div style=\"text-align: center;\">la verdad es que estoy muy contenta de como ha quedado la tarta<\/div>\n<div class=\"separator\" style=\"clear: both; text-align: center;\"><a style=\"margin-left: 1em; margin-right: 1em;\" href=\"https:\/\/4.bp.blogspot.com\/-9Kti1JeuKRs\/WhtHHv6XlEI\/AAAAAAAAqBM\/P3GD-MrmfJ43ndTF1kmSA14YN7XYCOdWgCEwYBhgL\/s1600\/IMG_3562.PNG\"><img decoding=\"async\" loading=\"lazy\" src=\"https:\/\/elcalaixetdelaiaia.es\/wp-content\/uploads\/2017\/11\/IMG_3562.png\" width=\"640\" height=\"480\" border=\"0\" data-original-height=\"1200\" data-original-width=\"1600\" \/><\/a><\/div>\n<div style=\"text-align: center;\">aunque he tenido que pasar mucho sue\u00f1o y calor<\/div>\n<div class=\"separator\" style=\"clear: both; text-align: center;\"><a style=\"margin-left: 1em; margin-right: 1em;\" href=\"https:\/\/4.bp.blogspot.com\/-BTKCfTQYKbM\/WhtHIfZhGZI\/AAAAAAAAqBM\/LcKtMTMQyAcS6_CowMXMB6b9wD7QMmwlQCEwYBhgL\/s1600\/IMG_3563.PNG\"><img decoding=\"async\" loading=\"lazy\" src=\"https:\/\/elcalaixetdelaiaia.es\/wp-content\/uploads\/2017\/11\/IMG_3563.png\" width=\"640\" height=\"480\" border=\"0\" data-original-height=\"1200\" data-original-width=\"1600\" \/><\/a><\/div>\n<div style=\"text-align: center;\">porque como siempre, voy a contrareloj y he tenido que hacer dos tartas en cuatro d\u00edas<\/div>\n<div class=\"separator\" style=\"clear: both; text-align: center;\"><a style=\"margin-left: 1em; margin-right: 1em;\" href=\"https:\/\/1.bp.blogspot.com\/-7M-voowcIu0\/WhtHLY9xvlI\/AAAAAAAAqBM\/B2OvQt2fwlEUi3mwkQ9M3wZdWiXVORrEwCEwYBhgL\/s1600\/IMG_3580.PNG\"><img decoding=\"async\" loading=\"lazy\" src=\"https:\/\/elcalaixetdelaiaia.es\/wp-content\/uploads\/2017\/11\/IMG_3580.png\" width=\"640\" height=\"480\" border=\"0\" data-original-height=\"1200\" data-original-width=\"1600\" \/><\/a><\/div>\n<div style=\"text-align: center;\">y ahora mismo, vienen a recogerme<\/div>\n<div class=\"separator\" style=\"clear: both; text-align: center;\"><a style=\"margin-left: 1em; margin-right: 1em;\" href=\"https:\/\/2.bp.blogspot.com\/-0DvpuVZuGDk\/WhtHMCEFTyI\/AAAAAAAAqBM\/DBY0oH24IqUfm5NQzMyheuv4bs4Z0-agwCEwYBhgL\/s1600\/IMG_3581.PNG\"><img decoding=\"async\" loading=\"lazy\" src=\"https:\/\/elcalaixetdelaiaia.es\/wp-content\/uploads\/2017\/11\/IMG_3581.png\" width=\"640\" height=\"480\" border=\"0\" data-original-height=\"1200\" data-original-width=\"1600\" \/><\/a><\/div>\n<div class=\"separator\" style=\"clear: both; text-align: center;\">para ir a la celebraci\u00f3n y estoy sin duchar ni arreglaaaaar&#8230; ohhh Dios m\u00edoooooo<\/div>\n<div class=\"separator\" style=\"clear: both; text-align: center;\"><a style=\"margin-left: 1em; margin-right: 1em;\" href=\"https:\/\/2.bp.blogspot.com\/-C64AhM3Irqo\/WhtHOHblyEI\/AAAAAAAAqBM\/dpa2VQM1LL8AV37mZH_xsHcXYI5xQqCQgCEwYBhgL\/s1600\/IMG_3583.PNG\"><img decoding=\"async\" loading=\"lazy\" src=\"https:\/\/elcalaixetdelaiaia.es\/wp-content\/uploads\/2017\/11\/IMG_3583.png\" width=\"640\" height=\"480\" border=\"0\" data-original-height=\"1200\" data-original-width=\"1600\" \/><\/a><\/div>\n<div style=\"text-align: center;\">pero todo el esfuerzo merece la pena<\/div>\n<div class=\"separator\" style=\"clear: both; text-align: center;\"><a style=\"margin-left: 1em; margin-right: 1em;\" href=\"https:\/\/1.bp.blogspot.com\/-yV3DQ03vNHQ\/WhtHOvDOHGI\/AAAAAAAAqBM\/O01l8KosjnUUUocWfJ_cML6BVOqutZhcQCEwYBhgL\/s1600\/IMG_3584.PNG\"><img decoding=\"async\" loading=\"lazy\" src=\"https:\/\/elcalaixetdelaiaia.es\/wp-content\/uploads\/2017\/11\/IMG_3584.png\" width=\"640\" height=\"480\" border=\"0\" data-original-height=\"1200\" data-original-width=\"1600\" \/><\/a><\/div>\n<div style=\"text-align: center;\">por ver la carita de mi ni\u00f1a<\/div>\n<div class=\"separator\" style=\"clear: both; text-align: center;\"><a style=\"margin-left: 1em; margin-right: 1em;\" href=\"https:\/\/4.bp.blogspot.com\/-BcjE824RAmk\/WhtHPvH-buI\/AAAAAAAAqBM\/cqy7WhV0kIQACk8kzTmrQyAzgzoEIE5SACEwYBhgL\/s1600\/IMG_3585.PNG\"><img decoding=\"async\" loading=\"lazy\" src=\"https:\/\/elcalaixetdelaiaia.es\/wp-content\/uploads\/2017\/11\/IMG_3585.png\" width=\"640\" height=\"480\" border=\"0\" data-original-height=\"1200\" data-original-width=\"1600\" \/><\/a><\/div>\n<div style=\"text-align: center;\">cuando vea su tarta de cumple<\/div>\n<div class=\"separator\" style=\"clear: both; text-align: center;\"><a style=\"margin-left: 1em; margin-right: 1em;\" href=\"https:\/\/1.bp.blogspot.com\/-Uzmh4xtbD9Y\/WhtHRR6bsPI\/AAAAAAAAqBM\/0DJC4pbrZnQgz4vzy-VoYRbKWtwDbrAyQCEwYBhgL\/s1600\/IMG_3587.PNG\"><img decoding=\"async\" loading=\"lazy\" src=\"https:\/\/elcalaixetdelaiaia.es\/wp-content\/uploads\/2017\/11\/IMG_3587.png\" width=\"640\" height=\"480\" border=\"0\" data-original-height=\"1200\" data-original-width=\"1600\" \/><\/a><\/div>\n<div style=\"text-align: center;\">Tengo taaaantas fotos que no se cual elegir, pongo de distintas tomas para que pod\u00e1is ver bien todos los detalles<\/div>\n<div class=\"separator\" style=\"clear: both; text-align: center;\"><a style=\"margin-left: 1em; margin-right: 1em;\" href=\"https:\/\/3.bp.blogspot.com\/-ifFnc7wUHQg\/WhtHSXBt3_I\/AAAAAAAAqBM\/k9qGFxHoqUAe9ZpU9ifHBizHOkzTKud4QCEwYBhgL\/s1600\/IMG_3588.PNG\"><img decoding=\"async\" loading=\"lazy\" src=\"https:\/\/elcalaixetdelaiaia.es\/wp-content\/uploads\/2017\/11\/IMG_3588.png\" width=\"640\" height=\"480\" border=\"0\" data-original-height=\"1200\" data-original-width=\"1600\" \/><\/a><\/div>\n<div style=\"text-align: center;\">el problema es que el fondant, no resiste bien la humedad del frigo<\/div>\n<div class=\"separator\" style=\"clear: both; text-align: center;\"><a style=\"margin-left: 1em; margin-right: 1em;\" href=\"https:\/\/1.bp.blogspot.com\/-V_g7iBfr55c\/WhtHTNMAT0I\/AAAAAAAAqBM\/3pxnTo02KG8QFwIj0u6US0IzRrWbY-VRgCEwYBhgL\/s1600\/IMG_3589.PNG\"><img decoding=\"async\" loading=\"lazy\" src=\"https:\/\/elcalaixetdelaiaia.es\/wp-content\/uploads\/2017\/11\/IMG_3589.png\" width=\"640\" height=\"480\" border=\"0\" data-original-height=\"1200\" data-original-width=\"1600\" \/><\/a><\/div>\n<div style=\"text-align: center;\">y s\u00f3lo se puede guardar en \u00e9l si es \u00abnon frost\u00bb<\/div>\n<div class=\"separator\" style=\"clear: both; text-align: center;\"><a style=\"margin-left: 1em; margin-right: 1em;\" href=\"https:\/\/4.bp.blogspot.com\/-D85dKnNjfd4\/WhtHKIDn4OI\/AAAAAAAAqBM\/cVN0HHRXLukAOnGCqVOxTYiRRjyrWc6BQCEwYBhgL\/s1600\/IMG_3579.PNG\"><img decoding=\"async\" loading=\"lazy\" src=\"https:\/\/elcalaixetdelaiaia.es\/wp-content\/uploads\/2017\/11\/IMG_3579.png\" width=\"640\" height=\"480\" border=\"0\" data-original-height=\"1200\" data-original-width=\"1600\" \/><\/a><\/div>\n<div class=\"separator\" style=\"clear: both; text-align: center;\">La envuelvo con papel celof\u00e1n transparente, para preservarla del polvo en el transporte y&#8230; \u00a1a ver si le gusta!<\/div>\n<div class=\"separator\" style=\"clear: both; text-align: center;\"><img decoding=\"async\" loading=\"lazy\" src=\"https:\/\/elcalaixetdelaiaia.es\/wp-content\/uploads\/2017\/11\/IMG_3615-copia.png\" width=\"640\" height=\"600\" border=\"0\" data-original-height=\"1501\" data-original-width=\"1600\" \/><\/div>\n<div style=\"text-align: center;\">TODO UN EXITOOOOOOOOOOO \u00a1\u00a1\u00a1Le encantooooo\u00f3!!! y no se le fue la sonrisa de la boca en toda la fiesta&#8230; vamos, como cuando los dem\u00e1s la vemos bailar&#8230;<\/div>\n<div class=\"separator\" style=\"clear: both; text-align: center;\"><a style=\"margin-left: 1em; margin-right: 1em;\" href=\"https:\/\/2.bp.blogspot.com\/-ojgsw0R_avY\/Wh1I7NWjxiI\/AAAAAAAAqBk\/G562W5h43WghVGIrNtK3bxPqejMuJUDUACEwYBhgL\/s1600\/IMG_3616.PNG\"><img decoding=\"async\" loading=\"lazy\" src=\"https:\/\/elcalaixetdelaiaia.es\/wp-content\/uploads\/2017\/11\/IMG_3616.png\" width=\"640\" height=\"480\" border=\"0\" data-original-height=\"1200\" data-original-width=\"1600\" \/><\/a><\/div>\n<div class=\"separator\" style=\"clear: both; text-align: center;\">Ahora las bengalas y pedir un deseo&#8230;..<\/div>\n<div class=\"separator\" style=\"clear: both; text-align: center;\"><a style=\"margin-left: 1em; margin-right: 1em;\" href=\"https:\/\/3.bp.blogspot.com\/-eS8SwyC5iGQ\/Wh1Kufs25OI\/AAAAAAAAqBw\/iYrVdzRjQmgfBY3Bun4FUQ7O1I-AWOoNQCLcBGAs\/s1600\/IMG_0722.jpg\"><img decoding=\"async\" loading=\"lazy\" src=\"https:\/\/elcalaixetdelaiaia.es\/wp-content\/uploads\/2017\/11\/IMG_0722.jpg\" width=\"640\" height=\"558\" border=\"0\" data-original-height=\"567\" data-original-width=\"649\" \/><\/a><\/div>\n<div class=\"separator\" style=\"clear: both; text-align: center;\">Lleg\u00f3 el momento de descubrir el coraz\u00f3n de la tarta&#8230;<\/div>\n<div class=\"separator\" style=\"clear: both; text-align: center;\"><a style=\"margin-left: 1em; margin-right: 1em;\" href=\"https:\/\/1.bp.blogspot.com\/-J7y9hCJe0hA\/Wh1I5LJsgaI\/AAAAAAAAqBY\/K_2bbpevfhALdyh67CWTD8Rc-26mFE0mACEwYBhgL\/s1600\/IMG_3613.PNG\"><img decoding=\"async\" loading=\"lazy\" src=\"https:\/\/elcalaixetdelaiaia.es\/wp-content\/uploads\/2017\/11\/IMG_3613.png\" width=\"600\" height=\"640\" border=\"0\" data-original-height=\"1016\" data-original-width=\"954\" \/><\/a><\/div>\n<div class=\"separator\" style=\"clear: both; text-align: center;\">y es que en cada porci\u00f3n sal\u00eda un coraz\u00f3n, hecho con mousse de fresas naturales<\/div>\n<div class=\"separator\" style=\"clear: both; text-align: center;\"><a style=\"margin-left: 1em; margin-right: 1em;\" href=\"https:\/\/3.bp.blogspot.com\/-FMHBGwDoPE8\/Wh1I5IzQ52I\/AAAAAAAAqBc\/ah7_iJ1omoIUjyQ5j1cAGs0Mmz0UbWlKACEwYBhgL\/s1600\/IMG_3614.PNG\"><img decoding=\"async\" loading=\"lazy\" src=\"https:\/\/elcalaixetdelaiaia.es\/wp-content\/uploads\/2017\/11\/IMG_3614.png\" width=\"640\" height=\"480\" border=\"0\" data-original-height=\"1200\" data-original-width=\"1600\" \/><\/a><\/div>\n<div class=\"separator\" style=\"clear: both; text-align: center;\">A veces, todos los esfuerzos se ven recompensados, puesto que \u00e9sta tarta sali\u00f3 preciosa (aunque con defectos, claro) por fuera, y rica y sorprendente por dentro, y aunque por primera vez en este cumple, faltaron tres personas muy muy importantes en nuestras vidas, fue un cumplea\u00f1os feliz, porque sab\u00edamos que ellos, desde donde estaban tambi\u00e9n lo eran, de vernos a todos juntos, la familia unida siempre a pesar de todo, contra viento y marea, nos tenemos los unos a los otros y eso es lo mas importante, porque as\u00ed nos lo inculcaron&#8230; por ellos.<\/div>\n<div class=\"separator\" style=\"clear: both; text-align: center;\">\u00abA la taula i&#8230; BON PROFIT!!!<\/div>\n<p>Si te gusta mi receta, puedes compartirla, para que llegue a m\u00e1s gente.<br \/>\nEspero tus comentarios y recuerda que tambi\u00e9n estoy en Facebook\u00a0<a href=\"https:\/\/www.facebook.com\/El-calaixet-de-la-iaia-533062140099386\/\">https:\/\/www.facebook.com\/El-calaixet-de-la-iaia-533062140099386\/<\/a><\/p>\n","protected":false},"excerpt":{"rendered":"<p>\u00abRefrany; Am bones ganes de ballar, poca m\u00fasica \u00e9s menester\u00bb Con buenas ganas de bailar, poca m\u00fasica es menester. Pues \u00e9so le pasa a mi sobri peque\u00f1a, mi ni\u00f1ita preciosa, mi dulce Irene, a quien encanta el ballet y va a clases desde muy chiquitina. Para mi es una gozada &hellip; <\/p>\n","protected":false},"author":2,"featured_media":1369,"comment_status":"open","ping_status":"open","sticky":false,"template":"","format":"standard","meta":[],"categories":[6,1],"tags":[],"_links":{"self":[{"href":"https:\/\/elcalaixetdelaiaia.es\/index.php?rest_route=\/wp\/v2\/posts\/13"}],"collection":[{"href":"https:\/\/elcalaixetdelaiaia.es\/index.php?rest_route=\/wp\/v2\/posts"}],"about":[{"href":"https:\/\/elcalaixetdelaiaia.es\/index.php?rest_route=\/wp\/v2\/types\/post"}],"author":[{"embeddable":true,"href":"https:\/\/elcalaixetdelaiaia.es\/index.php?rest_route=\/wp\/v2\/users\/2"}],"replies":[{"embeddable":true,"href":"https:\/\/elcalaixetdelaiaia.es\/index.php?rest_route=%2Fwp%2Fv2%2Fcomments&post=13"}],"version-history":[{"count":8,"href":"https:\/\/elcalaixetdelaiaia.es\/index.php?rest_route=\/wp\/v2\/posts\/13\/revisions"}],"predecessor-version":[{"id":27630,"href":"https:\/\/elcalaixetdelaiaia.es\/index.php?rest_route=\/wp\/v2\/posts\/13\/revisions\/27630"}],"wp:featuredmedia":[{"embeddable":true,"href":"https:\/\/elcalaixetdelaiaia.es\/index.php?rest_route=\/wp\/v2\/media\/1369"}],"wp:attachment":[{"href":"https:\/\/elcalaixetdelaiaia.es\/index.php?rest_route=%2Fwp%2Fv2%2Fmedia&parent=13"}],"wp:term":[{"taxonomy":"category","embeddable":true,"href":"https:\/\/elcalaixetdelaiaia.es\/index.php?rest_route=%2Fwp%2Fv2%2Fcategories&post=13"},{"taxonomy":"post_tag","embeddable":true,"href":"https:\/\/elcalaixetdelaiaia.es\/index.php?rest_route=%2Fwp%2Fv2%2Ftags&post=13"}],"curies":[{"name":"wp","href":"https:\/\/api.w.org\/{rel}","templated":true}]}}