{"id":1254,"date":"2013-05-25T05:18:00","date_gmt":"2013-05-25T05:18:00","guid":{"rendered":"http:\/\/elcalaixetdelaiaia.es\/segundo-dia-bizcocho-o-biscuit-de-las"},"modified":"2017-12-04T17:40:31","modified_gmt":"2017-12-04T17:40:31","slug":"segundo-dia-bizcocho-o-biscuit-de-las","status":"publish","type":"post","link":"https:\/\/elcalaixetdelaiaia.es\/?p=1254","title":{"rendered":"SEGUNDO D\u00cdA. Bizcocho \u00f3 bescuit de las Carmelitas descalzas de Sevilla, tambi\u00e9n llamado Bizcocho del padre P\u00edo."},"content":{"rendered":"<p>Hola, buenas noches,<br \/>\nvamos a seguir como os dije con los pasos del bizcocho&#8230; bueno, en realidad hoy no es muy laborioso que digamos, pero es importante tener paciencia y hacerlo bien, para que la fermentaci\u00f3n se produzca correctamente y nos salga un bizcocho delicioso.<\/p>\n<p>Este es el \u00fanico utensilio que incorporaremos hoy viernes: una cuchara de madera.<\/p>\n<div class=\"separator\" style=\"clear: both; text-align: center;\">\n<a href=\"https:\/\/elcalaixetdelaiaia.es\/wp-content\/uploads\/2013\/05\/bizcocho5-1024x683.jpg\" imageanchor=\"1\" style=\"margin-left: 1em; margin-right: 1em;\"><img decoding=\"async\" loading=\"lazy\" border=\"0\" src=\"https:\/\/elcalaixetdelaiaia.es\/wp-content\/uploads\/2013\/05\/bizcocho5-1024x683.jpg\" height=\"213\" width=\"320\" \/><\/a><\/div>\n<div class=\"separator\" style=\"clear: both; text-align: center;\">\n<\/div>\n<div class=\"separator\" style=\"clear: both; text-align: left;\">\nRemoveremos los ingredientes del cuenco para que vayan tomando cuerpo. PASO 2:<\/div>\n<div class=\"separator\" style=\"clear: both; text-align: center;\">\n<a href=\"https:\/\/elcalaixetdelaiaia.es\/wp-content\/uploads\/2013\/05\/bizcocho6-1024x682.jpg\" imageanchor=\"1\" style=\"margin-left: 1em; margin-right: 1em;\"><img decoding=\"async\" loading=\"lazy\" border=\"0\" src=\"https:\/\/elcalaixetdelaiaia.es\/wp-content\/uploads\/2013\/05\/bizcocho6-1024x682.jpg\" height=\"213\" width=\"320\" \/><\/a><\/div>\n<p>\nY, por \u00faltimo, taparemos&#8230; y lo colocaremos de nuevo en un lugar fresco de nuestra cocina. Ojo, \u00a1\u00a1\u00a1No en el frigor\u00edfico!!!<\/p>\n<div class=\"separator\" style=\"clear: both; text-align: center;\">\n<a href=\"https:\/\/elcalaixetdelaiaia.es\/wp-content\/uploads\/2013\/05\/bizcocho7-1024x676.jpg\" imageanchor=\"1\" style=\"margin-left: 1em; margin-right: 1em;\"><img decoding=\"async\" loading=\"lazy\" border=\"0\" src=\"https:\/\/elcalaixetdelaiaia.es\/wp-content\/uploads\/2013\/05\/bizcocho7-1024x676.jpg\" height=\"211\" width=\"320\" \/><\/a><\/div>\n<div class=\"separator\" style=\"clear: both; text-align: left;\">\n<\/div>\n<p>\nContinuar\u00e1 ma\u00f1ana&#8230;.<\/p>\n<p>Un saludo;<br \/>\niaia Maimen.<\/p>\n","protected":false},"excerpt":{"rendered":"<p>Hola, buenas noches, vamos a seguir como os dije con los pasos del bizcocho&#8230; bueno, en realidad hoy no es muy laborioso que digamos, pero es importante tener paciencia y hacerlo bien, para que la fermentaci\u00f3n se produzca correctamente y nos salga un bizcocho delicioso. Este es el \u00fanico utensilio &hellip; <\/p>\n","protected":false},"author":2,"featured_media":14266,"comment_status":"open","ping_status":"open","sticky":false,"template":"","format":"standard","meta":[],"categories":[6,1],"tags":[],"_links":{"self":[{"href":"https:\/\/elcalaixetdelaiaia.es\/index.php?rest_route=\/wp\/v2\/posts\/1254"}],"collection":[{"href":"https:\/\/elcalaixetdelaiaia.es\/index.php?rest_route=\/wp\/v2\/posts"}],"about":[{"href":"https:\/\/elcalaixetdelaiaia.es\/index.php?rest_route=\/wp\/v2\/types\/post"}],"author":[{"embeddable":true,"href":"https:\/\/elcalaixetdelaiaia.es\/index.php?rest_route=\/wp\/v2\/users\/2"}],"replies":[{"embeddable":true,"href":"https:\/\/elcalaixetdelaiaia.es\/index.php?rest_route=%2Fwp%2Fv2%2Fcomments&post=1254"}],"version-history":[{"count":1,"href":"https:\/\/elcalaixetdelaiaia.es\/index.php?rest_route=\/wp\/v2\/posts\/1254\/revisions"}],"predecessor-version":[{"id":14269,"href":"https:\/\/elcalaixetdelaiaia.es\/index.php?rest_route=\/wp\/v2\/posts\/1254\/revisions\/14269"}],"wp:featuredmedia":[{"embeddable":true,"href":"https:\/\/elcalaixetdelaiaia.es\/index.php?rest_route=\/wp\/v2\/media\/14266"}],"wp:attachment":[{"href":"https:\/\/elcalaixetdelaiaia.es\/index.php?rest_route=%2Fwp%2Fv2%2Fmedia&parent=1254"}],"wp:term":[{"taxonomy":"category","embeddable":true,"href":"https:\/\/elcalaixetdelaiaia.es\/index.php?rest_route=%2Fwp%2Fv2%2Fcategories&post=1254"},{"taxonomy":"post_tag","embeddable":true,"href":"https:\/\/elcalaixetdelaiaia.es\/index.php?rest_route=%2Fwp%2Fv2%2Ftags&post=1254"}],"curies":[{"name":"wp","href":"https:\/\/api.w.org\/{rel}","templated":true}]}}