{"id":1247,"date":"2013-05-30T13:41:00","date_gmt":"2013-05-30T13:41:00","guid":{"rendered":"http:\/\/elcalaixetdelaiaia.es\/octavo-dia-bizcocho-o-bescuit-de-las"},"modified":"2017-12-04T17:36:40","modified_gmt":"2017-12-04T17:36:40","slug":"octavo-dia-bizcocho-o-bescuit-de-las","status":"publish","type":"post","link":"https:\/\/elcalaixetdelaiaia.es\/?p=1247","title":{"rendered":"OCTAVO D\u00cdA. Bizcocho \u00f3 bescuit de las Carmelitas descalzas de Sevilla, tambi\u00e9n llamado Bizcocho del padre P\u00edo."},"content":{"rendered":"<div class=\"separator\" style=\"clear: both; text-align: left;\">\nBuenos d\u00edas, hoy ya es jueves y toca el paso n\u00ba 8<\/div>\n<p><a href=\"http:\/\/3.bp.blogspot.com\/-WwzKrpl8Bwo\/UadW6iKnGxI\/AAAAAAAAAGw\/hZGLWMzvJcA\/s1600\/bizcocho16.JPG\" imageanchor=\"1\" style=\"margin-left: 1em; margin-right: 1em; text-align: center;\"><img decoding=\"async\" loading=\"lazy\" border=\"0\" src=\"https:\/\/elcalaixetdelaiaia.es\/wp-content\/uploads\/2013\/05\/bizcocho16.jpg\" height=\"213\" width=\"320\" \/><\/a><\/p>\n<p>y este paso, de nuevo es \u00a1NO HACER NADA!&#8230;.Continuamos ma\u00f1ana.<\/p>\n<p>\nUn saludo de;<br \/>\niaia Maimen<\/p>\n","protected":false},"excerpt":{"rendered":"<p>Buenos d\u00edas, hoy ya es jueves y toca el paso n\u00ba 8 y este paso, de nuevo es \u00a1NO HACER NADA!&#8230;.Continuamos ma\u00f1ana. Un saludo de; iaia Maimen<\/p>\n","protected":false},"author":2,"featured_media":14249,"comment_status":"open","ping_status":"open","sticky":false,"template":"","format":"standard","meta":[],"categories":[6,1],"tags":[],"_links":{"self":[{"href":"https:\/\/elcalaixetdelaiaia.es\/index.php?rest_route=\/wp\/v2\/posts\/1247"}],"collection":[{"href":"https:\/\/elcalaixetdelaiaia.es\/index.php?rest_route=\/wp\/v2\/posts"}],"about":[{"href":"https:\/\/elcalaixetdelaiaia.es\/index.php?rest_route=\/wp\/v2\/types\/post"}],"author":[{"embeddable":true,"href":"https:\/\/elcalaixetdelaiaia.es\/index.php?rest_route=\/wp\/v2\/users\/2"}],"replies":[{"embeddable":true,"href":"https:\/\/elcalaixetdelaiaia.es\/index.php?rest_route=%2Fwp%2Fv2%2Fcomments&post=1247"}],"version-history":[{"count":1,"href":"https:\/\/elcalaixetdelaiaia.es\/index.php?rest_route=\/wp\/v2\/posts\/1247\/revisions"}],"predecessor-version":[{"id":14250,"href":"https:\/\/elcalaixetdelaiaia.es\/index.php?rest_route=\/wp\/v2\/posts\/1247\/revisions\/14250"}],"wp:featuredmedia":[{"embeddable":true,"href":"https:\/\/elcalaixetdelaiaia.es\/index.php?rest_route=\/wp\/v2\/media\/14249"}],"wp:attachment":[{"href":"https:\/\/elcalaixetdelaiaia.es\/index.php?rest_route=%2Fwp%2Fv2%2Fmedia&parent=1247"}],"wp:term":[{"taxonomy":"category","embeddable":true,"href":"https:\/\/elcalaixetdelaiaia.es\/index.php?rest_route=%2Fwp%2Fv2%2Fcategories&post=1247"},{"taxonomy":"post_tag","embeddable":true,"href":"https:\/\/elcalaixetdelaiaia.es\/index.php?rest_route=%2Fwp%2Fv2%2Ftags&post=1247"}],"curies":[{"name":"wp","href":"https:\/\/api.w.org\/{rel}","templated":true}]}}