{"id":1246,"date":"2013-05-31T17:46:00","date_gmt":"2013-05-31T17:46:00","guid":{"rendered":"http:\/\/elcalaixetdelaiaia.es\/noveno-dia-bizcocho-o-bescuit-de-las"},"modified":"2017-12-04T17:35:57","modified_gmt":"2017-12-04T17:35:57","slug":"noveno-dia-bizcocho-o-bescuit-de-las","status":"publish","type":"post","link":"https:\/\/elcalaixetdelaiaia.es\/?p=1246","title":{"rendered":"NOVENO D\u00cdA. Bizcocho \u00f3 bescuit de las Carmelitas descalzas de Sevilla, tambi\u00e9n llamado Bizcocho del padre P\u00edo."},"content":{"rendered":"<div class=\"separator\" style=\"clear: both; text-align: center;\">\n<\/div>\n<p>Por fin es Viernes&#8230;y paso n\u00ba 9, pero&#8230;.<\/p>\n<p><a href=\"http:\/\/3.bp.blogspot.com\/-Vo8m77t6QBg\/Uag47i5K6SI\/AAAAAAAAAHA\/y5ENlG2arro\/s1600\/bizcocho17.JPG\" imageanchor=\"1\" style=\"margin-left: 1em; margin-right: 1em; text-align: center;\"><img decoding=\"async\" loading=\"lazy\" border=\"0\" height=\"213\" src=\"https:\/\/elcalaixetdelaiaia.es\/wp-content\/uploads\/2013\/05\/bizcocho17.jpg\" width=\"320\" \/><\/a><\/p>\n<div>\nseguimos sin tocarlo hoy tampoco.<\/p>\n<\/div>\n<div>\nHasta ma\u00f1ana,&nbsp;<\/div>\n<div>\n<\/div>\n<div>\nun saludo de;<br \/>\niaia Maimen<\/div>\n","protected":false},"excerpt":{"rendered":"<p>Por fin es Viernes&#8230;y paso n\u00ba 9, pero&#8230;. seguimos sin tocarlo hoy tampoco. Hasta ma\u00f1ana,&nbsp; un saludo de; iaia Maimen<\/p>\n","protected":false},"author":2,"featured_media":14247,"comment_status":"open","ping_status":"open","sticky":false,"template":"","format":"standard","meta":[],"categories":[6,1],"tags":[],"_links":{"self":[{"href":"https:\/\/elcalaixetdelaiaia.es\/index.php?rest_route=\/wp\/v2\/posts\/1246"}],"collection":[{"href":"https:\/\/elcalaixetdelaiaia.es\/index.php?rest_route=\/wp\/v2\/posts"}],"about":[{"href":"https:\/\/elcalaixetdelaiaia.es\/index.php?rest_route=\/wp\/v2\/types\/post"}],"author":[{"embeddable":true,"href":"https:\/\/elcalaixetdelaiaia.es\/index.php?rest_route=\/wp\/v2\/users\/2"}],"replies":[{"embeddable":true,"href":"https:\/\/elcalaixetdelaiaia.es\/index.php?rest_route=%2Fwp%2Fv2%2Fcomments&post=1246"}],"version-history":[{"count":1,"href":"https:\/\/elcalaixetdelaiaia.es\/index.php?rest_route=\/wp\/v2\/posts\/1246\/revisions"}],"predecessor-version":[{"id":14248,"href":"https:\/\/elcalaixetdelaiaia.es\/index.php?rest_route=\/wp\/v2\/posts\/1246\/revisions\/14248"}],"wp:featuredmedia":[{"embeddable":true,"href":"https:\/\/elcalaixetdelaiaia.es\/index.php?rest_route=\/wp\/v2\/media\/14247"}],"wp:attachment":[{"href":"https:\/\/elcalaixetdelaiaia.es\/index.php?rest_route=%2Fwp%2Fv2%2Fmedia&parent=1246"}],"wp:term":[{"taxonomy":"category","embeddable":true,"href":"https:\/\/elcalaixetdelaiaia.es\/index.php?rest_route=%2Fwp%2Fv2%2Fcategories&post=1246"},{"taxonomy":"post_tag","embeddable":true,"href":"https:\/\/elcalaixetdelaiaia.es\/index.php?rest_route=%2Fwp%2Fv2%2Ftags&post=1246"}],"curies":[{"name":"wp","href":"https:\/\/api.w.org\/{rel}","templated":true}]}}