{"id":1244,"date":"2013-06-01T13:54:00","date_gmt":"2013-06-01T13:54:00","guid":{"rendered":"http:\/\/elcalaixetdelaiaia.es\/decimo-y-ultimo-dia-bizcocho-o-bescui"},"modified":"2017-12-04T17:35:11","modified_gmt":"2017-12-04T17:35:11","slug":"decimo-y-ultimo-dia-bizcocho-o-bescui","status":"publish","type":"post","link":"https:\/\/elcalaixetdelaiaia.es\/?p=1244","title":{"rendered":"D\u00c9CIMO Y \u00daLTIMO D\u00cdA. Bizcocho \u00f3 bescuit de las Carmelitas descalzas de Sevilla, tambi\u00e9n llamado Bizcocho del padre P\u00edo."},"content":{"rendered":"<div class=\"separator\" style=\"clear: both; text-align: center;\">\n<\/div>\n<p>Hola, como os dije en un principio, el paso a paso de \u00e9ste especial bizcocho lo ir\u00eda compartiendo en tiempo real y como lo prometido es deuda&#8230;all\u00e1 voy:<\/p>\n<p><a href=\"http:\/\/1.bp.blogspot.com\/-EjxXMTrMnuU\/Uan69iFluEI\/AAAAAAAAAHc\/ZS5wVcaQs0U\/s1600\/bizcocho18.JPG\" imageanchor=\"1\" style=\"margin-left: 1em; margin-right: 1em; text-align: center;\"><img decoding=\"async\" loading=\"lazy\" border=\"0\" src=\"https:\/\/elcalaixetdelaiaia.es\/wp-content\/uploads\/2013\/06\/bizcocho18.jpg\" height=\"213\" width=\"320\" \/><\/a><\/p>\n<p>Parece mentira, la peque\u00f1a cantidad que me regalaron de masa madre,  los pocos ingredientes a\u00f1adidos durante \u00e9stos nueve d\u00edas, y los cuidados realizados&#8230;. como han hecho crecer la masa, al ir fermentando lentamente.<\/p>\n<div>\n<br \/>\n<a href=\"http:\/\/1.bp.blogspot.com\/-a8XW7OQc71k\/Uan69tQC7jI\/AAAAAAAAAHU\/R1TL578ej3c\/s1600\/bizcocho19.JPG\" imageanchor=\"1\" style=\"margin-left: 1em; margin-right: 1em; text-align: center;\"><img decoding=\"async\" loading=\"lazy\" border=\"0\" src=\"https:\/\/elcalaixetdelaiaia.es\/wp-content\/uploads\/2013\/06\/bizcocho19.jpg\" height=\"213\" width=\"320\" \/><\/a><\/div>\n<div>\n<br \/>\nReparto las tres porciones que regalar\u00e9 a tres personas MUY queridas por mi&#8230;.<\/p>\n<p><a href=\"http:\/\/2.bp.blogspot.com\/-AIqUEs1N_0o\/Uan69sBXOPI\/AAAAAAAAAHQ\/k48wdnxGR3o\/s1600\/bizcocho20.JPG\" imageanchor=\"1\" style=\"margin-left: 1em; margin-right: 1em; text-align: center;\"><img decoding=\"async\" loading=\"lazy\" border=\"0\" src=\"https:\/\/elcalaixetdelaiaia.es\/wp-content\/uploads\/2013\/06\/bizcocho20.jpg\" height=\"213\" width=\"320\" \/><\/a><\/p>\n<p>Mientras caliento el horno a 150\u00ba  abajo y aire (si el vuestro no tiene aire pon\u00e9is arriba y abajo) con la rejilla a media altura, y con todo cari\u00f1o&#8230;voy preparando los botecitos, ya casi est\u00e1n listos para cerrar&#8230;.<\/p>\n<p><a href=\"http:\/\/3.bp.blogspot.com\/-pDNcW-IjyNU\/Uan6-fUpoWI\/AAAAAAAAAHk\/Gf7XWV-IpNs\/s1600\/bizcocho21.JPG\" imageanchor=\"1\" style=\"margin-left: 1em; margin-right: 1em; text-align: center;\"><img decoding=\"async\" loading=\"lazy\" border=\"0\" src=\"https:\/\/elcalaixetdelaiaia.es\/wp-content\/uploads\/2013\/06\/bizcocho21.jpg\" height=\"213\" width=\"320\" \/><\/a><\/div>\n<div>\n<\/div>\n<div>\n<\/div>\n<div>\n<br \/>\nEstos son los ingredientes que a\u00f1adir\u00e9:<\/p>\n<p>\u00b7         2 Vasos de harina<\/p>\n<p>\u00b7         1 Vaso de aceite de girasol<\/p>\n<p>\u00b7         1 Vaso de az\u00facar (en mi caso, yo no voy a poner, ya que la amiga que me regal\u00f3 la masa, me advirti\u00f3 que quedaba demasiado dulce y las cosas empalagosas no me gustan&#8230;ya os dir\u00e9 el resultado)<\/p>\n<p>\u00b7         1 Vaso de leche entera<\/p>\n<p>\u00b7         1 Vaso de frutos secos (nueces, pasas, almendras, etc.), un poco enharinados antes de incorporar a la mezcla para que no se nos vayan al fondo.<\/p>\n<p>\u00b7         1 Sobre de levadura<\/p>\n<p>\u00b7         2 Huevos enteros<\/p>\n<p>\u00b7         2 Manzanas en trocitos enharinados<\/p>\n<p>\u00b7         1 Pizca de sal<\/p>\n<p>\u00b7         1 cucharada sopera rasa de az\u00facar vainillado (con \u00e9ste az\u00facar y el que ya he ido poniendo d\u00edas anterior, pienso que ser\u00e1 suficiente),\u00f3 esencia de vainilla, \u00f3 ralladura de vaina de vainilla.<\/p>\n<p>\u00b7         1 Pizca de canela molida<\/p>\n<p>\u00b7         Todo el amor del mundo,con las mejores y  mas positivas vibraciones&#8230;.<\/p>\n<p>\n<a href=\"http:\/\/1.bp.blogspot.com\/-201uF1ktOUY\/Uan6-oBkByI\/AAAAAAAAAHo\/TxyrFBXY4eA\/s1600\/bizcocho22.JPG\" imageanchor=\"1\" style=\"margin-left: 1em; margin-right: 1em; text-align: center;\"><img decoding=\"async\" loading=\"lazy\" border=\"0\" src=\"https:\/\/elcalaixetdelaiaia.es\/wp-content\/uploads\/2013\/06\/bizcocho22.jpg\" height=\"213\" width=\"320\" \/><\/a><\/p>\n<p>Vuelco la masa al molde de bizcocho &#8230;.y listo para estar en el horno durante 50 minutos, pasados los cuales pinchar\u00e9 con un palito de madera y si sale limpio, apagar\u00e9 el horno&#8230;.hasta luego&#8230;. <\/p><\/div>\n","protected":false},"excerpt":{"rendered":"<p>Hola, como os dije en un principio, el paso a paso de \u00e9ste especial bizcocho lo ir\u00eda compartiendo en tiempo real y como lo prometido es deuda&#8230;all\u00e1 voy: Parece mentira, la peque\u00f1a cantidad que me regalaron de masa madre, los pocos ingredientes a\u00f1adidos durante \u00e9stos nueve d\u00edas, y los cuidados &hellip; <\/p>\n","protected":false},"author":2,"featured_media":14240,"comment_status":"open","ping_status":"open","sticky":false,"template":"","format":"standard","meta":[],"categories":[6,1],"tags":[],"_links":{"self":[{"href":"https:\/\/elcalaixetdelaiaia.es\/index.php?rest_route=\/wp\/v2\/posts\/1244"}],"collection":[{"href":"https:\/\/elcalaixetdelaiaia.es\/index.php?rest_route=\/wp\/v2\/posts"}],"about":[{"href":"https:\/\/elcalaixetdelaiaia.es\/index.php?rest_route=\/wp\/v2\/types\/post"}],"author":[{"embeddable":true,"href":"https:\/\/elcalaixetdelaiaia.es\/index.php?rest_route=\/wp\/v2\/users\/2"}],"replies":[{"embeddable":true,"href":"https:\/\/elcalaixetdelaiaia.es\/index.php?rest_route=%2Fwp%2Fv2%2Fcomments&post=1244"}],"version-history":[{"count":1,"href":"https:\/\/elcalaixetdelaiaia.es\/index.php?rest_route=\/wp\/v2\/posts\/1244\/revisions"}],"predecessor-version":[{"id":14245,"href":"https:\/\/elcalaixetdelaiaia.es\/index.php?rest_route=\/wp\/v2\/posts\/1244\/revisions\/14245"}],"wp:featuredmedia":[{"embeddable":true,"href":"https:\/\/elcalaixetdelaiaia.es\/index.php?rest_route=\/wp\/v2\/media\/14240"}],"wp:attachment":[{"href":"https:\/\/elcalaixetdelaiaia.es\/index.php?rest_route=%2Fwp%2Fv2%2Fmedia&parent=1244"}],"wp:term":[{"taxonomy":"category","embeddable":true,"href":"https:\/\/elcalaixetdelaiaia.es\/index.php?rest_route=%2Fwp%2Fv2%2Fcategories&post=1244"},{"taxonomy":"post_tag","embeddable":true,"href":"https:\/\/elcalaixetdelaiaia.es\/index.php?rest_route=%2Fwp%2Fv2%2Ftags&post=1244"}],"curies":[{"name":"wp","href":"https:\/\/api.w.org\/{rel}","templated":true}]}}